{"id":19522,"date":"2020-01-15T08:31:38","date_gmt":"2020-01-15T11:31:38","guid":{"rendered":"https:\/\/radiolifefm.com.br\/noticias\/?p=19522"},"modified":"2026-04-23T01:08:28","modified_gmt":"2026-04-23T04:08:28","slug":"e-banana-comendo-macaco-neste-pais-do-faz-de-conta-sergio-barbosa-opiniao","status":"publish","type":"post","link":"https:\/\/radiolifefm.com.br\/noticias\/e-banana-comendo-macaco-neste-pais-do-faz-de-conta-sergio-barbosa-opiniao\/","title":{"rendered":"\u201c\u00c9 BANANA COMENDO MACACO\u201d NESTE \u201cPA\u00cdS DO FAZ DE CONTA&#8230;\u201d &#8211; S\u00e9rgio Barbosa &#8211; Opini\u00e3o"},"content":{"rendered":"<div id=\"fb-root\"><\/div>\n<p><strong><em>\u201c\u00c9 BANANA COMENDO MACACO\u201d NESTE \u201cPA\u00cdS DO FAZ DE CONTA&#8230;\u201d<\/em><\/strong><\/p>\n<p><em>\u201cQuem fica sempre olhando, para saber o que vem depois, nunca age: assim deve ser o bom expectador\u201d. (Guy Debord)<\/em><\/p>\n<p><em>S\u00e9rgio Barbosa (*)<\/em><\/p>\n<p>N\u00e3o se pode mais ficar distante dos acontecimentos deste novo tempo, todavia, pode-se levar a discuss\u00e3o para um outro cen\u00e1rio, por\u00e9m, nada simples para o cidad\u00e3o que adota o senso comum frente ao cotidiano deste \u201cPa\u00eds do faz de conta&#8230;\u201d.<\/p>\n<p>O t\u00edtulo deste artigo, entre aspas, de autoria, como tantos outros, do famoso dicion\u00e1rio dos \u201cditos populares tupiniquins\u201d, assim, cada qual, entende do seu jeito, ainda, que a \u201ccarapu\u00e7a\u201d possa servir de uma forma gen\u00e9rica aos fregueses provincianos de sempre e leitores ass\u00edduos dos artigos em pauta deste ou daquele articulista de plant\u00e3o&#8230;<\/p>\n<p>Por meio de uma leitura menos desavisada sobre as diversas publica\u00e7\u00f5es veiculadas pela m\u00eddia luceliense, nada muda de foco, apenas, os autores ficam patinando na mesmice de sempre sobre temas afins aos interesses de cada lado, talvez, para uma tomada de posi\u00e7\u00e3o frente ao jogo do poder local, quando muito regional para uma tentativa de sair na frente dos concorrentes envolvidas nas migalhas espalhadas pelas sobras de um poder esvaziado pela mediocridade dos pol\u00edticos&#8230;<\/p>\n<p>Muitos andam perdidos em suas contradi\u00e7\u00f5es pessoais, acad\u00eamicas e profissionais, talvez, tentando se achar no meio de alguma monografia de gradua\u00e7\u00e3o ou disserta\u00e7\u00e3o de mestrado, outros, teimam em propor uma tese de doutorado, entretanto, nada anda sem a disposi\u00e7\u00e3o de um objetivo com metodologia com justificativa e at\u00e9 mesmo, uma ou mais hip\u00f3teses para um objetivo como proposta de produto de consumo pedag\u00f3gico&#8230;<\/p>\n<p>Refor\u00e7ando a m\u00e1xima acima, a saber: \u201c\u00e9 banana comendo macaco\u201d em terras tupiniquins, por\u00e9m, pode-se brincar com o \u201cfazer de conta\u201d e as muitas est\u00f3rias de um \u201cPa\u00eds do faz de conta\u201d , ainda, sem compromisso com o outro lado da hist\u00f3ria como pauta de uma m\u00eddia sem compromisso com a realidade&#8230;<\/p>\n<p>O \u201cmundo da carochinha\u201d existe de uma maneira ou de outra, basta uma leitura na m\u00eddia em n\u00edvel REGIOCAL, ou seja, do REGIONAL PARA O LOCAL para uma reflex\u00e3o sem mais e com muito menos dos fatos do PRESENTE sem compromisso com o PASSADO e sem perspectiva para o FUTURO&#8230;<\/p>\n<p>Portanto, tudo fica no \u201cdito pelo n\u00e3o dito\u201d para leitores e leitoras em meio aos desencontros patrocinados pelo PODER que busca o PODER com o PODER&#8230;<\/p>\n<p>Muito se comenta sobre ser ou n\u00e3o ser jornalista para escrever sobre temas afins aos interesses da comunidade, por\u00e9m, a forma\u00e7\u00e3o acad\u00eamica \u00e9 mais do que necess\u00e1ria neste caso em especial, bem como, para outras \u00e1reas afins aos interesses da sociedade tupiniquim&#8230;<\/p>\n<p>A cr\u00edtica deve se pautada pela reflex\u00e3o te\u00f3rica sobre a \u201cpr\u00e1xis\u201d do contexto plural do momento em foco, determinando as condi\u00e7\u00f5es necess\u00e1rias para a dial\u00e9tica do conhecimento e do saber humano frente ao mercado mundial das trocas nada simb\u00f3licas do poder institucionalizado pelo homem e seu tempo do tempo&#8230;<\/p>\n<p>Finalizando, pode-se afirmar que todos\/as de um jeito ou de outro, desejam que a BANANA coma o MACACO, talvez, o contr\u00e1rio, vai saber&#8230;<\/p>\n<div class='flex flex-wrap items-center -mx-1'>\r\n<a class='thumbnail gallery p-1 w-1\/2 md:w-1\/4' href='https:\/\/radiolifefm.com.br\/noticias\/wp-content\/uploads\/2020\/01\/SEBAR-1-1.jpg'><img class='border border-white' src='https:\/\/radiolifefm.com.br\/noticias\/wp-content\/uploads\/2020\/01\/SEBAR-1-1-200x200.jpg' alt='SEBAR   1' \/><\/a><a class='thumbnail gallery p-1 w-1\/2 md:w-1\/4' href='https:\/\/radiolifefm.com.br\/noticias\/wp-content\/uploads\/2020\/01\/SEBAR-2-1.jpg'><img class='border border-white' src='https:\/\/radiolifefm.com.br\/noticias\/wp-content\/uploads\/2020\/01\/SEBAR-2-1-200x200.jpg' alt='SEBAR   2' \/><\/a><a class='thumbnail gallery p-1 w-1\/2 md:w-1\/4' href='https:\/\/radiolifefm.com.br\/noticias\/wp-content\/uploads\/2020\/01\/SEBAR-3-1.jpg'><img class='border border-white' src='https:\/\/radiolifefm.com.br\/noticias\/wp-content\/uploads\/2020\/01\/SEBAR-3-1-200x200.jpg' alt='SEBAR   3' \/><\/a><a class='thumbnail gallery p-1 w-1\/2 md:w-1\/4' href='https:\/\/radiolifefm.com.br\/noticias\/wp-content\/uploads\/2020\/01\/SEBAR-4.jpg'><img class='border border-white' src='https:\/\/radiolifefm.com.br\/noticias\/wp-content\/uploads\/2020\/01\/SEBAR-4-200x200.jpg' alt='SEBAR   4' \/><\/a><\/div>\n<p>____________________________<br \/>\n(*) Jornalista Diplomado e Professor Universit\u00e1rio.<\/p>\n","protected":false},"excerpt":{"rendered":"<p>\u201c\u00c9 BANANA COMENDO MACACO\u201d NESTE \u201cPA\u00cdS DO FAZ DE CONTA&#8230;\u201d \u201cQuem fica sempre olhando, para saber o que vem depois, nunca age: assim deve ser o bom expectador\u201d. (Guy Debord) S\u00e9rgio Barbosa (*) N\u00e3o se pode mais ficar distante dos acontecimentos deste novo tempo, todavia, pode-se levar a discuss\u00e3o para um outro cen\u00e1rio, por\u00e9m, nada [&hellip;]<\/p>\n","protected":false},"author":3,"featured_media":19523,"comment_status":"closed","ping_status":"open","sticky":false,"template":"","format":"standard","meta":{"_acf_changed":false,"_exactmetrics_skip_tracking":false,"_exactmetrics_sitenote_active":false,"_exactmetrics_sitenote_note":"","_exactmetrics_sitenote_category":0,"footnotes":""},"categories":[59],"tags":[],"class_list":["post-19522","post","type-post","status-publish","format-standard","has-post-thumbnail","hentry","category-opiniao"],"acf":[],"yoast_head":"<!-- This site is optimized with the Yoast SEO plugin v27.2 - https:\/\/yoast.com\/product\/yoast-seo-wordpress\/ -->\n<title>\u201c\u00c9 BANANA COMENDO MACACO\u201d NESTE \u201cPA\u00cdS DO FAZ DE CONTA...\u201d - S\u00e9rgio Barbosa - Opini\u00e3o - R\u00e1dio Life FM<\/title>\n<meta name=\"robots\" content=\"index, follow, max-snippet:-1, max-image-preview:large, max-video-preview:-1\" \/>\n<link rel=\"canonical\" href=\"https:\/\/radiolifefm.com.br\/noticias\/e-banana-comendo-macaco-neste-pais-do-faz-de-conta-sergio-barbosa-opiniao\/\" \/>\n<meta property=\"og:locale\" content=\"pt_BR\" \/>\n<meta property=\"og:type\" content=\"article\" \/>\n<meta property=\"og:title\" content=\"\u201c\u00c9 BANANA COMENDO MACACO\u201d NESTE \u201cPA\u00cdS DO FAZ DE CONTA...\u201d - S\u00e9rgio Barbosa - Opini\u00e3o - R\u00e1dio Life FM\" \/>\n<meta property=\"og:description\" content=\"\u201c\u00c9 BANANA COMENDO MACACO\u201d NESTE \u201cPA\u00cdS DO FAZ DE CONTA&#8230;\u201d \u201cQuem fica sempre olhando, para saber o que vem depois, nunca age: assim deve ser o bom expectador\u201d. (Guy Debord) S\u00e9rgio Barbosa (*) N\u00e3o se pode mais ficar distante dos acontecimentos deste novo tempo, todavia, pode-se levar a discuss\u00e3o para um outro cen\u00e1rio, por\u00e9m, nada [&hellip;]\" \/>\n<meta property=\"og:url\" content=\"https:\/\/radiolifefm.com.br\/noticias\/e-banana-comendo-macaco-neste-pais-do-faz-de-conta-sergio-barbosa-opiniao\/\" \/>\n<meta property=\"og:site_name\" content=\"R\u00e1dio Life FM\" \/>\n<meta property=\"article:publisher\" content=\"https:\/\/www.facebook.com\/radiolifefm\/\" \/>\n<meta property=\"article:published_time\" content=\"2020-01-15T11:31:38+00:00\" \/>\n<meta property=\"article:modified_time\" content=\"2026-04-23T04:08:28+00:00\" \/>\n<meta property=\"og:image\" content=\"https:\/\/radiolifefm.com.br\/noticias\/wp-content\/uploads\/2020\/01\/SEBAR-3.jpg\" \/>\n\t<meta property=\"og:image:width\" content=\"1024\" \/>\n\t<meta property=\"og:image:height\" content=\"768\" \/>\n\t<meta property=\"og:image:type\" content=\"image\/jpeg\" \/>\n<meta name=\"author\" content=\"lifefm\" \/>\n<meta name=\"twitter:card\" content=\"summary_large_image\" \/>\n<meta name=\"twitter:label1\" content=\"Escrito por\" \/>\n\t<meta name=\"twitter:data1\" content=\"lifefm\" \/>\n\t<meta name=\"twitter:label2\" content=\"Est. tempo de leitura\" \/>\n\t<meta name=\"twitter:data2\" content=\"3 minutos\" \/>\n<script type=\"application\/ld+json\" class=\"yoast-schema-graph\">{\"@context\":\"https:\/\/schema.org\",\"@graph\":[{\"@type\":\"Article\",\"@id\":\"https:\/\/radiolifefm.com.br\/noticias\/e-banana-comendo-macaco-neste-pais-do-faz-de-conta-sergio-barbosa-opiniao\/#article\",\"isPartOf\":{\"@id\":\"https:\/\/radiolifefm.com.br\/noticias\/e-banana-comendo-macaco-neste-pais-do-faz-de-conta-sergio-barbosa-opiniao\/\"},\"author\":{\"name\":\"lifefm\",\"@id\":\"https:\/\/radiolifefm.com.br\/noticias\/#\/schema\/person\/1d4e4b1301322090c6221bf1c8420490\"},\"headline\":\"\u201c\u00c9 BANANA COMENDO MACACO\u201d NESTE \u201cPA\u00cdS DO FAZ DE CONTA&#8230;\u201d &#8211; S\u00e9rgio Barbosa &#8211; Opini\u00e3o\",\"datePublished\":\"2020-01-15T11:31:38+00:00\",\"dateModified\":\"2026-04-23T04:08:28+00:00\",\"mainEntityOfPage\":{\"@id\":\"https:\/\/radiolifefm.com.br\/noticias\/e-banana-comendo-macaco-neste-pais-do-faz-de-conta-sergio-barbosa-opiniao\/\"},\"wordCount\":576,\"publisher\":{\"@id\":\"https:\/\/radiolifefm.com.br\/noticias\/#organization\"},\"image\":{\"@id\":\"https:\/\/radiolifefm.com.br\/noticias\/e-banana-comendo-macaco-neste-pais-do-faz-de-conta-sergio-barbosa-opiniao\/#primaryimage\"},\"thumbnailUrl\":\"https:\/\/radiolifefm.com.br\/noticias\/wp-content\/uploads\/2020\/01\/SEBAR-3.jpg\",\"articleSection\":[\"Opini\u00e3o\"],\"inLanguage\":\"pt-BR\"},{\"@type\":\"WebPage\",\"@id\":\"https:\/\/radiolifefm.com.br\/noticias\/e-banana-comendo-macaco-neste-pais-do-faz-de-conta-sergio-barbosa-opiniao\/\",\"url\":\"https:\/\/radiolifefm.com.br\/noticias\/e-banana-comendo-macaco-neste-pais-do-faz-de-conta-sergio-barbosa-opiniao\/\",\"name\":\"\u201c\u00c9 BANANA COMENDO MACACO\u201d NESTE \u201cPA\u00cdS DO FAZ DE CONTA...\u201d - S\u00e9rgio Barbosa - Opini\u00e3o - R\u00e1dio Life FM\",\"isPartOf\":{\"@id\":\"https:\/\/radiolifefm.com.br\/noticias\/#website\"},\"primaryImageOfPage\":{\"@id\":\"https:\/\/radiolifefm.com.br\/noticias\/e-banana-comendo-macaco-neste-pais-do-faz-de-conta-sergio-barbosa-opiniao\/#primaryimage\"},\"image\":{\"@id\":\"https:\/\/radiolifefm.com.br\/noticias\/e-banana-comendo-macaco-neste-pais-do-faz-de-conta-sergio-barbosa-opiniao\/#primaryimage\"},\"thumbnailUrl\":\"https:\/\/radiolifefm.com.br\/noticias\/wp-content\/uploads\/2020\/01\/SEBAR-3.jpg\",\"datePublished\":\"2020-01-15T11:31:38+00:00\",\"dateModified\":\"2026-04-23T04:08:28+00:00\",\"breadcrumb\":{\"@id\":\"https:\/\/radiolifefm.com.br\/noticias\/e-banana-comendo-macaco-neste-pais-do-faz-de-conta-sergio-barbosa-opiniao\/#breadcrumb\"},\"inLanguage\":\"pt-BR\",\"potentialAction\":[{\"@type\":\"ReadAction\",\"target\":[\"https:\/\/radiolifefm.com.br\/noticias\/e-banana-comendo-macaco-neste-pais-do-faz-de-conta-sergio-barbosa-opiniao\/\"]}]},{\"@type\":\"ImageObject\",\"inLanguage\":\"pt-BR\",\"@id\":\"https:\/\/radiolifefm.com.br\/noticias\/e-banana-comendo-macaco-neste-pais-do-faz-de-conta-sergio-barbosa-opiniao\/#primaryimage\",\"url\":\"https:\/\/radiolifefm.com.br\/noticias\/wp-content\/uploads\/2020\/01\/SEBAR-3.jpg\",\"contentUrl\":\"https:\/\/radiolifefm.com.br\/noticias\/wp-content\/uploads\/2020\/01\/SEBAR-3.jpg\",\"width\":1024,\"height\":768},{\"@type\":\"BreadcrumbList\",\"@id\":\"https:\/\/radiolifefm.com.br\/noticias\/e-banana-comendo-macaco-neste-pais-do-faz-de-conta-sergio-barbosa-opiniao\/#breadcrumb\",\"itemListElement\":[{\"@type\":\"ListItem\",\"position\":1,\"name\":\"In\u00edcio\",\"item\":\"https:\/\/radiolifefm.com.br\/noticias\/\"},{\"@type\":\"ListItem\",\"position\":2,\"name\":\"\u201c\u00c9 BANANA COMENDO MACACO\u201d NESTE \u201cPA\u00cdS DO FAZ DE CONTA&#8230;\u201d &#8211; S\u00e9rgio Barbosa &#8211; Opini\u00e3o\"}]},{\"@type\":\"WebSite\",\"@id\":\"https:\/\/radiolifefm.com.br\/noticias\/#website\",\"url\":\"https:\/\/radiolifefm.com.br\/noticias\/\",\"name\":\"R\u00e1dio Life FM\",\"description\":\"O Portal de Not\u00edcias de Adamantina\",\"publisher\":{\"@id\":\"https:\/\/radiolifefm.com.br\/noticias\/#organization\"},\"alternateName\":\"Life FM\",\"potentialAction\":[{\"@type\":\"SearchAction\",\"target\":{\"@type\":\"EntryPoint\",\"urlTemplate\":\"https:\/\/radiolifefm.com.br\/noticias\/?s={search_term_string}\"},\"query-input\":{\"@type\":\"PropertyValueSpecification\",\"valueRequired\":true,\"valueName\":\"search_term_string\"}}],\"inLanguage\":\"pt-BR\"},{\"@type\":\"Organization\",\"@id\":\"https:\/\/radiolifefm.com.br\/noticias\/#organization\",\"name\":\"R\u00e1dio Life FM\",\"alternateName\":\"Life FM\",\"url\":\"https:\/\/radiolifefm.com.br\/noticias\/\",\"logo\":{\"@type\":\"ImageObject\",\"inLanguage\":\"pt-BR\",\"@id\":\"https:\/\/radiolifefm.com.br\/noticias\/#\/schema\/logo\/image\/\",\"url\":\"https:\/\/static.radiolifefm.com.br\/noticias\/wp-content\/uploads\/2019\/10\/logo-lifefm.png\",\"contentUrl\":\"https:\/\/static.radiolifefm.com.br\/noticias\/wp-content\/uploads\/2019\/10\/logo-lifefm.png\",\"width\":196,\"height\":47,\"caption\":\"R\u00e1dio Life FM\"},\"image\":{\"@id\":\"https:\/\/radiolifefm.com.br\/noticias\/#\/schema\/logo\/image\/\"},\"sameAs\":[\"https:\/\/www.facebook.com\/radiolifefm\/\",\"https:\/\/www.instagram.com\/life1079fm\/\"]},{\"@type\":\"Person\",\"@id\":\"https:\/\/radiolifefm.com.br\/noticias\/#\/schema\/person\/1d4e4b1301322090c6221bf1c8420490\",\"name\":\"lifefm\",\"image\":{\"@type\":\"ImageObject\",\"inLanguage\":\"pt-BR\",\"@id\":\"https:\/\/secure.gravatar.com\/avatar\/eca268467d925ec97d20641bb054fd944c0abb2f92854171620706bbe6474e7c?s=96&d=mm&r=g\",\"url\":\"https:\/\/secure.gravatar.com\/avatar\/eca268467d925ec97d20641bb054fd944c0abb2f92854171620706bbe6474e7c?s=96&d=mm&r=g\",\"contentUrl\":\"https:\/\/secure.gravatar.com\/avatar\/eca268467d925ec97d20641bb054fd944c0abb2f92854171620706bbe6474e7c?s=96&d=mm&r=g\",\"caption\":\"lifefm\"}}]}<\/script>\n<!-- \/ Yoast SEO plugin. -->","yoast_head_json":{"title":"\u201c\u00c9 BANANA COMENDO MACACO\u201d NESTE \u201cPA\u00cdS DO FAZ DE CONTA...\u201d - S\u00e9rgio Barbosa - Opini\u00e3o - R\u00e1dio Life FM","robots":{"index":"index","follow":"follow","max-snippet":"max-snippet:-1","max-image-preview":"max-image-preview:large","max-video-preview":"max-video-preview:-1"},"canonical":"https:\/\/radiolifefm.com.br\/noticias\/e-banana-comendo-macaco-neste-pais-do-faz-de-conta-sergio-barbosa-opiniao\/","og_locale":"pt_BR","og_type":"article","og_title":"\u201c\u00c9 BANANA COMENDO MACACO\u201d NESTE \u201cPA\u00cdS DO FAZ DE CONTA...\u201d - S\u00e9rgio Barbosa - Opini\u00e3o - R\u00e1dio Life FM","og_description":"\u201c\u00c9 BANANA COMENDO MACACO\u201d NESTE \u201cPA\u00cdS DO FAZ DE CONTA&#8230;\u201d \u201cQuem fica sempre olhando, para saber o que vem depois, nunca age: assim deve ser o bom expectador\u201d. (Guy Debord) S\u00e9rgio Barbosa (*) N\u00e3o se pode mais ficar distante dos acontecimentos deste novo tempo, todavia, pode-se levar a discuss\u00e3o para um outro cen\u00e1rio, por\u00e9m, nada [&hellip;]","og_url":"https:\/\/radiolifefm.com.br\/noticias\/e-banana-comendo-macaco-neste-pais-do-faz-de-conta-sergio-barbosa-opiniao\/","og_site_name":"R\u00e1dio Life FM","article_publisher":"https:\/\/www.facebook.com\/radiolifefm\/","article_published_time":"2020-01-15T11:31:38+00:00","article_modified_time":"2026-04-23T04:08:28+00:00","og_image":[{"width":1024,"height":768,"url":"https:\/\/radiolifefm.com.br\/noticias\/wp-content\/uploads\/2020\/01\/SEBAR-3.jpg","type":"image\/jpeg"}],"author":"lifefm","twitter_card":"summary_large_image","twitter_misc":{"Escrito por":"lifefm","Est. tempo de leitura":"3 minutos"},"schema":{"@context":"https:\/\/schema.org","@graph":[{"@type":"Article","@id":"https:\/\/radiolifefm.com.br\/noticias\/e-banana-comendo-macaco-neste-pais-do-faz-de-conta-sergio-barbosa-opiniao\/#article","isPartOf":{"@id":"https:\/\/radiolifefm.com.br\/noticias\/e-banana-comendo-macaco-neste-pais-do-faz-de-conta-sergio-barbosa-opiniao\/"},"author":{"name":"lifefm","@id":"https:\/\/radiolifefm.com.br\/noticias\/#\/schema\/person\/1d4e4b1301322090c6221bf1c8420490"},"headline":"\u201c\u00c9 BANANA COMENDO MACACO\u201d NESTE \u201cPA\u00cdS DO FAZ DE CONTA&#8230;\u201d &#8211; S\u00e9rgio Barbosa &#8211; Opini\u00e3o","datePublished":"2020-01-15T11:31:38+00:00","dateModified":"2026-04-23T04:08:28+00:00","mainEntityOfPage":{"@id":"https:\/\/radiolifefm.com.br\/noticias\/e-banana-comendo-macaco-neste-pais-do-faz-de-conta-sergio-barbosa-opiniao\/"},"wordCount":576,"publisher":{"@id":"https:\/\/radiolifefm.com.br\/noticias\/#organization"},"image":{"@id":"https:\/\/radiolifefm.com.br\/noticias\/e-banana-comendo-macaco-neste-pais-do-faz-de-conta-sergio-barbosa-opiniao\/#primaryimage"},"thumbnailUrl":"https:\/\/radiolifefm.com.br\/noticias\/wp-content\/uploads\/2020\/01\/SEBAR-3.jpg","articleSection":["Opini\u00e3o"],"inLanguage":"pt-BR"},{"@type":"WebPage","@id":"https:\/\/radiolifefm.com.br\/noticias\/e-banana-comendo-macaco-neste-pais-do-faz-de-conta-sergio-barbosa-opiniao\/","url":"https:\/\/radiolifefm.com.br\/noticias\/e-banana-comendo-macaco-neste-pais-do-faz-de-conta-sergio-barbosa-opiniao\/","name":"\u201c\u00c9 BANANA COMENDO MACACO\u201d NESTE \u201cPA\u00cdS DO FAZ DE CONTA...\u201d - S\u00e9rgio Barbosa - Opini\u00e3o - R\u00e1dio Life FM","isPartOf":{"@id":"https:\/\/radiolifefm.com.br\/noticias\/#website"},"primaryImageOfPage":{"@id":"https:\/\/radiolifefm.com.br\/noticias\/e-banana-comendo-macaco-neste-pais-do-faz-de-conta-sergio-barbosa-opiniao\/#primaryimage"},"image":{"@id":"https:\/\/radiolifefm.com.br\/noticias\/e-banana-comendo-macaco-neste-pais-do-faz-de-conta-sergio-barbosa-opiniao\/#primaryimage"},"thumbnailUrl":"https:\/\/radiolifefm.com.br\/noticias\/wp-content\/uploads\/2020\/01\/SEBAR-3.jpg","datePublished":"2020-01-15T11:31:38+00:00","dateModified":"2026-04-23T04:08:28+00:00","breadcrumb":{"@id":"https:\/\/radiolifefm.com.br\/noticias\/e-banana-comendo-macaco-neste-pais-do-faz-de-conta-sergio-barbosa-opiniao\/#breadcrumb"},"inLanguage":"pt-BR","potentialAction":[{"@type":"ReadAction","target":["https:\/\/radiolifefm.com.br\/noticias\/e-banana-comendo-macaco-neste-pais-do-faz-de-conta-sergio-barbosa-opiniao\/"]}]},{"@type":"ImageObject","inLanguage":"pt-BR","@id":"https:\/\/radiolifefm.com.br\/noticias\/e-banana-comendo-macaco-neste-pais-do-faz-de-conta-sergio-barbosa-opiniao\/#primaryimage","url":"https:\/\/radiolifefm.com.br\/noticias\/wp-content\/uploads\/2020\/01\/SEBAR-3.jpg","contentUrl":"https:\/\/radiolifefm.com.br\/noticias\/wp-content\/uploads\/2020\/01\/SEBAR-3.jpg","width":1024,"height":768},{"@type":"BreadcrumbList","@id":"https:\/\/radiolifefm.com.br\/noticias\/e-banana-comendo-macaco-neste-pais-do-faz-de-conta-sergio-barbosa-opiniao\/#breadcrumb","itemListElement":[{"@type":"ListItem","position":1,"name":"In\u00edcio","item":"https:\/\/radiolifefm.com.br\/noticias\/"},{"@type":"ListItem","position":2,"name":"\u201c\u00c9 BANANA COMENDO MACACO\u201d NESTE \u201cPA\u00cdS DO FAZ DE CONTA&#8230;\u201d &#8211; S\u00e9rgio Barbosa &#8211; Opini\u00e3o"}]},{"@type":"WebSite","@id":"https:\/\/radiolifefm.com.br\/noticias\/#website","url":"https:\/\/radiolifefm.com.br\/noticias\/","name":"R\u00e1dio Life FM","description":"O Portal de Not\u00edcias de Adamantina","publisher":{"@id":"https:\/\/radiolifefm.com.br\/noticias\/#organization"},"alternateName":"Life FM","potentialAction":[{"@type":"SearchAction","target":{"@type":"EntryPoint","urlTemplate":"https:\/\/radiolifefm.com.br\/noticias\/?s={search_term_string}"},"query-input":{"@type":"PropertyValueSpecification","valueRequired":true,"valueName":"search_term_string"}}],"inLanguage":"pt-BR"},{"@type":"Organization","@id":"https:\/\/radiolifefm.com.br\/noticias\/#organization","name":"R\u00e1dio Life FM","alternateName":"Life FM","url":"https:\/\/radiolifefm.com.br\/noticias\/","logo":{"@type":"ImageObject","inLanguage":"pt-BR","@id":"https:\/\/radiolifefm.com.br\/noticias\/#\/schema\/logo\/image\/","url":"https:\/\/static.radiolifefm.com.br\/noticias\/wp-content\/uploads\/2019\/10\/logo-lifefm.png","contentUrl":"https:\/\/static.radiolifefm.com.br\/noticias\/wp-content\/uploads\/2019\/10\/logo-lifefm.png","width":196,"height":47,"caption":"R\u00e1dio Life FM"},"image":{"@id":"https:\/\/radiolifefm.com.br\/noticias\/#\/schema\/logo\/image\/"},"sameAs":["https:\/\/www.facebook.com\/radiolifefm\/","https:\/\/www.instagram.com\/life1079fm\/"]},{"@type":"Person","@id":"https:\/\/radiolifefm.com.br\/noticias\/#\/schema\/person\/1d4e4b1301322090c6221bf1c8420490","name":"lifefm","image":{"@type":"ImageObject","inLanguage":"pt-BR","@id":"https:\/\/secure.gravatar.com\/avatar\/eca268467d925ec97d20641bb054fd944c0abb2f92854171620706bbe6474e7c?s=96&d=mm&r=g","url":"https:\/\/secure.gravatar.com\/avatar\/eca268467d925ec97d20641bb054fd944c0abb2f92854171620706bbe6474e7c?s=96&d=mm&r=g","contentUrl":"https:\/\/secure.gravatar.com\/avatar\/eca268467d925ec97d20641bb054fd944c0abb2f92854171620706bbe6474e7c?s=96&d=mm&r=g","caption":"lifefm"}}]}},"amp_enabled":true,"_links":{"self":[{"href":"https:\/\/radiolifefm.com.br\/noticias\/wp-json\/wp\/v2\/posts\/19522","targetHints":{"allow":["GET"]}}],"collection":[{"href":"https:\/\/radiolifefm.com.br\/noticias\/wp-json\/wp\/v2\/posts"}],"about":[{"href":"https:\/\/radiolifefm.com.br\/noticias\/wp-json\/wp\/v2\/types\/post"}],"author":[{"embeddable":true,"href":"https:\/\/radiolifefm.com.br\/noticias\/wp-json\/wp\/v2\/users\/3"}],"replies":[{"embeddable":true,"href":"https:\/\/radiolifefm.com.br\/noticias\/wp-json\/wp\/v2\/comments?post=19522"}],"version-history":[{"count":1,"href":"https:\/\/radiolifefm.com.br\/noticias\/wp-json\/wp\/v2\/posts\/19522\/revisions"}],"predecessor-version":[{"id":19528,"href":"https:\/\/radiolifefm.com.br\/noticias\/wp-json\/wp\/v2\/posts\/19522\/revisions\/19528"}],"wp:featuredmedia":[{"embeddable":true,"href":"https:\/\/radiolifefm.com.br\/noticias\/wp-json\/wp\/v2\/media\/19523"}],"wp:attachment":[{"href":"https:\/\/radiolifefm.com.br\/noticias\/wp-json\/wp\/v2\/media?parent=19522"}],"wp:term":[{"taxonomy":"category","embeddable":true,"href":"https:\/\/radiolifefm.com.br\/noticias\/wp-json\/wp\/v2\/categories?post=19522"},{"taxonomy":"post_tag","embeddable":true,"href":"https:\/\/radiolifefm.com.br\/noticias\/wp-json\/wp\/v2\/tags?post=19522"}],"curies":[{"name":"wp","href":"https:\/\/api.w.org\/{rel}","templated":true}]}}