{"id":19504,"date":"2020-01-14T09:38:36","date_gmt":"2020-01-14T12:38:36","guid":{"rendered":"https:\/\/radiolifefm.com.br\/noticias\/?p=19504"},"modified":"2026-04-13T01:38:03","modified_gmt":"2026-04-13T04:38:03","slug":"motociclista-ferido-por-linha-cortante-em-panorama-passa-por-cirurgia-e-segue-internado-na-uti-em-dracena","status":"publish","type":"post","link":"https:\/\/radiolifefm.com.br\/noticias\/motociclista-ferido-por-linha-cortante-em-panorama-passa-por-cirurgia-e-segue-internado-na-uti-em-dracena\/","title":{"rendered":"Motociclista ferido por linha cortante em Panorama passa por cirurgia e segue internado na UTI em Dracena"},"content":{"rendered":"<div id=\"fb-root\"><\/div>\n<p><em>A m\u00e9dica Aline Damasceno falou sobre o estado de sa\u00fade do homem ao Portal Regional<\/em><\/p>\n<p>O motociclista, morador de Panorama, que ficou gravemente ferido na tarde de domingo, ap\u00f3s sofrer um corte profundo no pesco\u00e7o, ao ser atingido por uma linha cortante, segue hospitalizado na UTI da Santa Casa de Dracena.<\/p>\n<p>Segundo a m\u00e9dica Aline Damasceno, que atendeu o homem, a doutora informou que o paciente segue na UTI e est\u00e1 bem, consciente e orientado.<\/p>\n<p>Segundo ela, o motociclista passou por cirurgia, devido ao rompimento de dois vasos no pesco\u00e7o. \u201cEle n\u00e3o teve nenhuma les\u00e3o profunda\u201d, disse a m\u00e9dica.<\/p>\n<p>O cerol \u00e9 uma mistura criminosa de cola de madeira com vidro mo\u00eddo que passam na linha dos papagaios e pipas para cortar a linha das pipas.<\/p>\n<p><strong>POL\u00cdCIA CIVIL<\/strong><br \/>\nO acidente ocorreu no Bairro Gin\u00e1sio, quando o motociclista passava por uma rua no final da tarde de domingo e foi atingido, sendo socorrido ao Pronto Socorro de Panorama e depois encaminhado \u00e0 Santa Casa de Dracena.<\/p>\n<p>No local onde houve o acidente, o delegado de pol\u00edcia, Alessandro Baroni informou que crian\u00e7as e adolescentes, soltavam pipas e n\u00e3o se sabe se o material usado era cerol ou linha chinesa.<\/p>\n<p>A Pol\u00edcia Civil aprendeu linhas no local que ser\u00e3o periciadas. O caso ser\u00e1 apurado e foi registrado como les\u00e3o corporal. Ningu\u00e9m foi preso.<\/p>\n<p>&nbsp;<\/p>\n<p>Portal Regional<\/p>\n","protected":false},"excerpt":{"rendered":"<p>A m\u00e9dica Aline Damasceno falou sobre o estado de sa\u00fade do homem ao Portal Regional O motociclista, morador de Panorama, que ficou gravemente ferido na tarde de domingo, ap\u00f3s sofrer um corte profundo no pesco\u00e7o, ao ser atingido por uma linha cortante, segue hospitalizado na UTI da Santa Casa de Dracena. Segundo a m\u00e9dica Aline [&hellip;]<\/p>\n","protected":false},"author":3,"featured_media":19505,"comment_status":"closed","ping_status":"open","sticky":false,"template":"","format":"standard","meta":{"_acf_changed":false,"_exactmetrics_skip_tracking":false,"_exactmetrics_sitenote_active":false,"_exactmetrics_sitenote_note":"","_exactmetrics_sitenote_category":0,"footnotes":""},"categories":[24],"tags":[],"class_list":["post-19504","post","type-post","status-publish","format-standard","has-post-thumbnail","hentry","category-regiao"],"acf":[],"yoast_head":"<!-- This site is optimized with the Yoast SEO plugin v27.2 - https:\/\/yoast.com\/product\/yoast-seo-wordpress\/ -->\n<title>Motociclista ferido por linha cortante em Panorama passa por cirurgia e segue internado na UTI em Dracena - R\u00e1dio Life FM<\/title>\n<meta name=\"robots\" content=\"index, follow, max-snippet:-1, max-image-preview:large, max-video-preview:-1\" \/>\n<link rel=\"canonical\" href=\"https:\/\/radiolifefm.com.br\/noticias\/motociclista-ferido-por-linha-cortante-em-panorama-passa-por-cirurgia-e-segue-internado-na-uti-em-dracena\/\" \/>\n<meta property=\"og:locale\" content=\"pt_BR\" \/>\n<meta property=\"og:type\" content=\"article\" \/>\n<meta property=\"og:title\" content=\"Motociclista ferido por linha cortante em Panorama passa por cirurgia e segue internado na UTI em Dracena - R\u00e1dio Life FM\" \/>\n<meta property=\"og:description\" content=\"A m\u00e9dica Aline Damasceno falou sobre o estado de sa\u00fade do homem ao Portal Regional O motociclista, morador de Panorama, que ficou gravemente ferido na tarde de domingo, ap\u00f3s sofrer um corte profundo no pesco\u00e7o, ao ser atingido por uma linha cortante, segue hospitalizado na UTI da Santa Casa de Dracena. Segundo a m\u00e9dica Aline [&hellip;]\" \/>\n<meta property=\"og:url\" content=\"https:\/\/radiolifefm.com.br\/noticias\/motociclista-ferido-por-linha-cortante-em-panorama-passa-por-cirurgia-e-segue-internado-na-uti-em-dracena\/\" \/>\n<meta property=\"og:site_name\" content=\"R\u00e1dio Life FM\" \/>\n<meta property=\"article:publisher\" content=\"https:\/\/www.facebook.com\/radiolifefm\/\" \/>\n<meta property=\"article:published_time\" content=\"2020-01-14T12:38:36+00:00\" \/>\n<meta property=\"article:modified_time\" content=\"2026-04-13T04:38:03+00:00\" \/>\n<meta property=\"og:image\" content=\"https:\/\/radiolifefm.com.br\/noticias\/wp-content\/uploads\/2020\/01\/Motociclista-ferido-com-cerol.jpg\" \/>\n\t<meta property=\"og:image:width\" content=\"350\" \/>\n\t<meta property=\"og:image:height\" content=\"200\" \/>\n\t<meta property=\"og:image:type\" content=\"image\/jpeg\" \/>\n<meta name=\"author\" content=\"lifefm\" \/>\n<meta name=\"twitter:card\" content=\"summary_large_image\" \/>\n<meta name=\"twitter:label1\" content=\"Escrito por\" \/>\n\t<meta name=\"twitter:data1\" content=\"lifefm\" \/>\n\t<meta name=\"twitter:label2\" content=\"Est. tempo de leitura\" \/>\n\t<meta name=\"twitter:data2\" content=\"1 minuto\" \/>\n<script type=\"application\/ld+json\" class=\"yoast-schema-graph\">{\"@context\":\"https:\/\/schema.org\",\"@graph\":[{\"@type\":\"Article\",\"@id\":\"https:\/\/radiolifefm.com.br\/noticias\/motociclista-ferido-por-linha-cortante-em-panorama-passa-por-cirurgia-e-segue-internado-na-uti-em-dracena\/#article\",\"isPartOf\":{\"@id\":\"https:\/\/radiolifefm.com.br\/noticias\/motociclista-ferido-por-linha-cortante-em-panorama-passa-por-cirurgia-e-segue-internado-na-uti-em-dracena\/\"},\"author\":{\"name\":\"lifefm\",\"@id\":\"https:\/\/radiolifefm.com.br\/noticias\/#\/schema\/person\/1d4e4b1301322090c6221bf1c8420490\"},\"headline\":\"Motociclista ferido por linha cortante em Panorama passa por cirurgia e segue internado na UTI em Dracena\",\"datePublished\":\"2020-01-14T12:38:36+00:00\",\"dateModified\":\"2026-04-13T04:38:03+00:00\",\"mainEntityOfPage\":{\"@id\":\"https:\/\/radiolifefm.com.br\/noticias\/motociclista-ferido-por-linha-cortante-em-panorama-passa-por-cirurgia-e-segue-internado-na-uti-em-dracena\/\"},\"wordCount\":257,\"publisher\":{\"@id\":\"https:\/\/radiolifefm.com.br\/noticias\/#organization\"},\"image\":{\"@id\":\"https:\/\/radiolifefm.com.br\/noticias\/motociclista-ferido-por-linha-cortante-em-panorama-passa-por-cirurgia-e-segue-internado-na-uti-em-dracena\/#primaryimage\"},\"thumbnailUrl\":\"https:\/\/radiolifefm.com.br\/noticias\/wp-content\/uploads\/2020\/01\/Motociclista-ferido-com-cerol.jpg\",\"articleSection\":[\"Regi\u00e3o\"],\"inLanguage\":\"pt-BR\"},{\"@type\":\"WebPage\",\"@id\":\"https:\/\/radiolifefm.com.br\/noticias\/motociclista-ferido-por-linha-cortante-em-panorama-passa-por-cirurgia-e-segue-internado-na-uti-em-dracena\/\",\"url\":\"https:\/\/radiolifefm.com.br\/noticias\/motociclista-ferido-por-linha-cortante-em-panorama-passa-por-cirurgia-e-segue-internado-na-uti-em-dracena\/\",\"name\":\"Motociclista ferido por linha cortante em Panorama passa por cirurgia e segue internado na UTI em Dracena - R\u00e1dio Life FM\",\"isPartOf\":{\"@id\":\"https:\/\/radiolifefm.com.br\/noticias\/#website\"},\"primaryImageOfPage\":{\"@id\":\"https:\/\/radiolifefm.com.br\/noticias\/motociclista-ferido-por-linha-cortante-em-panorama-passa-por-cirurgia-e-segue-internado-na-uti-em-dracena\/#primaryimage\"},\"image\":{\"@id\":\"https:\/\/radiolifefm.com.br\/noticias\/motociclista-ferido-por-linha-cortante-em-panorama-passa-por-cirurgia-e-segue-internado-na-uti-em-dracena\/#primaryimage\"},\"thumbnailUrl\":\"https:\/\/radiolifefm.com.br\/noticias\/wp-content\/uploads\/2020\/01\/Motociclista-ferido-com-cerol.jpg\",\"datePublished\":\"2020-01-14T12:38:36+00:00\",\"dateModified\":\"2026-04-13T04:38:03+00:00\",\"breadcrumb\":{\"@id\":\"https:\/\/radiolifefm.com.br\/noticias\/motociclista-ferido-por-linha-cortante-em-panorama-passa-por-cirurgia-e-segue-internado-na-uti-em-dracena\/#breadcrumb\"},\"inLanguage\":\"pt-BR\",\"potentialAction\":[{\"@type\":\"ReadAction\",\"target\":[\"https:\/\/radiolifefm.com.br\/noticias\/motociclista-ferido-por-linha-cortante-em-panorama-passa-por-cirurgia-e-segue-internado-na-uti-em-dracena\/\"]}]},{\"@type\":\"ImageObject\",\"inLanguage\":\"pt-BR\",\"@id\":\"https:\/\/radiolifefm.com.br\/noticias\/motociclista-ferido-por-linha-cortante-em-panorama-passa-por-cirurgia-e-segue-internado-na-uti-em-dracena\/#primaryimage\",\"url\":\"https:\/\/radiolifefm.com.br\/noticias\/wp-content\/uploads\/2020\/01\/Motociclista-ferido-com-cerol.jpg\",\"contentUrl\":\"https:\/\/radiolifefm.com.br\/noticias\/wp-content\/uploads\/2020\/01\/Motociclista-ferido-com-cerol.jpg\",\"width\":350,\"height\":200},{\"@type\":\"BreadcrumbList\",\"@id\":\"https:\/\/radiolifefm.com.br\/noticias\/motociclista-ferido-por-linha-cortante-em-panorama-passa-por-cirurgia-e-segue-internado-na-uti-em-dracena\/#breadcrumb\",\"itemListElement\":[{\"@type\":\"ListItem\",\"position\":1,\"name\":\"In\u00edcio\",\"item\":\"https:\/\/radiolifefm.com.br\/noticias\/\"},{\"@type\":\"ListItem\",\"position\":2,\"name\":\"Motociclista ferido por linha cortante em Panorama passa por cirurgia e segue internado na UTI em Dracena\"}]},{\"@type\":\"WebSite\",\"@id\":\"https:\/\/radiolifefm.com.br\/noticias\/#website\",\"url\":\"https:\/\/radiolifefm.com.br\/noticias\/\",\"name\":\"R\u00e1dio Life FM\",\"description\":\"O Portal de Not\u00edcias de Adamantina\",\"publisher\":{\"@id\":\"https:\/\/radiolifefm.com.br\/noticias\/#organization\"},\"alternateName\":\"Life FM\",\"potentialAction\":[{\"@type\":\"SearchAction\",\"target\":{\"@type\":\"EntryPoint\",\"urlTemplate\":\"https:\/\/radiolifefm.com.br\/noticias\/?s={search_term_string}\"},\"query-input\":{\"@type\":\"PropertyValueSpecification\",\"valueRequired\":true,\"valueName\":\"search_term_string\"}}],\"inLanguage\":\"pt-BR\"},{\"@type\":\"Organization\",\"@id\":\"https:\/\/radiolifefm.com.br\/noticias\/#organization\",\"name\":\"R\u00e1dio Life FM\",\"alternateName\":\"Life FM\",\"url\":\"https:\/\/radiolifefm.com.br\/noticias\/\",\"logo\":{\"@type\":\"ImageObject\",\"inLanguage\":\"pt-BR\",\"@id\":\"https:\/\/radiolifefm.com.br\/noticias\/#\/schema\/logo\/image\/\",\"url\":\"https:\/\/static.radiolifefm.com.br\/noticias\/wp-content\/uploads\/2019\/10\/logo-lifefm.png\",\"contentUrl\":\"https:\/\/static.radiolifefm.com.br\/noticias\/wp-content\/uploads\/2019\/10\/logo-lifefm.png\",\"width\":196,\"height\":47,\"caption\":\"R\u00e1dio Life FM\"},\"image\":{\"@id\":\"https:\/\/radiolifefm.com.br\/noticias\/#\/schema\/logo\/image\/\"},\"sameAs\":[\"https:\/\/www.facebook.com\/radiolifefm\/\",\"https:\/\/www.instagram.com\/life1079fm\/\"]},{\"@type\":\"Person\",\"@id\":\"https:\/\/radiolifefm.com.br\/noticias\/#\/schema\/person\/1d4e4b1301322090c6221bf1c8420490\",\"name\":\"lifefm\",\"image\":{\"@type\":\"ImageObject\",\"inLanguage\":\"pt-BR\",\"@id\":\"https:\/\/secure.gravatar.com\/avatar\/eca268467d925ec97d20641bb054fd944c0abb2f92854171620706bbe6474e7c?s=96&d=mm&r=g\",\"url\":\"https:\/\/secure.gravatar.com\/avatar\/eca268467d925ec97d20641bb054fd944c0abb2f92854171620706bbe6474e7c?s=96&d=mm&r=g\",\"contentUrl\":\"https:\/\/secure.gravatar.com\/avatar\/eca268467d925ec97d20641bb054fd944c0abb2f92854171620706bbe6474e7c?s=96&d=mm&r=g\",\"caption\":\"lifefm\"}}]}<\/script>\n<!-- \/ Yoast SEO plugin. -->","yoast_head_json":{"title":"Motociclista ferido por linha cortante em Panorama passa por cirurgia e segue internado na UTI em Dracena - R\u00e1dio Life FM","robots":{"index":"index","follow":"follow","max-snippet":"max-snippet:-1","max-image-preview":"max-image-preview:large","max-video-preview":"max-video-preview:-1"},"canonical":"https:\/\/radiolifefm.com.br\/noticias\/motociclista-ferido-por-linha-cortante-em-panorama-passa-por-cirurgia-e-segue-internado-na-uti-em-dracena\/","og_locale":"pt_BR","og_type":"article","og_title":"Motociclista ferido por linha cortante em Panorama passa por cirurgia e segue internado na UTI em Dracena - R\u00e1dio Life FM","og_description":"A m\u00e9dica Aline Damasceno falou sobre o estado de sa\u00fade do homem ao Portal Regional O motociclista, morador de Panorama, que ficou gravemente ferido na tarde de domingo, ap\u00f3s sofrer um corte profundo no pesco\u00e7o, ao ser atingido por uma linha cortante, segue hospitalizado na UTI da Santa Casa de Dracena. Segundo a m\u00e9dica Aline [&hellip;]","og_url":"https:\/\/radiolifefm.com.br\/noticias\/motociclista-ferido-por-linha-cortante-em-panorama-passa-por-cirurgia-e-segue-internado-na-uti-em-dracena\/","og_site_name":"R\u00e1dio Life FM","article_publisher":"https:\/\/www.facebook.com\/radiolifefm\/","article_published_time":"2020-01-14T12:38:36+00:00","article_modified_time":"2026-04-13T04:38:03+00:00","og_image":[{"width":350,"height":200,"url":"https:\/\/radiolifefm.com.br\/noticias\/wp-content\/uploads\/2020\/01\/Motociclista-ferido-com-cerol.jpg","type":"image\/jpeg"}],"author":"lifefm","twitter_card":"summary_large_image","twitter_misc":{"Escrito por":"lifefm","Est. tempo de leitura":"1 minuto"},"schema":{"@context":"https:\/\/schema.org","@graph":[{"@type":"Article","@id":"https:\/\/radiolifefm.com.br\/noticias\/motociclista-ferido-por-linha-cortante-em-panorama-passa-por-cirurgia-e-segue-internado-na-uti-em-dracena\/#article","isPartOf":{"@id":"https:\/\/radiolifefm.com.br\/noticias\/motociclista-ferido-por-linha-cortante-em-panorama-passa-por-cirurgia-e-segue-internado-na-uti-em-dracena\/"},"author":{"name":"lifefm","@id":"https:\/\/radiolifefm.com.br\/noticias\/#\/schema\/person\/1d4e4b1301322090c6221bf1c8420490"},"headline":"Motociclista ferido por linha cortante em Panorama passa por cirurgia e segue internado na UTI em Dracena","datePublished":"2020-01-14T12:38:36+00:00","dateModified":"2026-04-13T04:38:03+00:00","mainEntityOfPage":{"@id":"https:\/\/radiolifefm.com.br\/noticias\/motociclista-ferido-por-linha-cortante-em-panorama-passa-por-cirurgia-e-segue-internado-na-uti-em-dracena\/"},"wordCount":257,"publisher":{"@id":"https:\/\/radiolifefm.com.br\/noticias\/#organization"},"image":{"@id":"https:\/\/radiolifefm.com.br\/noticias\/motociclista-ferido-por-linha-cortante-em-panorama-passa-por-cirurgia-e-segue-internado-na-uti-em-dracena\/#primaryimage"},"thumbnailUrl":"https:\/\/radiolifefm.com.br\/noticias\/wp-content\/uploads\/2020\/01\/Motociclista-ferido-com-cerol.jpg","articleSection":["Regi\u00e3o"],"inLanguage":"pt-BR"},{"@type":"WebPage","@id":"https:\/\/radiolifefm.com.br\/noticias\/motociclista-ferido-por-linha-cortante-em-panorama-passa-por-cirurgia-e-segue-internado-na-uti-em-dracena\/","url":"https:\/\/radiolifefm.com.br\/noticias\/motociclista-ferido-por-linha-cortante-em-panorama-passa-por-cirurgia-e-segue-internado-na-uti-em-dracena\/","name":"Motociclista ferido por linha cortante em Panorama passa por cirurgia e segue internado na UTI em Dracena - R\u00e1dio Life FM","isPartOf":{"@id":"https:\/\/radiolifefm.com.br\/noticias\/#website"},"primaryImageOfPage":{"@id":"https:\/\/radiolifefm.com.br\/noticias\/motociclista-ferido-por-linha-cortante-em-panorama-passa-por-cirurgia-e-segue-internado-na-uti-em-dracena\/#primaryimage"},"image":{"@id":"https:\/\/radiolifefm.com.br\/noticias\/motociclista-ferido-por-linha-cortante-em-panorama-passa-por-cirurgia-e-segue-internado-na-uti-em-dracena\/#primaryimage"},"thumbnailUrl":"https:\/\/radiolifefm.com.br\/noticias\/wp-content\/uploads\/2020\/01\/Motociclista-ferido-com-cerol.jpg","datePublished":"2020-01-14T12:38:36+00:00","dateModified":"2026-04-13T04:38:03+00:00","breadcrumb":{"@id":"https:\/\/radiolifefm.com.br\/noticias\/motociclista-ferido-por-linha-cortante-em-panorama-passa-por-cirurgia-e-segue-internado-na-uti-em-dracena\/#breadcrumb"},"inLanguage":"pt-BR","potentialAction":[{"@type":"ReadAction","target":["https:\/\/radiolifefm.com.br\/noticias\/motociclista-ferido-por-linha-cortante-em-panorama-passa-por-cirurgia-e-segue-internado-na-uti-em-dracena\/"]}]},{"@type":"ImageObject","inLanguage":"pt-BR","@id":"https:\/\/radiolifefm.com.br\/noticias\/motociclista-ferido-por-linha-cortante-em-panorama-passa-por-cirurgia-e-segue-internado-na-uti-em-dracena\/#primaryimage","url":"https:\/\/radiolifefm.com.br\/noticias\/wp-content\/uploads\/2020\/01\/Motociclista-ferido-com-cerol.jpg","contentUrl":"https:\/\/radiolifefm.com.br\/noticias\/wp-content\/uploads\/2020\/01\/Motociclista-ferido-com-cerol.jpg","width":350,"height":200},{"@type":"BreadcrumbList","@id":"https:\/\/radiolifefm.com.br\/noticias\/motociclista-ferido-por-linha-cortante-em-panorama-passa-por-cirurgia-e-segue-internado-na-uti-em-dracena\/#breadcrumb","itemListElement":[{"@type":"ListItem","position":1,"name":"In\u00edcio","item":"https:\/\/radiolifefm.com.br\/noticias\/"},{"@type":"ListItem","position":2,"name":"Motociclista ferido por linha cortante em Panorama passa por cirurgia e segue internado na UTI em Dracena"}]},{"@type":"WebSite","@id":"https:\/\/radiolifefm.com.br\/noticias\/#website","url":"https:\/\/radiolifefm.com.br\/noticias\/","name":"R\u00e1dio Life FM","description":"O Portal de Not\u00edcias de Adamantina","publisher":{"@id":"https:\/\/radiolifefm.com.br\/noticias\/#organization"},"alternateName":"Life FM","potentialAction":[{"@type":"SearchAction","target":{"@type":"EntryPoint","urlTemplate":"https:\/\/radiolifefm.com.br\/noticias\/?s={search_term_string}"},"query-input":{"@type":"PropertyValueSpecification","valueRequired":true,"valueName":"search_term_string"}}],"inLanguage":"pt-BR"},{"@type":"Organization","@id":"https:\/\/radiolifefm.com.br\/noticias\/#organization","name":"R\u00e1dio Life FM","alternateName":"Life FM","url":"https:\/\/radiolifefm.com.br\/noticias\/","logo":{"@type":"ImageObject","inLanguage":"pt-BR","@id":"https:\/\/radiolifefm.com.br\/noticias\/#\/schema\/logo\/image\/","url":"https:\/\/static.radiolifefm.com.br\/noticias\/wp-content\/uploads\/2019\/10\/logo-lifefm.png","contentUrl":"https:\/\/static.radiolifefm.com.br\/noticias\/wp-content\/uploads\/2019\/10\/logo-lifefm.png","width":196,"height":47,"caption":"R\u00e1dio Life FM"},"image":{"@id":"https:\/\/radiolifefm.com.br\/noticias\/#\/schema\/logo\/image\/"},"sameAs":["https:\/\/www.facebook.com\/radiolifefm\/","https:\/\/www.instagram.com\/life1079fm\/"]},{"@type":"Person","@id":"https:\/\/radiolifefm.com.br\/noticias\/#\/schema\/person\/1d4e4b1301322090c6221bf1c8420490","name":"lifefm","image":{"@type":"ImageObject","inLanguage":"pt-BR","@id":"https:\/\/secure.gravatar.com\/avatar\/eca268467d925ec97d20641bb054fd944c0abb2f92854171620706bbe6474e7c?s=96&d=mm&r=g","url":"https:\/\/secure.gravatar.com\/avatar\/eca268467d925ec97d20641bb054fd944c0abb2f92854171620706bbe6474e7c?s=96&d=mm&r=g","contentUrl":"https:\/\/secure.gravatar.com\/avatar\/eca268467d925ec97d20641bb054fd944c0abb2f92854171620706bbe6474e7c?s=96&d=mm&r=g","caption":"lifefm"}}]}},"amp_enabled":true,"_links":{"self":[{"href":"https:\/\/radiolifefm.com.br\/noticias\/wp-json\/wp\/v2\/posts\/19504","targetHints":{"allow":["GET"]}}],"collection":[{"href":"https:\/\/radiolifefm.com.br\/noticias\/wp-json\/wp\/v2\/posts"}],"about":[{"href":"https:\/\/radiolifefm.com.br\/noticias\/wp-json\/wp\/v2\/types\/post"}],"author":[{"embeddable":true,"href":"https:\/\/radiolifefm.com.br\/noticias\/wp-json\/wp\/v2\/users\/3"}],"replies":[{"embeddable":true,"href":"https:\/\/radiolifefm.com.br\/noticias\/wp-json\/wp\/v2\/comments?post=19504"}],"version-history":[{"count":1,"href":"https:\/\/radiolifefm.com.br\/noticias\/wp-json\/wp\/v2\/posts\/19504\/revisions"}],"predecessor-version":[{"id":19506,"href":"https:\/\/radiolifefm.com.br\/noticias\/wp-json\/wp\/v2\/posts\/19504\/revisions\/19506"}],"wp:featuredmedia":[{"embeddable":true,"href":"https:\/\/radiolifefm.com.br\/noticias\/wp-json\/wp\/v2\/media\/19505"}],"wp:attachment":[{"href":"https:\/\/radiolifefm.com.br\/noticias\/wp-json\/wp\/v2\/media?parent=19504"}],"wp:term":[{"taxonomy":"category","embeddable":true,"href":"https:\/\/radiolifefm.com.br\/noticias\/wp-json\/wp\/v2\/categories?post=19504"},{"taxonomy":"post_tag","embeddable":true,"href":"https:\/\/radiolifefm.com.br\/noticias\/wp-json\/wp\/v2\/tags?post=19504"}],"curies":[{"name":"wp","href":"https:\/\/api.w.org\/{rel}","templated":true}]}}