{"id":19465,"date":"2020-01-13T08:49:36","date_gmt":"2020-01-13T11:49:36","guid":{"rendered":"https:\/\/radiolifefm.com.br\/noticias\/?p=19465"},"modified":"2026-04-21T10:55:41","modified_gmt":"2026-04-21T13:55:41","slug":"temporal-com-chuva-e-ventos-fortes-provocaram-destelhamento-na-igreja-matriz-de-lucelia","status":"publish","type":"post","link":"https:\/\/radiolifefm.com.br\/noticias\/temporal-com-chuva-e-ventos-fortes-provocaram-destelhamento-na-igreja-matriz-de-lucelia\/","title":{"rendered":"Temporal com chuva e ventos fortes provocaram destelhamento na Igreja Matriz de Luc\u00e9lia"},"content":{"rendered":"<div id=\"fb-root\"><\/div>\n<p><em>Parte das telhas da igreja foram arrancadas e atiradas a v\u00e1rios metros de dist\u00e2ncia, ningu\u00e9m foi atingido<\/em><\/p>\n<p>O temporal que atingiu a regi\u00e3o com chuva forte e rajadas de vento na tarde deste domingo (12), provocou diversos danos em v\u00e1rias cidades e causou alguns preju\u00edzos.<\/p>\n<p>Os locais mais atingidos foram partes da \u00e1rea central da cidade de Luc\u00e9lia, onde, al\u00e9m de galhos de \u00e1rvores quebrados, v\u00e1rias telhas da parte superior do teto da Igreja Matriz Sagrada Fam\u00edlia, foram arrancadas e atiradas no meio das ruas pr\u00f3ximas.<\/p>\n<p>Foram rajadas de ventos muito fortes que atingiram a igreja que est\u00e1 localizada em um dos pontos mais elevados da cidade, que apesar da curta dura\u00e7\u00e3o, acabou provocando s\u00e9rios danos na cobertura e arrancando a maior parte das telhas da cobertura superior do templo cat\u00f3lico.<\/p>\n<p>V\u00e1rias provid\u00eancias foram tomadas, as ruas pr\u00f3ximas foram interditadas para que as telhas arrancadas fossem recolhidas e uma avalia\u00e7\u00e3o est\u00e1 sendo feita para que se inicie rapidamente a recupera\u00e7\u00e3o dos danos.<\/p>\n<div class='flex flex-wrap items-center -mx-1'>\r\n<a class='thumbnail gallery p-1 w-1\/2 md:w-1\/4' href='https:\/\/radiolifefm.com.br\/noticias\/wp-content\/uploads\/2020\/01\/Igreja-Luc\u00e9lia.jpg'><img class='border border-white' src='https:\/\/radiolifefm.com.br\/noticias\/wp-content\/uploads\/2020\/01\/Igreja-Luc\u00e9lia-200x200.jpg' alt='Igreja Luc\u00e9lia' \/><\/a><a class='thumbnail gallery p-1 w-1\/2 md:w-1\/4' href='https:\/\/radiolifefm.com.br\/noticias\/wp-content\/uploads\/2020\/01\/Igreja-Luc\u00e9lia-1.jpg'><img class='border border-white' src='https:\/\/radiolifefm.com.br\/noticias\/wp-content\/uploads\/2020\/01\/Igreja-Luc\u00e9lia-1-200x200.jpg' alt='Igreja Luc\u00e9lia   1' \/><\/a><a class='thumbnail gallery p-1 w-1\/2 md:w-1\/4' href='https:\/\/radiolifefm.com.br\/noticias\/wp-content\/uploads\/2020\/01\/Igreja-Luc\u00e9lia-2.jpg'><img class='border border-white' src='https:\/\/radiolifefm.com.br\/noticias\/wp-content\/uploads\/2020\/01\/Igreja-Luc\u00e9lia-2-200x200.jpg' alt='Igreja Luc\u00e9lia   2' \/><\/a><\/div>\n<p>Reda\u00e7\u00e3o &#8211; Kako de Oliveira<\/p>\n","protected":false},"excerpt":{"rendered":"<p>Parte das telhas da igreja foram arrancadas e atiradas a v\u00e1rios metros de dist\u00e2ncia, ningu\u00e9m foi atingido O temporal que atingiu a regi\u00e3o com chuva forte e rajadas de vento na tarde deste domingo (12), provocou diversos danos em v\u00e1rias cidades e causou alguns preju\u00edzos. Os locais mais atingidos foram partes da \u00e1rea central da [&hellip;]<\/p>\n","protected":false},"author":3,"featured_media":19466,"comment_status":"closed","ping_status":"open","sticky":false,"template":"","format":"standard","meta":{"_acf_changed":false,"_exactmetrics_skip_tracking":false,"_exactmetrics_sitenote_active":false,"_exactmetrics_sitenote_note":"","_exactmetrics_sitenote_category":0,"footnotes":""},"categories":[24],"tags":[],"class_list":["post-19465","post","type-post","status-publish","format-standard","has-post-thumbnail","hentry","category-regiao"],"acf":[],"yoast_head":"<!-- This site is optimized with the Yoast SEO plugin v27.2 - https:\/\/yoast.com\/product\/yoast-seo-wordpress\/ -->\n<title>Temporal com chuva e ventos fortes provocaram destelhamento na Igreja Matriz de Luc\u00e9lia - R\u00e1dio Life FM<\/title>\n<meta name=\"robots\" content=\"index, follow, max-snippet:-1, max-image-preview:large, max-video-preview:-1\" \/>\n<link rel=\"canonical\" href=\"https:\/\/radiolifefm.com.br\/noticias\/temporal-com-chuva-e-ventos-fortes-provocaram-destelhamento-na-igreja-matriz-de-lucelia\/\" \/>\n<meta property=\"og:locale\" content=\"pt_BR\" \/>\n<meta property=\"og:type\" content=\"article\" \/>\n<meta property=\"og:title\" content=\"Temporal com chuva e ventos fortes provocaram destelhamento na Igreja Matriz de Luc\u00e9lia - R\u00e1dio Life FM\" \/>\n<meta property=\"og:description\" content=\"Parte das telhas da igreja foram arrancadas e atiradas a v\u00e1rios metros de dist\u00e2ncia, ningu\u00e9m foi atingido O temporal que atingiu a regi\u00e3o com chuva forte e rajadas de vento na tarde deste domingo (12), provocou diversos danos em v\u00e1rias cidades e causou alguns preju\u00edzos. Os locais mais atingidos foram partes da \u00e1rea central da [&hellip;]\" \/>\n<meta property=\"og:url\" content=\"https:\/\/radiolifefm.com.br\/noticias\/temporal-com-chuva-e-ventos-fortes-provocaram-destelhamento-na-igreja-matriz-de-lucelia\/\" \/>\n<meta property=\"og:site_name\" content=\"R\u00e1dio Life FM\" \/>\n<meta property=\"article:publisher\" content=\"https:\/\/www.facebook.com\/radiolifefm\/\" \/>\n<meta property=\"article:published_time\" content=\"2020-01-13T11:49:36+00:00\" \/>\n<meta property=\"article:modified_time\" content=\"2026-04-21T13:55:41+00:00\" \/>\n<meta property=\"og:image\" content=\"https:\/\/radiolifefm.com.br\/noticias\/wp-content\/uploads\/2020\/01\/Igreja-Luc\u00e9lia-3.jpg\" \/>\n\t<meta property=\"og:image:width\" content=\"780\" \/>\n\t<meta property=\"og:image:height\" content=\"1040\" \/>\n\t<meta property=\"og:image:type\" content=\"image\/jpeg\" \/>\n<meta name=\"author\" content=\"lifefm\" \/>\n<meta name=\"twitter:card\" content=\"summary_large_image\" \/>\n<meta name=\"twitter:label1\" content=\"Escrito por\" \/>\n\t<meta name=\"twitter:data1\" content=\"lifefm\" \/>\n\t<meta name=\"twitter:label2\" content=\"Est. tempo de leitura\" \/>\n\t<meta name=\"twitter:data2\" content=\"1 minuto\" \/>\n<script type=\"application\/ld+json\" class=\"yoast-schema-graph\">{\"@context\":\"https:\/\/schema.org\",\"@graph\":[{\"@type\":\"Article\",\"@id\":\"https:\/\/radiolifefm.com.br\/noticias\/temporal-com-chuva-e-ventos-fortes-provocaram-destelhamento-na-igreja-matriz-de-lucelia\/#article\",\"isPartOf\":{\"@id\":\"https:\/\/radiolifefm.com.br\/noticias\/temporal-com-chuva-e-ventos-fortes-provocaram-destelhamento-na-igreja-matriz-de-lucelia\/\"},\"author\":{\"name\":\"lifefm\",\"@id\":\"https:\/\/radiolifefm.com.br\/noticias\/#\/schema\/person\/1d4e4b1301322090c6221bf1c8420490\"},\"headline\":\"Temporal com chuva e ventos fortes provocaram destelhamento na Igreja Matriz de Luc\u00e9lia\",\"datePublished\":\"2020-01-13T11:49:36+00:00\",\"dateModified\":\"2026-04-21T13:55:41+00:00\",\"mainEntityOfPage\":{\"@id\":\"https:\/\/radiolifefm.com.br\/noticias\/temporal-com-chuva-e-ventos-fortes-provocaram-destelhamento-na-igreja-matriz-de-lucelia\/\"},\"wordCount\":202,\"publisher\":{\"@id\":\"https:\/\/radiolifefm.com.br\/noticias\/#organization\"},\"image\":{\"@id\":\"https:\/\/radiolifefm.com.br\/noticias\/temporal-com-chuva-e-ventos-fortes-provocaram-destelhamento-na-igreja-matriz-de-lucelia\/#primaryimage\"},\"thumbnailUrl\":\"https:\/\/radiolifefm.com.br\/noticias\/wp-content\/uploads\/2020\/01\/Igreja-Luc\u00e9lia-3.jpg\",\"articleSection\":[\"Regi\u00e3o\"],\"inLanguage\":\"pt-BR\"},{\"@type\":\"WebPage\",\"@id\":\"https:\/\/radiolifefm.com.br\/noticias\/temporal-com-chuva-e-ventos-fortes-provocaram-destelhamento-na-igreja-matriz-de-lucelia\/\",\"url\":\"https:\/\/radiolifefm.com.br\/noticias\/temporal-com-chuva-e-ventos-fortes-provocaram-destelhamento-na-igreja-matriz-de-lucelia\/\",\"name\":\"Temporal com chuva e ventos fortes provocaram destelhamento na Igreja Matriz de Luc\u00e9lia - R\u00e1dio Life FM\",\"isPartOf\":{\"@id\":\"https:\/\/radiolifefm.com.br\/noticias\/#website\"},\"primaryImageOfPage\":{\"@id\":\"https:\/\/radiolifefm.com.br\/noticias\/temporal-com-chuva-e-ventos-fortes-provocaram-destelhamento-na-igreja-matriz-de-lucelia\/#primaryimage\"},\"image\":{\"@id\":\"https:\/\/radiolifefm.com.br\/noticias\/temporal-com-chuva-e-ventos-fortes-provocaram-destelhamento-na-igreja-matriz-de-lucelia\/#primaryimage\"},\"thumbnailUrl\":\"https:\/\/radiolifefm.com.br\/noticias\/wp-content\/uploads\/2020\/01\/Igreja-Luc\u00e9lia-3.jpg\",\"datePublished\":\"2020-01-13T11:49:36+00:00\",\"dateModified\":\"2026-04-21T13:55:41+00:00\",\"breadcrumb\":{\"@id\":\"https:\/\/radiolifefm.com.br\/noticias\/temporal-com-chuva-e-ventos-fortes-provocaram-destelhamento-na-igreja-matriz-de-lucelia\/#breadcrumb\"},\"inLanguage\":\"pt-BR\",\"potentialAction\":[{\"@type\":\"ReadAction\",\"target\":[\"https:\/\/radiolifefm.com.br\/noticias\/temporal-com-chuva-e-ventos-fortes-provocaram-destelhamento-na-igreja-matriz-de-lucelia\/\"]}]},{\"@type\":\"ImageObject\",\"inLanguage\":\"pt-BR\",\"@id\":\"https:\/\/radiolifefm.com.br\/noticias\/temporal-com-chuva-e-ventos-fortes-provocaram-destelhamento-na-igreja-matriz-de-lucelia\/#primaryimage\",\"url\":\"https:\/\/radiolifefm.com.br\/noticias\/wp-content\/uploads\/2020\/01\/Igreja-Luc\u00e9lia-3.jpg\",\"contentUrl\":\"https:\/\/radiolifefm.com.br\/noticias\/wp-content\/uploads\/2020\/01\/Igreja-Luc\u00e9lia-3.jpg\",\"width\":780,\"height\":1040,\"caption\":\"Igreja Matriz de Luc\u00e9lia destelhada pelos fortes ventos ocorridos na tarde deste domingo - Fotos \u2013 Reprodu\u00e7\u00e3o\/Redes sociais.\"},{\"@type\":\"BreadcrumbList\",\"@id\":\"https:\/\/radiolifefm.com.br\/noticias\/temporal-com-chuva-e-ventos-fortes-provocaram-destelhamento-na-igreja-matriz-de-lucelia\/#breadcrumb\",\"itemListElement\":[{\"@type\":\"ListItem\",\"position\":1,\"name\":\"In\u00edcio\",\"item\":\"https:\/\/radiolifefm.com.br\/noticias\/\"},{\"@type\":\"ListItem\",\"position\":2,\"name\":\"Temporal com chuva e ventos fortes provocaram destelhamento na Igreja Matriz de Luc\u00e9lia\"}]},{\"@type\":\"WebSite\",\"@id\":\"https:\/\/radiolifefm.com.br\/noticias\/#website\",\"url\":\"https:\/\/radiolifefm.com.br\/noticias\/\",\"name\":\"R\u00e1dio Life FM\",\"description\":\"O Portal de Not\u00edcias de Adamantina\",\"publisher\":{\"@id\":\"https:\/\/radiolifefm.com.br\/noticias\/#organization\"},\"alternateName\":\"Life FM\",\"potentialAction\":[{\"@type\":\"SearchAction\",\"target\":{\"@type\":\"EntryPoint\",\"urlTemplate\":\"https:\/\/radiolifefm.com.br\/noticias\/?s={search_term_string}\"},\"query-input\":{\"@type\":\"PropertyValueSpecification\",\"valueRequired\":true,\"valueName\":\"search_term_string\"}}],\"inLanguage\":\"pt-BR\"},{\"@type\":\"Organization\",\"@id\":\"https:\/\/radiolifefm.com.br\/noticias\/#organization\",\"name\":\"R\u00e1dio Life FM\",\"alternateName\":\"Life FM\",\"url\":\"https:\/\/radiolifefm.com.br\/noticias\/\",\"logo\":{\"@type\":\"ImageObject\",\"inLanguage\":\"pt-BR\",\"@id\":\"https:\/\/radiolifefm.com.br\/noticias\/#\/schema\/logo\/image\/\",\"url\":\"https:\/\/static.radiolifefm.com.br\/noticias\/wp-content\/uploads\/2019\/10\/logo-lifefm.png\",\"contentUrl\":\"https:\/\/static.radiolifefm.com.br\/noticias\/wp-content\/uploads\/2019\/10\/logo-lifefm.png\",\"width\":196,\"height\":47,\"caption\":\"R\u00e1dio Life FM\"},\"image\":{\"@id\":\"https:\/\/radiolifefm.com.br\/noticias\/#\/schema\/logo\/image\/\"},\"sameAs\":[\"https:\/\/www.facebook.com\/radiolifefm\/\",\"https:\/\/www.instagram.com\/life1079fm\/\"]},{\"@type\":\"Person\",\"@id\":\"https:\/\/radiolifefm.com.br\/noticias\/#\/schema\/person\/1d4e4b1301322090c6221bf1c8420490\",\"name\":\"lifefm\",\"image\":{\"@type\":\"ImageObject\",\"inLanguage\":\"pt-BR\",\"@id\":\"https:\/\/secure.gravatar.com\/avatar\/eca268467d925ec97d20641bb054fd944c0abb2f92854171620706bbe6474e7c?s=96&d=mm&r=g\",\"url\":\"https:\/\/secure.gravatar.com\/avatar\/eca268467d925ec97d20641bb054fd944c0abb2f92854171620706bbe6474e7c?s=96&d=mm&r=g\",\"contentUrl\":\"https:\/\/secure.gravatar.com\/avatar\/eca268467d925ec97d20641bb054fd944c0abb2f92854171620706bbe6474e7c?s=96&d=mm&r=g\",\"caption\":\"lifefm\"}}]}<\/script>\n<!-- \/ Yoast SEO plugin. -->","yoast_head_json":{"title":"Temporal com chuva e ventos fortes provocaram destelhamento na Igreja Matriz de Luc\u00e9lia - R\u00e1dio Life FM","robots":{"index":"index","follow":"follow","max-snippet":"max-snippet:-1","max-image-preview":"max-image-preview:large","max-video-preview":"max-video-preview:-1"},"canonical":"https:\/\/radiolifefm.com.br\/noticias\/temporal-com-chuva-e-ventos-fortes-provocaram-destelhamento-na-igreja-matriz-de-lucelia\/","og_locale":"pt_BR","og_type":"article","og_title":"Temporal com chuva e ventos fortes provocaram destelhamento na Igreja Matriz de Luc\u00e9lia - R\u00e1dio Life FM","og_description":"Parte das telhas da igreja foram arrancadas e atiradas a v\u00e1rios metros de dist\u00e2ncia, ningu\u00e9m foi atingido O temporal que atingiu a regi\u00e3o com chuva forte e rajadas de vento na tarde deste domingo (12), provocou diversos danos em v\u00e1rias cidades e causou alguns preju\u00edzos. Os locais mais atingidos foram partes da \u00e1rea central da [&hellip;]","og_url":"https:\/\/radiolifefm.com.br\/noticias\/temporal-com-chuva-e-ventos-fortes-provocaram-destelhamento-na-igreja-matriz-de-lucelia\/","og_site_name":"R\u00e1dio Life FM","article_publisher":"https:\/\/www.facebook.com\/radiolifefm\/","article_published_time":"2020-01-13T11:49:36+00:00","article_modified_time":"2026-04-21T13:55:41+00:00","og_image":[{"width":780,"height":1040,"url":"https:\/\/radiolifefm.com.br\/noticias\/wp-content\/uploads\/2020\/01\/Igreja-Luc\u00e9lia-3.jpg","type":"image\/jpeg"}],"author":"lifefm","twitter_card":"summary_large_image","twitter_misc":{"Escrito por":"lifefm","Est. tempo de leitura":"1 minuto"},"schema":{"@context":"https:\/\/schema.org","@graph":[{"@type":"Article","@id":"https:\/\/radiolifefm.com.br\/noticias\/temporal-com-chuva-e-ventos-fortes-provocaram-destelhamento-na-igreja-matriz-de-lucelia\/#article","isPartOf":{"@id":"https:\/\/radiolifefm.com.br\/noticias\/temporal-com-chuva-e-ventos-fortes-provocaram-destelhamento-na-igreja-matriz-de-lucelia\/"},"author":{"name":"lifefm","@id":"https:\/\/radiolifefm.com.br\/noticias\/#\/schema\/person\/1d4e4b1301322090c6221bf1c8420490"},"headline":"Temporal com chuva e ventos fortes provocaram destelhamento na Igreja Matriz de Luc\u00e9lia","datePublished":"2020-01-13T11:49:36+00:00","dateModified":"2026-04-21T13:55:41+00:00","mainEntityOfPage":{"@id":"https:\/\/radiolifefm.com.br\/noticias\/temporal-com-chuva-e-ventos-fortes-provocaram-destelhamento-na-igreja-matriz-de-lucelia\/"},"wordCount":202,"publisher":{"@id":"https:\/\/radiolifefm.com.br\/noticias\/#organization"},"image":{"@id":"https:\/\/radiolifefm.com.br\/noticias\/temporal-com-chuva-e-ventos-fortes-provocaram-destelhamento-na-igreja-matriz-de-lucelia\/#primaryimage"},"thumbnailUrl":"https:\/\/radiolifefm.com.br\/noticias\/wp-content\/uploads\/2020\/01\/Igreja-Luc\u00e9lia-3.jpg","articleSection":["Regi\u00e3o"],"inLanguage":"pt-BR"},{"@type":"WebPage","@id":"https:\/\/radiolifefm.com.br\/noticias\/temporal-com-chuva-e-ventos-fortes-provocaram-destelhamento-na-igreja-matriz-de-lucelia\/","url":"https:\/\/radiolifefm.com.br\/noticias\/temporal-com-chuva-e-ventos-fortes-provocaram-destelhamento-na-igreja-matriz-de-lucelia\/","name":"Temporal com chuva e ventos fortes provocaram destelhamento na Igreja Matriz de Luc\u00e9lia - R\u00e1dio Life FM","isPartOf":{"@id":"https:\/\/radiolifefm.com.br\/noticias\/#website"},"primaryImageOfPage":{"@id":"https:\/\/radiolifefm.com.br\/noticias\/temporal-com-chuva-e-ventos-fortes-provocaram-destelhamento-na-igreja-matriz-de-lucelia\/#primaryimage"},"image":{"@id":"https:\/\/radiolifefm.com.br\/noticias\/temporal-com-chuva-e-ventos-fortes-provocaram-destelhamento-na-igreja-matriz-de-lucelia\/#primaryimage"},"thumbnailUrl":"https:\/\/radiolifefm.com.br\/noticias\/wp-content\/uploads\/2020\/01\/Igreja-Luc\u00e9lia-3.jpg","datePublished":"2020-01-13T11:49:36+00:00","dateModified":"2026-04-21T13:55:41+00:00","breadcrumb":{"@id":"https:\/\/radiolifefm.com.br\/noticias\/temporal-com-chuva-e-ventos-fortes-provocaram-destelhamento-na-igreja-matriz-de-lucelia\/#breadcrumb"},"inLanguage":"pt-BR","potentialAction":[{"@type":"ReadAction","target":["https:\/\/radiolifefm.com.br\/noticias\/temporal-com-chuva-e-ventos-fortes-provocaram-destelhamento-na-igreja-matriz-de-lucelia\/"]}]},{"@type":"ImageObject","inLanguage":"pt-BR","@id":"https:\/\/radiolifefm.com.br\/noticias\/temporal-com-chuva-e-ventos-fortes-provocaram-destelhamento-na-igreja-matriz-de-lucelia\/#primaryimage","url":"https:\/\/radiolifefm.com.br\/noticias\/wp-content\/uploads\/2020\/01\/Igreja-Luc\u00e9lia-3.jpg","contentUrl":"https:\/\/radiolifefm.com.br\/noticias\/wp-content\/uploads\/2020\/01\/Igreja-Luc\u00e9lia-3.jpg","width":780,"height":1040,"caption":"Igreja Matriz de Luc\u00e9lia destelhada pelos fortes ventos ocorridos na tarde deste domingo - Fotos \u2013 Reprodu\u00e7\u00e3o\/Redes sociais."},{"@type":"BreadcrumbList","@id":"https:\/\/radiolifefm.com.br\/noticias\/temporal-com-chuva-e-ventos-fortes-provocaram-destelhamento-na-igreja-matriz-de-lucelia\/#breadcrumb","itemListElement":[{"@type":"ListItem","position":1,"name":"In\u00edcio","item":"https:\/\/radiolifefm.com.br\/noticias\/"},{"@type":"ListItem","position":2,"name":"Temporal com chuva e ventos fortes provocaram destelhamento na Igreja Matriz de Luc\u00e9lia"}]},{"@type":"WebSite","@id":"https:\/\/radiolifefm.com.br\/noticias\/#website","url":"https:\/\/radiolifefm.com.br\/noticias\/","name":"R\u00e1dio Life FM","description":"O Portal de Not\u00edcias de Adamantina","publisher":{"@id":"https:\/\/radiolifefm.com.br\/noticias\/#organization"},"alternateName":"Life FM","potentialAction":[{"@type":"SearchAction","target":{"@type":"EntryPoint","urlTemplate":"https:\/\/radiolifefm.com.br\/noticias\/?s={search_term_string}"},"query-input":{"@type":"PropertyValueSpecification","valueRequired":true,"valueName":"search_term_string"}}],"inLanguage":"pt-BR"},{"@type":"Organization","@id":"https:\/\/radiolifefm.com.br\/noticias\/#organization","name":"R\u00e1dio Life FM","alternateName":"Life FM","url":"https:\/\/radiolifefm.com.br\/noticias\/","logo":{"@type":"ImageObject","inLanguage":"pt-BR","@id":"https:\/\/radiolifefm.com.br\/noticias\/#\/schema\/logo\/image\/","url":"https:\/\/static.radiolifefm.com.br\/noticias\/wp-content\/uploads\/2019\/10\/logo-lifefm.png","contentUrl":"https:\/\/static.radiolifefm.com.br\/noticias\/wp-content\/uploads\/2019\/10\/logo-lifefm.png","width":196,"height":47,"caption":"R\u00e1dio Life FM"},"image":{"@id":"https:\/\/radiolifefm.com.br\/noticias\/#\/schema\/logo\/image\/"},"sameAs":["https:\/\/www.facebook.com\/radiolifefm\/","https:\/\/www.instagram.com\/life1079fm\/"]},{"@type":"Person","@id":"https:\/\/radiolifefm.com.br\/noticias\/#\/schema\/person\/1d4e4b1301322090c6221bf1c8420490","name":"lifefm","image":{"@type":"ImageObject","inLanguage":"pt-BR","@id":"https:\/\/secure.gravatar.com\/avatar\/eca268467d925ec97d20641bb054fd944c0abb2f92854171620706bbe6474e7c?s=96&d=mm&r=g","url":"https:\/\/secure.gravatar.com\/avatar\/eca268467d925ec97d20641bb054fd944c0abb2f92854171620706bbe6474e7c?s=96&d=mm&r=g","contentUrl":"https:\/\/secure.gravatar.com\/avatar\/eca268467d925ec97d20641bb054fd944c0abb2f92854171620706bbe6474e7c?s=96&d=mm&r=g","caption":"lifefm"}}]}},"amp_enabled":true,"_links":{"self":[{"href":"https:\/\/radiolifefm.com.br\/noticias\/wp-json\/wp\/v2\/posts\/19465","targetHints":{"allow":["GET"]}}],"collection":[{"href":"https:\/\/radiolifefm.com.br\/noticias\/wp-json\/wp\/v2\/posts"}],"about":[{"href":"https:\/\/radiolifefm.com.br\/noticias\/wp-json\/wp\/v2\/types\/post"}],"author":[{"embeddable":true,"href":"https:\/\/radiolifefm.com.br\/noticias\/wp-json\/wp\/v2\/users\/3"}],"replies":[{"embeddable":true,"href":"https:\/\/radiolifefm.com.br\/noticias\/wp-json\/wp\/v2\/comments?post=19465"}],"version-history":[{"count":1,"href":"https:\/\/radiolifefm.com.br\/noticias\/wp-json\/wp\/v2\/posts\/19465\/revisions"}],"predecessor-version":[{"id":19470,"href":"https:\/\/radiolifefm.com.br\/noticias\/wp-json\/wp\/v2\/posts\/19465\/revisions\/19470"}],"wp:featuredmedia":[{"embeddable":true,"href":"https:\/\/radiolifefm.com.br\/noticias\/wp-json\/wp\/v2\/media\/19466"}],"wp:attachment":[{"href":"https:\/\/radiolifefm.com.br\/noticias\/wp-json\/wp\/v2\/media?parent=19465"}],"wp:term":[{"taxonomy":"category","embeddable":true,"href":"https:\/\/radiolifefm.com.br\/noticias\/wp-json\/wp\/v2\/categories?post=19465"},{"taxonomy":"post_tag","embeddable":true,"href":"https:\/\/radiolifefm.com.br\/noticias\/wp-json\/wp\/v2\/tags?post=19465"}],"curies":[{"name":"wp","href":"https:\/\/api.w.org\/{rel}","templated":true}]}}