{"id":19379,"date":"2020-01-08T08:42:50","date_gmt":"2020-01-08T11:42:50","guid":{"rendered":"https:\/\/radiolifefm.com.br\/noticias\/?p=19379"},"modified":"2026-04-22T10:26:09","modified_gmt":"2026-04-22T13:26:09","slug":"a-volta-dos-que-nao-foram-sergio-barbosa-opiniao","status":"publish","type":"post","link":"https:\/\/radiolifefm.com.br\/noticias\/a-volta-dos-que-nao-foram-sergio-barbosa-opiniao\/","title":{"rendered":"\u201cA volta dos que n\u00e3o foram&#8230;\u201d &#8211; S\u00e9rgio Barbosa &#8211; Opini\u00e3o"},"content":{"rendered":"<div id=\"fb-root\"><\/div>\n<p><strong>\u201cA volta dos que n\u00e3o foram&#8230;\u201d<\/strong><\/p>\n<p><em>\u201cPara Jesus, a religi\u00e3o deveria produzir compaix\u00e3o e conex\u00e3o e n\u00e3o arrog\u00e2ncia e autoritarismo.\u201d (Mark W. Baker)<\/em><\/p>\n<p><em>\u201cApatia \u00e9 sinal de desinteresse; indiferen\u00e7a \u00e9 sinal de desprezo; autoritarismo \u00e9 sinal de desrespeito; incoer\u00eancia \u00e9 sinal de falsidade.\u201d (Maria Cleide da Silva Cardoso Pereira)<\/em><\/p>\n<p><em>\u201cA arrog\u00e2ncia, irm\u00e3 g\u00eamea da mediocridade, \u00e9 o veneno mais contundente da alma e do esp\u00edrito, ela pode ferir sua v\u00edtima, mas seu dano maior ser\u00e1 para si pr\u00f3prio no decorrer de sua miser\u00e1vel exist\u00eancia\u201d. (Ivan Teorilang)<\/em><\/p>\n<p><em>S\u00e9rgio Barbosa (*)<\/em><\/p>\n<p>&nbsp;<\/p>\n<p>N\u00e3o se pode deixar de registrar que o denominado \u201csenso comum\u201d marcou presen\u00e7a nestas \u00faltimas elei\u00e7\u00f5es, ainda, ficou mais evidente do que muitas coisas podem mudar para o \u201cmal\u201d ou \u201cmau\u201d&#8230;<br \/>\nMas, nada melhor do que o tempo do tempo para trazer este tempo novo tempo nos quatro cantos do \u201cPa\u00eds do faz de conta\u201d e assim por diante, por\u00e9m, deve-se enfatizar mais do que nunca a frase, a saber: \u201cquem viver vai ver&#8230;\u201d<\/p>\n<p>Tamb\u00e9m, pode-se afirmar que em um \u201cprocesso democr\u00e1tico\u201d tudo pode ocorrer, ou seja, para este ou aquele lado, todavia, n\u00e3o se pode deixar que o \u201cautoritarismo e a trucul\u00eancia\u201d fa\u00e7am do resultado deste processo a sua conduta em nome disto ou daquilo&#8230;<\/p>\n<p>A vigil\u00e2ncia deve ser constante daqui pra frente, haja vista os desencontros patrocinados pelos pseudos donos do poder sem o poder, portanto, a \u201cuni\u00e3o faz a for\u00e7a\u201d nestes ocasos de um talvez&#8230;<\/p>\n<p>Os avan\u00e7os conquistados por meio das muitas lutas dos\/as trabalhadores\/as e suas bandeiras quanto \u00e0s muitas reivindica\u00e7\u00f5es e outras necessidades visando o \u201cbem estar social\u201d, n\u00e3o ser\u00e3o esquecidas neste cen\u00e1rio \u201cnebuloso\u201d que se apresenta em terras tupiniquins e provincianas&#8230;<\/p>\n<p>Outra coisa desta mesma coisa, o dito popular afirma \u201cque o mar n\u00e3o est\u00e1 pra peixe\u201d, portanto, daqui pra frente vai ser \u201ccada um pra si\u201d ou \u201csalve-se em puder\u201d&#8230;<br \/>\nMas, ainda bem que existe este \u201cmas\u201d pra fazer a diferen\u00e7a de um jeito ou de outro, entretanto, a reflex\u00e3o deve ser a pauta daqui pra frente em todas as \u00e1reas do mercado, bem como, na academia que tem por obriga\u00e7\u00e3o usar e abusar da \u201cautonomia universit\u00e1ria\u201d para que o conhecimento fa\u00e7a a diferen\u00e7a em tempo de escurid\u00e3o&#8230;<\/p>\n<p>Pra quem conhece, pode-se fazer um paralelo com o per\u00edodo medieval travestido tamb\u00e9m como \u201ca idade das trevas\u201d, quando a Igreja Cat\u00f3lica neste per\u00edodo da Hist\u00f3ria se colocava acima do \u201cbem e do mal\u201d por meio das suas \u201cboas a\u00e7\u00f5es\u201d em nome de \u201cDeus\u201d&#8230;<\/p>\n<p>O mais interessante neste per\u00edodo de \u201cca\u00e7a as bruxas\u201d, era que n\u00e3o se ca\u00e7ava os \u201cbruxos\u201d, portanto, mais uma vez ocorre neste \u201cPa\u00eds do faz de conta\u201d um poss\u00edvel retrocesso mediado pelo cristianismo, entretanto, desta vez patrocinada por uma maioria de \u201cevang\u00e9licos\u201d&#8230;<\/p>\n<p>A quest\u00e3o n\u00e3o ser radical frente aos acontecimentos e tudo mais, talvez, seja tudo de menos, mesmo assim, faz-se necess\u00e1rio \u201cmarcar posi\u00e7\u00e3o\u201d de um jeito ou de outro neste contexto plural com olhar de singular&#8230;<\/p>\n<p>Outro dito popular afirma, \u201ca sorte est\u00e1 lan\u00e7ada\u201d e assim, dizem, caminha a humanidade para todos os lados de um mesmo lado, assim, n\u00f3s fazemos as nossas escolhas, tal qual a proposta do \u201clivre arb\u00edtrio\u201d e o mundo continua rolando como se fosse uma \u201cbola\u201d sem dire\u00e7\u00e3o no jogo que est\u00e1 se iniciando e s\u00f3 mesmo um \u201cjuiz\u201d pode parar este jogo&#8230;<br \/>\nQuem sobreviver vai viver&#8230;<\/p>\n<div class='flex flex-wrap items-center -mx-1'>\r\n<a class='thumbnail gallery p-1 w-1\/2 md:w-1\/4' href='https:\/\/radiolifefm.com.br\/noticias\/wp-content\/uploads\/2020\/01\/Sebar-2.jpg'><img class='border border-white' src='https:\/\/radiolifefm.com.br\/noticias\/wp-content\/uploads\/2020\/01\/Sebar-2-200x200.jpg' alt='Sebar   2' \/><\/a><a class='thumbnail gallery p-1 w-1\/2 md:w-1\/4' href='https:\/\/radiolifefm.com.br\/noticias\/wp-content\/uploads\/2020\/01\/Sebar_M.jpg'><img class='border border-white' src='https:\/\/radiolifefm.com.br\/noticias\/wp-content\/uploads\/2020\/01\/Sebar_M-200x200.jpg' alt='Sebar_M' \/><\/a><a class='thumbnail gallery p-1 w-1\/2 md:w-1\/4' href='https:\/\/radiolifefm.com.br\/noticias\/wp-content\/uploads\/2020\/01\/Sebar-1.jpg'><img class='border border-white' src='https:\/\/radiolifefm.com.br\/noticias\/wp-content\/uploads\/2020\/01\/Sebar-1-200x200.jpg' alt='Sebar   1' \/><\/a><\/div>\n<p>_______________________<br \/>\n(*) Jornalista Diplomado e professor universit\u00e1rio.<\/p>\n","protected":false},"excerpt":{"rendered":"<p>\u201cA volta dos que n\u00e3o foram&#8230;\u201d \u201cPara Jesus, a religi\u00e3o deveria produzir compaix\u00e3o e conex\u00e3o e n\u00e3o arrog\u00e2ncia e autoritarismo.\u201d (Mark W. Baker) \u201cApatia \u00e9 sinal de desinteresse; indiferen\u00e7a \u00e9 sinal de desprezo; autoritarismo \u00e9 sinal de desrespeito; incoer\u00eancia \u00e9 sinal de falsidade.\u201d (Maria Cleide da Silva Cardoso Pereira) \u201cA arrog\u00e2ncia, irm\u00e3 g\u00eamea da mediocridade, [&hellip;]<\/p>\n","protected":false},"author":3,"featured_media":19380,"comment_status":"closed","ping_status":"open","sticky":false,"template":"","format":"standard","meta":{"_acf_changed":false,"_exactmetrics_skip_tracking":false,"_exactmetrics_sitenote_active":false,"_exactmetrics_sitenote_note":"","_exactmetrics_sitenote_category":0,"footnotes":""},"categories":[59],"tags":[],"class_list":["post-19379","post","type-post","status-publish","format-standard","has-post-thumbnail","hentry","category-opiniao"],"acf":[],"yoast_head":"<!-- This site is optimized with the Yoast SEO plugin v27.2 - https:\/\/yoast.com\/product\/yoast-seo-wordpress\/ -->\n<title>\u201cA volta dos que n\u00e3o foram...\u201d - S\u00e9rgio Barbosa - Opini\u00e3o - R\u00e1dio Life FM<\/title>\n<meta name=\"robots\" content=\"index, follow, max-snippet:-1, max-image-preview:large, max-video-preview:-1\" \/>\n<link rel=\"canonical\" href=\"https:\/\/radiolifefm.com.br\/noticias\/a-volta-dos-que-nao-foram-sergio-barbosa-opiniao\/\" \/>\n<meta property=\"og:locale\" content=\"pt_BR\" \/>\n<meta property=\"og:type\" content=\"article\" \/>\n<meta property=\"og:title\" content=\"\u201cA volta dos que n\u00e3o foram...\u201d - S\u00e9rgio Barbosa - Opini\u00e3o - R\u00e1dio Life FM\" \/>\n<meta property=\"og:description\" content=\"\u201cA volta dos que n\u00e3o foram&#8230;\u201d \u201cPara Jesus, a religi\u00e3o deveria produzir compaix\u00e3o e conex\u00e3o e n\u00e3o arrog\u00e2ncia e autoritarismo.\u201d (Mark W. Baker) \u201cApatia \u00e9 sinal de desinteresse; indiferen\u00e7a \u00e9 sinal de desprezo; autoritarismo \u00e9 sinal de desrespeito; incoer\u00eancia \u00e9 sinal de falsidade.\u201d (Maria Cleide da Silva Cardoso Pereira) \u201cA arrog\u00e2ncia, irm\u00e3 g\u00eamea da mediocridade, [&hellip;]\" \/>\n<meta property=\"og:url\" content=\"https:\/\/radiolifefm.com.br\/noticias\/a-volta-dos-que-nao-foram-sergio-barbosa-opiniao\/\" \/>\n<meta property=\"og:site_name\" content=\"R\u00e1dio Life FM\" \/>\n<meta property=\"article:publisher\" content=\"https:\/\/www.facebook.com\/radiolifefm\/\" \/>\n<meta property=\"article:published_time\" content=\"2020-01-08T11:42:50+00:00\" \/>\n<meta property=\"article:modified_time\" content=\"2026-04-22T13:26:09+00:00\" \/>\n<meta property=\"og:image\" content=\"https:\/\/radiolifefm.com.br\/noticias\/wp-content\/uploads\/2020\/01\/Sebar-1.jpg\" \/>\n\t<meta property=\"og:image:width\" content=\"2304\" \/>\n\t<meta property=\"og:image:height\" content=\"1728\" \/>\n\t<meta property=\"og:image:type\" content=\"image\/jpeg\" \/>\n<meta name=\"author\" content=\"lifefm\" \/>\n<meta name=\"twitter:card\" content=\"summary_large_image\" \/>\n<meta name=\"twitter:label1\" content=\"Escrito por\" \/>\n\t<meta name=\"twitter:data1\" content=\"lifefm\" \/>\n\t<meta name=\"twitter:label2\" content=\"Est. tempo de leitura\" \/>\n\t<meta name=\"twitter:data2\" content=\"3 minutos\" \/>\n<script type=\"application\/ld+json\" class=\"yoast-schema-graph\">{\"@context\":\"https:\/\/schema.org\",\"@graph\":[{\"@type\":\"Article\",\"@id\":\"https:\/\/radiolifefm.com.br\/noticias\/a-volta-dos-que-nao-foram-sergio-barbosa-opiniao\/#article\",\"isPartOf\":{\"@id\":\"https:\/\/radiolifefm.com.br\/noticias\/a-volta-dos-que-nao-foram-sergio-barbosa-opiniao\/\"},\"author\":{\"name\":\"lifefm\",\"@id\":\"https:\/\/radiolifefm.com.br\/noticias\/#\/schema\/person\/1d4e4b1301322090c6221bf1c8420490\"},\"headline\":\"\u201cA volta dos que n\u00e3o foram&#8230;\u201d &#8211; S\u00e9rgio Barbosa &#8211; Opini\u00e3o\",\"datePublished\":\"2020-01-08T11:42:50+00:00\",\"dateModified\":\"2026-04-22T13:26:09+00:00\",\"mainEntityOfPage\":{\"@id\":\"https:\/\/radiolifefm.com.br\/noticias\/a-volta-dos-que-nao-foram-sergio-barbosa-opiniao\/\"},\"wordCount\":633,\"publisher\":{\"@id\":\"https:\/\/radiolifefm.com.br\/noticias\/#organization\"},\"image\":{\"@id\":\"https:\/\/radiolifefm.com.br\/noticias\/a-volta-dos-que-nao-foram-sergio-barbosa-opiniao\/#primaryimage\"},\"thumbnailUrl\":\"https:\/\/radiolifefm.com.br\/noticias\/wp-content\/uploads\/2020\/01\/Sebar-1.jpg\",\"articleSection\":[\"Opini\u00e3o\"],\"inLanguage\":\"pt-BR\"},{\"@type\":\"WebPage\",\"@id\":\"https:\/\/radiolifefm.com.br\/noticias\/a-volta-dos-que-nao-foram-sergio-barbosa-opiniao\/\",\"url\":\"https:\/\/radiolifefm.com.br\/noticias\/a-volta-dos-que-nao-foram-sergio-barbosa-opiniao\/\",\"name\":\"\u201cA volta dos que n\u00e3o foram...\u201d - S\u00e9rgio Barbosa - Opini\u00e3o - R\u00e1dio Life FM\",\"isPartOf\":{\"@id\":\"https:\/\/radiolifefm.com.br\/noticias\/#website\"},\"primaryImageOfPage\":{\"@id\":\"https:\/\/radiolifefm.com.br\/noticias\/a-volta-dos-que-nao-foram-sergio-barbosa-opiniao\/#primaryimage\"},\"image\":{\"@id\":\"https:\/\/radiolifefm.com.br\/noticias\/a-volta-dos-que-nao-foram-sergio-barbosa-opiniao\/#primaryimage\"},\"thumbnailUrl\":\"https:\/\/radiolifefm.com.br\/noticias\/wp-content\/uploads\/2020\/01\/Sebar-1.jpg\",\"datePublished\":\"2020-01-08T11:42:50+00:00\",\"dateModified\":\"2026-04-22T13:26:09+00:00\",\"breadcrumb\":{\"@id\":\"https:\/\/radiolifefm.com.br\/noticias\/a-volta-dos-que-nao-foram-sergio-barbosa-opiniao\/#breadcrumb\"},\"inLanguage\":\"pt-BR\",\"potentialAction\":[{\"@type\":\"ReadAction\",\"target\":[\"https:\/\/radiolifefm.com.br\/noticias\/a-volta-dos-que-nao-foram-sergio-barbosa-opiniao\/\"]}]},{\"@type\":\"ImageObject\",\"inLanguage\":\"pt-BR\",\"@id\":\"https:\/\/radiolifefm.com.br\/noticias\/a-volta-dos-que-nao-foram-sergio-barbosa-opiniao\/#primaryimage\",\"url\":\"https:\/\/radiolifefm.com.br\/noticias\/wp-content\/uploads\/2020\/01\/Sebar-1.jpg\",\"contentUrl\":\"https:\/\/radiolifefm.com.br\/noticias\/wp-content\/uploads\/2020\/01\/Sebar-1.jpg\",\"width\":2304,\"height\":1728},{\"@type\":\"BreadcrumbList\",\"@id\":\"https:\/\/radiolifefm.com.br\/noticias\/a-volta-dos-que-nao-foram-sergio-barbosa-opiniao\/#breadcrumb\",\"itemListElement\":[{\"@type\":\"ListItem\",\"position\":1,\"name\":\"In\u00edcio\",\"item\":\"https:\/\/radiolifefm.com.br\/noticias\/\"},{\"@type\":\"ListItem\",\"position\":2,\"name\":\"\u201cA volta dos que n\u00e3o foram&#8230;\u201d &#8211; S\u00e9rgio Barbosa &#8211; Opini\u00e3o\"}]},{\"@type\":\"WebSite\",\"@id\":\"https:\/\/radiolifefm.com.br\/noticias\/#website\",\"url\":\"https:\/\/radiolifefm.com.br\/noticias\/\",\"name\":\"R\u00e1dio Life FM\",\"description\":\"O Portal de Not\u00edcias de Adamantina\",\"publisher\":{\"@id\":\"https:\/\/radiolifefm.com.br\/noticias\/#organization\"},\"alternateName\":\"Life FM\",\"potentialAction\":[{\"@type\":\"SearchAction\",\"target\":{\"@type\":\"EntryPoint\",\"urlTemplate\":\"https:\/\/radiolifefm.com.br\/noticias\/?s={search_term_string}\"},\"query-input\":{\"@type\":\"PropertyValueSpecification\",\"valueRequired\":true,\"valueName\":\"search_term_string\"}}],\"inLanguage\":\"pt-BR\"},{\"@type\":\"Organization\",\"@id\":\"https:\/\/radiolifefm.com.br\/noticias\/#organization\",\"name\":\"R\u00e1dio Life FM\",\"alternateName\":\"Life FM\",\"url\":\"https:\/\/radiolifefm.com.br\/noticias\/\",\"logo\":{\"@type\":\"ImageObject\",\"inLanguage\":\"pt-BR\",\"@id\":\"https:\/\/radiolifefm.com.br\/noticias\/#\/schema\/logo\/image\/\",\"url\":\"https:\/\/static.radiolifefm.com.br\/noticias\/wp-content\/uploads\/2019\/10\/logo-lifefm.png\",\"contentUrl\":\"https:\/\/static.radiolifefm.com.br\/noticias\/wp-content\/uploads\/2019\/10\/logo-lifefm.png\",\"width\":196,\"height\":47,\"caption\":\"R\u00e1dio Life FM\"},\"image\":{\"@id\":\"https:\/\/radiolifefm.com.br\/noticias\/#\/schema\/logo\/image\/\"},\"sameAs\":[\"https:\/\/www.facebook.com\/radiolifefm\/\",\"https:\/\/www.instagram.com\/life1079fm\/\"]},{\"@type\":\"Person\",\"@id\":\"https:\/\/radiolifefm.com.br\/noticias\/#\/schema\/person\/1d4e4b1301322090c6221bf1c8420490\",\"name\":\"lifefm\",\"image\":{\"@type\":\"ImageObject\",\"inLanguage\":\"pt-BR\",\"@id\":\"https:\/\/secure.gravatar.com\/avatar\/eca268467d925ec97d20641bb054fd944c0abb2f92854171620706bbe6474e7c?s=96&d=mm&r=g\",\"url\":\"https:\/\/secure.gravatar.com\/avatar\/eca268467d925ec97d20641bb054fd944c0abb2f92854171620706bbe6474e7c?s=96&d=mm&r=g\",\"contentUrl\":\"https:\/\/secure.gravatar.com\/avatar\/eca268467d925ec97d20641bb054fd944c0abb2f92854171620706bbe6474e7c?s=96&d=mm&r=g\",\"caption\":\"lifefm\"}}]}<\/script>\n<!-- \/ Yoast SEO plugin. -->","yoast_head_json":{"title":"\u201cA volta dos que n\u00e3o foram...\u201d - S\u00e9rgio Barbosa - Opini\u00e3o - R\u00e1dio Life FM","robots":{"index":"index","follow":"follow","max-snippet":"max-snippet:-1","max-image-preview":"max-image-preview:large","max-video-preview":"max-video-preview:-1"},"canonical":"https:\/\/radiolifefm.com.br\/noticias\/a-volta-dos-que-nao-foram-sergio-barbosa-opiniao\/","og_locale":"pt_BR","og_type":"article","og_title":"\u201cA volta dos que n\u00e3o foram...\u201d - S\u00e9rgio Barbosa - Opini\u00e3o - R\u00e1dio Life FM","og_description":"\u201cA volta dos que n\u00e3o foram&#8230;\u201d \u201cPara Jesus, a religi\u00e3o deveria produzir compaix\u00e3o e conex\u00e3o e n\u00e3o arrog\u00e2ncia e autoritarismo.\u201d (Mark W. Baker) \u201cApatia \u00e9 sinal de desinteresse; indiferen\u00e7a \u00e9 sinal de desprezo; autoritarismo \u00e9 sinal de desrespeito; incoer\u00eancia \u00e9 sinal de falsidade.\u201d (Maria Cleide da Silva Cardoso Pereira) \u201cA arrog\u00e2ncia, irm\u00e3 g\u00eamea da mediocridade, [&hellip;]","og_url":"https:\/\/radiolifefm.com.br\/noticias\/a-volta-dos-que-nao-foram-sergio-barbosa-opiniao\/","og_site_name":"R\u00e1dio Life FM","article_publisher":"https:\/\/www.facebook.com\/radiolifefm\/","article_published_time":"2020-01-08T11:42:50+00:00","article_modified_time":"2026-04-22T13:26:09+00:00","og_image":[{"width":2304,"height":1728,"url":"https:\/\/radiolifefm.com.br\/noticias\/wp-content\/uploads\/2020\/01\/Sebar-1.jpg","type":"image\/jpeg"}],"author":"lifefm","twitter_card":"summary_large_image","twitter_misc":{"Escrito por":"lifefm","Est. tempo de leitura":"3 minutos"},"schema":{"@context":"https:\/\/schema.org","@graph":[{"@type":"Article","@id":"https:\/\/radiolifefm.com.br\/noticias\/a-volta-dos-que-nao-foram-sergio-barbosa-opiniao\/#article","isPartOf":{"@id":"https:\/\/radiolifefm.com.br\/noticias\/a-volta-dos-que-nao-foram-sergio-barbosa-opiniao\/"},"author":{"name":"lifefm","@id":"https:\/\/radiolifefm.com.br\/noticias\/#\/schema\/person\/1d4e4b1301322090c6221bf1c8420490"},"headline":"\u201cA volta dos que n\u00e3o foram&#8230;\u201d &#8211; S\u00e9rgio Barbosa &#8211; Opini\u00e3o","datePublished":"2020-01-08T11:42:50+00:00","dateModified":"2026-04-22T13:26:09+00:00","mainEntityOfPage":{"@id":"https:\/\/radiolifefm.com.br\/noticias\/a-volta-dos-que-nao-foram-sergio-barbosa-opiniao\/"},"wordCount":633,"publisher":{"@id":"https:\/\/radiolifefm.com.br\/noticias\/#organization"},"image":{"@id":"https:\/\/radiolifefm.com.br\/noticias\/a-volta-dos-que-nao-foram-sergio-barbosa-opiniao\/#primaryimage"},"thumbnailUrl":"https:\/\/radiolifefm.com.br\/noticias\/wp-content\/uploads\/2020\/01\/Sebar-1.jpg","articleSection":["Opini\u00e3o"],"inLanguage":"pt-BR"},{"@type":"WebPage","@id":"https:\/\/radiolifefm.com.br\/noticias\/a-volta-dos-que-nao-foram-sergio-barbosa-opiniao\/","url":"https:\/\/radiolifefm.com.br\/noticias\/a-volta-dos-que-nao-foram-sergio-barbosa-opiniao\/","name":"\u201cA volta dos que n\u00e3o foram...\u201d - S\u00e9rgio Barbosa - Opini\u00e3o - R\u00e1dio Life FM","isPartOf":{"@id":"https:\/\/radiolifefm.com.br\/noticias\/#website"},"primaryImageOfPage":{"@id":"https:\/\/radiolifefm.com.br\/noticias\/a-volta-dos-que-nao-foram-sergio-barbosa-opiniao\/#primaryimage"},"image":{"@id":"https:\/\/radiolifefm.com.br\/noticias\/a-volta-dos-que-nao-foram-sergio-barbosa-opiniao\/#primaryimage"},"thumbnailUrl":"https:\/\/radiolifefm.com.br\/noticias\/wp-content\/uploads\/2020\/01\/Sebar-1.jpg","datePublished":"2020-01-08T11:42:50+00:00","dateModified":"2026-04-22T13:26:09+00:00","breadcrumb":{"@id":"https:\/\/radiolifefm.com.br\/noticias\/a-volta-dos-que-nao-foram-sergio-barbosa-opiniao\/#breadcrumb"},"inLanguage":"pt-BR","potentialAction":[{"@type":"ReadAction","target":["https:\/\/radiolifefm.com.br\/noticias\/a-volta-dos-que-nao-foram-sergio-barbosa-opiniao\/"]}]},{"@type":"ImageObject","inLanguage":"pt-BR","@id":"https:\/\/radiolifefm.com.br\/noticias\/a-volta-dos-que-nao-foram-sergio-barbosa-opiniao\/#primaryimage","url":"https:\/\/radiolifefm.com.br\/noticias\/wp-content\/uploads\/2020\/01\/Sebar-1.jpg","contentUrl":"https:\/\/radiolifefm.com.br\/noticias\/wp-content\/uploads\/2020\/01\/Sebar-1.jpg","width":2304,"height":1728},{"@type":"BreadcrumbList","@id":"https:\/\/radiolifefm.com.br\/noticias\/a-volta-dos-que-nao-foram-sergio-barbosa-opiniao\/#breadcrumb","itemListElement":[{"@type":"ListItem","position":1,"name":"In\u00edcio","item":"https:\/\/radiolifefm.com.br\/noticias\/"},{"@type":"ListItem","position":2,"name":"\u201cA volta dos que n\u00e3o foram&#8230;\u201d &#8211; S\u00e9rgio Barbosa &#8211; Opini\u00e3o"}]},{"@type":"WebSite","@id":"https:\/\/radiolifefm.com.br\/noticias\/#website","url":"https:\/\/radiolifefm.com.br\/noticias\/","name":"R\u00e1dio Life FM","description":"O Portal de Not\u00edcias de Adamantina","publisher":{"@id":"https:\/\/radiolifefm.com.br\/noticias\/#organization"},"alternateName":"Life FM","potentialAction":[{"@type":"SearchAction","target":{"@type":"EntryPoint","urlTemplate":"https:\/\/radiolifefm.com.br\/noticias\/?s={search_term_string}"},"query-input":{"@type":"PropertyValueSpecification","valueRequired":true,"valueName":"search_term_string"}}],"inLanguage":"pt-BR"},{"@type":"Organization","@id":"https:\/\/radiolifefm.com.br\/noticias\/#organization","name":"R\u00e1dio Life FM","alternateName":"Life FM","url":"https:\/\/radiolifefm.com.br\/noticias\/","logo":{"@type":"ImageObject","inLanguage":"pt-BR","@id":"https:\/\/radiolifefm.com.br\/noticias\/#\/schema\/logo\/image\/","url":"https:\/\/static.radiolifefm.com.br\/noticias\/wp-content\/uploads\/2019\/10\/logo-lifefm.png","contentUrl":"https:\/\/static.radiolifefm.com.br\/noticias\/wp-content\/uploads\/2019\/10\/logo-lifefm.png","width":196,"height":47,"caption":"R\u00e1dio Life FM"},"image":{"@id":"https:\/\/radiolifefm.com.br\/noticias\/#\/schema\/logo\/image\/"},"sameAs":["https:\/\/www.facebook.com\/radiolifefm\/","https:\/\/www.instagram.com\/life1079fm\/"]},{"@type":"Person","@id":"https:\/\/radiolifefm.com.br\/noticias\/#\/schema\/person\/1d4e4b1301322090c6221bf1c8420490","name":"lifefm","image":{"@type":"ImageObject","inLanguage":"pt-BR","@id":"https:\/\/secure.gravatar.com\/avatar\/eca268467d925ec97d20641bb054fd944c0abb2f92854171620706bbe6474e7c?s=96&d=mm&r=g","url":"https:\/\/secure.gravatar.com\/avatar\/eca268467d925ec97d20641bb054fd944c0abb2f92854171620706bbe6474e7c?s=96&d=mm&r=g","contentUrl":"https:\/\/secure.gravatar.com\/avatar\/eca268467d925ec97d20641bb054fd944c0abb2f92854171620706bbe6474e7c?s=96&d=mm&r=g","caption":"lifefm"}}]}},"amp_enabled":true,"_links":{"self":[{"href":"https:\/\/radiolifefm.com.br\/noticias\/wp-json\/wp\/v2\/posts\/19379","targetHints":{"allow":["GET"]}}],"collection":[{"href":"https:\/\/radiolifefm.com.br\/noticias\/wp-json\/wp\/v2\/posts"}],"about":[{"href":"https:\/\/radiolifefm.com.br\/noticias\/wp-json\/wp\/v2\/types\/post"}],"author":[{"embeddable":true,"href":"https:\/\/radiolifefm.com.br\/noticias\/wp-json\/wp\/v2\/users\/3"}],"replies":[{"embeddable":true,"href":"https:\/\/radiolifefm.com.br\/noticias\/wp-json\/wp\/v2\/comments?post=19379"}],"version-history":[{"count":1,"href":"https:\/\/radiolifefm.com.br\/noticias\/wp-json\/wp\/v2\/posts\/19379\/revisions"}],"predecessor-version":[{"id":19384,"href":"https:\/\/radiolifefm.com.br\/noticias\/wp-json\/wp\/v2\/posts\/19379\/revisions\/19384"}],"wp:featuredmedia":[{"embeddable":true,"href":"https:\/\/radiolifefm.com.br\/noticias\/wp-json\/wp\/v2\/media\/19380"}],"wp:attachment":[{"href":"https:\/\/radiolifefm.com.br\/noticias\/wp-json\/wp\/v2\/media?parent=19379"}],"wp:term":[{"taxonomy":"category","embeddable":true,"href":"https:\/\/radiolifefm.com.br\/noticias\/wp-json\/wp\/v2\/categories?post=19379"},{"taxonomy":"post_tag","embeddable":true,"href":"https:\/\/radiolifefm.com.br\/noticias\/wp-json\/wp\/v2\/tags?post=19379"}],"curies":[{"name":"wp","href":"https:\/\/api.w.org\/{rel}","templated":true}]}}