{"id":19312,"date":"2020-01-02T09:48:51","date_gmt":"2020-01-02T12:48:51","guid":{"rendered":"https:\/\/radiolifefm.com.br\/noticias\/?p=19312"},"modified":"2026-04-28T05:24:40","modified_gmt":"2026-04-28T08:24:40","slug":"homem-morre-apos-passar-mal-no-clube-dos-30-em-parapua","status":"publish","type":"post","link":"https:\/\/radiolifefm.com.br\/noticias\/homem-morre-apos-passar-mal-no-clube-dos-30-em-parapua\/","title":{"rendered":"Homem morre ap\u00f3s passar mal no Clube dos 30 em Parapu\u00e3"},"content":{"rendered":"<div id=\"fb-root\"><\/div>\n<p><em>A Fam\u00edlia de S\u00e9rgio n\u00e3o confirmou o afogamento<\/em><\/p>\n<p>O morador de Osvaldo Cruz, S\u00e9rgio da Costa, morreu no final da tarde desta quarta-feira (01), ap\u00f3s sofrer um poss\u00edvel infarto nas depend\u00eancias do clube dos 30, em Parapu\u00e3.<\/p>\n<p>Informa\u00e7\u00f5es previamente confirmadas pela fam\u00edlia, revelam que S\u00e9rgio, ap\u00f3s sofrer poss\u00edvel infarto, que deve ser confirmado, ap\u00f3s aut\u00f3psia, acabou caindo na piscina, onde passava as festividades de Ano Novo junto a fam\u00edlia.<\/p>\n<p>A equipe de socorro da ambul\u00e2ncia de Parapu\u00e3 foi acionada ao local. A v\u00edtima foi recolhida para atendimento m\u00e9dico, por\u00e9m chegou sem vida na Santa Casa.<\/p>\n<p>Fam\u00edlia n\u00e3o confirmaram o afogamento, alegando que S\u00e9rgio foi imediatamente socorrido assim que caiu na \u00e1gua.<\/p>\n<p>&nbsp;<\/p>\n<p>Fonte: Diogo Oliveira _ Do Guia Online Parapu\u00e3<\/p>\n","protected":false},"excerpt":{"rendered":"<p>A Fam\u00edlia de S\u00e9rgio n\u00e3o confirmou o afogamento O morador de Osvaldo Cruz, S\u00e9rgio da Costa, morreu no final da tarde desta quarta-feira (01), ap\u00f3s sofrer um poss\u00edvel infarto nas depend\u00eancias do clube dos 30, em Parapu\u00e3. Informa\u00e7\u00f5es previamente confirmadas pela fam\u00edlia, revelam que S\u00e9rgio, ap\u00f3s sofrer poss\u00edvel infarto, que deve ser confirmado, ap\u00f3s aut\u00f3psia, [&hellip;]<\/p>\n","protected":false},"author":3,"featured_media":19313,"comment_status":"closed","ping_status":"open","sticky":false,"template":"","format":"standard","meta":{"_acf_changed":false,"_exactmetrics_skip_tracking":false,"_exactmetrics_sitenote_active":false,"_exactmetrics_sitenote_note":"","_exactmetrics_sitenote_category":0,"footnotes":""},"categories":[24],"tags":[],"class_list":["post-19312","post","type-post","status-publish","format-standard","has-post-thumbnail","hentry","category-regiao"],"acf":[],"yoast_head":"<!-- This site is optimized with the Yoast SEO plugin v27.2 - https:\/\/yoast.com\/product\/yoast-seo-wordpress\/ -->\n<title>Homem morre ap\u00f3s passar mal no Clube dos 30 em Parapu\u00e3 - R\u00e1dio Life FM<\/title>\n<meta name=\"robots\" content=\"index, follow, max-snippet:-1, max-image-preview:large, max-video-preview:-1\" \/>\n<link rel=\"canonical\" href=\"https:\/\/radiolifefm.com.br\/noticias\/homem-morre-apos-passar-mal-no-clube-dos-30-em-parapua\/\" \/>\n<meta property=\"og:locale\" content=\"pt_BR\" \/>\n<meta property=\"og:type\" content=\"article\" \/>\n<meta property=\"og:title\" content=\"Homem morre ap\u00f3s passar mal no Clube dos 30 em Parapu\u00e3 - R\u00e1dio Life FM\" \/>\n<meta property=\"og:description\" content=\"A Fam\u00edlia de S\u00e9rgio n\u00e3o confirmou o afogamento O morador de Osvaldo Cruz, S\u00e9rgio da Costa, morreu no final da tarde desta quarta-feira (01), ap\u00f3s sofrer um poss\u00edvel infarto nas depend\u00eancias do clube dos 30, em Parapu\u00e3. Informa\u00e7\u00f5es previamente confirmadas pela fam\u00edlia, revelam que S\u00e9rgio, ap\u00f3s sofrer poss\u00edvel infarto, que deve ser confirmado, ap\u00f3s aut\u00f3psia, [&hellip;]\" \/>\n<meta property=\"og:url\" content=\"https:\/\/radiolifefm.com.br\/noticias\/homem-morre-apos-passar-mal-no-clube-dos-30-em-parapua\/\" \/>\n<meta property=\"og:site_name\" content=\"R\u00e1dio Life FM\" \/>\n<meta property=\"article:publisher\" content=\"https:\/\/www.facebook.com\/radiolifefm\/\" \/>\n<meta property=\"article:published_time\" content=\"2020-01-02T12:48:51+00:00\" \/>\n<meta property=\"article:modified_time\" content=\"2026-04-28T08:24:40+00:00\" \/>\n<meta property=\"og:image\" content=\"https:\/\/radiolifefm.com.br\/noticias\/wp-content\/uploads\/2020\/01\/Morreu-no-Clube-dos-30.jpg\" \/>\n\t<meta property=\"og:image:width\" content=\"500\" \/>\n\t<meta property=\"og:image:height\" content=\"323\" \/>\n\t<meta property=\"og:image:type\" content=\"image\/jpeg\" \/>\n<meta name=\"author\" content=\"lifefm\" \/>\n<meta name=\"twitter:card\" content=\"summary_large_image\" \/>\n<meta name=\"twitter:label1\" content=\"Escrito por\" \/>\n\t<meta name=\"twitter:data1\" content=\"lifefm\" \/>\n\t<meta name=\"twitter:label2\" content=\"Est. tempo de leitura\" \/>\n\t<meta name=\"twitter:data2\" content=\"1 minuto\" \/>\n<script type=\"application\/ld+json\" class=\"yoast-schema-graph\">{\"@context\":\"https:\/\/schema.org\",\"@graph\":[{\"@type\":\"Article\",\"@id\":\"https:\/\/radiolifefm.com.br\/noticias\/homem-morre-apos-passar-mal-no-clube-dos-30-em-parapua\/#article\",\"isPartOf\":{\"@id\":\"https:\/\/radiolifefm.com.br\/noticias\/homem-morre-apos-passar-mal-no-clube-dos-30-em-parapua\/\"},\"author\":{\"name\":\"lifefm\",\"@id\":\"https:\/\/radiolifefm.com.br\/noticias\/#\/schema\/person\/1d4e4b1301322090c6221bf1c8420490\"},\"headline\":\"Homem morre ap\u00f3s passar mal no Clube dos 30 em Parapu\u00e3\",\"datePublished\":\"2020-01-02T12:48:51+00:00\",\"dateModified\":\"2026-04-28T08:24:40+00:00\",\"mainEntityOfPage\":{\"@id\":\"https:\/\/radiolifefm.com.br\/noticias\/homem-morre-apos-passar-mal-no-clube-dos-30-em-parapua\/\"},\"wordCount\":150,\"publisher\":{\"@id\":\"https:\/\/radiolifefm.com.br\/noticias\/#organization\"},\"image\":{\"@id\":\"https:\/\/radiolifefm.com.br\/noticias\/homem-morre-apos-passar-mal-no-clube-dos-30-em-parapua\/#primaryimage\"},\"thumbnailUrl\":\"https:\/\/radiolifefm.com.br\/noticias\/wp-content\/uploads\/2020\/01\/Morreu-no-Clube-dos-30.jpg\",\"articleSection\":[\"Regi\u00e3o\"],\"inLanguage\":\"pt-BR\"},{\"@type\":\"WebPage\",\"@id\":\"https:\/\/radiolifefm.com.br\/noticias\/homem-morre-apos-passar-mal-no-clube-dos-30-em-parapua\/\",\"url\":\"https:\/\/radiolifefm.com.br\/noticias\/homem-morre-apos-passar-mal-no-clube-dos-30-em-parapua\/\",\"name\":\"Homem morre ap\u00f3s passar mal no Clube dos 30 em Parapu\u00e3 - R\u00e1dio Life FM\",\"isPartOf\":{\"@id\":\"https:\/\/radiolifefm.com.br\/noticias\/#website\"},\"primaryImageOfPage\":{\"@id\":\"https:\/\/radiolifefm.com.br\/noticias\/homem-morre-apos-passar-mal-no-clube-dos-30-em-parapua\/#primaryimage\"},\"image\":{\"@id\":\"https:\/\/radiolifefm.com.br\/noticias\/homem-morre-apos-passar-mal-no-clube-dos-30-em-parapua\/#primaryimage\"},\"thumbnailUrl\":\"https:\/\/radiolifefm.com.br\/noticias\/wp-content\/uploads\/2020\/01\/Morreu-no-Clube-dos-30.jpg\",\"datePublished\":\"2020-01-02T12:48:51+00:00\",\"dateModified\":\"2026-04-28T08:24:40+00:00\",\"breadcrumb\":{\"@id\":\"https:\/\/radiolifefm.com.br\/noticias\/homem-morre-apos-passar-mal-no-clube-dos-30-em-parapua\/#breadcrumb\"},\"inLanguage\":\"pt-BR\",\"potentialAction\":[{\"@type\":\"ReadAction\",\"target\":[\"https:\/\/radiolifefm.com.br\/noticias\/homem-morre-apos-passar-mal-no-clube-dos-30-em-parapua\/\"]}]},{\"@type\":\"ImageObject\",\"inLanguage\":\"pt-BR\",\"@id\":\"https:\/\/radiolifefm.com.br\/noticias\/homem-morre-apos-passar-mal-no-clube-dos-30-em-parapua\/#primaryimage\",\"url\":\"https:\/\/radiolifefm.com.br\/noticias\/wp-content\/uploads\/2020\/01\/Morreu-no-Clube-dos-30.jpg\",\"contentUrl\":\"https:\/\/radiolifefm.com.br\/noticias\/wp-content\/uploads\/2020\/01\/Morreu-no-Clube-dos-30.jpg\",\"width\":500,\"height\":323},{\"@type\":\"BreadcrumbList\",\"@id\":\"https:\/\/radiolifefm.com.br\/noticias\/homem-morre-apos-passar-mal-no-clube-dos-30-em-parapua\/#breadcrumb\",\"itemListElement\":[{\"@type\":\"ListItem\",\"position\":1,\"name\":\"In\u00edcio\",\"item\":\"https:\/\/radiolifefm.com.br\/noticias\/\"},{\"@type\":\"ListItem\",\"position\":2,\"name\":\"Homem morre ap\u00f3s passar mal no Clube dos 30 em Parapu\u00e3\"}]},{\"@type\":\"WebSite\",\"@id\":\"https:\/\/radiolifefm.com.br\/noticias\/#website\",\"url\":\"https:\/\/radiolifefm.com.br\/noticias\/\",\"name\":\"R\u00e1dio Life FM\",\"description\":\"O Portal de Not\u00edcias de Adamantina\",\"publisher\":{\"@id\":\"https:\/\/radiolifefm.com.br\/noticias\/#organization\"},\"alternateName\":\"Life FM\",\"potentialAction\":[{\"@type\":\"SearchAction\",\"target\":{\"@type\":\"EntryPoint\",\"urlTemplate\":\"https:\/\/radiolifefm.com.br\/noticias\/?s={search_term_string}\"},\"query-input\":{\"@type\":\"PropertyValueSpecification\",\"valueRequired\":true,\"valueName\":\"search_term_string\"}}],\"inLanguage\":\"pt-BR\"},{\"@type\":\"Organization\",\"@id\":\"https:\/\/radiolifefm.com.br\/noticias\/#organization\",\"name\":\"R\u00e1dio Life FM\",\"alternateName\":\"Life FM\",\"url\":\"https:\/\/radiolifefm.com.br\/noticias\/\",\"logo\":{\"@type\":\"ImageObject\",\"inLanguage\":\"pt-BR\",\"@id\":\"https:\/\/radiolifefm.com.br\/noticias\/#\/schema\/logo\/image\/\",\"url\":\"https:\/\/static.radiolifefm.com.br\/noticias\/wp-content\/uploads\/2019\/10\/logo-lifefm.png\",\"contentUrl\":\"https:\/\/static.radiolifefm.com.br\/noticias\/wp-content\/uploads\/2019\/10\/logo-lifefm.png\",\"width\":196,\"height\":47,\"caption\":\"R\u00e1dio Life FM\"},\"image\":{\"@id\":\"https:\/\/radiolifefm.com.br\/noticias\/#\/schema\/logo\/image\/\"},\"sameAs\":[\"https:\/\/www.facebook.com\/radiolifefm\/\",\"https:\/\/www.instagram.com\/life1079fm\/\"]},{\"@type\":\"Person\",\"@id\":\"https:\/\/radiolifefm.com.br\/noticias\/#\/schema\/person\/1d4e4b1301322090c6221bf1c8420490\",\"name\":\"lifefm\",\"image\":{\"@type\":\"ImageObject\",\"inLanguage\":\"pt-BR\",\"@id\":\"https:\/\/secure.gravatar.com\/avatar\/eca268467d925ec97d20641bb054fd944c0abb2f92854171620706bbe6474e7c?s=96&d=mm&r=g\",\"url\":\"https:\/\/secure.gravatar.com\/avatar\/eca268467d925ec97d20641bb054fd944c0abb2f92854171620706bbe6474e7c?s=96&d=mm&r=g\",\"contentUrl\":\"https:\/\/secure.gravatar.com\/avatar\/eca268467d925ec97d20641bb054fd944c0abb2f92854171620706bbe6474e7c?s=96&d=mm&r=g\",\"caption\":\"lifefm\"}}]}<\/script>\n<!-- \/ Yoast SEO plugin. -->","yoast_head_json":{"title":"Homem morre ap\u00f3s passar mal no Clube dos 30 em Parapu\u00e3 - R\u00e1dio Life FM","robots":{"index":"index","follow":"follow","max-snippet":"max-snippet:-1","max-image-preview":"max-image-preview:large","max-video-preview":"max-video-preview:-1"},"canonical":"https:\/\/radiolifefm.com.br\/noticias\/homem-morre-apos-passar-mal-no-clube-dos-30-em-parapua\/","og_locale":"pt_BR","og_type":"article","og_title":"Homem morre ap\u00f3s passar mal no Clube dos 30 em Parapu\u00e3 - R\u00e1dio Life FM","og_description":"A Fam\u00edlia de S\u00e9rgio n\u00e3o confirmou o afogamento O morador de Osvaldo Cruz, S\u00e9rgio da Costa, morreu no final da tarde desta quarta-feira (01), ap\u00f3s sofrer um poss\u00edvel infarto nas depend\u00eancias do clube dos 30, em Parapu\u00e3. Informa\u00e7\u00f5es previamente confirmadas pela fam\u00edlia, revelam que S\u00e9rgio, ap\u00f3s sofrer poss\u00edvel infarto, que deve ser confirmado, ap\u00f3s aut\u00f3psia, [&hellip;]","og_url":"https:\/\/radiolifefm.com.br\/noticias\/homem-morre-apos-passar-mal-no-clube-dos-30-em-parapua\/","og_site_name":"R\u00e1dio Life FM","article_publisher":"https:\/\/www.facebook.com\/radiolifefm\/","article_published_time":"2020-01-02T12:48:51+00:00","article_modified_time":"2026-04-28T08:24:40+00:00","og_image":[{"width":500,"height":323,"url":"https:\/\/radiolifefm.com.br\/noticias\/wp-content\/uploads\/2020\/01\/Morreu-no-Clube-dos-30.jpg","type":"image\/jpeg"}],"author":"lifefm","twitter_card":"summary_large_image","twitter_misc":{"Escrito por":"lifefm","Est. tempo de leitura":"1 minuto"},"schema":{"@context":"https:\/\/schema.org","@graph":[{"@type":"Article","@id":"https:\/\/radiolifefm.com.br\/noticias\/homem-morre-apos-passar-mal-no-clube-dos-30-em-parapua\/#article","isPartOf":{"@id":"https:\/\/radiolifefm.com.br\/noticias\/homem-morre-apos-passar-mal-no-clube-dos-30-em-parapua\/"},"author":{"name":"lifefm","@id":"https:\/\/radiolifefm.com.br\/noticias\/#\/schema\/person\/1d4e4b1301322090c6221bf1c8420490"},"headline":"Homem morre ap\u00f3s passar mal no Clube dos 30 em Parapu\u00e3","datePublished":"2020-01-02T12:48:51+00:00","dateModified":"2026-04-28T08:24:40+00:00","mainEntityOfPage":{"@id":"https:\/\/radiolifefm.com.br\/noticias\/homem-morre-apos-passar-mal-no-clube-dos-30-em-parapua\/"},"wordCount":150,"publisher":{"@id":"https:\/\/radiolifefm.com.br\/noticias\/#organization"},"image":{"@id":"https:\/\/radiolifefm.com.br\/noticias\/homem-morre-apos-passar-mal-no-clube-dos-30-em-parapua\/#primaryimage"},"thumbnailUrl":"https:\/\/radiolifefm.com.br\/noticias\/wp-content\/uploads\/2020\/01\/Morreu-no-Clube-dos-30.jpg","articleSection":["Regi\u00e3o"],"inLanguage":"pt-BR"},{"@type":"WebPage","@id":"https:\/\/radiolifefm.com.br\/noticias\/homem-morre-apos-passar-mal-no-clube-dos-30-em-parapua\/","url":"https:\/\/radiolifefm.com.br\/noticias\/homem-morre-apos-passar-mal-no-clube-dos-30-em-parapua\/","name":"Homem morre ap\u00f3s passar mal no Clube dos 30 em Parapu\u00e3 - R\u00e1dio Life FM","isPartOf":{"@id":"https:\/\/radiolifefm.com.br\/noticias\/#website"},"primaryImageOfPage":{"@id":"https:\/\/radiolifefm.com.br\/noticias\/homem-morre-apos-passar-mal-no-clube-dos-30-em-parapua\/#primaryimage"},"image":{"@id":"https:\/\/radiolifefm.com.br\/noticias\/homem-morre-apos-passar-mal-no-clube-dos-30-em-parapua\/#primaryimage"},"thumbnailUrl":"https:\/\/radiolifefm.com.br\/noticias\/wp-content\/uploads\/2020\/01\/Morreu-no-Clube-dos-30.jpg","datePublished":"2020-01-02T12:48:51+00:00","dateModified":"2026-04-28T08:24:40+00:00","breadcrumb":{"@id":"https:\/\/radiolifefm.com.br\/noticias\/homem-morre-apos-passar-mal-no-clube-dos-30-em-parapua\/#breadcrumb"},"inLanguage":"pt-BR","potentialAction":[{"@type":"ReadAction","target":["https:\/\/radiolifefm.com.br\/noticias\/homem-morre-apos-passar-mal-no-clube-dos-30-em-parapua\/"]}]},{"@type":"ImageObject","inLanguage":"pt-BR","@id":"https:\/\/radiolifefm.com.br\/noticias\/homem-morre-apos-passar-mal-no-clube-dos-30-em-parapua\/#primaryimage","url":"https:\/\/radiolifefm.com.br\/noticias\/wp-content\/uploads\/2020\/01\/Morreu-no-Clube-dos-30.jpg","contentUrl":"https:\/\/radiolifefm.com.br\/noticias\/wp-content\/uploads\/2020\/01\/Morreu-no-Clube-dos-30.jpg","width":500,"height":323},{"@type":"BreadcrumbList","@id":"https:\/\/radiolifefm.com.br\/noticias\/homem-morre-apos-passar-mal-no-clube-dos-30-em-parapua\/#breadcrumb","itemListElement":[{"@type":"ListItem","position":1,"name":"In\u00edcio","item":"https:\/\/radiolifefm.com.br\/noticias\/"},{"@type":"ListItem","position":2,"name":"Homem morre ap\u00f3s passar mal no Clube dos 30 em Parapu\u00e3"}]},{"@type":"WebSite","@id":"https:\/\/radiolifefm.com.br\/noticias\/#website","url":"https:\/\/radiolifefm.com.br\/noticias\/","name":"R\u00e1dio Life FM","description":"O Portal de Not\u00edcias de Adamantina","publisher":{"@id":"https:\/\/radiolifefm.com.br\/noticias\/#organization"},"alternateName":"Life FM","potentialAction":[{"@type":"SearchAction","target":{"@type":"EntryPoint","urlTemplate":"https:\/\/radiolifefm.com.br\/noticias\/?s={search_term_string}"},"query-input":{"@type":"PropertyValueSpecification","valueRequired":true,"valueName":"search_term_string"}}],"inLanguage":"pt-BR"},{"@type":"Organization","@id":"https:\/\/radiolifefm.com.br\/noticias\/#organization","name":"R\u00e1dio Life FM","alternateName":"Life FM","url":"https:\/\/radiolifefm.com.br\/noticias\/","logo":{"@type":"ImageObject","inLanguage":"pt-BR","@id":"https:\/\/radiolifefm.com.br\/noticias\/#\/schema\/logo\/image\/","url":"https:\/\/static.radiolifefm.com.br\/noticias\/wp-content\/uploads\/2019\/10\/logo-lifefm.png","contentUrl":"https:\/\/static.radiolifefm.com.br\/noticias\/wp-content\/uploads\/2019\/10\/logo-lifefm.png","width":196,"height":47,"caption":"R\u00e1dio Life FM"},"image":{"@id":"https:\/\/radiolifefm.com.br\/noticias\/#\/schema\/logo\/image\/"},"sameAs":["https:\/\/www.facebook.com\/radiolifefm\/","https:\/\/www.instagram.com\/life1079fm\/"]},{"@type":"Person","@id":"https:\/\/radiolifefm.com.br\/noticias\/#\/schema\/person\/1d4e4b1301322090c6221bf1c8420490","name":"lifefm","image":{"@type":"ImageObject","inLanguage":"pt-BR","@id":"https:\/\/secure.gravatar.com\/avatar\/eca268467d925ec97d20641bb054fd944c0abb2f92854171620706bbe6474e7c?s=96&d=mm&r=g","url":"https:\/\/secure.gravatar.com\/avatar\/eca268467d925ec97d20641bb054fd944c0abb2f92854171620706bbe6474e7c?s=96&d=mm&r=g","contentUrl":"https:\/\/secure.gravatar.com\/avatar\/eca268467d925ec97d20641bb054fd944c0abb2f92854171620706bbe6474e7c?s=96&d=mm&r=g","caption":"lifefm"}}]}},"amp_enabled":true,"_links":{"self":[{"href":"https:\/\/radiolifefm.com.br\/noticias\/wp-json\/wp\/v2\/posts\/19312","targetHints":{"allow":["GET"]}}],"collection":[{"href":"https:\/\/radiolifefm.com.br\/noticias\/wp-json\/wp\/v2\/posts"}],"about":[{"href":"https:\/\/radiolifefm.com.br\/noticias\/wp-json\/wp\/v2\/types\/post"}],"author":[{"embeddable":true,"href":"https:\/\/radiolifefm.com.br\/noticias\/wp-json\/wp\/v2\/users\/3"}],"replies":[{"embeddable":true,"href":"https:\/\/radiolifefm.com.br\/noticias\/wp-json\/wp\/v2\/comments?post=19312"}],"version-history":[{"count":1,"href":"https:\/\/radiolifefm.com.br\/noticias\/wp-json\/wp\/v2\/posts\/19312\/revisions"}],"predecessor-version":[{"id":19314,"href":"https:\/\/radiolifefm.com.br\/noticias\/wp-json\/wp\/v2\/posts\/19312\/revisions\/19314"}],"wp:featuredmedia":[{"embeddable":true,"href":"https:\/\/radiolifefm.com.br\/noticias\/wp-json\/wp\/v2\/media\/19313"}],"wp:attachment":[{"href":"https:\/\/radiolifefm.com.br\/noticias\/wp-json\/wp\/v2\/media?parent=19312"}],"wp:term":[{"taxonomy":"category","embeddable":true,"href":"https:\/\/radiolifefm.com.br\/noticias\/wp-json\/wp\/v2\/categories?post=19312"},{"taxonomy":"post_tag","embeddable":true,"href":"https:\/\/radiolifefm.com.br\/noticias\/wp-json\/wp\/v2\/tags?post=19312"}],"curies":[{"name":"wp","href":"https:\/\/api.w.org\/{rel}","templated":true}]}}