{"id":19211,"date":"2019-12-29T14:24:23","date_gmt":"2019-12-29T17:24:23","guid":{"rendered":"https:\/\/radiolifefm.com.br\/noticias\/?p=19211"},"modified":"2026-04-21T10:38:21","modified_gmt":"2026-04-21T13:38:21","slug":"homem-mata-a-companheira-a-facadas-e-se-suicida-em-regente-feijo","status":"publish","type":"post","link":"https:\/\/radiolifefm.com.br\/noticias\/homem-mata-a-companheira-a-facadas-e-se-suicida-em-regente-feijo\/","title":{"rendered":"Homem mata a companheira a facadas e se suicida, em Regente Feij\u00f3"},"content":{"rendered":"<div id=\"fb-root\"><\/div>\n<p>Uma mulher de 21 anos foi assassinada pelo companheiro na tarde deste s\u00e1bado (28), no bairro Alto da Boa Vista, em Regente Feij\u00f3 (SP).<\/p>\n<p>De acordo com informa\u00e7\u00f5es da Pol\u00edcia Civil, a v\u00edtima foi atingida por golpes de faca na resid\u00eancia do casal, onde foram encontradas manchas de sangue. Ela saiu do im\u00f3vel e morreu na rua, segundo a pol\u00edcia.<\/p>\n<p>Ap\u00f3s o crime, o homem fugiu em um carro e se suicidou batendo frontalmente o autom\u00f3vel em um caminh\u00e3o, no km 553 da Rodovia Raposo Tavares (SP-270), conforme a Pol\u00edcia Civil.<\/p>\n<p>O motorista do caminh\u00e3o relatou \u00e0 pol\u00edcia que o condutor do carro trafegava pela contram\u00e3o de dire\u00e7\u00e3o.<\/p>\n<p>A Pol\u00edcia Civil ainda informou que a mulher e o homem tinham um filho de seis anos, que foi entregue aos av\u00f3s.<\/p>\n<p>Dentro do carro que o homem conduzia foi encontrada uma faca suja de sangue, a qual a Pol\u00edcia Civil acredita que tenha sido usada no crime.<\/p>\n<p>De acordo com informa\u00e7\u00f5es da Pol\u00edcia Militar Rodovi\u00e1ria, duas faixas da pista leste da rodovia chegaram a ser interditadas para o atendimento da ocorr\u00eancia e o tr\u00e2nsito fluiu pelo acostamento, com o apoio da Concession\u00e1ria Auto Raposo Tavares (Cart).<\/p>\n<p>O caso \u00e9 tratado pela Pol\u00edcia Civil como feminic\u00eddio seguido de suic\u00eddio.<\/p>\n<p>A per\u00edcia foi acionada para o local do assassinato e tamb\u00e9m para o do acidente.<\/p>\n<p>Equipes da Pol\u00edcia Militar e do Corpo de Bombeiros tamb\u00e9m trabalharam no atendimento das ocorr\u00eancias.<\/p>\n<div class='flex flex-wrap items-center -mx-1'>\r\n<a class='thumbnail gallery p-1 w-1\/2 md:w-1\/4' href='https:\/\/radiolifefm.com.br\/noticias\/wp-content\/uploads\/2019\/12\/Batida-Regente.jpeg'><img class='border border-white' src='https:\/\/radiolifefm.com.br\/noticias\/wp-content\/uploads\/2019\/12\/Batida-Regente-200x200.jpeg' alt='Batida Regente' \/><\/a><a class='thumbnail gallery p-1 w-1\/2 md:w-1\/4' href='https:\/\/radiolifefm.com.br\/noticias\/wp-content\/uploads\/2019\/12\/Batida-Regente-1.jpeg'><img class='border border-white' src='https:\/\/radiolifefm.com.br\/noticias\/wp-content\/uploads\/2019\/12\/Batida-Regente-1-200x200.jpeg' alt='Batida Regente   1' \/><\/a><a class='thumbnail gallery p-1 w-1\/2 md:w-1\/4' href='https:\/\/radiolifefm.com.br\/noticias\/wp-content\/uploads\/2019\/12\/Batida-Regente-2.jpeg'><img class='border border-white' src='https:\/\/radiolifefm.com.br\/noticias\/wp-content\/uploads\/2019\/12\/Batida-Regente-2-200x200.jpeg' alt='Batida Regente   2' \/><\/a><a class='thumbnail gallery p-1 w-1\/2 md:w-1\/4' href='https:\/\/radiolifefm.com.br\/noticias\/wp-content\/uploads\/2019\/12\/Batida-Regente-3.jpeg'><img class='border border-white' src='https:\/\/radiolifefm.com.br\/noticias\/wp-content\/uploads\/2019\/12\/Batida-Regente-3-200x200.jpeg' alt='Batida Regente   3' \/><\/a><\/div>\n<p>FONTE &#8211; G1 Presidente Prudente<\/p>\n","protected":false},"excerpt":{"rendered":"<p>Uma mulher de 21 anos foi assassinada pelo companheiro na tarde deste s\u00e1bado (28), no bairro Alto da Boa Vista, em Regente Feij\u00f3 (SP). De acordo com informa\u00e7\u00f5es da Pol\u00edcia Civil, a v\u00edtima foi atingida por golpes de faca na resid\u00eancia do casal, onde foram encontradas manchas de sangue. Ela saiu do im\u00f3vel e morreu [&hellip;]<\/p>\n","protected":false},"author":3,"featured_media":19212,"comment_status":"open","ping_status":"open","sticky":false,"template":"","format":"standard","meta":{"_acf_changed":false,"_exactmetrics_skip_tracking":false,"_exactmetrics_sitenote_active":false,"_exactmetrics_sitenote_note":"","_exactmetrics_sitenote_category":0,"footnotes":""},"categories":[24],"tags":[],"class_list":["post-19211","post","type-post","status-publish","format-standard","has-post-thumbnail","hentry","category-regiao"],"acf":[],"yoast_head":"<!-- This site is optimized with the Yoast SEO plugin v27.2 - https:\/\/yoast.com\/product\/yoast-seo-wordpress\/ -->\n<title>Homem mata a companheira a facadas e se suicida, em Regente Feij\u00f3 - R\u00e1dio Life FM<\/title>\n<meta name=\"robots\" content=\"index, follow, max-snippet:-1, max-image-preview:large, max-video-preview:-1\" \/>\n<link rel=\"canonical\" href=\"https:\/\/radiolifefm.com.br\/noticias\/homem-mata-a-companheira-a-facadas-e-se-suicida-em-regente-feijo\/\" \/>\n<meta property=\"og:locale\" content=\"pt_BR\" \/>\n<meta property=\"og:type\" content=\"article\" \/>\n<meta property=\"og:title\" content=\"Homem mata a companheira a facadas e se suicida, em Regente Feij\u00f3 - R\u00e1dio Life FM\" \/>\n<meta property=\"og:description\" content=\"Uma mulher de 21 anos foi assassinada pelo companheiro na tarde deste s\u00e1bado (28), no bairro Alto da Boa Vista, em Regente Feij\u00f3 (SP). De acordo com informa\u00e7\u00f5es da Pol\u00edcia Civil, a v\u00edtima foi atingida por golpes de faca na resid\u00eancia do casal, onde foram encontradas manchas de sangue. Ela saiu do im\u00f3vel e morreu [&hellip;]\" \/>\n<meta property=\"og:url\" content=\"https:\/\/radiolifefm.com.br\/noticias\/homem-mata-a-companheira-a-facadas-e-se-suicida-em-regente-feijo\/\" \/>\n<meta property=\"og:site_name\" content=\"R\u00e1dio Life FM\" \/>\n<meta property=\"article:publisher\" content=\"https:\/\/www.facebook.com\/radiolifefm\/\" \/>\n<meta property=\"article:published_time\" content=\"2019-12-29T17:24:23+00:00\" \/>\n<meta property=\"article:modified_time\" content=\"2026-04-21T13:38:21+00:00\" \/>\n<meta property=\"og:image\" content=\"https:\/\/radiolifefm.com.br\/noticias\/wp-content\/uploads\/2019\/12\/Mulher-assassinada-Regente.jpg\" \/>\n\t<meta property=\"og:image:width\" content=\"720\" \/>\n\t<meta property=\"og:image:height\" content=\"858\" \/>\n\t<meta property=\"og:image:type\" content=\"image\/jpeg\" \/>\n<meta name=\"author\" content=\"lifefm\" \/>\n<meta name=\"twitter:card\" content=\"summary_large_image\" \/>\n<meta name=\"twitter:label1\" content=\"Escrito por\" \/>\n\t<meta name=\"twitter:data1\" content=\"lifefm\" \/>\n\t<meta name=\"twitter:label2\" content=\"Est. tempo de leitura\" \/>\n\t<meta name=\"twitter:data2\" content=\"1 minuto\" \/>\n<script type=\"application\/ld+json\" class=\"yoast-schema-graph\">{\"@context\":\"https:\/\/schema.org\",\"@graph\":[{\"@type\":\"Article\",\"@id\":\"https:\/\/radiolifefm.com.br\/noticias\/homem-mata-a-companheira-a-facadas-e-se-suicida-em-regente-feijo\/#article\",\"isPartOf\":{\"@id\":\"https:\/\/radiolifefm.com.br\/noticias\/homem-mata-a-companheira-a-facadas-e-se-suicida-em-regente-feijo\/\"},\"author\":{\"name\":\"lifefm\",\"@id\":\"https:\/\/radiolifefm.com.br\/noticias\/#\/schema\/person\/1d4e4b1301322090c6221bf1c8420490\"},\"headline\":\"Homem mata a companheira a facadas e se suicida, em Regente Feij\u00f3\",\"datePublished\":\"2019-12-29T17:24:23+00:00\",\"dateModified\":\"2026-04-21T13:38:21+00:00\",\"mainEntityOfPage\":{\"@id\":\"https:\/\/radiolifefm.com.br\/noticias\/homem-mata-a-companheira-a-facadas-e-se-suicida-em-regente-feijo\/\"},\"wordCount\":283,\"commentCount\":0,\"publisher\":{\"@id\":\"https:\/\/radiolifefm.com.br\/noticias\/#organization\"},\"image\":{\"@id\":\"https:\/\/radiolifefm.com.br\/noticias\/homem-mata-a-companheira-a-facadas-e-se-suicida-em-regente-feijo\/#primaryimage\"},\"thumbnailUrl\":\"https:\/\/radiolifefm.com.br\/noticias\/wp-content\/uploads\/2019\/12\/Mulher-assassinada-Regente.jpg\",\"articleSection\":[\"Regi\u00e3o\"],\"inLanguage\":\"pt-BR\",\"potentialAction\":[{\"@type\":\"CommentAction\",\"name\":\"Comment\",\"target\":[\"https:\/\/radiolifefm.com.br\/noticias\/homem-mata-a-companheira-a-facadas-e-se-suicida-em-regente-feijo\/#respond\"]}]},{\"@type\":\"WebPage\",\"@id\":\"https:\/\/radiolifefm.com.br\/noticias\/homem-mata-a-companheira-a-facadas-e-se-suicida-em-regente-feijo\/\",\"url\":\"https:\/\/radiolifefm.com.br\/noticias\/homem-mata-a-companheira-a-facadas-e-se-suicida-em-regente-feijo\/\",\"name\":\"Homem mata a companheira a facadas e se suicida, em Regente Feij\u00f3 - R\u00e1dio Life FM\",\"isPartOf\":{\"@id\":\"https:\/\/radiolifefm.com.br\/noticias\/#website\"},\"primaryImageOfPage\":{\"@id\":\"https:\/\/radiolifefm.com.br\/noticias\/homem-mata-a-companheira-a-facadas-e-se-suicida-em-regente-feijo\/#primaryimage\"},\"image\":{\"@id\":\"https:\/\/radiolifefm.com.br\/noticias\/homem-mata-a-companheira-a-facadas-e-se-suicida-em-regente-feijo\/#primaryimage\"},\"thumbnailUrl\":\"https:\/\/radiolifefm.com.br\/noticias\/wp-content\/uploads\/2019\/12\/Mulher-assassinada-Regente.jpg\",\"datePublished\":\"2019-12-29T17:24:23+00:00\",\"dateModified\":\"2026-04-21T13:38:21+00:00\",\"breadcrumb\":{\"@id\":\"https:\/\/radiolifefm.com.br\/noticias\/homem-mata-a-companheira-a-facadas-e-se-suicida-em-regente-feijo\/#breadcrumb\"},\"inLanguage\":\"pt-BR\",\"potentialAction\":[{\"@type\":\"ReadAction\",\"target\":[\"https:\/\/radiolifefm.com.br\/noticias\/homem-mata-a-companheira-a-facadas-e-se-suicida-em-regente-feijo\/\"]}]},{\"@type\":\"ImageObject\",\"inLanguage\":\"pt-BR\",\"@id\":\"https:\/\/radiolifefm.com.br\/noticias\/homem-mata-a-companheira-a-facadas-e-se-suicida-em-regente-feijo\/#primaryimage\",\"url\":\"https:\/\/radiolifefm.com.br\/noticias\/wp-content\/uploads\/2019\/12\/Mulher-assassinada-Regente.jpg\",\"contentUrl\":\"https:\/\/radiolifefm.com.br\/noticias\/wp-content\/uploads\/2019\/12\/Mulher-assassinada-Regente.jpg\",\"width\":720,\"height\":858,\"caption\":\"Mulher assassinada pelo companheiro que se suicidou em seguida em Regente Feij\u00f3 - Foto - Reprodu\u00e7\u00e3o.\"},{\"@type\":\"BreadcrumbList\",\"@id\":\"https:\/\/radiolifefm.com.br\/noticias\/homem-mata-a-companheira-a-facadas-e-se-suicida-em-regente-feijo\/#breadcrumb\",\"itemListElement\":[{\"@type\":\"ListItem\",\"position\":1,\"name\":\"In\u00edcio\",\"item\":\"https:\/\/radiolifefm.com.br\/noticias\/\"},{\"@type\":\"ListItem\",\"position\":2,\"name\":\"Homem mata a companheira a facadas e se suicida, em Regente Feij\u00f3\"}]},{\"@type\":\"WebSite\",\"@id\":\"https:\/\/radiolifefm.com.br\/noticias\/#website\",\"url\":\"https:\/\/radiolifefm.com.br\/noticias\/\",\"name\":\"R\u00e1dio Life FM\",\"description\":\"O Portal de Not\u00edcias de Adamantina\",\"publisher\":{\"@id\":\"https:\/\/radiolifefm.com.br\/noticias\/#organization\"},\"alternateName\":\"Life FM\",\"potentialAction\":[{\"@type\":\"SearchAction\",\"target\":{\"@type\":\"EntryPoint\",\"urlTemplate\":\"https:\/\/radiolifefm.com.br\/noticias\/?s={search_term_string}\"},\"query-input\":{\"@type\":\"PropertyValueSpecification\",\"valueRequired\":true,\"valueName\":\"search_term_string\"}}],\"inLanguage\":\"pt-BR\"},{\"@type\":\"Organization\",\"@id\":\"https:\/\/radiolifefm.com.br\/noticias\/#organization\",\"name\":\"R\u00e1dio Life FM\",\"alternateName\":\"Life FM\",\"url\":\"https:\/\/radiolifefm.com.br\/noticias\/\",\"logo\":{\"@type\":\"ImageObject\",\"inLanguage\":\"pt-BR\",\"@id\":\"https:\/\/radiolifefm.com.br\/noticias\/#\/schema\/logo\/image\/\",\"url\":\"https:\/\/static.radiolifefm.com.br\/noticias\/wp-content\/uploads\/2019\/10\/logo-lifefm.png\",\"contentUrl\":\"https:\/\/static.radiolifefm.com.br\/noticias\/wp-content\/uploads\/2019\/10\/logo-lifefm.png\",\"width\":196,\"height\":47,\"caption\":\"R\u00e1dio Life FM\"},\"image\":{\"@id\":\"https:\/\/radiolifefm.com.br\/noticias\/#\/schema\/logo\/image\/\"},\"sameAs\":[\"https:\/\/www.facebook.com\/radiolifefm\/\",\"https:\/\/www.instagram.com\/life1079fm\/\"]},{\"@type\":\"Person\",\"@id\":\"https:\/\/radiolifefm.com.br\/noticias\/#\/schema\/person\/1d4e4b1301322090c6221bf1c8420490\",\"name\":\"lifefm\",\"image\":{\"@type\":\"ImageObject\",\"inLanguage\":\"pt-BR\",\"@id\":\"https:\/\/secure.gravatar.com\/avatar\/eca268467d925ec97d20641bb054fd944c0abb2f92854171620706bbe6474e7c?s=96&d=mm&r=g\",\"url\":\"https:\/\/secure.gravatar.com\/avatar\/eca268467d925ec97d20641bb054fd944c0abb2f92854171620706bbe6474e7c?s=96&d=mm&r=g\",\"contentUrl\":\"https:\/\/secure.gravatar.com\/avatar\/eca268467d925ec97d20641bb054fd944c0abb2f92854171620706bbe6474e7c?s=96&d=mm&r=g\",\"caption\":\"lifefm\"}}]}<\/script>\n<!-- \/ Yoast SEO plugin. -->","yoast_head_json":{"title":"Homem mata a companheira a facadas e se suicida, em Regente Feij\u00f3 - R\u00e1dio Life FM","robots":{"index":"index","follow":"follow","max-snippet":"max-snippet:-1","max-image-preview":"max-image-preview:large","max-video-preview":"max-video-preview:-1"},"canonical":"https:\/\/radiolifefm.com.br\/noticias\/homem-mata-a-companheira-a-facadas-e-se-suicida-em-regente-feijo\/","og_locale":"pt_BR","og_type":"article","og_title":"Homem mata a companheira a facadas e se suicida, em Regente Feij\u00f3 - R\u00e1dio Life FM","og_description":"Uma mulher de 21 anos foi assassinada pelo companheiro na tarde deste s\u00e1bado (28), no bairro Alto da Boa Vista, em Regente Feij\u00f3 (SP). De acordo com informa\u00e7\u00f5es da Pol\u00edcia Civil, a v\u00edtima foi atingida por golpes de faca na resid\u00eancia do casal, onde foram encontradas manchas de sangue. Ela saiu do im\u00f3vel e morreu [&hellip;]","og_url":"https:\/\/radiolifefm.com.br\/noticias\/homem-mata-a-companheira-a-facadas-e-se-suicida-em-regente-feijo\/","og_site_name":"R\u00e1dio Life FM","article_publisher":"https:\/\/www.facebook.com\/radiolifefm\/","article_published_time":"2019-12-29T17:24:23+00:00","article_modified_time":"2026-04-21T13:38:21+00:00","og_image":[{"width":720,"height":858,"url":"https:\/\/radiolifefm.com.br\/noticias\/wp-content\/uploads\/2019\/12\/Mulher-assassinada-Regente.jpg","type":"image\/jpeg"}],"author":"lifefm","twitter_card":"summary_large_image","twitter_misc":{"Escrito por":"lifefm","Est. tempo de leitura":"1 minuto"},"schema":{"@context":"https:\/\/schema.org","@graph":[{"@type":"Article","@id":"https:\/\/radiolifefm.com.br\/noticias\/homem-mata-a-companheira-a-facadas-e-se-suicida-em-regente-feijo\/#article","isPartOf":{"@id":"https:\/\/radiolifefm.com.br\/noticias\/homem-mata-a-companheira-a-facadas-e-se-suicida-em-regente-feijo\/"},"author":{"name":"lifefm","@id":"https:\/\/radiolifefm.com.br\/noticias\/#\/schema\/person\/1d4e4b1301322090c6221bf1c8420490"},"headline":"Homem mata a companheira a facadas e se suicida, em Regente Feij\u00f3","datePublished":"2019-12-29T17:24:23+00:00","dateModified":"2026-04-21T13:38:21+00:00","mainEntityOfPage":{"@id":"https:\/\/radiolifefm.com.br\/noticias\/homem-mata-a-companheira-a-facadas-e-se-suicida-em-regente-feijo\/"},"wordCount":283,"commentCount":0,"publisher":{"@id":"https:\/\/radiolifefm.com.br\/noticias\/#organization"},"image":{"@id":"https:\/\/radiolifefm.com.br\/noticias\/homem-mata-a-companheira-a-facadas-e-se-suicida-em-regente-feijo\/#primaryimage"},"thumbnailUrl":"https:\/\/radiolifefm.com.br\/noticias\/wp-content\/uploads\/2019\/12\/Mulher-assassinada-Regente.jpg","articleSection":["Regi\u00e3o"],"inLanguage":"pt-BR","potentialAction":[{"@type":"CommentAction","name":"Comment","target":["https:\/\/radiolifefm.com.br\/noticias\/homem-mata-a-companheira-a-facadas-e-se-suicida-em-regente-feijo\/#respond"]}]},{"@type":"WebPage","@id":"https:\/\/radiolifefm.com.br\/noticias\/homem-mata-a-companheira-a-facadas-e-se-suicida-em-regente-feijo\/","url":"https:\/\/radiolifefm.com.br\/noticias\/homem-mata-a-companheira-a-facadas-e-se-suicida-em-regente-feijo\/","name":"Homem mata a companheira a facadas e se suicida, em Regente Feij\u00f3 - R\u00e1dio Life FM","isPartOf":{"@id":"https:\/\/radiolifefm.com.br\/noticias\/#website"},"primaryImageOfPage":{"@id":"https:\/\/radiolifefm.com.br\/noticias\/homem-mata-a-companheira-a-facadas-e-se-suicida-em-regente-feijo\/#primaryimage"},"image":{"@id":"https:\/\/radiolifefm.com.br\/noticias\/homem-mata-a-companheira-a-facadas-e-se-suicida-em-regente-feijo\/#primaryimage"},"thumbnailUrl":"https:\/\/radiolifefm.com.br\/noticias\/wp-content\/uploads\/2019\/12\/Mulher-assassinada-Regente.jpg","datePublished":"2019-12-29T17:24:23+00:00","dateModified":"2026-04-21T13:38:21+00:00","breadcrumb":{"@id":"https:\/\/radiolifefm.com.br\/noticias\/homem-mata-a-companheira-a-facadas-e-se-suicida-em-regente-feijo\/#breadcrumb"},"inLanguage":"pt-BR","potentialAction":[{"@type":"ReadAction","target":["https:\/\/radiolifefm.com.br\/noticias\/homem-mata-a-companheira-a-facadas-e-se-suicida-em-regente-feijo\/"]}]},{"@type":"ImageObject","inLanguage":"pt-BR","@id":"https:\/\/radiolifefm.com.br\/noticias\/homem-mata-a-companheira-a-facadas-e-se-suicida-em-regente-feijo\/#primaryimage","url":"https:\/\/radiolifefm.com.br\/noticias\/wp-content\/uploads\/2019\/12\/Mulher-assassinada-Regente.jpg","contentUrl":"https:\/\/radiolifefm.com.br\/noticias\/wp-content\/uploads\/2019\/12\/Mulher-assassinada-Regente.jpg","width":720,"height":858,"caption":"Mulher assassinada pelo companheiro que se suicidou em seguida em Regente Feij\u00f3 - Foto - Reprodu\u00e7\u00e3o."},{"@type":"BreadcrumbList","@id":"https:\/\/radiolifefm.com.br\/noticias\/homem-mata-a-companheira-a-facadas-e-se-suicida-em-regente-feijo\/#breadcrumb","itemListElement":[{"@type":"ListItem","position":1,"name":"In\u00edcio","item":"https:\/\/radiolifefm.com.br\/noticias\/"},{"@type":"ListItem","position":2,"name":"Homem mata a companheira a facadas e se suicida, em Regente Feij\u00f3"}]},{"@type":"WebSite","@id":"https:\/\/radiolifefm.com.br\/noticias\/#website","url":"https:\/\/radiolifefm.com.br\/noticias\/","name":"R\u00e1dio Life FM","description":"O Portal de Not\u00edcias de Adamantina","publisher":{"@id":"https:\/\/radiolifefm.com.br\/noticias\/#organization"},"alternateName":"Life FM","potentialAction":[{"@type":"SearchAction","target":{"@type":"EntryPoint","urlTemplate":"https:\/\/radiolifefm.com.br\/noticias\/?s={search_term_string}"},"query-input":{"@type":"PropertyValueSpecification","valueRequired":true,"valueName":"search_term_string"}}],"inLanguage":"pt-BR"},{"@type":"Organization","@id":"https:\/\/radiolifefm.com.br\/noticias\/#organization","name":"R\u00e1dio Life FM","alternateName":"Life FM","url":"https:\/\/radiolifefm.com.br\/noticias\/","logo":{"@type":"ImageObject","inLanguage":"pt-BR","@id":"https:\/\/radiolifefm.com.br\/noticias\/#\/schema\/logo\/image\/","url":"https:\/\/static.radiolifefm.com.br\/noticias\/wp-content\/uploads\/2019\/10\/logo-lifefm.png","contentUrl":"https:\/\/static.radiolifefm.com.br\/noticias\/wp-content\/uploads\/2019\/10\/logo-lifefm.png","width":196,"height":47,"caption":"R\u00e1dio Life FM"},"image":{"@id":"https:\/\/radiolifefm.com.br\/noticias\/#\/schema\/logo\/image\/"},"sameAs":["https:\/\/www.facebook.com\/radiolifefm\/","https:\/\/www.instagram.com\/life1079fm\/"]},{"@type":"Person","@id":"https:\/\/radiolifefm.com.br\/noticias\/#\/schema\/person\/1d4e4b1301322090c6221bf1c8420490","name":"lifefm","image":{"@type":"ImageObject","inLanguage":"pt-BR","@id":"https:\/\/secure.gravatar.com\/avatar\/eca268467d925ec97d20641bb054fd944c0abb2f92854171620706bbe6474e7c?s=96&d=mm&r=g","url":"https:\/\/secure.gravatar.com\/avatar\/eca268467d925ec97d20641bb054fd944c0abb2f92854171620706bbe6474e7c?s=96&d=mm&r=g","contentUrl":"https:\/\/secure.gravatar.com\/avatar\/eca268467d925ec97d20641bb054fd944c0abb2f92854171620706bbe6474e7c?s=96&d=mm&r=g","caption":"lifefm"}}]}},"amp_enabled":true,"_links":{"self":[{"href":"https:\/\/radiolifefm.com.br\/noticias\/wp-json\/wp\/v2\/posts\/19211","targetHints":{"allow":["GET"]}}],"collection":[{"href":"https:\/\/radiolifefm.com.br\/noticias\/wp-json\/wp\/v2\/posts"}],"about":[{"href":"https:\/\/radiolifefm.com.br\/noticias\/wp-json\/wp\/v2\/types\/post"}],"author":[{"embeddable":true,"href":"https:\/\/radiolifefm.com.br\/noticias\/wp-json\/wp\/v2\/users\/3"}],"replies":[{"embeddable":true,"href":"https:\/\/radiolifefm.com.br\/noticias\/wp-json\/wp\/v2\/comments?post=19211"}],"version-history":[{"count":2,"href":"https:\/\/radiolifefm.com.br\/noticias\/wp-json\/wp\/v2\/posts\/19211\/revisions"}],"predecessor-version":[{"id":19218,"href":"https:\/\/radiolifefm.com.br\/noticias\/wp-json\/wp\/v2\/posts\/19211\/revisions\/19218"}],"wp:featuredmedia":[{"embeddable":true,"href":"https:\/\/radiolifefm.com.br\/noticias\/wp-json\/wp\/v2\/media\/19212"}],"wp:attachment":[{"href":"https:\/\/radiolifefm.com.br\/noticias\/wp-json\/wp\/v2\/media?parent=19211"}],"wp:term":[{"taxonomy":"category","embeddable":true,"href":"https:\/\/radiolifefm.com.br\/noticias\/wp-json\/wp\/v2\/categories?post=19211"},{"taxonomy":"post_tag","embeddable":true,"href":"https:\/\/radiolifefm.com.br\/noticias\/wp-json\/wp\/v2\/tags?post=19211"}],"curies":[{"name":"wp","href":"https:\/\/api.w.org\/{rel}","templated":true}]}}