{"id":19179,"date":"2019-12-27T07:41:25","date_gmt":"2019-12-27T10:41:25","guid":{"rendered":"https:\/\/radiolifefm.com.br\/noticias\/?p=19179"},"modified":"2025-10-31T13:14:31","modified_gmt":"2025-10-31T16:14:31","slug":"rapaz-e-assassinado-a-tiros-em-bairro-de-valparaiso","status":"publish","type":"post","link":"https:\/\/radiolifefm.com.br\/noticias\/rapaz-e-assassinado-a-tiros-em-bairro-de-valparaiso\/","title":{"rendered":"Rapaz \u00e9 assassinado a tiros em bairro de Valpara\u00edso"},"content":{"rendered":"<div id=\"fb-root\"><\/div>\n<p><em>V\u00edtima foi atingida pelos disparos nos bra\u00e7os, pesco\u00e7o e abd\u00f4men<\/em><\/p>\n<p>Um jovem de 19 anos foi assassinado a tiros em Valpara\u00edso (SP), na tarde desta segunda-feira (23).<\/p>\n<p>De acordo com a Pol\u00edcia Militar, a v\u00edtima foi encontrada baleada sete vezes ao lado de uma motocicleta na Rua Miguel da Silva.<\/p>\n<p>Os tiros acertaram os bra\u00e7os, o pesco\u00e7o e o abd\u00f4men do rapaz, que possu\u00eda diversas passagens policiais.<\/p>\n<p>Ainda de acordo com a PM, o corpo foi retirado do local do homic\u00eddio e levado ao Instituto M\u00e9dico Legal (IML).<\/p>\n<p>A Pol\u00edcia Civil investiga o caso e tenta encontrar o autor dos disparos.<\/p>\n<p>&nbsp;<\/p>\n<p>G 1<\/p>\n","protected":false},"excerpt":{"rendered":"<p>V\u00edtima foi atingida pelos disparos nos bra\u00e7os, pesco\u00e7o e abd\u00f4men Um jovem de 19 anos foi assassinado a tiros em Valpara\u00edso (SP), na tarde desta segunda-feira (23). De acordo com a Pol\u00edcia Militar, a v\u00edtima foi encontrada baleada sete vezes ao lado de uma motocicleta na Rua Miguel da Silva. Os tiros acertaram os bra\u00e7os, [&hellip;]<\/p>\n","protected":false},"author":3,"featured_media":19180,"comment_status":"closed","ping_status":"open","sticky":false,"template":"","format":"standard","meta":{"_acf_changed":false,"_exactmetrics_skip_tracking":false,"_exactmetrics_sitenote_active":false,"_exactmetrics_sitenote_note":"","_exactmetrics_sitenote_category":0,"footnotes":""},"categories":[24],"tags":[],"class_list":["post-19179","post","type-post","status-publish","format-standard","has-post-thumbnail","hentry","category-regiao"],"acf":[],"yoast_head":"<!-- This site is optimized with the Yoast SEO plugin v27.2 - https:\/\/yoast.com\/product\/yoast-seo-wordpress\/ -->\n<title>Rapaz \u00e9 assassinado a tiros em bairro de Valpara\u00edso - R\u00e1dio Life FM<\/title>\n<meta name=\"robots\" content=\"index, follow, max-snippet:-1, max-image-preview:large, max-video-preview:-1\" \/>\n<link rel=\"canonical\" href=\"https:\/\/radiolifefm.com.br\/noticias\/rapaz-e-assassinado-a-tiros-em-bairro-de-valparaiso\/\" \/>\n<meta property=\"og:locale\" content=\"pt_BR\" \/>\n<meta property=\"og:type\" content=\"article\" \/>\n<meta property=\"og:title\" content=\"Rapaz \u00e9 assassinado a tiros em bairro de Valpara\u00edso - R\u00e1dio Life FM\" \/>\n<meta property=\"og:description\" content=\"V\u00edtima foi atingida pelos disparos nos bra\u00e7os, pesco\u00e7o e abd\u00f4men Um jovem de 19 anos foi assassinado a tiros em Valpara\u00edso (SP), na tarde desta segunda-feira (23). De acordo com a Pol\u00edcia Militar, a v\u00edtima foi encontrada baleada sete vezes ao lado de uma motocicleta na Rua Miguel da Silva. Os tiros acertaram os bra\u00e7os, [&hellip;]\" \/>\n<meta property=\"og:url\" content=\"https:\/\/radiolifefm.com.br\/noticias\/rapaz-e-assassinado-a-tiros-em-bairro-de-valparaiso\/\" \/>\n<meta property=\"og:site_name\" content=\"R\u00e1dio Life FM\" \/>\n<meta property=\"article:publisher\" content=\"https:\/\/www.facebook.com\/radiolifefm\/\" \/>\n<meta property=\"article:published_time\" content=\"2019-12-27T10:41:25+00:00\" \/>\n<meta property=\"article:modified_time\" content=\"2025-10-31T16:14:31+00:00\" \/>\n<meta property=\"og:image\" content=\"https:\/\/static.radiolifefm.com.br\/noticias\/wp-content\/uploads\/2019\/12\/Pol\u00edcia-Militar-Imagem-6.jpg\" \/>\n\t<meta property=\"og:image:width\" content=\"1080\" \/>\n\t<meta property=\"og:image:height\" content=\"802\" \/>\n\t<meta property=\"og:image:type\" content=\"image\/jpeg\" \/>\n<meta name=\"author\" content=\"lifefm\" \/>\n<meta name=\"twitter:card\" content=\"summary_large_image\" \/>\n<meta name=\"twitter:label1\" content=\"Escrito por\" \/>\n\t<meta name=\"twitter:data1\" content=\"lifefm\" \/>\n\t<meta name=\"twitter:label2\" content=\"Est. tempo de leitura\" \/>\n\t<meta name=\"twitter:data2\" content=\"1 minuto\" \/>\n<script type=\"application\/ld+json\" class=\"yoast-schema-graph\">{\"@context\":\"https:\/\/schema.org\",\"@graph\":[{\"@type\":\"Article\",\"@id\":\"https:\/\/radiolifefm.com.br\/noticias\/rapaz-e-assassinado-a-tiros-em-bairro-de-valparaiso\/#article\",\"isPartOf\":{\"@id\":\"https:\/\/radiolifefm.com.br\/noticias\/rapaz-e-assassinado-a-tiros-em-bairro-de-valparaiso\/\"},\"author\":{\"name\":\"lifefm\",\"@id\":\"https:\/\/radiolifefm.com.br\/noticias\/#\/schema\/person\/1d4e4b1301322090c6221bf1c8420490\"},\"headline\":\"Rapaz \u00e9 assassinado a tiros em bairro de Valpara\u00edso\",\"datePublished\":\"2019-12-27T10:41:25+00:00\",\"dateModified\":\"2025-10-31T16:14:31+00:00\",\"mainEntityOfPage\":{\"@id\":\"https:\/\/radiolifefm.com.br\/noticias\/rapaz-e-assassinado-a-tiros-em-bairro-de-valparaiso\/\"},\"wordCount\":124,\"publisher\":{\"@id\":\"https:\/\/radiolifefm.com.br\/noticias\/#organization\"},\"image\":{\"@id\":\"https:\/\/radiolifefm.com.br\/noticias\/rapaz-e-assassinado-a-tiros-em-bairro-de-valparaiso\/#primaryimage\"},\"thumbnailUrl\":\"https:\/\/radiolifefm.com.br\/noticias\/wp-content\/uploads\/2019\/12\/Pol\u00edcia-Militar-Imagem-6.jpg\",\"articleSection\":[\"Regi\u00e3o\"],\"inLanguage\":\"pt-BR\"},{\"@type\":\"WebPage\",\"@id\":\"https:\/\/radiolifefm.com.br\/noticias\/rapaz-e-assassinado-a-tiros-em-bairro-de-valparaiso\/\",\"url\":\"https:\/\/radiolifefm.com.br\/noticias\/rapaz-e-assassinado-a-tiros-em-bairro-de-valparaiso\/\",\"name\":\"Rapaz \u00e9 assassinado a tiros em bairro de Valpara\u00edso - R\u00e1dio Life FM\",\"isPartOf\":{\"@id\":\"https:\/\/radiolifefm.com.br\/noticias\/#website\"},\"primaryImageOfPage\":{\"@id\":\"https:\/\/radiolifefm.com.br\/noticias\/rapaz-e-assassinado-a-tiros-em-bairro-de-valparaiso\/#primaryimage\"},\"image\":{\"@id\":\"https:\/\/radiolifefm.com.br\/noticias\/rapaz-e-assassinado-a-tiros-em-bairro-de-valparaiso\/#primaryimage\"},\"thumbnailUrl\":\"https:\/\/radiolifefm.com.br\/noticias\/wp-content\/uploads\/2019\/12\/Pol\u00edcia-Militar-Imagem-6.jpg\",\"datePublished\":\"2019-12-27T10:41:25+00:00\",\"dateModified\":\"2025-10-31T16:14:31+00:00\",\"breadcrumb\":{\"@id\":\"https:\/\/radiolifefm.com.br\/noticias\/rapaz-e-assassinado-a-tiros-em-bairro-de-valparaiso\/#breadcrumb\"},\"inLanguage\":\"pt-BR\",\"potentialAction\":[{\"@type\":\"ReadAction\",\"target\":[\"https:\/\/radiolifefm.com.br\/noticias\/rapaz-e-assassinado-a-tiros-em-bairro-de-valparaiso\/\"]}]},{\"@type\":\"ImageObject\",\"inLanguage\":\"pt-BR\",\"@id\":\"https:\/\/radiolifefm.com.br\/noticias\/rapaz-e-assassinado-a-tiros-em-bairro-de-valparaiso\/#primaryimage\",\"url\":\"https:\/\/radiolifefm.com.br\/noticias\/wp-content\/uploads\/2019\/12\/Pol\u00edcia-Militar-Imagem-6.jpg\",\"contentUrl\":\"https:\/\/radiolifefm.com.br\/noticias\/wp-content\/uploads\/2019\/12\/Pol\u00edcia-Militar-Imagem-6.jpg\",\"width\":1080,\"height\":802},{\"@type\":\"BreadcrumbList\",\"@id\":\"https:\/\/radiolifefm.com.br\/noticias\/rapaz-e-assassinado-a-tiros-em-bairro-de-valparaiso\/#breadcrumb\",\"itemListElement\":[{\"@type\":\"ListItem\",\"position\":1,\"name\":\"In\u00edcio\",\"item\":\"https:\/\/radiolifefm.com.br\/noticias\/\"},{\"@type\":\"ListItem\",\"position\":2,\"name\":\"Rapaz \u00e9 assassinado a tiros em bairro de Valpara\u00edso\"}]},{\"@type\":\"WebSite\",\"@id\":\"https:\/\/radiolifefm.com.br\/noticias\/#website\",\"url\":\"https:\/\/radiolifefm.com.br\/noticias\/\",\"name\":\"R\u00e1dio Life FM\",\"description\":\"O Portal de Not\u00edcias de Adamantina\",\"publisher\":{\"@id\":\"https:\/\/radiolifefm.com.br\/noticias\/#organization\"},\"alternateName\":\"Life FM\",\"potentialAction\":[{\"@type\":\"SearchAction\",\"target\":{\"@type\":\"EntryPoint\",\"urlTemplate\":\"https:\/\/radiolifefm.com.br\/noticias\/?s={search_term_string}\"},\"query-input\":{\"@type\":\"PropertyValueSpecification\",\"valueRequired\":true,\"valueName\":\"search_term_string\"}}],\"inLanguage\":\"pt-BR\"},{\"@type\":\"Organization\",\"@id\":\"https:\/\/radiolifefm.com.br\/noticias\/#organization\",\"name\":\"R\u00e1dio Life FM\",\"alternateName\":\"Life FM\",\"url\":\"https:\/\/radiolifefm.com.br\/noticias\/\",\"logo\":{\"@type\":\"ImageObject\",\"inLanguage\":\"pt-BR\",\"@id\":\"https:\/\/radiolifefm.com.br\/noticias\/#\/schema\/logo\/image\/\",\"url\":\"https:\/\/static.radiolifefm.com.br\/noticias\/wp-content\/uploads\/2019\/10\/logo-lifefm.png\",\"contentUrl\":\"https:\/\/static.radiolifefm.com.br\/noticias\/wp-content\/uploads\/2019\/10\/logo-lifefm.png\",\"width\":196,\"height\":47,\"caption\":\"R\u00e1dio Life FM\"},\"image\":{\"@id\":\"https:\/\/radiolifefm.com.br\/noticias\/#\/schema\/logo\/image\/\"},\"sameAs\":[\"https:\/\/www.facebook.com\/radiolifefm\/\",\"https:\/\/www.instagram.com\/life1079fm\/\"]},{\"@type\":\"Person\",\"@id\":\"https:\/\/radiolifefm.com.br\/noticias\/#\/schema\/person\/1d4e4b1301322090c6221bf1c8420490\",\"name\":\"lifefm\",\"image\":{\"@type\":\"ImageObject\",\"inLanguage\":\"pt-BR\",\"@id\":\"https:\/\/secure.gravatar.com\/avatar\/eca268467d925ec97d20641bb054fd944c0abb2f92854171620706bbe6474e7c?s=96&d=mm&r=g\",\"url\":\"https:\/\/secure.gravatar.com\/avatar\/eca268467d925ec97d20641bb054fd944c0abb2f92854171620706bbe6474e7c?s=96&d=mm&r=g\",\"contentUrl\":\"https:\/\/secure.gravatar.com\/avatar\/eca268467d925ec97d20641bb054fd944c0abb2f92854171620706bbe6474e7c?s=96&d=mm&r=g\",\"caption\":\"lifefm\"}}]}<\/script>\n<!-- \/ Yoast SEO plugin. -->","yoast_head_json":{"title":"Rapaz \u00e9 assassinado a tiros em bairro de Valpara\u00edso - R\u00e1dio Life FM","robots":{"index":"index","follow":"follow","max-snippet":"max-snippet:-1","max-image-preview":"max-image-preview:large","max-video-preview":"max-video-preview:-1"},"canonical":"https:\/\/radiolifefm.com.br\/noticias\/rapaz-e-assassinado-a-tiros-em-bairro-de-valparaiso\/","og_locale":"pt_BR","og_type":"article","og_title":"Rapaz \u00e9 assassinado a tiros em bairro de Valpara\u00edso - R\u00e1dio Life FM","og_description":"V\u00edtima foi atingida pelos disparos nos bra\u00e7os, pesco\u00e7o e abd\u00f4men Um jovem de 19 anos foi assassinado a tiros em Valpara\u00edso (SP), na tarde desta segunda-feira (23). De acordo com a Pol\u00edcia Militar, a v\u00edtima foi encontrada baleada sete vezes ao lado de uma motocicleta na Rua Miguel da Silva. Os tiros acertaram os bra\u00e7os, [&hellip;]","og_url":"https:\/\/radiolifefm.com.br\/noticias\/rapaz-e-assassinado-a-tiros-em-bairro-de-valparaiso\/","og_site_name":"R\u00e1dio Life FM","article_publisher":"https:\/\/www.facebook.com\/radiolifefm\/","article_published_time":"2019-12-27T10:41:25+00:00","article_modified_time":"2025-10-31T16:14:31+00:00","og_image":[{"width":1080,"height":802,"url":"https:\/\/static.radiolifefm.com.br\/noticias\/wp-content\/uploads\/2019\/12\/Pol\u00edcia-Militar-Imagem-6.jpg","type":"image\/jpeg"}],"author":"lifefm","twitter_card":"summary_large_image","twitter_misc":{"Escrito por":"lifefm","Est. tempo de leitura":"1 minuto"},"schema":{"@context":"https:\/\/schema.org","@graph":[{"@type":"Article","@id":"https:\/\/radiolifefm.com.br\/noticias\/rapaz-e-assassinado-a-tiros-em-bairro-de-valparaiso\/#article","isPartOf":{"@id":"https:\/\/radiolifefm.com.br\/noticias\/rapaz-e-assassinado-a-tiros-em-bairro-de-valparaiso\/"},"author":{"name":"lifefm","@id":"https:\/\/radiolifefm.com.br\/noticias\/#\/schema\/person\/1d4e4b1301322090c6221bf1c8420490"},"headline":"Rapaz \u00e9 assassinado a tiros em bairro de Valpara\u00edso","datePublished":"2019-12-27T10:41:25+00:00","dateModified":"2025-10-31T16:14:31+00:00","mainEntityOfPage":{"@id":"https:\/\/radiolifefm.com.br\/noticias\/rapaz-e-assassinado-a-tiros-em-bairro-de-valparaiso\/"},"wordCount":124,"publisher":{"@id":"https:\/\/radiolifefm.com.br\/noticias\/#organization"},"image":{"@id":"https:\/\/radiolifefm.com.br\/noticias\/rapaz-e-assassinado-a-tiros-em-bairro-de-valparaiso\/#primaryimage"},"thumbnailUrl":"https:\/\/radiolifefm.com.br\/noticias\/wp-content\/uploads\/2019\/12\/Pol\u00edcia-Militar-Imagem-6.jpg","articleSection":["Regi\u00e3o"],"inLanguage":"pt-BR"},{"@type":"WebPage","@id":"https:\/\/radiolifefm.com.br\/noticias\/rapaz-e-assassinado-a-tiros-em-bairro-de-valparaiso\/","url":"https:\/\/radiolifefm.com.br\/noticias\/rapaz-e-assassinado-a-tiros-em-bairro-de-valparaiso\/","name":"Rapaz \u00e9 assassinado a tiros em bairro de Valpara\u00edso - R\u00e1dio Life FM","isPartOf":{"@id":"https:\/\/radiolifefm.com.br\/noticias\/#website"},"primaryImageOfPage":{"@id":"https:\/\/radiolifefm.com.br\/noticias\/rapaz-e-assassinado-a-tiros-em-bairro-de-valparaiso\/#primaryimage"},"image":{"@id":"https:\/\/radiolifefm.com.br\/noticias\/rapaz-e-assassinado-a-tiros-em-bairro-de-valparaiso\/#primaryimage"},"thumbnailUrl":"https:\/\/radiolifefm.com.br\/noticias\/wp-content\/uploads\/2019\/12\/Pol\u00edcia-Militar-Imagem-6.jpg","datePublished":"2019-12-27T10:41:25+00:00","dateModified":"2025-10-31T16:14:31+00:00","breadcrumb":{"@id":"https:\/\/radiolifefm.com.br\/noticias\/rapaz-e-assassinado-a-tiros-em-bairro-de-valparaiso\/#breadcrumb"},"inLanguage":"pt-BR","potentialAction":[{"@type":"ReadAction","target":["https:\/\/radiolifefm.com.br\/noticias\/rapaz-e-assassinado-a-tiros-em-bairro-de-valparaiso\/"]}]},{"@type":"ImageObject","inLanguage":"pt-BR","@id":"https:\/\/radiolifefm.com.br\/noticias\/rapaz-e-assassinado-a-tiros-em-bairro-de-valparaiso\/#primaryimage","url":"https:\/\/radiolifefm.com.br\/noticias\/wp-content\/uploads\/2019\/12\/Pol\u00edcia-Militar-Imagem-6.jpg","contentUrl":"https:\/\/radiolifefm.com.br\/noticias\/wp-content\/uploads\/2019\/12\/Pol\u00edcia-Militar-Imagem-6.jpg","width":1080,"height":802},{"@type":"BreadcrumbList","@id":"https:\/\/radiolifefm.com.br\/noticias\/rapaz-e-assassinado-a-tiros-em-bairro-de-valparaiso\/#breadcrumb","itemListElement":[{"@type":"ListItem","position":1,"name":"In\u00edcio","item":"https:\/\/radiolifefm.com.br\/noticias\/"},{"@type":"ListItem","position":2,"name":"Rapaz \u00e9 assassinado a tiros em bairro de Valpara\u00edso"}]},{"@type":"WebSite","@id":"https:\/\/radiolifefm.com.br\/noticias\/#website","url":"https:\/\/radiolifefm.com.br\/noticias\/","name":"R\u00e1dio Life FM","description":"O Portal de Not\u00edcias de Adamantina","publisher":{"@id":"https:\/\/radiolifefm.com.br\/noticias\/#organization"},"alternateName":"Life FM","potentialAction":[{"@type":"SearchAction","target":{"@type":"EntryPoint","urlTemplate":"https:\/\/radiolifefm.com.br\/noticias\/?s={search_term_string}"},"query-input":{"@type":"PropertyValueSpecification","valueRequired":true,"valueName":"search_term_string"}}],"inLanguage":"pt-BR"},{"@type":"Organization","@id":"https:\/\/radiolifefm.com.br\/noticias\/#organization","name":"R\u00e1dio Life FM","alternateName":"Life FM","url":"https:\/\/radiolifefm.com.br\/noticias\/","logo":{"@type":"ImageObject","inLanguage":"pt-BR","@id":"https:\/\/radiolifefm.com.br\/noticias\/#\/schema\/logo\/image\/","url":"https:\/\/static.radiolifefm.com.br\/noticias\/wp-content\/uploads\/2019\/10\/logo-lifefm.png","contentUrl":"https:\/\/static.radiolifefm.com.br\/noticias\/wp-content\/uploads\/2019\/10\/logo-lifefm.png","width":196,"height":47,"caption":"R\u00e1dio Life FM"},"image":{"@id":"https:\/\/radiolifefm.com.br\/noticias\/#\/schema\/logo\/image\/"},"sameAs":["https:\/\/www.facebook.com\/radiolifefm\/","https:\/\/www.instagram.com\/life1079fm\/"]},{"@type":"Person","@id":"https:\/\/radiolifefm.com.br\/noticias\/#\/schema\/person\/1d4e4b1301322090c6221bf1c8420490","name":"lifefm","image":{"@type":"ImageObject","inLanguage":"pt-BR","@id":"https:\/\/secure.gravatar.com\/avatar\/eca268467d925ec97d20641bb054fd944c0abb2f92854171620706bbe6474e7c?s=96&d=mm&r=g","url":"https:\/\/secure.gravatar.com\/avatar\/eca268467d925ec97d20641bb054fd944c0abb2f92854171620706bbe6474e7c?s=96&d=mm&r=g","contentUrl":"https:\/\/secure.gravatar.com\/avatar\/eca268467d925ec97d20641bb054fd944c0abb2f92854171620706bbe6474e7c?s=96&d=mm&r=g","caption":"lifefm"}}]}},"amp_enabled":true,"_links":{"self":[{"href":"https:\/\/radiolifefm.com.br\/noticias\/wp-json\/wp\/v2\/posts\/19179","targetHints":{"allow":["GET"]}}],"collection":[{"href":"https:\/\/radiolifefm.com.br\/noticias\/wp-json\/wp\/v2\/posts"}],"about":[{"href":"https:\/\/radiolifefm.com.br\/noticias\/wp-json\/wp\/v2\/types\/post"}],"author":[{"embeddable":true,"href":"https:\/\/radiolifefm.com.br\/noticias\/wp-json\/wp\/v2\/users\/3"}],"replies":[{"embeddable":true,"href":"https:\/\/radiolifefm.com.br\/noticias\/wp-json\/wp\/v2\/comments?post=19179"}],"version-history":[{"count":1,"href":"https:\/\/radiolifefm.com.br\/noticias\/wp-json\/wp\/v2\/posts\/19179\/revisions"}],"predecessor-version":[{"id":19181,"href":"https:\/\/radiolifefm.com.br\/noticias\/wp-json\/wp\/v2\/posts\/19179\/revisions\/19181"}],"wp:featuredmedia":[{"embeddable":true,"href":"https:\/\/radiolifefm.com.br\/noticias\/wp-json\/wp\/v2\/media\/19180"}],"wp:attachment":[{"href":"https:\/\/radiolifefm.com.br\/noticias\/wp-json\/wp\/v2\/media?parent=19179"}],"wp:term":[{"taxonomy":"category","embeddable":true,"href":"https:\/\/radiolifefm.com.br\/noticias\/wp-json\/wp\/v2\/categories?post=19179"},{"taxonomy":"post_tag","embeddable":true,"href":"https:\/\/radiolifefm.com.br\/noticias\/wp-json\/wp\/v2\/tags?post=19179"}],"curies":[{"name":"wp","href":"https:\/\/api.w.org\/{rel}","templated":true}]}}