{"id":19144,"date":"2019-12-24T09:55:24","date_gmt":"2019-12-24T12:55:24","guid":{"rendered":"https:\/\/radiolifefm.com.br\/noticias\/?p=19144"},"modified":"2026-04-21T23:20:34","modified_gmt":"2026-04-22T02:20:34","slug":"camaleao-e-camalesons-olhares-alem-da-provincia-sergio-barbosa-opiniao","status":"publish","type":"post","link":"https:\/\/radiolifefm.com.br\/noticias\/camaleao-e-camalesons-olhares-alem-da-provincia-sergio-barbosa-opiniao\/","title":{"rendered":"CAMALE\u00c3O e CAMALESONS: OLHARES AL\u00c9M DA PROV\u00cdNCIA&#8230; &#8211; S\u00e9rgio Barbosa &#8211; Opini\u00e3o"},"content":{"rendered":"<div id=\"fb-root\"><\/div>\n<p><strong>CAMALE\u00c3O e CAMALESONS: OLHARES AL\u00c9M DA PROV\u00cdNCIA&#8230;<\/strong><\/p>\n<p><em>\u201cA m\u00fasica \u00e9 o tipo de arte mais perfeita: nunca revela o seu \u00faltimo segredo.\u201d (Oscar Wilde)<\/em><br \/>\n<em>S\u00e9rgio Barbosa (*) <\/em><\/p>\n<p><em>Ao \u201cRA\u201d e Fernanda, dedico!<\/em><\/p>\n<p>Na semana passada, s\u00e1bado, ocorreu mais um daqueles eventos fora do cen\u00e1rio provinciano, ou seja, considerando a proposta e tudo mais em meio ao tudo de menos com a media\u00e7\u00e3o da Marca CAMALE\u00c3O em parceria com a CAMALESONS&#8230;<\/p>\n<p>Pode-se, tamb\u00e9m, destacar que tais eventos buscam abrir novos espa\u00e7os em todas as \u00e1reas afins aos objetivos da proposta, ou seja, envolvendo a comercializa\u00e7\u00e3o de produtos diversos, tamb\u00e9m, focando nas Artes e Gastronomia&#8230;<\/p>\n<p>Neste cen\u00e1rio mais do que interessante, ocorreram diversas apresenta\u00e7\u00f5es musicais e po\u00e9ticas, sempre de acordo com este ou aquele momento para muitos olhares e ouvidos, bem como, algumas dan\u00e7as com isto ou mais aquilo, dependendo sempre deste ou do outro lado&#8230;<\/p>\n<p>Tamb\u00e9m, pode-se escrever que organizar tais eventos com atividades diversificadas na Prov\u00edncia \u00e9 um desafio al\u00e9m do tempo deste velho tempo novo para o PA\u00cdS DO FAZ DE CONTA&#8230;<\/p>\n<p>Por isso e mais aquilo, tais propostas devem continuar no pr\u00f3ximo ano para uma aproxima\u00e7\u00e3o entre os grupos, tribos e outros desencontros, considerando que a realidade continua trabalhando contra em terras provincianas&#8230;<\/p>\n<p>Foram algumas horas no per\u00edodo da tarde do s\u00e1bado com muitas idas e vindas das pessoas que marcaram presen\u00e7a na Pra\u00e7a ELIO MICHELONI, cada qual com o seu jeito de SER e ESTAR&#8230;<\/p>\n<p>Espera-se que para o pr\u00f3ximo ano, ocorram muitas FEIRAS com propostas diferenciadas como uma Marca mais do que Registrada da import\u00e2ncia da ARTE e suas vertentes, al\u00e9m da GASTRONOMIA e tendo a M\u00daSICA pra dar aquele toque mais do que especial nas atividades&#8230;<\/p>\n<p>Torna-se necess\u00e1rio estar em conex\u00e3o com todos os olhares sobre um mesmo tema para que a ARTE possa prevalecer frente ao denominado SENSO COMUM que predomina na Prov\u00edncia&#8230;<\/p>\n<p>Tamb\u00e9m, pelo menos do meu lado, foram momentos para reencontrar diversos\/as ex-alunos\/as dos cursos de Publicidade e Hist\u00f3ria das PAREDES ALVAS&#8230;<\/p>\n<p>Considerando que uma das atra\u00e7\u00f5es da FEIRA estava centrada na CAMALESONS com uma apresenta\u00e7\u00e3o al\u00e9m da imagina\u00e7\u00e3o, ou seja, da FERNANDA (Taborda) com uma PERFOMANCE al\u00e9m deste tempo do tempo, bem como, apoio na apresenta\u00e7\u00e3o de MULHERES com suas poesias para uma sintonia fora de contexto com a mesmice de sempre&#8230;<\/p>\n<p>Isso sem esquecer-se de algumas figurinhas carimbadas que estavam na \u00e1rea, por exemplo, o ESPANHOL e o BODE\/LUCAS, ambos da prov\u00edncia menor de LUC\u00c9LIA&#8230;<\/p>\n<p>Outro registro \u00e9 que encontrei um jovem que no outro tempo deste tempo era um ABORRESCENTE que perambulava pelos LABORAT\u00d3RIOS DE INFORM\u00c1TICA do CAMPUS I das PAREDES ALVAS e sempre querendo o \u201cRA\u201d, ou seja, o n\u00famero do REGISTRO ACAD\u00caMICO para utilizar este ou aquele computador, sendo que tal REGISTRO era privativo dos discentes da institui\u00e7\u00e3o&#8230;<\/p>\n<p>E tem mais, mesmo depois de tantos anos, ainda, n\u00e3o sei o nome do RA, sendo que nesta oportunidade e reencontro com o mesmo, esqueci-me de perguntar qual o seu nome de batismo&#8230;<\/p>\n<p>Finalizando, acredito que ser CAMALE\u00c3O com CAMELESONS \u00e9 estar al\u00e9m de MARTE&#8230;<\/p>\n<div class='flex flex-wrap items-center -mx-1'>\r\n<a class='thumbnail gallery p-1 w-1\/2 md:w-1\/4' href='https:\/\/radiolifefm.com.br\/noticias\/wp-content\/uploads\/2019\/12\/Sebar-11.jpg'><img class='border border-white' src='https:\/\/radiolifefm.com.br\/noticias\/wp-content\/uploads\/2019\/12\/Sebar-11-200x200.jpg' alt='Sebar' \/><\/a><a class='thumbnail gallery p-1 w-1\/2 md:w-1\/4' href='https:\/\/radiolifefm.com.br\/noticias\/wp-content\/uploads\/2019\/12\/Sebar-2-3.jpg'><img class='border border-white' src='https:\/\/radiolifefm.com.br\/noticias\/wp-content\/uploads\/2019\/12\/Sebar-2-3-200x200.jpg' alt='Sebar   2' \/><\/a><a class='thumbnail gallery p-1 w-1\/2 md:w-1\/4' href='https:\/\/radiolifefm.com.br\/noticias\/wp-content\/uploads\/2019\/12\/Sebar-3-3.jpg'><img class='border border-white' src='https:\/\/radiolifefm.com.br\/noticias\/wp-content\/uploads\/2019\/12\/Sebar-3-3-200x200.jpg' alt='Sebar   3' \/><\/a><a class='thumbnail gallery p-1 w-1\/2 md:w-1\/4' href='https:\/\/radiolifefm.com.br\/noticias\/wp-content\/uploads\/2019\/12\/Sebar-4-3.jpg'><img class='border border-white' src='https:\/\/radiolifefm.com.br\/noticias\/wp-content\/uploads\/2019\/12\/Sebar-4-3-200x200.jpg' alt='Sebar   4' \/><\/a><a class='thumbnail gallery p-1 w-1\/2 md:w-1\/4' href='https:\/\/radiolifefm.com.br\/noticias\/wp-content\/uploads\/2019\/12\/Sebar-1-3.jpg'><img class='border border-white' src='https:\/\/radiolifefm.com.br\/noticias\/wp-content\/uploads\/2019\/12\/Sebar-1-3-200x200.jpg' alt='Sebar   1' \/><\/a><\/div>\n<p>___________________________<br \/>\n(*) Jornalista diplomado e professor universit\u00e1rio.<\/p>\n","protected":false},"excerpt":{"rendered":"<p>CAMALE\u00c3O e CAMALESONS: OLHARES AL\u00c9M DA PROV\u00cdNCIA&#8230; \u201cA m\u00fasica \u00e9 o tipo de arte mais perfeita: nunca revela o seu \u00faltimo segredo.\u201d (Oscar Wilde) S\u00e9rgio Barbosa (*) Ao \u201cRA\u201d e Fernanda, dedico! Na semana passada, s\u00e1bado, ocorreu mais um daqueles eventos fora do cen\u00e1rio provinciano, ou seja, considerando a proposta e tudo mais em meio [&hellip;]<\/p>\n","protected":false},"author":3,"featured_media":19146,"comment_status":"closed","ping_status":"open","sticky":false,"template":"","format":"standard","meta":{"_acf_changed":false,"_exactmetrics_skip_tracking":false,"_exactmetrics_sitenote_active":false,"_exactmetrics_sitenote_note":"","_exactmetrics_sitenote_category":0,"footnotes":""},"categories":[59],"tags":[],"class_list":["post-19144","post","type-post","status-publish","format-standard","has-post-thumbnail","hentry","category-opiniao"],"acf":[],"yoast_head":"<!-- This site is optimized with the Yoast SEO plugin v27.2 - https:\/\/yoast.com\/product\/yoast-seo-wordpress\/ -->\n<title>CAMALE\u00c3O e CAMALESONS: OLHARES AL\u00c9M DA PROV\u00cdNCIA... - S\u00e9rgio Barbosa - Opini\u00e3o - R\u00e1dio Life FM<\/title>\n<meta name=\"robots\" content=\"index, follow, max-snippet:-1, max-image-preview:large, max-video-preview:-1\" \/>\n<link rel=\"canonical\" href=\"https:\/\/radiolifefm.com.br\/noticias\/camaleao-e-camalesons-olhares-alem-da-provincia-sergio-barbosa-opiniao\/\" \/>\n<meta property=\"og:locale\" content=\"pt_BR\" \/>\n<meta property=\"og:type\" content=\"article\" \/>\n<meta property=\"og:title\" content=\"CAMALE\u00c3O e CAMALESONS: OLHARES AL\u00c9M DA PROV\u00cdNCIA... - S\u00e9rgio Barbosa - Opini\u00e3o - R\u00e1dio Life FM\" \/>\n<meta property=\"og:description\" content=\"CAMALE\u00c3O e CAMALESONS: OLHARES AL\u00c9M DA PROV\u00cdNCIA&#8230; \u201cA m\u00fasica \u00e9 o tipo de arte mais perfeita: nunca revela o seu \u00faltimo segredo.\u201d (Oscar Wilde) S\u00e9rgio Barbosa (*) Ao \u201cRA\u201d e Fernanda, dedico! Na semana passada, s\u00e1bado, ocorreu mais um daqueles eventos fora do cen\u00e1rio provinciano, ou seja, considerando a proposta e tudo mais em meio [&hellip;]\" \/>\n<meta property=\"og:url\" content=\"https:\/\/radiolifefm.com.br\/noticias\/camaleao-e-camalesons-olhares-alem-da-provincia-sergio-barbosa-opiniao\/\" \/>\n<meta property=\"og:site_name\" content=\"R\u00e1dio Life FM\" \/>\n<meta property=\"article:publisher\" content=\"https:\/\/www.facebook.com\/radiolifefm\/\" \/>\n<meta property=\"article:published_time\" content=\"2019-12-24T12:55:24+00:00\" \/>\n<meta property=\"article:modified_time\" content=\"2026-04-22T02:20:34+00:00\" \/>\n<meta property=\"og:image\" content=\"https:\/\/radiolifefm.com.br\/noticias\/wp-content\/uploads\/2019\/12\/Sebar-1-3.jpg\" \/>\n\t<meta property=\"og:image:width\" content=\"581\" \/>\n\t<meta property=\"og:image:height\" content=\"1032\" \/>\n\t<meta property=\"og:image:type\" content=\"image\/jpeg\" \/>\n<meta name=\"author\" content=\"lifefm\" \/>\n<meta name=\"twitter:card\" content=\"summary_large_image\" \/>\n<meta name=\"twitter:label1\" content=\"Escrito por\" \/>\n\t<meta name=\"twitter:data1\" content=\"lifefm\" \/>\n\t<meta name=\"twitter:label2\" content=\"Est. tempo de leitura\" \/>\n\t<meta name=\"twitter:data2\" content=\"3 minutos\" \/>\n<script type=\"application\/ld+json\" class=\"yoast-schema-graph\">{\"@context\":\"https:\/\/schema.org\",\"@graph\":[{\"@type\":\"Article\",\"@id\":\"https:\/\/radiolifefm.com.br\/noticias\/camaleao-e-camalesons-olhares-alem-da-provincia-sergio-barbosa-opiniao\/#article\",\"isPartOf\":{\"@id\":\"https:\/\/radiolifefm.com.br\/noticias\/camaleao-e-camalesons-olhares-alem-da-provincia-sergio-barbosa-opiniao\/\"},\"author\":{\"name\":\"lifefm\",\"@id\":\"https:\/\/radiolifefm.com.br\/noticias\/#\/schema\/person\/1d4e4b1301322090c6221bf1c8420490\"},\"headline\":\"CAMALE\u00c3O e CAMALESONS: OLHARES AL\u00c9M DA PROV\u00cdNCIA&#8230; &#8211; S\u00e9rgio Barbosa &#8211; Opini\u00e3o\",\"datePublished\":\"2019-12-24T12:55:24+00:00\",\"dateModified\":\"2026-04-22T02:20:34+00:00\",\"mainEntityOfPage\":{\"@id\":\"https:\/\/radiolifefm.com.br\/noticias\/camaleao-e-camalesons-olhares-alem-da-provincia-sergio-barbosa-opiniao\/\"},\"wordCount\":581,\"publisher\":{\"@id\":\"https:\/\/radiolifefm.com.br\/noticias\/#organization\"},\"image\":{\"@id\":\"https:\/\/radiolifefm.com.br\/noticias\/camaleao-e-camalesons-olhares-alem-da-provincia-sergio-barbosa-opiniao\/#primaryimage\"},\"thumbnailUrl\":\"https:\/\/radiolifefm.com.br\/noticias\/wp-content\/uploads\/2019\/12\/Sebar-1-3.jpg\",\"articleSection\":[\"Opini\u00e3o\"],\"inLanguage\":\"pt-BR\"},{\"@type\":\"WebPage\",\"@id\":\"https:\/\/radiolifefm.com.br\/noticias\/camaleao-e-camalesons-olhares-alem-da-provincia-sergio-barbosa-opiniao\/\",\"url\":\"https:\/\/radiolifefm.com.br\/noticias\/camaleao-e-camalesons-olhares-alem-da-provincia-sergio-barbosa-opiniao\/\",\"name\":\"CAMALE\u00c3O e CAMALESONS: OLHARES AL\u00c9M DA PROV\u00cdNCIA... - S\u00e9rgio Barbosa - Opini\u00e3o - R\u00e1dio Life FM\",\"isPartOf\":{\"@id\":\"https:\/\/radiolifefm.com.br\/noticias\/#website\"},\"primaryImageOfPage\":{\"@id\":\"https:\/\/radiolifefm.com.br\/noticias\/camaleao-e-camalesons-olhares-alem-da-provincia-sergio-barbosa-opiniao\/#primaryimage\"},\"image\":{\"@id\":\"https:\/\/radiolifefm.com.br\/noticias\/camaleao-e-camalesons-olhares-alem-da-provincia-sergio-barbosa-opiniao\/#primaryimage\"},\"thumbnailUrl\":\"https:\/\/radiolifefm.com.br\/noticias\/wp-content\/uploads\/2019\/12\/Sebar-1-3.jpg\",\"datePublished\":\"2019-12-24T12:55:24+00:00\",\"dateModified\":\"2026-04-22T02:20:34+00:00\",\"breadcrumb\":{\"@id\":\"https:\/\/radiolifefm.com.br\/noticias\/camaleao-e-camalesons-olhares-alem-da-provincia-sergio-barbosa-opiniao\/#breadcrumb\"},\"inLanguage\":\"pt-BR\",\"potentialAction\":[{\"@type\":\"ReadAction\",\"target\":[\"https:\/\/radiolifefm.com.br\/noticias\/camaleao-e-camalesons-olhares-alem-da-provincia-sergio-barbosa-opiniao\/\"]}]},{\"@type\":\"ImageObject\",\"inLanguage\":\"pt-BR\",\"@id\":\"https:\/\/radiolifefm.com.br\/noticias\/camaleao-e-camalesons-olhares-alem-da-provincia-sergio-barbosa-opiniao\/#primaryimage\",\"url\":\"https:\/\/radiolifefm.com.br\/noticias\/wp-content\/uploads\/2019\/12\/Sebar-1-3.jpg\",\"contentUrl\":\"https:\/\/radiolifefm.com.br\/noticias\/wp-content\/uploads\/2019\/12\/Sebar-1-3.jpg\",\"width\":581,\"height\":1032},{\"@type\":\"BreadcrumbList\",\"@id\":\"https:\/\/radiolifefm.com.br\/noticias\/camaleao-e-camalesons-olhares-alem-da-provincia-sergio-barbosa-opiniao\/#breadcrumb\",\"itemListElement\":[{\"@type\":\"ListItem\",\"position\":1,\"name\":\"In\u00edcio\",\"item\":\"https:\/\/radiolifefm.com.br\/noticias\/\"},{\"@type\":\"ListItem\",\"position\":2,\"name\":\"CAMALE\u00c3O e CAMALESONS: OLHARES AL\u00c9M DA PROV\u00cdNCIA&#8230; &#8211; S\u00e9rgio Barbosa &#8211; Opini\u00e3o\"}]},{\"@type\":\"WebSite\",\"@id\":\"https:\/\/radiolifefm.com.br\/noticias\/#website\",\"url\":\"https:\/\/radiolifefm.com.br\/noticias\/\",\"name\":\"R\u00e1dio Life FM\",\"description\":\"O Portal de Not\u00edcias de Adamantina\",\"publisher\":{\"@id\":\"https:\/\/radiolifefm.com.br\/noticias\/#organization\"},\"alternateName\":\"Life FM\",\"potentialAction\":[{\"@type\":\"SearchAction\",\"target\":{\"@type\":\"EntryPoint\",\"urlTemplate\":\"https:\/\/radiolifefm.com.br\/noticias\/?s={search_term_string}\"},\"query-input\":{\"@type\":\"PropertyValueSpecification\",\"valueRequired\":true,\"valueName\":\"search_term_string\"}}],\"inLanguage\":\"pt-BR\"},{\"@type\":\"Organization\",\"@id\":\"https:\/\/radiolifefm.com.br\/noticias\/#organization\",\"name\":\"R\u00e1dio Life FM\",\"alternateName\":\"Life FM\",\"url\":\"https:\/\/radiolifefm.com.br\/noticias\/\",\"logo\":{\"@type\":\"ImageObject\",\"inLanguage\":\"pt-BR\",\"@id\":\"https:\/\/radiolifefm.com.br\/noticias\/#\/schema\/logo\/image\/\",\"url\":\"https:\/\/static.radiolifefm.com.br\/noticias\/wp-content\/uploads\/2019\/10\/logo-lifefm.png\",\"contentUrl\":\"https:\/\/static.radiolifefm.com.br\/noticias\/wp-content\/uploads\/2019\/10\/logo-lifefm.png\",\"width\":196,\"height\":47,\"caption\":\"R\u00e1dio Life FM\"},\"image\":{\"@id\":\"https:\/\/radiolifefm.com.br\/noticias\/#\/schema\/logo\/image\/\"},\"sameAs\":[\"https:\/\/www.facebook.com\/radiolifefm\/\",\"https:\/\/www.instagram.com\/life1079fm\/\"]},{\"@type\":\"Person\",\"@id\":\"https:\/\/radiolifefm.com.br\/noticias\/#\/schema\/person\/1d4e4b1301322090c6221bf1c8420490\",\"name\":\"lifefm\",\"image\":{\"@type\":\"ImageObject\",\"inLanguage\":\"pt-BR\",\"@id\":\"https:\/\/secure.gravatar.com\/avatar\/eca268467d925ec97d20641bb054fd944c0abb2f92854171620706bbe6474e7c?s=96&d=mm&r=g\",\"url\":\"https:\/\/secure.gravatar.com\/avatar\/eca268467d925ec97d20641bb054fd944c0abb2f92854171620706bbe6474e7c?s=96&d=mm&r=g\",\"contentUrl\":\"https:\/\/secure.gravatar.com\/avatar\/eca268467d925ec97d20641bb054fd944c0abb2f92854171620706bbe6474e7c?s=96&d=mm&r=g\",\"caption\":\"lifefm\"}}]}<\/script>\n<!-- \/ Yoast SEO plugin. -->","yoast_head_json":{"title":"CAMALE\u00c3O e CAMALESONS: OLHARES AL\u00c9M DA PROV\u00cdNCIA... - S\u00e9rgio Barbosa - Opini\u00e3o - R\u00e1dio Life FM","robots":{"index":"index","follow":"follow","max-snippet":"max-snippet:-1","max-image-preview":"max-image-preview:large","max-video-preview":"max-video-preview:-1"},"canonical":"https:\/\/radiolifefm.com.br\/noticias\/camaleao-e-camalesons-olhares-alem-da-provincia-sergio-barbosa-opiniao\/","og_locale":"pt_BR","og_type":"article","og_title":"CAMALE\u00c3O e CAMALESONS: OLHARES AL\u00c9M DA PROV\u00cdNCIA... - S\u00e9rgio Barbosa - Opini\u00e3o - R\u00e1dio Life FM","og_description":"CAMALE\u00c3O e CAMALESONS: OLHARES AL\u00c9M DA PROV\u00cdNCIA&#8230; \u201cA m\u00fasica \u00e9 o tipo de arte mais perfeita: nunca revela o seu \u00faltimo segredo.\u201d (Oscar Wilde) S\u00e9rgio Barbosa (*) Ao \u201cRA\u201d e Fernanda, dedico! Na semana passada, s\u00e1bado, ocorreu mais um daqueles eventos fora do cen\u00e1rio provinciano, ou seja, considerando a proposta e tudo mais em meio [&hellip;]","og_url":"https:\/\/radiolifefm.com.br\/noticias\/camaleao-e-camalesons-olhares-alem-da-provincia-sergio-barbosa-opiniao\/","og_site_name":"R\u00e1dio Life FM","article_publisher":"https:\/\/www.facebook.com\/radiolifefm\/","article_published_time":"2019-12-24T12:55:24+00:00","article_modified_time":"2026-04-22T02:20:34+00:00","og_image":[{"width":581,"height":1032,"url":"https:\/\/radiolifefm.com.br\/noticias\/wp-content\/uploads\/2019\/12\/Sebar-1-3.jpg","type":"image\/jpeg"}],"author":"lifefm","twitter_card":"summary_large_image","twitter_misc":{"Escrito por":"lifefm","Est. tempo de leitura":"3 minutos"},"schema":{"@context":"https:\/\/schema.org","@graph":[{"@type":"Article","@id":"https:\/\/radiolifefm.com.br\/noticias\/camaleao-e-camalesons-olhares-alem-da-provincia-sergio-barbosa-opiniao\/#article","isPartOf":{"@id":"https:\/\/radiolifefm.com.br\/noticias\/camaleao-e-camalesons-olhares-alem-da-provincia-sergio-barbosa-opiniao\/"},"author":{"name":"lifefm","@id":"https:\/\/radiolifefm.com.br\/noticias\/#\/schema\/person\/1d4e4b1301322090c6221bf1c8420490"},"headline":"CAMALE\u00c3O e CAMALESONS: OLHARES AL\u00c9M DA PROV\u00cdNCIA&#8230; &#8211; S\u00e9rgio Barbosa &#8211; Opini\u00e3o","datePublished":"2019-12-24T12:55:24+00:00","dateModified":"2026-04-22T02:20:34+00:00","mainEntityOfPage":{"@id":"https:\/\/radiolifefm.com.br\/noticias\/camaleao-e-camalesons-olhares-alem-da-provincia-sergio-barbosa-opiniao\/"},"wordCount":581,"publisher":{"@id":"https:\/\/radiolifefm.com.br\/noticias\/#organization"},"image":{"@id":"https:\/\/radiolifefm.com.br\/noticias\/camaleao-e-camalesons-olhares-alem-da-provincia-sergio-barbosa-opiniao\/#primaryimage"},"thumbnailUrl":"https:\/\/radiolifefm.com.br\/noticias\/wp-content\/uploads\/2019\/12\/Sebar-1-3.jpg","articleSection":["Opini\u00e3o"],"inLanguage":"pt-BR"},{"@type":"WebPage","@id":"https:\/\/radiolifefm.com.br\/noticias\/camaleao-e-camalesons-olhares-alem-da-provincia-sergio-barbosa-opiniao\/","url":"https:\/\/radiolifefm.com.br\/noticias\/camaleao-e-camalesons-olhares-alem-da-provincia-sergio-barbosa-opiniao\/","name":"CAMALE\u00c3O e CAMALESONS: OLHARES AL\u00c9M DA PROV\u00cdNCIA... - S\u00e9rgio Barbosa - Opini\u00e3o - R\u00e1dio Life FM","isPartOf":{"@id":"https:\/\/radiolifefm.com.br\/noticias\/#website"},"primaryImageOfPage":{"@id":"https:\/\/radiolifefm.com.br\/noticias\/camaleao-e-camalesons-olhares-alem-da-provincia-sergio-barbosa-opiniao\/#primaryimage"},"image":{"@id":"https:\/\/radiolifefm.com.br\/noticias\/camaleao-e-camalesons-olhares-alem-da-provincia-sergio-barbosa-opiniao\/#primaryimage"},"thumbnailUrl":"https:\/\/radiolifefm.com.br\/noticias\/wp-content\/uploads\/2019\/12\/Sebar-1-3.jpg","datePublished":"2019-12-24T12:55:24+00:00","dateModified":"2026-04-22T02:20:34+00:00","breadcrumb":{"@id":"https:\/\/radiolifefm.com.br\/noticias\/camaleao-e-camalesons-olhares-alem-da-provincia-sergio-barbosa-opiniao\/#breadcrumb"},"inLanguage":"pt-BR","potentialAction":[{"@type":"ReadAction","target":["https:\/\/radiolifefm.com.br\/noticias\/camaleao-e-camalesons-olhares-alem-da-provincia-sergio-barbosa-opiniao\/"]}]},{"@type":"ImageObject","inLanguage":"pt-BR","@id":"https:\/\/radiolifefm.com.br\/noticias\/camaleao-e-camalesons-olhares-alem-da-provincia-sergio-barbosa-opiniao\/#primaryimage","url":"https:\/\/radiolifefm.com.br\/noticias\/wp-content\/uploads\/2019\/12\/Sebar-1-3.jpg","contentUrl":"https:\/\/radiolifefm.com.br\/noticias\/wp-content\/uploads\/2019\/12\/Sebar-1-3.jpg","width":581,"height":1032},{"@type":"BreadcrumbList","@id":"https:\/\/radiolifefm.com.br\/noticias\/camaleao-e-camalesons-olhares-alem-da-provincia-sergio-barbosa-opiniao\/#breadcrumb","itemListElement":[{"@type":"ListItem","position":1,"name":"In\u00edcio","item":"https:\/\/radiolifefm.com.br\/noticias\/"},{"@type":"ListItem","position":2,"name":"CAMALE\u00c3O e CAMALESONS: OLHARES AL\u00c9M DA PROV\u00cdNCIA&#8230; &#8211; S\u00e9rgio Barbosa &#8211; Opini\u00e3o"}]},{"@type":"WebSite","@id":"https:\/\/radiolifefm.com.br\/noticias\/#website","url":"https:\/\/radiolifefm.com.br\/noticias\/","name":"R\u00e1dio Life FM","description":"O Portal de Not\u00edcias de Adamantina","publisher":{"@id":"https:\/\/radiolifefm.com.br\/noticias\/#organization"},"alternateName":"Life FM","potentialAction":[{"@type":"SearchAction","target":{"@type":"EntryPoint","urlTemplate":"https:\/\/radiolifefm.com.br\/noticias\/?s={search_term_string}"},"query-input":{"@type":"PropertyValueSpecification","valueRequired":true,"valueName":"search_term_string"}}],"inLanguage":"pt-BR"},{"@type":"Organization","@id":"https:\/\/radiolifefm.com.br\/noticias\/#organization","name":"R\u00e1dio Life FM","alternateName":"Life FM","url":"https:\/\/radiolifefm.com.br\/noticias\/","logo":{"@type":"ImageObject","inLanguage":"pt-BR","@id":"https:\/\/radiolifefm.com.br\/noticias\/#\/schema\/logo\/image\/","url":"https:\/\/static.radiolifefm.com.br\/noticias\/wp-content\/uploads\/2019\/10\/logo-lifefm.png","contentUrl":"https:\/\/static.radiolifefm.com.br\/noticias\/wp-content\/uploads\/2019\/10\/logo-lifefm.png","width":196,"height":47,"caption":"R\u00e1dio Life FM"},"image":{"@id":"https:\/\/radiolifefm.com.br\/noticias\/#\/schema\/logo\/image\/"},"sameAs":["https:\/\/www.facebook.com\/radiolifefm\/","https:\/\/www.instagram.com\/life1079fm\/"]},{"@type":"Person","@id":"https:\/\/radiolifefm.com.br\/noticias\/#\/schema\/person\/1d4e4b1301322090c6221bf1c8420490","name":"lifefm","image":{"@type":"ImageObject","inLanguage":"pt-BR","@id":"https:\/\/secure.gravatar.com\/avatar\/eca268467d925ec97d20641bb054fd944c0abb2f92854171620706bbe6474e7c?s=96&d=mm&r=g","url":"https:\/\/secure.gravatar.com\/avatar\/eca268467d925ec97d20641bb054fd944c0abb2f92854171620706bbe6474e7c?s=96&d=mm&r=g","contentUrl":"https:\/\/secure.gravatar.com\/avatar\/eca268467d925ec97d20641bb054fd944c0abb2f92854171620706bbe6474e7c?s=96&d=mm&r=g","caption":"lifefm"}}]}},"amp_enabled":true,"_links":{"self":[{"href":"https:\/\/radiolifefm.com.br\/noticias\/wp-json\/wp\/v2\/posts\/19144","targetHints":{"allow":["GET"]}}],"collection":[{"href":"https:\/\/radiolifefm.com.br\/noticias\/wp-json\/wp\/v2\/posts"}],"about":[{"href":"https:\/\/radiolifefm.com.br\/noticias\/wp-json\/wp\/v2\/types\/post"}],"author":[{"embeddable":true,"href":"https:\/\/radiolifefm.com.br\/noticias\/wp-json\/wp\/v2\/users\/3"}],"replies":[{"embeddable":true,"href":"https:\/\/radiolifefm.com.br\/noticias\/wp-json\/wp\/v2\/comments?post=19144"}],"version-history":[{"count":1,"href":"https:\/\/radiolifefm.com.br\/noticias\/wp-json\/wp\/v2\/posts\/19144\/revisions"}],"predecessor-version":[{"id":19150,"href":"https:\/\/radiolifefm.com.br\/noticias\/wp-json\/wp\/v2\/posts\/19144\/revisions\/19150"}],"wp:featuredmedia":[{"embeddable":true,"href":"https:\/\/radiolifefm.com.br\/noticias\/wp-json\/wp\/v2\/media\/19146"}],"wp:attachment":[{"href":"https:\/\/radiolifefm.com.br\/noticias\/wp-json\/wp\/v2\/media?parent=19144"}],"wp:term":[{"taxonomy":"category","embeddable":true,"href":"https:\/\/radiolifefm.com.br\/noticias\/wp-json\/wp\/v2\/categories?post=19144"},{"taxonomy":"post_tag","embeddable":true,"href":"https:\/\/radiolifefm.com.br\/noticias\/wp-json\/wp\/v2\/tags?post=19144"}],"curies":[{"name":"wp","href":"https:\/\/api.w.org\/{rel}","templated":true}]}}