{"id":19021,"date":"2019-12-18T10:13:26","date_gmt":"2019-12-18T13:13:26","guid":{"rendered":"https:\/\/radiolifefm.com.br\/noticias\/?p=19021"},"modified":"2026-04-26T20:42:11","modified_gmt":"2026-04-26T23:42:11","slug":"caminhao-perde-o-freio-e-veiculos-sucateados-atingem-carros-estacionados-no-centro-de-panorama","status":"publish","type":"post","link":"https:\/\/radiolifefm.com.br\/noticias\/caminhao-perde-o-freio-e-veiculos-sucateados-atingem-carros-estacionados-no-centro-de-panorama\/","title":{"rendered":"Caminh\u00e3o perde o freio e ve\u00edculos sucateados atingem carros estacionados no Centro de Panorama"},"content":{"rendered":"<div id=\"fb-root\"><\/div>\n<p>Um homem de 80 anos, que passava pelo local e se atirou para n\u00e3o ser alcan\u00e7ado, teve ferimentos leves e foi encaminhado ao Pronto-socorro para receber atendimento m\u00e9dico<br \/>\nNesta ter\u00e7a-feira (17), por volta das 15h20, foi registrado um acidente de tr\u00e2nsito na Rua Nicola Zwing, no Centro de Panorama.<\/p>\n<p>Conforme a Pol\u00edcia Civil, o motorista de 40 anos, que dirigia um caminh\u00e3o que carregava dois ve\u00edculos sucateados, transitava no sentido Centro\u2013bairro, quando, segundo relato do pr\u00f3prio condutor, o ve\u00edculo perdeu o freio.<\/p>\n<p>Por ser um trecho de descida, ele virou \u00e0 direita, adentrando na contram\u00e3o na Rua Nicola Zwing, em frente ao Terminal Rodovi\u00e1rio.<\/p>\n<p>Em decorr\u00eancia da virada &#8220;brusca&#8221;, os ve\u00edculos sucateados que estavam sendo transportados em uma carroceria de madeira, vieram a se soltar e a atingir outros dois carros que estavam estacionados regularmente na via.<\/p>\n<p>Ainda conforme a Pol\u00edcia Civil, o condutor do caminh\u00e3o n\u00e3o teve ferimentos e nenhuma pessoa ocupava os ve\u00edculos atingidos.<\/p>\n<p>De acordo com a pol\u00edcia, um homem de 80 anos estava passando pelo local e se atirou para n\u00e3o ser atingido. Ele, conforme a pol\u00edcia, teve ferimentos leves e foi encaminhado ao Pronto-socorro de Panorama para receber atendimento m\u00e9dico.<\/p>\n<p>As pol\u00edcias Civil e Militar interditaram a rua para os trabalhos de per\u00edcia e o registro da ocorr\u00eancia do acidente.<\/p>\n<p><img loading=\"lazy\" decoding=\"async\" class=\"alignnone size-medium wp-image-19023\" src=\"https:\/\/radiolifefm.com.br\/noticias\/wp-content\/uploads\/sites\/2\/2019\/12\/Sucata-Panorama-1-300x156.jpg\" alt=\"\" width=\"300\" height=\"156\" srcset=\"https:\/\/radiolifefm.com.br\/noticias\/wp-content\/uploads\/2019\/12\/Sucata-Panorama-1-300x156.jpg 300w, https:\/\/radiolifefm.com.br\/noticias\/wp-content\/uploads\/2019\/12\/Sucata-Panorama-1.jpg 620w\" sizes=\"auto, (max-width: 300px) 100vw, 300px\" \/><\/p>\n<p>Carlos Volpi _ TV Fronteira<\/p>\n","protected":false},"excerpt":{"rendered":"<p>Um homem de 80 anos, que passava pelo local e se atirou para n\u00e3o ser alcan\u00e7ado, teve ferimentos leves e foi encaminhado ao Pronto-socorro para receber atendimento m\u00e9dico Nesta ter\u00e7a-feira (17), por volta das 15h20, foi registrado um acidente de tr\u00e2nsito na Rua Nicola Zwing, no Centro de Panorama. Conforme a Pol\u00edcia Civil, o motorista [&hellip;]<\/p>\n","protected":false},"author":3,"featured_media":19022,"comment_status":"closed","ping_status":"open","sticky":false,"template":"","format":"standard","meta":{"_acf_changed":false,"_exactmetrics_skip_tracking":false,"_exactmetrics_sitenote_active":false,"_exactmetrics_sitenote_note":"","_exactmetrics_sitenote_category":0,"footnotes":""},"categories":[24],"tags":[],"class_list":["post-19021","post","type-post","status-publish","format-standard","has-post-thumbnail","hentry","category-regiao"],"acf":[],"yoast_head":"<!-- This site is optimized with the Yoast SEO plugin v27.2 - https:\/\/yoast.com\/product\/yoast-seo-wordpress\/ -->\n<title>Caminh\u00e3o perde o freio e ve\u00edculos sucateados atingem carros estacionados no Centro de Panorama - R\u00e1dio Life FM<\/title>\n<meta name=\"robots\" content=\"index, follow, max-snippet:-1, max-image-preview:large, max-video-preview:-1\" \/>\n<link rel=\"canonical\" href=\"https:\/\/radiolifefm.com.br\/noticias\/caminhao-perde-o-freio-e-veiculos-sucateados-atingem-carros-estacionados-no-centro-de-panorama\/\" \/>\n<meta property=\"og:locale\" content=\"pt_BR\" \/>\n<meta property=\"og:type\" content=\"article\" \/>\n<meta property=\"og:title\" content=\"Caminh\u00e3o perde o freio e ve\u00edculos sucateados atingem carros estacionados no Centro de Panorama - R\u00e1dio Life FM\" \/>\n<meta property=\"og:description\" content=\"Um homem de 80 anos, que passava pelo local e se atirou para n\u00e3o ser alcan\u00e7ado, teve ferimentos leves e foi encaminhado ao Pronto-socorro para receber atendimento m\u00e9dico Nesta ter\u00e7a-feira (17), por volta das 15h20, foi registrado um acidente de tr\u00e2nsito na Rua Nicola Zwing, no Centro de Panorama. Conforme a Pol\u00edcia Civil, o motorista [&hellip;]\" \/>\n<meta property=\"og:url\" content=\"https:\/\/radiolifefm.com.br\/noticias\/caminhao-perde-o-freio-e-veiculos-sucateados-atingem-carros-estacionados-no-centro-de-panorama\/\" \/>\n<meta property=\"og:site_name\" content=\"R\u00e1dio Life FM\" \/>\n<meta property=\"article:publisher\" content=\"https:\/\/www.facebook.com\/radiolifefm\/\" \/>\n<meta property=\"article:published_time\" content=\"2019-12-18T13:13:26+00:00\" \/>\n<meta property=\"article:modified_time\" content=\"2026-04-26T23:42:11+00:00\" \/>\n<meta property=\"og:image\" content=\"https:\/\/radiolifefm.com.br\/noticias\/wp-content\/uploads\/2019\/12\/Sucata-Panorama.jpg\" \/>\n\t<meta property=\"og:image:width\" content=\"880\" \/>\n\t<meta property=\"og:image:height\" content=\"455\" \/>\n\t<meta property=\"og:image:type\" content=\"image\/jpeg\" \/>\n<meta name=\"author\" content=\"lifefm\" \/>\n<meta name=\"twitter:card\" content=\"summary_large_image\" \/>\n<meta name=\"twitter:label1\" content=\"Escrito por\" \/>\n\t<meta name=\"twitter:data1\" content=\"lifefm\" \/>\n\t<meta name=\"twitter:label2\" content=\"Est. tempo de leitura\" \/>\n\t<meta name=\"twitter:data2\" content=\"1 minuto\" \/>\n<script type=\"application\/ld+json\" class=\"yoast-schema-graph\">{\"@context\":\"https:\/\/schema.org\",\"@graph\":[{\"@type\":\"Article\",\"@id\":\"https:\/\/radiolifefm.com.br\/noticias\/caminhao-perde-o-freio-e-veiculos-sucateados-atingem-carros-estacionados-no-centro-de-panorama\/#article\",\"isPartOf\":{\"@id\":\"https:\/\/radiolifefm.com.br\/noticias\/caminhao-perde-o-freio-e-veiculos-sucateados-atingem-carros-estacionados-no-centro-de-panorama\/\"},\"author\":{\"name\":\"lifefm\",\"@id\":\"https:\/\/radiolifefm.com.br\/noticias\/#\/schema\/person\/1d4e4b1301322090c6221bf1c8420490\"},\"headline\":\"Caminh\u00e3o perde o freio e ve\u00edculos sucateados atingem carros estacionados no Centro de Panorama\",\"datePublished\":\"2019-12-18T13:13:26+00:00\",\"dateModified\":\"2026-04-26T23:42:11+00:00\",\"mainEntityOfPage\":{\"@id\":\"https:\/\/radiolifefm.com.br\/noticias\/caminhao-perde-o-freio-e-veiculos-sucateados-atingem-carros-estacionados-no-centro-de-panorama\/\"},\"wordCount\":256,\"publisher\":{\"@id\":\"https:\/\/radiolifefm.com.br\/noticias\/#organization\"},\"image\":{\"@id\":\"https:\/\/radiolifefm.com.br\/noticias\/caminhao-perde-o-freio-e-veiculos-sucateados-atingem-carros-estacionados-no-centro-de-panorama\/#primaryimage\"},\"thumbnailUrl\":\"https:\/\/radiolifefm.com.br\/noticias\/wp-content\/uploads\/2019\/12\/Sucata-Panorama.jpg\",\"articleSection\":[\"Regi\u00e3o\"],\"inLanguage\":\"pt-BR\"},{\"@type\":\"WebPage\",\"@id\":\"https:\/\/radiolifefm.com.br\/noticias\/caminhao-perde-o-freio-e-veiculos-sucateados-atingem-carros-estacionados-no-centro-de-panorama\/\",\"url\":\"https:\/\/radiolifefm.com.br\/noticias\/caminhao-perde-o-freio-e-veiculos-sucateados-atingem-carros-estacionados-no-centro-de-panorama\/\",\"name\":\"Caminh\u00e3o perde o freio e ve\u00edculos sucateados atingem carros estacionados no Centro de Panorama - R\u00e1dio Life FM\",\"isPartOf\":{\"@id\":\"https:\/\/radiolifefm.com.br\/noticias\/#website\"},\"primaryImageOfPage\":{\"@id\":\"https:\/\/radiolifefm.com.br\/noticias\/caminhao-perde-o-freio-e-veiculos-sucateados-atingem-carros-estacionados-no-centro-de-panorama\/#primaryimage\"},\"image\":{\"@id\":\"https:\/\/radiolifefm.com.br\/noticias\/caminhao-perde-o-freio-e-veiculos-sucateados-atingem-carros-estacionados-no-centro-de-panorama\/#primaryimage\"},\"thumbnailUrl\":\"https:\/\/radiolifefm.com.br\/noticias\/wp-content\/uploads\/2019\/12\/Sucata-Panorama.jpg\",\"datePublished\":\"2019-12-18T13:13:26+00:00\",\"dateModified\":\"2026-04-26T23:42:11+00:00\",\"breadcrumb\":{\"@id\":\"https:\/\/radiolifefm.com.br\/noticias\/caminhao-perde-o-freio-e-veiculos-sucateados-atingem-carros-estacionados-no-centro-de-panorama\/#breadcrumb\"},\"inLanguage\":\"pt-BR\",\"potentialAction\":[{\"@type\":\"ReadAction\",\"target\":[\"https:\/\/radiolifefm.com.br\/noticias\/caminhao-perde-o-freio-e-veiculos-sucateados-atingem-carros-estacionados-no-centro-de-panorama\/\"]}]},{\"@type\":\"ImageObject\",\"inLanguage\":\"pt-BR\",\"@id\":\"https:\/\/radiolifefm.com.br\/noticias\/caminhao-perde-o-freio-e-veiculos-sucateados-atingem-carros-estacionados-no-centro-de-panorama\/#primaryimage\",\"url\":\"https:\/\/radiolifefm.com.br\/noticias\/wp-content\/uploads\/2019\/12\/Sucata-Panorama.jpg\",\"contentUrl\":\"https:\/\/radiolifefm.com.br\/noticias\/wp-content\/uploads\/2019\/12\/Sucata-Panorama.jpg\",\"width\":880,\"height\":455},{\"@type\":\"BreadcrumbList\",\"@id\":\"https:\/\/radiolifefm.com.br\/noticias\/caminhao-perde-o-freio-e-veiculos-sucateados-atingem-carros-estacionados-no-centro-de-panorama\/#breadcrumb\",\"itemListElement\":[{\"@type\":\"ListItem\",\"position\":1,\"name\":\"In\u00edcio\",\"item\":\"https:\/\/radiolifefm.com.br\/noticias\/\"},{\"@type\":\"ListItem\",\"position\":2,\"name\":\"Caminh\u00e3o perde o freio e ve\u00edculos sucateados atingem carros estacionados no Centro de Panorama\"}]},{\"@type\":\"WebSite\",\"@id\":\"https:\/\/radiolifefm.com.br\/noticias\/#website\",\"url\":\"https:\/\/radiolifefm.com.br\/noticias\/\",\"name\":\"R\u00e1dio Life FM\",\"description\":\"O Portal de Not\u00edcias de Adamantina\",\"publisher\":{\"@id\":\"https:\/\/radiolifefm.com.br\/noticias\/#organization\"},\"alternateName\":\"Life FM\",\"potentialAction\":[{\"@type\":\"SearchAction\",\"target\":{\"@type\":\"EntryPoint\",\"urlTemplate\":\"https:\/\/radiolifefm.com.br\/noticias\/?s={search_term_string}\"},\"query-input\":{\"@type\":\"PropertyValueSpecification\",\"valueRequired\":true,\"valueName\":\"search_term_string\"}}],\"inLanguage\":\"pt-BR\"},{\"@type\":\"Organization\",\"@id\":\"https:\/\/radiolifefm.com.br\/noticias\/#organization\",\"name\":\"R\u00e1dio Life FM\",\"alternateName\":\"Life FM\",\"url\":\"https:\/\/radiolifefm.com.br\/noticias\/\",\"logo\":{\"@type\":\"ImageObject\",\"inLanguage\":\"pt-BR\",\"@id\":\"https:\/\/radiolifefm.com.br\/noticias\/#\/schema\/logo\/image\/\",\"url\":\"https:\/\/static.radiolifefm.com.br\/noticias\/wp-content\/uploads\/2019\/10\/logo-lifefm.png\",\"contentUrl\":\"https:\/\/static.radiolifefm.com.br\/noticias\/wp-content\/uploads\/2019\/10\/logo-lifefm.png\",\"width\":196,\"height\":47,\"caption\":\"R\u00e1dio Life FM\"},\"image\":{\"@id\":\"https:\/\/radiolifefm.com.br\/noticias\/#\/schema\/logo\/image\/\"},\"sameAs\":[\"https:\/\/www.facebook.com\/radiolifefm\/\",\"https:\/\/www.instagram.com\/life1079fm\/\"]},{\"@type\":\"Person\",\"@id\":\"https:\/\/radiolifefm.com.br\/noticias\/#\/schema\/person\/1d4e4b1301322090c6221bf1c8420490\",\"name\":\"lifefm\",\"image\":{\"@type\":\"ImageObject\",\"inLanguage\":\"pt-BR\",\"@id\":\"https:\/\/secure.gravatar.com\/avatar\/eca268467d925ec97d20641bb054fd944c0abb2f92854171620706bbe6474e7c?s=96&d=mm&r=g\",\"url\":\"https:\/\/secure.gravatar.com\/avatar\/eca268467d925ec97d20641bb054fd944c0abb2f92854171620706bbe6474e7c?s=96&d=mm&r=g\",\"contentUrl\":\"https:\/\/secure.gravatar.com\/avatar\/eca268467d925ec97d20641bb054fd944c0abb2f92854171620706bbe6474e7c?s=96&d=mm&r=g\",\"caption\":\"lifefm\"}}]}<\/script>\n<!-- \/ Yoast SEO plugin. -->","yoast_head_json":{"title":"Caminh\u00e3o perde o freio e ve\u00edculos sucateados atingem carros estacionados no Centro de Panorama - R\u00e1dio Life FM","robots":{"index":"index","follow":"follow","max-snippet":"max-snippet:-1","max-image-preview":"max-image-preview:large","max-video-preview":"max-video-preview:-1"},"canonical":"https:\/\/radiolifefm.com.br\/noticias\/caminhao-perde-o-freio-e-veiculos-sucateados-atingem-carros-estacionados-no-centro-de-panorama\/","og_locale":"pt_BR","og_type":"article","og_title":"Caminh\u00e3o perde o freio e ve\u00edculos sucateados atingem carros estacionados no Centro de Panorama - R\u00e1dio Life FM","og_description":"Um homem de 80 anos, que passava pelo local e se atirou para n\u00e3o ser alcan\u00e7ado, teve ferimentos leves e foi encaminhado ao Pronto-socorro para receber atendimento m\u00e9dico Nesta ter\u00e7a-feira (17), por volta das 15h20, foi registrado um acidente de tr\u00e2nsito na Rua Nicola Zwing, no Centro de Panorama. Conforme a Pol\u00edcia Civil, o motorista [&hellip;]","og_url":"https:\/\/radiolifefm.com.br\/noticias\/caminhao-perde-o-freio-e-veiculos-sucateados-atingem-carros-estacionados-no-centro-de-panorama\/","og_site_name":"R\u00e1dio Life FM","article_publisher":"https:\/\/www.facebook.com\/radiolifefm\/","article_published_time":"2019-12-18T13:13:26+00:00","article_modified_time":"2026-04-26T23:42:11+00:00","og_image":[{"width":880,"height":455,"url":"https:\/\/radiolifefm.com.br\/noticias\/wp-content\/uploads\/2019\/12\/Sucata-Panorama.jpg","type":"image\/jpeg"}],"author":"lifefm","twitter_card":"summary_large_image","twitter_misc":{"Escrito por":"lifefm","Est. tempo de leitura":"1 minuto"},"schema":{"@context":"https:\/\/schema.org","@graph":[{"@type":"Article","@id":"https:\/\/radiolifefm.com.br\/noticias\/caminhao-perde-o-freio-e-veiculos-sucateados-atingem-carros-estacionados-no-centro-de-panorama\/#article","isPartOf":{"@id":"https:\/\/radiolifefm.com.br\/noticias\/caminhao-perde-o-freio-e-veiculos-sucateados-atingem-carros-estacionados-no-centro-de-panorama\/"},"author":{"name":"lifefm","@id":"https:\/\/radiolifefm.com.br\/noticias\/#\/schema\/person\/1d4e4b1301322090c6221bf1c8420490"},"headline":"Caminh\u00e3o perde o freio e ve\u00edculos sucateados atingem carros estacionados no Centro de Panorama","datePublished":"2019-12-18T13:13:26+00:00","dateModified":"2026-04-26T23:42:11+00:00","mainEntityOfPage":{"@id":"https:\/\/radiolifefm.com.br\/noticias\/caminhao-perde-o-freio-e-veiculos-sucateados-atingem-carros-estacionados-no-centro-de-panorama\/"},"wordCount":256,"publisher":{"@id":"https:\/\/radiolifefm.com.br\/noticias\/#organization"},"image":{"@id":"https:\/\/radiolifefm.com.br\/noticias\/caminhao-perde-o-freio-e-veiculos-sucateados-atingem-carros-estacionados-no-centro-de-panorama\/#primaryimage"},"thumbnailUrl":"https:\/\/radiolifefm.com.br\/noticias\/wp-content\/uploads\/2019\/12\/Sucata-Panorama.jpg","articleSection":["Regi\u00e3o"],"inLanguage":"pt-BR"},{"@type":"WebPage","@id":"https:\/\/radiolifefm.com.br\/noticias\/caminhao-perde-o-freio-e-veiculos-sucateados-atingem-carros-estacionados-no-centro-de-panorama\/","url":"https:\/\/radiolifefm.com.br\/noticias\/caminhao-perde-o-freio-e-veiculos-sucateados-atingem-carros-estacionados-no-centro-de-panorama\/","name":"Caminh\u00e3o perde o freio e ve\u00edculos sucateados atingem carros estacionados no Centro de Panorama - R\u00e1dio Life FM","isPartOf":{"@id":"https:\/\/radiolifefm.com.br\/noticias\/#website"},"primaryImageOfPage":{"@id":"https:\/\/radiolifefm.com.br\/noticias\/caminhao-perde-o-freio-e-veiculos-sucateados-atingem-carros-estacionados-no-centro-de-panorama\/#primaryimage"},"image":{"@id":"https:\/\/radiolifefm.com.br\/noticias\/caminhao-perde-o-freio-e-veiculos-sucateados-atingem-carros-estacionados-no-centro-de-panorama\/#primaryimage"},"thumbnailUrl":"https:\/\/radiolifefm.com.br\/noticias\/wp-content\/uploads\/2019\/12\/Sucata-Panorama.jpg","datePublished":"2019-12-18T13:13:26+00:00","dateModified":"2026-04-26T23:42:11+00:00","breadcrumb":{"@id":"https:\/\/radiolifefm.com.br\/noticias\/caminhao-perde-o-freio-e-veiculos-sucateados-atingem-carros-estacionados-no-centro-de-panorama\/#breadcrumb"},"inLanguage":"pt-BR","potentialAction":[{"@type":"ReadAction","target":["https:\/\/radiolifefm.com.br\/noticias\/caminhao-perde-o-freio-e-veiculos-sucateados-atingem-carros-estacionados-no-centro-de-panorama\/"]}]},{"@type":"ImageObject","inLanguage":"pt-BR","@id":"https:\/\/radiolifefm.com.br\/noticias\/caminhao-perde-o-freio-e-veiculos-sucateados-atingem-carros-estacionados-no-centro-de-panorama\/#primaryimage","url":"https:\/\/radiolifefm.com.br\/noticias\/wp-content\/uploads\/2019\/12\/Sucata-Panorama.jpg","contentUrl":"https:\/\/radiolifefm.com.br\/noticias\/wp-content\/uploads\/2019\/12\/Sucata-Panorama.jpg","width":880,"height":455},{"@type":"BreadcrumbList","@id":"https:\/\/radiolifefm.com.br\/noticias\/caminhao-perde-o-freio-e-veiculos-sucateados-atingem-carros-estacionados-no-centro-de-panorama\/#breadcrumb","itemListElement":[{"@type":"ListItem","position":1,"name":"In\u00edcio","item":"https:\/\/radiolifefm.com.br\/noticias\/"},{"@type":"ListItem","position":2,"name":"Caminh\u00e3o perde o freio e ve\u00edculos sucateados atingem carros estacionados no Centro de Panorama"}]},{"@type":"WebSite","@id":"https:\/\/radiolifefm.com.br\/noticias\/#website","url":"https:\/\/radiolifefm.com.br\/noticias\/","name":"R\u00e1dio Life FM","description":"O Portal de Not\u00edcias de Adamantina","publisher":{"@id":"https:\/\/radiolifefm.com.br\/noticias\/#organization"},"alternateName":"Life FM","potentialAction":[{"@type":"SearchAction","target":{"@type":"EntryPoint","urlTemplate":"https:\/\/radiolifefm.com.br\/noticias\/?s={search_term_string}"},"query-input":{"@type":"PropertyValueSpecification","valueRequired":true,"valueName":"search_term_string"}}],"inLanguage":"pt-BR"},{"@type":"Organization","@id":"https:\/\/radiolifefm.com.br\/noticias\/#organization","name":"R\u00e1dio Life FM","alternateName":"Life FM","url":"https:\/\/radiolifefm.com.br\/noticias\/","logo":{"@type":"ImageObject","inLanguage":"pt-BR","@id":"https:\/\/radiolifefm.com.br\/noticias\/#\/schema\/logo\/image\/","url":"https:\/\/static.radiolifefm.com.br\/noticias\/wp-content\/uploads\/2019\/10\/logo-lifefm.png","contentUrl":"https:\/\/static.radiolifefm.com.br\/noticias\/wp-content\/uploads\/2019\/10\/logo-lifefm.png","width":196,"height":47,"caption":"R\u00e1dio Life FM"},"image":{"@id":"https:\/\/radiolifefm.com.br\/noticias\/#\/schema\/logo\/image\/"},"sameAs":["https:\/\/www.facebook.com\/radiolifefm\/","https:\/\/www.instagram.com\/life1079fm\/"]},{"@type":"Person","@id":"https:\/\/radiolifefm.com.br\/noticias\/#\/schema\/person\/1d4e4b1301322090c6221bf1c8420490","name":"lifefm","image":{"@type":"ImageObject","inLanguage":"pt-BR","@id":"https:\/\/secure.gravatar.com\/avatar\/eca268467d925ec97d20641bb054fd944c0abb2f92854171620706bbe6474e7c?s=96&d=mm&r=g","url":"https:\/\/secure.gravatar.com\/avatar\/eca268467d925ec97d20641bb054fd944c0abb2f92854171620706bbe6474e7c?s=96&d=mm&r=g","contentUrl":"https:\/\/secure.gravatar.com\/avatar\/eca268467d925ec97d20641bb054fd944c0abb2f92854171620706bbe6474e7c?s=96&d=mm&r=g","caption":"lifefm"}}]}},"amp_enabled":true,"_links":{"self":[{"href":"https:\/\/radiolifefm.com.br\/noticias\/wp-json\/wp\/v2\/posts\/19021","targetHints":{"allow":["GET"]}}],"collection":[{"href":"https:\/\/radiolifefm.com.br\/noticias\/wp-json\/wp\/v2\/posts"}],"about":[{"href":"https:\/\/radiolifefm.com.br\/noticias\/wp-json\/wp\/v2\/types\/post"}],"author":[{"embeddable":true,"href":"https:\/\/radiolifefm.com.br\/noticias\/wp-json\/wp\/v2\/users\/3"}],"replies":[{"embeddable":true,"href":"https:\/\/radiolifefm.com.br\/noticias\/wp-json\/wp\/v2\/comments?post=19021"}],"version-history":[{"count":1,"href":"https:\/\/radiolifefm.com.br\/noticias\/wp-json\/wp\/v2\/posts\/19021\/revisions"}],"predecessor-version":[{"id":19024,"href":"https:\/\/radiolifefm.com.br\/noticias\/wp-json\/wp\/v2\/posts\/19021\/revisions\/19024"}],"wp:featuredmedia":[{"embeddable":true,"href":"https:\/\/radiolifefm.com.br\/noticias\/wp-json\/wp\/v2\/media\/19022"}],"wp:attachment":[{"href":"https:\/\/radiolifefm.com.br\/noticias\/wp-json\/wp\/v2\/media?parent=19021"}],"wp:term":[{"taxonomy":"category","embeddable":true,"href":"https:\/\/radiolifefm.com.br\/noticias\/wp-json\/wp\/v2\/categories?post=19021"},{"taxonomy":"post_tag","embeddable":true,"href":"https:\/\/radiolifefm.com.br\/noticias\/wp-json\/wp\/v2\/tags?post=19021"}],"curies":[{"name":"wp","href":"https:\/\/api.w.org\/{rel}","templated":true}]}}