{"id":19017,"date":"2019-12-18T10:06:41","date_gmt":"2019-12-18T13:06:41","guid":{"rendered":"https:\/\/radiolifefm.com.br\/noticias\/?p=19017"},"modified":"2026-04-29T02:51:34","modified_gmt":"2026-04-29T05:51:34","slug":"veiculo-funerario-transportando-cadaver-capota-na-integracao-em-venceslau","status":"publish","type":"post","link":"https:\/\/radiolifefm.com.br\/noticias\/veiculo-funerario-transportando-cadaver-capota-na-integracao-em-venceslau\/","title":{"rendered":"Ve\u00edculo funer\u00e1rio transportando cad\u00e1ver capota na Integra\u00e7\u00e3o em Venceslau"},"content":{"rendered":"<div id=\"fb-root\"><\/div>\n<p>Um ve\u00edculo de uma funer\u00e1ria que transportava um cad\u00e1ver, capotou por volta das 15h00 desta ter\u00e7a-feira (17), na Rodovia Euclides de Oliveira Figueiredo, conhecida como a Rodovia da Integra\u00e7\u00e3o.<\/p>\n<p>O homem de 44 anos que dirigia o ve\u00edculo, teve ferimentos leves e foi encaminhado pelo Corpo de Bombeiros at\u00e9 o Pronto Socorro da Santa Casa de Presidente Venceslau. O passageiro tamb\u00e9m teve ferimentos leves.<\/p>\n<p>O carro, com placas da cidade de Osasco, havia sa\u00eddo do Instituto M\u00e9dico Legal &#8211; IML de Presidente Venceslau\/SP, onde havia embarcado um cad\u00e1ver, com destino ao IML de Teodoro Sampaio.<\/p>\n<p>O ve\u00edculo seguia pela Integra\u00e7\u00e3o sentido Presidente Venceslau\/Marab\u00e1 Paulista e ao atingir o quil\u00f4metro 63 da rodovia, perdeu o controle de dire\u00e7\u00e3o, colidiu contra uma \u00e1rvore, capotou e caiu em uma ribanceira na lateral da pista. O caix\u00e3o permaneceu dentro do ve\u00edculo, n\u00e3o havendo exposi\u00e7\u00e3o do cad\u00e1ver.<\/p>\n<p>O motorista chegou a dizer aos policiais que chovia no momento do acidente e o carro teria aquaplanado. Ele teve ferimentos leves e n\u00e3o corre riscos.<\/p>\n<p>A per\u00edcia t\u00e9cnica compareceu no local e ir\u00e1 apurar as causas do acidente.<\/p>\n<p>Outro ve\u00edculo funer\u00e1rio foi acionado para fazer o translado do cad\u00e1ver at\u00e9 a cidade de Teodoro Sampaio.<\/p>\n<p><img loading=\"lazy\" decoding=\"async\" class=\"alignnone size-medium wp-image-19019\" src=\"https:\/\/radiolifefm.com.br\/noticias\/wp-content\/uploads\/sites\/2\/2019\/12\/Funer\u00e1ria-acidente-1-300x183.jpg\" alt=\"\" width=\"300\" height=\"183\" srcset=\"https:\/\/radiolifefm.com.br\/noticias\/wp-content\/uploads\/2019\/12\/Funer\u00e1ria-acidente-1-300x183.jpg 300w, https:\/\/radiolifefm.com.br\/noticias\/wp-content\/uploads\/2019\/12\/Funer\u00e1ria-acidente-1.jpg 640w\" sizes=\"auto, (max-width: 300px) 100vw, 300px\" \/><\/p>\n<p>Portal Bueno<\/p>\n","protected":false},"excerpt":{"rendered":"<p>Um ve\u00edculo de uma funer\u00e1ria que transportava um cad\u00e1ver, capotou por volta das 15h00 desta ter\u00e7a-feira (17), na Rodovia Euclides de Oliveira Figueiredo, conhecida como a Rodovia da Integra\u00e7\u00e3o. O homem de 44 anos que dirigia o ve\u00edculo, teve ferimentos leves e foi encaminhado pelo Corpo de Bombeiros at\u00e9 o Pronto Socorro da Santa Casa [&hellip;]<\/p>\n","protected":false},"author":3,"featured_media":19018,"comment_status":"closed","ping_status":"open","sticky":false,"template":"","format":"standard","meta":{"_acf_changed":false,"_exactmetrics_skip_tracking":false,"_exactmetrics_sitenote_active":false,"_exactmetrics_sitenote_note":"","_exactmetrics_sitenote_category":0,"footnotes":""},"categories":[24],"tags":[],"class_list":["post-19017","post","type-post","status-publish","format-standard","has-post-thumbnail","hentry","category-regiao"],"acf":[],"yoast_head":"<!-- This site is optimized with the Yoast SEO plugin v27.2 - https:\/\/yoast.com\/product\/yoast-seo-wordpress\/ -->\n<title>Ve\u00edculo funer\u00e1rio transportando cad\u00e1ver capota na Integra\u00e7\u00e3o em Venceslau - R\u00e1dio Life FM<\/title>\n<meta name=\"robots\" content=\"index, follow, max-snippet:-1, max-image-preview:large, max-video-preview:-1\" \/>\n<link rel=\"canonical\" href=\"https:\/\/radiolifefm.com.br\/noticias\/veiculo-funerario-transportando-cadaver-capota-na-integracao-em-venceslau\/\" \/>\n<meta property=\"og:locale\" content=\"pt_BR\" \/>\n<meta property=\"og:type\" content=\"article\" \/>\n<meta property=\"og:title\" content=\"Ve\u00edculo funer\u00e1rio transportando cad\u00e1ver capota na Integra\u00e7\u00e3o em Venceslau - R\u00e1dio Life FM\" \/>\n<meta property=\"og:description\" content=\"Um ve\u00edculo de uma funer\u00e1ria que transportava um cad\u00e1ver, capotou por volta das 15h00 desta ter\u00e7a-feira (17), na Rodovia Euclides de Oliveira Figueiredo, conhecida como a Rodovia da Integra\u00e7\u00e3o. O homem de 44 anos que dirigia o ve\u00edculo, teve ferimentos leves e foi encaminhado pelo Corpo de Bombeiros at\u00e9 o Pronto Socorro da Santa Casa [&hellip;]\" \/>\n<meta property=\"og:url\" content=\"https:\/\/radiolifefm.com.br\/noticias\/veiculo-funerario-transportando-cadaver-capota-na-integracao-em-venceslau\/\" \/>\n<meta property=\"og:site_name\" content=\"R\u00e1dio Life FM\" \/>\n<meta property=\"article:publisher\" content=\"https:\/\/www.facebook.com\/radiolifefm\/\" \/>\n<meta property=\"article:published_time\" content=\"2019-12-18T13:06:41+00:00\" \/>\n<meta property=\"article:modified_time\" content=\"2026-04-29T05:51:34+00:00\" \/>\n<meta property=\"og:image\" content=\"https:\/\/radiolifefm.com.br\/noticias\/wp-content\/uploads\/2019\/12\/Funer\u00e1ria-acidente.jpg\" \/>\n\t<meta property=\"og:image:width\" content=\"690\" \/>\n\t<meta property=\"og:image:height\" content=\"460\" \/>\n\t<meta property=\"og:image:type\" content=\"image\/jpeg\" \/>\n<meta name=\"author\" content=\"lifefm\" \/>\n<meta name=\"twitter:card\" content=\"summary_large_image\" \/>\n<meta name=\"twitter:label1\" content=\"Escrito por\" \/>\n\t<meta name=\"twitter:data1\" content=\"lifefm\" \/>\n\t<meta name=\"twitter:label2\" content=\"Est. tempo de leitura\" \/>\n\t<meta name=\"twitter:data2\" content=\"1 minuto\" \/>\n<script type=\"application\/ld+json\" class=\"yoast-schema-graph\">{\"@context\":\"https:\/\/schema.org\",\"@graph\":[{\"@type\":\"Article\",\"@id\":\"https:\/\/radiolifefm.com.br\/noticias\/veiculo-funerario-transportando-cadaver-capota-na-integracao-em-venceslau\/#article\",\"isPartOf\":{\"@id\":\"https:\/\/radiolifefm.com.br\/noticias\/veiculo-funerario-transportando-cadaver-capota-na-integracao-em-venceslau\/\"},\"author\":{\"name\":\"lifefm\",\"@id\":\"https:\/\/radiolifefm.com.br\/noticias\/#\/schema\/person\/1d4e4b1301322090c6221bf1c8420490\"},\"headline\":\"Ve\u00edculo funer\u00e1rio transportando cad\u00e1ver capota na Integra\u00e7\u00e3o em Venceslau\",\"datePublished\":\"2019-12-18T13:06:41+00:00\",\"dateModified\":\"2026-04-29T05:51:34+00:00\",\"mainEntityOfPage\":{\"@id\":\"https:\/\/radiolifefm.com.br\/noticias\/veiculo-funerario-transportando-cadaver-capota-na-integracao-em-venceslau\/\"},\"wordCount\":237,\"publisher\":{\"@id\":\"https:\/\/radiolifefm.com.br\/noticias\/#organization\"},\"image\":{\"@id\":\"https:\/\/radiolifefm.com.br\/noticias\/veiculo-funerario-transportando-cadaver-capota-na-integracao-em-venceslau\/#primaryimage\"},\"thumbnailUrl\":\"https:\/\/radiolifefm.com.br\/noticias\/wp-content\/uploads\/2019\/12\/Funer\u00e1ria-acidente.jpg\",\"articleSection\":[\"Regi\u00e3o\"],\"inLanguage\":\"pt-BR\"},{\"@type\":\"WebPage\",\"@id\":\"https:\/\/radiolifefm.com.br\/noticias\/veiculo-funerario-transportando-cadaver-capota-na-integracao-em-venceslau\/\",\"url\":\"https:\/\/radiolifefm.com.br\/noticias\/veiculo-funerario-transportando-cadaver-capota-na-integracao-em-venceslau\/\",\"name\":\"Ve\u00edculo funer\u00e1rio transportando cad\u00e1ver capota na Integra\u00e7\u00e3o em Venceslau - R\u00e1dio Life FM\",\"isPartOf\":{\"@id\":\"https:\/\/radiolifefm.com.br\/noticias\/#website\"},\"primaryImageOfPage\":{\"@id\":\"https:\/\/radiolifefm.com.br\/noticias\/veiculo-funerario-transportando-cadaver-capota-na-integracao-em-venceslau\/#primaryimage\"},\"image\":{\"@id\":\"https:\/\/radiolifefm.com.br\/noticias\/veiculo-funerario-transportando-cadaver-capota-na-integracao-em-venceslau\/#primaryimage\"},\"thumbnailUrl\":\"https:\/\/radiolifefm.com.br\/noticias\/wp-content\/uploads\/2019\/12\/Funer\u00e1ria-acidente.jpg\",\"datePublished\":\"2019-12-18T13:06:41+00:00\",\"dateModified\":\"2026-04-29T05:51:34+00:00\",\"breadcrumb\":{\"@id\":\"https:\/\/radiolifefm.com.br\/noticias\/veiculo-funerario-transportando-cadaver-capota-na-integracao-em-venceslau\/#breadcrumb\"},\"inLanguage\":\"pt-BR\",\"potentialAction\":[{\"@type\":\"ReadAction\",\"target\":[\"https:\/\/radiolifefm.com.br\/noticias\/veiculo-funerario-transportando-cadaver-capota-na-integracao-em-venceslau\/\"]}]},{\"@type\":\"ImageObject\",\"inLanguage\":\"pt-BR\",\"@id\":\"https:\/\/radiolifefm.com.br\/noticias\/veiculo-funerario-transportando-cadaver-capota-na-integracao-em-venceslau\/#primaryimage\",\"url\":\"https:\/\/radiolifefm.com.br\/noticias\/wp-content\/uploads\/2019\/12\/Funer\u00e1ria-acidente.jpg\",\"contentUrl\":\"https:\/\/radiolifefm.com.br\/noticias\/wp-content\/uploads\/2019\/12\/Funer\u00e1ria-acidente.jpg\",\"width\":690,\"height\":460,\"caption\":\"Foto - Ve\u00edculo transportava cad\u00e1ver no momento do acidente (Foto: Wagner Bueno\/PORTAL BUENO).\"},{\"@type\":\"BreadcrumbList\",\"@id\":\"https:\/\/radiolifefm.com.br\/noticias\/veiculo-funerario-transportando-cadaver-capota-na-integracao-em-venceslau\/#breadcrumb\",\"itemListElement\":[{\"@type\":\"ListItem\",\"position\":1,\"name\":\"In\u00edcio\",\"item\":\"https:\/\/radiolifefm.com.br\/noticias\/\"},{\"@type\":\"ListItem\",\"position\":2,\"name\":\"Ve\u00edculo funer\u00e1rio transportando cad\u00e1ver capota na Integra\u00e7\u00e3o em Venceslau\"}]},{\"@type\":\"WebSite\",\"@id\":\"https:\/\/radiolifefm.com.br\/noticias\/#website\",\"url\":\"https:\/\/radiolifefm.com.br\/noticias\/\",\"name\":\"R\u00e1dio Life FM\",\"description\":\"O Portal de Not\u00edcias de Adamantina\",\"publisher\":{\"@id\":\"https:\/\/radiolifefm.com.br\/noticias\/#organization\"},\"alternateName\":\"Life FM\",\"potentialAction\":[{\"@type\":\"SearchAction\",\"target\":{\"@type\":\"EntryPoint\",\"urlTemplate\":\"https:\/\/radiolifefm.com.br\/noticias\/?s={search_term_string}\"},\"query-input\":{\"@type\":\"PropertyValueSpecification\",\"valueRequired\":true,\"valueName\":\"search_term_string\"}}],\"inLanguage\":\"pt-BR\"},{\"@type\":\"Organization\",\"@id\":\"https:\/\/radiolifefm.com.br\/noticias\/#organization\",\"name\":\"R\u00e1dio Life FM\",\"alternateName\":\"Life FM\",\"url\":\"https:\/\/radiolifefm.com.br\/noticias\/\",\"logo\":{\"@type\":\"ImageObject\",\"inLanguage\":\"pt-BR\",\"@id\":\"https:\/\/radiolifefm.com.br\/noticias\/#\/schema\/logo\/image\/\",\"url\":\"https:\/\/static.radiolifefm.com.br\/noticias\/wp-content\/uploads\/2019\/10\/logo-lifefm.png\",\"contentUrl\":\"https:\/\/static.radiolifefm.com.br\/noticias\/wp-content\/uploads\/2019\/10\/logo-lifefm.png\",\"width\":196,\"height\":47,\"caption\":\"R\u00e1dio Life FM\"},\"image\":{\"@id\":\"https:\/\/radiolifefm.com.br\/noticias\/#\/schema\/logo\/image\/\"},\"sameAs\":[\"https:\/\/www.facebook.com\/radiolifefm\/\",\"https:\/\/www.instagram.com\/life1079fm\/\"]},{\"@type\":\"Person\",\"@id\":\"https:\/\/radiolifefm.com.br\/noticias\/#\/schema\/person\/1d4e4b1301322090c6221bf1c8420490\",\"name\":\"lifefm\",\"image\":{\"@type\":\"ImageObject\",\"inLanguage\":\"pt-BR\",\"@id\":\"https:\/\/secure.gravatar.com\/avatar\/eca268467d925ec97d20641bb054fd944c0abb2f92854171620706bbe6474e7c?s=96&d=mm&r=g\",\"url\":\"https:\/\/secure.gravatar.com\/avatar\/eca268467d925ec97d20641bb054fd944c0abb2f92854171620706bbe6474e7c?s=96&d=mm&r=g\",\"contentUrl\":\"https:\/\/secure.gravatar.com\/avatar\/eca268467d925ec97d20641bb054fd944c0abb2f92854171620706bbe6474e7c?s=96&d=mm&r=g\",\"caption\":\"lifefm\"}}]}<\/script>\n<!-- \/ Yoast SEO plugin. -->","yoast_head_json":{"title":"Ve\u00edculo funer\u00e1rio transportando cad\u00e1ver capota na Integra\u00e7\u00e3o em Venceslau - R\u00e1dio Life FM","robots":{"index":"index","follow":"follow","max-snippet":"max-snippet:-1","max-image-preview":"max-image-preview:large","max-video-preview":"max-video-preview:-1"},"canonical":"https:\/\/radiolifefm.com.br\/noticias\/veiculo-funerario-transportando-cadaver-capota-na-integracao-em-venceslau\/","og_locale":"pt_BR","og_type":"article","og_title":"Ve\u00edculo funer\u00e1rio transportando cad\u00e1ver capota na Integra\u00e7\u00e3o em Venceslau - R\u00e1dio Life FM","og_description":"Um ve\u00edculo de uma funer\u00e1ria que transportava um cad\u00e1ver, capotou por volta das 15h00 desta ter\u00e7a-feira (17), na Rodovia Euclides de Oliveira Figueiredo, conhecida como a Rodovia da Integra\u00e7\u00e3o. O homem de 44 anos que dirigia o ve\u00edculo, teve ferimentos leves e foi encaminhado pelo Corpo de Bombeiros at\u00e9 o Pronto Socorro da Santa Casa [&hellip;]","og_url":"https:\/\/radiolifefm.com.br\/noticias\/veiculo-funerario-transportando-cadaver-capota-na-integracao-em-venceslau\/","og_site_name":"R\u00e1dio Life FM","article_publisher":"https:\/\/www.facebook.com\/radiolifefm\/","article_published_time":"2019-12-18T13:06:41+00:00","article_modified_time":"2026-04-29T05:51:34+00:00","og_image":[{"width":690,"height":460,"url":"https:\/\/radiolifefm.com.br\/noticias\/wp-content\/uploads\/2019\/12\/Funer\u00e1ria-acidente.jpg","type":"image\/jpeg"}],"author":"lifefm","twitter_card":"summary_large_image","twitter_misc":{"Escrito por":"lifefm","Est. tempo de leitura":"1 minuto"},"schema":{"@context":"https:\/\/schema.org","@graph":[{"@type":"Article","@id":"https:\/\/radiolifefm.com.br\/noticias\/veiculo-funerario-transportando-cadaver-capota-na-integracao-em-venceslau\/#article","isPartOf":{"@id":"https:\/\/radiolifefm.com.br\/noticias\/veiculo-funerario-transportando-cadaver-capota-na-integracao-em-venceslau\/"},"author":{"name":"lifefm","@id":"https:\/\/radiolifefm.com.br\/noticias\/#\/schema\/person\/1d4e4b1301322090c6221bf1c8420490"},"headline":"Ve\u00edculo funer\u00e1rio transportando cad\u00e1ver capota na Integra\u00e7\u00e3o em Venceslau","datePublished":"2019-12-18T13:06:41+00:00","dateModified":"2026-04-29T05:51:34+00:00","mainEntityOfPage":{"@id":"https:\/\/radiolifefm.com.br\/noticias\/veiculo-funerario-transportando-cadaver-capota-na-integracao-em-venceslau\/"},"wordCount":237,"publisher":{"@id":"https:\/\/radiolifefm.com.br\/noticias\/#organization"},"image":{"@id":"https:\/\/radiolifefm.com.br\/noticias\/veiculo-funerario-transportando-cadaver-capota-na-integracao-em-venceslau\/#primaryimage"},"thumbnailUrl":"https:\/\/radiolifefm.com.br\/noticias\/wp-content\/uploads\/2019\/12\/Funer\u00e1ria-acidente.jpg","articleSection":["Regi\u00e3o"],"inLanguage":"pt-BR"},{"@type":"WebPage","@id":"https:\/\/radiolifefm.com.br\/noticias\/veiculo-funerario-transportando-cadaver-capota-na-integracao-em-venceslau\/","url":"https:\/\/radiolifefm.com.br\/noticias\/veiculo-funerario-transportando-cadaver-capota-na-integracao-em-venceslau\/","name":"Ve\u00edculo funer\u00e1rio transportando cad\u00e1ver capota na Integra\u00e7\u00e3o em Venceslau - R\u00e1dio Life FM","isPartOf":{"@id":"https:\/\/radiolifefm.com.br\/noticias\/#website"},"primaryImageOfPage":{"@id":"https:\/\/radiolifefm.com.br\/noticias\/veiculo-funerario-transportando-cadaver-capota-na-integracao-em-venceslau\/#primaryimage"},"image":{"@id":"https:\/\/radiolifefm.com.br\/noticias\/veiculo-funerario-transportando-cadaver-capota-na-integracao-em-venceslau\/#primaryimage"},"thumbnailUrl":"https:\/\/radiolifefm.com.br\/noticias\/wp-content\/uploads\/2019\/12\/Funer\u00e1ria-acidente.jpg","datePublished":"2019-12-18T13:06:41+00:00","dateModified":"2026-04-29T05:51:34+00:00","breadcrumb":{"@id":"https:\/\/radiolifefm.com.br\/noticias\/veiculo-funerario-transportando-cadaver-capota-na-integracao-em-venceslau\/#breadcrumb"},"inLanguage":"pt-BR","potentialAction":[{"@type":"ReadAction","target":["https:\/\/radiolifefm.com.br\/noticias\/veiculo-funerario-transportando-cadaver-capota-na-integracao-em-venceslau\/"]}]},{"@type":"ImageObject","inLanguage":"pt-BR","@id":"https:\/\/radiolifefm.com.br\/noticias\/veiculo-funerario-transportando-cadaver-capota-na-integracao-em-venceslau\/#primaryimage","url":"https:\/\/radiolifefm.com.br\/noticias\/wp-content\/uploads\/2019\/12\/Funer\u00e1ria-acidente.jpg","contentUrl":"https:\/\/radiolifefm.com.br\/noticias\/wp-content\/uploads\/2019\/12\/Funer\u00e1ria-acidente.jpg","width":690,"height":460,"caption":"Foto - Ve\u00edculo transportava cad\u00e1ver no momento do acidente (Foto: Wagner Bueno\/PORTAL BUENO)."},{"@type":"BreadcrumbList","@id":"https:\/\/radiolifefm.com.br\/noticias\/veiculo-funerario-transportando-cadaver-capota-na-integracao-em-venceslau\/#breadcrumb","itemListElement":[{"@type":"ListItem","position":1,"name":"In\u00edcio","item":"https:\/\/radiolifefm.com.br\/noticias\/"},{"@type":"ListItem","position":2,"name":"Ve\u00edculo funer\u00e1rio transportando cad\u00e1ver capota na Integra\u00e7\u00e3o em Venceslau"}]},{"@type":"WebSite","@id":"https:\/\/radiolifefm.com.br\/noticias\/#website","url":"https:\/\/radiolifefm.com.br\/noticias\/","name":"R\u00e1dio Life FM","description":"O Portal de Not\u00edcias de Adamantina","publisher":{"@id":"https:\/\/radiolifefm.com.br\/noticias\/#organization"},"alternateName":"Life FM","potentialAction":[{"@type":"SearchAction","target":{"@type":"EntryPoint","urlTemplate":"https:\/\/radiolifefm.com.br\/noticias\/?s={search_term_string}"},"query-input":{"@type":"PropertyValueSpecification","valueRequired":true,"valueName":"search_term_string"}}],"inLanguage":"pt-BR"},{"@type":"Organization","@id":"https:\/\/radiolifefm.com.br\/noticias\/#organization","name":"R\u00e1dio Life FM","alternateName":"Life FM","url":"https:\/\/radiolifefm.com.br\/noticias\/","logo":{"@type":"ImageObject","inLanguage":"pt-BR","@id":"https:\/\/radiolifefm.com.br\/noticias\/#\/schema\/logo\/image\/","url":"https:\/\/static.radiolifefm.com.br\/noticias\/wp-content\/uploads\/2019\/10\/logo-lifefm.png","contentUrl":"https:\/\/static.radiolifefm.com.br\/noticias\/wp-content\/uploads\/2019\/10\/logo-lifefm.png","width":196,"height":47,"caption":"R\u00e1dio Life FM"},"image":{"@id":"https:\/\/radiolifefm.com.br\/noticias\/#\/schema\/logo\/image\/"},"sameAs":["https:\/\/www.facebook.com\/radiolifefm\/","https:\/\/www.instagram.com\/life1079fm\/"]},{"@type":"Person","@id":"https:\/\/radiolifefm.com.br\/noticias\/#\/schema\/person\/1d4e4b1301322090c6221bf1c8420490","name":"lifefm","image":{"@type":"ImageObject","inLanguage":"pt-BR","@id":"https:\/\/secure.gravatar.com\/avatar\/eca268467d925ec97d20641bb054fd944c0abb2f92854171620706bbe6474e7c?s=96&d=mm&r=g","url":"https:\/\/secure.gravatar.com\/avatar\/eca268467d925ec97d20641bb054fd944c0abb2f92854171620706bbe6474e7c?s=96&d=mm&r=g","contentUrl":"https:\/\/secure.gravatar.com\/avatar\/eca268467d925ec97d20641bb054fd944c0abb2f92854171620706bbe6474e7c?s=96&d=mm&r=g","caption":"lifefm"}}]}},"amp_enabled":true,"_links":{"self":[{"href":"https:\/\/radiolifefm.com.br\/noticias\/wp-json\/wp\/v2\/posts\/19017","targetHints":{"allow":["GET"]}}],"collection":[{"href":"https:\/\/radiolifefm.com.br\/noticias\/wp-json\/wp\/v2\/posts"}],"about":[{"href":"https:\/\/radiolifefm.com.br\/noticias\/wp-json\/wp\/v2\/types\/post"}],"author":[{"embeddable":true,"href":"https:\/\/radiolifefm.com.br\/noticias\/wp-json\/wp\/v2\/users\/3"}],"replies":[{"embeddable":true,"href":"https:\/\/radiolifefm.com.br\/noticias\/wp-json\/wp\/v2\/comments?post=19017"}],"version-history":[{"count":1,"href":"https:\/\/radiolifefm.com.br\/noticias\/wp-json\/wp\/v2\/posts\/19017\/revisions"}],"predecessor-version":[{"id":19020,"href":"https:\/\/radiolifefm.com.br\/noticias\/wp-json\/wp\/v2\/posts\/19017\/revisions\/19020"}],"wp:featuredmedia":[{"embeddable":true,"href":"https:\/\/radiolifefm.com.br\/noticias\/wp-json\/wp\/v2\/media\/19018"}],"wp:attachment":[{"href":"https:\/\/radiolifefm.com.br\/noticias\/wp-json\/wp\/v2\/media?parent=19017"}],"wp:term":[{"taxonomy":"category","embeddable":true,"href":"https:\/\/radiolifefm.com.br\/noticias\/wp-json\/wp\/v2\/categories?post=19017"},{"taxonomy":"post_tag","embeddable":true,"href":"https:\/\/radiolifefm.com.br\/noticias\/wp-json\/wp\/v2\/tags?post=19017"}],"curies":[{"name":"wp","href":"https:\/\/api.w.org\/{rel}","templated":true}]}}