{"id":19011,"date":"2019-12-18T09:45:38","date_gmt":"2019-12-18T12:45:38","guid":{"rendered":"https:\/\/radiolifefm.com.br\/noticias\/?p=19011"},"modified":"2025-09-12T02:41:35","modified_gmt":"2025-09-12T05:41:35","slug":"duas-mulheres-morrem-e-outras-15-pessoas-ficam-feridas-em-acidente-com-onibus","status":"publish","type":"post","link":"https:\/\/radiolifefm.com.br\/noticias\/duas-mulheres-morrem-e-outras-15-pessoas-ficam-feridas-em-acidente-com-onibus\/","title":{"rendered":"Duas mulheres morrem e outras 15 pessoas ficam feridas em acidente com \u00f4nibus"},"content":{"rendered":"<div id=\"fb-root\"><\/div>\n<p>Duas mulheres morreram em um acidente envolvendo um \u00f4nibus de sacoleiros, na madrugada desta quarta-feira (18), na Rodovia Marechal Rondon, em Mirand\u00f3polis (SP).<\/p>\n<p>O ve\u00edculo tombou no km 601, na al\u00e7a de acesso \u00e0 cidade, por volta das 2h30.<\/p>\n<p>Segundo a Pol\u00edcia Militar Rodovi\u00e1ria, al\u00e9m das duas mortes, outras 15 pessoas ficaram feridas, quatro delas em estado grave.<\/p>\n<p>As v\u00edtimas foram levadas para o hospital de Mirand\u00f3polis.<\/p>\n<p>Os bombeiros foram ao local para fazer o resgate dos feridos. A per\u00edcia foi chamada para avaliar o local do acidente.<\/p>\n<p>&nbsp;<\/p>\n<p>FONTE: G1<\/p>\n","protected":false},"excerpt":{"rendered":"<p>Duas mulheres morreram em um acidente envolvendo um \u00f4nibus de sacoleiros, na madrugada desta quarta-feira (18), na Rodovia Marechal Rondon, em Mirand\u00f3polis (SP). O ve\u00edculo tombou no km 601, na al\u00e7a de acesso \u00e0 cidade, por volta das 2h30. Segundo a Pol\u00edcia Militar Rodovi\u00e1ria, al\u00e9m das duas mortes, outras 15 pessoas ficaram feridas, quatro delas [&hellip;]<\/p>\n","protected":false},"author":3,"featured_media":19012,"comment_status":"closed","ping_status":"open","sticky":false,"template":"","format":"standard","meta":{"_acf_changed":false,"_exactmetrics_skip_tracking":false,"_exactmetrics_sitenote_active":false,"_exactmetrics_sitenote_note":"","_exactmetrics_sitenote_category":0,"footnotes":""},"categories":[24],"tags":[],"class_list":["post-19011","post","type-post","status-publish","format-standard","has-post-thumbnail","hentry","category-regiao"],"acf":[],"yoast_head":"<!-- This site is optimized with the Yoast SEO plugin v27.2 - https:\/\/yoast.com\/product\/yoast-seo-wordpress\/ -->\n<title>Duas mulheres morrem e outras 15 pessoas ficam feridas em acidente com \u00f4nibus - R\u00e1dio Life FM<\/title>\n<meta name=\"robots\" content=\"index, follow, max-snippet:-1, max-image-preview:large, max-video-preview:-1\" \/>\n<link rel=\"canonical\" href=\"https:\/\/radiolifefm.com.br\/noticias\/duas-mulheres-morrem-e-outras-15-pessoas-ficam-feridas-em-acidente-com-onibus\/\" \/>\n<meta property=\"og:locale\" content=\"pt_BR\" \/>\n<meta property=\"og:type\" content=\"article\" \/>\n<meta property=\"og:title\" content=\"Duas mulheres morrem e outras 15 pessoas ficam feridas em acidente com \u00f4nibus - R\u00e1dio Life FM\" \/>\n<meta property=\"og:description\" content=\"Duas mulheres morreram em um acidente envolvendo um \u00f4nibus de sacoleiros, na madrugada desta quarta-feira (18), na Rodovia Marechal Rondon, em Mirand\u00f3polis (SP). O ve\u00edculo tombou no km 601, na al\u00e7a de acesso \u00e0 cidade, por volta das 2h30. Segundo a Pol\u00edcia Militar Rodovi\u00e1ria, al\u00e9m das duas mortes, outras 15 pessoas ficaram feridas, quatro delas [&hellip;]\" \/>\n<meta property=\"og:url\" content=\"https:\/\/radiolifefm.com.br\/noticias\/duas-mulheres-morrem-e-outras-15-pessoas-ficam-feridas-em-acidente-com-onibus\/\" \/>\n<meta property=\"og:site_name\" content=\"R\u00e1dio Life FM\" \/>\n<meta property=\"article:publisher\" content=\"https:\/\/www.facebook.com\/radiolifefm\/\" \/>\n<meta property=\"article:published_time\" content=\"2019-12-18T12:45:38+00:00\" \/>\n<meta property=\"article:modified_time\" content=\"2025-09-12T05:41:35+00:00\" \/>\n<meta property=\"og:image\" content=\"https:\/\/static.radiolifefm.com.br\/noticias\/wp-content\/uploads\/2019\/12\/\u00d4nibus-Mirand\u00f3polis.jpg\" \/>\n\t<meta property=\"og:image:width\" content=\"800\" \/>\n\t<meta property=\"og:image:height\" content=\"400\" \/>\n\t<meta property=\"og:image:type\" content=\"image\/jpeg\" \/>\n<meta name=\"author\" content=\"lifefm\" \/>\n<meta name=\"twitter:card\" content=\"summary_large_image\" \/>\n<meta name=\"twitter:label1\" content=\"Escrito por\" \/>\n\t<meta name=\"twitter:data1\" content=\"lifefm\" \/>\n<script type=\"application\/ld+json\" class=\"yoast-schema-graph\">{\"@context\":\"https:\/\/schema.org\",\"@graph\":[{\"@type\":\"Article\",\"@id\":\"https:\/\/radiolifefm.com.br\/noticias\/duas-mulheres-morrem-e-outras-15-pessoas-ficam-feridas-em-acidente-com-onibus\/#article\",\"isPartOf\":{\"@id\":\"https:\/\/radiolifefm.com.br\/noticias\/duas-mulheres-morrem-e-outras-15-pessoas-ficam-feridas-em-acidente-com-onibus\/\"},\"author\":{\"name\":\"lifefm\",\"@id\":\"https:\/\/radiolifefm.com.br\/noticias\/#\/schema\/person\/1d4e4b1301322090c6221bf1c8420490\"},\"headline\":\"Duas mulheres morrem e outras 15 pessoas ficam feridas em acidente com \u00f4nibus\",\"datePublished\":\"2019-12-18T12:45:38+00:00\",\"dateModified\":\"2025-09-12T05:41:35+00:00\",\"mainEntityOfPage\":{\"@id\":\"https:\/\/radiolifefm.com.br\/noticias\/duas-mulheres-morrem-e-outras-15-pessoas-ficam-feridas-em-acidente-com-onibus\/\"},\"wordCount\":108,\"publisher\":{\"@id\":\"https:\/\/radiolifefm.com.br\/noticias\/#organization\"},\"image\":{\"@id\":\"https:\/\/radiolifefm.com.br\/noticias\/duas-mulheres-morrem-e-outras-15-pessoas-ficam-feridas-em-acidente-com-onibus\/#primaryimage\"},\"thumbnailUrl\":\"https:\/\/radiolifefm.com.br\/noticias\/wp-content\/uploads\/2019\/12\/\u00d4nibus-Mirand\u00f3polis.jpg\",\"articleSection\":[\"Regi\u00e3o\"],\"inLanguage\":\"pt-BR\"},{\"@type\":\"WebPage\",\"@id\":\"https:\/\/radiolifefm.com.br\/noticias\/duas-mulheres-morrem-e-outras-15-pessoas-ficam-feridas-em-acidente-com-onibus\/\",\"url\":\"https:\/\/radiolifefm.com.br\/noticias\/duas-mulheres-morrem-e-outras-15-pessoas-ficam-feridas-em-acidente-com-onibus\/\",\"name\":\"Duas mulheres morrem e outras 15 pessoas ficam feridas em acidente com \u00f4nibus - R\u00e1dio Life FM\",\"isPartOf\":{\"@id\":\"https:\/\/radiolifefm.com.br\/noticias\/#website\"},\"primaryImageOfPage\":{\"@id\":\"https:\/\/radiolifefm.com.br\/noticias\/duas-mulheres-morrem-e-outras-15-pessoas-ficam-feridas-em-acidente-com-onibus\/#primaryimage\"},\"image\":{\"@id\":\"https:\/\/radiolifefm.com.br\/noticias\/duas-mulheres-morrem-e-outras-15-pessoas-ficam-feridas-em-acidente-com-onibus\/#primaryimage\"},\"thumbnailUrl\":\"https:\/\/radiolifefm.com.br\/noticias\/wp-content\/uploads\/2019\/12\/\u00d4nibus-Mirand\u00f3polis.jpg\",\"datePublished\":\"2019-12-18T12:45:38+00:00\",\"dateModified\":\"2025-09-12T05:41:35+00:00\",\"breadcrumb\":{\"@id\":\"https:\/\/radiolifefm.com.br\/noticias\/duas-mulheres-morrem-e-outras-15-pessoas-ficam-feridas-em-acidente-com-onibus\/#breadcrumb\"},\"inLanguage\":\"pt-BR\",\"potentialAction\":[{\"@type\":\"ReadAction\",\"target\":[\"https:\/\/radiolifefm.com.br\/noticias\/duas-mulheres-morrem-e-outras-15-pessoas-ficam-feridas-em-acidente-com-onibus\/\"]}]},{\"@type\":\"ImageObject\",\"inLanguage\":\"pt-BR\",\"@id\":\"https:\/\/radiolifefm.com.br\/noticias\/duas-mulheres-morrem-e-outras-15-pessoas-ficam-feridas-em-acidente-com-onibus\/#primaryimage\",\"url\":\"https:\/\/radiolifefm.com.br\/noticias\/wp-content\/uploads\/2019\/12\/\u00d4nibus-Mirand\u00f3polis.jpg\",\"contentUrl\":\"https:\/\/radiolifefm.com.br\/noticias\/wp-content\/uploads\/2019\/12\/\u00d4nibus-Mirand\u00f3polis.jpg\",\"width\":800,\"height\":400,\"caption\":\"\u00d4nibus capotou na al\u00e7a de acesso \u00e0 cidade e deixou duas mulheres mortas, al\u00e9m de v\u00e1rios feridos.\"},{\"@type\":\"BreadcrumbList\",\"@id\":\"https:\/\/radiolifefm.com.br\/noticias\/duas-mulheres-morrem-e-outras-15-pessoas-ficam-feridas-em-acidente-com-onibus\/#breadcrumb\",\"itemListElement\":[{\"@type\":\"ListItem\",\"position\":1,\"name\":\"In\u00edcio\",\"item\":\"https:\/\/radiolifefm.com.br\/noticias\/\"},{\"@type\":\"ListItem\",\"position\":2,\"name\":\"Duas mulheres morrem e outras 15 pessoas ficam feridas em acidente com \u00f4nibus\"}]},{\"@type\":\"WebSite\",\"@id\":\"https:\/\/radiolifefm.com.br\/noticias\/#website\",\"url\":\"https:\/\/radiolifefm.com.br\/noticias\/\",\"name\":\"R\u00e1dio Life FM\",\"description\":\"O Portal de Not\u00edcias de Adamantina\",\"publisher\":{\"@id\":\"https:\/\/radiolifefm.com.br\/noticias\/#organization\"},\"alternateName\":\"Life FM\",\"potentialAction\":[{\"@type\":\"SearchAction\",\"target\":{\"@type\":\"EntryPoint\",\"urlTemplate\":\"https:\/\/radiolifefm.com.br\/noticias\/?s={search_term_string}\"},\"query-input\":{\"@type\":\"PropertyValueSpecification\",\"valueRequired\":true,\"valueName\":\"search_term_string\"}}],\"inLanguage\":\"pt-BR\"},{\"@type\":\"Organization\",\"@id\":\"https:\/\/radiolifefm.com.br\/noticias\/#organization\",\"name\":\"R\u00e1dio Life FM\",\"alternateName\":\"Life FM\",\"url\":\"https:\/\/radiolifefm.com.br\/noticias\/\",\"logo\":{\"@type\":\"ImageObject\",\"inLanguage\":\"pt-BR\",\"@id\":\"https:\/\/radiolifefm.com.br\/noticias\/#\/schema\/logo\/image\/\",\"url\":\"https:\/\/static.radiolifefm.com.br\/noticias\/wp-content\/uploads\/2019\/10\/logo-lifefm.png\",\"contentUrl\":\"https:\/\/static.radiolifefm.com.br\/noticias\/wp-content\/uploads\/2019\/10\/logo-lifefm.png\",\"width\":196,\"height\":47,\"caption\":\"R\u00e1dio Life FM\"},\"image\":{\"@id\":\"https:\/\/radiolifefm.com.br\/noticias\/#\/schema\/logo\/image\/\"},\"sameAs\":[\"https:\/\/www.facebook.com\/radiolifefm\/\",\"https:\/\/www.instagram.com\/life1079fm\/\"]},{\"@type\":\"Person\",\"@id\":\"https:\/\/radiolifefm.com.br\/noticias\/#\/schema\/person\/1d4e4b1301322090c6221bf1c8420490\",\"name\":\"lifefm\",\"image\":{\"@type\":\"ImageObject\",\"inLanguage\":\"pt-BR\",\"@id\":\"https:\/\/secure.gravatar.com\/avatar\/eca268467d925ec97d20641bb054fd944c0abb2f92854171620706bbe6474e7c?s=96&d=mm&r=g\",\"url\":\"https:\/\/secure.gravatar.com\/avatar\/eca268467d925ec97d20641bb054fd944c0abb2f92854171620706bbe6474e7c?s=96&d=mm&r=g\",\"contentUrl\":\"https:\/\/secure.gravatar.com\/avatar\/eca268467d925ec97d20641bb054fd944c0abb2f92854171620706bbe6474e7c?s=96&d=mm&r=g\",\"caption\":\"lifefm\"}}]}<\/script>\n<!-- \/ Yoast SEO plugin. -->","yoast_head_json":{"title":"Duas mulheres morrem e outras 15 pessoas ficam feridas em acidente com \u00f4nibus - R\u00e1dio Life FM","robots":{"index":"index","follow":"follow","max-snippet":"max-snippet:-1","max-image-preview":"max-image-preview:large","max-video-preview":"max-video-preview:-1"},"canonical":"https:\/\/radiolifefm.com.br\/noticias\/duas-mulheres-morrem-e-outras-15-pessoas-ficam-feridas-em-acidente-com-onibus\/","og_locale":"pt_BR","og_type":"article","og_title":"Duas mulheres morrem e outras 15 pessoas ficam feridas em acidente com \u00f4nibus - R\u00e1dio Life FM","og_description":"Duas mulheres morreram em um acidente envolvendo um \u00f4nibus de sacoleiros, na madrugada desta quarta-feira (18), na Rodovia Marechal Rondon, em Mirand\u00f3polis (SP). O ve\u00edculo tombou no km 601, na al\u00e7a de acesso \u00e0 cidade, por volta das 2h30. Segundo a Pol\u00edcia Militar Rodovi\u00e1ria, al\u00e9m das duas mortes, outras 15 pessoas ficaram feridas, quatro delas [&hellip;]","og_url":"https:\/\/radiolifefm.com.br\/noticias\/duas-mulheres-morrem-e-outras-15-pessoas-ficam-feridas-em-acidente-com-onibus\/","og_site_name":"R\u00e1dio Life FM","article_publisher":"https:\/\/www.facebook.com\/radiolifefm\/","article_published_time":"2019-12-18T12:45:38+00:00","article_modified_time":"2025-09-12T05:41:35+00:00","og_image":[{"width":800,"height":400,"url":"https:\/\/static.radiolifefm.com.br\/noticias\/wp-content\/uploads\/2019\/12\/\u00d4nibus-Mirand\u00f3polis.jpg","type":"image\/jpeg"}],"author":"lifefm","twitter_card":"summary_large_image","twitter_misc":{"Escrito por":"lifefm"},"schema":{"@context":"https:\/\/schema.org","@graph":[{"@type":"Article","@id":"https:\/\/radiolifefm.com.br\/noticias\/duas-mulheres-morrem-e-outras-15-pessoas-ficam-feridas-em-acidente-com-onibus\/#article","isPartOf":{"@id":"https:\/\/radiolifefm.com.br\/noticias\/duas-mulheres-morrem-e-outras-15-pessoas-ficam-feridas-em-acidente-com-onibus\/"},"author":{"name":"lifefm","@id":"https:\/\/radiolifefm.com.br\/noticias\/#\/schema\/person\/1d4e4b1301322090c6221bf1c8420490"},"headline":"Duas mulheres morrem e outras 15 pessoas ficam feridas em acidente com \u00f4nibus","datePublished":"2019-12-18T12:45:38+00:00","dateModified":"2025-09-12T05:41:35+00:00","mainEntityOfPage":{"@id":"https:\/\/radiolifefm.com.br\/noticias\/duas-mulheres-morrem-e-outras-15-pessoas-ficam-feridas-em-acidente-com-onibus\/"},"wordCount":108,"publisher":{"@id":"https:\/\/radiolifefm.com.br\/noticias\/#organization"},"image":{"@id":"https:\/\/radiolifefm.com.br\/noticias\/duas-mulheres-morrem-e-outras-15-pessoas-ficam-feridas-em-acidente-com-onibus\/#primaryimage"},"thumbnailUrl":"https:\/\/radiolifefm.com.br\/noticias\/wp-content\/uploads\/2019\/12\/\u00d4nibus-Mirand\u00f3polis.jpg","articleSection":["Regi\u00e3o"],"inLanguage":"pt-BR"},{"@type":"WebPage","@id":"https:\/\/radiolifefm.com.br\/noticias\/duas-mulheres-morrem-e-outras-15-pessoas-ficam-feridas-em-acidente-com-onibus\/","url":"https:\/\/radiolifefm.com.br\/noticias\/duas-mulheres-morrem-e-outras-15-pessoas-ficam-feridas-em-acidente-com-onibus\/","name":"Duas mulheres morrem e outras 15 pessoas ficam feridas em acidente com \u00f4nibus - R\u00e1dio Life FM","isPartOf":{"@id":"https:\/\/radiolifefm.com.br\/noticias\/#website"},"primaryImageOfPage":{"@id":"https:\/\/radiolifefm.com.br\/noticias\/duas-mulheres-morrem-e-outras-15-pessoas-ficam-feridas-em-acidente-com-onibus\/#primaryimage"},"image":{"@id":"https:\/\/radiolifefm.com.br\/noticias\/duas-mulheres-morrem-e-outras-15-pessoas-ficam-feridas-em-acidente-com-onibus\/#primaryimage"},"thumbnailUrl":"https:\/\/radiolifefm.com.br\/noticias\/wp-content\/uploads\/2019\/12\/\u00d4nibus-Mirand\u00f3polis.jpg","datePublished":"2019-12-18T12:45:38+00:00","dateModified":"2025-09-12T05:41:35+00:00","breadcrumb":{"@id":"https:\/\/radiolifefm.com.br\/noticias\/duas-mulheres-morrem-e-outras-15-pessoas-ficam-feridas-em-acidente-com-onibus\/#breadcrumb"},"inLanguage":"pt-BR","potentialAction":[{"@type":"ReadAction","target":["https:\/\/radiolifefm.com.br\/noticias\/duas-mulheres-morrem-e-outras-15-pessoas-ficam-feridas-em-acidente-com-onibus\/"]}]},{"@type":"ImageObject","inLanguage":"pt-BR","@id":"https:\/\/radiolifefm.com.br\/noticias\/duas-mulheres-morrem-e-outras-15-pessoas-ficam-feridas-em-acidente-com-onibus\/#primaryimage","url":"https:\/\/radiolifefm.com.br\/noticias\/wp-content\/uploads\/2019\/12\/\u00d4nibus-Mirand\u00f3polis.jpg","contentUrl":"https:\/\/radiolifefm.com.br\/noticias\/wp-content\/uploads\/2019\/12\/\u00d4nibus-Mirand\u00f3polis.jpg","width":800,"height":400,"caption":"\u00d4nibus capotou na al\u00e7a de acesso \u00e0 cidade e deixou duas mulheres mortas, al\u00e9m de v\u00e1rios feridos."},{"@type":"BreadcrumbList","@id":"https:\/\/radiolifefm.com.br\/noticias\/duas-mulheres-morrem-e-outras-15-pessoas-ficam-feridas-em-acidente-com-onibus\/#breadcrumb","itemListElement":[{"@type":"ListItem","position":1,"name":"In\u00edcio","item":"https:\/\/radiolifefm.com.br\/noticias\/"},{"@type":"ListItem","position":2,"name":"Duas mulheres morrem e outras 15 pessoas ficam feridas em acidente com \u00f4nibus"}]},{"@type":"WebSite","@id":"https:\/\/radiolifefm.com.br\/noticias\/#website","url":"https:\/\/radiolifefm.com.br\/noticias\/","name":"R\u00e1dio Life FM","description":"O Portal de Not\u00edcias de Adamantina","publisher":{"@id":"https:\/\/radiolifefm.com.br\/noticias\/#organization"},"alternateName":"Life FM","potentialAction":[{"@type":"SearchAction","target":{"@type":"EntryPoint","urlTemplate":"https:\/\/radiolifefm.com.br\/noticias\/?s={search_term_string}"},"query-input":{"@type":"PropertyValueSpecification","valueRequired":true,"valueName":"search_term_string"}}],"inLanguage":"pt-BR"},{"@type":"Organization","@id":"https:\/\/radiolifefm.com.br\/noticias\/#organization","name":"R\u00e1dio Life FM","alternateName":"Life FM","url":"https:\/\/radiolifefm.com.br\/noticias\/","logo":{"@type":"ImageObject","inLanguage":"pt-BR","@id":"https:\/\/radiolifefm.com.br\/noticias\/#\/schema\/logo\/image\/","url":"https:\/\/static.radiolifefm.com.br\/noticias\/wp-content\/uploads\/2019\/10\/logo-lifefm.png","contentUrl":"https:\/\/static.radiolifefm.com.br\/noticias\/wp-content\/uploads\/2019\/10\/logo-lifefm.png","width":196,"height":47,"caption":"R\u00e1dio Life FM"},"image":{"@id":"https:\/\/radiolifefm.com.br\/noticias\/#\/schema\/logo\/image\/"},"sameAs":["https:\/\/www.facebook.com\/radiolifefm\/","https:\/\/www.instagram.com\/life1079fm\/"]},{"@type":"Person","@id":"https:\/\/radiolifefm.com.br\/noticias\/#\/schema\/person\/1d4e4b1301322090c6221bf1c8420490","name":"lifefm","image":{"@type":"ImageObject","inLanguage":"pt-BR","@id":"https:\/\/secure.gravatar.com\/avatar\/eca268467d925ec97d20641bb054fd944c0abb2f92854171620706bbe6474e7c?s=96&d=mm&r=g","url":"https:\/\/secure.gravatar.com\/avatar\/eca268467d925ec97d20641bb054fd944c0abb2f92854171620706bbe6474e7c?s=96&d=mm&r=g","contentUrl":"https:\/\/secure.gravatar.com\/avatar\/eca268467d925ec97d20641bb054fd944c0abb2f92854171620706bbe6474e7c?s=96&d=mm&r=g","caption":"lifefm"}}]}},"amp_enabled":true,"_links":{"self":[{"href":"https:\/\/radiolifefm.com.br\/noticias\/wp-json\/wp\/v2\/posts\/19011","targetHints":{"allow":["GET"]}}],"collection":[{"href":"https:\/\/radiolifefm.com.br\/noticias\/wp-json\/wp\/v2\/posts"}],"about":[{"href":"https:\/\/radiolifefm.com.br\/noticias\/wp-json\/wp\/v2\/types\/post"}],"author":[{"embeddable":true,"href":"https:\/\/radiolifefm.com.br\/noticias\/wp-json\/wp\/v2\/users\/3"}],"replies":[{"embeddable":true,"href":"https:\/\/radiolifefm.com.br\/noticias\/wp-json\/wp\/v2\/comments?post=19011"}],"version-history":[{"count":1,"href":"https:\/\/radiolifefm.com.br\/noticias\/wp-json\/wp\/v2\/posts\/19011\/revisions"}],"predecessor-version":[{"id":19013,"href":"https:\/\/radiolifefm.com.br\/noticias\/wp-json\/wp\/v2\/posts\/19011\/revisions\/19013"}],"wp:featuredmedia":[{"embeddable":true,"href":"https:\/\/radiolifefm.com.br\/noticias\/wp-json\/wp\/v2\/media\/19012"}],"wp:attachment":[{"href":"https:\/\/radiolifefm.com.br\/noticias\/wp-json\/wp\/v2\/media?parent=19011"}],"wp:term":[{"taxonomy":"category","embeddable":true,"href":"https:\/\/radiolifefm.com.br\/noticias\/wp-json\/wp\/v2\/categories?post=19011"},{"taxonomy":"post_tag","embeddable":true,"href":"https:\/\/radiolifefm.com.br\/noticias\/wp-json\/wp\/v2\/tags?post=19011"}],"curies":[{"name":"wp","href":"https:\/\/api.w.org\/{rel}","templated":true}]}}