{"id":19001,"date":"2019-12-17T11:13:04","date_gmt":"2019-12-17T14:13:04","guid":{"rendered":"https:\/\/radiolifefm.com.br\/noticias\/?p=19001"},"modified":"2026-03-26T08:06:03","modified_gmt":"2026-03-26T11:06:03","slug":"francis-drake-uma-viagem-ao-redor-do-mundo-opiniao-sergio-barbosa","status":"publish","type":"post","link":"https:\/\/radiolifefm.com.br\/noticias\/francis-drake-uma-viagem-ao-redor-do-mundo-opiniao-sergio-barbosa\/","title":{"rendered":"\u201cFRANCIS DRAKE: UMA VIAGEM AO REDOR DO MUNDO&#8230;\u201d &#8211; Opini\u00e3o &#8211; S\u00e9rgio Barbosa &#8211;"},"content":{"rendered":"<div id=\"fb-root\"><\/div>\n<p><em>\u201cFRANCIS DRAKE: UMA VIAGEM AO REDOR DO MUNDO&#8230;\u201d<\/em><\/p>\n<p><em>\u201cO navegador e explorador ingl\u00eas Francis Drake (1540-1596) teve uma carreira fulgurante e espetacular\u201d. (GRANDES EXPLORADORES, DVD, \u201cFRANCIS DRAKE\u201d, Hist\u00f3ria Viva, Duetto Editorial)<\/em><\/p>\n<p><em>S\u00e9rgio Barbosa (*)<\/em><\/p>\n<p>&nbsp;<\/p>\n<p>As viagens em redor do mundo, ainda neste novo tempo que se chama hoje, fascinam os aventureiros de plant\u00e3o, bem como, os homens de neg\u00f3cios para outros desencontros com a p\u00f3s-globaliza\u00e7\u00e3o do mercado&#8230;<\/p>\n<p>No contexto hist\u00f3rico desta mundializa\u00e7\u00e3o das descobertas em busca do outro lado, tamb\u00e9m, tal qual os ind\u00edgenas tupiniquins em busca da sua \u201cTerra sem Males\u201d, homens em busca das suas conquistas al\u00e9m-mar estiveram perdidos em suas contradi\u00e7\u00f5es frente ao poder da sua \u00e9poca&#8230;<\/p>\n<p>As aventuras de \u201cFrancis Drake\u201d superaram em muito os desafios durante d\u00e9cadas em nome da coroa brit\u00e2nica para fazer a diferen\u00e7a contra seus inimigos espanh\u00f3is em meio \u00e0s batalhas nos mares do sul e do norte&#8230;<\/p>\n<p>Tendo como suporte n\u00e1utico a poderosa marinha brit\u00e2nica da \u00e9poca como norte das suas conquistas, bem como, raras derrotas para um olhar atr\u00e1s da vingan\u00e7a mais do que pessoal, DRAKE superou muitos obst\u00e1culos para deixar a sua placa perdida em algum canto do Novo Mundo Novo&#8230;<\/p>\n<p>Neste jogo de gato e rato como diz o dito popular em n\u00edvel mundial, os lados fazem as suas escolhas em nome desta ou daquela bandeira, depois, vale tudo para abocanhar o botim do saque permitido pelo poder da conquista al\u00e9m-mar, deixando para tr\u00e1s as dores de um mundo em transforma\u00e7\u00e3o terrena para os conquistadores travestidos de soldados da Rainha&#8230;<\/p>\n<p>Muitos tentaram ser o escolhido da soberana, por\u00e9m, um ou outro foi o aben\u00e7oado pela espada profana em nome do sagrado, destoando assim do para\u00edso prometido pelas b\u00ean\u00e7\u00e3os de uma Santa Igreja&#8230;<\/p>\n<p>O navegador e explorador Francis Drake andou perdido em suas contradi\u00e7\u00f5es como explorador, por\u00e9m, soube fazer destes desencontros uma nova partida em busca dos desafios do seu tempo como homem a servi\u00e7o do poder para a expans\u00e3o do imp\u00e9rio brit\u00e2nico como marco divisor frente a uma outra expans\u00e3o, ou seja, dos espanh\u00f3is em meio ao jogo de sempre pelas conquistas de um outro mundo em nome dos reis e rainhas deste velho tempo&#8230;<\/p>\n<p>&nbsp;<\/p>\n<div class='flex flex-wrap items-center -mx-1'>\r\n<a class='thumbnail gallery p-1 w-1\/2 md:w-1\/4' href='https:\/\/radiolifefm.com.br\/noticias\/wp-content\/uploads\/2019\/12\/Sebar-1-2.jpg'><img class='border border-white' src='https:\/\/radiolifefm.com.br\/noticias\/wp-content\/uploads\/2019\/12\/Sebar-1-2-200x200.jpg' alt='Sebar   1' \/><\/a><a class='thumbnail gallery p-1 w-1\/2 md:w-1\/4' href='https:\/\/radiolifefm.com.br\/noticias\/wp-content\/uploads\/2019\/12\/Sebar-2-2.jpg'><img class='border border-white' src='https:\/\/radiolifefm.com.br\/noticias\/wp-content\/uploads\/2019\/12\/Sebar-2-2-200x200.jpg' alt='Sebar   2' \/><\/a><a class='thumbnail gallery p-1 w-1\/2 md:w-1\/4' href='https:\/\/radiolifefm.com.br\/noticias\/wp-content\/uploads\/2019\/12\/Sebar-3-2.jpg'><img class='border border-white' src='https:\/\/radiolifefm.com.br\/noticias\/wp-content\/uploads\/2019\/12\/Sebar-3-2-200x200.jpg' alt='Sebar   3' \/><\/a><\/div>\n<p>____________________________________<br \/>\n(*) Jornalista Diplomado.<\/p>\n","protected":false},"excerpt":{"rendered":"<p>\u201cFRANCIS DRAKE: UMA VIAGEM AO REDOR DO MUNDO&#8230;\u201d \u201cO navegador e explorador ingl\u00eas Francis Drake (1540-1596) teve uma carreira fulgurante e espetacular\u201d. (GRANDES EXPLORADORES, DVD, \u201cFRANCIS DRAKE\u201d, Hist\u00f3ria Viva, Duetto Editorial) S\u00e9rgio Barbosa (*) &nbsp; As viagens em redor do mundo, ainda neste novo tempo que se chama hoje, fascinam os aventureiros de plant\u00e3o, bem [&hellip;]<\/p>\n","protected":false},"author":3,"featured_media":19002,"comment_status":"closed","ping_status":"open","sticky":false,"template":"","format":"standard","meta":{"_acf_changed":false,"_exactmetrics_skip_tracking":false,"_exactmetrics_sitenote_active":false,"_exactmetrics_sitenote_note":"","_exactmetrics_sitenote_category":0,"footnotes":""},"categories":[59],"tags":[],"class_list":["post-19001","post","type-post","status-publish","format-standard","has-post-thumbnail","hentry","category-opiniao"],"acf":[],"yoast_head":"<!-- This site is optimized with the Yoast SEO plugin v27.2 - https:\/\/yoast.com\/product\/yoast-seo-wordpress\/ -->\n<title>\u201cFRANCIS DRAKE: UMA VIAGEM AO REDOR DO MUNDO...\u201d - Opini\u00e3o - S\u00e9rgio Barbosa - R\u00e1dio Life FM<\/title>\n<meta name=\"robots\" content=\"index, follow, max-snippet:-1, max-image-preview:large, max-video-preview:-1\" \/>\n<link rel=\"canonical\" href=\"https:\/\/radiolifefm.com.br\/noticias\/francis-drake-uma-viagem-ao-redor-do-mundo-opiniao-sergio-barbosa\/\" \/>\n<meta property=\"og:locale\" content=\"pt_BR\" \/>\n<meta property=\"og:type\" content=\"article\" \/>\n<meta property=\"og:title\" content=\"\u201cFRANCIS DRAKE: UMA VIAGEM AO REDOR DO MUNDO...\u201d - Opini\u00e3o - S\u00e9rgio Barbosa - R\u00e1dio Life FM\" \/>\n<meta property=\"og:description\" content=\"\u201cFRANCIS DRAKE: UMA VIAGEM AO REDOR DO MUNDO&#8230;\u201d \u201cO navegador e explorador ingl\u00eas Francis Drake (1540-1596) teve uma carreira fulgurante e espetacular\u201d. (GRANDES EXPLORADORES, DVD, \u201cFRANCIS DRAKE\u201d, Hist\u00f3ria Viva, Duetto Editorial) S\u00e9rgio Barbosa (*) &nbsp; As viagens em redor do mundo, ainda neste novo tempo que se chama hoje, fascinam os aventureiros de plant\u00e3o, bem [&hellip;]\" \/>\n<meta property=\"og:url\" content=\"https:\/\/radiolifefm.com.br\/noticias\/francis-drake-uma-viagem-ao-redor-do-mundo-opiniao-sergio-barbosa\/\" \/>\n<meta property=\"og:site_name\" content=\"R\u00e1dio Life FM\" \/>\n<meta property=\"article:publisher\" content=\"https:\/\/www.facebook.com\/radiolifefm\/\" \/>\n<meta property=\"article:published_time\" content=\"2019-12-17T14:13:04+00:00\" \/>\n<meta property=\"article:modified_time\" content=\"2026-03-26T11:06:03+00:00\" \/>\n<meta property=\"og:image\" content=\"https:\/\/radiolifefm.com.br\/noticias\/wp-content\/uploads\/2019\/12\/Sebar-10.jpg\" \/>\n\t<meta property=\"og:image:width\" content=\"235\" \/>\n\t<meta property=\"og:image:height\" content=\"321\" \/>\n\t<meta property=\"og:image:type\" content=\"image\/jpeg\" \/>\n<meta name=\"author\" content=\"lifefm\" \/>\n<meta name=\"twitter:card\" content=\"summary_large_image\" \/>\n<meta name=\"twitter:label1\" content=\"Escrito por\" \/>\n\t<meta name=\"twitter:data1\" content=\"lifefm\" \/>\n\t<meta name=\"twitter:label2\" content=\"Est. tempo de leitura\" \/>\n\t<meta name=\"twitter:data2\" content=\"2 minutos\" \/>\n<script type=\"application\/ld+json\" class=\"yoast-schema-graph\">{\"@context\":\"https:\/\/schema.org\",\"@graph\":[{\"@type\":\"Article\",\"@id\":\"https:\/\/radiolifefm.com.br\/noticias\/francis-drake-uma-viagem-ao-redor-do-mundo-opiniao-sergio-barbosa\/#article\",\"isPartOf\":{\"@id\":\"https:\/\/radiolifefm.com.br\/noticias\/francis-drake-uma-viagem-ao-redor-do-mundo-opiniao-sergio-barbosa\/\"},\"author\":{\"name\":\"lifefm\",\"@id\":\"https:\/\/radiolifefm.com.br\/noticias\/#\/schema\/person\/1d4e4b1301322090c6221bf1c8420490\"},\"headline\":\"\u201cFRANCIS DRAKE: UMA VIAGEM AO REDOR DO MUNDO&#8230;\u201d &#8211; Opini\u00e3o &#8211; S\u00e9rgio Barbosa &#8211;\",\"datePublished\":\"2019-12-17T14:13:04+00:00\",\"dateModified\":\"2026-03-26T11:06:03+00:00\",\"mainEntityOfPage\":{\"@id\":\"https:\/\/radiolifefm.com.br\/noticias\/francis-drake-uma-viagem-ao-redor-do-mundo-opiniao-sergio-barbosa\/\"},\"wordCount\":417,\"publisher\":{\"@id\":\"https:\/\/radiolifefm.com.br\/noticias\/#organization\"},\"image\":{\"@id\":\"https:\/\/radiolifefm.com.br\/noticias\/francis-drake-uma-viagem-ao-redor-do-mundo-opiniao-sergio-barbosa\/#primaryimage\"},\"thumbnailUrl\":\"https:\/\/radiolifefm.com.br\/noticias\/wp-content\/uploads\/2019\/12\/Sebar-10.jpg\",\"articleSection\":[\"Opini\u00e3o\"],\"inLanguage\":\"pt-BR\"},{\"@type\":\"WebPage\",\"@id\":\"https:\/\/radiolifefm.com.br\/noticias\/francis-drake-uma-viagem-ao-redor-do-mundo-opiniao-sergio-barbosa\/\",\"url\":\"https:\/\/radiolifefm.com.br\/noticias\/francis-drake-uma-viagem-ao-redor-do-mundo-opiniao-sergio-barbosa\/\",\"name\":\"\u201cFRANCIS DRAKE: UMA VIAGEM AO REDOR DO MUNDO...\u201d - Opini\u00e3o - S\u00e9rgio Barbosa - R\u00e1dio Life FM\",\"isPartOf\":{\"@id\":\"https:\/\/radiolifefm.com.br\/noticias\/#website\"},\"primaryImageOfPage\":{\"@id\":\"https:\/\/radiolifefm.com.br\/noticias\/francis-drake-uma-viagem-ao-redor-do-mundo-opiniao-sergio-barbosa\/#primaryimage\"},\"image\":{\"@id\":\"https:\/\/radiolifefm.com.br\/noticias\/francis-drake-uma-viagem-ao-redor-do-mundo-opiniao-sergio-barbosa\/#primaryimage\"},\"thumbnailUrl\":\"https:\/\/radiolifefm.com.br\/noticias\/wp-content\/uploads\/2019\/12\/Sebar-10.jpg\",\"datePublished\":\"2019-12-17T14:13:04+00:00\",\"dateModified\":\"2026-03-26T11:06:03+00:00\",\"breadcrumb\":{\"@id\":\"https:\/\/radiolifefm.com.br\/noticias\/francis-drake-uma-viagem-ao-redor-do-mundo-opiniao-sergio-barbosa\/#breadcrumb\"},\"inLanguage\":\"pt-BR\",\"potentialAction\":[{\"@type\":\"ReadAction\",\"target\":[\"https:\/\/radiolifefm.com.br\/noticias\/francis-drake-uma-viagem-ao-redor-do-mundo-opiniao-sergio-barbosa\/\"]}]},{\"@type\":\"ImageObject\",\"inLanguage\":\"pt-BR\",\"@id\":\"https:\/\/radiolifefm.com.br\/noticias\/francis-drake-uma-viagem-ao-redor-do-mundo-opiniao-sergio-barbosa\/#primaryimage\",\"url\":\"https:\/\/radiolifefm.com.br\/noticias\/wp-content\/uploads\/2019\/12\/Sebar-10.jpg\",\"contentUrl\":\"https:\/\/radiolifefm.com.br\/noticias\/wp-content\/uploads\/2019\/12\/Sebar-10.jpg\",\"width\":235,\"height\":321},{\"@type\":\"BreadcrumbList\",\"@id\":\"https:\/\/radiolifefm.com.br\/noticias\/francis-drake-uma-viagem-ao-redor-do-mundo-opiniao-sergio-barbosa\/#breadcrumb\",\"itemListElement\":[{\"@type\":\"ListItem\",\"position\":1,\"name\":\"In\u00edcio\",\"item\":\"https:\/\/radiolifefm.com.br\/noticias\/\"},{\"@type\":\"ListItem\",\"position\":2,\"name\":\"\u201cFRANCIS DRAKE: UMA VIAGEM AO REDOR DO MUNDO&#8230;\u201d &#8211; Opini\u00e3o &#8211; S\u00e9rgio Barbosa &#8211;\"}]},{\"@type\":\"WebSite\",\"@id\":\"https:\/\/radiolifefm.com.br\/noticias\/#website\",\"url\":\"https:\/\/radiolifefm.com.br\/noticias\/\",\"name\":\"R\u00e1dio Life FM\",\"description\":\"O Portal de Not\u00edcias de Adamantina\",\"publisher\":{\"@id\":\"https:\/\/radiolifefm.com.br\/noticias\/#organization\"},\"alternateName\":\"Life FM\",\"potentialAction\":[{\"@type\":\"SearchAction\",\"target\":{\"@type\":\"EntryPoint\",\"urlTemplate\":\"https:\/\/radiolifefm.com.br\/noticias\/?s={search_term_string}\"},\"query-input\":{\"@type\":\"PropertyValueSpecification\",\"valueRequired\":true,\"valueName\":\"search_term_string\"}}],\"inLanguage\":\"pt-BR\"},{\"@type\":\"Organization\",\"@id\":\"https:\/\/radiolifefm.com.br\/noticias\/#organization\",\"name\":\"R\u00e1dio Life FM\",\"alternateName\":\"Life FM\",\"url\":\"https:\/\/radiolifefm.com.br\/noticias\/\",\"logo\":{\"@type\":\"ImageObject\",\"inLanguage\":\"pt-BR\",\"@id\":\"https:\/\/radiolifefm.com.br\/noticias\/#\/schema\/logo\/image\/\",\"url\":\"https:\/\/static.radiolifefm.com.br\/noticias\/wp-content\/uploads\/2019\/10\/logo-lifefm.png\",\"contentUrl\":\"https:\/\/static.radiolifefm.com.br\/noticias\/wp-content\/uploads\/2019\/10\/logo-lifefm.png\",\"width\":196,\"height\":47,\"caption\":\"R\u00e1dio Life FM\"},\"image\":{\"@id\":\"https:\/\/radiolifefm.com.br\/noticias\/#\/schema\/logo\/image\/\"},\"sameAs\":[\"https:\/\/www.facebook.com\/radiolifefm\/\",\"https:\/\/www.instagram.com\/life1079fm\/\"]},{\"@type\":\"Person\",\"@id\":\"https:\/\/radiolifefm.com.br\/noticias\/#\/schema\/person\/1d4e4b1301322090c6221bf1c8420490\",\"name\":\"lifefm\",\"image\":{\"@type\":\"ImageObject\",\"inLanguage\":\"pt-BR\",\"@id\":\"https:\/\/secure.gravatar.com\/avatar\/eca268467d925ec97d20641bb054fd944c0abb2f92854171620706bbe6474e7c?s=96&d=mm&r=g\",\"url\":\"https:\/\/secure.gravatar.com\/avatar\/eca268467d925ec97d20641bb054fd944c0abb2f92854171620706bbe6474e7c?s=96&d=mm&r=g\",\"contentUrl\":\"https:\/\/secure.gravatar.com\/avatar\/eca268467d925ec97d20641bb054fd944c0abb2f92854171620706bbe6474e7c?s=96&d=mm&r=g\",\"caption\":\"lifefm\"}}]}<\/script>\n<!-- \/ Yoast SEO plugin. -->","yoast_head_json":{"title":"\u201cFRANCIS DRAKE: UMA VIAGEM AO REDOR DO MUNDO...\u201d - Opini\u00e3o - S\u00e9rgio Barbosa - R\u00e1dio Life FM","robots":{"index":"index","follow":"follow","max-snippet":"max-snippet:-1","max-image-preview":"max-image-preview:large","max-video-preview":"max-video-preview:-1"},"canonical":"https:\/\/radiolifefm.com.br\/noticias\/francis-drake-uma-viagem-ao-redor-do-mundo-opiniao-sergio-barbosa\/","og_locale":"pt_BR","og_type":"article","og_title":"\u201cFRANCIS DRAKE: UMA VIAGEM AO REDOR DO MUNDO...\u201d - Opini\u00e3o - S\u00e9rgio Barbosa - R\u00e1dio Life FM","og_description":"\u201cFRANCIS DRAKE: UMA VIAGEM AO REDOR DO MUNDO&#8230;\u201d \u201cO navegador e explorador ingl\u00eas Francis Drake (1540-1596) teve uma carreira fulgurante e espetacular\u201d. (GRANDES EXPLORADORES, DVD, \u201cFRANCIS DRAKE\u201d, Hist\u00f3ria Viva, Duetto Editorial) S\u00e9rgio Barbosa (*) &nbsp; As viagens em redor do mundo, ainda neste novo tempo que se chama hoje, fascinam os aventureiros de plant\u00e3o, bem [&hellip;]","og_url":"https:\/\/radiolifefm.com.br\/noticias\/francis-drake-uma-viagem-ao-redor-do-mundo-opiniao-sergio-barbosa\/","og_site_name":"R\u00e1dio Life FM","article_publisher":"https:\/\/www.facebook.com\/radiolifefm\/","article_published_time":"2019-12-17T14:13:04+00:00","article_modified_time":"2026-03-26T11:06:03+00:00","og_image":[{"width":235,"height":321,"url":"https:\/\/radiolifefm.com.br\/noticias\/wp-content\/uploads\/2019\/12\/Sebar-10.jpg","type":"image\/jpeg"}],"author":"lifefm","twitter_card":"summary_large_image","twitter_misc":{"Escrito por":"lifefm","Est. tempo de leitura":"2 minutos"},"schema":{"@context":"https:\/\/schema.org","@graph":[{"@type":"Article","@id":"https:\/\/radiolifefm.com.br\/noticias\/francis-drake-uma-viagem-ao-redor-do-mundo-opiniao-sergio-barbosa\/#article","isPartOf":{"@id":"https:\/\/radiolifefm.com.br\/noticias\/francis-drake-uma-viagem-ao-redor-do-mundo-opiniao-sergio-barbosa\/"},"author":{"name":"lifefm","@id":"https:\/\/radiolifefm.com.br\/noticias\/#\/schema\/person\/1d4e4b1301322090c6221bf1c8420490"},"headline":"\u201cFRANCIS DRAKE: UMA VIAGEM AO REDOR DO MUNDO&#8230;\u201d &#8211; Opini\u00e3o &#8211; S\u00e9rgio Barbosa &#8211;","datePublished":"2019-12-17T14:13:04+00:00","dateModified":"2026-03-26T11:06:03+00:00","mainEntityOfPage":{"@id":"https:\/\/radiolifefm.com.br\/noticias\/francis-drake-uma-viagem-ao-redor-do-mundo-opiniao-sergio-barbosa\/"},"wordCount":417,"publisher":{"@id":"https:\/\/radiolifefm.com.br\/noticias\/#organization"},"image":{"@id":"https:\/\/radiolifefm.com.br\/noticias\/francis-drake-uma-viagem-ao-redor-do-mundo-opiniao-sergio-barbosa\/#primaryimage"},"thumbnailUrl":"https:\/\/radiolifefm.com.br\/noticias\/wp-content\/uploads\/2019\/12\/Sebar-10.jpg","articleSection":["Opini\u00e3o"],"inLanguage":"pt-BR"},{"@type":"WebPage","@id":"https:\/\/radiolifefm.com.br\/noticias\/francis-drake-uma-viagem-ao-redor-do-mundo-opiniao-sergio-barbosa\/","url":"https:\/\/radiolifefm.com.br\/noticias\/francis-drake-uma-viagem-ao-redor-do-mundo-opiniao-sergio-barbosa\/","name":"\u201cFRANCIS DRAKE: UMA VIAGEM AO REDOR DO MUNDO...\u201d - Opini\u00e3o - S\u00e9rgio Barbosa - R\u00e1dio Life FM","isPartOf":{"@id":"https:\/\/radiolifefm.com.br\/noticias\/#website"},"primaryImageOfPage":{"@id":"https:\/\/radiolifefm.com.br\/noticias\/francis-drake-uma-viagem-ao-redor-do-mundo-opiniao-sergio-barbosa\/#primaryimage"},"image":{"@id":"https:\/\/radiolifefm.com.br\/noticias\/francis-drake-uma-viagem-ao-redor-do-mundo-opiniao-sergio-barbosa\/#primaryimage"},"thumbnailUrl":"https:\/\/radiolifefm.com.br\/noticias\/wp-content\/uploads\/2019\/12\/Sebar-10.jpg","datePublished":"2019-12-17T14:13:04+00:00","dateModified":"2026-03-26T11:06:03+00:00","breadcrumb":{"@id":"https:\/\/radiolifefm.com.br\/noticias\/francis-drake-uma-viagem-ao-redor-do-mundo-opiniao-sergio-barbosa\/#breadcrumb"},"inLanguage":"pt-BR","potentialAction":[{"@type":"ReadAction","target":["https:\/\/radiolifefm.com.br\/noticias\/francis-drake-uma-viagem-ao-redor-do-mundo-opiniao-sergio-barbosa\/"]}]},{"@type":"ImageObject","inLanguage":"pt-BR","@id":"https:\/\/radiolifefm.com.br\/noticias\/francis-drake-uma-viagem-ao-redor-do-mundo-opiniao-sergio-barbosa\/#primaryimage","url":"https:\/\/radiolifefm.com.br\/noticias\/wp-content\/uploads\/2019\/12\/Sebar-10.jpg","contentUrl":"https:\/\/radiolifefm.com.br\/noticias\/wp-content\/uploads\/2019\/12\/Sebar-10.jpg","width":235,"height":321},{"@type":"BreadcrumbList","@id":"https:\/\/radiolifefm.com.br\/noticias\/francis-drake-uma-viagem-ao-redor-do-mundo-opiniao-sergio-barbosa\/#breadcrumb","itemListElement":[{"@type":"ListItem","position":1,"name":"In\u00edcio","item":"https:\/\/radiolifefm.com.br\/noticias\/"},{"@type":"ListItem","position":2,"name":"\u201cFRANCIS DRAKE: UMA VIAGEM AO REDOR DO MUNDO&#8230;\u201d &#8211; Opini\u00e3o &#8211; S\u00e9rgio Barbosa &#8211;"}]},{"@type":"WebSite","@id":"https:\/\/radiolifefm.com.br\/noticias\/#website","url":"https:\/\/radiolifefm.com.br\/noticias\/","name":"R\u00e1dio Life FM","description":"O Portal de Not\u00edcias de Adamantina","publisher":{"@id":"https:\/\/radiolifefm.com.br\/noticias\/#organization"},"alternateName":"Life FM","potentialAction":[{"@type":"SearchAction","target":{"@type":"EntryPoint","urlTemplate":"https:\/\/radiolifefm.com.br\/noticias\/?s={search_term_string}"},"query-input":{"@type":"PropertyValueSpecification","valueRequired":true,"valueName":"search_term_string"}}],"inLanguage":"pt-BR"},{"@type":"Organization","@id":"https:\/\/radiolifefm.com.br\/noticias\/#organization","name":"R\u00e1dio Life FM","alternateName":"Life FM","url":"https:\/\/radiolifefm.com.br\/noticias\/","logo":{"@type":"ImageObject","inLanguage":"pt-BR","@id":"https:\/\/radiolifefm.com.br\/noticias\/#\/schema\/logo\/image\/","url":"https:\/\/static.radiolifefm.com.br\/noticias\/wp-content\/uploads\/2019\/10\/logo-lifefm.png","contentUrl":"https:\/\/static.radiolifefm.com.br\/noticias\/wp-content\/uploads\/2019\/10\/logo-lifefm.png","width":196,"height":47,"caption":"R\u00e1dio Life FM"},"image":{"@id":"https:\/\/radiolifefm.com.br\/noticias\/#\/schema\/logo\/image\/"},"sameAs":["https:\/\/www.facebook.com\/radiolifefm\/","https:\/\/www.instagram.com\/life1079fm\/"]},{"@type":"Person","@id":"https:\/\/radiolifefm.com.br\/noticias\/#\/schema\/person\/1d4e4b1301322090c6221bf1c8420490","name":"lifefm","image":{"@type":"ImageObject","inLanguage":"pt-BR","@id":"https:\/\/secure.gravatar.com\/avatar\/eca268467d925ec97d20641bb054fd944c0abb2f92854171620706bbe6474e7c?s=96&d=mm&r=g","url":"https:\/\/secure.gravatar.com\/avatar\/eca268467d925ec97d20641bb054fd944c0abb2f92854171620706bbe6474e7c?s=96&d=mm&r=g","contentUrl":"https:\/\/secure.gravatar.com\/avatar\/eca268467d925ec97d20641bb054fd944c0abb2f92854171620706bbe6474e7c?s=96&d=mm&r=g","caption":"lifefm"}}]}},"amp_enabled":true,"_links":{"self":[{"href":"https:\/\/radiolifefm.com.br\/noticias\/wp-json\/wp\/v2\/posts\/19001","targetHints":{"allow":["GET"]}}],"collection":[{"href":"https:\/\/radiolifefm.com.br\/noticias\/wp-json\/wp\/v2\/posts"}],"about":[{"href":"https:\/\/radiolifefm.com.br\/noticias\/wp-json\/wp\/v2\/types\/post"}],"author":[{"embeddable":true,"href":"https:\/\/radiolifefm.com.br\/noticias\/wp-json\/wp\/v2\/users\/3"}],"replies":[{"embeddable":true,"href":"https:\/\/radiolifefm.com.br\/noticias\/wp-json\/wp\/v2\/comments?post=19001"}],"version-history":[{"count":1,"href":"https:\/\/radiolifefm.com.br\/noticias\/wp-json\/wp\/v2\/posts\/19001\/revisions"}],"predecessor-version":[{"id":19007,"href":"https:\/\/radiolifefm.com.br\/noticias\/wp-json\/wp\/v2\/posts\/19001\/revisions\/19007"}],"wp:featuredmedia":[{"embeddable":true,"href":"https:\/\/radiolifefm.com.br\/noticias\/wp-json\/wp\/v2\/media\/19002"}],"wp:attachment":[{"href":"https:\/\/radiolifefm.com.br\/noticias\/wp-json\/wp\/v2\/media?parent=19001"}],"wp:term":[{"taxonomy":"category","embeddable":true,"href":"https:\/\/radiolifefm.com.br\/noticias\/wp-json\/wp\/v2\/categories?post=19001"},{"taxonomy":"post_tag","embeddable":true,"href":"https:\/\/radiolifefm.com.br\/noticias\/wp-json\/wp\/v2\/tags?post=19001"}],"curies":[{"name":"wp","href":"https:\/\/api.w.org\/{rel}","templated":true}]}}