{"id":18845,"date":"2019-12-12T11:31:53","date_gmt":"2019-12-12T14:31:53","guid":{"rendered":"https:\/\/radiolifefm.com.br\/noticias\/?p=18845"},"modified":"2026-04-17T16:12:21","modified_gmt":"2026-04-17T19:12:21","slug":"acidente-de-transito-sem-vitima-com-interdicao-parcial-de-via-pela-sp-294-em-inubia-paulista","status":"publish","type":"post","link":"https:\/\/radiolifefm.com.br\/noticias\/acidente-de-transito-sem-vitima-com-interdicao-parcial-de-via-pela-sp-294-em-inubia-paulista\/","title":{"rendered":"Acidente de tr\u00e2nsito sem v\u00edtima, com interdi\u00e7\u00e3o parcial de via pela SP-294 em In\u00fabia Paulista"},"content":{"rendered":"<div id=\"fb-root\"><\/div>\n<p><em>Ocorr\u00eancia est\u00e1 sendo atendida pela SP-294, Rodovia Comandante Jo\u00e3o Ribeiro de Barros, altura do munic\u00edpio de In\u00fabia Paulista<\/em><\/p>\n<p>Est\u00e1 em atendimento nesse momento, na \u00e1rea da 2\u00aa Companhia de Policia Militar Rodovi\u00e1ria, um acidente de transito sem v\u00edtima, envolvendo ve\u00edculo de transporte de carga excedente.<\/p>\n<p>Conforme constatado no local, o ve\u00edculo \u00fanico transitava no sentido (Oeste), Osvaldo Cruz\/SP a Luc\u00e9lia\/SP, quando no local citado, ao passar sob um viaduto, a carga transportada enroscou no viaduto, impossibilitando o ve\u00edculo de sair do local e interditando a faixa Oeste da SP-294.<\/p>\n<p>O tr\u00e2nsito sentido Oeste est\u00e1 totalmente interditado, o local foi sinalizado pelo Policiamentos Rodovi\u00e1rio, com apoio da UBA\/DER e o transito est\u00e1 sendo controlado atrav\u00e9s do sistema \u201cpare e siga\u201d.<\/p>\n<p>A ocorr\u00eancia est\u00e1 em andamento e os dados sujeitos a altera\u00e7\u00e3o e atualiza\u00e7\u00e3o.<\/p>\n<div class='flex flex-wrap items-center -mx-1'>\r\n<a class='thumbnail gallery p-1 w-1\/2 md:w-1\/4' href='https:\/\/radiolifefm.com.br\/noticias\/wp-content\/uploads\/2019\/12\/Carreta-In\u00fabia-3.jpg'><img class='border border-white' src='https:\/\/radiolifefm.com.br\/noticias\/wp-content\/uploads\/2019\/12\/Carreta-In\u00fabia-3-200x200.jpg' alt='Carreta   In\u00fabia   3' \/><\/a><a class='thumbnail gallery p-1 w-1\/2 md:w-1\/4' href='https:\/\/radiolifefm.com.br\/noticias\/wp-content\/uploads\/2019\/12\/Carreta-In\u00fabia-2.jpg'><img class='border border-white' src='https:\/\/radiolifefm.com.br\/noticias\/wp-content\/uploads\/2019\/12\/Carreta-In\u00fabia-2-200x200.jpg' alt='Carreta   In\u00fabia   2' \/><\/a><a class='thumbnail gallery p-1 w-1\/2 md:w-1\/4' href='https:\/\/radiolifefm.com.br\/noticias\/wp-content\/uploads\/2019\/12\/Carreta-In\u00fabia-1.jpg'><img class='border border-white' src='https:\/\/radiolifefm.com.br\/noticias\/wp-content\/uploads\/2019\/12\/Carreta-In\u00fabia-1-200x200.jpg' alt='Carreta   In\u00fabia   1' \/><\/a><\/div>\n<p>Informa\u00e7\u00f5es \u2013 Pol\u00edcia Rodovi\u00e1ria<\/p>\n","protected":false},"excerpt":{"rendered":"<p>Ocorr\u00eancia est\u00e1 sendo atendida pela SP-294, Rodovia Comandante Jo\u00e3o Ribeiro de Barros, altura do munic\u00edpio de In\u00fabia Paulista Est\u00e1 em atendimento nesse momento, na \u00e1rea da 2\u00aa Companhia de Policia Militar Rodovi\u00e1ria, um acidente de transito sem v\u00edtima, envolvendo ve\u00edculo de transporte de carga excedente. Conforme constatado no local, o ve\u00edculo \u00fanico transitava no sentido [&hellip;]<\/p>\n","protected":false},"author":3,"featured_media":18846,"comment_status":"closed","ping_status":"open","sticky":false,"template":"","format":"standard","meta":{"_acf_changed":false,"_exactmetrics_skip_tracking":false,"_exactmetrics_sitenote_active":false,"_exactmetrics_sitenote_note":"","_exactmetrics_sitenote_category":0,"footnotes":""},"categories":[24],"tags":[],"class_list":["post-18845","post","type-post","status-publish","format-standard","has-post-thumbnail","hentry","category-regiao"],"acf":[],"yoast_head":"<!-- This site is optimized with the Yoast SEO plugin v27.2 - https:\/\/yoast.com\/product\/yoast-seo-wordpress\/ -->\n<title>Acidente de tr\u00e2nsito sem v\u00edtima, com interdi\u00e7\u00e3o parcial de via pela SP-294 em In\u00fabia Paulista - R\u00e1dio Life FM<\/title>\n<meta name=\"robots\" content=\"index, follow, max-snippet:-1, max-image-preview:large, max-video-preview:-1\" \/>\n<link rel=\"canonical\" href=\"https:\/\/radiolifefm.com.br\/noticias\/acidente-de-transito-sem-vitima-com-interdicao-parcial-de-via-pela-sp-294-em-inubia-paulista\/\" \/>\n<meta property=\"og:locale\" content=\"pt_BR\" \/>\n<meta property=\"og:type\" content=\"article\" \/>\n<meta property=\"og:title\" content=\"Acidente de tr\u00e2nsito sem v\u00edtima, com interdi\u00e7\u00e3o parcial de via pela SP-294 em In\u00fabia Paulista - R\u00e1dio Life FM\" \/>\n<meta property=\"og:description\" content=\"Ocorr\u00eancia est\u00e1 sendo atendida pela SP-294, Rodovia Comandante Jo\u00e3o Ribeiro de Barros, altura do munic\u00edpio de In\u00fabia Paulista Est\u00e1 em atendimento nesse momento, na \u00e1rea da 2\u00aa Companhia de Policia Militar Rodovi\u00e1ria, um acidente de transito sem v\u00edtima, envolvendo ve\u00edculo de transporte de carga excedente. Conforme constatado no local, o ve\u00edculo \u00fanico transitava no sentido [&hellip;]\" \/>\n<meta property=\"og:url\" content=\"https:\/\/radiolifefm.com.br\/noticias\/acidente-de-transito-sem-vitima-com-interdicao-parcial-de-via-pela-sp-294-em-inubia-paulista\/\" \/>\n<meta property=\"og:site_name\" content=\"R\u00e1dio Life FM\" \/>\n<meta property=\"article:publisher\" content=\"https:\/\/www.facebook.com\/radiolifefm\/\" \/>\n<meta property=\"article:published_time\" content=\"2019-12-12T14:31:53+00:00\" \/>\n<meta property=\"article:modified_time\" content=\"2026-04-17T19:12:21+00:00\" \/>\n<meta property=\"og:image\" content=\"https:\/\/radiolifefm.com.br\/noticias\/wp-content\/uploads\/2019\/12\/Carreta-In\u00fabia.jpg\" \/>\n\t<meta property=\"og:image:width\" content=\"1280\" \/>\n\t<meta property=\"og:image:height\" content=\"720\" \/>\n\t<meta property=\"og:image:type\" content=\"image\/jpeg\" \/>\n<meta name=\"author\" content=\"lifefm\" \/>\n<meta name=\"twitter:card\" content=\"summary_large_image\" \/>\n<meta name=\"twitter:label1\" content=\"Escrito por\" \/>\n\t<meta name=\"twitter:data1\" content=\"lifefm\" \/>\n\t<meta name=\"twitter:label2\" content=\"Est. tempo de leitura\" \/>\n\t<meta name=\"twitter:data2\" content=\"1 minuto\" \/>\n<script type=\"application\/ld+json\" class=\"yoast-schema-graph\">{\"@context\":\"https:\/\/schema.org\",\"@graph\":[{\"@type\":\"Article\",\"@id\":\"https:\/\/radiolifefm.com.br\/noticias\/acidente-de-transito-sem-vitima-com-interdicao-parcial-de-via-pela-sp-294-em-inubia-paulista\/#article\",\"isPartOf\":{\"@id\":\"https:\/\/radiolifefm.com.br\/noticias\/acidente-de-transito-sem-vitima-com-interdicao-parcial-de-via-pela-sp-294-em-inubia-paulista\/\"},\"author\":{\"name\":\"lifefm\",\"@id\":\"https:\/\/radiolifefm.com.br\/noticias\/#\/schema\/person\/1d4e4b1301322090c6221bf1c8420490\"},\"headline\":\"Acidente de tr\u00e2nsito sem v\u00edtima, com interdi\u00e7\u00e3o parcial de via pela SP-294 em In\u00fabia Paulista\",\"datePublished\":\"2019-12-12T14:31:53+00:00\",\"dateModified\":\"2026-04-17T19:12:21+00:00\",\"mainEntityOfPage\":{\"@id\":\"https:\/\/radiolifefm.com.br\/noticias\/acidente-de-transito-sem-vitima-com-interdicao-parcial-de-via-pela-sp-294-em-inubia-paulista\/\"},\"wordCount\":177,\"publisher\":{\"@id\":\"https:\/\/radiolifefm.com.br\/noticias\/#organization\"},\"image\":{\"@id\":\"https:\/\/radiolifefm.com.br\/noticias\/acidente-de-transito-sem-vitima-com-interdicao-parcial-de-via-pela-sp-294-em-inubia-paulista\/#primaryimage\"},\"thumbnailUrl\":\"https:\/\/radiolifefm.com.br\/noticias\/wp-content\/uploads\/2019\/12\/Carreta-In\u00fabia.jpg\",\"articleSection\":[\"Regi\u00e3o\"],\"inLanguage\":\"pt-BR\"},{\"@type\":\"WebPage\",\"@id\":\"https:\/\/radiolifefm.com.br\/noticias\/acidente-de-transito-sem-vitima-com-interdicao-parcial-de-via-pela-sp-294-em-inubia-paulista\/\",\"url\":\"https:\/\/radiolifefm.com.br\/noticias\/acidente-de-transito-sem-vitima-com-interdicao-parcial-de-via-pela-sp-294-em-inubia-paulista\/\",\"name\":\"Acidente de tr\u00e2nsito sem v\u00edtima, com interdi\u00e7\u00e3o parcial de via pela SP-294 em In\u00fabia Paulista - R\u00e1dio Life FM\",\"isPartOf\":{\"@id\":\"https:\/\/radiolifefm.com.br\/noticias\/#website\"},\"primaryImageOfPage\":{\"@id\":\"https:\/\/radiolifefm.com.br\/noticias\/acidente-de-transito-sem-vitima-com-interdicao-parcial-de-via-pela-sp-294-em-inubia-paulista\/#primaryimage\"},\"image\":{\"@id\":\"https:\/\/radiolifefm.com.br\/noticias\/acidente-de-transito-sem-vitima-com-interdicao-parcial-de-via-pela-sp-294-em-inubia-paulista\/#primaryimage\"},\"thumbnailUrl\":\"https:\/\/radiolifefm.com.br\/noticias\/wp-content\/uploads\/2019\/12\/Carreta-In\u00fabia.jpg\",\"datePublished\":\"2019-12-12T14:31:53+00:00\",\"dateModified\":\"2026-04-17T19:12:21+00:00\",\"breadcrumb\":{\"@id\":\"https:\/\/radiolifefm.com.br\/noticias\/acidente-de-transito-sem-vitima-com-interdicao-parcial-de-via-pela-sp-294-em-inubia-paulista\/#breadcrumb\"},\"inLanguage\":\"pt-BR\",\"potentialAction\":[{\"@type\":\"ReadAction\",\"target\":[\"https:\/\/radiolifefm.com.br\/noticias\/acidente-de-transito-sem-vitima-com-interdicao-parcial-de-via-pela-sp-294-em-inubia-paulista\/\"]}]},{\"@type\":\"ImageObject\",\"inLanguage\":\"pt-BR\",\"@id\":\"https:\/\/radiolifefm.com.br\/noticias\/acidente-de-transito-sem-vitima-com-interdicao-parcial-de-via-pela-sp-294-em-inubia-paulista\/#primaryimage\",\"url\":\"https:\/\/radiolifefm.com.br\/noticias\/wp-content\/uploads\/2019\/12\/Carreta-In\u00fabia.jpg\",\"contentUrl\":\"https:\/\/radiolifefm.com.br\/noticias\/wp-content\/uploads\/2019\/12\/Carreta-In\u00fabia.jpg\",\"width\":1280,\"height\":720},{\"@type\":\"BreadcrumbList\",\"@id\":\"https:\/\/radiolifefm.com.br\/noticias\/acidente-de-transito-sem-vitima-com-interdicao-parcial-de-via-pela-sp-294-em-inubia-paulista\/#breadcrumb\",\"itemListElement\":[{\"@type\":\"ListItem\",\"position\":1,\"name\":\"In\u00edcio\",\"item\":\"https:\/\/radiolifefm.com.br\/noticias\/\"},{\"@type\":\"ListItem\",\"position\":2,\"name\":\"Acidente de tr\u00e2nsito sem v\u00edtima, com interdi\u00e7\u00e3o parcial de via pela SP-294 em In\u00fabia Paulista\"}]},{\"@type\":\"WebSite\",\"@id\":\"https:\/\/radiolifefm.com.br\/noticias\/#website\",\"url\":\"https:\/\/radiolifefm.com.br\/noticias\/\",\"name\":\"R\u00e1dio Life FM\",\"description\":\"O Portal de Not\u00edcias de Adamantina\",\"publisher\":{\"@id\":\"https:\/\/radiolifefm.com.br\/noticias\/#organization\"},\"alternateName\":\"Life FM\",\"potentialAction\":[{\"@type\":\"SearchAction\",\"target\":{\"@type\":\"EntryPoint\",\"urlTemplate\":\"https:\/\/radiolifefm.com.br\/noticias\/?s={search_term_string}\"},\"query-input\":{\"@type\":\"PropertyValueSpecification\",\"valueRequired\":true,\"valueName\":\"search_term_string\"}}],\"inLanguage\":\"pt-BR\"},{\"@type\":\"Organization\",\"@id\":\"https:\/\/radiolifefm.com.br\/noticias\/#organization\",\"name\":\"R\u00e1dio Life FM\",\"alternateName\":\"Life FM\",\"url\":\"https:\/\/radiolifefm.com.br\/noticias\/\",\"logo\":{\"@type\":\"ImageObject\",\"inLanguage\":\"pt-BR\",\"@id\":\"https:\/\/radiolifefm.com.br\/noticias\/#\/schema\/logo\/image\/\",\"url\":\"https:\/\/static.radiolifefm.com.br\/noticias\/wp-content\/uploads\/2019\/10\/logo-lifefm.png\",\"contentUrl\":\"https:\/\/static.radiolifefm.com.br\/noticias\/wp-content\/uploads\/2019\/10\/logo-lifefm.png\",\"width\":196,\"height\":47,\"caption\":\"R\u00e1dio Life FM\"},\"image\":{\"@id\":\"https:\/\/radiolifefm.com.br\/noticias\/#\/schema\/logo\/image\/\"},\"sameAs\":[\"https:\/\/www.facebook.com\/radiolifefm\/\",\"https:\/\/www.instagram.com\/life1079fm\/\"]},{\"@type\":\"Person\",\"@id\":\"https:\/\/radiolifefm.com.br\/noticias\/#\/schema\/person\/1d4e4b1301322090c6221bf1c8420490\",\"name\":\"lifefm\",\"image\":{\"@type\":\"ImageObject\",\"inLanguage\":\"pt-BR\",\"@id\":\"https:\/\/secure.gravatar.com\/avatar\/eca268467d925ec97d20641bb054fd944c0abb2f92854171620706bbe6474e7c?s=96&d=mm&r=g\",\"url\":\"https:\/\/secure.gravatar.com\/avatar\/eca268467d925ec97d20641bb054fd944c0abb2f92854171620706bbe6474e7c?s=96&d=mm&r=g\",\"contentUrl\":\"https:\/\/secure.gravatar.com\/avatar\/eca268467d925ec97d20641bb054fd944c0abb2f92854171620706bbe6474e7c?s=96&d=mm&r=g\",\"caption\":\"lifefm\"}}]}<\/script>\n<!-- \/ Yoast SEO plugin. -->","yoast_head_json":{"title":"Acidente de tr\u00e2nsito sem v\u00edtima, com interdi\u00e7\u00e3o parcial de via pela SP-294 em In\u00fabia Paulista - R\u00e1dio Life FM","robots":{"index":"index","follow":"follow","max-snippet":"max-snippet:-1","max-image-preview":"max-image-preview:large","max-video-preview":"max-video-preview:-1"},"canonical":"https:\/\/radiolifefm.com.br\/noticias\/acidente-de-transito-sem-vitima-com-interdicao-parcial-de-via-pela-sp-294-em-inubia-paulista\/","og_locale":"pt_BR","og_type":"article","og_title":"Acidente de tr\u00e2nsito sem v\u00edtima, com interdi\u00e7\u00e3o parcial de via pela SP-294 em In\u00fabia Paulista - R\u00e1dio Life FM","og_description":"Ocorr\u00eancia est\u00e1 sendo atendida pela SP-294, Rodovia Comandante Jo\u00e3o Ribeiro de Barros, altura do munic\u00edpio de In\u00fabia Paulista Est\u00e1 em atendimento nesse momento, na \u00e1rea da 2\u00aa Companhia de Policia Militar Rodovi\u00e1ria, um acidente de transito sem v\u00edtima, envolvendo ve\u00edculo de transporte de carga excedente. Conforme constatado no local, o ve\u00edculo \u00fanico transitava no sentido [&hellip;]","og_url":"https:\/\/radiolifefm.com.br\/noticias\/acidente-de-transito-sem-vitima-com-interdicao-parcial-de-via-pela-sp-294-em-inubia-paulista\/","og_site_name":"R\u00e1dio Life FM","article_publisher":"https:\/\/www.facebook.com\/radiolifefm\/","article_published_time":"2019-12-12T14:31:53+00:00","article_modified_time":"2026-04-17T19:12:21+00:00","og_image":[{"width":1280,"height":720,"url":"https:\/\/radiolifefm.com.br\/noticias\/wp-content\/uploads\/2019\/12\/Carreta-In\u00fabia.jpg","type":"image\/jpeg"}],"author":"lifefm","twitter_card":"summary_large_image","twitter_misc":{"Escrito por":"lifefm","Est. tempo de leitura":"1 minuto"},"schema":{"@context":"https:\/\/schema.org","@graph":[{"@type":"Article","@id":"https:\/\/radiolifefm.com.br\/noticias\/acidente-de-transito-sem-vitima-com-interdicao-parcial-de-via-pela-sp-294-em-inubia-paulista\/#article","isPartOf":{"@id":"https:\/\/radiolifefm.com.br\/noticias\/acidente-de-transito-sem-vitima-com-interdicao-parcial-de-via-pela-sp-294-em-inubia-paulista\/"},"author":{"name":"lifefm","@id":"https:\/\/radiolifefm.com.br\/noticias\/#\/schema\/person\/1d4e4b1301322090c6221bf1c8420490"},"headline":"Acidente de tr\u00e2nsito sem v\u00edtima, com interdi\u00e7\u00e3o parcial de via pela SP-294 em In\u00fabia Paulista","datePublished":"2019-12-12T14:31:53+00:00","dateModified":"2026-04-17T19:12:21+00:00","mainEntityOfPage":{"@id":"https:\/\/radiolifefm.com.br\/noticias\/acidente-de-transito-sem-vitima-com-interdicao-parcial-de-via-pela-sp-294-em-inubia-paulista\/"},"wordCount":177,"publisher":{"@id":"https:\/\/radiolifefm.com.br\/noticias\/#organization"},"image":{"@id":"https:\/\/radiolifefm.com.br\/noticias\/acidente-de-transito-sem-vitima-com-interdicao-parcial-de-via-pela-sp-294-em-inubia-paulista\/#primaryimage"},"thumbnailUrl":"https:\/\/radiolifefm.com.br\/noticias\/wp-content\/uploads\/2019\/12\/Carreta-In\u00fabia.jpg","articleSection":["Regi\u00e3o"],"inLanguage":"pt-BR"},{"@type":"WebPage","@id":"https:\/\/radiolifefm.com.br\/noticias\/acidente-de-transito-sem-vitima-com-interdicao-parcial-de-via-pela-sp-294-em-inubia-paulista\/","url":"https:\/\/radiolifefm.com.br\/noticias\/acidente-de-transito-sem-vitima-com-interdicao-parcial-de-via-pela-sp-294-em-inubia-paulista\/","name":"Acidente de tr\u00e2nsito sem v\u00edtima, com interdi\u00e7\u00e3o parcial de via pela SP-294 em In\u00fabia Paulista - R\u00e1dio Life FM","isPartOf":{"@id":"https:\/\/radiolifefm.com.br\/noticias\/#website"},"primaryImageOfPage":{"@id":"https:\/\/radiolifefm.com.br\/noticias\/acidente-de-transito-sem-vitima-com-interdicao-parcial-de-via-pela-sp-294-em-inubia-paulista\/#primaryimage"},"image":{"@id":"https:\/\/radiolifefm.com.br\/noticias\/acidente-de-transito-sem-vitima-com-interdicao-parcial-de-via-pela-sp-294-em-inubia-paulista\/#primaryimage"},"thumbnailUrl":"https:\/\/radiolifefm.com.br\/noticias\/wp-content\/uploads\/2019\/12\/Carreta-In\u00fabia.jpg","datePublished":"2019-12-12T14:31:53+00:00","dateModified":"2026-04-17T19:12:21+00:00","breadcrumb":{"@id":"https:\/\/radiolifefm.com.br\/noticias\/acidente-de-transito-sem-vitima-com-interdicao-parcial-de-via-pela-sp-294-em-inubia-paulista\/#breadcrumb"},"inLanguage":"pt-BR","potentialAction":[{"@type":"ReadAction","target":["https:\/\/radiolifefm.com.br\/noticias\/acidente-de-transito-sem-vitima-com-interdicao-parcial-de-via-pela-sp-294-em-inubia-paulista\/"]}]},{"@type":"ImageObject","inLanguage":"pt-BR","@id":"https:\/\/radiolifefm.com.br\/noticias\/acidente-de-transito-sem-vitima-com-interdicao-parcial-de-via-pela-sp-294-em-inubia-paulista\/#primaryimage","url":"https:\/\/radiolifefm.com.br\/noticias\/wp-content\/uploads\/2019\/12\/Carreta-In\u00fabia.jpg","contentUrl":"https:\/\/radiolifefm.com.br\/noticias\/wp-content\/uploads\/2019\/12\/Carreta-In\u00fabia.jpg","width":1280,"height":720},{"@type":"BreadcrumbList","@id":"https:\/\/radiolifefm.com.br\/noticias\/acidente-de-transito-sem-vitima-com-interdicao-parcial-de-via-pela-sp-294-em-inubia-paulista\/#breadcrumb","itemListElement":[{"@type":"ListItem","position":1,"name":"In\u00edcio","item":"https:\/\/radiolifefm.com.br\/noticias\/"},{"@type":"ListItem","position":2,"name":"Acidente de tr\u00e2nsito sem v\u00edtima, com interdi\u00e7\u00e3o parcial de via pela SP-294 em In\u00fabia Paulista"}]},{"@type":"WebSite","@id":"https:\/\/radiolifefm.com.br\/noticias\/#website","url":"https:\/\/radiolifefm.com.br\/noticias\/","name":"R\u00e1dio Life FM","description":"O Portal de Not\u00edcias de Adamantina","publisher":{"@id":"https:\/\/radiolifefm.com.br\/noticias\/#organization"},"alternateName":"Life FM","potentialAction":[{"@type":"SearchAction","target":{"@type":"EntryPoint","urlTemplate":"https:\/\/radiolifefm.com.br\/noticias\/?s={search_term_string}"},"query-input":{"@type":"PropertyValueSpecification","valueRequired":true,"valueName":"search_term_string"}}],"inLanguage":"pt-BR"},{"@type":"Organization","@id":"https:\/\/radiolifefm.com.br\/noticias\/#organization","name":"R\u00e1dio Life FM","alternateName":"Life FM","url":"https:\/\/radiolifefm.com.br\/noticias\/","logo":{"@type":"ImageObject","inLanguage":"pt-BR","@id":"https:\/\/radiolifefm.com.br\/noticias\/#\/schema\/logo\/image\/","url":"https:\/\/static.radiolifefm.com.br\/noticias\/wp-content\/uploads\/2019\/10\/logo-lifefm.png","contentUrl":"https:\/\/static.radiolifefm.com.br\/noticias\/wp-content\/uploads\/2019\/10\/logo-lifefm.png","width":196,"height":47,"caption":"R\u00e1dio Life FM"},"image":{"@id":"https:\/\/radiolifefm.com.br\/noticias\/#\/schema\/logo\/image\/"},"sameAs":["https:\/\/www.facebook.com\/radiolifefm\/","https:\/\/www.instagram.com\/life1079fm\/"]},{"@type":"Person","@id":"https:\/\/radiolifefm.com.br\/noticias\/#\/schema\/person\/1d4e4b1301322090c6221bf1c8420490","name":"lifefm","image":{"@type":"ImageObject","inLanguage":"pt-BR","@id":"https:\/\/secure.gravatar.com\/avatar\/eca268467d925ec97d20641bb054fd944c0abb2f92854171620706bbe6474e7c?s=96&d=mm&r=g","url":"https:\/\/secure.gravatar.com\/avatar\/eca268467d925ec97d20641bb054fd944c0abb2f92854171620706bbe6474e7c?s=96&d=mm&r=g","contentUrl":"https:\/\/secure.gravatar.com\/avatar\/eca268467d925ec97d20641bb054fd944c0abb2f92854171620706bbe6474e7c?s=96&d=mm&r=g","caption":"lifefm"}}]}},"amp_enabled":true,"_links":{"self":[{"href":"https:\/\/radiolifefm.com.br\/noticias\/wp-json\/wp\/v2\/posts\/18845","targetHints":{"allow":["GET"]}}],"collection":[{"href":"https:\/\/radiolifefm.com.br\/noticias\/wp-json\/wp\/v2\/posts"}],"about":[{"href":"https:\/\/radiolifefm.com.br\/noticias\/wp-json\/wp\/v2\/types\/post"}],"author":[{"embeddable":true,"href":"https:\/\/radiolifefm.com.br\/noticias\/wp-json\/wp\/v2\/users\/3"}],"replies":[{"embeddable":true,"href":"https:\/\/radiolifefm.com.br\/noticias\/wp-json\/wp\/v2\/comments?post=18845"}],"version-history":[{"count":1,"href":"https:\/\/radiolifefm.com.br\/noticias\/wp-json\/wp\/v2\/posts\/18845\/revisions"}],"predecessor-version":[{"id":18850,"href":"https:\/\/radiolifefm.com.br\/noticias\/wp-json\/wp\/v2\/posts\/18845\/revisions\/18850"}],"wp:featuredmedia":[{"embeddable":true,"href":"https:\/\/radiolifefm.com.br\/noticias\/wp-json\/wp\/v2\/media\/18846"}],"wp:attachment":[{"href":"https:\/\/radiolifefm.com.br\/noticias\/wp-json\/wp\/v2\/media?parent=18845"}],"wp:term":[{"taxonomy":"category","embeddable":true,"href":"https:\/\/radiolifefm.com.br\/noticias\/wp-json\/wp\/v2\/categories?post=18845"},{"taxonomy":"post_tag","embeddable":true,"href":"https:\/\/radiolifefm.com.br\/noticias\/wp-json\/wp\/v2\/tags?post=18845"}],"curies":[{"name":"wp","href":"https:\/\/api.w.org\/{rel}","templated":true}]}}