{"id":18842,"date":"2019-12-12T11:01:31","date_gmt":"2019-12-12T14:01:31","guid":{"rendered":"https:\/\/radiolifefm.com.br\/noticias\/?p=18842"},"modified":"2026-04-05T15:46:36","modified_gmt":"2026-04-05T18:46:36","slug":"motorista-bebado-intercepta-trajetoria-de-van-de-inubia-paulista-que-transportava-pacientes-pela-sp-294","status":"publish","type":"post","link":"https:\/\/radiolifefm.com.br\/noticias\/motorista-bebado-intercepta-trajetoria-de-van-de-inubia-paulista-que-transportava-pacientes-pela-sp-294\/","title":{"rendered":"Motorista b\u00eabado intercepta trajet\u00f3ria de Van de In\u00fabia Paulista que transportava pacientes pela SP-294"},"content":{"rendered":"<div id=\"fb-root\"><\/div>\n<p><em>Van de In\u00fabia seguia sentido Tup\u00e3 para Parapu\u00e3<\/em><\/p>\n<p>Uma Van de transporte de pacientes de In\u00fabia Paulista, foi colhida por um Gol conduzido por um motorista b\u00eabado, na Rodovia Comandante Ribeiro de Barros (SP-294), por volta de 2 horas da manh\u00e3 desta quinta-feira (12).<\/p>\n<p>A Van de In\u00fabia Paulista, seguia sentido Tup\u00e3 para In\u00fabia, quando o ve\u00edculo gol saiu de uma estrada de terra e cruzou a pista, interceptando assim a trajet\u00f3ria da van.<\/p>\n<p>Uma passageira da van foi socorrida com ferimentos leves, o condutor do Gol foi conduzido pela Pol\u00edcia Militar Rodovi\u00e1ria para a Central de Pol\u00edcia Judici\u00e1ria para verificar a possibilidade de embriaguez ao volante.<\/p>\n<p>&nbsp;<\/p>\n<p>O Tup\u00e3ense<\/p>\n","protected":false},"excerpt":{"rendered":"<p>Van de In\u00fabia seguia sentido Tup\u00e3 para Parapu\u00e3 Uma Van de transporte de pacientes de In\u00fabia Paulista, foi colhida por um Gol conduzido por um motorista b\u00eabado, na Rodovia Comandante Ribeiro de Barros (SP-294), por volta de 2 horas da manh\u00e3 desta quinta-feira (12). A Van de In\u00fabia Paulista, seguia sentido Tup\u00e3 para In\u00fabia, quando [&hellip;]<\/p>\n","protected":false},"author":3,"featured_media":18843,"comment_status":"closed","ping_status":"open","sticky":false,"template":"","format":"standard","meta":{"_acf_changed":false,"_exactmetrics_skip_tracking":false,"_exactmetrics_sitenote_active":false,"_exactmetrics_sitenote_note":"","_exactmetrics_sitenote_category":0,"footnotes":""},"categories":[66],"tags":[],"class_list":["post-18842","post","type-post","status-publish","format-standard","has-post-thumbnail","hentry","category-policia"],"acf":[],"yoast_head":"<!-- This site is optimized with the Yoast SEO plugin v27.2 - https:\/\/yoast.com\/product\/yoast-seo-wordpress\/ -->\n<title>Motorista b\u00eabado intercepta trajet\u00f3ria de Van de In\u00fabia Paulista que transportava pacientes pela SP-294 - R\u00e1dio Life FM<\/title>\n<meta name=\"robots\" content=\"index, follow, max-snippet:-1, max-image-preview:large, max-video-preview:-1\" \/>\n<link rel=\"canonical\" href=\"https:\/\/radiolifefm.com.br\/noticias\/motorista-bebado-intercepta-trajetoria-de-van-de-inubia-paulista-que-transportava-pacientes-pela-sp-294\/\" \/>\n<meta property=\"og:locale\" content=\"pt_BR\" \/>\n<meta property=\"og:type\" content=\"article\" \/>\n<meta property=\"og:title\" content=\"Motorista b\u00eabado intercepta trajet\u00f3ria de Van de In\u00fabia Paulista que transportava pacientes pela SP-294 - R\u00e1dio Life FM\" \/>\n<meta property=\"og:description\" content=\"Van de In\u00fabia seguia sentido Tup\u00e3 para Parapu\u00e3 Uma Van de transporte de pacientes de In\u00fabia Paulista, foi colhida por um Gol conduzido por um motorista b\u00eabado, na Rodovia Comandante Ribeiro de Barros (SP-294), por volta de 2 horas da manh\u00e3 desta quinta-feira (12). A Van de In\u00fabia Paulista, seguia sentido Tup\u00e3 para In\u00fabia, quando [&hellip;]\" \/>\n<meta property=\"og:url\" content=\"https:\/\/radiolifefm.com.br\/noticias\/motorista-bebado-intercepta-trajetoria-de-van-de-inubia-paulista-que-transportava-pacientes-pela-sp-294\/\" \/>\n<meta property=\"og:site_name\" content=\"R\u00e1dio Life FM\" \/>\n<meta property=\"article:publisher\" content=\"https:\/\/www.facebook.com\/radiolifefm\/\" \/>\n<meta property=\"article:published_time\" content=\"2019-12-12T14:01:31+00:00\" \/>\n<meta property=\"article:modified_time\" content=\"2026-04-05T18:46:36+00:00\" \/>\n<meta property=\"og:image\" content=\"https:\/\/radiolifefm.com.br\/noticias\/wp-content\/uploads\/2019\/12\/Motorista-b\u00eabado.png\" \/>\n\t<meta property=\"og:image:width\" content=\"420\" \/>\n\t<meta property=\"og:image:height\" content=\"315\" \/>\n\t<meta property=\"og:image:type\" content=\"image\/png\" \/>\n<meta name=\"author\" content=\"lifefm\" \/>\n<meta name=\"twitter:card\" content=\"summary_large_image\" \/>\n<meta name=\"twitter:label1\" content=\"Escrito por\" \/>\n\t<meta name=\"twitter:data1\" content=\"lifefm\" \/>\n\t<meta name=\"twitter:label2\" content=\"Est. tempo de leitura\" \/>\n\t<meta name=\"twitter:data2\" content=\"1 minuto\" \/>\n<script type=\"application\/ld+json\" class=\"yoast-schema-graph\">{\"@context\":\"https:\/\/schema.org\",\"@graph\":[{\"@type\":\"Article\",\"@id\":\"https:\/\/radiolifefm.com.br\/noticias\/motorista-bebado-intercepta-trajetoria-de-van-de-inubia-paulista-que-transportava-pacientes-pela-sp-294\/#article\",\"isPartOf\":{\"@id\":\"https:\/\/radiolifefm.com.br\/noticias\/motorista-bebado-intercepta-trajetoria-de-van-de-inubia-paulista-que-transportava-pacientes-pela-sp-294\/\"},\"author\":{\"name\":\"lifefm\",\"@id\":\"https:\/\/radiolifefm.com.br\/noticias\/#\/schema\/person\/1d4e4b1301322090c6221bf1c8420490\"},\"headline\":\"Motorista b\u00eabado intercepta trajet\u00f3ria de Van de In\u00fabia Paulista que transportava pacientes pela SP-294\",\"datePublished\":\"2019-12-12T14:01:31+00:00\",\"dateModified\":\"2026-04-05T18:46:36+00:00\",\"mainEntityOfPage\":{\"@id\":\"https:\/\/radiolifefm.com.br\/noticias\/motorista-bebado-intercepta-trajetoria-de-van-de-inubia-paulista-que-transportava-pacientes-pela-sp-294\/\"},\"wordCount\":137,\"publisher\":{\"@id\":\"https:\/\/radiolifefm.com.br\/noticias\/#organization\"},\"image\":{\"@id\":\"https:\/\/radiolifefm.com.br\/noticias\/motorista-bebado-intercepta-trajetoria-de-van-de-inubia-paulista-que-transportava-pacientes-pela-sp-294\/#primaryimage\"},\"thumbnailUrl\":\"https:\/\/radiolifefm.com.br\/noticias\/wp-content\/uploads\/2019\/12\/Motorista-b\u00eabado.png\",\"articleSection\":[\"Pol\u00edcia\"],\"inLanguage\":\"pt-BR\"},{\"@type\":\"WebPage\",\"@id\":\"https:\/\/radiolifefm.com.br\/noticias\/motorista-bebado-intercepta-trajetoria-de-van-de-inubia-paulista-que-transportava-pacientes-pela-sp-294\/\",\"url\":\"https:\/\/radiolifefm.com.br\/noticias\/motorista-bebado-intercepta-trajetoria-de-van-de-inubia-paulista-que-transportava-pacientes-pela-sp-294\/\",\"name\":\"Motorista b\u00eabado intercepta trajet\u00f3ria de Van de In\u00fabia Paulista que transportava pacientes pela SP-294 - R\u00e1dio Life FM\",\"isPartOf\":{\"@id\":\"https:\/\/radiolifefm.com.br\/noticias\/#website\"},\"primaryImageOfPage\":{\"@id\":\"https:\/\/radiolifefm.com.br\/noticias\/motorista-bebado-intercepta-trajetoria-de-van-de-inubia-paulista-que-transportava-pacientes-pela-sp-294\/#primaryimage\"},\"image\":{\"@id\":\"https:\/\/radiolifefm.com.br\/noticias\/motorista-bebado-intercepta-trajetoria-de-van-de-inubia-paulista-que-transportava-pacientes-pela-sp-294\/#primaryimage\"},\"thumbnailUrl\":\"https:\/\/radiolifefm.com.br\/noticias\/wp-content\/uploads\/2019\/12\/Motorista-b\u00eabado.png\",\"datePublished\":\"2019-12-12T14:01:31+00:00\",\"dateModified\":\"2026-04-05T18:46:36+00:00\",\"breadcrumb\":{\"@id\":\"https:\/\/radiolifefm.com.br\/noticias\/motorista-bebado-intercepta-trajetoria-de-van-de-inubia-paulista-que-transportava-pacientes-pela-sp-294\/#breadcrumb\"},\"inLanguage\":\"pt-BR\",\"potentialAction\":[{\"@type\":\"ReadAction\",\"target\":[\"https:\/\/radiolifefm.com.br\/noticias\/motorista-bebado-intercepta-trajetoria-de-van-de-inubia-paulista-que-transportava-pacientes-pela-sp-294\/\"]}]},{\"@type\":\"ImageObject\",\"inLanguage\":\"pt-BR\",\"@id\":\"https:\/\/radiolifefm.com.br\/noticias\/motorista-bebado-intercepta-trajetoria-de-van-de-inubia-paulista-que-transportava-pacientes-pela-sp-294\/#primaryimage\",\"url\":\"https:\/\/radiolifefm.com.br\/noticias\/wp-content\/uploads\/2019\/12\/Motorista-b\u00eabado.png\",\"contentUrl\":\"https:\/\/radiolifefm.com.br\/noticias\/wp-content\/uploads\/2019\/12\/Motorista-b\u00eabado.png\",\"width\":420,\"height\":315},{\"@type\":\"BreadcrumbList\",\"@id\":\"https:\/\/radiolifefm.com.br\/noticias\/motorista-bebado-intercepta-trajetoria-de-van-de-inubia-paulista-que-transportava-pacientes-pela-sp-294\/#breadcrumb\",\"itemListElement\":[{\"@type\":\"ListItem\",\"position\":1,\"name\":\"In\u00edcio\",\"item\":\"https:\/\/radiolifefm.com.br\/noticias\/\"},{\"@type\":\"ListItem\",\"position\":2,\"name\":\"Motorista b\u00eabado intercepta trajet\u00f3ria de Van de In\u00fabia Paulista que transportava pacientes pela SP-294\"}]},{\"@type\":\"WebSite\",\"@id\":\"https:\/\/radiolifefm.com.br\/noticias\/#website\",\"url\":\"https:\/\/radiolifefm.com.br\/noticias\/\",\"name\":\"R\u00e1dio Life FM\",\"description\":\"O Portal de Not\u00edcias de Adamantina\",\"publisher\":{\"@id\":\"https:\/\/radiolifefm.com.br\/noticias\/#organization\"},\"alternateName\":\"Life FM\",\"potentialAction\":[{\"@type\":\"SearchAction\",\"target\":{\"@type\":\"EntryPoint\",\"urlTemplate\":\"https:\/\/radiolifefm.com.br\/noticias\/?s={search_term_string}\"},\"query-input\":{\"@type\":\"PropertyValueSpecification\",\"valueRequired\":true,\"valueName\":\"search_term_string\"}}],\"inLanguage\":\"pt-BR\"},{\"@type\":\"Organization\",\"@id\":\"https:\/\/radiolifefm.com.br\/noticias\/#organization\",\"name\":\"R\u00e1dio Life FM\",\"alternateName\":\"Life FM\",\"url\":\"https:\/\/radiolifefm.com.br\/noticias\/\",\"logo\":{\"@type\":\"ImageObject\",\"inLanguage\":\"pt-BR\",\"@id\":\"https:\/\/radiolifefm.com.br\/noticias\/#\/schema\/logo\/image\/\",\"url\":\"https:\/\/static.radiolifefm.com.br\/noticias\/wp-content\/uploads\/2019\/10\/logo-lifefm.png\",\"contentUrl\":\"https:\/\/static.radiolifefm.com.br\/noticias\/wp-content\/uploads\/2019\/10\/logo-lifefm.png\",\"width\":196,\"height\":47,\"caption\":\"R\u00e1dio Life FM\"},\"image\":{\"@id\":\"https:\/\/radiolifefm.com.br\/noticias\/#\/schema\/logo\/image\/\"},\"sameAs\":[\"https:\/\/www.facebook.com\/radiolifefm\/\",\"https:\/\/www.instagram.com\/life1079fm\/\"]},{\"@type\":\"Person\",\"@id\":\"https:\/\/radiolifefm.com.br\/noticias\/#\/schema\/person\/1d4e4b1301322090c6221bf1c8420490\",\"name\":\"lifefm\",\"image\":{\"@type\":\"ImageObject\",\"inLanguage\":\"pt-BR\",\"@id\":\"https:\/\/secure.gravatar.com\/avatar\/eca268467d925ec97d20641bb054fd944c0abb2f92854171620706bbe6474e7c?s=96&d=mm&r=g\",\"url\":\"https:\/\/secure.gravatar.com\/avatar\/eca268467d925ec97d20641bb054fd944c0abb2f92854171620706bbe6474e7c?s=96&d=mm&r=g\",\"contentUrl\":\"https:\/\/secure.gravatar.com\/avatar\/eca268467d925ec97d20641bb054fd944c0abb2f92854171620706bbe6474e7c?s=96&d=mm&r=g\",\"caption\":\"lifefm\"}}]}<\/script>\n<!-- \/ Yoast SEO plugin. -->","yoast_head_json":{"title":"Motorista b\u00eabado intercepta trajet\u00f3ria de Van de In\u00fabia Paulista que transportava pacientes pela SP-294 - R\u00e1dio Life FM","robots":{"index":"index","follow":"follow","max-snippet":"max-snippet:-1","max-image-preview":"max-image-preview:large","max-video-preview":"max-video-preview:-1"},"canonical":"https:\/\/radiolifefm.com.br\/noticias\/motorista-bebado-intercepta-trajetoria-de-van-de-inubia-paulista-que-transportava-pacientes-pela-sp-294\/","og_locale":"pt_BR","og_type":"article","og_title":"Motorista b\u00eabado intercepta trajet\u00f3ria de Van de In\u00fabia Paulista que transportava pacientes pela SP-294 - R\u00e1dio Life FM","og_description":"Van de In\u00fabia seguia sentido Tup\u00e3 para Parapu\u00e3 Uma Van de transporte de pacientes de In\u00fabia Paulista, foi colhida por um Gol conduzido por um motorista b\u00eabado, na Rodovia Comandante Ribeiro de Barros (SP-294), por volta de 2 horas da manh\u00e3 desta quinta-feira (12). A Van de In\u00fabia Paulista, seguia sentido Tup\u00e3 para In\u00fabia, quando [&hellip;]","og_url":"https:\/\/radiolifefm.com.br\/noticias\/motorista-bebado-intercepta-trajetoria-de-van-de-inubia-paulista-que-transportava-pacientes-pela-sp-294\/","og_site_name":"R\u00e1dio Life FM","article_publisher":"https:\/\/www.facebook.com\/radiolifefm\/","article_published_time":"2019-12-12T14:01:31+00:00","article_modified_time":"2026-04-05T18:46:36+00:00","og_image":[{"width":420,"height":315,"url":"https:\/\/radiolifefm.com.br\/noticias\/wp-content\/uploads\/2019\/12\/Motorista-b\u00eabado.png","type":"image\/png"}],"author":"lifefm","twitter_card":"summary_large_image","twitter_misc":{"Escrito por":"lifefm","Est. tempo de leitura":"1 minuto"},"schema":{"@context":"https:\/\/schema.org","@graph":[{"@type":"Article","@id":"https:\/\/radiolifefm.com.br\/noticias\/motorista-bebado-intercepta-trajetoria-de-van-de-inubia-paulista-que-transportava-pacientes-pela-sp-294\/#article","isPartOf":{"@id":"https:\/\/radiolifefm.com.br\/noticias\/motorista-bebado-intercepta-trajetoria-de-van-de-inubia-paulista-que-transportava-pacientes-pela-sp-294\/"},"author":{"name":"lifefm","@id":"https:\/\/radiolifefm.com.br\/noticias\/#\/schema\/person\/1d4e4b1301322090c6221bf1c8420490"},"headline":"Motorista b\u00eabado intercepta trajet\u00f3ria de Van de In\u00fabia Paulista que transportava pacientes pela SP-294","datePublished":"2019-12-12T14:01:31+00:00","dateModified":"2026-04-05T18:46:36+00:00","mainEntityOfPage":{"@id":"https:\/\/radiolifefm.com.br\/noticias\/motorista-bebado-intercepta-trajetoria-de-van-de-inubia-paulista-que-transportava-pacientes-pela-sp-294\/"},"wordCount":137,"publisher":{"@id":"https:\/\/radiolifefm.com.br\/noticias\/#organization"},"image":{"@id":"https:\/\/radiolifefm.com.br\/noticias\/motorista-bebado-intercepta-trajetoria-de-van-de-inubia-paulista-que-transportava-pacientes-pela-sp-294\/#primaryimage"},"thumbnailUrl":"https:\/\/radiolifefm.com.br\/noticias\/wp-content\/uploads\/2019\/12\/Motorista-b\u00eabado.png","articleSection":["Pol\u00edcia"],"inLanguage":"pt-BR"},{"@type":"WebPage","@id":"https:\/\/radiolifefm.com.br\/noticias\/motorista-bebado-intercepta-trajetoria-de-van-de-inubia-paulista-que-transportava-pacientes-pela-sp-294\/","url":"https:\/\/radiolifefm.com.br\/noticias\/motorista-bebado-intercepta-trajetoria-de-van-de-inubia-paulista-que-transportava-pacientes-pela-sp-294\/","name":"Motorista b\u00eabado intercepta trajet\u00f3ria de Van de In\u00fabia Paulista que transportava pacientes pela SP-294 - R\u00e1dio Life FM","isPartOf":{"@id":"https:\/\/radiolifefm.com.br\/noticias\/#website"},"primaryImageOfPage":{"@id":"https:\/\/radiolifefm.com.br\/noticias\/motorista-bebado-intercepta-trajetoria-de-van-de-inubia-paulista-que-transportava-pacientes-pela-sp-294\/#primaryimage"},"image":{"@id":"https:\/\/radiolifefm.com.br\/noticias\/motorista-bebado-intercepta-trajetoria-de-van-de-inubia-paulista-que-transportava-pacientes-pela-sp-294\/#primaryimage"},"thumbnailUrl":"https:\/\/radiolifefm.com.br\/noticias\/wp-content\/uploads\/2019\/12\/Motorista-b\u00eabado.png","datePublished":"2019-12-12T14:01:31+00:00","dateModified":"2026-04-05T18:46:36+00:00","breadcrumb":{"@id":"https:\/\/radiolifefm.com.br\/noticias\/motorista-bebado-intercepta-trajetoria-de-van-de-inubia-paulista-que-transportava-pacientes-pela-sp-294\/#breadcrumb"},"inLanguage":"pt-BR","potentialAction":[{"@type":"ReadAction","target":["https:\/\/radiolifefm.com.br\/noticias\/motorista-bebado-intercepta-trajetoria-de-van-de-inubia-paulista-que-transportava-pacientes-pela-sp-294\/"]}]},{"@type":"ImageObject","inLanguage":"pt-BR","@id":"https:\/\/radiolifefm.com.br\/noticias\/motorista-bebado-intercepta-trajetoria-de-van-de-inubia-paulista-que-transportava-pacientes-pela-sp-294\/#primaryimage","url":"https:\/\/radiolifefm.com.br\/noticias\/wp-content\/uploads\/2019\/12\/Motorista-b\u00eabado.png","contentUrl":"https:\/\/radiolifefm.com.br\/noticias\/wp-content\/uploads\/2019\/12\/Motorista-b\u00eabado.png","width":420,"height":315},{"@type":"BreadcrumbList","@id":"https:\/\/radiolifefm.com.br\/noticias\/motorista-bebado-intercepta-trajetoria-de-van-de-inubia-paulista-que-transportava-pacientes-pela-sp-294\/#breadcrumb","itemListElement":[{"@type":"ListItem","position":1,"name":"In\u00edcio","item":"https:\/\/radiolifefm.com.br\/noticias\/"},{"@type":"ListItem","position":2,"name":"Motorista b\u00eabado intercepta trajet\u00f3ria de Van de In\u00fabia Paulista que transportava pacientes pela SP-294"}]},{"@type":"WebSite","@id":"https:\/\/radiolifefm.com.br\/noticias\/#website","url":"https:\/\/radiolifefm.com.br\/noticias\/","name":"R\u00e1dio Life FM","description":"O Portal de Not\u00edcias de Adamantina","publisher":{"@id":"https:\/\/radiolifefm.com.br\/noticias\/#organization"},"alternateName":"Life FM","potentialAction":[{"@type":"SearchAction","target":{"@type":"EntryPoint","urlTemplate":"https:\/\/radiolifefm.com.br\/noticias\/?s={search_term_string}"},"query-input":{"@type":"PropertyValueSpecification","valueRequired":true,"valueName":"search_term_string"}}],"inLanguage":"pt-BR"},{"@type":"Organization","@id":"https:\/\/radiolifefm.com.br\/noticias\/#organization","name":"R\u00e1dio Life FM","alternateName":"Life FM","url":"https:\/\/radiolifefm.com.br\/noticias\/","logo":{"@type":"ImageObject","inLanguage":"pt-BR","@id":"https:\/\/radiolifefm.com.br\/noticias\/#\/schema\/logo\/image\/","url":"https:\/\/static.radiolifefm.com.br\/noticias\/wp-content\/uploads\/2019\/10\/logo-lifefm.png","contentUrl":"https:\/\/static.radiolifefm.com.br\/noticias\/wp-content\/uploads\/2019\/10\/logo-lifefm.png","width":196,"height":47,"caption":"R\u00e1dio Life FM"},"image":{"@id":"https:\/\/radiolifefm.com.br\/noticias\/#\/schema\/logo\/image\/"},"sameAs":["https:\/\/www.facebook.com\/radiolifefm\/","https:\/\/www.instagram.com\/life1079fm\/"]},{"@type":"Person","@id":"https:\/\/radiolifefm.com.br\/noticias\/#\/schema\/person\/1d4e4b1301322090c6221bf1c8420490","name":"lifefm","image":{"@type":"ImageObject","inLanguage":"pt-BR","@id":"https:\/\/secure.gravatar.com\/avatar\/eca268467d925ec97d20641bb054fd944c0abb2f92854171620706bbe6474e7c?s=96&d=mm&r=g","url":"https:\/\/secure.gravatar.com\/avatar\/eca268467d925ec97d20641bb054fd944c0abb2f92854171620706bbe6474e7c?s=96&d=mm&r=g","contentUrl":"https:\/\/secure.gravatar.com\/avatar\/eca268467d925ec97d20641bb054fd944c0abb2f92854171620706bbe6474e7c?s=96&d=mm&r=g","caption":"lifefm"}}]}},"amp_enabled":true,"_links":{"self":[{"href":"https:\/\/radiolifefm.com.br\/noticias\/wp-json\/wp\/v2\/posts\/18842","targetHints":{"allow":["GET"]}}],"collection":[{"href":"https:\/\/radiolifefm.com.br\/noticias\/wp-json\/wp\/v2\/posts"}],"about":[{"href":"https:\/\/radiolifefm.com.br\/noticias\/wp-json\/wp\/v2\/types\/post"}],"author":[{"embeddable":true,"href":"https:\/\/radiolifefm.com.br\/noticias\/wp-json\/wp\/v2\/users\/3"}],"replies":[{"embeddable":true,"href":"https:\/\/radiolifefm.com.br\/noticias\/wp-json\/wp\/v2\/comments?post=18842"}],"version-history":[{"count":1,"href":"https:\/\/radiolifefm.com.br\/noticias\/wp-json\/wp\/v2\/posts\/18842\/revisions"}],"predecessor-version":[{"id":18844,"href":"https:\/\/radiolifefm.com.br\/noticias\/wp-json\/wp\/v2\/posts\/18842\/revisions\/18844"}],"wp:featuredmedia":[{"embeddable":true,"href":"https:\/\/radiolifefm.com.br\/noticias\/wp-json\/wp\/v2\/media\/18843"}],"wp:attachment":[{"href":"https:\/\/radiolifefm.com.br\/noticias\/wp-json\/wp\/v2\/media?parent=18842"}],"wp:term":[{"taxonomy":"category","embeddable":true,"href":"https:\/\/radiolifefm.com.br\/noticias\/wp-json\/wp\/v2\/categories?post=18842"},{"taxonomy":"post_tag","embeddable":true,"href":"https:\/\/radiolifefm.com.br\/noticias\/wp-json\/wp\/v2\/tags?post=18842"}],"curies":[{"name":"wp","href":"https:\/\/api.w.org\/{rel}","templated":true}]}}