{"id":18796,"date":"2019-12-11T17:40:02","date_gmt":"2019-12-11T20:40:02","guid":{"rendered":"https:\/\/radiolifefm.com.br\/noticias\/?p=18796"},"modified":"2026-04-24T22:23:03","modified_gmt":"2026-04-25T01:23:03","slug":"ernest-shackleton-ate-o-fim-da-terra-sergio-barbosa-opiniao","status":"publish","type":"post","link":"https:\/\/radiolifefm.com.br\/noticias\/ernest-shackleton-ate-o-fim-da-terra-sergio-barbosa-opiniao\/","title":{"rendered":"\u201cERNEST SHACKLETON: AT\u00c9 O FIM DA TERRA&#8230;\u201d &#8211; S\u00e9rgio Barbosa &#8211; Opini\u00e3o"},"content":{"rendered":"<div id=\"fb-root\"><\/div>\n<p><strong>\u201cERNEST SHACKLETON: AT\u00c9 O FIM DA TERRA&#8230;\u201d<\/strong><\/p>\n<p><em>\u201cSir Ernest Shackleton (1874-1922) partiu da Inglaterra rumo \u00e0 Ant\u00e1rtida a bordo do navio Endurance. O ano era 1914, e o Polo Sul fora alcan\u00e7ado poucos anos antes\u201d. (DVD \u201cGrandes Exploradores\u201d, Hist\u00f3ria Viva em Cartaz, Duetto Editorial.)<\/em><\/p>\n<p><em>S\u00e9rgio Barbosa (*)<\/em><\/p>\n<p>As grandes expedi\u00e7\u00f5es deste planeta aconteceram no final do s\u00e9culo XIX e in\u00edcio do s\u00e9culo XX, quando apareceram os \u00edcones da explora\u00e7\u00e3o no territ\u00f3rio europeu para fazer a diferen\u00e7a em busca da gl\u00f3ria e do inusitado nas geleiras dos polos norte e sul&#8230;<\/p>\n<p>Foram homens que desafiaram o seu tempo e as limita\u00e7\u00f5es desta \u00e9poca rudimentar nos quesitos b\u00e1sicos de sobreviv\u00eancia em territ\u00f3rios in\u00f3spitos para os mesmos, bem como, o desejo individual de ser o primeiro nesta ou naquela descoberta em nome do pa\u00eds de origem, ainda, da institui\u00e7\u00e3o cient\u00edfica patrocinadora da expedi\u00e7\u00e3o em busca da aventura rumo ao desconhecido do homem naquele tempo distante para um desencontro a mais com a vida em meio \u00e0 morte ou a morte em meio \u00e0 vida&#8230;<\/p>\n<p>Neste cen\u00e1rio de transi\u00e7\u00e3o mundial, ou seja, de um s\u00e9culo para outro, surge do seu canto mercante um explorador para fazer a diferen\u00e7a entre os demais aventureiros em busca da gl\u00f3ria maior, de ser e n\u00e3o apenas estar no \u201cPanteon dos Deuses\u201d&#8230;<\/p>\n<p>Neste momento, Ernest Shackleton, irland\u00eas de nascimento, entretanto, abra\u00e7ou a causa pela bandeira da Gr\u00e3-Bretanha em suas explora\u00e7\u00f5es geladas rumo a Ant\u00e1rtida, deixando para tr\u00e1s os erros do passado ao lado de Robert Falcon Scott, outro her\u00f3i da explora\u00e7\u00e3o do Polo Sul&#8230;<br \/>\nN\u00e3o se pode deixar de registrar tais explora\u00e7\u00f5es para as descobertas daquele momento, quando o mundo registrava momentos de incertezas com outros acontecimentos paralelos, entre os quais, a I Guerra Mundial (1914-1918)&#8230;<\/p>\n<p>Por\u00e9m, Shackleton persistiu em novos desafios para o seu tempo, criando condi\u00e7\u00f5es para transpor desafios at\u00e9 o fim da terra, deixando para tr\u00e1s as incertezas da vit\u00f3ria de si mesmo frente aos seus homens que o seguiam pelas geleiras in\u00f3spitas do Polo Sul&#8230;<\/p>\n<p>Devem-se pautar as descobertas da Hist\u00f3ria Mundial pela descoberta do passado em busca do presente para projetar o futuro, portanto, os desafios deste tempo permanecem como marca registrada deste grande explorador do s\u00e9culo XX, Sir Ernest Shackleton!<\/p>\n<p>&nbsp;<\/p>\n<div class='flex flex-wrap items-center -mx-1'>\r\n<a class='thumbnail gallery p-1 w-1\/2 md:w-1\/4' href='https:\/\/radiolifefm.com.br\/noticias\/wp-content\/uploads\/2019\/12\/Sebar-1-1.jpg'><img class='border border-white' src='https:\/\/radiolifefm.com.br\/noticias\/wp-content\/uploads\/2019\/12\/Sebar-1-1-200x200.jpg' alt='Sebar   1' \/><\/a><a class='thumbnail gallery p-1 w-1\/2 md:w-1\/4' href='https:\/\/radiolifefm.com.br\/noticias\/wp-content\/uploads\/2019\/12\/Sebar-2-1.jpg'><img class='border border-white' src='https:\/\/radiolifefm.com.br\/noticias\/wp-content\/uploads\/2019\/12\/Sebar-2-1-200x200.jpg' alt='Sebar   2' \/><\/a><a class='thumbnail gallery p-1 w-1\/2 md:w-1\/4' href='https:\/\/radiolifefm.com.br\/noticias\/wp-content\/uploads\/2019\/12\/Sebar-3-1.jpg'><img class='border border-white' src='https:\/\/radiolifefm.com.br\/noticias\/wp-content\/uploads\/2019\/12\/Sebar-3-1-200x200.jpg' alt='Sebar   3' \/><\/a><a class='thumbnail gallery p-1 w-1\/2 md:w-1\/4' href='https:\/\/radiolifefm.com.br\/noticias\/wp-content\/uploads\/2019\/12\/Sebar-4-1.jpg'><img class='border border-white' src='https:\/\/radiolifefm.com.br\/noticias\/wp-content\/uploads\/2019\/12\/Sebar-4-1-200x200.jpg' alt='Sebar   4' \/><\/a><a class='thumbnail gallery p-1 w-1\/2 md:w-1\/4' href='https:\/\/radiolifefm.com.br\/noticias\/wp-content\/uploads\/2019\/12\/Sebar-5-1.jpg'><img class='border border-white' src='https:\/\/radiolifefm.com.br\/noticias\/wp-content\/uploads\/2019\/12\/Sebar-5-1-200x200.jpg' alt='Sebar   5' \/><\/a><a class='thumbnail gallery p-1 w-1\/2 md:w-1\/4' href='https:\/\/radiolifefm.com.br\/noticias\/wp-content\/uploads\/2019\/12\/Sebar-6-1.jpg'><img class='border border-white' src='https:\/\/radiolifefm.com.br\/noticias\/wp-content\/uploads\/2019\/12\/Sebar-6-1-200x200.jpg' alt='Sebar   6' \/><\/a><\/div>\n<p>__________________________________<br \/>\n(*) Jornalista diplomado e professor universit\u00e1rio.<\/p>\n","protected":false},"excerpt":{"rendered":"<p>\u201cERNEST SHACKLETON: AT\u00c9 O FIM DA TERRA&#8230;\u201d \u201cSir Ernest Shackleton (1874-1922) partiu da Inglaterra rumo \u00e0 Ant\u00e1rtida a bordo do navio Endurance. O ano era 1914, e o Polo Sul fora alcan\u00e7ado poucos anos antes\u201d. (DVD \u201cGrandes Exploradores\u201d, Hist\u00f3ria Viva em Cartaz, Duetto Editorial.) S\u00e9rgio Barbosa (*) As grandes expedi\u00e7\u00f5es deste planeta aconteceram no final [&hellip;]<\/p>\n","protected":false},"author":3,"featured_media":18797,"comment_status":"closed","ping_status":"open","sticky":false,"template":"","format":"standard","meta":{"_acf_changed":false,"_exactmetrics_skip_tracking":false,"_exactmetrics_sitenote_active":false,"_exactmetrics_sitenote_note":"","_exactmetrics_sitenote_category":0,"footnotes":""},"categories":[59],"tags":[],"class_list":["post-18796","post","type-post","status-publish","format-standard","has-post-thumbnail","hentry","category-opiniao"],"acf":[],"yoast_head":"<!-- This site is optimized with the Yoast SEO plugin v27.2 - https:\/\/yoast.com\/product\/yoast-seo-wordpress\/ -->\n<title>\u201cERNEST SHACKLETON: AT\u00c9 O FIM DA TERRA...\u201d - S\u00e9rgio Barbosa - Opini\u00e3o - R\u00e1dio Life FM<\/title>\n<meta name=\"robots\" content=\"index, follow, max-snippet:-1, max-image-preview:large, max-video-preview:-1\" \/>\n<link rel=\"canonical\" href=\"https:\/\/radiolifefm.com.br\/noticias\/ernest-shackleton-ate-o-fim-da-terra-sergio-barbosa-opiniao\/\" \/>\n<meta property=\"og:locale\" content=\"pt_BR\" \/>\n<meta property=\"og:type\" content=\"article\" \/>\n<meta property=\"og:title\" content=\"\u201cERNEST SHACKLETON: AT\u00c9 O FIM DA TERRA...\u201d - S\u00e9rgio Barbosa - Opini\u00e3o - R\u00e1dio Life FM\" \/>\n<meta property=\"og:description\" content=\"\u201cERNEST SHACKLETON: AT\u00c9 O FIM DA TERRA&#8230;\u201d \u201cSir Ernest Shackleton (1874-1922) partiu da Inglaterra rumo \u00e0 Ant\u00e1rtida a bordo do navio Endurance. O ano era 1914, e o Polo Sul fora alcan\u00e7ado poucos anos antes\u201d. (DVD \u201cGrandes Exploradores\u201d, Hist\u00f3ria Viva em Cartaz, Duetto Editorial.) S\u00e9rgio Barbosa (*) As grandes expedi\u00e7\u00f5es deste planeta aconteceram no final [&hellip;]\" \/>\n<meta property=\"og:url\" content=\"https:\/\/radiolifefm.com.br\/noticias\/ernest-shackleton-ate-o-fim-da-terra-sergio-barbosa-opiniao\/\" \/>\n<meta property=\"og:site_name\" content=\"R\u00e1dio Life FM\" \/>\n<meta property=\"article:publisher\" content=\"https:\/\/www.facebook.com\/radiolifefm\/\" \/>\n<meta property=\"article:published_time\" content=\"2019-12-11T20:40:02+00:00\" \/>\n<meta property=\"article:modified_time\" content=\"2026-04-25T01:23:03+00:00\" \/>\n<meta property=\"og:image\" content=\"https:\/\/radiolifefm.com.br\/noticias\/wp-content\/uploads\/2019\/12\/Sebar-9.jpg\" \/>\n\t<meta property=\"og:image:width\" content=\"236\" \/>\n\t<meta property=\"og:image:height\" content=\"266\" \/>\n\t<meta property=\"og:image:type\" content=\"image\/jpeg\" \/>\n<meta name=\"author\" content=\"lifefm\" \/>\n<meta name=\"twitter:card\" content=\"summary_large_image\" \/>\n<meta name=\"twitter:label1\" content=\"Escrito por\" \/>\n\t<meta name=\"twitter:data1\" content=\"lifefm\" \/>\n\t<meta name=\"twitter:label2\" content=\"Est. tempo de leitura\" \/>\n\t<meta name=\"twitter:data2\" content=\"2 minutos\" \/>\n<script type=\"application\/ld+json\" class=\"yoast-schema-graph\">{\"@context\":\"https:\/\/schema.org\",\"@graph\":[{\"@type\":\"Article\",\"@id\":\"https:\/\/radiolifefm.com.br\/noticias\/ernest-shackleton-ate-o-fim-da-terra-sergio-barbosa-opiniao\/#article\",\"isPartOf\":{\"@id\":\"https:\/\/radiolifefm.com.br\/noticias\/ernest-shackleton-ate-o-fim-da-terra-sergio-barbosa-opiniao\/\"},\"author\":{\"name\":\"lifefm\",\"@id\":\"https:\/\/radiolifefm.com.br\/noticias\/#\/schema\/person\/1d4e4b1301322090c6221bf1c8420490\"},\"headline\":\"\u201cERNEST SHACKLETON: AT\u00c9 O FIM DA TERRA&#8230;\u201d &#8211; S\u00e9rgio Barbosa &#8211; Opini\u00e3o\",\"datePublished\":\"2019-12-11T20:40:02+00:00\",\"dateModified\":\"2026-04-25T01:23:03+00:00\",\"mainEntityOfPage\":{\"@id\":\"https:\/\/radiolifefm.com.br\/noticias\/ernest-shackleton-ate-o-fim-da-terra-sergio-barbosa-opiniao\/\"},\"wordCount\":429,\"publisher\":{\"@id\":\"https:\/\/radiolifefm.com.br\/noticias\/#organization\"},\"image\":{\"@id\":\"https:\/\/radiolifefm.com.br\/noticias\/ernest-shackleton-ate-o-fim-da-terra-sergio-barbosa-opiniao\/#primaryimage\"},\"thumbnailUrl\":\"https:\/\/radiolifefm.com.br\/noticias\/wp-content\/uploads\/2019\/12\/Sebar-9.jpg\",\"articleSection\":[\"Opini\u00e3o\"],\"inLanguage\":\"pt-BR\"},{\"@type\":\"WebPage\",\"@id\":\"https:\/\/radiolifefm.com.br\/noticias\/ernest-shackleton-ate-o-fim-da-terra-sergio-barbosa-opiniao\/\",\"url\":\"https:\/\/radiolifefm.com.br\/noticias\/ernest-shackleton-ate-o-fim-da-terra-sergio-barbosa-opiniao\/\",\"name\":\"\u201cERNEST SHACKLETON: AT\u00c9 O FIM DA TERRA...\u201d - S\u00e9rgio Barbosa - Opini\u00e3o - R\u00e1dio Life FM\",\"isPartOf\":{\"@id\":\"https:\/\/radiolifefm.com.br\/noticias\/#website\"},\"primaryImageOfPage\":{\"@id\":\"https:\/\/radiolifefm.com.br\/noticias\/ernest-shackleton-ate-o-fim-da-terra-sergio-barbosa-opiniao\/#primaryimage\"},\"image\":{\"@id\":\"https:\/\/radiolifefm.com.br\/noticias\/ernest-shackleton-ate-o-fim-da-terra-sergio-barbosa-opiniao\/#primaryimage\"},\"thumbnailUrl\":\"https:\/\/radiolifefm.com.br\/noticias\/wp-content\/uploads\/2019\/12\/Sebar-9.jpg\",\"datePublished\":\"2019-12-11T20:40:02+00:00\",\"dateModified\":\"2026-04-25T01:23:03+00:00\",\"breadcrumb\":{\"@id\":\"https:\/\/radiolifefm.com.br\/noticias\/ernest-shackleton-ate-o-fim-da-terra-sergio-barbosa-opiniao\/#breadcrumb\"},\"inLanguage\":\"pt-BR\",\"potentialAction\":[{\"@type\":\"ReadAction\",\"target\":[\"https:\/\/radiolifefm.com.br\/noticias\/ernest-shackleton-ate-o-fim-da-terra-sergio-barbosa-opiniao\/\"]}]},{\"@type\":\"ImageObject\",\"inLanguage\":\"pt-BR\",\"@id\":\"https:\/\/radiolifefm.com.br\/noticias\/ernest-shackleton-ate-o-fim-da-terra-sergio-barbosa-opiniao\/#primaryimage\",\"url\":\"https:\/\/radiolifefm.com.br\/noticias\/wp-content\/uploads\/2019\/12\/Sebar-9.jpg\",\"contentUrl\":\"https:\/\/radiolifefm.com.br\/noticias\/wp-content\/uploads\/2019\/12\/Sebar-9.jpg\",\"width\":236,\"height\":266},{\"@type\":\"BreadcrumbList\",\"@id\":\"https:\/\/radiolifefm.com.br\/noticias\/ernest-shackleton-ate-o-fim-da-terra-sergio-barbosa-opiniao\/#breadcrumb\",\"itemListElement\":[{\"@type\":\"ListItem\",\"position\":1,\"name\":\"In\u00edcio\",\"item\":\"https:\/\/radiolifefm.com.br\/noticias\/\"},{\"@type\":\"ListItem\",\"position\":2,\"name\":\"\u201cERNEST SHACKLETON: AT\u00c9 O FIM DA TERRA&#8230;\u201d &#8211; S\u00e9rgio Barbosa &#8211; Opini\u00e3o\"}]},{\"@type\":\"WebSite\",\"@id\":\"https:\/\/radiolifefm.com.br\/noticias\/#website\",\"url\":\"https:\/\/radiolifefm.com.br\/noticias\/\",\"name\":\"R\u00e1dio Life FM\",\"description\":\"O Portal de Not\u00edcias de Adamantina\",\"publisher\":{\"@id\":\"https:\/\/radiolifefm.com.br\/noticias\/#organization\"},\"alternateName\":\"Life FM\",\"potentialAction\":[{\"@type\":\"SearchAction\",\"target\":{\"@type\":\"EntryPoint\",\"urlTemplate\":\"https:\/\/radiolifefm.com.br\/noticias\/?s={search_term_string}\"},\"query-input\":{\"@type\":\"PropertyValueSpecification\",\"valueRequired\":true,\"valueName\":\"search_term_string\"}}],\"inLanguage\":\"pt-BR\"},{\"@type\":\"Organization\",\"@id\":\"https:\/\/radiolifefm.com.br\/noticias\/#organization\",\"name\":\"R\u00e1dio Life FM\",\"alternateName\":\"Life FM\",\"url\":\"https:\/\/radiolifefm.com.br\/noticias\/\",\"logo\":{\"@type\":\"ImageObject\",\"inLanguage\":\"pt-BR\",\"@id\":\"https:\/\/radiolifefm.com.br\/noticias\/#\/schema\/logo\/image\/\",\"url\":\"https:\/\/static.radiolifefm.com.br\/noticias\/wp-content\/uploads\/2019\/10\/logo-lifefm.png\",\"contentUrl\":\"https:\/\/static.radiolifefm.com.br\/noticias\/wp-content\/uploads\/2019\/10\/logo-lifefm.png\",\"width\":196,\"height\":47,\"caption\":\"R\u00e1dio Life FM\"},\"image\":{\"@id\":\"https:\/\/radiolifefm.com.br\/noticias\/#\/schema\/logo\/image\/\"},\"sameAs\":[\"https:\/\/www.facebook.com\/radiolifefm\/\",\"https:\/\/www.instagram.com\/life1079fm\/\"]},{\"@type\":\"Person\",\"@id\":\"https:\/\/radiolifefm.com.br\/noticias\/#\/schema\/person\/1d4e4b1301322090c6221bf1c8420490\",\"name\":\"lifefm\",\"image\":{\"@type\":\"ImageObject\",\"inLanguage\":\"pt-BR\",\"@id\":\"https:\/\/secure.gravatar.com\/avatar\/eca268467d925ec97d20641bb054fd944c0abb2f92854171620706bbe6474e7c?s=96&d=mm&r=g\",\"url\":\"https:\/\/secure.gravatar.com\/avatar\/eca268467d925ec97d20641bb054fd944c0abb2f92854171620706bbe6474e7c?s=96&d=mm&r=g\",\"contentUrl\":\"https:\/\/secure.gravatar.com\/avatar\/eca268467d925ec97d20641bb054fd944c0abb2f92854171620706bbe6474e7c?s=96&d=mm&r=g\",\"caption\":\"lifefm\"}}]}<\/script>\n<!-- \/ Yoast SEO plugin. -->","yoast_head_json":{"title":"\u201cERNEST SHACKLETON: AT\u00c9 O FIM DA TERRA...\u201d - S\u00e9rgio Barbosa - Opini\u00e3o - R\u00e1dio Life FM","robots":{"index":"index","follow":"follow","max-snippet":"max-snippet:-1","max-image-preview":"max-image-preview:large","max-video-preview":"max-video-preview:-1"},"canonical":"https:\/\/radiolifefm.com.br\/noticias\/ernest-shackleton-ate-o-fim-da-terra-sergio-barbosa-opiniao\/","og_locale":"pt_BR","og_type":"article","og_title":"\u201cERNEST SHACKLETON: AT\u00c9 O FIM DA TERRA...\u201d - S\u00e9rgio Barbosa - Opini\u00e3o - R\u00e1dio Life FM","og_description":"\u201cERNEST SHACKLETON: AT\u00c9 O FIM DA TERRA&#8230;\u201d \u201cSir Ernest Shackleton (1874-1922) partiu da Inglaterra rumo \u00e0 Ant\u00e1rtida a bordo do navio Endurance. O ano era 1914, e o Polo Sul fora alcan\u00e7ado poucos anos antes\u201d. (DVD \u201cGrandes Exploradores\u201d, Hist\u00f3ria Viva em Cartaz, Duetto Editorial.) S\u00e9rgio Barbosa (*) As grandes expedi\u00e7\u00f5es deste planeta aconteceram no final [&hellip;]","og_url":"https:\/\/radiolifefm.com.br\/noticias\/ernest-shackleton-ate-o-fim-da-terra-sergio-barbosa-opiniao\/","og_site_name":"R\u00e1dio Life FM","article_publisher":"https:\/\/www.facebook.com\/radiolifefm\/","article_published_time":"2019-12-11T20:40:02+00:00","article_modified_time":"2026-04-25T01:23:03+00:00","og_image":[{"width":236,"height":266,"url":"https:\/\/radiolifefm.com.br\/noticias\/wp-content\/uploads\/2019\/12\/Sebar-9.jpg","type":"image\/jpeg"}],"author":"lifefm","twitter_card":"summary_large_image","twitter_misc":{"Escrito por":"lifefm","Est. tempo de leitura":"2 minutos"},"schema":{"@context":"https:\/\/schema.org","@graph":[{"@type":"Article","@id":"https:\/\/radiolifefm.com.br\/noticias\/ernest-shackleton-ate-o-fim-da-terra-sergio-barbosa-opiniao\/#article","isPartOf":{"@id":"https:\/\/radiolifefm.com.br\/noticias\/ernest-shackleton-ate-o-fim-da-terra-sergio-barbosa-opiniao\/"},"author":{"name":"lifefm","@id":"https:\/\/radiolifefm.com.br\/noticias\/#\/schema\/person\/1d4e4b1301322090c6221bf1c8420490"},"headline":"\u201cERNEST SHACKLETON: AT\u00c9 O FIM DA TERRA&#8230;\u201d &#8211; S\u00e9rgio Barbosa &#8211; Opini\u00e3o","datePublished":"2019-12-11T20:40:02+00:00","dateModified":"2026-04-25T01:23:03+00:00","mainEntityOfPage":{"@id":"https:\/\/radiolifefm.com.br\/noticias\/ernest-shackleton-ate-o-fim-da-terra-sergio-barbosa-opiniao\/"},"wordCount":429,"publisher":{"@id":"https:\/\/radiolifefm.com.br\/noticias\/#organization"},"image":{"@id":"https:\/\/radiolifefm.com.br\/noticias\/ernest-shackleton-ate-o-fim-da-terra-sergio-barbosa-opiniao\/#primaryimage"},"thumbnailUrl":"https:\/\/radiolifefm.com.br\/noticias\/wp-content\/uploads\/2019\/12\/Sebar-9.jpg","articleSection":["Opini\u00e3o"],"inLanguage":"pt-BR"},{"@type":"WebPage","@id":"https:\/\/radiolifefm.com.br\/noticias\/ernest-shackleton-ate-o-fim-da-terra-sergio-barbosa-opiniao\/","url":"https:\/\/radiolifefm.com.br\/noticias\/ernest-shackleton-ate-o-fim-da-terra-sergio-barbosa-opiniao\/","name":"\u201cERNEST SHACKLETON: AT\u00c9 O FIM DA TERRA...\u201d - S\u00e9rgio Barbosa - Opini\u00e3o - R\u00e1dio Life FM","isPartOf":{"@id":"https:\/\/radiolifefm.com.br\/noticias\/#website"},"primaryImageOfPage":{"@id":"https:\/\/radiolifefm.com.br\/noticias\/ernest-shackleton-ate-o-fim-da-terra-sergio-barbosa-opiniao\/#primaryimage"},"image":{"@id":"https:\/\/radiolifefm.com.br\/noticias\/ernest-shackleton-ate-o-fim-da-terra-sergio-barbosa-opiniao\/#primaryimage"},"thumbnailUrl":"https:\/\/radiolifefm.com.br\/noticias\/wp-content\/uploads\/2019\/12\/Sebar-9.jpg","datePublished":"2019-12-11T20:40:02+00:00","dateModified":"2026-04-25T01:23:03+00:00","breadcrumb":{"@id":"https:\/\/radiolifefm.com.br\/noticias\/ernest-shackleton-ate-o-fim-da-terra-sergio-barbosa-opiniao\/#breadcrumb"},"inLanguage":"pt-BR","potentialAction":[{"@type":"ReadAction","target":["https:\/\/radiolifefm.com.br\/noticias\/ernest-shackleton-ate-o-fim-da-terra-sergio-barbosa-opiniao\/"]}]},{"@type":"ImageObject","inLanguage":"pt-BR","@id":"https:\/\/radiolifefm.com.br\/noticias\/ernest-shackleton-ate-o-fim-da-terra-sergio-barbosa-opiniao\/#primaryimage","url":"https:\/\/radiolifefm.com.br\/noticias\/wp-content\/uploads\/2019\/12\/Sebar-9.jpg","contentUrl":"https:\/\/radiolifefm.com.br\/noticias\/wp-content\/uploads\/2019\/12\/Sebar-9.jpg","width":236,"height":266},{"@type":"BreadcrumbList","@id":"https:\/\/radiolifefm.com.br\/noticias\/ernest-shackleton-ate-o-fim-da-terra-sergio-barbosa-opiniao\/#breadcrumb","itemListElement":[{"@type":"ListItem","position":1,"name":"In\u00edcio","item":"https:\/\/radiolifefm.com.br\/noticias\/"},{"@type":"ListItem","position":2,"name":"\u201cERNEST SHACKLETON: AT\u00c9 O FIM DA TERRA&#8230;\u201d &#8211; S\u00e9rgio Barbosa &#8211; Opini\u00e3o"}]},{"@type":"WebSite","@id":"https:\/\/radiolifefm.com.br\/noticias\/#website","url":"https:\/\/radiolifefm.com.br\/noticias\/","name":"R\u00e1dio Life FM","description":"O Portal de Not\u00edcias de Adamantina","publisher":{"@id":"https:\/\/radiolifefm.com.br\/noticias\/#organization"},"alternateName":"Life FM","potentialAction":[{"@type":"SearchAction","target":{"@type":"EntryPoint","urlTemplate":"https:\/\/radiolifefm.com.br\/noticias\/?s={search_term_string}"},"query-input":{"@type":"PropertyValueSpecification","valueRequired":true,"valueName":"search_term_string"}}],"inLanguage":"pt-BR"},{"@type":"Organization","@id":"https:\/\/radiolifefm.com.br\/noticias\/#organization","name":"R\u00e1dio Life FM","alternateName":"Life FM","url":"https:\/\/radiolifefm.com.br\/noticias\/","logo":{"@type":"ImageObject","inLanguage":"pt-BR","@id":"https:\/\/radiolifefm.com.br\/noticias\/#\/schema\/logo\/image\/","url":"https:\/\/static.radiolifefm.com.br\/noticias\/wp-content\/uploads\/2019\/10\/logo-lifefm.png","contentUrl":"https:\/\/static.radiolifefm.com.br\/noticias\/wp-content\/uploads\/2019\/10\/logo-lifefm.png","width":196,"height":47,"caption":"R\u00e1dio Life FM"},"image":{"@id":"https:\/\/radiolifefm.com.br\/noticias\/#\/schema\/logo\/image\/"},"sameAs":["https:\/\/www.facebook.com\/radiolifefm\/","https:\/\/www.instagram.com\/life1079fm\/"]},{"@type":"Person","@id":"https:\/\/radiolifefm.com.br\/noticias\/#\/schema\/person\/1d4e4b1301322090c6221bf1c8420490","name":"lifefm","image":{"@type":"ImageObject","inLanguage":"pt-BR","@id":"https:\/\/secure.gravatar.com\/avatar\/eca268467d925ec97d20641bb054fd944c0abb2f92854171620706bbe6474e7c?s=96&d=mm&r=g","url":"https:\/\/secure.gravatar.com\/avatar\/eca268467d925ec97d20641bb054fd944c0abb2f92854171620706bbe6474e7c?s=96&d=mm&r=g","contentUrl":"https:\/\/secure.gravatar.com\/avatar\/eca268467d925ec97d20641bb054fd944c0abb2f92854171620706bbe6474e7c?s=96&d=mm&r=g","caption":"lifefm"}}]}},"amp_enabled":true,"_links":{"self":[{"href":"https:\/\/radiolifefm.com.br\/noticias\/wp-json\/wp\/v2\/posts\/18796","targetHints":{"allow":["GET"]}}],"collection":[{"href":"https:\/\/radiolifefm.com.br\/noticias\/wp-json\/wp\/v2\/posts"}],"about":[{"href":"https:\/\/radiolifefm.com.br\/noticias\/wp-json\/wp\/v2\/types\/post"}],"author":[{"embeddable":true,"href":"https:\/\/radiolifefm.com.br\/noticias\/wp-json\/wp\/v2\/users\/3"}],"replies":[{"embeddable":true,"href":"https:\/\/radiolifefm.com.br\/noticias\/wp-json\/wp\/v2\/comments?post=18796"}],"version-history":[{"count":1,"href":"https:\/\/radiolifefm.com.br\/noticias\/wp-json\/wp\/v2\/posts\/18796\/revisions"}],"predecessor-version":[{"id":18804,"href":"https:\/\/radiolifefm.com.br\/noticias\/wp-json\/wp\/v2\/posts\/18796\/revisions\/18804"}],"wp:featuredmedia":[{"embeddable":true,"href":"https:\/\/radiolifefm.com.br\/noticias\/wp-json\/wp\/v2\/media\/18797"}],"wp:attachment":[{"href":"https:\/\/radiolifefm.com.br\/noticias\/wp-json\/wp\/v2\/media?parent=18796"}],"wp:term":[{"taxonomy":"category","embeddable":true,"href":"https:\/\/radiolifefm.com.br\/noticias\/wp-json\/wp\/v2\/categories?post=18796"},{"taxonomy":"post_tag","embeddable":true,"href":"https:\/\/radiolifefm.com.br\/noticias\/wp-json\/wp\/v2\/tags?post=18796"}],"curies":[{"name":"wp","href":"https:\/\/api.w.org\/{rel}","templated":true}]}}