{"id":18660,"date":"2019-12-04T10:21:10","date_gmt":"2019-12-04T13:21:10","guid":{"rendered":"https:\/\/radiolifefm.com.br\/noticias\/?p=18660"},"modified":"2026-04-18T21:52:21","modified_gmt":"2026-04-19T00:52:21","slug":"um-idoso-passa-mal-no-volante-bate-em-poste-em-bastos-e-dois-homens-que-estavam-no-local-se-agrediram","status":"publish","type":"post","link":"https:\/\/radiolifefm.com.br\/noticias\/um-idoso-passa-mal-no-volante-bate-em-poste-em-bastos-e-dois-homens-que-estavam-no-local-se-agrediram\/","title":{"rendered":"Um idoso passa mal no volante, bate em poste, em Bastos e dois homens que estavam no local se agrediram"},"content":{"rendered":"<div id=\"fb-root\"><\/div>\n<p>Duas ocorr\u00eancias foram registradas em Bastos na tarde desta ter\u00e7a-feira dia (03). O primeiro caso foi o de um idoso de 75 anos, que estava conduzindo um ve\u00edculo Ford Ka pela Rua Presidente Vargas, pr\u00f3ximo ao terminal Rodovi\u00e1rio, momento em que sofreu um mal de s\u00fabito, batendo o carro violentamente em um poste de energia que fica na esquina da Rua prefeito Paulo Zakimi, sendo socorrido pela Ambul\u00e2ncia Municipal para o Pronto Socorro.<\/p>\n<p>O segundo caso aconteceu no mesmo local, onde v\u00e1rias pessoas conversavam onde ocorreu a batida do Ford Ka, que era conduzido pelo o idoso, de repente sem explica\u00e7\u00e3o nenhuma, outro idoso de 84 anos, agarrou um homem pelo pesco\u00e7o que estava ali no local e no agarra agarra, o homem acabou aplicando um golpe no idoso,, vindo ambos a cair no solo asf\u00e1ltico.<\/p>\n<p>O homem que foi agarrado, que \u00e9 bem mais novo, ficou muito nervoso e desferiu v\u00e1rios socos no idoso, fazendo que que a Ambul\u00e2ncia tivesse que voltar para socorrer segundo o idoso, que ficou muito machucado e sangrando muito na cabe\u00e7a, sendo socorrido, passando por Atendimento m\u00e9dico e ficando em observa\u00e7\u00e3o, podendo ser transferido para outro hospital da regi\u00e3o devido aos ferimentos e a idade.<\/p>\n<p>O condutor do ve\u00edculo, que n\u00e3o tem nada a ver com a briga, ficou em observa\u00e7\u00e3o, mais j\u00e1 foi liberado.<\/p>\n<p>A Pol\u00edcia militar registrou as duas ocorr\u00eancias.<\/p>\n<p>&nbsp;<\/p>\n<p>Informa\u00e7\u00f5es &#8211; Valdecir Luis &#8211; Bastos<\/p>\n","protected":false},"excerpt":{"rendered":"<p>Duas ocorr\u00eancias foram registradas em Bastos na tarde desta ter\u00e7a-feira dia (03). O primeiro caso foi o de um idoso de 75 anos, que estava conduzindo um ve\u00edculo Ford Ka pela Rua Presidente Vargas, pr\u00f3ximo ao terminal Rodovi\u00e1rio, momento em que sofreu um mal de s\u00fabito, batendo o carro violentamente em um poste de energia [&hellip;]<\/p>\n","protected":false},"author":3,"featured_media":18661,"comment_status":"closed","ping_status":"open","sticky":false,"template":"","format":"standard","meta":{"_acf_changed":false,"_exactmetrics_skip_tracking":false,"_exactmetrics_sitenote_active":false,"_exactmetrics_sitenote_note":"","_exactmetrics_sitenote_category":0,"footnotes":""},"categories":[24],"tags":[],"class_list":["post-18660","post","type-post","status-publish","format-standard","has-post-thumbnail","hentry","category-regiao"],"acf":[],"yoast_head":"<!-- This site is optimized with the Yoast SEO plugin v27.2 - https:\/\/yoast.com\/product\/yoast-seo-wordpress\/ -->\n<title>Um idoso passa mal no volante, bate em poste, em Bastos e dois homens que estavam no local se agrediram - R\u00e1dio Life FM<\/title>\n<meta name=\"robots\" content=\"index, follow, max-snippet:-1, max-image-preview:large, max-video-preview:-1\" \/>\n<link rel=\"canonical\" href=\"https:\/\/radiolifefm.com.br\/noticias\/um-idoso-passa-mal-no-volante-bate-em-poste-em-bastos-e-dois-homens-que-estavam-no-local-se-agrediram\/\" \/>\n<meta property=\"og:locale\" content=\"pt_BR\" \/>\n<meta property=\"og:type\" content=\"article\" \/>\n<meta property=\"og:title\" content=\"Um idoso passa mal no volante, bate em poste, em Bastos e dois homens que estavam no local se agrediram - R\u00e1dio Life FM\" \/>\n<meta property=\"og:description\" content=\"Duas ocorr\u00eancias foram registradas em Bastos na tarde desta ter\u00e7a-feira dia (03). O primeiro caso foi o de um idoso de 75 anos, que estava conduzindo um ve\u00edculo Ford Ka pela Rua Presidente Vargas, pr\u00f3ximo ao terminal Rodovi\u00e1rio, momento em que sofreu um mal de s\u00fabito, batendo o carro violentamente em um poste de energia [&hellip;]\" \/>\n<meta property=\"og:url\" content=\"https:\/\/radiolifefm.com.br\/noticias\/um-idoso-passa-mal-no-volante-bate-em-poste-em-bastos-e-dois-homens-que-estavam-no-local-se-agrediram\/\" \/>\n<meta property=\"og:site_name\" content=\"R\u00e1dio Life FM\" \/>\n<meta property=\"article:publisher\" content=\"https:\/\/www.facebook.com\/radiolifefm\/\" \/>\n<meta property=\"article:published_time\" content=\"2019-12-04T13:21:10+00:00\" \/>\n<meta property=\"article:modified_time\" content=\"2026-04-19T00:52:21+00:00\" \/>\n<meta property=\"og:image\" content=\"https:\/\/radiolifefm.com.br\/noticias\/wp-content\/uploads\/2019\/12\/Idoso-mal.jpg\" \/>\n\t<meta property=\"og:image:width\" content=\"1179\" \/>\n\t<meta property=\"og:image:height\" content=\"1025\" \/>\n\t<meta property=\"og:image:type\" content=\"image\/jpeg\" \/>\n<meta name=\"author\" content=\"lifefm\" \/>\n<meta name=\"twitter:card\" content=\"summary_large_image\" \/>\n<meta name=\"twitter:label1\" content=\"Escrito por\" \/>\n\t<meta name=\"twitter:data1\" content=\"lifefm\" \/>\n\t<meta name=\"twitter:label2\" content=\"Est. tempo de leitura\" \/>\n\t<meta name=\"twitter:data2\" content=\"1 minuto\" \/>\n<script type=\"application\/ld+json\" class=\"yoast-schema-graph\">{\"@context\":\"https:\/\/schema.org\",\"@graph\":[{\"@type\":\"Article\",\"@id\":\"https:\/\/radiolifefm.com.br\/noticias\/um-idoso-passa-mal-no-volante-bate-em-poste-em-bastos-e-dois-homens-que-estavam-no-local-se-agrediram\/#article\",\"isPartOf\":{\"@id\":\"https:\/\/radiolifefm.com.br\/noticias\/um-idoso-passa-mal-no-volante-bate-em-poste-em-bastos-e-dois-homens-que-estavam-no-local-se-agrediram\/\"},\"author\":{\"name\":\"lifefm\",\"@id\":\"https:\/\/radiolifefm.com.br\/noticias\/#\/schema\/person\/1d4e4b1301322090c6221bf1c8420490\"},\"headline\":\"Um idoso passa mal no volante, bate em poste, em Bastos e dois homens que estavam no local se agrediram\",\"datePublished\":\"2019-12-04T13:21:10+00:00\",\"dateModified\":\"2026-04-19T00:52:21+00:00\",\"mainEntityOfPage\":{\"@id\":\"https:\/\/radiolifefm.com.br\/noticias\/um-idoso-passa-mal-no-volante-bate-em-poste-em-bastos-e-dois-homens-que-estavam-no-local-se-agrediram\/\"},\"wordCount\":274,\"publisher\":{\"@id\":\"https:\/\/radiolifefm.com.br\/noticias\/#organization\"},\"image\":{\"@id\":\"https:\/\/radiolifefm.com.br\/noticias\/um-idoso-passa-mal-no-volante-bate-em-poste-em-bastos-e-dois-homens-que-estavam-no-local-se-agrediram\/#primaryimage\"},\"thumbnailUrl\":\"https:\/\/radiolifefm.com.br\/noticias\/wp-content\/uploads\/2019\/12\/Idoso-mal.jpg\",\"articleSection\":[\"Regi\u00e3o\"],\"inLanguage\":\"pt-BR\"},{\"@type\":\"WebPage\",\"@id\":\"https:\/\/radiolifefm.com.br\/noticias\/um-idoso-passa-mal-no-volante-bate-em-poste-em-bastos-e-dois-homens-que-estavam-no-local-se-agrediram\/\",\"url\":\"https:\/\/radiolifefm.com.br\/noticias\/um-idoso-passa-mal-no-volante-bate-em-poste-em-bastos-e-dois-homens-que-estavam-no-local-se-agrediram\/\",\"name\":\"Um idoso passa mal no volante, bate em poste, em Bastos e dois homens que estavam no local se agrediram - R\u00e1dio Life FM\",\"isPartOf\":{\"@id\":\"https:\/\/radiolifefm.com.br\/noticias\/#website\"},\"primaryImageOfPage\":{\"@id\":\"https:\/\/radiolifefm.com.br\/noticias\/um-idoso-passa-mal-no-volante-bate-em-poste-em-bastos-e-dois-homens-que-estavam-no-local-se-agrediram\/#primaryimage\"},\"image\":{\"@id\":\"https:\/\/radiolifefm.com.br\/noticias\/um-idoso-passa-mal-no-volante-bate-em-poste-em-bastos-e-dois-homens-que-estavam-no-local-se-agrediram\/#primaryimage\"},\"thumbnailUrl\":\"https:\/\/radiolifefm.com.br\/noticias\/wp-content\/uploads\/2019\/12\/Idoso-mal.jpg\",\"datePublished\":\"2019-12-04T13:21:10+00:00\",\"dateModified\":\"2026-04-19T00:52:21+00:00\",\"breadcrumb\":{\"@id\":\"https:\/\/radiolifefm.com.br\/noticias\/um-idoso-passa-mal-no-volante-bate-em-poste-em-bastos-e-dois-homens-que-estavam-no-local-se-agrediram\/#breadcrumb\"},\"inLanguage\":\"pt-BR\",\"potentialAction\":[{\"@type\":\"ReadAction\",\"target\":[\"https:\/\/radiolifefm.com.br\/noticias\/um-idoso-passa-mal-no-volante-bate-em-poste-em-bastos-e-dois-homens-que-estavam-no-local-se-agrediram\/\"]}]},{\"@type\":\"ImageObject\",\"inLanguage\":\"pt-BR\",\"@id\":\"https:\/\/radiolifefm.com.br\/noticias\/um-idoso-passa-mal-no-volante-bate-em-poste-em-bastos-e-dois-homens-que-estavam-no-local-se-agrediram\/#primaryimage\",\"url\":\"https:\/\/radiolifefm.com.br\/noticias\/wp-content\/uploads\/2019\/12\/Idoso-mal.jpg\",\"contentUrl\":\"https:\/\/radiolifefm.com.br\/noticias\/wp-content\/uploads\/2019\/12\/Idoso-mal.jpg\",\"width\":1179,\"height\":1025},{\"@type\":\"BreadcrumbList\",\"@id\":\"https:\/\/radiolifefm.com.br\/noticias\/um-idoso-passa-mal-no-volante-bate-em-poste-em-bastos-e-dois-homens-que-estavam-no-local-se-agrediram\/#breadcrumb\",\"itemListElement\":[{\"@type\":\"ListItem\",\"position\":1,\"name\":\"In\u00edcio\",\"item\":\"https:\/\/radiolifefm.com.br\/noticias\/\"},{\"@type\":\"ListItem\",\"position\":2,\"name\":\"Um idoso passa mal no volante, bate em poste, em Bastos e dois homens que estavam no local se agrediram\"}]},{\"@type\":\"WebSite\",\"@id\":\"https:\/\/radiolifefm.com.br\/noticias\/#website\",\"url\":\"https:\/\/radiolifefm.com.br\/noticias\/\",\"name\":\"R\u00e1dio Life FM\",\"description\":\"O Portal de Not\u00edcias de Adamantina\",\"publisher\":{\"@id\":\"https:\/\/radiolifefm.com.br\/noticias\/#organization\"},\"alternateName\":\"Life FM\",\"potentialAction\":[{\"@type\":\"SearchAction\",\"target\":{\"@type\":\"EntryPoint\",\"urlTemplate\":\"https:\/\/radiolifefm.com.br\/noticias\/?s={search_term_string}\"},\"query-input\":{\"@type\":\"PropertyValueSpecification\",\"valueRequired\":true,\"valueName\":\"search_term_string\"}}],\"inLanguage\":\"pt-BR\"},{\"@type\":\"Organization\",\"@id\":\"https:\/\/radiolifefm.com.br\/noticias\/#organization\",\"name\":\"R\u00e1dio Life FM\",\"alternateName\":\"Life FM\",\"url\":\"https:\/\/radiolifefm.com.br\/noticias\/\",\"logo\":{\"@type\":\"ImageObject\",\"inLanguage\":\"pt-BR\",\"@id\":\"https:\/\/radiolifefm.com.br\/noticias\/#\/schema\/logo\/image\/\",\"url\":\"https:\/\/static.radiolifefm.com.br\/noticias\/wp-content\/uploads\/2019\/10\/logo-lifefm.png\",\"contentUrl\":\"https:\/\/static.radiolifefm.com.br\/noticias\/wp-content\/uploads\/2019\/10\/logo-lifefm.png\",\"width\":196,\"height\":47,\"caption\":\"R\u00e1dio Life FM\"},\"image\":{\"@id\":\"https:\/\/radiolifefm.com.br\/noticias\/#\/schema\/logo\/image\/\"},\"sameAs\":[\"https:\/\/www.facebook.com\/radiolifefm\/\",\"https:\/\/www.instagram.com\/life1079fm\/\"]},{\"@type\":\"Person\",\"@id\":\"https:\/\/radiolifefm.com.br\/noticias\/#\/schema\/person\/1d4e4b1301322090c6221bf1c8420490\",\"name\":\"lifefm\",\"image\":{\"@type\":\"ImageObject\",\"inLanguage\":\"pt-BR\",\"@id\":\"https:\/\/secure.gravatar.com\/avatar\/eca268467d925ec97d20641bb054fd944c0abb2f92854171620706bbe6474e7c?s=96&d=mm&r=g\",\"url\":\"https:\/\/secure.gravatar.com\/avatar\/eca268467d925ec97d20641bb054fd944c0abb2f92854171620706bbe6474e7c?s=96&d=mm&r=g\",\"contentUrl\":\"https:\/\/secure.gravatar.com\/avatar\/eca268467d925ec97d20641bb054fd944c0abb2f92854171620706bbe6474e7c?s=96&d=mm&r=g\",\"caption\":\"lifefm\"}}]}<\/script>\n<!-- \/ Yoast SEO plugin. -->","yoast_head_json":{"title":"Um idoso passa mal no volante, bate em poste, em Bastos e dois homens que estavam no local se agrediram - R\u00e1dio Life FM","robots":{"index":"index","follow":"follow","max-snippet":"max-snippet:-1","max-image-preview":"max-image-preview:large","max-video-preview":"max-video-preview:-1"},"canonical":"https:\/\/radiolifefm.com.br\/noticias\/um-idoso-passa-mal-no-volante-bate-em-poste-em-bastos-e-dois-homens-que-estavam-no-local-se-agrediram\/","og_locale":"pt_BR","og_type":"article","og_title":"Um idoso passa mal no volante, bate em poste, em Bastos e dois homens que estavam no local se agrediram - R\u00e1dio Life FM","og_description":"Duas ocorr\u00eancias foram registradas em Bastos na tarde desta ter\u00e7a-feira dia (03). O primeiro caso foi o de um idoso de 75 anos, que estava conduzindo um ve\u00edculo Ford Ka pela Rua Presidente Vargas, pr\u00f3ximo ao terminal Rodovi\u00e1rio, momento em que sofreu um mal de s\u00fabito, batendo o carro violentamente em um poste de energia [&hellip;]","og_url":"https:\/\/radiolifefm.com.br\/noticias\/um-idoso-passa-mal-no-volante-bate-em-poste-em-bastos-e-dois-homens-que-estavam-no-local-se-agrediram\/","og_site_name":"R\u00e1dio Life FM","article_publisher":"https:\/\/www.facebook.com\/radiolifefm\/","article_published_time":"2019-12-04T13:21:10+00:00","article_modified_time":"2026-04-19T00:52:21+00:00","og_image":[{"width":1179,"height":1025,"url":"https:\/\/radiolifefm.com.br\/noticias\/wp-content\/uploads\/2019\/12\/Idoso-mal.jpg","type":"image\/jpeg"}],"author":"lifefm","twitter_card":"summary_large_image","twitter_misc":{"Escrito por":"lifefm","Est. tempo de leitura":"1 minuto"},"schema":{"@context":"https:\/\/schema.org","@graph":[{"@type":"Article","@id":"https:\/\/radiolifefm.com.br\/noticias\/um-idoso-passa-mal-no-volante-bate-em-poste-em-bastos-e-dois-homens-que-estavam-no-local-se-agrediram\/#article","isPartOf":{"@id":"https:\/\/radiolifefm.com.br\/noticias\/um-idoso-passa-mal-no-volante-bate-em-poste-em-bastos-e-dois-homens-que-estavam-no-local-se-agrediram\/"},"author":{"name":"lifefm","@id":"https:\/\/radiolifefm.com.br\/noticias\/#\/schema\/person\/1d4e4b1301322090c6221bf1c8420490"},"headline":"Um idoso passa mal no volante, bate em poste, em Bastos e dois homens que estavam no local se agrediram","datePublished":"2019-12-04T13:21:10+00:00","dateModified":"2026-04-19T00:52:21+00:00","mainEntityOfPage":{"@id":"https:\/\/radiolifefm.com.br\/noticias\/um-idoso-passa-mal-no-volante-bate-em-poste-em-bastos-e-dois-homens-que-estavam-no-local-se-agrediram\/"},"wordCount":274,"publisher":{"@id":"https:\/\/radiolifefm.com.br\/noticias\/#organization"},"image":{"@id":"https:\/\/radiolifefm.com.br\/noticias\/um-idoso-passa-mal-no-volante-bate-em-poste-em-bastos-e-dois-homens-que-estavam-no-local-se-agrediram\/#primaryimage"},"thumbnailUrl":"https:\/\/radiolifefm.com.br\/noticias\/wp-content\/uploads\/2019\/12\/Idoso-mal.jpg","articleSection":["Regi\u00e3o"],"inLanguage":"pt-BR"},{"@type":"WebPage","@id":"https:\/\/radiolifefm.com.br\/noticias\/um-idoso-passa-mal-no-volante-bate-em-poste-em-bastos-e-dois-homens-que-estavam-no-local-se-agrediram\/","url":"https:\/\/radiolifefm.com.br\/noticias\/um-idoso-passa-mal-no-volante-bate-em-poste-em-bastos-e-dois-homens-que-estavam-no-local-se-agrediram\/","name":"Um idoso passa mal no volante, bate em poste, em Bastos e dois homens que estavam no local se agrediram - R\u00e1dio Life FM","isPartOf":{"@id":"https:\/\/radiolifefm.com.br\/noticias\/#website"},"primaryImageOfPage":{"@id":"https:\/\/radiolifefm.com.br\/noticias\/um-idoso-passa-mal-no-volante-bate-em-poste-em-bastos-e-dois-homens-que-estavam-no-local-se-agrediram\/#primaryimage"},"image":{"@id":"https:\/\/radiolifefm.com.br\/noticias\/um-idoso-passa-mal-no-volante-bate-em-poste-em-bastos-e-dois-homens-que-estavam-no-local-se-agrediram\/#primaryimage"},"thumbnailUrl":"https:\/\/radiolifefm.com.br\/noticias\/wp-content\/uploads\/2019\/12\/Idoso-mal.jpg","datePublished":"2019-12-04T13:21:10+00:00","dateModified":"2026-04-19T00:52:21+00:00","breadcrumb":{"@id":"https:\/\/radiolifefm.com.br\/noticias\/um-idoso-passa-mal-no-volante-bate-em-poste-em-bastos-e-dois-homens-que-estavam-no-local-se-agrediram\/#breadcrumb"},"inLanguage":"pt-BR","potentialAction":[{"@type":"ReadAction","target":["https:\/\/radiolifefm.com.br\/noticias\/um-idoso-passa-mal-no-volante-bate-em-poste-em-bastos-e-dois-homens-que-estavam-no-local-se-agrediram\/"]}]},{"@type":"ImageObject","inLanguage":"pt-BR","@id":"https:\/\/radiolifefm.com.br\/noticias\/um-idoso-passa-mal-no-volante-bate-em-poste-em-bastos-e-dois-homens-que-estavam-no-local-se-agrediram\/#primaryimage","url":"https:\/\/radiolifefm.com.br\/noticias\/wp-content\/uploads\/2019\/12\/Idoso-mal.jpg","contentUrl":"https:\/\/radiolifefm.com.br\/noticias\/wp-content\/uploads\/2019\/12\/Idoso-mal.jpg","width":1179,"height":1025},{"@type":"BreadcrumbList","@id":"https:\/\/radiolifefm.com.br\/noticias\/um-idoso-passa-mal-no-volante-bate-em-poste-em-bastos-e-dois-homens-que-estavam-no-local-se-agrediram\/#breadcrumb","itemListElement":[{"@type":"ListItem","position":1,"name":"In\u00edcio","item":"https:\/\/radiolifefm.com.br\/noticias\/"},{"@type":"ListItem","position":2,"name":"Um idoso passa mal no volante, bate em poste, em Bastos e dois homens que estavam no local se agrediram"}]},{"@type":"WebSite","@id":"https:\/\/radiolifefm.com.br\/noticias\/#website","url":"https:\/\/radiolifefm.com.br\/noticias\/","name":"R\u00e1dio Life FM","description":"O Portal de Not\u00edcias de Adamantina","publisher":{"@id":"https:\/\/radiolifefm.com.br\/noticias\/#organization"},"alternateName":"Life FM","potentialAction":[{"@type":"SearchAction","target":{"@type":"EntryPoint","urlTemplate":"https:\/\/radiolifefm.com.br\/noticias\/?s={search_term_string}"},"query-input":{"@type":"PropertyValueSpecification","valueRequired":true,"valueName":"search_term_string"}}],"inLanguage":"pt-BR"},{"@type":"Organization","@id":"https:\/\/radiolifefm.com.br\/noticias\/#organization","name":"R\u00e1dio Life FM","alternateName":"Life FM","url":"https:\/\/radiolifefm.com.br\/noticias\/","logo":{"@type":"ImageObject","inLanguage":"pt-BR","@id":"https:\/\/radiolifefm.com.br\/noticias\/#\/schema\/logo\/image\/","url":"https:\/\/static.radiolifefm.com.br\/noticias\/wp-content\/uploads\/2019\/10\/logo-lifefm.png","contentUrl":"https:\/\/static.radiolifefm.com.br\/noticias\/wp-content\/uploads\/2019\/10\/logo-lifefm.png","width":196,"height":47,"caption":"R\u00e1dio Life FM"},"image":{"@id":"https:\/\/radiolifefm.com.br\/noticias\/#\/schema\/logo\/image\/"},"sameAs":["https:\/\/www.facebook.com\/radiolifefm\/","https:\/\/www.instagram.com\/life1079fm\/"]},{"@type":"Person","@id":"https:\/\/radiolifefm.com.br\/noticias\/#\/schema\/person\/1d4e4b1301322090c6221bf1c8420490","name":"lifefm","image":{"@type":"ImageObject","inLanguage":"pt-BR","@id":"https:\/\/secure.gravatar.com\/avatar\/eca268467d925ec97d20641bb054fd944c0abb2f92854171620706bbe6474e7c?s=96&d=mm&r=g","url":"https:\/\/secure.gravatar.com\/avatar\/eca268467d925ec97d20641bb054fd944c0abb2f92854171620706bbe6474e7c?s=96&d=mm&r=g","contentUrl":"https:\/\/secure.gravatar.com\/avatar\/eca268467d925ec97d20641bb054fd944c0abb2f92854171620706bbe6474e7c?s=96&d=mm&r=g","caption":"lifefm"}}]}},"amp_enabled":true,"_links":{"self":[{"href":"https:\/\/radiolifefm.com.br\/noticias\/wp-json\/wp\/v2\/posts\/18660","targetHints":{"allow":["GET"]}}],"collection":[{"href":"https:\/\/radiolifefm.com.br\/noticias\/wp-json\/wp\/v2\/posts"}],"about":[{"href":"https:\/\/radiolifefm.com.br\/noticias\/wp-json\/wp\/v2\/types\/post"}],"author":[{"embeddable":true,"href":"https:\/\/radiolifefm.com.br\/noticias\/wp-json\/wp\/v2\/users\/3"}],"replies":[{"embeddable":true,"href":"https:\/\/radiolifefm.com.br\/noticias\/wp-json\/wp\/v2\/comments?post=18660"}],"version-history":[{"count":2,"href":"https:\/\/radiolifefm.com.br\/noticias\/wp-json\/wp\/v2\/posts\/18660\/revisions"}],"predecessor-version":[{"id":18665,"href":"https:\/\/radiolifefm.com.br\/noticias\/wp-json\/wp\/v2\/posts\/18660\/revisions\/18665"}],"wp:featuredmedia":[{"embeddable":true,"href":"https:\/\/radiolifefm.com.br\/noticias\/wp-json\/wp\/v2\/media\/18661"}],"wp:attachment":[{"href":"https:\/\/radiolifefm.com.br\/noticias\/wp-json\/wp\/v2\/media?parent=18660"}],"wp:term":[{"taxonomy":"category","embeddable":true,"href":"https:\/\/radiolifefm.com.br\/noticias\/wp-json\/wp\/v2\/categories?post=18660"},{"taxonomy":"post_tag","embeddable":true,"href":"https:\/\/radiolifefm.com.br\/noticias\/wp-json\/wp\/v2\/tags?post=18660"}],"curies":[{"name":"wp","href":"https:\/\/api.w.org\/{rel}","templated":true}]}}