{"id":18416,"date":"2019-11-27T09:32:38","date_gmt":"2019-11-27T12:32:38","guid":{"rendered":"https:\/\/radiolifefm.com.br\/noticias\/?p=18416"},"modified":"2026-02-04T22:33:00","modified_gmt":"2026-02-05T01:33:00","slug":"policia-militar-de-oc-prende-dois-traficantes-nesta-terca-feira-26","status":"publish","type":"post","link":"https:\/\/radiolifefm.com.br\/noticias\/policia-militar-de-oc-prende-dois-traficantes-nesta-terca-feira-26\/","title":{"rendered":"Pol\u00edcia Militar de OC prende dois traficantes nesta ter\u00e7a-feira (26)"},"content":{"rendered":"<div id=\"fb-root\"><\/div>\n<p><em>Uma pris\u00e3o aconteceu na Vila Esperan\u00e7a e a outra na Vila S\u00e3o Jos\u00e9<\/em><\/p>\n<p>Uma equipe da Pol\u00edcia Militar realizava patrulhamento na tarde desta ter\u00e7a-feira (26) pela Rua Armando Salles, no Centro de Osvaldo Cruz, quando visualizou um indiv\u00edduo de iniciais C.A.D., j\u00e1 conhecido nos meios policiais por comprar drogas e vender na cidade de Luc\u00e9lia, caminhando pelo local.<\/p>\n<p>Durante busca pessoal, foram encontradas sete pedras de crack e R$7,00. Questionado a respeito, ele disse que teria comprado de uma mulher de iniciais J.P.V., na Vila Esperan\u00e7a, pelo valor de R$30,00.<\/p>\n<p>Foi solicitado apoio de demais viaturas e em dilig\u00eancias, policiais avistaram J.P.V. pela Rua Uni\u00e3o, que ao notar a presen\u00e7a das viaturas, saiu correndo para interior da resid\u00eancia e tentou se desfazer de v\u00e1rias pedras de crack por meio de descarga.<br \/>\nOs policiais conseguiram recuperar algumas pedras da droga, uma na caixa de esgoto e tr\u00eas em cima pia, al\u00e9m do valor de R$100,00.<\/p>\n<p>Indagada a respeito do entorpecente, J.P.V. disse que estaria vendendo drogas por estar passando por dificuldades e relatou que comprou 14 pedras de crack pelo valor de R$170,00 de um indiv\u00edduo de iniciais J.B.R., morador da Vila S\u00e3o Jos\u00e9.<\/p>\n<p>Dando prosseguimento \u00e0s diligencias, os policiais abordaram J.B.R, que foi informado da den\u00fancia. Ele franqueou a entrada da equipe, inclusive o Canil Setorial e em buscas pela resid\u00eancia, a C\u00e3o Emy localizou 20 pedras de crack sobre a fruteira na mesa e ainda os valores de R$ 988,00 no guarda roupas e R$ 2.400,00 escondidos no forro de um dos c\u00f4modos da casa.<\/p>\n<p>Diante dos fatos, as partes, as drogas e o dinheiro, foram encaminhados at\u00e9 o Plant\u00e3o Policial, onde foi ratificada a voz de pris\u00e3o por tr\u00e1fico de drogas para J.B.R e J.P.V., que permaneceram \u00e0 disposi\u00e7\u00e3o da justi\u00e7a.<\/p>\n<p>J\u00e1 C.A.D. foi autuado por porte de entorpecente. A droga foi aferida e as 34 pedras de crack totalizaram seis gramas.<\/p>\n<p>&nbsp;<\/p>\n<p>Portal Metr\u00f3pole<\/p>\n","protected":false},"excerpt":{"rendered":"<p>Uma pris\u00e3o aconteceu na Vila Esperan\u00e7a e a outra na Vila S\u00e3o Jos\u00e9 Uma equipe da Pol\u00edcia Militar realizava patrulhamento na tarde desta ter\u00e7a-feira (26) pela Rua Armando Salles, no Centro de Osvaldo Cruz, quando visualizou um indiv\u00edduo de iniciais C.A.D., j\u00e1 conhecido nos meios policiais por comprar drogas e vender na cidade de Luc\u00e9lia, [&hellip;]<\/p>\n","protected":false},"author":3,"featured_media":18417,"comment_status":"closed","ping_status":"open","sticky":false,"template":"","format":"standard","meta":{"_acf_changed":false,"_exactmetrics_skip_tracking":false,"_exactmetrics_sitenote_active":false,"_exactmetrics_sitenote_note":"","_exactmetrics_sitenote_category":0,"footnotes":""},"categories":[24],"tags":[],"class_list":["post-18416","post","type-post","status-publish","format-standard","has-post-thumbnail","hentry","category-regiao"],"acf":[],"yoast_head":"<!-- This site is optimized with the Yoast SEO plugin v27.2 - https:\/\/yoast.com\/product\/yoast-seo-wordpress\/ -->\n<title>Pol\u00edcia Militar de OC prende dois traficantes nesta ter\u00e7a-feira (26) - R\u00e1dio Life FM<\/title>\n<meta name=\"robots\" content=\"index, follow, max-snippet:-1, max-image-preview:large, max-video-preview:-1\" \/>\n<link rel=\"canonical\" href=\"https:\/\/radiolifefm.com.br\/noticias\/policia-militar-de-oc-prende-dois-traficantes-nesta-terca-feira-26\/\" \/>\n<meta property=\"og:locale\" content=\"pt_BR\" \/>\n<meta property=\"og:type\" content=\"article\" \/>\n<meta property=\"og:title\" content=\"Pol\u00edcia Militar de OC prende dois traficantes nesta ter\u00e7a-feira (26) - R\u00e1dio Life FM\" \/>\n<meta property=\"og:description\" content=\"Uma pris\u00e3o aconteceu na Vila Esperan\u00e7a e a outra na Vila S\u00e3o Jos\u00e9 Uma equipe da Pol\u00edcia Militar realizava patrulhamento na tarde desta ter\u00e7a-feira (26) pela Rua Armando Salles, no Centro de Osvaldo Cruz, quando visualizou um indiv\u00edduo de iniciais C.A.D., j\u00e1 conhecido nos meios policiais por comprar drogas e vender na cidade de Luc\u00e9lia, [&hellip;]\" \/>\n<meta property=\"og:url\" content=\"https:\/\/radiolifefm.com.br\/noticias\/policia-militar-de-oc-prende-dois-traficantes-nesta-terca-feira-26\/\" \/>\n<meta property=\"og:site_name\" content=\"R\u00e1dio Life FM\" \/>\n<meta property=\"article:publisher\" content=\"https:\/\/www.facebook.com\/radiolifefm\/\" \/>\n<meta property=\"article:published_time\" content=\"2019-11-27T12:32:38+00:00\" \/>\n<meta property=\"article:modified_time\" content=\"2026-02-05T01:33:00+00:00\" \/>\n<meta property=\"og:image\" content=\"https:\/\/radiolifefm.com.br\/noticias\/wp-content\/uploads\/2019\/11\/Pol\u00edcia-Militar-Imagem-5-1.jpg\" \/>\n\t<meta property=\"og:image:width\" content=\"605\" \/>\n\t<meta property=\"og:image:height\" content=\"375\" \/>\n\t<meta property=\"og:image:type\" content=\"image\/jpeg\" \/>\n<meta name=\"author\" content=\"lifefm\" \/>\n<meta name=\"twitter:card\" content=\"summary_large_image\" \/>\n<meta name=\"twitter:label1\" content=\"Escrito por\" \/>\n\t<meta name=\"twitter:data1\" content=\"lifefm\" \/>\n\t<meta name=\"twitter:label2\" content=\"Est. tempo de leitura\" \/>\n\t<meta name=\"twitter:data2\" content=\"2 minutos\" \/>\n<script type=\"application\/ld+json\" class=\"yoast-schema-graph\">{\"@context\":\"https:\/\/schema.org\",\"@graph\":[{\"@type\":\"Article\",\"@id\":\"https:\/\/radiolifefm.com.br\/noticias\/policia-militar-de-oc-prende-dois-traficantes-nesta-terca-feira-26\/#article\",\"isPartOf\":{\"@id\":\"https:\/\/radiolifefm.com.br\/noticias\/policia-militar-de-oc-prende-dois-traficantes-nesta-terca-feira-26\/\"},\"author\":{\"name\":\"lifefm\",\"@id\":\"https:\/\/radiolifefm.com.br\/noticias\/#\/schema\/person\/1d4e4b1301322090c6221bf1c8420490\"},\"headline\":\"Pol\u00edcia Militar de OC prende dois traficantes nesta ter\u00e7a-feira (26)\",\"datePublished\":\"2019-11-27T12:32:38+00:00\",\"dateModified\":\"2026-02-05T01:33:00+00:00\",\"mainEntityOfPage\":{\"@id\":\"https:\/\/radiolifefm.com.br\/noticias\/policia-militar-de-oc-prende-dois-traficantes-nesta-terca-feira-26\/\"},\"wordCount\":366,\"publisher\":{\"@id\":\"https:\/\/radiolifefm.com.br\/noticias\/#organization\"},\"image\":{\"@id\":\"https:\/\/radiolifefm.com.br\/noticias\/policia-militar-de-oc-prende-dois-traficantes-nesta-terca-feira-26\/#primaryimage\"},\"thumbnailUrl\":\"https:\/\/radiolifefm.com.br\/noticias\/wp-content\/uploads\/2019\/11\/Pol\u00edcia-Militar-Imagem-5-1.jpg\",\"articleSection\":[\"Regi\u00e3o\"],\"inLanguage\":\"pt-BR\"},{\"@type\":\"WebPage\",\"@id\":\"https:\/\/radiolifefm.com.br\/noticias\/policia-militar-de-oc-prende-dois-traficantes-nesta-terca-feira-26\/\",\"url\":\"https:\/\/radiolifefm.com.br\/noticias\/policia-militar-de-oc-prende-dois-traficantes-nesta-terca-feira-26\/\",\"name\":\"Pol\u00edcia Militar de OC prende dois traficantes nesta ter\u00e7a-feira (26) - R\u00e1dio Life FM\",\"isPartOf\":{\"@id\":\"https:\/\/radiolifefm.com.br\/noticias\/#website\"},\"primaryImageOfPage\":{\"@id\":\"https:\/\/radiolifefm.com.br\/noticias\/policia-militar-de-oc-prende-dois-traficantes-nesta-terca-feira-26\/#primaryimage\"},\"image\":{\"@id\":\"https:\/\/radiolifefm.com.br\/noticias\/policia-militar-de-oc-prende-dois-traficantes-nesta-terca-feira-26\/#primaryimage\"},\"thumbnailUrl\":\"https:\/\/radiolifefm.com.br\/noticias\/wp-content\/uploads\/2019\/11\/Pol\u00edcia-Militar-Imagem-5-1.jpg\",\"datePublished\":\"2019-11-27T12:32:38+00:00\",\"dateModified\":\"2026-02-05T01:33:00+00:00\",\"breadcrumb\":{\"@id\":\"https:\/\/radiolifefm.com.br\/noticias\/policia-militar-de-oc-prende-dois-traficantes-nesta-terca-feira-26\/#breadcrumb\"},\"inLanguage\":\"pt-BR\",\"potentialAction\":[{\"@type\":\"ReadAction\",\"target\":[\"https:\/\/radiolifefm.com.br\/noticias\/policia-militar-de-oc-prende-dois-traficantes-nesta-terca-feira-26\/\"]}]},{\"@type\":\"ImageObject\",\"inLanguage\":\"pt-BR\",\"@id\":\"https:\/\/radiolifefm.com.br\/noticias\/policia-militar-de-oc-prende-dois-traficantes-nesta-terca-feira-26\/#primaryimage\",\"url\":\"https:\/\/radiolifefm.com.br\/noticias\/wp-content\/uploads\/2019\/11\/Pol\u00edcia-Militar-Imagem-5-1.jpg\",\"contentUrl\":\"https:\/\/radiolifefm.com.br\/noticias\/wp-content\/uploads\/2019\/11\/Pol\u00edcia-Militar-Imagem-5-1.jpg\",\"width\":605,\"height\":375},{\"@type\":\"BreadcrumbList\",\"@id\":\"https:\/\/radiolifefm.com.br\/noticias\/policia-militar-de-oc-prende-dois-traficantes-nesta-terca-feira-26\/#breadcrumb\",\"itemListElement\":[{\"@type\":\"ListItem\",\"position\":1,\"name\":\"In\u00edcio\",\"item\":\"https:\/\/radiolifefm.com.br\/noticias\/\"},{\"@type\":\"ListItem\",\"position\":2,\"name\":\"Pol\u00edcia Militar de OC prende dois traficantes nesta ter\u00e7a-feira (26)\"}]},{\"@type\":\"WebSite\",\"@id\":\"https:\/\/radiolifefm.com.br\/noticias\/#website\",\"url\":\"https:\/\/radiolifefm.com.br\/noticias\/\",\"name\":\"R\u00e1dio Life FM\",\"description\":\"O Portal de Not\u00edcias de Adamantina\",\"publisher\":{\"@id\":\"https:\/\/radiolifefm.com.br\/noticias\/#organization\"},\"alternateName\":\"Life FM\",\"potentialAction\":[{\"@type\":\"SearchAction\",\"target\":{\"@type\":\"EntryPoint\",\"urlTemplate\":\"https:\/\/radiolifefm.com.br\/noticias\/?s={search_term_string}\"},\"query-input\":{\"@type\":\"PropertyValueSpecification\",\"valueRequired\":true,\"valueName\":\"search_term_string\"}}],\"inLanguage\":\"pt-BR\"},{\"@type\":\"Organization\",\"@id\":\"https:\/\/radiolifefm.com.br\/noticias\/#organization\",\"name\":\"R\u00e1dio Life FM\",\"alternateName\":\"Life FM\",\"url\":\"https:\/\/radiolifefm.com.br\/noticias\/\",\"logo\":{\"@type\":\"ImageObject\",\"inLanguage\":\"pt-BR\",\"@id\":\"https:\/\/radiolifefm.com.br\/noticias\/#\/schema\/logo\/image\/\",\"url\":\"https:\/\/static.radiolifefm.com.br\/noticias\/wp-content\/uploads\/2019\/10\/logo-lifefm.png\",\"contentUrl\":\"https:\/\/static.radiolifefm.com.br\/noticias\/wp-content\/uploads\/2019\/10\/logo-lifefm.png\",\"width\":196,\"height\":47,\"caption\":\"R\u00e1dio Life FM\"},\"image\":{\"@id\":\"https:\/\/radiolifefm.com.br\/noticias\/#\/schema\/logo\/image\/\"},\"sameAs\":[\"https:\/\/www.facebook.com\/radiolifefm\/\",\"https:\/\/www.instagram.com\/life1079fm\/\"]},{\"@type\":\"Person\",\"@id\":\"https:\/\/radiolifefm.com.br\/noticias\/#\/schema\/person\/1d4e4b1301322090c6221bf1c8420490\",\"name\":\"lifefm\",\"image\":{\"@type\":\"ImageObject\",\"inLanguage\":\"pt-BR\",\"@id\":\"https:\/\/secure.gravatar.com\/avatar\/eca268467d925ec97d20641bb054fd944c0abb2f92854171620706bbe6474e7c?s=96&d=mm&r=g\",\"url\":\"https:\/\/secure.gravatar.com\/avatar\/eca268467d925ec97d20641bb054fd944c0abb2f92854171620706bbe6474e7c?s=96&d=mm&r=g\",\"contentUrl\":\"https:\/\/secure.gravatar.com\/avatar\/eca268467d925ec97d20641bb054fd944c0abb2f92854171620706bbe6474e7c?s=96&d=mm&r=g\",\"caption\":\"lifefm\"}}]}<\/script>\n<!-- \/ Yoast SEO plugin. -->","yoast_head_json":{"title":"Pol\u00edcia Militar de OC prende dois traficantes nesta ter\u00e7a-feira (26) - R\u00e1dio Life FM","robots":{"index":"index","follow":"follow","max-snippet":"max-snippet:-1","max-image-preview":"max-image-preview:large","max-video-preview":"max-video-preview:-1"},"canonical":"https:\/\/radiolifefm.com.br\/noticias\/policia-militar-de-oc-prende-dois-traficantes-nesta-terca-feira-26\/","og_locale":"pt_BR","og_type":"article","og_title":"Pol\u00edcia Militar de OC prende dois traficantes nesta ter\u00e7a-feira (26) - R\u00e1dio Life FM","og_description":"Uma pris\u00e3o aconteceu na Vila Esperan\u00e7a e a outra na Vila S\u00e3o Jos\u00e9 Uma equipe da Pol\u00edcia Militar realizava patrulhamento na tarde desta ter\u00e7a-feira (26) pela Rua Armando Salles, no Centro de Osvaldo Cruz, quando visualizou um indiv\u00edduo de iniciais C.A.D., j\u00e1 conhecido nos meios policiais por comprar drogas e vender na cidade de Luc\u00e9lia, [&hellip;]","og_url":"https:\/\/radiolifefm.com.br\/noticias\/policia-militar-de-oc-prende-dois-traficantes-nesta-terca-feira-26\/","og_site_name":"R\u00e1dio Life FM","article_publisher":"https:\/\/www.facebook.com\/radiolifefm\/","article_published_time":"2019-11-27T12:32:38+00:00","article_modified_time":"2026-02-05T01:33:00+00:00","og_image":[{"width":605,"height":375,"url":"https:\/\/radiolifefm.com.br\/noticias\/wp-content\/uploads\/2019\/11\/Pol\u00edcia-Militar-Imagem-5-1.jpg","type":"image\/jpeg"}],"author":"lifefm","twitter_card":"summary_large_image","twitter_misc":{"Escrito por":"lifefm","Est. tempo de leitura":"2 minutos"},"schema":{"@context":"https:\/\/schema.org","@graph":[{"@type":"Article","@id":"https:\/\/radiolifefm.com.br\/noticias\/policia-militar-de-oc-prende-dois-traficantes-nesta-terca-feira-26\/#article","isPartOf":{"@id":"https:\/\/radiolifefm.com.br\/noticias\/policia-militar-de-oc-prende-dois-traficantes-nesta-terca-feira-26\/"},"author":{"name":"lifefm","@id":"https:\/\/radiolifefm.com.br\/noticias\/#\/schema\/person\/1d4e4b1301322090c6221bf1c8420490"},"headline":"Pol\u00edcia Militar de OC prende dois traficantes nesta ter\u00e7a-feira (26)","datePublished":"2019-11-27T12:32:38+00:00","dateModified":"2026-02-05T01:33:00+00:00","mainEntityOfPage":{"@id":"https:\/\/radiolifefm.com.br\/noticias\/policia-militar-de-oc-prende-dois-traficantes-nesta-terca-feira-26\/"},"wordCount":366,"publisher":{"@id":"https:\/\/radiolifefm.com.br\/noticias\/#organization"},"image":{"@id":"https:\/\/radiolifefm.com.br\/noticias\/policia-militar-de-oc-prende-dois-traficantes-nesta-terca-feira-26\/#primaryimage"},"thumbnailUrl":"https:\/\/radiolifefm.com.br\/noticias\/wp-content\/uploads\/2019\/11\/Pol\u00edcia-Militar-Imagem-5-1.jpg","articleSection":["Regi\u00e3o"],"inLanguage":"pt-BR"},{"@type":"WebPage","@id":"https:\/\/radiolifefm.com.br\/noticias\/policia-militar-de-oc-prende-dois-traficantes-nesta-terca-feira-26\/","url":"https:\/\/radiolifefm.com.br\/noticias\/policia-militar-de-oc-prende-dois-traficantes-nesta-terca-feira-26\/","name":"Pol\u00edcia Militar de OC prende dois traficantes nesta ter\u00e7a-feira (26) - R\u00e1dio Life FM","isPartOf":{"@id":"https:\/\/radiolifefm.com.br\/noticias\/#website"},"primaryImageOfPage":{"@id":"https:\/\/radiolifefm.com.br\/noticias\/policia-militar-de-oc-prende-dois-traficantes-nesta-terca-feira-26\/#primaryimage"},"image":{"@id":"https:\/\/radiolifefm.com.br\/noticias\/policia-militar-de-oc-prende-dois-traficantes-nesta-terca-feira-26\/#primaryimage"},"thumbnailUrl":"https:\/\/radiolifefm.com.br\/noticias\/wp-content\/uploads\/2019\/11\/Pol\u00edcia-Militar-Imagem-5-1.jpg","datePublished":"2019-11-27T12:32:38+00:00","dateModified":"2026-02-05T01:33:00+00:00","breadcrumb":{"@id":"https:\/\/radiolifefm.com.br\/noticias\/policia-militar-de-oc-prende-dois-traficantes-nesta-terca-feira-26\/#breadcrumb"},"inLanguage":"pt-BR","potentialAction":[{"@type":"ReadAction","target":["https:\/\/radiolifefm.com.br\/noticias\/policia-militar-de-oc-prende-dois-traficantes-nesta-terca-feira-26\/"]}]},{"@type":"ImageObject","inLanguage":"pt-BR","@id":"https:\/\/radiolifefm.com.br\/noticias\/policia-militar-de-oc-prende-dois-traficantes-nesta-terca-feira-26\/#primaryimage","url":"https:\/\/radiolifefm.com.br\/noticias\/wp-content\/uploads\/2019\/11\/Pol\u00edcia-Militar-Imagem-5-1.jpg","contentUrl":"https:\/\/radiolifefm.com.br\/noticias\/wp-content\/uploads\/2019\/11\/Pol\u00edcia-Militar-Imagem-5-1.jpg","width":605,"height":375},{"@type":"BreadcrumbList","@id":"https:\/\/radiolifefm.com.br\/noticias\/policia-militar-de-oc-prende-dois-traficantes-nesta-terca-feira-26\/#breadcrumb","itemListElement":[{"@type":"ListItem","position":1,"name":"In\u00edcio","item":"https:\/\/radiolifefm.com.br\/noticias\/"},{"@type":"ListItem","position":2,"name":"Pol\u00edcia Militar de OC prende dois traficantes nesta ter\u00e7a-feira (26)"}]},{"@type":"WebSite","@id":"https:\/\/radiolifefm.com.br\/noticias\/#website","url":"https:\/\/radiolifefm.com.br\/noticias\/","name":"R\u00e1dio Life FM","description":"O Portal de Not\u00edcias de Adamantina","publisher":{"@id":"https:\/\/radiolifefm.com.br\/noticias\/#organization"},"alternateName":"Life FM","potentialAction":[{"@type":"SearchAction","target":{"@type":"EntryPoint","urlTemplate":"https:\/\/radiolifefm.com.br\/noticias\/?s={search_term_string}"},"query-input":{"@type":"PropertyValueSpecification","valueRequired":true,"valueName":"search_term_string"}}],"inLanguage":"pt-BR"},{"@type":"Organization","@id":"https:\/\/radiolifefm.com.br\/noticias\/#organization","name":"R\u00e1dio Life FM","alternateName":"Life FM","url":"https:\/\/radiolifefm.com.br\/noticias\/","logo":{"@type":"ImageObject","inLanguage":"pt-BR","@id":"https:\/\/radiolifefm.com.br\/noticias\/#\/schema\/logo\/image\/","url":"https:\/\/static.radiolifefm.com.br\/noticias\/wp-content\/uploads\/2019\/10\/logo-lifefm.png","contentUrl":"https:\/\/static.radiolifefm.com.br\/noticias\/wp-content\/uploads\/2019\/10\/logo-lifefm.png","width":196,"height":47,"caption":"R\u00e1dio Life FM"},"image":{"@id":"https:\/\/radiolifefm.com.br\/noticias\/#\/schema\/logo\/image\/"},"sameAs":["https:\/\/www.facebook.com\/radiolifefm\/","https:\/\/www.instagram.com\/life1079fm\/"]},{"@type":"Person","@id":"https:\/\/radiolifefm.com.br\/noticias\/#\/schema\/person\/1d4e4b1301322090c6221bf1c8420490","name":"lifefm","image":{"@type":"ImageObject","inLanguage":"pt-BR","@id":"https:\/\/secure.gravatar.com\/avatar\/eca268467d925ec97d20641bb054fd944c0abb2f92854171620706bbe6474e7c?s=96&d=mm&r=g","url":"https:\/\/secure.gravatar.com\/avatar\/eca268467d925ec97d20641bb054fd944c0abb2f92854171620706bbe6474e7c?s=96&d=mm&r=g","contentUrl":"https:\/\/secure.gravatar.com\/avatar\/eca268467d925ec97d20641bb054fd944c0abb2f92854171620706bbe6474e7c?s=96&d=mm&r=g","caption":"lifefm"}}]}},"amp_enabled":true,"_links":{"self":[{"href":"https:\/\/radiolifefm.com.br\/noticias\/wp-json\/wp\/v2\/posts\/18416","targetHints":{"allow":["GET"]}}],"collection":[{"href":"https:\/\/radiolifefm.com.br\/noticias\/wp-json\/wp\/v2\/posts"}],"about":[{"href":"https:\/\/radiolifefm.com.br\/noticias\/wp-json\/wp\/v2\/types\/post"}],"author":[{"embeddable":true,"href":"https:\/\/radiolifefm.com.br\/noticias\/wp-json\/wp\/v2\/users\/3"}],"replies":[{"embeddable":true,"href":"https:\/\/radiolifefm.com.br\/noticias\/wp-json\/wp\/v2\/comments?post=18416"}],"version-history":[{"count":1,"href":"https:\/\/radiolifefm.com.br\/noticias\/wp-json\/wp\/v2\/posts\/18416\/revisions"}],"predecessor-version":[{"id":18418,"href":"https:\/\/radiolifefm.com.br\/noticias\/wp-json\/wp\/v2\/posts\/18416\/revisions\/18418"}],"wp:featuredmedia":[{"embeddable":true,"href":"https:\/\/radiolifefm.com.br\/noticias\/wp-json\/wp\/v2\/media\/18417"}],"wp:attachment":[{"href":"https:\/\/radiolifefm.com.br\/noticias\/wp-json\/wp\/v2\/media?parent=18416"}],"wp:term":[{"taxonomy":"category","embeddable":true,"href":"https:\/\/radiolifefm.com.br\/noticias\/wp-json\/wp\/v2\/categories?post=18416"},{"taxonomy":"post_tag","embeddable":true,"href":"https:\/\/radiolifefm.com.br\/noticias\/wp-json\/wp\/v2\/tags?post=18416"}],"curies":[{"name":"wp","href":"https:\/\/api.w.org\/{rel}","templated":true}]}}