{"id":18183,"date":"2019-11-22T10:03:02","date_gmt":"2019-11-22T13:03:02","guid":{"rendered":"https:\/\/radiolifefm.com.br\/noticias\/?p=18183"},"modified":"2026-04-08T10:24:57","modified_gmt":"2026-04-08T13:24:57","slug":"projeto-cesta-lucelia-comemora-dois-anos-neste-domingo","status":"publish","type":"post","link":"https:\/\/radiolifefm.com.br\/noticias\/projeto-cesta-lucelia-comemora-dois-anos-neste-domingo\/","title":{"rendered":"Projeto &#8220;Cesta Luc\u00e9lia&#8221; comemora dois anos neste domingo"},"content":{"rendered":"<div id=\"fb-root\"><\/div>\n<p><em>Inscri\u00e7\u00e3o at\u00e9 a tarde desta sexta-feira (22)<\/em><\/p>\n<p>O projeto Cesta Luc\u00e9lia, que tem como objetivo ajudar pessoas e o planeta a resgatarem o equil\u00edbrio sustent\u00e1vel, comemora neste domingo, 24 de novembro, na est\u00e2ncia Boa Esperan\u00e7a, em Luc\u00e9lia, o seu segundo anivers\u00e1rio.<\/p>\n<p><strong>O evento ter\u00e1 a seguinte programa\u00e7\u00e3o:<\/strong><\/p>\n<p>Yoga: Das 07h15 \u00e0s 08h00<\/p>\n<p>Caf\u00e9 da Manh\u00e3: Das 08h00 \u00e0s 08h30<\/p>\n<p>Oficina Agroflorestal: M\u00e3o na Terra &#8211; Uma constru\u00e7\u00e3o coletiva do conhecimento: Das 08h30 \u00e0s 12h00<\/p>\n<p>Oficina Culin\u00e1ria: Da horta para sua mesa: Das 09h00 \u00e0s 12h00<\/p>\n<p>Almo\u00e7o: Das 12h00 \u00e0s 13h30<\/p>\n<p>Feira Multicultural: Das 13h00 \u00e0s 19h00<\/p>\n<p>Palestra- Agrofloresta: Princ\u00edpios e Pr\u00e1tica: Das 13h30 \u00e0s 14h20<\/p>\n<p>Palestra 2: Das 14h30 \u00e0s 15h20<\/p>\n<p>Palestra 3: Das 15h30 \u00e0s 16h30<\/p>\n<p>Dan\u00e7a Circular: 17h00<\/p>\n<p>Ser\u00e1 cobrado R$ 30,00 por participantes que fizer a sua inscri\u00e7\u00e3o at\u00e9 a tarde desta sexta-feira (22). No domingo, o valor ser\u00e1 R$ 50,00. Estudantes pagam R$ 15,00. O valor cobrado ser\u00e1 para custear a alimenta\u00e7\u00e3o.<\/p>\n<p>A Cesta Luc\u00e9lia \u00e9 um projeto de agricultura com o ideal de ajudar as pessoas e o planeta a resgatarem o equil\u00edbrio sustent\u00e1vel.<\/p>\n<p>Cuidamos do solo para nutrir as pessoas e trazer sa\u00fade. Plantamos floresta para restaurar a natureza.<\/p>\n<p>Visamos conscientizar as pessoas por meio da reconex\u00e3o com a Terra, reduzir a produ\u00e7\u00e3o de lixo, usar res\u00edduos org\u00e2nicos como recurso e incentivar as trocas locais. Nosso valor fundamental \u00e9 o respeito ao Planeta e a todas as formas de vida.<\/p>\n<div class='flex flex-wrap items-center -mx-1'>\r\n<a class='thumbnail gallery p-1 w-1\/2 md:w-1\/4' href='https:\/\/radiolifefm.com.br\/noticias\/wp-content\/uploads\/2019\/11\/Cesta-Luc\u00e9lia-1.jpg'><img class='border border-white' src='https:\/\/radiolifefm.com.br\/noticias\/wp-content\/uploads\/2019\/11\/Cesta-Luc\u00e9lia-1-200x200.jpg' alt='Cesta Luc\u00e9lia   1' \/><\/a><\/div>\n<p>Fonte: Marcos Vazniac<\/p>\n","protected":false},"excerpt":{"rendered":"<p>Inscri\u00e7\u00e3o at\u00e9 a tarde desta sexta-feira (22) O projeto Cesta Luc\u00e9lia, que tem como objetivo ajudar pessoas e o planeta a resgatarem o equil\u00edbrio sustent\u00e1vel, comemora neste domingo, 24 de novembro, na est\u00e2ncia Boa Esperan\u00e7a, em Luc\u00e9lia, o seu segundo anivers\u00e1rio. O evento ter\u00e1 a seguinte programa\u00e7\u00e3o: Yoga: Das 07h15 \u00e0s 08h00 Caf\u00e9 da Manh\u00e3: [&hellip;]<\/p>\n","protected":false},"author":3,"featured_media":18184,"comment_status":"closed","ping_status":"open","sticky":false,"template":"","format":"standard","meta":{"_acf_changed":false,"_exactmetrics_skip_tracking":false,"_exactmetrics_sitenote_active":false,"_exactmetrics_sitenote_note":"","_exactmetrics_sitenote_category":0,"footnotes":""},"categories":[24],"tags":[],"class_list":["post-18183","post","type-post","status-publish","format-standard","has-post-thumbnail","hentry","category-regiao"],"acf":[],"yoast_head":"<!-- This site is optimized with the Yoast SEO plugin v27.2 - https:\/\/yoast.com\/product\/yoast-seo-wordpress\/ -->\n<title>Projeto &quot;Cesta Luc\u00e9lia&quot; comemora dois anos neste domingo - R\u00e1dio Life FM<\/title>\n<meta name=\"robots\" content=\"index, follow, max-snippet:-1, max-image-preview:large, max-video-preview:-1\" \/>\n<link rel=\"canonical\" href=\"https:\/\/radiolifefm.com.br\/noticias\/projeto-cesta-lucelia-comemora-dois-anos-neste-domingo\/\" \/>\n<meta property=\"og:locale\" content=\"pt_BR\" \/>\n<meta property=\"og:type\" content=\"article\" \/>\n<meta property=\"og:title\" content=\"Projeto &quot;Cesta Luc\u00e9lia&quot; comemora dois anos neste domingo - R\u00e1dio Life FM\" \/>\n<meta property=\"og:description\" content=\"Inscri\u00e7\u00e3o at\u00e9 a tarde desta sexta-feira (22) O projeto Cesta Luc\u00e9lia, que tem como objetivo ajudar pessoas e o planeta a resgatarem o equil\u00edbrio sustent\u00e1vel, comemora neste domingo, 24 de novembro, na est\u00e2ncia Boa Esperan\u00e7a, em Luc\u00e9lia, o seu segundo anivers\u00e1rio. O evento ter\u00e1 a seguinte programa\u00e7\u00e3o: Yoga: Das 07h15 \u00e0s 08h00 Caf\u00e9 da Manh\u00e3: [&hellip;]\" \/>\n<meta property=\"og:url\" content=\"https:\/\/radiolifefm.com.br\/noticias\/projeto-cesta-lucelia-comemora-dois-anos-neste-domingo\/\" \/>\n<meta property=\"og:site_name\" content=\"R\u00e1dio Life FM\" \/>\n<meta property=\"article:publisher\" content=\"https:\/\/www.facebook.com\/radiolifefm\/\" \/>\n<meta property=\"article:published_time\" content=\"2019-11-22T13:03:02+00:00\" \/>\n<meta property=\"article:modified_time\" content=\"2026-04-08T13:24:57+00:00\" \/>\n<meta property=\"og:image\" content=\"https:\/\/radiolifefm.com.br\/noticias\/wp-content\/uploads\/2019\/11\/Cesta-Luc\u00e9lia.jpg\" \/>\n\t<meta property=\"og:image:width\" content=\"610\" \/>\n\t<meta property=\"og:image:height\" content=\"458\" \/>\n\t<meta property=\"og:image:type\" content=\"image\/jpeg\" \/>\n<meta name=\"author\" content=\"lifefm\" \/>\n<meta name=\"twitter:card\" content=\"summary_large_image\" \/>\n<meta name=\"twitter:label1\" content=\"Escrito por\" \/>\n\t<meta name=\"twitter:data1\" content=\"lifefm\" \/>\n\t<meta name=\"twitter:label2\" content=\"Est. tempo de leitura\" \/>\n\t<meta name=\"twitter:data2\" content=\"1 minuto\" \/>\n<script type=\"application\/ld+json\" class=\"yoast-schema-graph\">{\"@context\":\"https:\/\/schema.org\",\"@graph\":[{\"@type\":\"Article\",\"@id\":\"https:\/\/radiolifefm.com.br\/noticias\/projeto-cesta-lucelia-comemora-dois-anos-neste-domingo\/#article\",\"isPartOf\":{\"@id\":\"https:\/\/radiolifefm.com.br\/noticias\/projeto-cesta-lucelia-comemora-dois-anos-neste-domingo\/\"},\"author\":{\"name\":\"lifefm\",\"@id\":\"https:\/\/radiolifefm.com.br\/noticias\/#\/schema\/person\/1d4e4b1301322090c6221bf1c8420490\"},\"headline\":\"Projeto &#8220;Cesta Luc\u00e9lia&#8221; comemora dois anos neste domingo\",\"datePublished\":\"2019-11-22T13:03:02+00:00\",\"dateModified\":\"2026-04-08T13:24:57+00:00\",\"mainEntityOfPage\":{\"@id\":\"https:\/\/radiolifefm.com.br\/noticias\/projeto-cesta-lucelia-comemora-dois-anos-neste-domingo\/\"},\"wordCount\":266,\"publisher\":{\"@id\":\"https:\/\/radiolifefm.com.br\/noticias\/#organization\"},\"image\":{\"@id\":\"https:\/\/radiolifefm.com.br\/noticias\/projeto-cesta-lucelia-comemora-dois-anos-neste-domingo\/#primaryimage\"},\"thumbnailUrl\":\"https:\/\/radiolifefm.com.br\/noticias\/wp-content\/uploads\/2019\/11\/Cesta-Luc\u00e9lia.jpg\",\"articleSection\":[\"Regi\u00e3o\"],\"inLanguage\":\"pt-BR\"},{\"@type\":\"WebPage\",\"@id\":\"https:\/\/radiolifefm.com.br\/noticias\/projeto-cesta-lucelia-comemora-dois-anos-neste-domingo\/\",\"url\":\"https:\/\/radiolifefm.com.br\/noticias\/projeto-cesta-lucelia-comemora-dois-anos-neste-domingo\/\",\"name\":\"Projeto \\\"Cesta Luc\u00e9lia\\\" comemora dois anos neste domingo - R\u00e1dio Life FM\",\"isPartOf\":{\"@id\":\"https:\/\/radiolifefm.com.br\/noticias\/#website\"},\"primaryImageOfPage\":{\"@id\":\"https:\/\/radiolifefm.com.br\/noticias\/projeto-cesta-lucelia-comemora-dois-anos-neste-domingo\/#primaryimage\"},\"image\":{\"@id\":\"https:\/\/radiolifefm.com.br\/noticias\/projeto-cesta-lucelia-comemora-dois-anos-neste-domingo\/#primaryimage\"},\"thumbnailUrl\":\"https:\/\/radiolifefm.com.br\/noticias\/wp-content\/uploads\/2019\/11\/Cesta-Luc\u00e9lia.jpg\",\"datePublished\":\"2019-11-22T13:03:02+00:00\",\"dateModified\":\"2026-04-08T13:24:57+00:00\",\"breadcrumb\":{\"@id\":\"https:\/\/radiolifefm.com.br\/noticias\/projeto-cesta-lucelia-comemora-dois-anos-neste-domingo\/#breadcrumb\"},\"inLanguage\":\"pt-BR\",\"potentialAction\":[{\"@type\":\"ReadAction\",\"target\":[\"https:\/\/radiolifefm.com.br\/noticias\/projeto-cesta-lucelia-comemora-dois-anos-neste-domingo\/\"]}]},{\"@type\":\"ImageObject\",\"inLanguage\":\"pt-BR\",\"@id\":\"https:\/\/radiolifefm.com.br\/noticias\/projeto-cesta-lucelia-comemora-dois-anos-neste-domingo\/#primaryimage\",\"url\":\"https:\/\/radiolifefm.com.br\/noticias\/wp-content\/uploads\/2019\/11\/Cesta-Luc\u00e9lia.jpg\",\"contentUrl\":\"https:\/\/radiolifefm.com.br\/noticias\/wp-content\/uploads\/2019\/11\/Cesta-Luc\u00e9lia.jpg\",\"width\":610,\"height\":458},{\"@type\":\"BreadcrumbList\",\"@id\":\"https:\/\/radiolifefm.com.br\/noticias\/projeto-cesta-lucelia-comemora-dois-anos-neste-domingo\/#breadcrumb\",\"itemListElement\":[{\"@type\":\"ListItem\",\"position\":1,\"name\":\"In\u00edcio\",\"item\":\"https:\/\/radiolifefm.com.br\/noticias\/\"},{\"@type\":\"ListItem\",\"position\":2,\"name\":\"Projeto &#8220;Cesta Luc\u00e9lia&#8221; comemora dois anos neste domingo\"}]},{\"@type\":\"WebSite\",\"@id\":\"https:\/\/radiolifefm.com.br\/noticias\/#website\",\"url\":\"https:\/\/radiolifefm.com.br\/noticias\/\",\"name\":\"R\u00e1dio Life FM\",\"description\":\"O Portal de Not\u00edcias de Adamantina\",\"publisher\":{\"@id\":\"https:\/\/radiolifefm.com.br\/noticias\/#organization\"},\"alternateName\":\"Life FM\",\"potentialAction\":[{\"@type\":\"SearchAction\",\"target\":{\"@type\":\"EntryPoint\",\"urlTemplate\":\"https:\/\/radiolifefm.com.br\/noticias\/?s={search_term_string}\"},\"query-input\":{\"@type\":\"PropertyValueSpecification\",\"valueRequired\":true,\"valueName\":\"search_term_string\"}}],\"inLanguage\":\"pt-BR\"},{\"@type\":\"Organization\",\"@id\":\"https:\/\/radiolifefm.com.br\/noticias\/#organization\",\"name\":\"R\u00e1dio Life FM\",\"alternateName\":\"Life FM\",\"url\":\"https:\/\/radiolifefm.com.br\/noticias\/\",\"logo\":{\"@type\":\"ImageObject\",\"inLanguage\":\"pt-BR\",\"@id\":\"https:\/\/radiolifefm.com.br\/noticias\/#\/schema\/logo\/image\/\",\"url\":\"https:\/\/static.radiolifefm.com.br\/noticias\/wp-content\/uploads\/2019\/10\/logo-lifefm.png\",\"contentUrl\":\"https:\/\/static.radiolifefm.com.br\/noticias\/wp-content\/uploads\/2019\/10\/logo-lifefm.png\",\"width\":196,\"height\":47,\"caption\":\"R\u00e1dio Life FM\"},\"image\":{\"@id\":\"https:\/\/radiolifefm.com.br\/noticias\/#\/schema\/logo\/image\/\"},\"sameAs\":[\"https:\/\/www.facebook.com\/radiolifefm\/\",\"https:\/\/www.instagram.com\/life1079fm\/\"]},{\"@type\":\"Person\",\"@id\":\"https:\/\/radiolifefm.com.br\/noticias\/#\/schema\/person\/1d4e4b1301322090c6221bf1c8420490\",\"name\":\"lifefm\",\"image\":{\"@type\":\"ImageObject\",\"inLanguage\":\"pt-BR\",\"@id\":\"https:\/\/secure.gravatar.com\/avatar\/eca268467d925ec97d20641bb054fd944c0abb2f92854171620706bbe6474e7c?s=96&d=mm&r=g\",\"url\":\"https:\/\/secure.gravatar.com\/avatar\/eca268467d925ec97d20641bb054fd944c0abb2f92854171620706bbe6474e7c?s=96&d=mm&r=g\",\"contentUrl\":\"https:\/\/secure.gravatar.com\/avatar\/eca268467d925ec97d20641bb054fd944c0abb2f92854171620706bbe6474e7c?s=96&d=mm&r=g\",\"caption\":\"lifefm\"}}]}<\/script>\n<!-- \/ Yoast SEO plugin. -->","yoast_head_json":{"title":"Projeto \"Cesta Luc\u00e9lia\" comemora dois anos neste domingo - R\u00e1dio Life FM","robots":{"index":"index","follow":"follow","max-snippet":"max-snippet:-1","max-image-preview":"max-image-preview:large","max-video-preview":"max-video-preview:-1"},"canonical":"https:\/\/radiolifefm.com.br\/noticias\/projeto-cesta-lucelia-comemora-dois-anos-neste-domingo\/","og_locale":"pt_BR","og_type":"article","og_title":"Projeto \"Cesta Luc\u00e9lia\" comemora dois anos neste domingo - R\u00e1dio Life FM","og_description":"Inscri\u00e7\u00e3o at\u00e9 a tarde desta sexta-feira (22) O projeto Cesta Luc\u00e9lia, que tem como objetivo ajudar pessoas e o planeta a resgatarem o equil\u00edbrio sustent\u00e1vel, comemora neste domingo, 24 de novembro, na est\u00e2ncia Boa Esperan\u00e7a, em Luc\u00e9lia, o seu segundo anivers\u00e1rio. O evento ter\u00e1 a seguinte programa\u00e7\u00e3o: Yoga: Das 07h15 \u00e0s 08h00 Caf\u00e9 da Manh\u00e3: [&hellip;]","og_url":"https:\/\/radiolifefm.com.br\/noticias\/projeto-cesta-lucelia-comemora-dois-anos-neste-domingo\/","og_site_name":"R\u00e1dio Life FM","article_publisher":"https:\/\/www.facebook.com\/radiolifefm\/","article_published_time":"2019-11-22T13:03:02+00:00","article_modified_time":"2026-04-08T13:24:57+00:00","og_image":[{"width":610,"height":458,"url":"https:\/\/radiolifefm.com.br\/noticias\/wp-content\/uploads\/2019\/11\/Cesta-Luc\u00e9lia.jpg","type":"image\/jpeg"}],"author":"lifefm","twitter_card":"summary_large_image","twitter_misc":{"Escrito por":"lifefm","Est. tempo de leitura":"1 minuto"},"schema":{"@context":"https:\/\/schema.org","@graph":[{"@type":"Article","@id":"https:\/\/radiolifefm.com.br\/noticias\/projeto-cesta-lucelia-comemora-dois-anos-neste-domingo\/#article","isPartOf":{"@id":"https:\/\/radiolifefm.com.br\/noticias\/projeto-cesta-lucelia-comemora-dois-anos-neste-domingo\/"},"author":{"name":"lifefm","@id":"https:\/\/radiolifefm.com.br\/noticias\/#\/schema\/person\/1d4e4b1301322090c6221bf1c8420490"},"headline":"Projeto &#8220;Cesta Luc\u00e9lia&#8221; comemora dois anos neste domingo","datePublished":"2019-11-22T13:03:02+00:00","dateModified":"2026-04-08T13:24:57+00:00","mainEntityOfPage":{"@id":"https:\/\/radiolifefm.com.br\/noticias\/projeto-cesta-lucelia-comemora-dois-anos-neste-domingo\/"},"wordCount":266,"publisher":{"@id":"https:\/\/radiolifefm.com.br\/noticias\/#organization"},"image":{"@id":"https:\/\/radiolifefm.com.br\/noticias\/projeto-cesta-lucelia-comemora-dois-anos-neste-domingo\/#primaryimage"},"thumbnailUrl":"https:\/\/radiolifefm.com.br\/noticias\/wp-content\/uploads\/2019\/11\/Cesta-Luc\u00e9lia.jpg","articleSection":["Regi\u00e3o"],"inLanguage":"pt-BR"},{"@type":"WebPage","@id":"https:\/\/radiolifefm.com.br\/noticias\/projeto-cesta-lucelia-comemora-dois-anos-neste-domingo\/","url":"https:\/\/radiolifefm.com.br\/noticias\/projeto-cesta-lucelia-comemora-dois-anos-neste-domingo\/","name":"Projeto \"Cesta Luc\u00e9lia\" comemora dois anos neste domingo - R\u00e1dio Life FM","isPartOf":{"@id":"https:\/\/radiolifefm.com.br\/noticias\/#website"},"primaryImageOfPage":{"@id":"https:\/\/radiolifefm.com.br\/noticias\/projeto-cesta-lucelia-comemora-dois-anos-neste-domingo\/#primaryimage"},"image":{"@id":"https:\/\/radiolifefm.com.br\/noticias\/projeto-cesta-lucelia-comemora-dois-anos-neste-domingo\/#primaryimage"},"thumbnailUrl":"https:\/\/radiolifefm.com.br\/noticias\/wp-content\/uploads\/2019\/11\/Cesta-Luc\u00e9lia.jpg","datePublished":"2019-11-22T13:03:02+00:00","dateModified":"2026-04-08T13:24:57+00:00","breadcrumb":{"@id":"https:\/\/radiolifefm.com.br\/noticias\/projeto-cesta-lucelia-comemora-dois-anos-neste-domingo\/#breadcrumb"},"inLanguage":"pt-BR","potentialAction":[{"@type":"ReadAction","target":["https:\/\/radiolifefm.com.br\/noticias\/projeto-cesta-lucelia-comemora-dois-anos-neste-domingo\/"]}]},{"@type":"ImageObject","inLanguage":"pt-BR","@id":"https:\/\/radiolifefm.com.br\/noticias\/projeto-cesta-lucelia-comemora-dois-anos-neste-domingo\/#primaryimage","url":"https:\/\/radiolifefm.com.br\/noticias\/wp-content\/uploads\/2019\/11\/Cesta-Luc\u00e9lia.jpg","contentUrl":"https:\/\/radiolifefm.com.br\/noticias\/wp-content\/uploads\/2019\/11\/Cesta-Luc\u00e9lia.jpg","width":610,"height":458},{"@type":"BreadcrumbList","@id":"https:\/\/radiolifefm.com.br\/noticias\/projeto-cesta-lucelia-comemora-dois-anos-neste-domingo\/#breadcrumb","itemListElement":[{"@type":"ListItem","position":1,"name":"In\u00edcio","item":"https:\/\/radiolifefm.com.br\/noticias\/"},{"@type":"ListItem","position":2,"name":"Projeto &#8220;Cesta Luc\u00e9lia&#8221; comemora dois anos neste domingo"}]},{"@type":"WebSite","@id":"https:\/\/radiolifefm.com.br\/noticias\/#website","url":"https:\/\/radiolifefm.com.br\/noticias\/","name":"R\u00e1dio Life FM","description":"O Portal de Not\u00edcias de Adamantina","publisher":{"@id":"https:\/\/radiolifefm.com.br\/noticias\/#organization"},"alternateName":"Life FM","potentialAction":[{"@type":"SearchAction","target":{"@type":"EntryPoint","urlTemplate":"https:\/\/radiolifefm.com.br\/noticias\/?s={search_term_string}"},"query-input":{"@type":"PropertyValueSpecification","valueRequired":true,"valueName":"search_term_string"}}],"inLanguage":"pt-BR"},{"@type":"Organization","@id":"https:\/\/radiolifefm.com.br\/noticias\/#organization","name":"R\u00e1dio Life FM","alternateName":"Life FM","url":"https:\/\/radiolifefm.com.br\/noticias\/","logo":{"@type":"ImageObject","inLanguage":"pt-BR","@id":"https:\/\/radiolifefm.com.br\/noticias\/#\/schema\/logo\/image\/","url":"https:\/\/static.radiolifefm.com.br\/noticias\/wp-content\/uploads\/2019\/10\/logo-lifefm.png","contentUrl":"https:\/\/static.radiolifefm.com.br\/noticias\/wp-content\/uploads\/2019\/10\/logo-lifefm.png","width":196,"height":47,"caption":"R\u00e1dio Life FM"},"image":{"@id":"https:\/\/radiolifefm.com.br\/noticias\/#\/schema\/logo\/image\/"},"sameAs":["https:\/\/www.facebook.com\/radiolifefm\/","https:\/\/www.instagram.com\/life1079fm\/"]},{"@type":"Person","@id":"https:\/\/radiolifefm.com.br\/noticias\/#\/schema\/person\/1d4e4b1301322090c6221bf1c8420490","name":"lifefm","image":{"@type":"ImageObject","inLanguage":"pt-BR","@id":"https:\/\/secure.gravatar.com\/avatar\/eca268467d925ec97d20641bb054fd944c0abb2f92854171620706bbe6474e7c?s=96&d=mm&r=g","url":"https:\/\/secure.gravatar.com\/avatar\/eca268467d925ec97d20641bb054fd944c0abb2f92854171620706bbe6474e7c?s=96&d=mm&r=g","contentUrl":"https:\/\/secure.gravatar.com\/avatar\/eca268467d925ec97d20641bb054fd944c0abb2f92854171620706bbe6474e7c?s=96&d=mm&r=g","caption":"lifefm"}}]}},"amp_enabled":true,"_links":{"self":[{"href":"https:\/\/radiolifefm.com.br\/noticias\/wp-json\/wp\/v2\/posts\/18183","targetHints":{"allow":["GET"]}}],"collection":[{"href":"https:\/\/radiolifefm.com.br\/noticias\/wp-json\/wp\/v2\/posts"}],"about":[{"href":"https:\/\/radiolifefm.com.br\/noticias\/wp-json\/wp\/v2\/types\/post"}],"author":[{"embeddable":true,"href":"https:\/\/radiolifefm.com.br\/noticias\/wp-json\/wp\/v2\/users\/3"}],"replies":[{"embeddable":true,"href":"https:\/\/radiolifefm.com.br\/noticias\/wp-json\/wp\/v2\/comments?post=18183"}],"version-history":[{"count":1,"href":"https:\/\/radiolifefm.com.br\/noticias\/wp-json\/wp\/v2\/posts\/18183\/revisions"}],"predecessor-version":[{"id":18186,"href":"https:\/\/radiolifefm.com.br\/noticias\/wp-json\/wp\/v2\/posts\/18183\/revisions\/18186"}],"wp:featuredmedia":[{"embeddable":true,"href":"https:\/\/radiolifefm.com.br\/noticias\/wp-json\/wp\/v2\/media\/18184"}],"wp:attachment":[{"href":"https:\/\/radiolifefm.com.br\/noticias\/wp-json\/wp\/v2\/media?parent=18183"}],"wp:term":[{"taxonomy":"category","embeddable":true,"href":"https:\/\/radiolifefm.com.br\/noticias\/wp-json\/wp\/v2\/categories?post=18183"},{"taxonomy":"post_tag","embeddable":true,"href":"https:\/\/radiolifefm.com.br\/noticias\/wp-json\/wp\/v2\/tags?post=18183"}],"curies":[{"name":"wp","href":"https:\/\/api.w.org\/{rel}","templated":true}]}}