{"id":18086,"date":"2019-11-20T07:35:06","date_gmt":"2019-11-20T10:35:06","guid":{"rendered":"https:\/\/radiolifefm.com.br\/noticias\/?p=18086"},"modified":"2026-04-24T08:43:49","modified_gmt":"2026-04-24T11:43:49","slug":"historia-e-televisao-regional-reflexao-mais-do-que-necessaria-sergio-barbosa-opiniao","status":"publish","type":"post","link":"https:\/\/radiolifefm.com.br\/noticias\/historia-e-televisao-regional-reflexao-mais-do-que-necessaria-sergio-barbosa-opiniao\/","title":{"rendered":"HIST\u00d3RIA E TELEVIS\u00c3O REGIONAL: Reflex\u00e3o mais do que necess\u00e1ria&#8230; &#8211; S\u00e9rgio Barbosa &#8211; Opini\u00e3o"},"content":{"rendered":"<div id=\"fb-root\"><\/div>\n<p><strong>HIST\u00d3RIA E TELEVIS\u00c3O REGIONAL: Reflex\u00e3o mais do que necess\u00e1ria&#8230;<\/strong><\/p>\n<p><em>\u201cN\u00e3o gosto quando me olham e me julgam, deveriam julgar quem est\u00e1 de terno e gravata na televis\u00e3o mentindo e envergonhando um pa\u00eds, eu n\u00e3o engano ningu\u00e9m.\u201d Ve-k (Veronicka Meirelles)<\/em><\/p>\n<p><em>S\u00e9rgio Barbosa (*)<\/em><\/p>\n<p>O in\u00edcio da Hist\u00f3ria da TV no Brasil \u00e9 18 de setembro de 1950, neste dia foi \u201cao ar\u201d a primeira emissora televisiva brasileira, tamb\u00e9m, pioneira na Am\u00e9rica Latina, a PRF-3, TV Tupi, Canal 3 de S\u00e3o Paulo.<\/p>\n<p>Montada e executada pelo empres\u00e1rio Assis Chateaubriand, fundador dos \u201cDi\u00e1rios Associados\u201d e teve como primeiro diretor, Cassiano Gabus Mendes, sendo que a transmiss\u00e3o veiculada pelos est\u00fadios da TV Tupi no Alto do Sumar\u00e9 na capital paulista, irradiada pela antena localizada no topo do Edif\u00edcio do Banco do Estado de S.Paulo, deixou os telespectadores surpresos mediante os 200 aparelhos dispon\u00edveis na capital.<\/p>\n<p>Chateaubriand com esta proposta empresarial funda o primeiro oligop\u00f3lio comunicacional brasileiro no contexto da iniciativa privada, neste momento, a TV segue o mesmo padr\u00e3o das emissoras de r\u00e1dio no aspecto da regulamenta\u00e7\u00e3o, sustentada e mantida pela publicidade, vinculando a ind\u00fastria de bens material e cultural e a ind\u00fastria de bens tradicionais ao consumo, neste cen\u00e1rio, a proposta em curso \u00e9 a pol\u00edtica de desenvolvimento do presidente Juscelino Kubitschek.<\/p>\n<p><strong>TV Regional:<\/strong><br \/>\nA TV em sua proposta regional surge, ainda, na d\u00e9cada de 50 com uma proposta no interior paulista, na cidade de Bauru, aportando desta forma como um marco pioneiro para o padr\u00e3o televisivo em andamento, destacando como meio de comunica\u00e7\u00e3o num contexto de pioneirismo para o in\u00edcio da Hist\u00f3ria da Televis\u00e3o no Brasil.<\/p>\n<p>Depois das comemora\u00e7\u00f5es do \u201cCinq\u00fcenten\u00e1rio da TV no Brasil\u201d, ocorrido no ano de 2.000, faz-se necess\u00e1rio registrar novas etapas para uma contextualiza\u00e7\u00e3o hist\u00f3rico-midi\u00e1tica deste meio comunicacional, tendo em vista, as mudan\u00e7as em \u00e1reas afins aos interesses deste ve\u00edculo de m\u00eddia, destacando a legisla\u00e7\u00e3o voltada para a regulamenta\u00e7\u00e3o da TV no Brasil.<\/p>\n<p>As empresas de r\u00e1dio e televis\u00e3o \u2013 em especial as emissoras de TV \u2013 est\u00e3o redirecionando suas posturas editoriais, voltando-se para as regi\u00f5es em que est\u00e3o inseridas. A nova pol\u00edtica de regionaliza\u00e7\u00e3o das programa\u00e7\u00f5es tem atra\u00eddo um p\u00fablico final ansioso por informa\u00e7\u00f5es da sua comunidade, bairro, cidade e regi\u00e3o que, enfim, quer se ver na telinha.<\/p>\n<p>A redescoberta desse foco encurtou a dist\u00e2ncia entre emissor e receptor, que se confundem no \u201cfazer TV\u201d, e posiciona as emissoras de r\u00e1dio e televis\u00e3o no mesmo patamar que as originou, quando eram estritamente locais ou regionais. Assim, volta ao modelo do passado sinaliza perspectivas futuras.<\/p>\n<p>No entanto, na atualidade, n\u00e3o h\u00e1 qualquer regulamenta\u00e7\u00e3o oficial sobre a presen\u00e7a obrigat\u00f3ria de temas regionais nas programa\u00e7\u00f5es das emissoras. Aquilo que tem sido alcan\u00e7ado at\u00e9 ent\u00e3o se deve \u00e0 iniciativa das empresas ou grupos comunicacionais em realinharem seus objetivos, ainda, direcionados ao p\u00fablico regional.<\/p>\n<div class='flex flex-wrap items-center -mx-1'>\r\n<a class='thumbnail gallery p-1 w-1\/2 md:w-1\/4' href='https:\/\/radiolifefm.com.br\/noticias\/wp-content\/uploads\/2019\/11\/Sebar-7.jpg'><img class='border border-white' src='https:\/\/radiolifefm.com.br\/noticias\/wp-content\/uploads\/2019\/11\/Sebar-7-200x200.jpg' alt='Sebar' \/><\/a><a class='thumbnail gallery p-1 w-1\/2 md:w-1\/4' href='https:\/\/radiolifefm.com.br\/noticias\/wp-content\/uploads\/2019\/11\/Sebar-1-2.jpg'><img class='border border-white' src='https:\/\/radiolifefm.com.br\/noticias\/wp-content\/uploads\/2019\/11\/Sebar-1-2-200x200.jpg' alt='Sebar   1' \/><\/a><a class='thumbnail gallery p-1 w-1\/2 md:w-1\/4' href='https:\/\/radiolifefm.com.br\/noticias\/wp-content\/uploads\/2019\/11\/Sebar-4-2.jpg'><img class='border border-white' src='https:\/\/radiolifefm.com.br\/noticias\/wp-content\/uploads\/2019\/11\/Sebar-4-2-200x200.jpg' alt='Sebar   4' \/><\/a><a class='thumbnail gallery p-1 w-1\/2 md:w-1\/4' href='https:\/\/radiolifefm.com.br\/noticias\/wp-content\/uploads\/2019\/11\/Sebar-5-1.jpg'><img class='border border-white' src='https:\/\/radiolifefm.com.br\/noticias\/wp-content\/uploads\/2019\/11\/Sebar-5-1-200x200.jpg' alt='Sebar   5' \/><\/a><\/div>\n<p>____________________________________<br \/>\n(*) Jornalista Diplomado e desenvolveu atividades Acad\u00eamicas como PESQUISADOR-COLABORADOR da C\u00c1TEDRA UNESCO\/METODISTA DE COMUNICA\u00c7\u00c3O PARA O DESENVOLVIMENTO REGIONAL (1998\/2018).<\/p>\n","protected":false},"excerpt":{"rendered":"<p>HIST\u00d3RIA E TELEVIS\u00c3O REGIONAL: Reflex\u00e3o mais do que necess\u00e1ria&#8230; \u201cN\u00e3o gosto quando me olham e me julgam, deveriam julgar quem est\u00e1 de terno e gravata na televis\u00e3o mentindo e envergonhando um pa\u00eds, eu n\u00e3o engano ningu\u00e9m.\u201d Ve-k (Veronicka Meirelles) S\u00e9rgio Barbosa (*) O in\u00edcio da Hist\u00f3ria da TV no Brasil \u00e9 18 de setembro de [&hellip;]<\/p>\n","protected":false},"author":3,"featured_media":18090,"comment_status":"closed","ping_status":"open","sticky":false,"template":"","format":"standard","meta":{"_acf_changed":false,"_exactmetrics_skip_tracking":false,"_exactmetrics_sitenote_active":false,"_exactmetrics_sitenote_note":"","_exactmetrics_sitenote_category":0,"footnotes":""},"categories":[59],"tags":[],"class_list":["post-18086","post","type-post","status-publish","format-standard","has-post-thumbnail","hentry","category-opiniao"],"acf":[],"yoast_head":"<!-- This site is optimized with the Yoast SEO plugin v27.2 - https:\/\/yoast.com\/product\/yoast-seo-wordpress\/ -->\n<title>HIST\u00d3RIA E TELEVIS\u00c3O REGIONAL: Reflex\u00e3o mais do que necess\u00e1ria... - S\u00e9rgio Barbosa - Opini\u00e3o - R\u00e1dio Life FM<\/title>\n<meta name=\"robots\" content=\"index, follow, max-snippet:-1, max-image-preview:large, max-video-preview:-1\" \/>\n<link rel=\"canonical\" href=\"https:\/\/radiolifefm.com.br\/noticias\/historia-e-televisao-regional-reflexao-mais-do-que-necessaria-sergio-barbosa-opiniao\/\" \/>\n<meta property=\"og:locale\" content=\"pt_BR\" \/>\n<meta property=\"og:type\" content=\"article\" \/>\n<meta property=\"og:title\" content=\"HIST\u00d3RIA E TELEVIS\u00c3O REGIONAL: Reflex\u00e3o mais do que necess\u00e1ria... - S\u00e9rgio Barbosa - Opini\u00e3o - R\u00e1dio Life FM\" \/>\n<meta property=\"og:description\" content=\"HIST\u00d3RIA E TELEVIS\u00c3O REGIONAL: Reflex\u00e3o mais do que necess\u00e1ria&#8230; \u201cN\u00e3o gosto quando me olham e me julgam, deveriam julgar quem est\u00e1 de terno e gravata na televis\u00e3o mentindo e envergonhando um pa\u00eds, eu n\u00e3o engano ningu\u00e9m.\u201d Ve-k (Veronicka Meirelles) S\u00e9rgio Barbosa (*) O in\u00edcio da Hist\u00f3ria da TV no Brasil \u00e9 18 de setembro de [&hellip;]\" \/>\n<meta property=\"og:url\" content=\"https:\/\/radiolifefm.com.br\/noticias\/historia-e-televisao-regional-reflexao-mais-do-que-necessaria-sergio-barbosa-opiniao\/\" \/>\n<meta property=\"og:site_name\" content=\"R\u00e1dio Life FM\" \/>\n<meta property=\"article:publisher\" content=\"https:\/\/www.facebook.com\/radiolifefm\/\" \/>\n<meta property=\"article:published_time\" content=\"2019-11-20T10:35:06+00:00\" \/>\n<meta property=\"article:modified_time\" content=\"2026-04-24T11:43:49+00:00\" \/>\n<meta property=\"og:image\" content=\"https:\/\/radiolifefm.com.br\/noticias\/wp-content\/uploads\/2019\/11\/Sebar-3-3-1024x768.jpg\" \/>\n\t<meta property=\"og:image:width\" content=\"1024\" \/>\n\t<meta property=\"og:image:height\" content=\"768\" \/>\n\t<meta property=\"og:image:type\" content=\"image\/jpeg\" \/>\n<meta name=\"author\" content=\"lifefm\" \/>\n<meta name=\"twitter:card\" content=\"summary_large_image\" \/>\n<meta name=\"twitter:label1\" content=\"Escrito por\" \/>\n\t<meta name=\"twitter:data1\" content=\"lifefm\" \/>\n\t<meta name=\"twitter:label2\" content=\"Est. tempo de leitura\" \/>\n\t<meta name=\"twitter:data2\" content=\"3 minutos\" \/>\n<script type=\"application\/ld+json\" class=\"yoast-schema-graph\">{\"@context\":\"https:\/\/schema.org\",\"@graph\":[{\"@type\":\"Article\",\"@id\":\"https:\/\/radiolifefm.com.br\/noticias\/historia-e-televisao-regional-reflexao-mais-do-que-necessaria-sergio-barbosa-opiniao\/#article\",\"isPartOf\":{\"@id\":\"https:\/\/radiolifefm.com.br\/noticias\/historia-e-televisao-regional-reflexao-mais-do-que-necessaria-sergio-barbosa-opiniao\/\"},\"author\":{\"name\":\"lifefm\",\"@id\":\"https:\/\/radiolifefm.com.br\/noticias\/#\/schema\/person\/1d4e4b1301322090c6221bf1c8420490\"},\"headline\":\"HIST\u00d3RIA E TELEVIS\u00c3O REGIONAL: Reflex\u00e3o mais do que necess\u00e1ria&#8230; &#8211; S\u00e9rgio Barbosa &#8211; Opini\u00e3o\",\"datePublished\":\"2019-11-20T10:35:06+00:00\",\"dateModified\":\"2026-04-24T11:43:49+00:00\",\"mainEntityOfPage\":{\"@id\":\"https:\/\/radiolifefm.com.br\/noticias\/historia-e-televisao-regional-reflexao-mais-do-que-necessaria-sergio-barbosa-opiniao\/\"},\"wordCount\":564,\"publisher\":{\"@id\":\"https:\/\/radiolifefm.com.br\/noticias\/#organization\"},\"image\":{\"@id\":\"https:\/\/radiolifefm.com.br\/noticias\/historia-e-televisao-regional-reflexao-mais-do-que-necessaria-sergio-barbosa-opiniao\/#primaryimage\"},\"thumbnailUrl\":\"https:\/\/radiolifefm.com.br\/noticias\/wp-content\/uploads\/2019\/11\/Sebar-3-3.jpg\",\"articleSection\":[\"Opini\u00e3o\"],\"inLanguage\":\"pt-BR\"},{\"@type\":\"WebPage\",\"@id\":\"https:\/\/radiolifefm.com.br\/noticias\/historia-e-televisao-regional-reflexao-mais-do-que-necessaria-sergio-barbosa-opiniao\/\",\"url\":\"https:\/\/radiolifefm.com.br\/noticias\/historia-e-televisao-regional-reflexao-mais-do-que-necessaria-sergio-barbosa-opiniao\/\",\"name\":\"HIST\u00d3RIA E TELEVIS\u00c3O REGIONAL: Reflex\u00e3o mais do que necess\u00e1ria... - S\u00e9rgio Barbosa - Opini\u00e3o - R\u00e1dio Life FM\",\"isPartOf\":{\"@id\":\"https:\/\/radiolifefm.com.br\/noticias\/#website\"},\"primaryImageOfPage\":{\"@id\":\"https:\/\/radiolifefm.com.br\/noticias\/historia-e-televisao-regional-reflexao-mais-do-que-necessaria-sergio-barbosa-opiniao\/#primaryimage\"},\"image\":{\"@id\":\"https:\/\/radiolifefm.com.br\/noticias\/historia-e-televisao-regional-reflexao-mais-do-que-necessaria-sergio-barbosa-opiniao\/#primaryimage\"},\"thumbnailUrl\":\"https:\/\/radiolifefm.com.br\/noticias\/wp-content\/uploads\/2019\/11\/Sebar-3-3.jpg\",\"datePublished\":\"2019-11-20T10:35:06+00:00\",\"dateModified\":\"2026-04-24T11:43:49+00:00\",\"breadcrumb\":{\"@id\":\"https:\/\/radiolifefm.com.br\/noticias\/historia-e-televisao-regional-reflexao-mais-do-que-necessaria-sergio-barbosa-opiniao\/#breadcrumb\"},\"inLanguage\":\"pt-BR\",\"potentialAction\":[{\"@type\":\"ReadAction\",\"target\":[\"https:\/\/radiolifefm.com.br\/noticias\/historia-e-televisao-regional-reflexao-mais-do-que-necessaria-sergio-barbosa-opiniao\/\"]}]},{\"@type\":\"ImageObject\",\"inLanguage\":\"pt-BR\",\"@id\":\"https:\/\/radiolifefm.com.br\/noticias\/historia-e-televisao-regional-reflexao-mais-do-que-necessaria-sergio-barbosa-opiniao\/#primaryimage\",\"url\":\"https:\/\/radiolifefm.com.br\/noticias\/wp-content\/uploads\/2019\/11\/Sebar-3-3.jpg\",\"contentUrl\":\"https:\/\/radiolifefm.com.br\/noticias\/wp-content\/uploads\/2019\/11\/Sebar-3-3.jpg\",\"width\":3648,\"height\":2736},{\"@type\":\"BreadcrumbList\",\"@id\":\"https:\/\/radiolifefm.com.br\/noticias\/historia-e-televisao-regional-reflexao-mais-do-que-necessaria-sergio-barbosa-opiniao\/#breadcrumb\",\"itemListElement\":[{\"@type\":\"ListItem\",\"position\":1,\"name\":\"In\u00edcio\",\"item\":\"https:\/\/radiolifefm.com.br\/noticias\/\"},{\"@type\":\"ListItem\",\"position\":2,\"name\":\"HIST\u00d3RIA E TELEVIS\u00c3O REGIONAL: Reflex\u00e3o mais do que necess\u00e1ria&#8230; &#8211; S\u00e9rgio Barbosa &#8211; Opini\u00e3o\"}]},{\"@type\":\"WebSite\",\"@id\":\"https:\/\/radiolifefm.com.br\/noticias\/#website\",\"url\":\"https:\/\/radiolifefm.com.br\/noticias\/\",\"name\":\"R\u00e1dio Life FM\",\"description\":\"O Portal de Not\u00edcias de Adamantina\",\"publisher\":{\"@id\":\"https:\/\/radiolifefm.com.br\/noticias\/#organization\"},\"alternateName\":\"Life FM\",\"potentialAction\":[{\"@type\":\"SearchAction\",\"target\":{\"@type\":\"EntryPoint\",\"urlTemplate\":\"https:\/\/radiolifefm.com.br\/noticias\/?s={search_term_string}\"},\"query-input\":{\"@type\":\"PropertyValueSpecification\",\"valueRequired\":true,\"valueName\":\"search_term_string\"}}],\"inLanguage\":\"pt-BR\"},{\"@type\":\"Organization\",\"@id\":\"https:\/\/radiolifefm.com.br\/noticias\/#organization\",\"name\":\"R\u00e1dio Life FM\",\"alternateName\":\"Life FM\",\"url\":\"https:\/\/radiolifefm.com.br\/noticias\/\",\"logo\":{\"@type\":\"ImageObject\",\"inLanguage\":\"pt-BR\",\"@id\":\"https:\/\/radiolifefm.com.br\/noticias\/#\/schema\/logo\/image\/\",\"url\":\"https:\/\/static.radiolifefm.com.br\/noticias\/wp-content\/uploads\/2019\/10\/logo-lifefm.png\",\"contentUrl\":\"https:\/\/static.radiolifefm.com.br\/noticias\/wp-content\/uploads\/2019\/10\/logo-lifefm.png\",\"width\":196,\"height\":47,\"caption\":\"R\u00e1dio Life FM\"},\"image\":{\"@id\":\"https:\/\/radiolifefm.com.br\/noticias\/#\/schema\/logo\/image\/\"},\"sameAs\":[\"https:\/\/www.facebook.com\/radiolifefm\/\",\"https:\/\/www.instagram.com\/life1079fm\/\"]},{\"@type\":\"Person\",\"@id\":\"https:\/\/radiolifefm.com.br\/noticias\/#\/schema\/person\/1d4e4b1301322090c6221bf1c8420490\",\"name\":\"lifefm\",\"image\":{\"@type\":\"ImageObject\",\"inLanguage\":\"pt-BR\",\"@id\":\"https:\/\/secure.gravatar.com\/avatar\/eca268467d925ec97d20641bb054fd944c0abb2f92854171620706bbe6474e7c?s=96&d=mm&r=g\",\"url\":\"https:\/\/secure.gravatar.com\/avatar\/eca268467d925ec97d20641bb054fd944c0abb2f92854171620706bbe6474e7c?s=96&d=mm&r=g\",\"contentUrl\":\"https:\/\/secure.gravatar.com\/avatar\/eca268467d925ec97d20641bb054fd944c0abb2f92854171620706bbe6474e7c?s=96&d=mm&r=g\",\"caption\":\"lifefm\"}}]}<\/script>\n<!-- \/ Yoast SEO plugin. -->","yoast_head_json":{"title":"HIST\u00d3RIA E TELEVIS\u00c3O REGIONAL: Reflex\u00e3o mais do que necess\u00e1ria... - S\u00e9rgio Barbosa - Opini\u00e3o - R\u00e1dio Life FM","robots":{"index":"index","follow":"follow","max-snippet":"max-snippet:-1","max-image-preview":"max-image-preview:large","max-video-preview":"max-video-preview:-1"},"canonical":"https:\/\/radiolifefm.com.br\/noticias\/historia-e-televisao-regional-reflexao-mais-do-que-necessaria-sergio-barbosa-opiniao\/","og_locale":"pt_BR","og_type":"article","og_title":"HIST\u00d3RIA E TELEVIS\u00c3O REGIONAL: Reflex\u00e3o mais do que necess\u00e1ria... - S\u00e9rgio Barbosa - Opini\u00e3o - R\u00e1dio Life FM","og_description":"HIST\u00d3RIA E TELEVIS\u00c3O REGIONAL: Reflex\u00e3o mais do que necess\u00e1ria&#8230; \u201cN\u00e3o gosto quando me olham e me julgam, deveriam julgar quem est\u00e1 de terno e gravata na televis\u00e3o mentindo e envergonhando um pa\u00eds, eu n\u00e3o engano ningu\u00e9m.\u201d Ve-k (Veronicka Meirelles) S\u00e9rgio Barbosa (*) O in\u00edcio da Hist\u00f3ria da TV no Brasil \u00e9 18 de setembro de [&hellip;]","og_url":"https:\/\/radiolifefm.com.br\/noticias\/historia-e-televisao-regional-reflexao-mais-do-que-necessaria-sergio-barbosa-opiniao\/","og_site_name":"R\u00e1dio Life FM","article_publisher":"https:\/\/www.facebook.com\/radiolifefm\/","article_published_time":"2019-11-20T10:35:06+00:00","article_modified_time":"2026-04-24T11:43:49+00:00","og_image":[{"width":1024,"height":768,"url":"https:\/\/radiolifefm.com.br\/noticias\/wp-content\/uploads\/2019\/11\/Sebar-3-3-1024x768.jpg","type":"image\/jpeg"}],"author":"lifefm","twitter_card":"summary_large_image","twitter_misc":{"Escrito por":"lifefm","Est. tempo de leitura":"3 minutos"},"schema":{"@context":"https:\/\/schema.org","@graph":[{"@type":"Article","@id":"https:\/\/radiolifefm.com.br\/noticias\/historia-e-televisao-regional-reflexao-mais-do-que-necessaria-sergio-barbosa-opiniao\/#article","isPartOf":{"@id":"https:\/\/radiolifefm.com.br\/noticias\/historia-e-televisao-regional-reflexao-mais-do-que-necessaria-sergio-barbosa-opiniao\/"},"author":{"name":"lifefm","@id":"https:\/\/radiolifefm.com.br\/noticias\/#\/schema\/person\/1d4e4b1301322090c6221bf1c8420490"},"headline":"HIST\u00d3RIA E TELEVIS\u00c3O REGIONAL: Reflex\u00e3o mais do que necess\u00e1ria&#8230; &#8211; S\u00e9rgio Barbosa &#8211; Opini\u00e3o","datePublished":"2019-11-20T10:35:06+00:00","dateModified":"2026-04-24T11:43:49+00:00","mainEntityOfPage":{"@id":"https:\/\/radiolifefm.com.br\/noticias\/historia-e-televisao-regional-reflexao-mais-do-que-necessaria-sergio-barbosa-opiniao\/"},"wordCount":564,"publisher":{"@id":"https:\/\/radiolifefm.com.br\/noticias\/#organization"},"image":{"@id":"https:\/\/radiolifefm.com.br\/noticias\/historia-e-televisao-regional-reflexao-mais-do-que-necessaria-sergio-barbosa-opiniao\/#primaryimage"},"thumbnailUrl":"https:\/\/radiolifefm.com.br\/noticias\/wp-content\/uploads\/2019\/11\/Sebar-3-3.jpg","articleSection":["Opini\u00e3o"],"inLanguage":"pt-BR"},{"@type":"WebPage","@id":"https:\/\/radiolifefm.com.br\/noticias\/historia-e-televisao-regional-reflexao-mais-do-que-necessaria-sergio-barbosa-opiniao\/","url":"https:\/\/radiolifefm.com.br\/noticias\/historia-e-televisao-regional-reflexao-mais-do-que-necessaria-sergio-barbosa-opiniao\/","name":"HIST\u00d3RIA E TELEVIS\u00c3O REGIONAL: Reflex\u00e3o mais do que necess\u00e1ria... - S\u00e9rgio Barbosa - Opini\u00e3o - R\u00e1dio Life FM","isPartOf":{"@id":"https:\/\/radiolifefm.com.br\/noticias\/#website"},"primaryImageOfPage":{"@id":"https:\/\/radiolifefm.com.br\/noticias\/historia-e-televisao-regional-reflexao-mais-do-que-necessaria-sergio-barbosa-opiniao\/#primaryimage"},"image":{"@id":"https:\/\/radiolifefm.com.br\/noticias\/historia-e-televisao-regional-reflexao-mais-do-que-necessaria-sergio-barbosa-opiniao\/#primaryimage"},"thumbnailUrl":"https:\/\/radiolifefm.com.br\/noticias\/wp-content\/uploads\/2019\/11\/Sebar-3-3.jpg","datePublished":"2019-11-20T10:35:06+00:00","dateModified":"2026-04-24T11:43:49+00:00","breadcrumb":{"@id":"https:\/\/radiolifefm.com.br\/noticias\/historia-e-televisao-regional-reflexao-mais-do-que-necessaria-sergio-barbosa-opiniao\/#breadcrumb"},"inLanguage":"pt-BR","potentialAction":[{"@type":"ReadAction","target":["https:\/\/radiolifefm.com.br\/noticias\/historia-e-televisao-regional-reflexao-mais-do-que-necessaria-sergio-barbosa-opiniao\/"]}]},{"@type":"ImageObject","inLanguage":"pt-BR","@id":"https:\/\/radiolifefm.com.br\/noticias\/historia-e-televisao-regional-reflexao-mais-do-que-necessaria-sergio-barbosa-opiniao\/#primaryimage","url":"https:\/\/radiolifefm.com.br\/noticias\/wp-content\/uploads\/2019\/11\/Sebar-3-3.jpg","contentUrl":"https:\/\/radiolifefm.com.br\/noticias\/wp-content\/uploads\/2019\/11\/Sebar-3-3.jpg","width":3648,"height":2736},{"@type":"BreadcrumbList","@id":"https:\/\/radiolifefm.com.br\/noticias\/historia-e-televisao-regional-reflexao-mais-do-que-necessaria-sergio-barbosa-opiniao\/#breadcrumb","itemListElement":[{"@type":"ListItem","position":1,"name":"In\u00edcio","item":"https:\/\/radiolifefm.com.br\/noticias\/"},{"@type":"ListItem","position":2,"name":"HIST\u00d3RIA E TELEVIS\u00c3O REGIONAL: Reflex\u00e3o mais do que necess\u00e1ria&#8230; &#8211; S\u00e9rgio Barbosa &#8211; Opini\u00e3o"}]},{"@type":"WebSite","@id":"https:\/\/radiolifefm.com.br\/noticias\/#website","url":"https:\/\/radiolifefm.com.br\/noticias\/","name":"R\u00e1dio Life FM","description":"O Portal de Not\u00edcias de Adamantina","publisher":{"@id":"https:\/\/radiolifefm.com.br\/noticias\/#organization"},"alternateName":"Life FM","potentialAction":[{"@type":"SearchAction","target":{"@type":"EntryPoint","urlTemplate":"https:\/\/radiolifefm.com.br\/noticias\/?s={search_term_string}"},"query-input":{"@type":"PropertyValueSpecification","valueRequired":true,"valueName":"search_term_string"}}],"inLanguage":"pt-BR"},{"@type":"Organization","@id":"https:\/\/radiolifefm.com.br\/noticias\/#organization","name":"R\u00e1dio Life FM","alternateName":"Life FM","url":"https:\/\/radiolifefm.com.br\/noticias\/","logo":{"@type":"ImageObject","inLanguage":"pt-BR","@id":"https:\/\/radiolifefm.com.br\/noticias\/#\/schema\/logo\/image\/","url":"https:\/\/static.radiolifefm.com.br\/noticias\/wp-content\/uploads\/2019\/10\/logo-lifefm.png","contentUrl":"https:\/\/static.radiolifefm.com.br\/noticias\/wp-content\/uploads\/2019\/10\/logo-lifefm.png","width":196,"height":47,"caption":"R\u00e1dio Life FM"},"image":{"@id":"https:\/\/radiolifefm.com.br\/noticias\/#\/schema\/logo\/image\/"},"sameAs":["https:\/\/www.facebook.com\/radiolifefm\/","https:\/\/www.instagram.com\/life1079fm\/"]},{"@type":"Person","@id":"https:\/\/radiolifefm.com.br\/noticias\/#\/schema\/person\/1d4e4b1301322090c6221bf1c8420490","name":"lifefm","image":{"@type":"ImageObject","inLanguage":"pt-BR","@id":"https:\/\/secure.gravatar.com\/avatar\/eca268467d925ec97d20641bb054fd944c0abb2f92854171620706bbe6474e7c?s=96&d=mm&r=g","url":"https:\/\/secure.gravatar.com\/avatar\/eca268467d925ec97d20641bb054fd944c0abb2f92854171620706bbe6474e7c?s=96&d=mm&r=g","contentUrl":"https:\/\/secure.gravatar.com\/avatar\/eca268467d925ec97d20641bb054fd944c0abb2f92854171620706bbe6474e7c?s=96&d=mm&r=g","caption":"lifefm"}}]}},"amp_enabled":true,"_links":{"self":[{"href":"https:\/\/radiolifefm.com.br\/noticias\/wp-json\/wp\/v2\/posts\/18086","targetHints":{"allow":["GET"]}}],"collection":[{"href":"https:\/\/radiolifefm.com.br\/noticias\/wp-json\/wp\/v2\/posts"}],"about":[{"href":"https:\/\/radiolifefm.com.br\/noticias\/wp-json\/wp\/v2\/types\/post"}],"author":[{"embeddable":true,"href":"https:\/\/radiolifefm.com.br\/noticias\/wp-json\/wp\/v2\/users\/3"}],"replies":[{"embeddable":true,"href":"https:\/\/radiolifefm.com.br\/noticias\/wp-json\/wp\/v2\/comments?post=18086"}],"version-history":[{"count":1,"href":"https:\/\/radiolifefm.com.br\/noticias\/wp-json\/wp\/v2\/posts\/18086\/revisions"}],"predecessor-version":[{"id":18093,"href":"https:\/\/radiolifefm.com.br\/noticias\/wp-json\/wp\/v2\/posts\/18086\/revisions\/18093"}],"wp:featuredmedia":[{"embeddable":true,"href":"https:\/\/radiolifefm.com.br\/noticias\/wp-json\/wp\/v2\/media\/18090"}],"wp:attachment":[{"href":"https:\/\/radiolifefm.com.br\/noticias\/wp-json\/wp\/v2\/media?parent=18086"}],"wp:term":[{"taxonomy":"category","embeddable":true,"href":"https:\/\/radiolifefm.com.br\/noticias\/wp-json\/wp\/v2\/categories?post=18086"},{"taxonomy":"post_tag","embeddable":true,"href":"https:\/\/radiolifefm.com.br\/noticias\/wp-json\/wp\/v2\/tags?post=18086"}],"curies":[{"name":"wp","href":"https:\/\/api.w.org\/{rel}","templated":true}]}}