{"id":18064,"date":"2019-11-19T13:07:30","date_gmt":"2019-11-19T16:07:30","guid":{"rendered":"https:\/\/radiolifefm.com.br\/noticias\/?p=18064"},"modified":"2026-04-30T17:27:05","modified_gmt":"2026-04-30T20:27:05","slug":"energisa-sul-sudeste-preparada-para-os-atendimentos-durante-o-periodo-de-chuvas","status":"publish","type":"post","link":"https:\/\/radiolifefm.com.br\/noticias\/energisa-sul-sudeste-preparada-para-os-atendimentos-durante-o-periodo-de-chuvas\/","title":{"rendered":"Energisa Sul-Sudeste preparada para os atendimentos durante o per\u00edodo de chuvas"},"content":{"rendered":"<div id=\"fb-root\"><\/div>\n<p style=\"font-weight: 400\">O per\u00edodo de chuvas pesadas, acompanhado de fortes ventos e raios chegou na nossa regi\u00e3o. Para enfrentar as situa\u00e7\u00f5es de emerg\u00eancia e minimizar os efeitos, a Energisa Sul-Sudeste conta com o plano de conting\u00eancia<strong><em>\u00a0<\/em><\/strong>e treinamento das suas equipes. Este planejamento define as responsabilidades, de forma a organizar, orientar, facilitar, agilizar e uniformizar as a\u00e7\u00f5es necess\u00e1rias para que a empresa atue com agilidade diante das situa\u00e7\u00f5es adversas como tempestades, queda de \u00e1rvores, eros\u00f5es, dentre outras situa\u00e7\u00f5es que causam impactos ao sistema el\u00e9trico.<\/p>\n<p style=\"font-weight: 400\">\u201cA empresa conta com equipes treinadas e mobilizadas para atender \u00e0 popula\u00e7\u00e3o o mais r\u00e1pido poss\u00edvel em casos de interrup\u00e7\u00f5es de energia, al\u00e9m de recursos e equipamentos necess\u00e1rios para o enfrentamento dessas situa\u00e7\u00f5es. O sistema el\u00e9trico conta tamb\u00e9m com equipamentos automatizados, que permitem manobras a dist\u00e2ncia, diretamente do Centro de Opera\u00e7\u00e3o da distribuidora, garantindo maior agilidade na recomposi\u00e7\u00e3o do sistema\u201d, destaca Tiago Luis Diorio Sanches, gerente do Departamento de Opera\u00e7\u00e3o da Energisa Sul-Sudeste.<\/p>\n<p style=\"font-weight: 400\">Al\u00e9m do trabalho de manter a qualidade do fornecimento de energia durante as situa\u00e7\u00f5es emergenciais, a seguran\u00e7a da popula\u00e7\u00e3o e de seus bens s\u00e3o extremamente importantes para a distribuidora.\u00a0\u201cVale alertar que os temporais desta \u00e9poca do ano s\u00e3o acompanhados de fortes rajadas de ventos e raios, o que traz um risco adicional a toda popula\u00e7\u00e3o. Os raios, por exemplo, podem atingir pessoas e im\u00f3veis diretamente ou ainda por meio de objetos met\u00e1licos, telefonia, antenas externas, redes de TV e internet via cabo. Os ventos, al\u00e9m de lan\u00e7ar objetos sobre as redes de energia, podem provocar a queda de \u00e1rvores e galhos sobre carros e casas. \u00c9 preciso ficar atento\u201d, alerta Tiago.<\/p>\n<p>&nbsp;<\/p>\n<p style=\"font-weight: 400\">Em situa\u00e7\u00f5es como essas, a Energisa Sul-Sudeste preparou algumas dicas:<\/p>\n<p>&nbsp;<\/p>\n<ol>\n<li>Retire os aparelhos eletroeletr\u00f4nicos das tomadas;<\/li>\n<li>Nunca utilize telefone com fio ou aparelho conectado \u00e0 tomada durante uma forte tempestade com incid\u00eancia de raios;<\/li>\n<li>Se precisar fazer uma liga\u00e7\u00e3o, d\u00ea prefer\u00eancia aos celulares;<\/li>\n<li>Deixe para carregar ou smartphone em outro momento e sempre opte por usar o notebook na bateria e pela rede Wi-Fi, dispensando o uso de fios;<\/li>\n<li>Os cabos telef\u00f4nicos, cabos de TV por assinatura e fia\u00e7\u00e3o de antenas s\u00e3o capazes de conduzir a corrente el\u00e9trica dos raios at\u00e9 os aparelhos. Por isso, \u00e9 aconselh\u00e1vel retirar os aparelhos eletr\u00f4nicos (normalmente mais sens\u00edveis) das conex\u00f5es com rede de telefonia, TV a cabo e antena externa;<\/li>\n<li>Sempre que puder, instale dispositivos de prote\u00e7\u00e3o contra surtos e aterre a rede el\u00e9trica da resid\u00eancia ou com\u00e9rcio;<\/li>\n<li>N\u00e3o utilize chuveiro ou torneira el\u00e9trica (secador, chapinha etc);<\/li>\n<li>Quando ouvir os trov\u00f5es, nunca fique em campo aberto. Procure abrigo imediatamente em constru\u00e7\u00f5es e feche os vidros e janelas;<\/li>\n<li>Durante temporais, evite aglomera\u00e7\u00f5es;<\/li>\n<li>Evite ser o ponto mais alto das proximidades ou estar pr\u00f3ximo dele;<\/li>\n<li>Se n\u00e3o for poss\u00edvel se abrigar, agache-se, com as m\u00e3os na nuca e p\u00e9s juntos;<\/li>\n<li>N\u00e3o fique embaixo de \u00e1rvores ou pr\u00f3ximo a torres;<\/li>\n<li>Se estiver dentro de um carro feche as janelas e aguarde a tempestade passar para poder sair. O carro oferece uma boa prote\u00e7\u00e3o contra raios;<\/li>\n<li>E n\u00e3o toque em fios ca\u00eddos ou em objetos que estejam em contato com a rede el\u00e9trica, eles podem estar energizados.\u00a0Acione imediatamente a Energisa Sul-Sudeste pelo telefone 0800 70 10 326.<\/li>\n<li><\/li>\n<\/ol>\n<p style=\"font-weight: 400\">E lembre-se, a distribuidora est\u00e1 sempre \u00e0 disposi\u00e7\u00e3o por meio dos seguintes canais:<\/p>\n<p>&nbsp;<\/p>\n<ol>\n<li>Aplicativo para celular Energisa On (dispon\u00edvel para iOS, Android e Windows Phone)<\/li>\n<li><a href=\"http:\/\/www.energisa.com.br\/\" data-saferedirecturl=\"https:\/\/www.google.com\/url?q=http:\/\/www.energisa.com.br\/&amp;source=gmail&amp;ust=1574243109292000&amp;usg=AFQjCNHj5PpoOKdi7_XiSr1sQCFTTl2zpg\">www.energisa.com.br<\/a><\/li>\n<li><a href=\"http:\/\/www.facebook.com\/energisa\" data-saferedirecturl=\"https:\/\/www.google.com\/url?q=http:\/\/www.facebook.com\/energisa&amp;source=gmail&amp;ust=1574243109292000&amp;usg=AFQjCNEG-os2xo-y1bX3wd78ElFcgEU6lA\">www.facebook.com\/energisa<\/a><\/li>\n<li>Ag\u00eancias de atendimento presencial<\/li>\n<li>Call center \u2013 0800 70 10 326<\/li>\n<\/ol>\n","protected":false},"excerpt":{"rendered":"<p>O per\u00edodo de chuvas pesadas, acompanhado de fortes ventos e raios chegou na nossa regi\u00e3o. Para enfrentar as situa\u00e7\u00f5es de emerg\u00eancia e minimizar os efeitos, a Energisa Sul-Sudeste conta com o plano de conting\u00eancia\u00a0e treinamento das suas equipes. Este planejamento define as responsabilidades, de forma a organizar, orientar, facilitar, agilizar e uniformizar as a\u00e7\u00f5es necess\u00e1rias [&hellip;]<\/p>\n","protected":false},"author":8,"featured_media":18066,"comment_status":"closed","ping_status":"open","sticky":false,"template":"","format":"standard","meta":{"_acf_changed":false,"_exactmetrics_skip_tracking":false,"_exactmetrics_sitenote_active":false,"_exactmetrics_sitenote_note":"","_exactmetrics_sitenote_category":0,"footnotes":""},"categories":[24],"tags":[],"class_list":["post-18064","post","type-post","status-publish","format-standard","has-post-thumbnail","hentry","category-regiao"],"acf":[],"yoast_head":"<!-- This site is optimized with the Yoast SEO plugin v27.2 - https:\/\/yoast.com\/product\/yoast-seo-wordpress\/ -->\n<title>Energisa Sul-Sudeste preparada para os atendimentos durante o per\u00edodo de chuvas - R\u00e1dio Life FM<\/title>\n<meta name=\"robots\" content=\"index, follow, max-snippet:-1, max-image-preview:large, max-video-preview:-1\" \/>\n<link rel=\"canonical\" href=\"https:\/\/radiolifefm.com.br\/noticias\/energisa-sul-sudeste-preparada-para-os-atendimentos-durante-o-periodo-de-chuvas\/\" \/>\n<meta property=\"og:locale\" content=\"pt_BR\" \/>\n<meta property=\"og:type\" content=\"article\" \/>\n<meta property=\"og:title\" content=\"Energisa Sul-Sudeste preparada para os atendimentos durante o per\u00edodo de chuvas - R\u00e1dio Life FM\" \/>\n<meta property=\"og:description\" content=\"O per\u00edodo de chuvas pesadas, acompanhado de fortes ventos e raios chegou na nossa regi\u00e3o. Para enfrentar as situa\u00e7\u00f5es de emerg\u00eancia e minimizar os efeitos, a Energisa Sul-Sudeste conta com o plano de conting\u00eancia\u00a0e treinamento das suas equipes. Este planejamento define as responsabilidades, de forma a organizar, orientar, facilitar, agilizar e uniformizar as a\u00e7\u00f5es necess\u00e1rias [&hellip;]\" \/>\n<meta property=\"og:url\" content=\"https:\/\/radiolifefm.com.br\/noticias\/energisa-sul-sudeste-preparada-para-os-atendimentos-durante-o-periodo-de-chuvas\/\" \/>\n<meta property=\"og:site_name\" content=\"R\u00e1dio Life FM\" \/>\n<meta property=\"article:publisher\" content=\"https:\/\/www.facebook.com\/radiolifefm\/\" \/>\n<meta property=\"article:published_time\" content=\"2019-11-19T16:07:30+00:00\" \/>\n<meta property=\"article:modified_time\" content=\"2026-04-30T20:27:05+00:00\" \/>\n<meta property=\"og:image\" content=\"https:\/\/radiolifefm.com.br\/noticias\/wp-content\/uploads\/2019\/11\/Energisa-01.jpg\" \/>\n\t<meta property=\"og:image:width\" content=\"768\" \/>\n\t<meta property=\"og:image:height\" content=\"513\" \/>\n\t<meta property=\"og:image:type\" content=\"image\/jpeg\" \/>\n<meta name=\"author\" content=\"joaograndao\" \/>\n<meta name=\"twitter:card\" content=\"summary_large_image\" \/>\n<meta name=\"twitter:label1\" content=\"Escrito por\" \/>\n\t<meta name=\"twitter:data1\" content=\"joaograndao\" \/>\n\t<meta name=\"twitter:label2\" content=\"Est. tempo de leitura\" \/>\n\t<meta name=\"twitter:data2\" content=\"3 minutos\" \/>\n<script type=\"application\/ld+json\" class=\"yoast-schema-graph\">{\"@context\":\"https:\/\/schema.org\",\"@graph\":[{\"@type\":\"Article\",\"@id\":\"https:\/\/radiolifefm.com.br\/noticias\/energisa-sul-sudeste-preparada-para-os-atendimentos-durante-o-periodo-de-chuvas\/#article\",\"isPartOf\":{\"@id\":\"https:\/\/radiolifefm.com.br\/noticias\/energisa-sul-sudeste-preparada-para-os-atendimentos-durante-o-periodo-de-chuvas\/\"},\"author\":{\"name\":\"joaograndao\",\"@id\":\"https:\/\/radiolifefm.com.br\/noticias\/#\/schema\/person\/6876e1240feffe6e1b63fd5cb85abf28\"},\"headline\":\"Energisa Sul-Sudeste preparada para os atendimentos durante o per\u00edodo de chuvas\",\"datePublished\":\"2019-11-19T16:07:30+00:00\",\"dateModified\":\"2026-04-30T20:27:05+00:00\",\"mainEntityOfPage\":{\"@id\":\"https:\/\/radiolifefm.com.br\/noticias\/energisa-sul-sudeste-preparada-para-os-atendimentos-durante-o-periodo-de-chuvas\/\"},\"wordCount\":643,\"publisher\":{\"@id\":\"https:\/\/radiolifefm.com.br\/noticias\/#organization\"},\"image\":{\"@id\":\"https:\/\/radiolifefm.com.br\/noticias\/energisa-sul-sudeste-preparada-para-os-atendimentos-durante-o-periodo-de-chuvas\/#primaryimage\"},\"thumbnailUrl\":\"https:\/\/radiolifefm.com.br\/noticias\/wp-content\/uploads\/2019\/11\/Energisa-01.jpg\",\"articleSection\":[\"Regi\u00e3o\"],\"inLanguage\":\"pt-BR\"},{\"@type\":\"WebPage\",\"@id\":\"https:\/\/radiolifefm.com.br\/noticias\/energisa-sul-sudeste-preparada-para-os-atendimentos-durante-o-periodo-de-chuvas\/\",\"url\":\"https:\/\/radiolifefm.com.br\/noticias\/energisa-sul-sudeste-preparada-para-os-atendimentos-durante-o-periodo-de-chuvas\/\",\"name\":\"Energisa Sul-Sudeste preparada para os atendimentos durante o per\u00edodo de chuvas - R\u00e1dio Life FM\",\"isPartOf\":{\"@id\":\"https:\/\/radiolifefm.com.br\/noticias\/#website\"},\"primaryImageOfPage\":{\"@id\":\"https:\/\/radiolifefm.com.br\/noticias\/energisa-sul-sudeste-preparada-para-os-atendimentos-durante-o-periodo-de-chuvas\/#primaryimage\"},\"image\":{\"@id\":\"https:\/\/radiolifefm.com.br\/noticias\/energisa-sul-sudeste-preparada-para-os-atendimentos-durante-o-periodo-de-chuvas\/#primaryimage\"},\"thumbnailUrl\":\"https:\/\/radiolifefm.com.br\/noticias\/wp-content\/uploads\/2019\/11\/Energisa-01.jpg\",\"datePublished\":\"2019-11-19T16:07:30+00:00\",\"dateModified\":\"2026-04-30T20:27:05+00:00\",\"breadcrumb\":{\"@id\":\"https:\/\/radiolifefm.com.br\/noticias\/energisa-sul-sudeste-preparada-para-os-atendimentos-durante-o-periodo-de-chuvas\/#breadcrumb\"},\"inLanguage\":\"pt-BR\",\"potentialAction\":[{\"@type\":\"ReadAction\",\"target\":[\"https:\/\/radiolifefm.com.br\/noticias\/energisa-sul-sudeste-preparada-para-os-atendimentos-durante-o-periodo-de-chuvas\/\"]}]},{\"@type\":\"ImageObject\",\"inLanguage\":\"pt-BR\",\"@id\":\"https:\/\/radiolifefm.com.br\/noticias\/energisa-sul-sudeste-preparada-para-os-atendimentos-durante-o-periodo-de-chuvas\/#primaryimage\",\"url\":\"https:\/\/radiolifefm.com.br\/noticias\/wp-content\/uploads\/2019\/11\/Energisa-01.jpg\",\"contentUrl\":\"https:\/\/radiolifefm.com.br\/noticias\/wp-content\/uploads\/2019\/11\/Energisa-01.jpg\",\"width\":768,\"height\":513,\"caption\":\"A empresa refor\u00e7a tamb\u00e9m orienta\u00e7\u00f5es de seguran\u00e7a durante este per\u00edodo\"},{\"@type\":\"BreadcrumbList\",\"@id\":\"https:\/\/radiolifefm.com.br\/noticias\/energisa-sul-sudeste-preparada-para-os-atendimentos-durante-o-periodo-de-chuvas\/#breadcrumb\",\"itemListElement\":[{\"@type\":\"ListItem\",\"position\":1,\"name\":\"In\u00edcio\",\"item\":\"https:\/\/radiolifefm.com.br\/noticias\/\"},{\"@type\":\"ListItem\",\"position\":2,\"name\":\"Energisa Sul-Sudeste preparada para os atendimentos durante o per\u00edodo de chuvas\"}]},{\"@type\":\"WebSite\",\"@id\":\"https:\/\/radiolifefm.com.br\/noticias\/#website\",\"url\":\"https:\/\/radiolifefm.com.br\/noticias\/\",\"name\":\"R\u00e1dio Life FM\",\"description\":\"O Portal de Not\u00edcias de Adamantina\",\"publisher\":{\"@id\":\"https:\/\/radiolifefm.com.br\/noticias\/#organization\"},\"alternateName\":\"Life FM\",\"potentialAction\":[{\"@type\":\"SearchAction\",\"target\":{\"@type\":\"EntryPoint\",\"urlTemplate\":\"https:\/\/radiolifefm.com.br\/noticias\/?s={search_term_string}\"},\"query-input\":{\"@type\":\"PropertyValueSpecification\",\"valueRequired\":true,\"valueName\":\"search_term_string\"}}],\"inLanguage\":\"pt-BR\"},{\"@type\":\"Organization\",\"@id\":\"https:\/\/radiolifefm.com.br\/noticias\/#organization\",\"name\":\"R\u00e1dio Life FM\",\"alternateName\":\"Life FM\",\"url\":\"https:\/\/radiolifefm.com.br\/noticias\/\",\"logo\":{\"@type\":\"ImageObject\",\"inLanguage\":\"pt-BR\",\"@id\":\"https:\/\/radiolifefm.com.br\/noticias\/#\/schema\/logo\/image\/\",\"url\":\"https:\/\/static.radiolifefm.com.br\/noticias\/wp-content\/uploads\/2019\/10\/logo-lifefm.png\",\"contentUrl\":\"https:\/\/static.radiolifefm.com.br\/noticias\/wp-content\/uploads\/2019\/10\/logo-lifefm.png\",\"width\":196,\"height\":47,\"caption\":\"R\u00e1dio Life FM\"},\"image\":{\"@id\":\"https:\/\/radiolifefm.com.br\/noticias\/#\/schema\/logo\/image\/\"},\"sameAs\":[\"https:\/\/www.facebook.com\/radiolifefm\/\",\"https:\/\/www.instagram.com\/life1079fm\/\"]},{\"@type\":\"Person\",\"@id\":\"https:\/\/radiolifefm.com.br\/noticias\/#\/schema\/person\/6876e1240feffe6e1b63fd5cb85abf28\",\"name\":\"joaograndao\",\"image\":{\"@type\":\"ImageObject\",\"inLanguage\":\"pt-BR\",\"@id\":\"https:\/\/secure.gravatar.com\/avatar\/d5b1a3cf357ed9c50404e256a1294083aa8ab5d2a994001567302786016cb32c?s=96&d=mm&r=g\",\"url\":\"https:\/\/secure.gravatar.com\/avatar\/d5b1a3cf357ed9c50404e256a1294083aa8ab5d2a994001567302786016cb32c?s=96&d=mm&r=g\",\"contentUrl\":\"https:\/\/secure.gravatar.com\/avatar\/d5b1a3cf357ed9c50404e256a1294083aa8ab5d2a994001567302786016cb32c?s=96&d=mm&r=g\",\"caption\":\"joaograndao\"}}]}<\/script>\n<!-- \/ Yoast SEO plugin. -->","yoast_head_json":{"title":"Energisa Sul-Sudeste preparada para os atendimentos durante o per\u00edodo de chuvas - R\u00e1dio Life FM","robots":{"index":"index","follow":"follow","max-snippet":"max-snippet:-1","max-image-preview":"max-image-preview:large","max-video-preview":"max-video-preview:-1"},"canonical":"https:\/\/radiolifefm.com.br\/noticias\/energisa-sul-sudeste-preparada-para-os-atendimentos-durante-o-periodo-de-chuvas\/","og_locale":"pt_BR","og_type":"article","og_title":"Energisa Sul-Sudeste preparada para os atendimentos durante o per\u00edodo de chuvas - R\u00e1dio Life FM","og_description":"O per\u00edodo de chuvas pesadas, acompanhado de fortes ventos e raios chegou na nossa regi\u00e3o. Para enfrentar as situa\u00e7\u00f5es de emerg\u00eancia e minimizar os efeitos, a Energisa Sul-Sudeste conta com o plano de conting\u00eancia\u00a0e treinamento das suas equipes. Este planejamento define as responsabilidades, de forma a organizar, orientar, facilitar, agilizar e uniformizar as a\u00e7\u00f5es necess\u00e1rias [&hellip;]","og_url":"https:\/\/radiolifefm.com.br\/noticias\/energisa-sul-sudeste-preparada-para-os-atendimentos-durante-o-periodo-de-chuvas\/","og_site_name":"R\u00e1dio Life FM","article_publisher":"https:\/\/www.facebook.com\/radiolifefm\/","article_published_time":"2019-11-19T16:07:30+00:00","article_modified_time":"2026-04-30T20:27:05+00:00","og_image":[{"width":768,"height":513,"url":"https:\/\/radiolifefm.com.br\/noticias\/wp-content\/uploads\/2019\/11\/Energisa-01.jpg","type":"image\/jpeg"}],"author":"joaograndao","twitter_card":"summary_large_image","twitter_misc":{"Escrito por":"joaograndao","Est. tempo de leitura":"3 minutos"},"schema":{"@context":"https:\/\/schema.org","@graph":[{"@type":"Article","@id":"https:\/\/radiolifefm.com.br\/noticias\/energisa-sul-sudeste-preparada-para-os-atendimentos-durante-o-periodo-de-chuvas\/#article","isPartOf":{"@id":"https:\/\/radiolifefm.com.br\/noticias\/energisa-sul-sudeste-preparada-para-os-atendimentos-durante-o-periodo-de-chuvas\/"},"author":{"name":"joaograndao","@id":"https:\/\/radiolifefm.com.br\/noticias\/#\/schema\/person\/6876e1240feffe6e1b63fd5cb85abf28"},"headline":"Energisa Sul-Sudeste preparada para os atendimentos durante o per\u00edodo de chuvas","datePublished":"2019-11-19T16:07:30+00:00","dateModified":"2026-04-30T20:27:05+00:00","mainEntityOfPage":{"@id":"https:\/\/radiolifefm.com.br\/noticias\/energisa-sul-sudeste-preparada-para-os-atendimentos-durante-o-periodo-de-chuvas\/"},"wordCount":643,"publisher":{"@id":"https:\/\/radiolifefm.com.br\/noticias\/#organization"},"image":{"@id":"https:\/\/radiolifefm.com.br\/noticias\/energisa-sul-sudeste-preparada-para-os-atendimentos-durante-o-periodo-de-chuvas\/#primaryimage"},"thumbnailUrl":"https:\/\/radiolifefm.com.br\/noticias\/wp-content\/uploads\/2019\/11\/Energisa-01.jpg","articleSection":["Regi\u00e3o"],"inLanguage":"pt-BR"},{"@type":"WebPage","@id":"https:\/\/radiolifefm.com.br\/noticias\/energisa-sul-sudeste-preparada-para-os-atendimentos-durante-o-periodo-de-chuvas\/","url":"https:\/\/radiolifefm.com.br\/noticias\/energisa-sul-sudeste-preparada-para-os-atendimentos-durante-o-periodo-de-chuvas\/","name":"Energisa Sul-Sudeste preparada para os atendimentos durante o per\u00edodo de chuvas - R\u00e1dio Life FM","isPartOf":{"@id":"https:\/\/radiolifefm.com.br\/noticias\/#website"},"primaryImageOfPage":{"@id":"https:\/\/radiolifefm.com.br\/noticias\/energisa-sul-sudeste-preparada-para-os-atendimentos-durante-o-periodo-de-chuvas\/#primaryimage"},"image":{"@id":"https:\/\/radiolifefm.com.br\/noticias\/energisa-sul-sudeste-preparada-para-os-atendimentos-durante-o-periodo-de-chuvas\/#primaryimage"},"thumbnailUrl":"https:\/\/radiolifefm.com.br\/noticias\/wp-content\/uploads\/2019\/11\/Energisa-01.jpg","datePublished":"2019-11-19T16:07:30+00:00","dateModified":"2026-04-30T20:27:05+00:00","breadcrumb":{"@id":"https:\/\/radiolifefm.com.br\/noticias\/energisa-sul-sudeste-preparada-para-os-atendimentos-durante-o-periodo-de-chuvas\/#breadcrumb"},"inLanguage":"pt-BR","potentialAction":[{"@type":"ReadAction","target":["https:\/\/radiolifefm.com.br\/noticias\/energisa-sul-sudeste-preparada-para-os-atendimentos-durante-o-periodo-de-chuvas\/"]}]},{"@type":"ImageObject","inLanguage":"pt-BR","@id":"https:\/\/radiolifefm.com.br\/noticias\/energisa-sul-sudeste-preparada-para-os-atendimentos-durante-o-periodo-de-chuvas\/#primaryimage","url":"https:\/\/radiolifefm.com.br\/noticias\/wp-content\/uploads\/2019\/11\/Energisa-01.jpg","contentUrl":"https:\/\/radiolifefm.com.br\/noticias\/wp-content\/uploads\/2019\/11\/Energisa-01.jpg","width":768,"height":513,"caption":"A empresa refor\u00e7a tamb\u00e9m orienta\u00e7\u00f5es de seguran\u00e7a durante este per\u00edodo"},{"@type":"BreadcrumbList","@id":"https:\/\/radiolifefm.com.br\/noticias\/energisa-sul-sudeste-preparada-para-os-atendimentos-durante-o-periodo-de-chuvas\/#breadcrumb","itemListElement":[{"@type":"ListItem","position":1,"name":"In\u00edcio","item":"https:\/\/radiolifefm.com.br\/noticias\/"},{"@type":"ListItem","position":2,"name":"Energisa Sul-Sudeste preparada para os atendimentos durante o per\u00edodo de chuvas"}]},{"@type":"WebSite","@id":"https:\/\/radiolifefm.com.br\/noticias\/#website","url":"https:\/\/radiolifefm.com.br\/noticias\/","name":"R\u00e1dio Life FM","description":"O Portal de Not\u00edcias de Adamantina","publisher":{"@id":"https:\/\/radiolifefm.com.br\/noticias\/#organization"},"alternateName":"Life FM","potentialAction":[{"@type":"SearchAction","target":{"@type":"EntryPoint","urlTemplate":"https:\/\/radiolifefm.com.br\/noticias\/?s={search_term_string}"},"query-input":{"@type":"PropertyValueSpecification","valueRequired":true,"valueName":"search_term_string"}}],"inLanguage":"pt-BR"},{"@type":"Organization","@id":"https:\/\/radiolifefm.com.br\/noticias\/#organization","name":"R\u00e1dio Life FM","alternateName":"Life FM","url":"https:\/\/radiolifefm.com.br\/noticias\/","logo":{"@type":"ImageObject","inLanguage":"pt-BR","@id":"https:\/\/radiolifefm.com.br\/noticias\/#\/schema\/logo\/image\/","url":"https:\/\/static.radiolifefm.com.br\/noticias\/wp-content\/uploads\/2019\/10\/logo-lifefm.png","contentUrl":"https:\/\/static.radiolifefm.com.br\/noticias\/wp-content\/uploads\/2019\/10\/logo-lifefm.png","width":196,"height":47,"caption":"R\u00e1dio Life FM"},"image":{"@id":"https:\/\/radiolifefm.com.br\/noticias\/#\/schema\/logo\/image\/"},"sameAs":["https:\/\/www.facebook.com\/radiolifefm\/","https:\/\/www.instagram.com\/life1079fm\/"]},{"@type":"Person","@id":"https:\/\/radiolifefm.com.br\/noticias\/#\/schema\/person\/6876e1240feffe6e1b63fd5cb85abf28","name":"joaograndao","image":{"@type":"ImageObject","inLanguage":"pt-BR","@id":"https:\/\/secure.gravatar.com\/avatar\/d5b1a3cf357ed9c50404e256a1294083aa8ab5d2a994001567302786016cb32c?s=96&d=mm&r=g","url":"https:\/\/secure.gravatar.com\/avatar\/d5b1a3cf357ed9c50404e256a1294083aa8ab5d2a994001567302786016cb32c?s=96&d=mm&r=g","contentUrl":"https:\/\/secure.gravatar.com\/avatar\/d5b1a3cf357ed9c50404e256a1294083aa8ab5d2a994001567302786016cb32c?s=96&d=mm&r=g","caption":"joaograndao"}}]}},"amp_enabled":true,"_links":{"self":[{"href":"https:\/\/radiolifefm.com.br\/noticias\/wp-json\/wp\/v2\/posts\/18064","targetHints":{"allow":["GET"]}}],"collection":[{"href":"https:\/\/radiolifefm.com.br\/noticias\/wp-json\/wp\/v2\/posts"}],"about":[{"href":"https:\/\/radiolifefm.com.br\/noticias\/wp-json\/wp\/v2\/types\/post"}],"author":[{"embeddable":true,"href":"https:\/\/radiolifefm.com.br\/noticias\/wp-json\/wp\/v2\/users\/8"}],"replies":[{"embeddable":true,"href":"https:\/\/radiolifefm.com.br\/noticias\/wp-json\/wp\/v2\/comments?post=18064"}],"version-history":[{"count":12,"href":"https:\/\/radiolifefm.com.br\/noticias\/wp-json\/wp\/v2\/posts\/18064\/revisions"}],"predecessor-version":[{"id":18077,"href":"https:\/\/radiolifefm.com.br\/noticias\/wp-json\/wp\/v2\/posts\/18064\/revisions\/18077"}],"wp:featuredmedia":[{"embeddable":true,"href":"https:\/\/radiolifefm.com.br\/noticias\/wp-json\/wp\/v2\/media\/18066"}],"wp:attachment":[{"href":"https:\/\/radiolifefm.com.br\/noticias\/wp-json\/wp\/v2\/media?parent=18064"}],"wp:term":[{"taxonomy":"category","embeddable":true,"href":"https:\/\/radiolifefm.com.br\/noticias\/wp-json\/wp\/v2\/categories?post=18064"},{"taxonomy":"post_tag","embeddable":true,"href":"https:\/\/radiolifefm.com.br\/noticias\/wp-json\/wp\/v2\/tags?post=18064"}],"curies":[{"name":"wp","href":"https:\/\/api.w.org\/{rel}","templated":true}]}}