{"id":18018,"date":"2019-11-18T07:31:00","date_gmt":"2019-11-18T10:31:00","guid":{"rendered":"https:\/\/radiolifefm.com.br\/noticias\/?p=18018"},"modified":"2026-04-20T01:45:05","modified_gmt":"2026-04-20T04:45:05","slug":"acidente-entre-caminhonete-e-caminhao-deixa-uma-vitima-fatal-pela-sp-425-em-martinopolis","status":"publish","type":"post","link":"https:\/\/radiolifefm.com.br\/noticias\/acidente-entre-caminhonete-e-caminhao-deixa-uma-vitima-fatal-pela-sp-425-em-martinopolis\/","title":{"rendered":"Acidente entre caminhonete e caminh\u00e3o deixa uma v\u00edtima fatal pela SP-425 em Martin\u00f3polis"},"content":{"rendered":"<div id=\"fb-root\"><\/div>\n<p><em>V\u00edtima fatal foi o condutor da caminhonete, um agente de seguran\u00e7a penitenci\u00e1ria de 41 anos<\/em><\/p>\n<p>Foi registrado na \u00e1rea da 2\u00aa Companhia da Pol\u00edcia Militar Rodovi\u00e1ria, um acidente de tr\u00e2nsito ocorrido no trevo da Penitenci\u00e1ria Estadual de &#8220;Tacyan Menezes de Lucena&#8221;, de Martin\u00f3polis.<\/p>\n<p>Trata-se de uma colis\u00e3o transversal envolvendo uma Caminhonete TOYOTA Hilux, com placas de Alvares Machado e um caminh\u00e3o SCANIA, com placas de Rondon\u00f3polis\/MT, carregado com carne.<\/p>\n<p>Conforme constatado no local, o caminh\u00e3o seguia no sentido Leste (SP-425 &#8211; Rod. Assis Chateaubriand a Rancharia\/SP), quando no citado quilometro, colidiu contra a Caminhonete, que cruzava a Rodovia, durante manobra no trevo, para acessar a Penitenci\u00e1ria, vitimando fatalmente seu condutor, C.A.S., um homem de 41 anos, Agente de Seguran\u00e7a Penitenci\u00e1ria.<\/p>\n<p>Ocorr\u00eancia em andamento, dados sujeitos a altera\u00e7\u00f5es.<\/p>\n<div class='flex flex-wrap items-center -mx-1'>\r\n<a class='thumbnail gallery p-1 w-1\/2 md:w-1\/4' href='https:\/\/radiolifefm.com.br\/noticias\/wp-content\/uploads\/2019\/11\/Acidente-Martin\u00f3polis-1.jpg'><img class='border border-white' src='https:\/\/radiolifefm.com.br\/noticias\/wp-content\/uploads\/2019\/11\/Acidente-Martin\u00f3polis-1-200x200.jpg' alt='Acidente   Martin\u00f3polis   1' \/><\/a><\/div>\n<p>Informa\u00e7\u00f5es &#8211; Pol\u00edcia Rodovi\u00e1ria<\/p>\n","protected":false},"excerpt":{"rendered":"<p>V\u00edtima fatal foi o condutor da caminhonete, um agente de seguran\u00e7a penitenci\u00e1ria de 41 anos Foi registrado na \u00e1rea da 2\u00aa Companhia da Pol\u00edcia Militar Rodovi\u00e1ria, um acidente de tr\u00e2nsito ocorrido no trevo da Penitenci\u00e1ria Estadual de &#8220;Tacyan Menezes de Lucena&#8221;, de Martin\u00f3polis. Trata-se de uma colis\u00e3o transversal envolvendo uma Caminhonete TOYOTA Hilux, com placas [&hellip;]<\/p>\n","protected":false},"author":3,"featured_media":18021,"comment_status":"closed","ping_status":"open","sticky":false,"template":"","format":"standard","meta":{"_acf_changed":false,"_exactmetrics_skip_tracking":false,"_exactmetrics_sitenote_active":false,"_exactmetrics_sitenote_note":"","_exactmetrics_sitenote_category":0,"footnotes":""},"categories":[24],"tags":[],"class_list":["post-18018","post","type-post","status-publish","format-standard","has-post-thumbnail","hentry","category-regiao"],"acf":[],"yoast_head":"<!-- This site is optimized with the Yoast SEO plugin v27.2 - https:\/\/yoast.com\/product\/yoast-seo-wordpress\/ -->\n<title>Acidente entre caminhonete e caminh\u00e3o deixa uma v\u00edtima fatal pela SP-425 em Martin\u00f3polis - R\u00e1dio Life FM<\/title>\n<meta name=\"robots\" content=\"index, follow, max-snippet:-1, max-image-preview:large, max-video-preview:-1\" \/>\n<link rel=\"canonical\" href=\"https:\/\/radiolifefm.com.br\/noticias\/acidente-entre-caminhonete-e-caminhao-deixa-uma-vitima-fatal-pela-sp-425-em-martinopolis\/\" \/>\n<meta property=\"og:locale\" content=\"pt_BR\" \/>\n<meta property=\"og:type\" content=\"article\" \/>\n<meta property=\"og:title\" content=\"Acidente entre caminhonete e caminh\u00e3o deixa uma v\u00edtima fatal pela SP-425 em Martin\u00f3polis - R\u00e1dio Life FM\" \/>\n<meta property=\"og:description\" content=\"V\u00edtima fatal foi o condutor da caminhonete, um agente de seguran\u00e7a penitenci\u00e1ria de 41 anos Foi registrado na \u00e1rea da 2\u00aa Companhia da Pol\u00edcia Militar Rodovi\u00e1ria, um acidente de tr\u00e2nsito ocorrido no trevo da Penitenci\u00e1ria Estadual de &#8220;Tacyan Menezes de Lucena&#8221;, de Martin\u00f3polis. Trata-se de uma colis\u00e3o transversal envolvendo uma Caminhonete TOYOTA Hilux, com placas [&hellip;]\" \/>\n<meta property=\"og:url\" content=\"https:\/\/radiolifefm.com.br\/noticias\/acidente-entre-caminhonete-e-caminhao-deixa-uma-vitima-fatal-pela-sp-425-em-martinopolis\/\" \/>\n<meta property=\"og:site_name\" content=\"R\u00e1dio Life FM\" \/>\n<meta property=\"article:publisher\" content=\"https:\/\/www.facebook.com\/radiolifefm\/\" \/>\n<meta property=\"article:published_time\" content=\"2019-11-18T10:31:00+00:00\" \/>\n<meta property=\"article:modified_time\" content=\"2026-04-20T04:45:05+00:00\" \/>\n<meta property=\"og:image\" content=\"https:\/\/radiolifefm.com.br\/noticias\/wp-content\/uploads\/2019\/11\/Acidente-Martin\u00f3polis-2.jpg\" \/>\n\t<meta property=\"og:image:width\" content=\"1024\" \/>\n\t<meta property=\"og:image:height\" content=\"576\" \/>\n\t<meta property=\"og:image:type\" content=\"image\/jpeg\" \/>\n<meta name=\"author\" content=\"lifefm\" \/>\n<meta name=\"twitter:card\" content=\"summary_large_image\" \/>\n<meta name=\"twitter:label1\" content=\"Escrito por\" \/>\n\t<meta name=\"twitter:data1\" content=\"lifefm\" \/>\n\t<meta name=\"twitter:label2\" content=\"Est. tempo de leitura\" \/>\n\t<meta name=\"twitter:data2\" content=\"1 minuto\" \/>\n<script type=\"application\/ld+json\" class=\"yoast-schema-graph\">{\"@context\":\"https:\/\/schema.org\",\"@graph\":[{\"@type\":\"Article\",\"@id\":\"https:\/\/radiolifefm.com.br\/noticias\/acidente-entre-caminhonete-e-caminhao-deixa-uma-vitima-fatal-pela-sp-425-em-martinopolis\/#article\",\"isPartOf\":{\"@id\":\"https:\/\/radiolifefm.com.br\/noticias\/acidente-entre-caminhonete-e-caminhao-deixa-uma-vitima-fatal-pela-sp-425-em-martinopolis\/\"},\"author\":{\"name\":\"lifefm\",\"@id\":\"https:\/\/radiolifefm.com.br\/noticias\/#\/schema\/person\/1d4e4b1301322090c6221bf1c8420490\"},\"headline\":\"Acidente entre caminhonete e caminh\u00e3o deixa uma v\u00edtima fatal pela SP-425 em Martin\u00f3polis\",\"datePublished\":\"2019-11-18T10:31:00+00:00\",\"dateModified\":\"2026-04-20T04:45:05+00:00\",\"mainEntityOfPage\":{\"@id\":\"https:\/\/radiolifefm.com.br\/noticias\/acidente-entre-caminhonete-e-caminhao-deixa-uma-vitima-fatal-pela-sp-425-em-martinopolis\/\"},\"wordCount\":170,\"publisher\":{\"@id\":\"https:\/\/radiolifefm.com.br\/noticias\/#organization\"},\"image\":{\"@id\":\"https:\/\/radiolifefm.com.br\/noticias\/acidente-entre-caminhonete-e-caminhao-deixa-uma-vitima-fatal-pela-sp-425-em-martinopolis\/#primaryimage\"},\"thumbnailUrl\":\"https:\/\/radiolifefm.com.br\/noticias\/wp-content\/uploads\/2019\/11\/Acidente-Martin\u00f3polis-2.jpg\",\"articleSection\":[\"Regi\u00e3o\"],\"inLanguage\":\"pt-BR\"},{\"@type\":\"WebPage\",\"@id\":\"https:\/\/radiolifefm.com.br\/noticias\/acidente-entre-caminhonete-e-caminhao-deixa-uma-vitima-fatal-pela-sp-425-em-martinopolis\/\",\"url\":\"https:\/\/radiolifefm.com.br\/noticias\/acidente-entre-caminhonete-e-caminhao-deixa-uma-vitima-fatal-pela-sp-425-em-martinopolis\/\",\"name\":\"Acidente entre caminhonete e caminh\u00e3o deixa uma v\u00edtima fatal pela SP-425 em Martin\u00f3polis - R\u00e1dio Life FM\",\"isPartOf\":{\"@id\":\"https:\/\/radiolifefm.com.br\/noticias\/#website\"},\"primaryImageOfPage\":{\"@id\":\"https:\/\/radiolifefm.com.br\/noticias\/acidente-entre-caminhonete-e-caminhao-deixa-uma-vitima-fatal-pela-sp-425-em-martinopolis\/#primaryimage\"},\"image\":{\"@id\":\"https:\/\/radiolifefm.com.br\/noticias\/acidente-entre-caminhonete-e-caminhao-deixa-uma-vitima-fatal-pela-sp-425-em-martinopolis\/#primaryimage\"},\"thumbnailUrl\":\"https:\/\/radiolifefm.com.br\/noticias\/wp-content\/uploads\/2019\/11\/Acidente-Martin\u00f3polis-2.jpg\",\"datePublished\":\"2019-11-18T10:31:00+00:00\",\"dateModified\":\"2026-04-20T04:45:05+00:00\",\"breadcrumb\":{\"@id\":\"https:\/\/radiolifefm.com.br\/noticias\/acidente-entre-caminhonete-e-caminhao-deixa-uma-vitima-fatal-pela-sp-425-em-martinopolis\/#breadcrumb\"},\"inLanguage\":\"pt-BR\",\"potentialAction\":[{\"@type\":\"ReadAction\",\"target\":[\"https:\/\/radiolifefm.com.br\/noticias\/acidente-entre-caminhonete-e-caminhao-deixa-uma-vitima-fatal-pela-sp-425-em-martinopolis\/\"]}]},{\"@type\":\"ImageObject\",\"inLanguage\":\"pt-BR\",\"@id\":\"https:\/\/radiolifefm.com.br\/noticias\/acidente-entre-caminhonete-e-caminhao-deixa-uma-vitima-fatal-pela-sp-425-em-martinopolis\/#primaryimage\",\"url\":\"https:\/\/radiolifefm.com.br\/noticias\/wp-content\/uploads\/2019\/11\/Acidente-Martin\u00f3polis-2.jpg\",\"contentUrl\":\"https:\/\/radiolifefm.com.br\/noticias\/wp-content\/uploads\/2019\/11\/Acidente-Martin\u00f3polis-2.jpg\",\"width\":1024,\"height\":576},{\"@type\":\"BreadcrumbList\",\"@id\":\"https:\/\/radiolifefm.com.br\/noticias\/acidente-entre-caminhonete-e-caminhao-deixa-uma-vitima-fatal-pela-sp-425-em-martinopolis\/#breadcrumb\",\"itemListElement\":[{\"@type\":\"ListItem\",\"position\":1,\"name\":\"In\u00edcio\",\"item\":\"https:\/\/radiolifefm.com.br\/noticias\/\"},{\"@type\":\"ListItem\",\"position\":2,\"name\":\"Acidente entre caminhonete e caminh\u00e3o deixa uma v\u00edtima fatal pela SP-425 em Martin\u00f3polis\"}]},{\"@type\":\"WebSite\",\"@id\":\"https:\/\/radiolifefm.com.br\/noticias\/#website\",\"url\":\"https:\/\/radiolifefm.com.br\/noticias\/\",\"name\":\"R\u00e1dio Life FM\",\"description\":\"O Portal de Not\u00edcias de Adamantina\",\"publisher\":{\"@id\":\"https:\/\/radiolifefm.com.br\/noticias\/#organization\"},\"alternateName\":\"Life FM\",\"potentialAction\":[{\"@type\":\"SearchAction\",\"target\":{\"@type\":\"EntryPoint\",\"urlTemplate\":\"https:\/\/radiolifefm.com.br\/noticias\/?s={search_term_string}\"},\"query-input\":{\"@type\":\"PropertyValueSpecification\",\"valueRequired\":true,\"valueName\":\"search_term_string\"}}],\"inLanguage\":\"pt-BR\"},{\"@type\":\"Organization\",\"@id\":\"https:\/\/radiolifefm.com.br\/noticias\/#organization\",\"name\":\"R\u00e1dio Life FM\",\"alternateName\":\"Life FM\",\"url\":\"https:\/\/radiolifefm.com.br\/noticias\/\",\"logo\":{\"@type\":\"ImageObject\",\"inLanguage\":\"pt-BR\",\"@id\":\"https:\/\/radiolifefm.com.br\/noticias\/#\/schema\/logo\/image\/\",\"url\":\"https:\/\/static.radiolifefm.com.br\/noticias\/wp-content\/uploads\/2019\/10\/logo-lifefm.png\",\"contentUrl\":\"https:\/\/static.radiolifefm.com.br\/noticias\/wp-content\/uploads\/2019\/10\/logo-lifefm.png\",\"width\":196,\"height\":47,\"caption\":\"R\u00e1dio Life FM\"},\"image\":{\"@id\":\"https:\/\/radiolifefm.com.br\/noticias\/#\/schema\/logo\/image\/\"},\"sameAs\":[\"https:\/\/www.facebook.com\/radiolifefm\/\",\"https:\/\/www.instagram.com\/life1079fm\/\"]},{\"@type\":\"Person\",\"@id\":\"https:\/\/radiolifefm.com.br\/noticias\/#\/schema\/person\/1d4e4b1301322090c6221bf1c8420490\",\"name\":\"lifefm\",\"image\":{\"@type\":\"ImageObject\",\"inLanguage\":\"pt-BR\",\"@id\":\"https:\/\/secure.gravatar.com\/avatar\/eca268467d925ec97d20641bb054fd944c0abb2f92854171620706bbe6474e7c?s=96&d=mm&r=g\",\"url\":\"https:\/\/secure.gravatar.com\/avatar\/eca268467d925ec97d20641bb054fd944c0abb2f92854171620706bbe6474e7c?s=96&d=mm&r=g\",\"contentUrl\":\"https:\/\/secure.gravatar.com\/avatar\/eca268467d925ec97d20641bb054fd944c0abb2f92854171620706bbe6474e7c?s=96&d=mm&r=g\",\"caption\":\"lifefm\"}}]}<\/script>\n<!-- \/ Yoast SEO plugin. -->","yoast_head_json":{"title":"Acidente entre caminhonete e caminh\u00e3o deixa uma v\u00edtima fatal pela SP-425 em Martin\u00f3polis - R\u00e1dio Life FM","robots":{"index":"index","follow":"follow","max-snippet":"max-snippet:-1","max-image-preview":"max-image-preview:large","max-video-preview":"max-video-preview:-1"},"canonical":"https:\/\/radiolifefm.com.br\/noticias\/acidente-entre-caminhonete-e-caminhao-deixa-uma-vitima-fatal-pela-sp-425-em-martinopolis\/","og_locale":"pt_BR","og_type":"article","og_title":"Acidente entre caminhonete e caminh\u00e3o deixa uma v\u00edtima fatal pela SP-425 em Martin\u00f3polis - R\u00e1dio Life FM","og_description":"V\u00edtima fatal foi o condutor da caminhonete, um agente de seguran\u00e7a penitenci\u00e1ria de 41 anos Foi registrado na \u00e1rea da 2\u00aa Companhia da Pol\u00edcia Militar Rodovi\u00e1ria, um acidente de tr\u00e2nsito ocorrido no trevo da Penitenci\u00e1ria Estadual de &#8220;Tacyan Menezes de Lucena&#8221;, de Martin\u00f3polis. Trata-se de uma colis\u00e3o transversal envolvendo uma Caminhonete TOYOTA Hilux, com placas [&hellip;]","og_url":"https:\/\/radiolifefm.com.br\/noticias\/acidente-entre-caminhonete-e-caminhao-deixa-uma-vitima-fatal-pela-sp-425-em-martinopolis\/","og_site_name":"R\u00e1dio Life FM","article_publisher":"https:\/\/www.facebook.com\/radiolifefm\/","article_published_time":"2019-11-18T10:31:00+00:00","article_modified_time":"2026-04-20T04:45:05+00:00","og_image":[{"width":1024,"height":576,"url":"https:\/\/radiolifefm.com.br\/noticias\/wp-content\/uploads\/2019\/11\/Acidente-Martin\u00f3polis-2.jpg","type":"image\/jpeg"}],"author":"lifefm","twitter_card":"summary_large_image","twitter_misc":{"Escrito por":"lifefm","Est. tempo de leitura":"1 minuto"},"schema":{"@context":"https:\/\/schema.org","@graph":[{"@type":"Article","@id":"https:\/\/radiolifefm.com.br\/noticias\/acidente-entre-caminhonete-e-caminhao-deixa-uma-vitima-fatal-pela-sp-425-em-martinopolis\/#article","isPartOf":{"@id":"https:\/\/radiolifefm.com.br\/noticias\/acidente-entre-caminhonete-e-caminhao-deixa-uma-vitima-fatal-pela-sp-425-em-martinopolis\/"},"author":{"name":"lifefm","@id":"https:\/\/radiolifefm.com.br\/noticias\/#\/schema\/person\/1d4e4b1301322090c6221bf1c8420490"},"headline":"Acidente entre caminhonete e caminh\u00e3o deixa uma v\u00edtima fatal pela SP-425 em Martin\u00f3polis","datePublished":"2019-11-18T10:31:00+00:00","dateModified":"2026-04-20T04:45:05+00:00","mainEntityOfPage":{"@id":"https:\/\/radiolifefm.com.br\/noticias\/acidente-entre-caminhonete-e-caminhao-deixa-uma-vitima-fatal-pela-sp-425-em-martinopolis\/"},"wordCount":170,"publisher":{"@id":"https:\/\/radiolifefm.com.br\/noticias\/#organization"},"image":{"@id":"https:\/\/radiolifefm.com.br\/noticias\/acidente-entre-caminhonete-e-caminhao-deixa-uma-vitima-fatal-pela-sp-425-em-martinopolis\/#primaryimage"},"thumbnailUrl":"https:\/\/radiolifefm.com.br\/noticias\/wp-content\/uploads\/2019\/11\/Acidente-Martin\u00f3polis-2.jpg","articleSection":["Regi\u00e3o"],"inLanguage":"pt-BR"},{"@type":"WebPage","@id":"https:\/\/radiolifefm.com.br\/noticias\/acidente-entre-caminhonete-e-caminhao-deixa-uma-vitima-fatal-pela-sp-425-em-martinopolis\/","url":"https:\/\/radiolifefm.com.br\/noticias\/acidente-entre-caminhonete-e-caminhao-deixa-uma-vitima-fatal-pela-sp-425-em-martinopolis\/","name":"Acidente entre caminhonete e caminh\u00e3o deixa uma v\u00edtima fatal pela SP-425 em Martin\u00f3polis - R\u00e1dio Life FM","isPartOf":{"@id":"https:\/\/radiolifefm.com.br\/noticias\/#website"},"primaryImageOfPage":{"@id":"https:\/\/radiolifefm.com.br\/noticias\/acidente-entre-caminhonete-e-caminhao-deixa-uma-vitima-fatal-pela-sp-425-em-martinopolis\/#primaryimage"},"image":{"@id":"https:\/\/radiolifefm.com.br\/noticias\/acidente-entre-caminhonete-e-caminhao-deixa-uma-vitima-fatal-pela-sp-425-em-martinopolis\/#primaryimage"},"thumbnailUrl":"https:\/\/radiolifefm.com.br\/noticias\/wp-content\/uploads\/2019\/11\/Acidente-Martin\u00f3polis-2.jpg","datePublished":"2019-11-18T10:31:00+00:00","dateModified":"2026-04-20T04:45:05+00:00","breadcrumb":{"@id":"https:\/\/radiolifefm.com.br\/noticias\/acidente-entre-caminhonete-e-caminhao-deixa-uma-vitima-fatal-pela-sp-425-em-martinopolis\/#breadcrumb"},"inLanguage":"pt-BR","potentialAction":[{"@type":"ReadAction","target":["https:\/\/radiolifefm.com.br\/noticias\/acidente-entre-caminhonete-e-caminhao-deixa-uma-vitima-fatal-pela-sp-425-em-martinopolis\/"]}]},{"@type":"ImageObject","inLanguage":"pt-BR","@id":"https:\/\/radiolifefm.com.br\/noticias\/acidente-entre-caminhonete-e-caminhao-deixa-uma-vitima-fatal-pela-sp-425-em-martinopolis\/#primaryimage","url":"https:\/\/radiolifefm.com.br\/noticias\/wp-content\/uploads\/2019\/11\/Acidente-Martin\u00f3polis-2.jpg","contentUrl":"https:\/\/radiolifefm.com.br\/noticias\/wp-content\/uploads\/2019\/11\/Acidente-Martin\u00f3polis-2.jpg","width":1024,"height":576},{"@type":"BreadcrumbList","@id":"https:\/\/radiolifefm.com.br\/noticias\/acidente-entre-caminhonete-e-caminhao-deixa-uma-vitima-fatal-pela-sp-425-em-martinopolis\/#breadcrumb","itemListElement":[{"@type":"ListItem","position":1,"name":"In\u00edcio","item":"https:\/\/radiolifefm.com.br\/noticias\/"},{"@type":"ListItem","position":2,"name":"Acidente entre caminhonete e caminh\u00e3o deixa uma v\u00edtima fatal pela SP-425 em Martin\u00f3polis"}]},{"@type":"WebSite","@id":"https:\/\/radiolifefm.com.br\/noticias\/#website","url":"https:\/\/radiolifefm.com.br\/noticias\/","name":"R\u00e1dio Life FM","description":"O Portal de Not\u00edcias de Adamantina","publisher":{"@id":"https:\/\/radiolifefm.com.br\/noticias\/#organization"},"alternateName":"Life FM","potentialAction":[{"@type":"SearchAction","target":{"@type":"EntryPoint","urlTemplate":"https:\/\/radiolifefm.com.br\/noticias\/?s={search_term_string}"},"query-input":{"@type":"PropertyValueSpecification","valueRequired":true,"valueName":"search_term_string"}}],"inLanguage":"pt-BR"},{"@type":"Organization","@id":"https:\/\/radiolifefm.com.br\/noticias\/#organization","name":"R\u00e1dio Life FM","alternateName":"Life FM","url":"https:\/\/radiolifefm.com.br\/noticias\/","logo":{"@type":"ImageObject","inLanguage":"pt-BR","@id":"https:\/\/radiolifefm.com.br\/noticias\/#\/schema\/logo\/image\/","url":"https:\/\/static.radiolifefm.com.br\/noticias\/wp-content\/uploads\/2019\/10\/logo-lifefm.png","contentUrl":"https:\/\/static.radiolifefm.com.br\/noticias\/wp-content\/uploads\/2019\/10\/logo-lifefm.png","width":196,"height":47,"caption":"R\u00e1dio Life FM"},"image":{"@id":"https:\/\/radiolifefm.com.br\/noticias\/#\/schema\/logo\/image\/"},"sameAs":["https:\/\/www.facebook.com\/radiolifefm\/","https:\/\/www.instagram.com\/life1079fm\/"]},{"@type":"Person","@id":"https:\/\/radiolifefm.com.br\/noticias\/#\/schema\/person\/1d4e4b1301322090c6221bf1c8420490","name":"lifefm","image":{"@type":"ImageObject","inLanguage":"pt-BR","@id":"https:\/\/secure.gravatar.com\/avatar\/eca268467d925ec97d20641bb054fd944c0abb2f92854171620706bbe6474e7c?s=96&d=mm&r=g","url":"https:\/\/secure.gravatar.com\/avatar\/eca268467d925ec97d20641bb054fd944c0abb2f92854171620706bbe6474e7c?s=96&d=mm&r=g","contentUrl":"https:\/\/secure.gravatar.com\/avatar\/eca268467d925ec97d20641bb054fd944c0abb2f92854171620706bbe6474e7c?s=96&d=mm&r=g","caption":"lifefm"}}]}},"amp_enabled":true,"_links":{"self":[{"href":"https:\/\/radiolifefm.com.br\/noticias\/wp-json\/wp\/v2\/posts\/18018","targetHints":{"allow":["GET"]}}],"collection":[{"href":"https:\/\/radiolifefm.com.br\/noticias\/wp-json\/wp\/v2\/posts"}],"about":[{"href":"https:\/\/radiolifefm.com.br\/noticias\/wp-json\/wp\/v2\/types\/post"}],"author":[{"embeddable":true,"href":"https:\/\/radiolifefm.com.br\/noticias\/wp-json\/wp\/v2\/users\/3"}],"replies":[{"embeddable":true,"href":"https:\/\/radiolifefm.com.br\/noticias\/wp-json\/wp\/v2\/comments?post=18018"}],"version-history":[{"count":2,"href":"https:\/\/radiolifefm.com.br\/noticias\/wp-json\/wp\/v2\/posts\/18018\/revisions"}],"predecessor-version":[{"id":18023,"href":"https:\/\/radiolifefm.com.br\/noticias\/wp-json\/wp\/v2\/posts\/18018\/revisions\/18023"}],"wp:featuredmedia":[{"embeddable":true,"href":"https:\/\/radiolifefm.com.br\/noticias\/wp-json\/wp\/v2\/media\/18021"}],"wp:attachment":[{"href":"https:\/\/radiolifefm.com.br\/noticias\/wp-json\/wp\/v2\/media?parent=18018"}],"wp:term":[{"taxonomy":"category","embeddable":true,"href":"https:\/\/radiolifefm.com.br\/noticias\/wp-json\/wp\/v2\/categories?post=18018"},{"taxonomy":"post_tag","embeddable":true,"href":"https:\/\/radiolifefm.com.br\/noticias\/wp-json\/wp\/v2\/tags?post=18018"}],"curies":[{"name":"wp","href":"https:\/\/api.w.org\/{rel}","templated":true}]}}