{"id":17913,"date":"2019-11-12T17:24:17","date_gmt":"2019-11-12T20:24:17","guid":{"rendered":"https:\/\/radiolifefm.com.br\/noticias\/?p=17913"},"modified":"2026-04-22T06:26:44","modified_gmt":"2026-04-22T09:26:44","slug":"lula-tio-sam-e-america-latina-sergio-barbosa-opiniao","status":"publish","type":"post","link":"https:\/\/radiolifefm.com.br\/noticias\/lula-tio-sam-e-america-latina-sergio-barbosa-opiniao\/","title":{"rendered":"\u201cLULA\u201d, \u201cTIO SAM\u201d E AM\u00c9RICA LATINA&#8230; &#8211; S\u00e9rgio Barbosa &#8211; Opini\u00e3o"},"content":{"rendered":"<div id=\"fb-root\"><\/div>\n<p>\u201cLULA\u201d, \u201cTIO SAM\u201d E AM\u00c9RICA LATINA&#8230;<\/p>\n<p><em>\u201c&#8230; temos guardado um sil\u00eancio bastante parecido com a estupidez&#8230;\u201d (Proclama\u00e7\u00e3o insurrecional da Junta Tuitiva na Cidade de La Paz, em 16 de julho de 1.809) \u2013 Fonte: GALEANO, Eduardo, AS VEIAS ABERTAS DA AM\u00c9RICA LATINA, Editora PAZ E TERRA, SP, 1986.<\/em><\/p>\n<p><em>S\u00e9rgio Barbosa (*)<\/em><\/p>\n<p>N\u00e3o se podem deixar de lado os \u00faltimos acontecimentos em terras latino-americanas, tais como: LULA LIVRE, ARGENTINA, CHILE, EQUADOR, PERU e BOL\u00cdVIA, bem como, HAITI&#8230;<\/p>\n<p>Pra tentar entender tais ocorr\u00eancias por causa disto ou daquilo, faz-se necess\u00e1rio estar em conex\u00e3o com a HIST\u00d3RIA DA AM\u00c9RICA LATINA com todos os seus desencontros hist\u00f3ricos&#8230;<\/p>\n<p>Neste cen\u00e1rio \u201capocal\u00edptico\u201d em todos os sentidos desta palavra \u201cb\u00edblica\u201d, torna-se mais do que importante o acesso \u00e0s fontes bibliogr\u00e1ficas para uma ou mais reflex\u00f5es sobre o continente latino-americano em tempo de p\u00f3s-globaliza\u00e7\u00e3o midi\u00e1tica&#8230;<\/p>\n<p>Tais fatos trazem um cl\u00e1ssico da Literatura LatinoAmericana, ou seja, o Livro AS VEIAS ABERTAS DA AM\u00c9RICA LATINA\/LAS VENAS ABIERTAS DE AM\u00c9RICA LATINA de EDUARDO GALEANO, editado no Brasil pela Editora PAZ E TERRA&#8230;<\/p>\n<p>Al\u00e9m dos muitos t\u00edtulos publicados com tais pautas pelos\/as Escritores\/as desta NUESTRA LATINOAM\u00c9RICA, tamb\u00e9m, existem centenas de publica\u00e7\u00f5es para muitas interpreta\u00e7\u00f5es sobre o tema e respectivas tem\u00e1ticas&#8230;<\/p>\n<p>Assim, torna-se evidente que para iniciar qualquer debate sobre o cen\u00e1rio LATINOAMERICANO \u00e9 necess\u00e1rio buscar fontes \u201cacima de qualquer suspeita\u201d, ou seja, deixar de lado as tais FONTES OFICIAIS dos pa\u00edses citados, entre os quais o PA\u00cdS DO FAZ DE CONTA (Brasil)&#8230;<\/p>\n<p>Deste lado, depois da decis\u00e3o do STF-SUPREMO TRIBUNAL FEDERAL sobre o Ex-Presidente LULA quanto a sua pris\u00e3o arbitr\u00e1ria, tendo em vista todos os desencontros patrocinados pelo MARRECO DE CURITIBA, pode-se, tamb\u00e9m, levantar muitas interpreta\u00e7\u00f5es sobre o que ocorreu neste PA\u00cdS DO FAZ DE CONTA depois do GOLPE contra a Presidenta DILMA&#8230;<\/p>\n<p>Al\u00e9m do mais em meio ao tudo de menos, alias, como sempre em todos os Pa\u00edses da denominada AM\u00c9RICA LATINA, tais GOLPES s\u00e3o patrocinados com outros interesses em benef\u00edcio do Mercado \u201cMADE IN USA\u201d&#8230;<\/p>\n<p>Portanto, sempre existiu e continua existindo a SOMBRA ONIPRESENTE do TIO SAM em todas as \u00e1reas de interesse dos Norte-americanos e ponto quase final&#8230;<\/p>\n<p>Mesmo com as trocas nos governos dos ESTADOS UNIDOS DA AM\u00c9RICA desde a tal Proclama\u00e7\u00e3o da Independ\u00eancia, ora com Republicanos de um lado e em outro momento, os DEMOCRATAS do outro lado, TODAVIA, s\u00e3o raros os avan\u00e7os com rela\u00e7\u00e3o ao contexto LATINOAMERICANO&#8230;<\/p>\n<p>Isso sem escrever que TIO SAM (USA\/EUA) dominam todas as esferas do poder organizacional das tr\u00eas AM\u00c9RICAS, a saber: NORTE, CENTRAL e do SUL&#8230;<\/p>\n<p>Lament\u00e1vel o que ocorreu em terras BOLIVIANAS com o PRESIDENTE EVO MORALES e sua Equipe de Governo, tamb\u00e9m, o que est\u00e1 ocorrendo por meio da opress\u00e3o e repress\u00e3o em outros pa\u00edses latino-americanos sob o comando dos (PSEUDO) DEUSES DO NORTE&#8230;<\/p>\n<p>QUEM SOBREVIVER VAI SABER&#8230;<\/p>\n<div class='flex flex-wrap items-center -mx-1'>\r\n<a class='thumbnail gallery p-1 w-1\/2 md:w-1\/4' href='https:\/\/radiolifefm.com.br\/noticias\/wp-content\/uploads\/2019\/11\/03Sebar.jpg'><img class='border border-white' src='https:\/\/radiolifefm.com.br\/noticias\/wp-content\/uploads\/2019\/11\/03Sebar-200x200.jpg' alt='03Sebar' \/><\/a><a class='thumbnail gallery p-1 w-1\/2 md:w-1\/4' href='https:\/\/radiolifefm.com.br\/noticias\/wp-content\/uploads\/2019\/11\/Sebar-1-1.jpg'><img class='border border-white' src='https:\/\/radiolifefm.com.br\/noticias\/wp-content\/uploads\/2019\/11\/Sebar-1-1-200x200.jpg' alt='Sebar   1' \/><\/a><a class='thumbnail gallery p-1 w-1\/2 md:w-1\/4' href='https:\/\/radiolifefm.com.br\/noticias\/wp-content\/uploads\/2019\/11\/Sebar-2-1.jpg'><img class='border border-white' src='https:\/\/radiolifefm.com.br\/noticias\/wp-content\/uploads\/2019\/11\/Sebar-2-1-200x200.jpg' alt='Sebar   2' \/><\/a><a class='thumbnail gallery p-1 w-1\/2 md:w-1\/4' href='https:\/\/radiolifefm.com.br\/noticias\/wp-content\/uploads\/2019\/11\/Sebar-4-1.jpg'><img class='border border-white' src='https:\/\/radiolifefm.com.br\/noticias\/wp-content\/uploads\/2019\/11\/Sebar-4-1-200x200.jpg' alt='Sebar   4' \/><\/a><\/div>\n<p>__________________________________<br \/>\n(*) Jornalista Diplomado.<\/p>\n","protected":false},"excerpt":{"rendered":"<p>\u201cLULA\u201d, \u201cTIO SAM\u201d E AM\u00c9RICA LATINA&#8230; \u201c&#8230; temos guardado um sil\u00eancio bastante parecido com a estupidez&#8230;\u201d (Proclama\u00e7\u00e3o insurrecional da Junta Tuitiva na Cidade de La Paz, em 16 de julho de 1.809) \u2013 Fonte: GALEANO, Eduardo, AS VEIAS ABERTAS DA AM\u00c9RICA LATINA, Editora PAZ E TERRA, SP, 1986. S\u00e9rgio Barbosa (*) N\u00e3o se podem deixar [&hellip;]<\/p>\n","protected":false},"author":3,"featured_media":17914,"comment_status":"closed","ping_status":"open","sticky":false,"template":"","format":"standard","meta":{"_acf_changed":false,"_exactmetrics_skip_tracking":false,"_exactmetrics_sitenote_active":false,"_exactmetrics_sitenote_note":"","_exactmetrics_sitenote_category":0,"footnotes":""},"categories":[59],"tags":[],"class_list":["post-17913","post","type-post","status-publish","format-standard","has-post-thumbnail","hentry","category-opiniao"],"acf":[],"yoast_head":"<!-- This site is optimized with the Yoast SEO plugin v27.2 - https:\/\/yoast.com\/product\/yoast-seo-wordpress\/ -->\n<title>\u201cLULA\u201d, \u201cTIO SAM\u201d E AM\u00c9RICA LATINA... - S\u00e9rgio Barbosa - Opini\u00e3o - R\u00e1dio Life FM<\/title>\n<meta name=\"robots\" content=\"index, follow, max-snippet:-1, max-image-preview:large, max-video-preview:-1\" \/>\n<link rel=\"canonical\" href=\"https:\/\/radiolifefm.com.br\/noticias\/lula-tio-sam-e-america-latina-sergio-barbosa-opiniao\/\" \/>\n<meta property=\"og:locale\" content=\"pt_BR\" \/>\n<meta property=\"og:type\" content=\"article\" \/>\n<meta property=\"og:title\" content=\"\u201cLULA\u201d, \u201cTIO SAM\u201d E AM\u00c9RICA LATINA... - S\u00e9rgio Barbosa - Opini\u00e3o - R\u00e1dio Life FM\" \/>\n<meta property=\"og:description\" content=\"\u201cLULA\u201d, \u201cTIO SAM\u201d E AM\u00c9RICA LATINA&#8230; \u201c&#8230; temos guardado um sil\u00eancio bastante parecido com a estupidez&#8230;\u201d (Proclama\u00e7\u00e3o insurrecional da Junta Tuitiva na Cidade de La Paz, em 16 de julho de 1.809) \u2013 Fonte: GALEANO, Eduardo, AS VEIAS ABERTAS DA AM\u00c9RICA LATINA, Editora PAZ E TERRA, SP, 1986. S\u00e9rgio Barbosa (*) N\u00e3o se podem deixar [&hellip;]\" \/>\n<meta property=\"og:url\" content=\"https:\/\/radiolifefm.com.br\/noticias\/lula-tio-sam-e-america-latina-sergio-barbosa-opiniao\/\" \/>\n<meta property=\"og:site_name\" content=\"R\u00e1dio Life FM\" \/>\n<meta property=\"article:publisher\" content=\"https:\/\/www.facebook.com\/radiolifefm\/\" \/>\n<meta property=\"article:published_time\" content=\"2019-11-12T20:24:17+00:00\" \/>\n<meta property=\"article:modified_time\" content=\"2026-04-22T09:26:44+00:00\" \/>\n<meta property=\"og:image\" content=\"https:\/\/radiolifefm.com.br\/noticias\/wp-content\/uploads\/2019\/11\/Sebar-6-1024x768.jpg\" \/>\n\t<meta property=\"og:image:width\" content=\"1024\" \/>\n\t<meta property=\"og:image:height\" content=\"768\" \/>\n\t<meta property=\"og:image:type\" content=\"image\/jpeg\" \/>\n<meta name=\"author\" content=\"lifefm\" \/>\n<meta name=\"twitter:card\" content=\"summary_large_image\" \/>\n<meta name=\"twitter:label1\" content=\"Escrito por\" \/>\n\t<meta name=\"twitter:data1\" content=\"lifefm\" \/>\n\t<meta name=\"twitter:label2\" content=\"Est. tempo de leitura\" \/>\n\t<meta name=\"twitter:data2\" content=\"3 minutos\" \/>\n<script type=\"application\/ld+json\" class=\"yoast-schema-graph\">{\"@context\":\"https:\/\/schema.org\",\"@graph\":[{\"@type\":\"Article\",\"@id\":\"https:\/\/radiolifefm.com.br\/noticias\/lula-tio-sam-e-america-latina-sergio-barbosa-opiniao\/#article\",\"isPartOf\":{\"@id\":\"https:\/\/radiolifefm.com.br\/noticias\/lula-tio-sam-e-america-latina-sergio-barbosa-opiniao\/\"},\"author\":{\"name\":\"lifefm\",\"@id\":\"https:\/\/radiolifefm.com.br\/noticias\/#\/schema\/person\/1d4e4b1301322090c6221bf1c8420490\"},\"headline\":\"\u201cLULA\u201d, \u201cTIO SAM\u201d E AM\u00c9RICA LATINA&#8230; &#8211; S\u00e9rgio Barbosa &#8211; Opini\u00e3o\",\"datePublished\":\"2019-11-12T20:24:17+00:00\",\"dateModified\":\"2026-04-22T09:26:44+00:00\",\"mainEntityOfPage\":{\"@id\":\"https:\/\/radiolifefm.com.br\/noticias\/lula-tio-sam-e-america-latina-sergio-barbosa-opiniao\/\"},\"wordCount\":533,\"publisher\":{\"@id\":\"https:\/\/radiolifefm.com.br\/noticias\/#organization\"},\"image\":{\"@id\":\"https:\/\/radiolifefm.com.br\/noticias\/lula-tio-sam-e-america-latina-sergio-barbosa-opiniao\/#primaryimage\"},\"thumbnailUrl\":\"https:\/\/radiolifefm.com.br\/noticias\/wp-content\/uploads\/2019\/11\/Sebar-6.jpg\",\"articleSection\":[\"Opini\u00e3o\"],\"inLanguage\":\"pt-BR\"},{\"@type\":\"WebPage\",\"@id\":\"https:\/\/radiolifefm.com.br\/noticias\/lula-tio-sam-e-america-latina-sergio-barbosa-opiniao\/\",\"url\":\"https:\/\/radiolifefm.com.br\/noticias\/lula-tio-sam-e-america-latina-sergio-barbosa-opiniao\/\",\"name\":\"\u201cLULA\u201d, \u201cTIO SAM\u201d E AM\u00c9RICA LATINA... - S\u00e9rgio Barbosa - Opini\u00e3o - R\u00e1dio Life FM\",\"isPartOf\":{\"@id\":\"https:\/\/radiolifefm.com.br\/noticias\/#website\"},\"primaryImageOfPage\":{\"@id\":\"https:\/\/radiolifefm.com.br\/noticias\/lula-tio-sam-e-america-latina-sergio-barbosa-opiniao\/#primaryimage\"},\"image\":{\"@id\":\"https:\/\/radiolifefm.com.br\/noticias\/lula-tio-sam-e-america-latina-sergio-barbosa-opiniao\/#primaryimage\"},\"thumbnailUrl\":\"https:\/\/radiolifefm.com.br\/noticias\/wp-content\/uploads\/2019\/11\/Sebar-6.jpg\",\"datePublished\":\"2019-11-12T20:24:17+00:00\",\"dateModified\":\"2026-04-22T09:26:44+00:00\",\"breadcrumb\":{\"@id\":\"https:\/\/radiolifefm.com.br\/noticias\/lula-tio-sam-e-america-latina-sergio-barbosa-opiniao\/#breadcrumb\"},\"inLanguage\":\"pt-BR\",\"potentialAction\":[{\"@type\":\"ReadAction\",\"target\":[\"https:\/\/radiolifefm.com.br\/noticias\/lula-tio-sam-e-america-latina-sergio-barbosa-opiniao\/\"]}]},{\"@type\":\"ImageObject\",\"inLanguage\":\"pt-BR\",\"@id\":\"https:\/\/radiolifefm.com.br\/noticias\/lula-tio-sam-e-america-latina-sergio-barbosa-opiniao\/#primaryimage\",\"url\":\"https:\/\/radiolifefm.com.br\/noticias\/wp-content\/uploads\/2019\/11\/Sebar-6.jpg\",\"contentUrl\":\"https:\/\/radiolifefm.com.br\/noticias\/wp-content\/uploads\/2019\/11\/Sebar-6.jpg\",\"width\":3648,\"height\":2736},{\"@type\":\"BreadcrumbList\",\"@id\":\"https:\/\/radiolifefm.com.br\/noticias\/lula-tio-sam-e-america-latina-sergio-barbosa-opiniao\/#breadcrumb\",\"itemListElement\":[{\"@type\":\"ListItem\",\"position\":1,\"name\":\"In\u00edcio\",\"item\":\"https:\/\/radiolifefm.com.br\/noticias\/\"},{\"@type\":\"ListItem\",\"position\":2,\"name\":\"\u201cLULA\u201d, \u201cTIO SAM\u201d E AM\u00c9RICA LATINA&#8230; &#8211; S\u00e9rgio Barbosa &#8211; Opini\u00e3o\"}]},{\"@type\":\"WebSite\",\"@id\":\"https:\/\/radiolifefm.com.br\/noticias\/#website\",\"url\":\"https:\/\/radiolifefm.com.br\/noticias\/\",\"name\":\"R\u00e1dio Life FM\",\"description\":\"O Portal de Not\u00edcias de Adamantina\",\"publisher\":{\"@id\":\"https:\/\/radiolifefm.com.br\/noticias\/#organization\"},\"alternateName\":\"Life FM\",\"potentialAction\":[{\"@type\":\"SearchAction\",\"target\":{\"@type\":\"EntryPoint\",\"urlTemplate\":\"https:\/\/radiolifefm.com.br\/noticias\/?s={search_term_string}\"},\"query-input\":{\"@type\":\"PropertyValueSpecification\",\"valueRequired\":true,\"valueName\":\"search_term_string\"}}],\"inLanguage\":\"pt-BR\"},{\"@type\":\"Organization\",\"@id\":\"https:\/\/radiolifefm.com.br\/noticias\/#organization\",\"name\":\"R\u00e1dio Life FM\",\"alternateName\":\"Life FM\",\"url\":\"https:\/\/radiolifefm.com.br\/noticias\/\",\"logo\":{\"@type\":\"ImageObject\",\"inLanguage\":\"pt-BR\",\"@id\":\"https:\/\/radiolifefm.com.br\/noticias\/#\/schema\/logo\/image\/\",\"url\":\"https:\/\/static.radiolifefm.com.br\/noticias\/wp-content\/uploads\/2019\/10\/logo-lifefm.png\",\"contentUrl\":\"https:\/\/static.radiolifefm.com.br\/noticias\/wp-content\/uploads\/2019\/10\/logo-lifefm.png\",\"width\":196,\"height\":47,\"caption\":\"R\u00e1dio Life FM\"},\"image\":{\"@id\":\"https:\/\/radiolifefm.com.br\/noticias\/#\/schema\/logo\/image\/\"},\"sameAs\":[\"https:\/\/www.facebook.com\/radiolifefm\/\",\"https:\/\/www.instagram.com\/life1079fm\/\"]},{\"@type\":\"Person\",\"@id\":\"https:\/\/radiolifefm.com.br\/noticias\/#\/schema\/person\/1d4e4b1301322090c6221bf1c8420490\",\"name\":\"lifefm\",\"image\":{\"@type\":\"ImageObject\",\"inLanguage\":\"pt-BR\",\"@id\":\"https:\/\/secure.gravatar.com\/avatar\/eca268467d925ec97d20641bb054fd944c0abb2f92854171620706bbe6474e7c?s=96&d=mm&r=g\",\"url\":\"https:\/\/secure.gravatar.com\/avatar\/eca268467d925ec97d20641bb054fd944c0abb2f92854171620706bbe6474e7c?s=96&d=mm&r=g\",\"contentUrl\":\"https:\/\/secure.gravatar.com\/avatar\/eca268467d925ec97d20641bb054fd944c0abb2f92854171620706bbe6474e7c?s=96&d=mm&r=g\",\"caption\":\"lifefm\"}}]}<\/script>\n<!-- \/ Yoast SEO plugin. -->","yoast_head_json":{"title":"\u201cLULA\u201d, \u201cTIO SAM\u201d E AM\u00c9RICA LATINA... - S\u00e9rgio Barbosa - Opini\u00e3o - R\u00e1dio Life FM","robots":{"index":"index","follow":"follow","max-snippet":"max-snippet:-1","max-image-preview":"max-image-preview:large","max-video-preview":"max-video-preview:-1"},"canonical":"https:\/\/radiolifefm.com.br\/noticias\/lula-tio-sam-e-america-latina-sergio-barbosa-opiniao\/","og_locale":"pt_BR","og_type":"article","og_title":"\u201cLULA\u201d, \u201cTIO SAM\u201d E AM\u00c9RICA LATINA... - S\u00e9rgio Barbosa - Opini\u00e3o - R\u00e1dio Life FM","og_description":"\u201cLULA\u201d, \u201cTIO SAM\u201d E AM\u00c9RICA LATINA&#8230; \u201c&#8230; temos guardado um sil\u00eancio bastante parecido com a estupidez&#8230;\u201d (Proclama\u00e7\u00e3o insurrecional da Junta Tuitiva na Cidade de La Paz, em 16 de julho de 1.809) \u2013 Fonte: GALEANO, Eduardo, AS VEIAS ABERTAS DA AM\u00c9RICA LATINA, Editora PAZ E TERRA, SP, 1986. S\u00e9rgio Barbosa (*) N\u00e3o se podem deixar [&hellip;]","og_url":"https:\/\/radiolifefm.com.br\/noticias\/lula-tio-sam-e-america-latina-sergio-barbosa-opiniao\/","og_site_name":"R\u00e1dio Life FM","article_publisher":"https:\/\/www.facebook.com\/radiolifefm\/","article_published_time":"2019-11-12T20:24:17+00:00","article_modified_time":"2026-04-22T09:26:44+00:00","og_image":[{"width":1024,"height":768,"url":"https:\/\/radiolifefm.com.br\/noticias\/wp-content\/uploads\/2019\/11\/Sebar-6-1024x768.jpg","type":"image\/jpeg"}],"author":"lifefm","twitter_card":"summary_large_image","twitter_misc":{"Escrito por":"lifefm","Est. tempo de leitura":"3 minutos"},"schema":{"@context":"https:\/\/schema.org","@graph":[{"@type":"Article","@id":"https:\/\/radiolifefm.com.br\/noticias\/lula-tio-sam-e-america-latina-sergio-barbosa-opiniao\/#article","isPartOf":{"@id":"https:\/\/radiolifefm.com.br\/noticias\/lula-tio-sam-e-america-latina-sergio-barbosa-opiniao\/"},"author":{"name":"lifefm","@id":"https:\/\/radiolifefm.com.br\/noticias\/#\/schema\/person\/1d4e4b1301322090c6221bf1c8420490"},"headline":"\u201cLULA\u201d, \u201cTIO SAM\u201d E AM\u00c9RICA LATINA&#8230; &#8211; S\u00e9rgio Barbosa &#8211; Opini\u00e3o","datePublished":"2019-11-12T20:24:17+00:00","dateModified":"2026-04-22T09:26:44+00:00","mainEntityOfPage":{"@id":"https:\/\/radiolifefm.com.br\/noticias\/lula-tio-sam-e-america-latina-sergio-barbosa-opiniao\/"},"wordCount":533,"publisher":{"@id":"https:\/\/radiolifefm.com.br\/noticias\/#organization"},"image":{"@id":"https:\/\/radiolifefm.com.br\/noticias\/lula-tio-sam-e-america-latina-sergio-barbosa-opiniao\/#primaryimage"},"thumbnailUrl":"https:\/\/radiolifefm.com.br\/noticias\/wp-content\/uploads\/2019\/11\/Sebar-6.jpg","articleSection":["Opini\u00e3o"],"inLanguage":"pt-BR"},{"@type":"WebPage","@id":"https:\/\/radiolifefm.com.br\/noticias\/lula-tio-sam-e-america-latina-sergio-barbosa-opiniao\/","url":"https:\/\/radiolifefm.com.br\/noticias\/lula-tio-sam-e-america-latina-sergio-barbosa-opiniao\/","name":"\u201cLULA\u201d, \u201cTIO SAM\u201d E AM\u00c9RICA LATINA... - S\u00e9rgio Barbosa - Opini\u00e3o - R\u00e1dio Life FM","isPartOf":{"@id":"https:\/\/radiolifefm.com.br\/noticias\/#website"},"primaryImageOfPage":{"@id":"https:\/\/radiolifefm.com.br\/noticias\/lula-tio-sam-e-america-latina-sergio-barbosa-opiniao\/#primaryimage"},"image":{"@id":"https:\/\/radiolifefm.com.br\/noticias\/lula-tio-sam-e-america-latina-sergio-barbosa-opiniao\/#primaryimage"},"thumbnailUrl":"https:\/\/radiolifefm.com.br\/noticias\/wp-content\/uploads\/2019\/11\/Sebar-6.jpg","datePublished":"2019-11-12T20:24:17+00:00","dateModified":"2026-04-22T09:26:44+00:00","breadcrumb":{"@id":"https:\/\/radiolifefm.com.br\/noticias\/lula-tio-sam-e-america-latina-sergio-barbosa-opiniao\/#breadcrumb"},"inLanguage":"pt-BR","potentialAction":[{"@type":"ReadAction","target":["https:\/\/radiolifefm.com.br\/noticias\/lula-tio-sam-e-america-latina-sergio-barbosa-opiniao\/"]}]},{"@type":"ImageObject","inLanguage":"pt-BR","@id":"https:\/\/radiolifefm.com.br\/noticias\/lula-tio-sam-e-america-latina-sergio-barbosa-opiniao\/#primaryimage","url":"https:\/\/radiolifefm.com.br\/noticias\/wp-content\/uploads\/2019\/11\/Sebar-6.jpg","contentUrl":"https:\/\/radiolifefm.com.br\/noticias\/wp-content\/uploads\/2019\/11\/Sebar-6.jpg","width":3648,"height":2736},{"@type":"BreadcrumbList","@id":"https:\/\/radiolifefm.com.br\/noticias\/lula-tio-sam-e-america-latina-sergio-barbosa-opiniao\/#breadcrumb","itemListElement":[{"@type":"ListItem","position":1,"name":"In\u00edcio","item":"https:\/\/radiolifefm.com.br\/noticias\/"},{"@type":"ListItem","position":2,"name":"\u201cLULA\u201d, \u201cTIO SAM\u201d E AM\u00c9RICA LATINA&#8230; &#8211; S\u00e9rgio Barbosa &#8211; Opini\u00e3o"}]},{"@type":"WebSite","@id":"https:\/\/radiolifefm.com.br\/noticias\/#website","url":"https:\/\/radiolifefm.com.br\/noticias\/","name":"R\u00e1dio Life FM","description":"O Portal de Not\u00edcias de Adamantina","publisher":{"@id":"https:\/\/radiolifefm.com.br\/noticias\/#organization"},"alternateName":"Life FM","potentialAction":[{"@type":"SearchAction","target":{"@type":"EntryPoint","urlTemplate":"https:\/\/radiolifefm.com.br\/noticias\/?s={search_term_string}"},"query-input":{"@type":"PropertyValueSpecification","valueRequired":true,"valueName":"search_term_string"}}],"inLanguage":"pt-BR"},{"@type":"Organization","@id":"https:\/\/radiolifefm.com.br\/noticias\/#organization","name":"R\u00e1dio Life FM","alternateName":"Life FM","url":"https:\/\/radiolifefm.com.br\/noticias\/","logo":{"@type":"ImageObject","inLanguage":"pt-BR","@id":"https:\/\/radiolifefm.com.br\/noticias\/#\/schema\/logo\/image\/","url":"https:\/\/static.radiolifefm.com.br\/noticias\/wp-content\/uploads\/2019\/10\/logo-lifefm.png","contentUrl":"https:\/\/static.radiolifefm.com.br\/noticias\/wp-content\/uploads\/2019\/10\/logo-lifefm.png","width":196,"height":47,"caption":"R\u00e1dio Life FM"},"image":{"@id":"https:\/\/radiolifefm.com.br\/noticias\/#\/schema\/logo\/image\/"},"sameAs":["https:\/\/www.facebook.com\/radiolifefm\/","https:\/\/www.instagram.com\/life1079fm\/"]},{"@type":"Person","@id":"https:\/\/radiolifefm.com.br\/noticias\/#\/schema\/person\/1d4e4b1301322090c6221bf1c8420490","name":"lifefm","image":{"@type":"ImageObject","inLanguage":"pt-BR","@id":"https:\/\/secure.gravatar.com\/avatar\/eca268467d925ec97d20641bb054fd944c0abb2f92854171620706bbe6474e7c?s=96&d=mm&r=g","url":"https:\/\/secure.gravatar.com\/avatar\/eca268467d925ec97d20641bb054fd944c0abb2f92854171620706bbe6474e7c?s=96&d=mm&r=g","contentUrl":"https:\/\/secure.gravatar.com\/avatar\/eca268467d925ec97d20641bb054fd944c0abb2f92854171620706bbe6474e7c?s=96&d=mm&r=g","caption":"lifefm"}}]}},"amp_enabled":true,"_links":{"self":[{"href":"https:\/\/radiolifefm.com.br\/noticias\/wp-json\/wp\/v2\/posts\/17913","targetHints":{"allow":["GET"]}}],"collection":[{"href":"https:\/\/radiolifefm.com.br\/noticias\/wp-json\/wp\/v2\/posts"}],"about":[{"href":"https:\/\/radiolifefm.com.br\/noticias\/wp-json\/wp\/v2\/types\/post"}],"author":[{"embeddable":true,"href":"https:\/\/radiolifefm.com.br\/noticias\/wp-json\/wp\/v2\/users\/3"}],"replies":[{"embeddable":true,"href":"https:\/\/radiolifefm.com.br\/noticias\/wp-json\/wp\/v2\/comments?post=17913"}],"version-history":[{"count":1,"href":"https:\/\/radiolifefm.com.br\/noticias\/wp-json\/wp\/v2\/posts\/17913\/revisions"}],"predecessor-version":[{"id":17922,"href":"https:\/\/radiolifefm.com.br\/noticias\/wp-json\/wp\/v2\/posts\/17913\/revisions\/17922"}],"wp:featuredmedia":[{"embeddable":true,"href":"https:\/\/radiolifefm.com.br\/noticias\/wp-json\/wp\/v2\/media\/17914"}],"wp:attachment":[{"href":"https:\/\/radiolifefm.com.br\/noticias\/wp-json\/wp\/v2\/media?parent=17913"}],"wp:term":[{"taxonomy":"category","embeddable":true,"href":"https:\/\/radiolifefm.com.br\/noticias\/wp-json\/wp\/v2\/categories?post=17913"},{"taxonomy":"post_tag","embeddable":true,"href":"https:\/\/radiolifefm.com.br\/noticias\/wp-json\/wp\/v2\/tags?post=17913"}],"curies":[{"name":"wp","href":"https:\/\/api.w.org\/{rel}","templated":true}]}}