{"id":17805,"date":"2019-11-07T08:50:39","date_gmt":"2019-11-07T11:50:39","guid":{"rendered":"https:\/\/radiolifefm.com.br\/noticias\/?p=17805"},"modified":"2026-02-18T15:05:02","modified_gmt":"2026-02-18T18:05:02","slug":"policia-militar-de-osvaldo-cruz-registra-ocorrencia-de-descumprimento-de-ordem-judicial","status":"publish","type":"post","link":"https:\/\/radiolifefm.com.br\/noticias\/policia-militar-de-osvaldo-cruz-registra-ocorrencia-de-descumprimento-de-ordem-judicial\/","title":{"rendered":"Pol\u00edcia Militar de Osvaldo Cruz registra ocorr\u00eancia de Descumprimento de Ordem Judicial"},"content":{"rendered":"<div id=\"fb-root\"><\/div>\n<p><em>Ocorr\u00eancia foi registrada nesta segunda-feira (04).<\/em><\/p>\n<p>Uma equipe da Pol\u00edcia Militar realizou patrulhamento pelo munic\u00edpio de Osvaldo Cruz na noite desta segunda-feira (04), por volta das 19h10, no cruzamento das ruas Manoel dos Santos e Lidio de Alencar, em um bar que constam den\u00fancias de que clientes realizam o tr\u00e1fico de drogas.<\/p>\n<p>Em frente ao estabelecimento um ve\u00edculo VW Gol estava estacionado, sendo de conhecimento da equipe que o ve\u00edculo \u00e9 de propriedade de D.R.M.S., que possui passagem criminal pelos crimes de roubo e lavagem de dinheiro, estando em liberdade condicional, tendo restri\u00e7\u00e3o de hor\u00e1rios e locais, al\u00e9m de den\u00fancias que ele estaria praticando tr\u00e1fico de drogas.<\/p>\n<p>Em vistoria no local, policiais visualizaram D.R.M.S sentado a uma mesa com um grupo de pessoas. De imediato a equipe fez o contorno no quarteir\u00e3o, por\u00e9m o indiv\u00edduo embarcou no ve\u00edculo e saiu imediatamente, n\u00e3o sendo mais visualizado.<\/p>\n<p>A equipe se deslocou at\u00e9 a resid\u00eancia do rapaz, que fica na Rua Paineira e realizou patrulhamento nas imedia\u00e7\u00f5es. Por volta das 19h30, o referido ve\u00edculo foi abordado quando chegava em sua resid\u00eancia. Foi realizada busca pessoal e veicular, por\u00e9m nada de il\u00edcito foi localizado.<\/p>\n<p>Indagado sobre sua situa\u00e7\u00e3o criminal, D.R.M.S respondeu que encontra-se em liberdade condicional, n\u00e3o podendo frequentar bares, se ausentar da comarca sem autoriza\u00e7\u00e3o e estar nas ruas das 22h \u00e0s 06h do dia posterior.<\/p>\n<p>D.R.M.S admitiu que estava frequentando o bar, declarando e assinando em campo pr\u00f3prio no boletim de ocorr\u00eancia.<\/p>\n<p>&nbsp;<\/p>\n<p>Portal Metr\u00f3pole<\/p>\n","protected":false},"excerpt":{"rendered":"<p>Ocorr\u00eancia foi registrada nesta segunda-feira (04). Uma equipe da Pol\u00edcia Militar realizou patrulhamento pelo munic\u00edpio de Osvaldo Cruz na noite desta segunda-feira (04), por volta das 19h10, no cruzamento das ruas Manoel dos Santos e Lidio de Alencar, em um bar que constam den\u00fancias de que clientes realizam o tr\u00e1fico de drogas. Em frente ao [&hellip;]<\/p>\n","protected":false},"author":3,"featured_media":17806,"comment_status":"closed","ping_status":"open","sticky":false,"template":"","format":"standard","meta":{"_acf_changed":false,"_exactmetrics_skip_tracking":false,"_exactmetrics_sitenote_active":false,"_exactmetrics_sitenote_note":"","_exactmetrics_sitenote_category":0,"footnotes":""},"categories":[24],"tags":[],"class_list":["post-17805","post","type-post","status-publish","format-standard","has-post-thumbnail","hentry","category-regiao"],"acf":[],"yoast_head":"<!-- This site is optimized with the Yoast SEO plugin v27.2 - https:\/\/yoast.com\/product\/yoast-seo-wordpress\/ -->\n<title>Pol\u00edcia Militar de Osvaldo Cruz registra ocorr\u00eancia de Descumprimento de Ordem Judicial - R\u00e1dio Life FM<\/title>\n<meta name=\"robots\" content=\"index, follow, max-snippet:-1, max-image-preview:large, max-video-preview:-1\" \/>\n<link rel=\"canonical\" href=\"https:\/\/radiolifefm.com.br\/noticias\/policia-militar-de-osvaldo-cruz-registra-ocorrencia-de-descumprimento-de-ordem-judicial\/\" \/>\n<meta property=\"og:locale\" content=\"pt_BR\" \/>\n<meta property=\"og:type\" content=\"article\" \/>\n<meta property=\"og:title\" content=\"Pol\u00edcia Militar de Osvaldo Cruz registra ocorr\u00eancia de Descumprimento de Ordem Judicial - R\u00e1dio Life FM\" \/>\n<meta property=\"og:description\" content=\"Ocorr\u00eancia foi registrada nesta segunda-feira (04). Uma equipe da Pol\u00edcia Militar realizou patrulhamento pelo munic\u00edpio de Osvaldo Cruz na noite desta segunda-feira (04), por volta das 19h10, no cruzamento das ruas Manoel dos Santos e Lidio de Alencar, em um bar que constam den\u00fancias de que clientes realizam o tr\u00e1fico de drogas. Em frente ao [&hellip;]\" \/>\n<meta property=\"og:url\" content=\"https:\/\/radiolifefm.com.br\/noticias\/policia-militar-de-osvaldo-cruz-registra-ocorrencia-de-descumprimento-de-ordem-judicial\/\" \/>\n<meta property=\"og:site_name\" content=\"R\u00e1dio Life FM\" \/>\n<meta property=\"article:publisher\" content=\"https:\/\/www.facebook.com\/radiolifefm\/\" \/>\n<meta property=\"article:published_time\" content=\"2019-11-07T11:50:39+00:00\" \/>\n<meta property=\"article:modified_time\" content=\"2026-02-18T18:05:02+00:00\" \/>\n<meta property=\"og:image\" content=\"https:\/\/radiolifefm.com.br\/noticias\/wp-content\/uploads\/2019\/11\/Pol\u00edcia-Militar-Imagem-2.jpg\" \/>\n\t<meta property=\"og:image:width\" content=\"1280\" \/>\n\t<meta property=\"og:image:height\" content=\"811\" \/>\n\t<meta property=\"og:image:type\" content=\"image\/jpeg\" \/>\n<meta name=\"author\" content=\"lifefm\" \/>\n<meta name=\"twitter:card\" content=\"summary_large_image\" \/>\n<meta name=\"twitter:label1\" content=\"Escrito por\" \/>\n\t<meta name=\"twitter:data1\" content=\"lifefm\" \/>\n\t<meta name=\"twitter:label2\" content=\"Est. tempo de leitura\" \/>\n\t<meta name=\"twitter:data2\" content=\"1 minuto\" \/>\n<script type=\"application\/ld+json\" class=\"yoast-schema-graph\">{\"@context\":\"https:\/\/schema.org\",\"@graph\":[{\"@type\":\"Article\",\"@id\":\"https:\/\/radiolifefm.com.br\/noticias\/policia-militar-de-osvaldo-cruz-registra-ocorrencia-de-descumprimento-de-ordem-judicial\/#article\",\"isPartOf\":{\"@id\":\"https:\/\/radiolifefm.com.br\/noticias\/policia-militar-de-osvaldo-cruz-registra-ocorrencia-de-descumprimento-de-ordem-judicial\/\"},\"author\":{\"name\":\"lifefm\",\"@id\":\"https:\/\/radiolifefm.com.br\/noticias\/#\/schema\/person\/1d4e4b1301322090c6221bf1c8420490\"},\"headline\":\"Pol\u00edcia Militar de Osvaldo Cruz registra ocorr\u00eancia de Descumprimento de Ordem Judicial\",\"datePublished\":\"2019-11-07T11:50:39+00:00\",\"dateModified\":\"2026-02-18T18:05:02+00:00\",\"mainEntityOfPage\":{\"@id\":\"https:\/\/radiolifefm.com.br\/noticias\/policia-militar-de-osvaldo-cruz-registra-ocorrencia-de-descumprimento-de-ordem-judicial\/\"},\"wordCount\":295,\"publisher\":{\"@id\":\"https:\/\/radiolifefm.com.br\/noticias\/#organization\"},\"image\":{\"@id\":\"https:\/\/radiolifefm.com.br\/noticias\/policia-militar-de-osvaldo-cruz-registra-ocorrencia-de-descumprimento-de-ordem-judicial\/#primaryimage\"},\"thumbnailUrl\":\"https:\/\/radiolifefm.com.br\/noticias\/wp-content\/uploads\/2019\/11\/Pol\u00edcia-Militar-Imagem-2.jpg\",\"articleSection\":[\"Regi\u00e3o\"],\"inLanguage\":\"pt-BR\"},{\"@type\":\"WebPage\",\"@id\":\"https:\/\/radiolifefm.com.br\/noticias\/policia-militar-de-osvaldo-cruz-registra-ocorrencia-de-descumprimento-de-ordem-judicial\/\",\"url\":\"https:\/\/radiolifefm.com.br\/noticias\/policia-militar-de-osvaldo-cruz-registra-ocorrencia-de-descumprimento-de-ordem-judicial\/\",\"name\":\"Pol\u00edcia Militar de Osvaldo Cruz registra ocorr\u00eancia de Descumprimento de Ordem Judicial - R\u00e1dio Life FM\",\"isPartOf\":{\"@id\":\"https:\/\/radiolifefm.com.br\/noticias\/#website\"},\"primaryImageOfPage\":{\"@id\":\"https:\/\/radiolifefm.com.br\/noticias\/policia-militar-de-osvaldo-cruz-registra-ocorrencia-de-descumprimento-de-ordem-judicial\/#primaryimage\"},\"image\":{\"@id\":\"https:\/\/radiolifefm.com.br\/noticias\/policia-militar-de-osvaldo-cruz-registra-ocorrencia-de-descumprimento-de-ordem-judicial\/#primaryimage\"},\"thumbnailUrl\":\"https:\/\/radiolifefm.com.br\/noticias\/wp-content\/uploads\/2019\/11\/Pol\u00edcia-Militar-Imagem-2.jpg\",\"datePublished\":\"2019-11-07T11:50:39+00:00\",\"dateModified\":\"2026-02-18T18:05:02+00:00\",\"breadcrumb\":{\"@id\":\"https:\/\/radiolifefm.com.br\/noticias\/policia-militar-de-osvaldo-cruz-registra-ocorrencia-de-descumprimento-de-ordem-judicial\/#breadcrumb\"},\"inLanguage\":\"pt-BR\",\"potentialAction\":[{\"@type\":\"ReadAction\",\"target\":[\"https:\/\/radiolifefm.com.br\/noticias\/policia-militar-de-osvaldo-cruz-registra-ocorrencia-de-descumprimento-de-ordem-judicial\/\"]}]},{\"@type\":\"ImageObject\",\"inLanguage\":\"pt-BR\",\"@id\":\"https:\/\/radiolifefm.com.br\/noticias\/policia-militar-de-osvaldo-cruz-registra-ocorrencia-de-descumprimento-de-ordem-judicial\/#primaryimage\",\"url\":\"https:\/\/radiolifefm.com.br\/noticias\/wp-content\/uploads\/2019\/11\/Pol\u00edcia-Militar-Imagem-2.jpg\",\"contentUrl\":\"https:\/\/radiolifefm.com.br\/noticias\/wp-content\/uploads\/2019\/11\/Pol\u00edcia-Militar-Imagem-2.jpg\",\"width\":1280,\"height\":811},{\"@type\":\"BreadcrumbList\",\"@id\":\"https:\/\/radiolifefm.com.br\/noticias\/policia-militar-de-osvaldo-cruz-registra-ocorrencia-de-descumprimento-de-ordem-judicial\/#breadcrumb\",\"itemListElement\":[{\"@type\":\"ListItem\",\"position\":1,\"name\":\"In\u00edcio\",\"item\":\"https:\/\/radiolifefm.com.br\/noticias\/\"},{\"@type\":\"ListItem\",\"position\":2,\"name\":\"Pol\u00edcia Militar de Osvaldo Cruz registra ocorr\u00eancia de Descumprimento de Ordem Judicial\"}]},{\"@type\":\"WebSite\",\"@id\":\"https:\/\/radiolifefm.com.br\/noticias\/#website\",\"url\":\"https:\/\/radiolifefm.com.br\/noticias\/\",\"name\":\"R\u00e1dio Life FM\",\"description\":\"O Portal de Not\u00edcias de Adamantina\",\"publisher\":{\"@id\":\"https:\/\/radiolifefm.com.br\/noticias\/#organization\"},\"alternateName\":\"Life FM\",\"potentialAction\":[{\"@type\":\"SearchAction\",\"target\":{\"@type\":\"EntryPoint\",\"urlTemplate\":\"https:\/\/radiolifefm.com.br\/noticias\/?s={search_term_string}\"},\"query-input\":{\"@type\":\"PropertyValueSpecification\",\"valueRequired\":true,\"valueName\":\"search_term_string\"}}],\"inLanguage\":\"pt-BR\"},{\"@type\":\"Organization\",\"@id\":\"https:\/\/radiolifefm.com.br\/noticias\/#organization\",\"name\":\"R\u00e1dio Life FM\",\"alternateName\":\"Life FM\",\"url\":\"https:\/\/radiolifefm.com.br\/noticias\/\",\"logo\":{\"@type\":\"ImageObject\",\"inLanguage\":\"pt-BR\",\"@id\":\"https:\/\/radiolifefm.com.br\/noticias\/#\/schema\/logo\/image\/\",\"url\":\"https:\/\/static.radiolifefm.com.br\/noticias\/wp-content\/uploads\/2019\/10\/logo-lifefm.png\",\"contentUrl\":\"https:\/\/static.radiolifefm.com.br\/noticias\/wp-content\/uploads\/2019\/10\/logo-lifefm.png\",\"width\":196,\"height\":47,\"caption\":\"R\u00e1dio Life FM\"},\"image\":{\"@id\":\"https:\/\/radiolifefm.com.br\/noticias\/#\/schema\/logo\/image\/\"},\"sameAs\":[\"https:\/\/www.facebook.com\/radiolifefm\/\",\"https:\/\/www.instagram.com\/life1079fm\/\"]},{\"@type\":\"Person\",\"@id\":\"https:\/\/radiolifefm.com.br\/noticias\/#\/schema\/person\/1d4e4b1301322090c6221bf1c8420490\",\"name\":\"lifefm\",\"image\":{\"@type\":\"ImageObject\",\"inLanguage\":\"pt-BR\",\"@id\":\"https:\/\/secure.gravatar.com\/avatar\/eca268467d925ec97d20641bb054fd944c0abb2f92854171620706bbe6474e7c?s=96&d=mm&r=g\",\"url\":\"https:\/\/secure.gravatar.com\/avatar\/eca268467d925ec97d20641bb054fd944c0abb2f92854171620706bbe6474e7c?s=96&d=mm&r=g\",\"contentUrl\":\"https:\/\/secure.gravatar.com\/avatar\/eca268467d925ec97d20641bb054fd944c0abb2f92854171620706bbe6474e7c?s=96&d=mm&r=g\",\"caption\":\"lifefm\"}}]}<\/script>\n<!-- \/ Yoast SEO plugin. -->","yoast_head_json":{"title":"Pol\u00edcia Militar de Osvaldo Cruz registra ocorr\u00eancia de Descumprimento de Ordem Judicial - R\u00e1dio Life FM","robots":{"index":"index","follow":"follow","max-snippet":"max-snippet:-1","max-image-preview":"max-image-preview:large","max-video-preview":"max-video-preview:-1"},"canonical":"https:\/\/radiolifefm.com.br\/noticias\/policia-militar-de-osvaldo-cruz-registra-ocorrencia-de-descumprimento-de-ordem-judicial\/","og_locale":"pt_BR","og_type":"article","og_title":"Pol\u00edcia Militar de Osvaldo Cruz registra ocorr\u00eancia de Descumprimento de Ordem Judicial - R\u00e1dio Life FM","og_description":"Ocorr\u00eancia foi registrada nesta segunda-feira (04). Uma equipe da Pol\u00edcia Militar realizou patrulhamento pelo munic\u00edpio de Osvaldo Cruz na noite desta segunda-feira (04), por volta das 19h10, no cruzamento das ruas Manoel dos Santos e Lidio de Alencar, em um bar que constam den\u00fancias de que clientes realizam o tr\u00e1fico de drogas. Em frente ao [&hellip;]","og_url":"https:\/\/radiolifefm.com.br\/noticias\/policia-militar-de-osvaldo-cruz-registra-ocorrencia-de-descumprimento-de-ordem-judicial\/","og_site_name":"R\u00e1dio Life FM","article_publisher":"https:\/\/www.facebook.com\/radiolifefm\/","article_published_time":"2019-11-07T11:50:39+00:00","article_modified_time":"2026-02-18T18:05:02+00:00","og_image":[{"width":1280,"height":811,"url":"https:\/\/radiolifefm.com.br\/noticias\/wp-content\/uploads\/2019\/11\/Pol\u00edcia-Militar-Imagem-2.jpg","type":"image\/jpeg"}],"author":"lifefm","twitter_card":"summary_large_image","twitter_misc":{"Escrito por":"lifefm","Est. tempo de leitura":"1 minuto"},"schema":{"@context":"https:\/\/schema.org","@graph":[{"@type":"Article","@id":"https:\/\/radiolifefm.com.br\/noticias\/policia-militar-de-osvaldo-cruz-registra-ocorrencia-de-descumprimento-de-ordem-judicial\/#article","isPartOf":{"@id":"https:\/\/radiolifefm.com.br\/noticias\/policia-militar-de-osvaldo-cruz-registra-ocorrencia-de-descumprimento-de-ordem-judicial\/"},"author":{"name":"lifefm","@id":"https:\/\/radiolifefm.com.br\/noticias\/#\/schema\/person\/1d4e4b1301322090c6221bf1c8420490"},"headline":"Pol\u00edcia Militar de Osvaldo Cruz registra ocorr\u00eancia de Descumprimento de Ordem Judicial","datePublished":"2019-11-07T11:50:39+00:00","dateModified":"2026-02-18T18:05:02+00:00","mainEntityOfPage":{"@id":"https:\/\/radiolifefm.com.br\/noticias\/policia-militar-de-osvaldo-cruz-registra-ocorrencia-de-descumprimento-de-ordem-judicial\/"},"wordCount":295,"publisher":{"@id":"https:\/\/radiolifefm.com.br\/noticias\/#organization"},"image":{"@id":"https:\/\/radiolifefm.com.br\/noticias\/policia-militar-de-osvaldo-cruz-registra-ocorrencia-de-descumprimento-de-ordem-judicial\/#primaryimage"},"thumbnailUrl":"https:\/\/radiolifefm.com.br\/noticias\/wp-content\/uploads\/2019\/11\/Pol\u00edcia-Militar-Imagem-2.jpg","articleSection":["Regi\u00e3o"],"inLanguage":"pt-BR"},{"@type":"WebPage","@id":"https:\/\/radiolifefm.com.br\/noticias\/policia-militar-de-osvaldo-cruz-registra-ocorrencia-de-descumprimento-de-ordem-judicial\/","url":"https:\/\/radiolifefm.com.br\/noticias\/policia-militar-de-osvaldo-cruz-registra-ocorrencia-de-descumprimento-de-ordem-judicial\/","name":"Pol\u00edcia Militar de Osvaldo Cruz registra ocorr\u00eancia de Descumprimento de Ordem Judicial - R\u00e1dio Life FM","isPartOf":{"@id":"https:\/\/radiolifefm.com.br\/noticias\/#website"},"primaryImageOfPage":{"@id":"https:\/\/radiolifefm.com.br\/noticias\/policia-militar-de-osvaldo-cruz-registra-ocorrencia-de-descumprimento-de-ordem-judicial\/#primaryimage"},"image":{"@id":"https:\/\/radiolifefm.com.br\/noticias\/policia-militar-de-osvaldo-cruz-registra-ocorrencia-de-descumprimento-de-ordem-judicial\/#primaryimage"},"thumbnailUrl":"https:\/\/radiolifefm.com.br\/noticias\/wp-content\/uploads\/2019\/11\/Pol\u00edcia-Militar-Imagem-2.jpg","datePublished":"2019-11-07T11:50:39+00:00","dateModified":"2026-02-18T18:05:02+00:00","breadcrumb":{"@id":"https:\/\/radiolifefm.com.br\/noticias\/policia-militar-de-osvaldo-cruz-registra-ocorrencia-de-descumprimento-de-ordem-judicial\/#breadcrumb"},"inLanguage":"pt-BR","potentialAction":[{"@type":"ReadAction","target":["https:\/\/radiolifefm.com.br\/noticias\/policia-militar-de-osvaldo-cruz-registra-ocorrencia-de-descumprimento-de-ordem-judicial\/"]}]},{"@type":"ImageObject","inLanguage":"pt-BR","@id":"https:\/\/radiolifefm.com.br\/noticias\/policia-militar-de-osvaldo-cruz-registra-ocorrencia-de-descumprimento-de-ordem-judicial\/#primaryimage","url":"https:\/\/radiolifefm.com.br\/noticias\/wp-content\/uploads\/2019\/11\/Pol\u00edcia-Militar-Imagem-2.jpg","contentUrl":"https:\/\/radiolifefm.com.br\/noticias\/wp-content\/uploads\/2019\/11\/Pol\u00edcia-Militar-Imagem-2.jpg","width":1280,"height":811},{"@type":"BreadcrumbList","@id":"https:\/\/radiolifefm.com.br\/noticias\/policia-militar-de-osvaldo-cruz-registra-ocorrencia-de-descumprimento-de-ordem-judicial\/#breadcrumb","itemListElement":[{"@type":"ListItem","position":1,"name":"In\u00edcio","item":"https:\/\/radiolifefm.com.br\/noticias\/"},{"@type":"ListItem","position":2,"name":"Pol\u00edcia Militar de Osvaldo Cruz registra ocorr\u00eancia de Descumprimento de Ordem Judicial"}]},{"@type":"WebSite","@id":"https:\/\/radiolifefm.com.br\/noticias\/#website","url":"https:\/\/radiolifefm.com.br\/noticias\/","name":"R\u00e1dio Life FM","description":"O Portal de Not\u00edcias de Adamantina","publisher":{"@id":"https:\/\/radiolifefm.com.br\/noticias\/#organization"},"alternateName":"Life FM","potentialAction":[{"@type":"SearchAction","target":{"@type":"EntryPoint","urlTemplate":"https:\/\/radiolifefm.com.br\/noticias\/?s={search_term_string}"},"query-input":{"@type":"PropertyValueSpecification","valueRequired":true,"valueName":"search_term_string"}}],"inLanguage":"pt-BR"},{"@type":"Organization","@id":"https:\/\/radiolifefm.com.br\/noticias\/#organization","name":"R\u00e1dio Life FM","alternateName":"Life FM","url":"https:\/\/radiolifefm.com.br\/noticias\/","logo":{"@type":"ImageObject","inLanguage":"pt-BR","@id":"https:\/\/radiolifefm.com.br\/noticias\/#\/schema\/logo\/image\/","url":"https:\/\/static.radiolifefm.com.br\/noticias\/wp-content\/uploads\/2019\/10\/logo-lifefm.png","contentUrl":"https:\/\/static.radiolifefm.com.br\/noticias\/wp-content\/uploads\/2019\/10\/logo-lifefm.png","width":196,"height":47,"caption":"R\u00e1dio Life FM"},"image":{"@id":"https:\/\/radiolifefm.com.br\/noticias\/#\/schema\/logo\/image\/"},"sameAs":["https:\/\/www.facebook.com\/radiolifefm\/","https:\/\/www.instagram.com\/life1079fm\/"]},{"@type":"Person","@id":"https:\/\/radiolifefm.com.br\/noticias\/#\/schema\/person\/1d4e4b1301322090c6221bf1c8420490","name":"lifefm","image":{"@type":"ImageObject","inLanguage":"pt-BR","@id":"https:\/\/secure.gravatar.com\/avatar\/eca268467d925ec97d20641bb054fd944c0abb2f92854171620706bbe6474e7c?s=96&d=mm&r=g","url":"https:\/\/secure.gravatar.com\/avatar\/eca268467d925ec97d20641bb054fd944c0abb2f92854171620706bbe6474e7c?s=96&d=mm&r=g","contentUrl":"https:\/\/secure.gravatar.com\/avatar\/eca268467d925ec97d20641bb054fd944c0abb2f92854171620706bbe6474e7c?s=96&d=mm&r=g","caption":"lifefm"}}]}},"amp_enabled":true,"_links":{"self":[{"href":"https:\/\/radiolifefm.com.br\/noticias\/wp-json\/wp\/v2\/posts\/17805","targetHints":{"allow":["GET"]}}],"collection":[{"href":"https:\/\/radiolifefm.com.br\/noticias\/wp-json\/wp\/v2\/posts"}],"about":[{"href":"https:\/\/radiolifefm.com.br\/noticias\/wp-json\/wp\/v2\/types\/post"}],"author":[{"embeddable":true,"href":"https:\/\/radiolifefm.com.br\/noticias\/wp-json\/wp\/v2\/users\/3"}],"replies":[{"embeddable":true,"href":"https:\/\/radiolifefm.com.br\/noticias\/wp-json\/wp\/v2\/comments?post=17805"}],"version-history":[{"count":1,"href":"https:\/\/radiolifefm.com.br\/noticias\/wp-json\/wp\/v2\/posts\/17805\/revisions"}],"predecessor-version":[{"id":17807,"href":"https:\/\/radiolifefm.com.br\/noticias\/wp-json\/wp\/v2\/posts\/17805\/revisions\/17807"}],"wp:featuredmedia":[{"embeddable":true,"href":"https:\/\/radiolifefm.com.br\/noticias\/wp-json\/wp\/v2\/media\/17806"}],"wp:attachment":[{"href":"https:\/\/radiolifefm.com.br\/noticias\/wp-json\/wp\/v2\/media?parent=17805"}],"wp:term":[{"taxonomy":"category","embeddable":true,"href":"https:\/\/radiolifefm.com.br\/noticias\/wp-json\/wp\/v2\/categories?post=17805"},{"taxonomy":"post_tag","embeddable":true,"href":"https:\/\/radiolifefm.com.br\/noticias\/wp-json\/wp\/v2\/tags?post=17805"}],"curies":[{"name":"wp","href":"https:\/\/api.w.org\/{rel}","templated":true}]}}