{"id":17754,"date":"2019-11-05T08:32:28","date_gmt":"2019-11-05T11:32:28","guid":{"rendered":"https:\/\/radiolifefm.com.br\/noticias\/?p=17754"},"modified":"2025-11-23T12:14:49","modified_gmt":"2025-11-23T15:14:49","slug":"stefany-luana-natalia-e-fisioclinica-a-quem-honra-honra-sergio-barbosa-opiniao","status":"publish","type":"post","link":"https:\/\/radiolifefm.com.br\/noticias\/stefany-luana-natalia-e-fisioclinica-a-quem-honra-honra-sergio-barbosa-opiniao\/","title":{"rendered":"\u201cSTEF\u00c1NY, LUANA, NAT\u00c1LIA E FISIOCL\u00cdNICA\u201d: A QUEM HONRA, HONRA\u201d! &#8211; S\u00e9rgio Barbosa &#8211; Opini\u00e3o"},"content":{"rendered":"<div id=\"fb-root\"><\/div>\n<p><strong>\u201cSTEF\u00c1NY, LUANA, NAT\u00c1LIA E FISIOCL\u00cdNICA\u201d: A QUEM HONRA, HONRA\u201d!<\/strong><\/p>\n<p><em>\u201cFISIOTERAPEUTA &#8220;O movimento \u00e9 nossa arma e nossa arte, atrav\u00e9s dele nos fazemos ci\u00eancia. Nele depositamos nossos sonhos de trazer \u00e0 vida, o que sem vida parece estar.&#8221; (N\u00edvea Flor)<\/em><\/p>\n<p><em>S\u00e9rgio Barbosa (*)<\/em><\/p>\n<p>N\u00e3o tem como ficar sem escrever sobre as atividades das FISIOCL\u00cdNICA das PAREDES ALVAS , tendo em vista que a mesma presta diversos atendimentos na \u00e1rea da FISIOTERAPIA em n\u00edvel REGIOCAL, ou seja, do REGIONAL PARA O LOCAL&#8230;<\/p>\n<p>Al\u00e9m do mais, pode-se afirmar que tais PRESTA\u00c7\u00d5ES DE SERVI\u00c7OS COMUNIT\u00c1RIOS s\u00e3o mais do que necess\u00e1rios para que os discentes do curso de FISIOTERAPIA possam fazer o \u201cEST\u00c1GIO OBRIGAT\u00d3RIO\u201d a partir do quarto ano e finalizando no \u00faltimo ano&#8230;<\/p>\n<p>Este texto tem como objetivo registrar a import\u00e2ncia da FISIOCL\u00cdNICA nas \u00e1reas do ENSINO, da PESQUISA e da EXTEN\u00c7\u00c3O por meio da proposta do Curso de FISIOTERA\u00cdA que disp\u00f5e de um CORPO DOCENTE QUALIFICADO na \u00e1rea ACAD\u00caMICA e EXPERI\u00caNCIA DE MERCADO em tempo de p\u00f3s-globaliza\u00e7\u00e3o profissional&#8230;<\/p>\n<p>Pretendo em um outro texto, escrever sobre os DOCENTES com suas atividades e responsabilidades na FISIOCL\u00cdNICA, considerando todas as etapas desenvolvidas nos diversos setores para uma compreens\u00e3o al\u00e9m deste tempo do tempo&#8230;<\/p>\n<p>Neste contexto mais do que interessante para todos os lados de um mesmo lado, ou seja, da FISIOCL\u00cdNICA e suas atividades para com a comunidade regional, ainda, como sempre, deve-se registrar alguns fatos que ocorreram na \u00faltima semana para fortalecer a proposta da Equipe da FISIOCL\u00cdNICA na \u00c1rea da Pesquisa&#8230;<\/p>\n<p>Assim, faz uns dois meses mais ou menos, fui procurado pela LUANA, estagi\u00e1ria do Curso com uma proposta que me deixou um tanto quanto surpreso, ou seja, APRESENTAR O MEU \u201cCASO\u201d por meio de um RESUMO no CIC-CONGRESSO DE INICIA\u00c7\u00c3O CIENT\u00cdTICA DA UNIFAI em Outubro deste ano&#8230;<\/p>\n<p>At\u00e9 ent\u00e3o o que tinha acontecido quanto ao meu CASO foram uma ou duas apresenta\u00e7\u00f5es internas no Curso de FISIOTERAPIA, entre as mesmas, a primeira ocorreu no anexo passado sob a responsabilidade da ST\u00c9FANY, estagi\u00e1ria que recebeu a responsabilidade do primeiro atendimento na FISIOCL\u00cdNICA, sendo que naquele ano (2.018) a ST\u00c9FANY cursava o quarto ano&#8230;<\/p>\n<p>Portanto, \u201cA QUEM HONRA, HONRA\u201d, os mais sinceros agradecimentos do paciente para com a ST\u00c9FANY que conduziu com maestria todas as etapas deste atendimento mais do que especial&#8230;<\/p>\n<p>Neste agradecimento \u201cpessoal\u201d, tamb\u00e9m, transfiro sem muitas considera\u00e7\u00f5es tais CUMPRIMENTOS, tendo em vista que todas\/os as\/os demais ESTAGI\u00c1RIAS\/OS que estiveram neste processo desde o m\u00eas de Fevereiro de 2.018 at\u00e9 o momento, mantiveram com compet\u00eancia todas as orienta\u00e7\u00f5es da ORIENTADORA e SUPERVIS\u00c3O DE EST\u00c1GIO, bem como, DA COORDENA\u00c7\u00c3O DA FISIOCL\u00cdNICA da UNIFAI&#8230;<\/p>\n<p>De passagem entre o tempo do tempo, o \u201cmeu\u201d CASO se tornou um dos muitos ESTUDOS DE CASOS apresentados neste ou naquele Congresso de Pesquisa, por\u00e9m, todos os outros Estudos foram apresentados como sendo CASOS SEM SABER QUEM ERAM os pacientes e ponto quase final&#8230;<\/p>\n<p>Todavia, no meu CASO EM ESPECIAL, a acad\u00eamica de FISIOTERAPIA, antes de escrever o RESUMO, solicitou uma conversa sobre o que havia ocorrido com a minha pessoa e tudo mais em meio ao tudo de menos antes, durante e depois dos acontecimentos&#8230;<\/p>\n<p>Portanto, fiquei sabendo pela LUANA que o meu caso seria apresentado como RESUMO NO CIC como um ESTUDO DE CASO, considerando a gravidade de tudo o que aconteceu neste outro tempo do meu tempo&#8230;<\/p>\n<p>Fechando este texto e destacando, tamb\u00e9m, o \u00faltimo atendimento deste ano no meu caso, ou seja, a responsabilidade est\u00e1 com a Acad\u00eamica do Curso de FISIOTERA\u00cdA, \u201cNat\u00e1lia\u201d para muitos desencontros com os exerc\u00edcios de ALONGAMENTOS, bem como, ESTEIRA E BICICLETA com PADR\u00c3O DE QUALIDADE \u201cFISIOCL\u00cdNICA\u201d das PAREDES ALVAS&#8230;<\/p>\n<p>AVE FISIOCL\u00cdNICA DAS \u201cPAREDES ALVAS\u201d!!!<\/p>\n<p>AVE STEF\u00c1NY, LUANA E NAT\u00c1LIA!!!<\/p>\n<div class='flex flex-wrap items-center -mx-1'>\r\n<a class='thumbnail gallery p-1 w-1\/2 md:w-1\/4' href='https:\/\/radiolifefm.com.br\/noticias\/wp-content\/uploads\/2019\/11\/Sebar.jpg'><img class='border border-white' src='https:\/\/radiolifefm.com.br\/noticias\/wp-content\/uploads\/2019\/11\/Sebar-200x200.jpg' alt='Sebar' \/><\/a><a class='thumbnail gallery p-1 w-1\/2 md:w-1\/4' href='https:\/\/radiolifefm.com.br\/noticias\/wp-content\/uploads\/2019\/11\/Sebar-1.jpg'><img class='border border-white' src='https:\/\/radiolifefm.com.br\/noticias\/wp-content\/uploads\/2019\/11\/Sebar-1-200x200.jpg' alt='Sebar   1' \/><\/a><a class='thumbnail gallery p-1 w-1\/2 md:w-1\/4' href='https:\/\/radiolifefm.com.br\/noticias\/wp-content\/uploads\/2019\/11\/Sebar-2.jpg'><img class='border border-white' src='https:\/\/radiolifefm.com.br\/noticias\/wp-content\/uploads\/2019\/11\/Sebar-2-200x200.jpg' alt='Sebar   2' \/><\/a><a class='thumbnail gallery p-1 w-1\/2 md:w-1\/4' href='https:\/\/radiolifefm.com.br\/noticias\/wp-content\/uploads\/2019\/11\/Sebar-3.jpg'><img class='border border-white' src='https:\/\/radiolifefm.com.br\/noticias\/wp-content\/uploads\/2019\/11\/Sebar-3-200x200.jpg' alt='Sebar   3' \/><\/a><a class='thumbnail gallery p-1 w-1\/2 md:w-1\/4' href='https:\/\/radiolifefm.com.br\/noticias\/wp-content\/uploads\/2019\/11\/Sebar-4.jpg'><img class='border border-white' src='https:\/\/radiolifefm.com.br\/noticias\/wp-content\/uploads\/2019\/11\/Sebar-4-200x200.jpg' alt='Sebar   4' \/><\/a><a class='thumbnail gallery p-1 w-1\/2 md:w-1\/4' href='https:\/\/radiolifefm.com.br\/noticias\/wp-content\/uploads\/2019\/11\/Sebar-5.jpg'><img class='border border-white' src='https:\/\/radiolifefm.com.br\/noticias\/wp-content\/uploads\/2019\/11\/Sebar-5-200x200.jpg' alt='Sebar   5' \/><\/a><\/div>\n<p>_______________________________<br \/>\n(*) Paciente da FISIOCL\u00cdNICA desde fevereiro de 2.018.<\/p>\n","protected":false},"excerpt":{"rendered":"<p>\u201cSTEF\u00c1NY, LUANA, NAT\u00c1LIA E FISIOCL\u00cdNICA\u201d: A QUEM HONRA, HONRA\u201d! \u201cFISIOTERAPEUTA &#8220;O movimento \u00e9 nossa arma e nossa arte, atrav\u00e9s dele nos fazemos ci\u00eancia. Nele depositamos nossos sonhos de trazer \u00e0 vida, o que sem vida parece estar.&#8221; (N\u00edvea Flor) S\u00e9rgio Barbosa (*) N\u00e3o tem como ficar sem escrever sobre as atividades das FISIOCL\u00cdNICA das PAREDES [&hellip;]<\/p>\n","protected":false},"author":3,"featured_media":17759,"comment_status":"closed","ping_status":"open","sticky":false,"template":"","format":"standard","meta":{"_acf_changed":false,"_exactmetrics_skip_tracking":false,"_exactmetrics_sitenote_active":false,"_exactmetrics_sitenote_note":"","_exactmetrics_sitenote_category":0,"footnotes":""},"categories":[59],"tags":[],"class_list":["post-17754","post","type-post","status-publish","format-standard","has-post-thumbnail","hentry","category-opiniao"],"acf":[],"yoast_head":"<!-- This site is optimized with the Yoast SEO plugin v27.2 - https:\/\/yoast.com\/product\/yoast-seo-wordpress\/ -->\n<title>\u201cSTEF\u00c1NY, LUANA, NAT\u00c1LIA E FISIOCL\u00cdNICA\u201d: A QUEM HONRA, HONRA\u201d! - S\u00e9rgio Barbosa - Opini\u00e3o - R\u00e1dio Life FM<\/title>\n<meta name=\"robots\" content=\"index, follow, max-snippet:-1, max-image-preview:large, max-video-preview:-1\" \/>\n<link rel=\"canonical\" href=\"https:\/\/radiolifefm.com.br\/noticias\/stefany-luana-natalia-e-fisioclinica-a-quem-honra-honra-sergio-barbosa-opiniao\/\" \/>\n<meta property=\"og:locale\" content=\"pt_BR\" \/>\n<meta property=\"og:type\" content=\"article\" \/>\n<meta property=\"og:title\" content=\"\u201cSTEF\u00c1NY, LUANA, NAT\u00c1LIA E FISIOCL\u00cdNICA\u201d: A QUEM HONRA, HONRA\u201d! - S\u00e9rgio Barbosa - Opini\u00e3o - R\u00e1dio Life FM\" \/>\n<meta property=\"og:description\" content=\"\u201cSTEF\u00c1NY, LUANA, NAT\u00c1LIA E FISIOCL\u00cdNICA\u201d: A QUEM HONRA, HONRA\u201d! \u201cFISIOTERAPEUTA &#8220;O movimento \u00e9 nossa arma e nossa arte, atrav\u00e9s dele nos fazemos ci\u00eancia. Nele depositamos nossos sonhos de trazer \u00e0 vida, o que sem vida parece estar.&#8221; (N\u00edvea Flor) S\u00e9rgio Barbosa (*) N\u00e3o tem como ficar sem escrever sobre as atividades das FISIOCL\u00cdNICA das PAREDES [&hellip;]\" \/>\n<meta property=\"og:url\" content=\"https:\/\/radiolifefm.com.br\/noticias\/stefany-luana-natalia-e-fisioclinica-a-quem-honra-honra-sergio-barbosa-opiniao\/\" \/>\n<meta property=\"og:site_name\" content=\"R\u00e1dio Life FM\" \/>\n<meta property=\"article:publisher\" content=\"https:\/\/www.facebook.com\/radiolifefm\/\" \/>\n<meta property=\"article:published_time\" content=\"2019-11-05T11:32:28+00:00\" \/>\n<meta property=\"article:modified_time\" content=\"2025-11-23T15:14:49+00:00\" \/>\n<meta property=\"og:image\" content=\"https:\/\/static.radiolifefm.com.br\/noticias\/wp-content\/uploads\/2019\/11\/Sebar-4.jpg\" \/>\n\t<meta property=\"og:image:width\" content=\"960\" \/>\n\t<meta property=\"og:image:height\" content=\"1280\" \/>\n\t<meta property=\"og:image:type\" content=\"image\/jpeg\" \/>\n<meta name=\"author\" content=\"lifefm\" \/>\n<meta name=\"twitter:card\" content=\"summary_large_image\" \/>\n<meta name=\"twitter:label1\" content=\"Escrito por\" \/>\n\t<meta name=\"twitter:data1\" content=\"lifefm\" \/>\n\t<meta name=\"twitter:label2\" content=\"Est. tempo de leitura\" \/>\n\t<meta name=\"twitter:data2\" content=\"3 minutos\" \/>\n<script type=\"application\/ld+json\" class=\"yoast-schema-graph\">{\"@context\":\"https:\/\/schema.org\",\"@graph\":[{\"@type\":\"Article\",\"@id\":\"https:\/\/radiolifefm.com.br\/noticias\/stefany-luana-natalia-e-fisioclinica-a-quem-honra-honra-sergio-barbosa-opiniao\/#article\",\"isPartOf\":{\"@id\":\"https:\/\/radiolifefm.com.br\/noticias\/stefany-luana-natalia-e-fisioclinica-a-quem-honra-honra-sergio-barbosa-opiniao\/\"},\"author\":{\"name\":\"lifefm\",\"@id\":\"https:\/\/radiolifefm.com.br\/noticias\/#\/schema\/person\/1d4e4b1301322090c6221bf1c8420490\"},\"headline\":\"\u201cSTEF\u00c1NY, LUANA, NAT\u00c1LIA E FISIOCL\u00cdNICA\u201d: A QUEM HONRA, HONRA\u201d! &#8211; S\u00e9rgio Barbosa &#8211; Opini\u00e3o\",\"datePublished\":\"2019-11-05T11:32:28+00:00\",\"dateModified\":\"2025-11-23T15:14:49+00:00\",\"mainEntityOfPage\":{\"@id\":\"https:\/\/radiolifefm.com.br\/noticias\/stefany-luana-natalia-e-fisioclinica-a-quem-honra-honra-sergio-barbosa-opiniao\/\"},\"wordCount\":697,\"publisher\":{\"@id\":\"https:\/\/radiolifefm.com.br\/noticias\/#organization\"},\"image\":{\"@id\":\"https:\/\/radiolifefm.com.br\/noticias\/stefany-luana-natalia-e-fisioclinica-a-quem-honra-honra-sergio-barbosa-opiniao\/#primaryimage\"},\"thumbnailUrl\":\"https:\/\/radiolifefm.com.br\/noticias\/wp-content\/uploads\/2019\/11\/Sebar-4.jpg\",\"articleSection\":[\"Opini\u00e3o\"],\"inLanguage\":\"pt-BR\"},{\"@type\":\"WebPage\",\"@id\":\"https:\/\/radiolifefm.com.br\/noticias\/stefany-luana-natalia-e-fisioclinica-a-quem-honra-honra-sergio-barbosa-opiniao\/\",\"url\":\"https:\/\/radiolifefm.com.br\/noticias\/stefany-luana-natalia-e-fisioclinica-a-quem-honra-honra-sergio-barbosa-opiniao\/\",\"name\":\"\u201cSTEF\u00c1NY, LUANA, NAT\u00c1LIA E FISIOCL\u00cdNICA\u201d: A QUEM HONRA, HONRA\u201d! - S\u00e9rgio Barbosa - Opini\u00e3o - R\u00e1dio Life FM\",\"isPartOf\":{\"@id\":\"https:\/\/radiolifefm.com.br\/noticias\/#website\"},\"primaryImageOfPage\":{\"@id\":\"https:\/\/radiolifefm.com.br\/noticias\/stefany-luana-natalia-e-fisioclinica-a-quem-honra-honra-sergio-barbosa-opiniao\/#primaryimage\"},\"image\":{\"@id\":\"https:\/\/radiolifefm.com.br\/noticias\/stefany-luana-natalia-e-fisioclinica-a-quem-honra-honra-sergio-barbosa-opiniao\/#primaryimage\"},\"thumbnailUrl\":\"https:\/\/radiolifefm.com.br\/noticias\/wp-content\/uploads\/2019\/11\/Sebar-4.jpg\",\"datePublished\":\"2019-11-05T11:32:28+00:00\",\"dateModified\":\"2025-11-23T15:14:49+00:00\",\"breadcrumb\":{\"@id\":\"https:\/\/radiolifefm.com.br\/noticias\/stefany-luana-natalia-e-fisioclinica-a-quem-honra-honra-sergio-barbosa-opiniao\/#breadcrumb\"},\"inLanguage\":\"pt-BR\",\"potentialAction\":[{\"@type\":\"ReadAction\",\"target\":[\"https:\/\/radiolifefm.com.br\/noticias\/stefany-luana-natalia-e-fisioclinica-a-quem-honra-honra-sergio-barbosa-opiniao\/\"]}]},{\"@type\":\"ImageObject\",\"inLanguage\":\"pt-BR\",\"@id\":\"https:\/\/radiolifefm.com.br\/noticias\/stefany-luana-natalia-e-fisioclinica-a-quem-honra-honra-sergio-barbosa-opiniao\/#primaryimage\",\"url\":\"https:\/\/radiolifefm.com.br\/noticias\/wp-content\/uploads\/2019\/11\/Sebar-4.jpg\",\"contentUrl\":\"https:\/\/radiolifefm.com.br\/noticias\/wp-content\/uploads\/2019\/11\/Sebar-4.jpg\",\"width\":960,\"height\":1280},{\"@type\":\"BreadcrumbList\",\"@id\":\"https:\/\/radiolifefm.com.br\/noticias\/stefany-luana-natalia-e-fisioclinica-a-quem-honra-honra-sergio-barbosa-opiniao\/#breadcrumb\",\"itemListElement\":[{\"@type\":\"ListItem\",\"position\":1,\"name\":\"In\u00edcio\",\"item\":\"https:\/\/radiolifefm.com.br\/noticias\/\"},{\"@type\":\"ListItem\",\"position\":2,\"name\":\"\u201cSTEF\u00c1NY, LUANA, NAT\u00c1LIA E FISIOCL\u00cdNICA\u201d: A QUEM HONRA, HONRA\u201d! &#8211; S\u00e9rgio Barbosa &#8211; Opini\u00e3o\"}]},{\"@type\":\"WebSite\",\"@id\":\"https:\/\/radiolifefm.com.br\/noticias\/#website\",\"url\":\"https:\/\/radiolifefm.com.br\/noticias\/\",\"name\":\"R\u00e1dio Life FM\",\"description\":\"O Portal de Not\u00edcias de Adamantina\",\"publisher\":{\"@id\":\"https:\/\/radiolifefm.com.br\/noticias\/#organization\"},\"alternateName\":\"Life FM\",\"potentialAction\":[{\"@type\":\"SearchAction\",\"target\":{\"@type\":\"EntryPoint\",\"urlTemplate\":\"https:\/\/radiolifefm.com.br\/noticias\/?s={search_term_string}\"},\"query-input\":{\"@type\":\"PropertyValueSpecification\",\"valueRequired\":true,\"valueName\":\"search_term_string\"}}],\"inLanguage\":\"pt-BR\"},{\"@type\":\"Organization\",\"@id\":\"https:\/\/radiolifefm.com.br\/noticias\/#organization\",\"name\":\"R\u00e1dio Life FM\",\"alternateName\":\"Life FM\",\"url\":\"https:\/\/radiolifefm.com.br\/noticias\/\",\"logo\":{\"@type\":\"ImageObject\",\"inLanguage\":\"pt-BR\",\"@id\":\"https:\/\/radiolifefm.com.br\/noticias\/#\/schema\/logo\/image\/\",\"url\":\"https:\/\/static.radiolifefm.com.br\/noticias\/wp-content\/uploads\/2019\/10\/logo-lifefm.png\",\"contentUrl\":\"https:\/\/static.radiolifefm.com.br\/noticias\/wp-content\/uploads\/2019\/10\/logo-lifefm.png\",\"width\":196,\"height\":47,\"caption\":\"R\u00e1dio Life FM\"},\"image\":{\"@id\":\"https:\/\/radiolifefm.com.br\/noticias\/#\/schema\/logo\/image\/\"},\"sameAs\":[\"https:\/\/www.facebook.com\/radiolifefm\/\",\"https:\/\/www.instagram.com\/life1079fm\/\"]},{\"@type\":\"Person\",\"@id\":\"https:\/\/radiolifefm.com.br\/noticias\/#\/schema\/person\/1d4e4b1301322090c6221bf1c8420490\",\"name\":\"lifefm\",\"image\":{\"@type\":\"ImageObject\",\"inLanguage\":\"pt-BR\",\"@id\":\"https:\/\/secure.gravatar.com\/avatar\/eca268467d925ec97d20641bb054fd944c0abb2f92854171620706bbe6474e7c?s=96&d=mm&r=g\",\"url\":\"https:\/\/secure.gravatar.com\/avatar\/eca268467d925ec97d20641bb054fd944c0abb2f92854171620706bbe6474e7c?s=96&d=mm&r=g\",\"contentUrl\":\"https:\/\/secure.gravatar.com\/avatar\/eca268467d925ec97d20641bb054fd944c0abb2f92854171620706bbe6474e7c?s=96&d=mm&r=g\",\"caption\":\"lifefm\"}}]}<\/script>\n<!-- \/ Yoast SEO plugin. -->","yoast_head_json":{"title":"\u201cSTEF\u00c1NY, LUANA, NAT\u00c1LIA E FISIOCL\u00cdNICA\u201d: A QUEM HONRA, HONRA\u201d! - S\u00e9rgio Barbosa - Opini\u00e3o - R\u00e1dio Life FM","robots":{"index":"index","follow":"follow","max-snippet":"max-snippet:-1","max-image-preview":"max-image-preview:large","max-video-preview":"max-video-preview:-1"},"canonical":"https:\/\/radiolifefm.com.br\/noticias\/stefany-luana-natalia-e-fisioclinica-a-quem-honra-honra-sergio-barbosa-opiniao\/","og_locale":"pt_BR","og_type":"article","og_title":"\u201cSTEF\u00c1NY, LUANA, NAT\u00c1LIA E FISIOCL\u00cdNICA\u201d: A QUEM HONRA, HONRA\u201d! - S\u00e9rgio Barbosa - Opini\u00e3o - R\u00e1dio Life FM","og_description":"\u201cSTEF\u00c1NY, LUANA, NAT\u00c1LIA E FISIOCL\u00cdNICA\u201d: A QUEM HONRA, HONRA\u201d! \u201cFISIOTERAPEUTA &#8220;O movimento \u00e9 nossa arma e nossa arte, atrav\u00e9s dele nos fazemos ci\u00eancia. Nele depositamos nossos sonhos de trazer \u00e0 vida, o que sem vida parece estar.&#8221; (N\u00edvea Flor) S\u00e9rgio Barbosa (*) N\u00e3o tem como ficar sem escrever sobre as atividades das FISIOCL\u00cdNICA das PAREDES [&hellip;]","og_url":"https:\/\/radiolifefm.com.br\/noticias\/stefany-luana-natalia-e-fisioclinica-a-quem-honra-honra-sergio-barbosa-opiniao\/","og_site_name":"R\u00e1dio Life FM","article_publisher":"https:\/\/www.facebook.com\/radiolifefm\/","article_published_time":"2019-11-05T11:32:28+00:00","article_modified_time":"2025-11-23T15:14:49+00:00","og_image":[{"width":960,"height":1280,"url":"https:\/\/static.radiolifefm.com.br\/noticias\/wp-content\/uploads\/2019\/11\/Sebar-4.jpg","type":"image\/jpeg"}],"author":"lifefm","twitter_card":"summary_large_image","twitter_misc":{"Escrito por":"lifefm","Est. tempo de leitura":"3 minutos"},"schema":{"@context":"https:\/\/schema.org","@graph":[{"@type":"Article","@id":"https:\/\/radiolifefm.com.br\/noticias\/stefany-luana-natalia-e-fisioclinica-a-quem-honra-honra-sergio-barbosa-opiniao\/#article","isPartOf":{"@id":"https:\/\/radiolifefm.com.br\/noticias\/stefany-luana-natalia-e-fisioclinica-a-quem-honra-honra-sergio-barbosa-opiniao\/"},"author":{"name":"lifefm","@id":"https:\/\/radiolifefm.com.br\/noticias\/#\/schema\/person\/1d4e4b1301322090c6221bf1c8420490"},"headline":"\u201cSTEF\u00c1NY, LUANA, NAT\u00c1LIA E FISIOCL\u00cdNICA\u201d: A QUEM HONRA, HONRA\u201d! &#8211; S\u00e9rgio Barbosa &#8211; Opini\u00e3o","datePublished":"2019-11-05T11:32:28+00:00","dateModified":"2025-11-23T15:14:49+00:00","mainEntityOfPage":{"@id":"https:\/\/radiolifefm.com.br\/noticias\/stefany-luana-natalia-e-fisioclinica-a-quem-honra-honra-sergio-barbosa-opiniao\/"},"wordCount":697,"publisher":{"@id":"https:\/\/radiolifefm.com.br\/noticias\/#organization"},"image":{"@id":"https:\/\/radiolifefm.com.br\/noticias\/stefany-luana-natalia-e-fisioclinica-a-quem-honra-honra-sergio-barbosa-opiniao\/#primaryimage"},"thumbnailUrl":"https:\/\/radiolifefm.com.br\/noticias\/wp-content\/uploads\/2019\/11\/Sebar-4.jpg","articleSection":["Opini\u00e3o"],"inLanguage":"pt-BR"},{"@type":"WebPage","@id":"https:\/\/radiolifefm.com.br\/noticias\/stefany-luana-natalia-e-fisioclinica-a-quem-honra-honra-sergio-barbosa-opiniao\/","url":"https:\/\/radiolifefm.com.br\/noticias\/stefany-luana-natalia-e-fisioclinica-a-quem-honra-honra-sergio-barbosa-opiniao\/","name":"\u201cSTEF\u00c1NY, LUANA, NAT\u00c1LIA E FISIOCL\u00cdNICA\u201d: A QUEM HONRA, HONRA\u201d! - S\u00e9rgio Barbosa - Opini\u00e3o - R\u00e1dio Life FM","isPartOf":{"@id":"https:\/\/radiolifefm.com.br\/noticias\/#website"},"primaryImageOfPage":{"@id":"https:\/\/radiolifefm.com.br\/noticias\/stefany-luana-natalia-e-fisioclinica-a-quem-honra-honra-sergio-barbosa-opiniao\/#primaryimage"},"image":{"@id":"https:\/\/radiolifefm.com.br\/noticias\/stefany-luana-natalia-e-fisioclinica-a-quem-honra-honra-sergio-barbosa-opiniao\/#primaryimage"},"thumbnailUrl":"https:\/\/radiolifefm.com.br\/noticias\/wp-content\/uploads\/2019\/11\/Sebar-4.jpg","datePublished":"2019-11-05T11:32:28+00:00","dateModified":"2025-11-23T15:14:49+00:00","breadcrumb":{"@id":"https:\/\/radiolifefm.com.br\/noticias\/stefany-luana-natalia-e-fisioclinica-a-quem-honra-honra-sergio-barbosa-opiniao\/#breadcrumb"},"inLanguage":"pt-BR","potentialAction":[{"@type":"ReadAction","target":["https:\/\/radiolifefm.com.br\/noticias\/stefany-luana-natalia-e-fisioclinica-a-quem-honra-honra-sergio-barbosa-opiniao\/"]}]},{"@type":"ImageObject","inLanguage":"pt-BR","@id":"https:\/\/radiolifefm.com.br\/noticias\/stefany-luana-natalia-e-fisioclinica-a-quem-honra-honra-sergio-barbosa-opiniao\/#primaryimage","url":"https:\/\/radiolifefm.com.br\/noticias\/wp-content\/uploads\/2019\/11\/Sebar-4.jpg","contentUrl":"https:\/\/radiolifefm.com.br\/noticias\/wp-content\/uploads\/2019\/11\/Sebar-4.jpg","width":960,"height":1280},{"@type":"BreadcrumbList","@id":"https:\/\/radiolifefm.com.br\/noticias\/stefany-luana-natalia-e-fisioclinica-a-quem-honra-honra-sergio-barbosa-opiniao\/#breadcrumb","itemListElement":[{"@type":"ListItem","position":1,"name":"In\u00edcio","item":"https:\/\/radiolifefm.com.br\/noticias\/"},{"@type":"ListItem","position":2,"name":"\u201cSTEF\u00c1NY, LUANA, NAT\u00c1LIA E FISIOCL\u00cdNICA\u201d: A QUEM HONRA, HONRA\u201d! &#8211; S\u00e9rgio Barbosa &#8211; Opini\u00e3o"}]},{"@type":"WebSite","@id":"https:\/\/radiolifefm.com.br\/noticias\/#website","url":"https:\/\/radiolifefm.com.br\/noticias\/","name":"R\u00e1dio Life FM","description":"O Portal de Not\u00edcias de Adamantina","publisher":{"@id":"https:\/\/radiolifefm.com.br\/noticias\/#organization"},"alternateName":"Life FM","potentialAction":[{"@type":"SearchAction","target":{"@type":"EntryPoint","urlTemplate":"https:\/\/radiolifefm.com.br\/noticias\/?s={search_term_string}"},"query-input":{"@type":"PropertyValueSpecification","valueRequired":true,"valueName":"search_term_string"}}],"inLanguage":"pt-BR"},{"@type":"Organization","@id":"https:\/\/radiolifefm.com.br\/noticias\/#organization","name":"R\u00e1dio Life FM","alternateName":"Life FM","url":"https:\/\/radiolifefm.com.br\/noticias\/","logo":{"@type":"ImageObject","inLanguage":"pt-BR","@id":"https:\/\/radiolifefm.com.br\/noticias\/#\/schema\/logo\/image\/","url":"https:\/\/static.radiolifefm.com.br\/noticias\/wp-content\/uploads\/2019\/10\/logo-lifefm.png","contentUrl":"https:\/\/static.radiolifefm.com.br\/noticias\/wp-content\/uploads\/2019\/10\/logo-lifefm.png","width":196,"height":47,"caption":"R\u00e1dio Life FM"},"image":{"@id":"https:\/\/radiolifefm.com.br\/noticias\/#\/schema\/logo\/image\/"},"sameAs":["https:\/\/www.facebook.com\/radiolifefm\/","https:\/\/www.instagram.com\/life1079fm\/"]},{"@type":"Person","@id":"https:\/\/radiolifefm.com.br\/noticias\/#\/schema\/person\/1d4e4b1301322090c6221bf1c8420490","name":"lifefm","image":{"@type":"ImageObject","inLanguage":"pt-BR","@id":"https:\/\/secure.gravatar.com\/avatar\/eca268467d925ec97d20641bb054fd944c0abb2f92854171620706bbe6474e7c?s=96&d=mm&r=g","url":"https:\/\/secure.gravatar.com\/avatar\/eca268467d925ec97d20641bb054fd944c0abb2f92854171620706bbe6474e7c?s=96&d=mm&r=g","contentUrl":"https:\/\/secure.gravatar.com\/avatar\/eca268467d925ec97d20641bb054fd944c0abb2f92854171620706bbe6474e7c?s=96&d=mm&r=g","caption":"lifefm"}}]}},"amp_enabled":true,"_links":{"self":[{"href":"https:\/\/radiolifefm.com.br\/noticias\/wp-json\/wp\/v2\/posts\/17754","targetHints":{"allow":["GET"]}}],"collection":[{"href":"https:\/\/radiolifefm.com.br\/noticias\/wp-json\/wp\/v2\/posts"}],"about":[{"href":"https:\/\/radiolifefm.com.br\/noticias\/wp-json\/wp\/v2\/types\/post"}],"author":[{"embeddable":true,"href":"https:\/\/radiolifefm.com.br\/noticias\/wp-json\/wp\/v2\/users\/3"}],"replies":[{"embeddable":true,"href":"https:\/\/radiolifefm.com.br\/noticias\/wp-json\/wp\/v2\/comments?post=17754"}],"version-history":[{"count":1,"href":"https:\/\/radiolifefm.com.br\/noticias\/wp-json\/wp\/v2\/posts\/17754\/revisions"}],"predecessor-version":[{"id":17761,"href":"https:\/\/radiolifefm.com.br\/noticias\/wp-json\/wp\/v2\/posts\/17754\/revisions\/17761"}],"wp:featuredmedia":[{"embeddable":true,"href":"https:\/\/radiolifefm.com.br\/noticias\/wp-json\/wp\/v2\/media\/17759"}],"wp:attachment":[{"href":"https:\/\/radiolifefm.com.br\/noticias\/wp-json\/wp\/v2\/media?parent=17754"}],"wp:term":[{"taxonomy":"category","embeddable":true,"href":"https:\/\/radiolifefm.com.br\/noticias\/wp-json\/wp\/v2\/categories?post=17754"},{"taxonomy":"post_tag","embeddable":true,"href":"https:\/\/radiolifefm.com.br\/noticias\/wp-json\/wp\/v2\/tags?post=17754"}],"curies":[{"name":"wp","href":"https:\/\/api.w.org\/{rel}","templated":true}]}}