{"id":17727,"date":"2019-11-04T07:40:13","date_gmt":"2019-11-04T10:40:13","guid":{"rendered":"https:\/\/radiolifefm.com.br\/noticias\/?p=17727"},"modified":"2026-02-06T21:12:32","modified_gmt":"2026-02-07T00:12:32","slug":"crianca-e-atropelada-por-moto-ao-pedir-doces-durante-as-celebracoes-do-halloween-em-dracena","status":"publish","type":"post","link":"https:\/\/radiolifefm.com.br\/noticias\/crianca-e-atropelada-por-moto-ao-pedir-doces-durante-as-celebracoes-do-halloween-em-dracena\/","title":{"rendered":"Crian\u00e7a \u00e9 atropelada por moto ao pedir doces durante as celebra\u00e7\u00f5es do Halloween em Dracena"},"content":{"rendered":"<div id=\"fb-root\"><\/div>\n<p><em>Menino de seis anos de idade estava acompanhado de dois irm\u00e3os quando foi atingido pelo ve\u00edculo na Avenida dos Expedicion\u00e1rios<\/em><\/p>\n<p>Uma crian\u00e7a de seis anos de idade foi atropelada na Avenida dos Expedicion\u00e1rios, em Dracena, por volta das 21h desta quinta-feira (31).<\/p>\n<p>Segundo o Corpo de Bombeiros, o menino e mais dois irm\u00e3os, de oito e 12 anos, estavam fantasiados pedindo doces, por conta das celebra\u00e7\u00f5es do dia de Halloween.<\/p>\n<p>Ao atravessar a avenida no sentido da pra\u00e7a da Igreja Matriz, um motociclista de 39 anos acabou atingindo a crian\u00e7a, no Centro da cidade. O homem perdeu o controle da dire\u00e7\u00e3o e ainda bateu na lateral de um carro. As outras crian\u00e7as n\u00e3o se envolveram no acidente.<\/p>\n<p>O menino e o motociclista sofreram ferimentos e foram socorridos e encaminhados ao Pronto Atendimento Municipal (PAM) para receber cuidados m\u00e9dicos. A crian\u00e7a teve uma fratura em um dos p\u00e9s e o motociclista, apenas alguns arranh\u00f5es.<\/p>\n<p>A m\u00e3e dos tr\u00eas irm\u00e3os n\u00e3o estava com eles no momento do atropelamento e s\u00f3 os encontrou na unidade de sa\u00fade. Segundo o Conselho Tutelar, que tamb\u00e9m foi acionado para o atendimento do caso, ser\u00e3o tomadas as medidas cab\u00edveis.<\/p>\n<p>&nbsp;<\/p>\n<p>Portal Regional<\/p>\n","protected":false},"excerpt":{"rendered":"<p>Menino de seis anos de idade estava acompanhado de dois irm\u00e3os quando foi atingido pelo ve\u00edculo na Avenida dos Expedicion\u00e1rios Uma crian\u00e7a de seis anos de idade foi atropelada na Avenida dos Expedicion\u00e1rios, em Dracena, por volta das 21h desta quinta-feira (31). Segundo o Corpo de Bombeiros, o menino e mais dois irm\u00e3os, de oito [&hellip;]<\/p>\n","protected":false},"author":3,"featured_media":17728,"comment_status":"closed","ping_status":"open","sticky":false,"template":"","format":"standard","meta":{"_acf_changed":false,"_exactmetrics_skip_tracking":false,"_exactmetrics_sitenote_active":false,"_exactmetrics_sitenote_note":"","_exactmetrics_sitenote_category":0,"footnotes":""},"categories":[24],"tags":[],"class_list":["post-17727","post","type-post","status-publish","format-standard","has-post-thumbnail","hentry","category-regiao"],"acf":[],"yoast_head":"<!-- This site is optimized with the Yoast SEO plugin v27.2 - https:\/\/yoast.com\/product\/yoast-seo-wordpress\/ -->\n<title>Crian\u00e7a \u00e9 atropelada por moto ao pedir doces durante as celebra\u00e7\u00f5es do Halloween em Dracena - R\u00e1dio Life FM<\/title>\n<meta name=\"robots\" content=\"index, follow, max-snippet:-1, max-image-preview:large, max-video-preview:-1\" \/>\n<link rel=\"canonical\" href=\"https:\/\/radiolifefm.com.br\/noticias\/crianca-e-atropelada-por-moto-ao-pedir-doces-durante-as-celebracoes-do-halloween-em-dracena\/\" \/>\n<meta property=\"og:locale\" content=\"pt_BR\" \/>\n<meta property=\"og:type\" content=\"article\" \/>\n<meta property=\"og:title\" content=\"Crian\u00e7a \u00e9 atropelada por moto ao pedir doces durante as celebra\u00e7\u00f5es do Halloween em Dracena - R\u00e1dio Life FM\" \/>\n<meta property=\"og:description\" content=\"Menino de seis anos de idade estava acompanhado de dois irm\u00e3os quando foi atingido pelo ve\u00edculo na Avenida dos Expedicion\u00e1rios Uma crian\u00e7a de seis anos de idade foi atropelada na Avenida dos Expedicion\u00e1rios, em Dracena, por volta das 21h desta quinta-feira (31). Segundo o Corpo de Bombeiros, o menino e mais dois irm\u00e3os, de oito [&hellip;]\" \/>\n<meta property=\"og:url\" content=\"https:\/\/radiolifefm.com.br\/noticias\/crianca-e-atropelada-por-moto-ao-pedir-doces-durante-as-celebracoes-do-halloween-em-dracena\/\" \/>\n<meta property=\"og:site_name\" content=\"R\u00e1dio Life FM\" \/>\n<meta property=\"article:publisher\" content=\"https:\/\/www.facebook.com\/radiolifefm\/\" \/>\n<meta property=\"article:published_time\" content=\"2019-11-04T10:40:13+00:00\" \/>\n<meta property=\"article:modified_time\" content=\"2026-02-07T00:12:32+00:00\" \/>\n<meta property=\"og:image\" content=\"https:\/\/radiolifefm.com.br\/noticias\/wp-content\/uploads\/2019\/11\/Crian\u00e7a-Hallowen-Dracena.jpg\" \/>\n\t<meta property=\"og:image:width\" content=\"420\" \/>\n\t<meta property=\"og:image:height\" content=\"315\" \/>\n\t<meta property=\"og:image:type\" content=\"image\/jpeg\" \/>\n<meta name=\"author\" content=\"lifefm\" \/>\n<meta name=\"twitter:card\" content=\"summary_large_image\" \/>\n<meta name=\"twitter:label1\" content=\"Escrito por\" \/>\n\t<meta name=\"twitter:data1\" content=\"lifefm\" \/>\n\t<meta name=\"twitter:label2\" content=\"Est. tempo de leitura\" \/>\n\t<meta name=\"twitter:data2\" content=\"1 minuto\" \/>\n<script type=\"application\/ld+json\" class=\"yoast-schema-graph\">{\"@context\":\"https:\/\/schema.org\",\"@graph\":[{\"@type\":\"Article\",\"@id\":\"https:\/\/radiolifefm.com.br\/noticias\/crianca-e-atropelada-por-moto-ao-pedir-doces-durante-as-celebracoes-do-halloween-em-dracena\/#article\",\"isPartOf\":{\"@id\":\"https:\/\/radiolifefm.com.br\/noticias\/crianca-e-atropelada-por-moto-ao-pedir-doces-durante-as-celebracoes-do-halloween-em-dracena\/\"},\"author\":{\"name\":\"lifefm\",\"@id\":\"https:\/\/radiolifefm.com.br\/noticias\/#\/schema\/person\/1d4e4b1301322090c6221bf1c8420490\"},\"headline\":\"Crian\u00e7a \u00e9 atropelada por moto ao pedir doces durante as celebra\u00e7\u00f5es do Halloween em Dracena\",\"datePublished\":\"2019-11-04T10:40:13+00:00\",\"dateModified\":\"2026-02-07T00:12:32+00:00\",\"mainEntityOfPage\":{\"@id\":\"https:\/\/radiolifefm.com.br\/noticias\/crianca-e-atropelada-por-moto-ao-pedir-doces-durante-as-celebracoes-do-halloween-em-dracena\/\"},\"wordCount\":232,\"publisher\":{\"@id\":\"https:\/\/radiolifefm.com.br\/noticias\/#organization\"},\"image\":{\"@id\":\"https:\/\/radiolifefm.com.br\/noticias\/crianca-e-atropelada-por-moto-ao-pedir-doces-durante-as-celebracoes-do-halloween-em-dracena\/#primaryimage\"},\"thumbnailUrl\":\"https:\/\/radiolifefm.com.br\/noticias\/wp-content\/uploads\/2019\/11\/Crian\u00e7a-Hallowen-Dracena.jpg\",\"articleSection\":[\"Regi\u00e3o\"],\"inLanguage\":\"pt-BR\"},{\"@type\":\"WebPage\",\"@id\":\"https:\/\/radiolifefm.com.br\/noticias\/crianca-e-atropelada-por-moto-ao-pedir-doces-durante-as-celebracoes-do-halloween-em-dracena\/\",\"url\":\"https:\/\/radiolifefm.com.br\/noticias\/crianca-e-atropelada-por-moto-ao-pedir-doces-durante-as-celebracoes-do-halloween-em-dracena\/\",\"name\":\"Crian\u00e7a \u00e9 atropelada por moto ao pedir doces durante as celebra\u00e7\u00f5es do Halloween em Dracena - R\u00e1dio Life FM\",\"isPartOf\":{\"@id\":\"https:\/\/radiolifefm.com.br\/noticias\/#website\"},\"primaryImageOfPage\":{\"@id\":\"https:\/\/radiolifefm.com.br\/noticias\/crianca-e-atropelada-por-moto-ao-pedir-doces-durante-as-celebracoes-do-halloween-em-dracena\/#primaryimage\"},\"image\":{\"@id\":\"https:\/\/radiolifefm.com.br\/noticias\/crianca-e-atropelada-por-moto-ao-pedir-doces-durante-as-celebracoes-do-halloween-em-dracena\/#primaryimage\"},\"thumbnailUrl\":\"https:\/\/radiolifefm.com.br\/noticias\/wp-content\/uploads\/2019\/11\/Crian\u00e7a-Hallowen-Dracena.jpg\",\"datePublished\":\"2019-11-04T10:40:13+00:00\",\"dateModified\":\"2026-02-07T00:12:32+00:00\",\"breadcrumb\":{\"@id\":\"https:\/\/radiolifefm.com.br\/noticias\/crianca-e-atropelada-por-moto-ao-pedir-doces-durante-as-celebracoes-do-halloween-em-dracena\/#breadcrumb\"},\"inLanguage\":\"pt-BR\",\"potentialAction\":[{\"@type\":\"ReadAction\",\"target\":[\"https:\/\/radiolifefm.com.br\/noticias\/crianca-e-atropelada-por-moto-ao-pedir-doces-durante-as-celebracoes-do-halloween-em-dracena\/\"]}]},{\"@type\":\"ImageObject\",\"inLanguage\":\"pt-BR\",\"@id\":\"https:\/\/radiolifefm.com.br\/noticias\/crianca-e-atropelada-por-moto-ao-pedir-doces-durante-as-celebracoes-do-halloween-em-dracena\/#primaryimage\",\"url\":\"https:\/\/radiolifefm.com.br\/noticias\/wp-content\/uploads\/2019\/11\/Crian\u00e7a-Hallowen-Dracena.jpg\",\"contentUrl\":\"https:\/\/radiolifefm.com.br\/noticias\/wp-content\/uploads\/2019\/11\/Crian\u00e7a-Hallowen-Dracena.jpg\",\"width\":420,\"height\":315},{\"@type\":\"BreadcrumbList\",\"@id\":\"https:\/\/radiolifefm.com.br\/noticias\/crianca-e-atropelada-por-moto-ao-pedir-doces-durante-as-celebracoes-do-halloween-em-dracena\/#breadcrumb\",\"itemListElement\":[{\"@type\":\"ListItem\",\"position\":1,\"name\":\"In\u00edcio\",\"item\":\"https:\/\/radiolifefm.com.br\/noticias\/\"},{\"@type\":\"ListItem\",\"position\":2,\"name\":\"Crian\u00e7a \u00e9 atropelada por moto ao pedir doces durante as celebra\u00e7\u00f5es do Halloween em Dracena\"}]},{\"@type\":\"WebSite\",\"@id\":\"https:\/\/radiolifefm.com.br\/noticias\/#website\",\"url\":\"https:\/\/radiolifefm.com.br\/noticias\/\",\"name\":\"R\u00e1dio Life FM\",\"description\":\"O Portal de Not\u00edcias de Adamantina\",\"publisher\":{\"@id\":\"https:\/\/radiolifefm.com.br\/noticias\/#organization\"},\"alternateName\":\"Life FM\",\"potentialAction\":[{\"@type\":\"SearchAction\",\"target\":{\"@type\":\"EntryPoint\",\"urlTemplate\":\"https:\/\/radiolifefm.com.br\/noticias\/?s={search_term_string}\"},\"query-input\":{\"@type\":\"PropertyValueSpecification\",\"valueRequired\":true,\"valueName\":\"search_term_string\"}}],\"inLanguage\":\"pt-BR\"},{\"@type\":\"Organization\",\"@id\":\"https:\/\/radiolifefm.com.br\/noticias\/#organization\",\"name\":\"R\u00e1dio Life FM\",\"alternateName\":\"Life FM\",\"url\":\"https:\/\/radiolifefm.com.br\/noticias\/\",\"logo\":{\"@type\":\"ImageObject\",\"inLanguage\":\"pt-BR\",\"@id\":\"https:\/\/radiolifefm.com.br\/noticias\/#\/schema\/logo\/image\/\",\"url\":\"https:\/\/static.radiolifefm.com.br\/noticias\/wp-content\/uploads\/2019\/10\/logo-lifefm.png\",\"contentUrl\":\"https:\/\/static.radiolifefm.com.br\/noticias\/wp-content\/uploads\/2019\/10\/logo-lifefm.png\",\"width\":196,\"height\":47,\"caption\":\"R\u00e1dio Life FM\"},\"image\":{\"@id\":\"https:\/\/radiolifefm.com.br\/noticias\/#\/schema\/logo\/image\/\"},\"sameAs\":[\"https:\/\/www.facebook.com\/radiolifefm\/\",\"https:\/\/www.instagram.com\/life1079fm\/\"]},{\"@type\":\"Person\",\"@id\":\"https:\/\/radiolifefm.com.br\/noticias\/#\/schema\/person\/1d4e4b1301322090c6221bf1c8420490\",\"name\":\"lifefm\",\"image\":{\"@type\":\"ImageObject\",\"inLanguage\":\"pt-BR\",\"@id\":\"https:\/\/secure.gravatar.com\/avatar\/eca268467d925ec97d20641bb054fd944c0abb2f92854171620706bbe6474e7c?s=96&d=mm&r=g\",\"url\":\"https:\/\/secure.gravatar.com\/avatar\/eca268467d925ec97d20641bb054fd944c0abb2f92854171620706bbe6474e7c?s=96&d=mm&r=g\",\"contentUrl\":\"https:\/\/secure.gravatar.com\/avatar\/eca268467d925ec97d20641bb054fd944c0abb2f92854171620706bbe6474e7c?s=96&d=mm&r=g\",\"caption\":\"lifefm\"}}]}<\/script>\n<!-- \/ Yoast SEO plugin. -->","yoast_head_json":{"title":"Crian\u00e7a \u00e9 atropelada por moto ao pedir doces durante as celebra\u00e7\u00f5es do Halloween em Dracena - R\u00e1dio Life FM","robots":{"index":"index","follow":"follow","max-snippet":"max-snippet:-1","max-image-preview":"max-image-preview:large","max-video-preview":"max-video-preview:-1"},"canonical":"https:\/\/radiolifefm.com.br\/noticias\/crianca-e-atropelada-por-moto-ao-pedir-doces-durante-as-celebracoes-do-halloween-em-dracena\/","og_locale":"pt_BR","og_type":"article","og_title":"Crian\u00e7a \u00e9 atropelada por moto ao pedir doces durante as celebra\u00e7\u00f5es do Halloween em Dracena - R\u00e1dio Life FM","og_description":"Menino de seis anos de idade estava acompanhado de dois irm\u00e3os quando foi atingido pelo ve\u00edculo na Avenida dos Expedicion\u00e1rios Uma crian\u00e7a de seis anos de idade foi atropelada na Avenida dos Expedicion\u00e1rios, em Dracena, por volta das 21h desta quinta-feira (31). Segundo o Corpo de Bombeiros, o menino e mais dois irm\u00e3os, de oito [&hellip;]","og_url":"https:\/\/radiolifefm.com.br\/noticias\/crianca-e-atropelada-por-moto-ao-pedir-doces-durante-as-celebracoes-do-halloween-em-dracena\/","og_site_name":"R\u00e1dio Life FM","article_publisher":"https:\/\/www.facebook.com\/radiolifefm\/","article_published_time":"2019-11-04T10:40:13+00:00","article_modified_time":"2026-02-07T00:12:32+00:00","og_image":[{"width":420,"height":315,"url":"https:\/\/radiolifefm.com.br\/noticias\/wp-content\/uploads\/2019\/11\/Crian\u00e7a-Hallowen-Dracena.jpg","type":"image\/jpeg"}],"author":"lifefm","twitter_card":"summary_large_image","twitter_misc":{"Escrito por":"lifefm","Est. tempo de leitura":"1 minuto"},"schema":{"@context":"https:\/\/schema.org","@graph":[{"@type":"Article","@id":"https:\/\/radiolifefm.com.br\/noticias\/crianca-e-atropelada-por-moto-ao-pedir-doces-durante-as-celebracoes-do-halloween-em-dracena\/#article","isPartOf":{"@id":"https:\/\/radiolifefm.com.br\/noticias\/crianca-e-atropelada-por-moto-ao-pedir-doces-durante-as-celebracoes-do-halloween-em-dracena\/"},"author":{"name":"lifefm","@id":"https:\/\/radiolifefm.com.br\/noticias\/#\/schema\/person\/1d4e4b1301322090c6221bf1c8420490"},"headline":"Crian\u00e7a \u00e9 atropelada por moto ao pedir doces durante as celebra\u00e7\u00f5es do Halloween em Dracena","datePublished":"2019-11-04T10:40:13+00:00","dateModified":"2026-02-07T00:12:32+00:00","mainEntityOfPage":{"@id":"https:\/\/radiolifefm.com.br\/noticias\/crianca-e-atropelada-por-moto-ao-pedir-doces-durante-as-celebracoes-do-halloween-em-dracena\/"},"wordCount":232,"publisher":{"@id":"https:\/\/radiolifefm.com.br\/noticias\/#organization"},"image":{"@id":"https:\/\/radiolifefm.com.br\/noticias\/crianca-e-atropelada-por-moto-ao-pedir-doces-durante-as-celebracoes-do-halloween-em-dracena\/#primaryimage"},"thumbnailUrl":"https:\/\/radiolifefm.com.br\/noticias\/wp-content\/uploads\/2019\/11\/Crian\u00e7a-Hallowen-Dracena.jpg","articleSection":["Regi\u00e3o"],"inLanguage":"pt-BR"},{"@type":"WebPage","@id":"https:\/\/radiolifefm.com.br\/noticias\/crianca-e-atropelada-por-moto-ao-pedir-doces-durante-as-celebracoes-do-halloween-em-dracena\/","url":"https:\/\/radiolifefm.com.br\/noticias\/crianca-e-atropelada-por-moto-ao-pedir-doces-durante-as-celebracoes-do-halloween-em-dracena\/","name":"Crian\u00e7a \u00e9 atropelada por moto ao pedir doces durante as celebra\u00e7\u00f5es do Halloween em Dracena - R\u00e1dio Life FM","isPartOf":{"@id":"https:\/\/radiolifefm.com.br\/noticias\/#website"},"primaryImageOfPage":{"@id":"https:\/\/radiolifefm.com.br\/noticias\/crianca-e-atropelada-por-moto-ao-pedir-doces-durante-as-celebracoes-do-halloween-em-dracena\/#primaryimage"},"image":{"@id":"https:\/\/radiolifefm.com.br\/noticias\/crianca-e-atropelada-por-moto-ao-pedir-doces-durante-as-celebracoes-do-halloween-em-dracena\/#primaryimage"},"thumbnailUrl":"https:\/\/radiolifefm.com.br\/noticias\/wp-content\/uploads\/2019\/11\/Crian\u00e7a-Hallowen-Dracena.jpg","datePublished":"2019-11-04T10:40:13+00:00","dateModified":"2026-02-07T00:12:32+00:00","breadcrumb":{"@id":"https:\/\/radiolifefm.com.br\/noticias\/crianca-e-atropelada-por-moto-ao-pedir-doces-durante-as-celebracoes-do-halloween-em-dracena\/#breadcrumb"},"inLanguage":"pt-BR","potentialAction":[{"@type":"ReadAction","target":["https:\/\/radiolifefm.com.br\/noticias\/crianca-e-atropelada-por-moto-ao-pedir-doces-durante-as-celebracoes-do-halloween-em-dracena\/"]}]},{"@type":"ImageObject","inLanguage":"pt-BR","@id":"https:\/\/radiolifefm.com.br\/noticias\/crianca-e-atropelada-por-moto-ao-pedir-doces-durante-as-celebracoes-do-halloween-em-dracena\/#primaryimage","url":"https:\/\/radiolifefm.com.br\/noticias\/wp-content\/uploads\/2019\/11\/Crian\u00e7a-Hallowen-Dracena.jpg","contentUrl":"https:\/\/radiolifefm.com.br\/noticias\/wp-content\/uploads\/2019\/11\/Crian\u00e7a-Hallowen-Dracena.jpg","width":420,"height":315},{"@type":"BreadcrumbList","@id":"https:\/\/radiolifefm.com.br\/noticias\/crianca-e-atropelada-por-moto-ao-pedir-doces-durante-as-celebracoes-do-halloween-em-dracena\/#breadcrumb","itemListElement":[{"@type":"ListItem","position":1,"name":"In\u00edcio","item":"https:\/\/radiolifefm.com.br\/noticias\/"},{"@type":"ListItem","position":2,"name":"Crian\u00e7a \u00e9 atropelada por moto ao pedir doces durante as celebra\u00e7\u00f5es do Halloween em Dracena"}]},{"@type":"WebSite","@id":"https:\/\/radiolifefm.com.br\/noticias\/#website","url":"https:\/\/radiolifefm.com.br\/noticias\/","name":"R\u00e1dio Life FM","description":"O Portal de Not\u00edcias de Adamantina","publisher":{"@id":"https:\/\/radiolifefm.com.br\/noticias\/#organization"},"alternateName":"Life FM","potentialAction":[{"@type":"SearchAction","target":{"@type":"EntryPoint","urlTemplate":"https:\/\/radiolifefm.com.br\/noticias\/?s={search_term_string}"},"query-input":{"@type":"PropertyValueSpecification","valueRequired":true,"valueName":"search_term_string"}}],"inLanguage":"pt-BR"},{"@type":"Organization","@id":"https:\/\/radiolifefm.com.br\/noticias\/#organization","name":"R\u00e1dio Life FM","alternateName":"Life FM","url":"https:\/\/radiolifefm.com.br\/noticias\/","logo":{"@type":"ImageObject","inLanguage":"pt-BR","@id":"https:\/\/radiolifefm.com.br\/noticias\/#\/schema\/logo\/image\/","url":"https:\/\/static.radiolifefm.com.br\/noticias\/wp-content\/uploads\/2019\/10\/logo-lifefm.png","contentUrl":"https:\/\/static.radiolifefm.com.br\/noticias\/wp-content\/uploads\/2019\/10\/logo-lifefm.png","width":196,"height":47,"caption":"R\u00e1dio Life FM"},"image":{"@id":"https:\/\/radiolifefm.com.br\/noticias\/#\/schema\/logo\/image\/"},"sameAs":["https:\/\/www.facebook.com\/radiolifefm\/","https:\/\/www.instagram.com\/life1079fm\/"]},{"@type":"Person","@id":"https:\/\/radiolifefm.com.br\/noticias\/#\/schema\/person\/1d4e4b1301322090c6221bf1c8420490","name":"lifefm","image":{"@type":"ImageObject","inLanguage":"pt-BR","@id":"https:\/\/secure.gravatar.com\/avatar\/eca268467d925ec97d20641bb054fd944c0abb2f92854171620706bbe6474e7c?s=96&d=mm&r=g","url":"https:\/\/secure.gravatar.com\/avatar\/eca268467d925ec97d20641bb054fd944c0abb2f92854171620706bbe6474e7c?s=96&d=mm&r=g","contentUrl":"https:\/\/secure.gravatar.com\/avatar\/eca268467d925ec97d20641bb054fd944c0abb2f92854171620706bbe6474e7c?s=96&d=mm&r=g","caption":"lifefm"}}]}},"amp_enabled":true,"_links":{"self":[{"href":"https:\/\/radiolifefm.com.br\/noticias\/wp-json\/wp\/v2\/posts\/17727","targetHints":{"allow":["GET"]}}],"collection":[{"href":"https:\/\/radiolifefm.com.br\/noticias\/wp-json\/wp\/v2\/posts"}],"about":[{"href":"https:\/\/radiolifefm.com.br\/noticias\/wp-json\/wp\/v2\/types\/post"}],"author":[{"embeddable":true,"href":"https:\/\/radiolifefm.com.br\/noticias\/wp-json\/wp\/v2\/users\/3"}],"replies":[{"embeddable":true,"href":"https:\/\/radiolifefm.com.br\/noticias\/wp-json\/wp\/v2\/comments?post=17727"}],"version-history":[{"count":1,"href":"https:\/\/radiolifefm.com.br\/noticias\/wp-json\/wp\/v2\/posts\/17727\/revisions"}],"predecessor-version":[{"id":17729,"href":"https:\/\/radiolifefm.com.br\/noticias\/wp-json\/wp\/v2\/posts\/17727\/revisions\/17729"}],"wp:featuredmedia":[{"embeddable":true,"href":"https:\/\/radiolifefm.com.br\/noticias\/wp-json\/wp\/v2\/media\/17728"}],"wp:attachment":[{"href":"https:\/\/radiolifefm.com.br\/noticias\/wp-json\/wp\/v2\/media?parent=17727"}],"wp:term":[{"taxonomy":"category","embeddable":true,"href":"https:\/\/radiolifefm.com.br\/noticias\/wp-json\/wp\/v2\/categories?post=17727"},{"taxonomy":"post_tag","embeddable":true,"href":"https:\/\/radiolifefm.com.br\/noticias\/wp-json\/wp\/v2\/tags?post=17727"}],"curies":[{"name":"wp","href":"https:\/\/api.w.org\/{rel}","templated":true}]}}