{"id":17650,"date":"2019-10-30T18:53:11","date_gmt":"2019-10-30T21:53:11","guid":{"rendered":"https:\/\/radiolifefm.com.br\/noticias\/?p=17650"},"modified":"2026-04-18T18:09:48","modified_gmt":"2026-04-18T21:09:48","slug":"sest-senat-de-osvaldo-cruz-vai-contratar","status":"publish","type":"post","link":"https:\/\/radiolifefm.com.br\/noticias\/sest-senat-de-osvaldo-cruz-vai-contratar\/","title":{"rendered":"Sest-Senat de Osvaldo Cruz vai contratar"},"content":{"rendered":"<div id=\"fb-root\"><\/div>\n<p>O Sest-Senat de Osvaldo Cruz vai contratar pessoas para sua unidade em Osvaldo Cruz. A expectativa \u00e9 que sejam gerados entre 30 e at\u00e9 50 empregos. O pr\u00e9dio est\u00e1 pronto para come\u00e7ar a funcionar em 2020.<\/p>\n<p>Estar\u00e3o sendo contratados profissionais nas \u00e1reas de Porteiro, Auxiliar de Servi\u00e7os Gerais e Assistente Administrativo.<br \/>\nO per\u00edodo de apresenta\u00e7\u00e3o de curr\u00edculos vai de 27\/10 a 03\/11.<\/p>\n<p>Para inscri\u00e7\u00f5es no Processo Seletivo o candidato dever\u00e1 acessar o site www.sestsenat.org.br<\/p>\n<p>O processo seletivo ter\u00e1 as seguintes etapas:<\/p>\n<p>&#8211; avalia\u00e7\u00e3o de conhecimentos espec\u00edficos;<br \/>\n&#8211; avalia\u00e7\u00e3o documental e<br \/>\n&#8211; entrevista.<\/p>\n<p>N\u00e3o h\u00e1 custo de inscri\u00e7\u00f5es.<\/p>\n<p>Os candidatos dever\u00e3o apresentar os seguintes c\u00f3digos conforme os cargos pretendidos:<\/p>\n<p>&#8211; Porteiro: c\u00f3digo n\u00famero 1759\/19;<br \/>\n&#8211; Auxiliar de Servi\u00e7os Gerais: c\u00f3digo n\u00famero 1760\/19:<br \/>\n&#8211; Auxiliar Administrativo 1 &#8211; c\u00f3digo n\u00famero 1761\/19<\/p>\n<p>Os candidatos devem anexar curr\u00edculo no endere\u00e7o eletr\u00f4nico informado acima.<\/p>\n<p>Informa\u00e7\u00f5es podem ser obtidas no PAT (Posto de Atendimento ao Trabalhador) de Osvaldo Cruz, localizado na Avenida Jos\u00e9 Siqueira 20-A. O hor\u00e1rio de atendimento \u00e9 das 9h \u00e0s 12h e das 13h30 \u00e0s 16h.<\/p>\n<p><strong>O que faz o Sest-Senat<\/strong><br \/>\nO SEST SENAT atua na forma\u00e7\u00e3o e na qualifica\u00e7\u00e3o de profissionais para o mercado de trabalho.<\/p>\n<p>Com metodologias atraentes e conte\u00fado que atende as demandas do mercado, a institui\u00e7\u00e3o prepara os profissionais para a execu\u00e7\u00e3o das atividades com efici\u00eancia, reflex\u00e3o cr\u00edtica e seguran\u00e7a, a fim de enfrentarem todos os desafios da atividade transportadora em qualquer segmento.<\/p>\n<p>Al\u00e9m disso, os torna aptos a operarem novas tecnologias.<\/p>\n<p>&nbsp;<\/p>\n<p>(Assessoria de Imprensa)<\/p>\n","protected":false},"excerpt":{"rendered":"<p>O Sest-Senat de Osvaldo Cruz vai contratar pessoas para sua unidade em Osvaldo Cruz. A expectativa \u00e9 que sejam gerados entre 30 e at\u00e9 50 empregos. O pr\u00e9dio est\u00e1 pronto para come\u00e7ar a funcionar em 2020. Estar\u00e3o sendo contratados profissionais nas \u00e1reas de Porteiro, Auxiliar de Servi\u00e7os Gerais e Assistente Administrativo. O per\u00edodo de apresenta\u00e7\u00e3o [&hellip;]<\/p>\n","protected":false},"author":3,"featured_media":17651,"comment_status":"closed","ping_status":"open","sticky":false,"template":"","format":"standard","meta":{"_acf_changed":false,"_exactmetrics_skip_tracking":false,"_exactmetrics_sitenote_active":false,"_exactmetrics_sitenote_note":"","_exactmetrics_sitenote_category":0,"footnotes":""},"categories":[24],"tags":[],"class_list":["post-17650","post","type-post","status-publish","format-standard","has-post-thumbnail","hentry","category-regiao"],"acf":[],"yoast_head":"<!-- This site is optimized with the Yoast SEO plugin v27.2 - https:\/\/yoast.com\/product\/yoast-seo-wordpress\/ -->\n<title>Sest-Senat de Osvaldo Cruz vai contratar - R\u00e1dio Life FM<\/title>\n<meta name=\"robots\" content=\"index, follow, max-snippet:-1, max-image-preview:large, max-video-preview:-1\" \/>\n<link rel=\"canonical\" href=\"https:\/\/radiolifefm.com.br\/noticias\/sest-senat-de-osvaldo-cruz-vai-contratar\/\" \/>\n<meta property=\"og:locale\" content=\"pt_BR\" \/>\n<meta property=\"og:type\" content=\"article\" \/>\n<meta property=\"og:title\" content=\"Sest-Senat de Osvaldo Cruz vai contratar - R\u00e1dio Life FM\" \/>\n<meta property=\"og:description\" content=\"O Sest-Senat de Osvaldo Cruz vai contratar pessoas para sua unidade em Osvaldo Cruz. A expectativa \u00e9 que sejam gerados entre 30 e at\u00e9 50 empregos. O pr\u00e9dio est\u00e1 pronto para come\u00e7ar a funcionar em 2020. Estar\u00e3o sendo contratados profissionais nas \u00e1reas de Porteiro, Auxiliar de Servi\u00e7os Gerais e Assistente Administrativo. O per\u00edodo de apresenta\u00e7\u00e3o [&hellip;]\" \/>\n<meta property=\"og:url\" content=\"https:\/\/radiolifefm.com.br\/noticias\/sest-senat-de-osvaldo-cruz-vai-contratar\/\" \/>\n<meta property=\"og:site_name\" content=\"R\u00e1dio Life FM\" \/>\n<meta property=\"article:publisher\" content=\"https:\/\/www.facebook.com\/radiolifefm\/\" \/>\n<meta property=\"article:published_time\" content=\"2019-10-30T21:53:11+00:00\" \/>\n<meta property=\"article:modified_time\" content=\"2026-04-18T21:09:48+00:00\" \/>\n<meta property=\"og:image\" content=\"https:\/\/radiolifefm.com.br\/noticias\/wp-content\/uploads\/2019\/10\/Sest-Senat-Imagem.jpg\" \/>\n\t<meta property=\"og:image:width\" content=\"318\" \/>\n\t<meta property=\"og:image:height\" content=\"159\" \/>\n\t<meta property=\"og:image:type\" content=\"image\/jpeg\" \/>\n<meta name=\"author\" content=\"lifefm\" \/>\n<meta name=\"twitter:card\" content=\"summary_large_image\" \/>\n<meta name=\"twitter:label1\" content=\"Escrito por\" \/>\n\t<meta name=\"twitter:data1\" content=\"lifefm\" \/>\n\t<meta name=\"twitter:label2\" content=\"Est. tempo de leitura\" \/>\n\t<meta name=\"twitter:data2\" content=\"1 minuto\" \/>\n<script type=\"application\/ld+json\" class=\"yoast-schema-graph\">{\"@context\":\"https:\/\/schema.org\",\"@graph\":[{\"@type\":\"Article\",\"@id\":\"https:\/\/radiolifefm.com.br\/noticias\/sest-senat-de-osvaldo-cruz-vai-contratar\/#article\",\"isPartOf\":{\"@id\":\"https:\/\/radiolifefm.com.br\/noticias\/sest-senat-de-osvaldo-cruz-vai-contratar\/\"},\"author\":{\"name\":\"lifefm\",\"@id\":\"https:\/\/radiolifefm.com.br\/noticias\/#\/schema\/person\/1d4e4b1301322090c6221bf1c8420490\"},\"headline\":\"Sest-Senat de Osvaldo Cruz vai contratar\",\"datePublished\":\"2019-10-30T21:53:11+00:00\",\"dateModified\":\"2026-04-18T21:09:48+00:00\",\"mainEntityOfPage\":{\"@id\":\"https:\/\/radiolifefm.com.br\/noticias\/sest-senat-de-osvaldo-cruz-vai-contratar\/\"},\"wordCount\":282,\"publisher\":{\"@id\":\"https:\/\/radiolifefm.com.br\/noticias\/#organization\"},\"image\":{\"@id\":\"https:\/\/radiolifefm.com.br\/noticias\/sest-senat-de-osvaldo-cruz-vai-contratar\/#primaryimage\"},\"thumbnailUrl\":\"https:\/\/radiolifefm.com.br\/noticias\/wp-content\/uploads\/2019\/10\/Sest-Senat-Imagem.jpg\",\"articleSection\":[\"Regi\u00e3o\"],\"inLanguage\":\"pt-BR\"},{\"@type\":\"WebPage\",\"@id\":\"https:\/\/radiolifefm.com.br\/noticias\/sest-senat-de-osvaldo-cruz-vai-contratar\/\",\"url\":\"https:\/\/radiolifefm.com.br\/noticias\/sest-senat-de-osvaldo-cruz-vai-contratar\/\",\"name\":\"Sest-Senat de Osvaldo Cruz vai contratar - R\u00e1dio Life FM\",\"isPartOf\":{\"@id\":\"https:\/\/radiolifefm.com.br\/noticias\/#website\"},\"primaryImageOfPage\":{\"@id\":\"https:\/\/radiolifefm.com.br\/noticias\/sest-senat-de-osvaldo-cruz-vai-contratar\/#primaryimage\"},\"image\":{\"@id\":\"https:\/\/radiolifefm.com.br\/noticias\/sest-senat-de-osvaldo-cruz-vai-contratar\/#primaryimage\"},\"thumbnailUrl\":\"https:\/\/radiolifefm.com.br\/noticias\/wp-content\/uploads\/2019\/10\/Sest-Senat-Imagem.jpg\",\"datePublished\":\"2019-10-30T21:53:11+00:00\",\"dateModified\":\"2026-04-18T21:09:48+00:00\",\"breadcrumb\":{\"@id\":\"https:\/\/radiolifefm.com.br\/noticias\/sest-senat-de-osvaldo-cruz-vai-contratar\/#breadcrumb\"},\"inLanguage\":\"pt-BR\",\"potentialAction\":[{\"@type\":\"ReadAction\",\"target\":[\"https:\/\/radiolifefm.com.br\/noticias\/sest-senat-de-osvaldo-cruz-vai-contratar\/\"]}]},{\"@type\":\"ImageObject\",\"inLanguage\":\"pt-BR\",\"@id\":\"https:\/\/radiolifefm.com.br\/noticias\/sest-senat-de-osvaldo-cruz-vai-contratar\/#primaryimage\",\"url\":\"https:\/\/radiolifefm.com.br\/noticias\/wp-content\/uploads\/2019\/10\/Sest-Senat-Imagem.jpg\",\"contentUrl\":\"https:\/\/radiolifefm.com.br\/noticias\/wp-content\/uploads\/2019\/10\/Sest-Senat-Imagem.jpg\",\"width\":318,\"height\":159},{\"@type\":\"BreadcrumbList\",\"@id\":\"https:\/\/radiolifefm.com.br\/noticias\/sest-senat-de-osvaldo-cruz-vai-contratar\/#breadcrumb\",\"itemListElement\":[{\"@type\":\"ListItem\",\"position\":1,\"name\":\"In\u00edcio\",\"item\":\"https:\/\/radiolifefm.com.br\/noticias\/\"},{\"@type\":\"ListItem\",\"position\":2,\"name\":\"Sest-Senat de Osvaldo Cruz vai contratar\"}]},{\"@type\":\"WebSite\",\"@id\":\"https:\/\/radiolifefm.com.br\/noticias\/#website\",\"url\":\"https:\/\/radiolifefm.com.br\/noticias\/\",\"name\":\"R\u00e1dio Life FM\",\"description\":\"O Portal de Not\u00edcias de Adamantina\",\"publisher\":{\"@id\":\"https:\/\/radiolifefm.com.br\/noticias\/#organization\"},\"alternateName\":\"Life FM\",\"potentialAction\":[{\"@type\":\"SearchAction\",\"target\":{\"@type\":\"EntryPoint\",\"urlTemplate\":\"https:\/\/radiolifefm.com.br\/noticias\/?s={search_term_string}\"},\"query-input\":{\"@type\":\"PropertyValueSpecification\",\"valueRequired\":true,\"valueName\":\"search_term_string\"}}],\"inLanguage\":\"pt-BR\"},{\"@type\":\"Organization\",\"@id\":\"https:\/\/radiolifefm.com.br\/noticias\/#organization\",\"name\":\"R\u00e1dio Life FM\",\"alternateName\":\"Life FM\",\"url\":\"https:\/\/radiolifefm.com.br\/noticias\/\",\"logo\":{\"@type\":\"ImageObject\",\"inLanguage\":\"pt-BR\",\"@id\":\"https:\/\/radiolifefm.com.br\/noticias\/#\/schema\/logo\/image\/\",\"url\":\"https:\/\/static.radiolifefm.com.br\/noticias\/wp-content\/uploads\/2019\/10\/logo-lifefm.png\",\"contentUrl\":\"https:\/\/static.radiolifefm.com.br\/noticias\/wp-content\/uploads\/2019\/10\/logo-lifefm.png\",\"width\":196,\"height\":47,\"caption\":\"R\u00e1dio Life FM\"},\"image\":{\"@id\":\"https:\/\/radiolifefm.com.br\/noticias\/#\/schema\/logo\/image\/\"},\"sameAs\":[\"https:\/\/www.facebook.com\/radiolifefm\/\",\"https:\/\/www.instagram.com\/life1079fm\/\"]},{\"@type\":\"Person\",\"@id\":\"https:\/\/radiolifefm.com.br\/noticias\/#\/schema\/person\/1d4e4b1301322090c6221bf1c8420490\",\"name\":\"lifefm\",\"image\":{\"@type\":\"ImageObject\",\"inLanguage\":\"pt-BR\",\"@id\":\"https:\/\/secure.gravatar.com\/avatar\/eca268467d925ec97d20641bb054fd944c0abb2f92854171620706bbe6474e7c?s=96&d=mm&r=g\",\"url\":\"https:\/\/secure.gravatar.com\/avatar\/eca268467d925ec97d20641bb054fd944c0abb2f92854171620706bbe6474e7c?s=96&d=mm&r=g\",\"contentUrl\":\"https:\/\/secure.gravatar.com\/avatar\/eca268467d925ec97d20641bb054fd944c0abb2f92854171620706bbe6474e7c?s=96&d=mm&r=g\",\"caption\":\"lifefm\"}}]}<\/script>\n<!-- \/ Yoast SEO plugin. -->","yoast_head_json":{"title":"Sest-Senat de Osvaldo Cruz vai contratar - R\u00e1dio Life FM","robots":{"index":"index","follow":"follow","max-snippet":"max-snippet:-1","max-image-preview":"max-image-preview:large","max-video-preview":"max-video-preview:-1"},"canonical":"https:\/\/radiolifefm.com.br\/noticias\/sest-senat-de-osvaldo-cruz-vai-contratar\/","og_locale":"pt_BR","og_type":"article","og_title":"Sest-Senat de Osvaldo Cruz vai contratar - R\u00e1dio Life FM","og_description":"O Sest-Senat de Osvaldo Cruz vai contratar pessoas para sua unidade em Osvaldo Cruz. A expectativa \u00e9 que sejam gerados entre 30 e at\u00e9 50 empregos. O pr\u00e9dio est\u00e1 pronto para come\u00e7ar a funcionar em 2020. Estar\u00e3o sendo contratados profissionais nas \u00e1reas de Porteiro, Auxiliar de Servi\u00e7os Gerais e Assistente Administrativo. O per\u00edodo de apresenta\u00e7\u00e3o [&hellip;]","og_url":"https:\/\/radiolifefm.com.br\/noticias\/sest-senat-de-osvaldo-cruz-vai-contratar\/","og_site_name":"R\u00e1dio Life FM","article_publisher":"https:\/\/www.facebook.com\/radiolifefm\/","article_published_time":"2019-10-30T21:53:11+00:00","article_modified_time":"2026-04-18T21:09:48+00:00","og_image":[{"width":318,"height":159,"url":"https:\/\/radiolifefm.com.br\/noticias\/wp-content\/uploads\/2019\/10\/Sest-Senat-Imagem.jpg","type":"image\/jpeg"}],"author":"lifefm","twitter_card":"summary_large_image","twitter_misc":{"Escrito por":"lifefm","Est. tempo de leitura":"1 minuto"},"schema":{"@context":"https:\/\/schema.org","@graph":[{"@type":"Article","@id":"https:\/\/radiolifefm.com.br\/noticias\/sest-senat-de-osvaldo-cruz-vai-contratar\/#article","isPartOf":{"@id":"https:\/\/radiolifefm.com.br\/noticias\/sest-senat-de-osvaldo-cruz-vai-contratar\/"},"author":{"name":"lifefm","@id":"https:\/\/radiolifefm.com.br\/noticias\/#\/schema\/person\/1d4e4b1301322090c6221bf1c8420490"},"headline":"Sest-Senat de Osvaldo Cruz vai contratar","datePublished":"2019-10-30T21:53:11+00:00","dateModified":"2026-04-18T21:09:48+00:00","mainEntityOfPage":{"@id":"https:\/\/radiolifefm.com.br\/noticias\/sest-senat-de-osvaldo-cruz-vai-contratar\/"},"wordCount":282,"publisher":{"@id":"https:\/\/radiolifefm.com.br\/noticias\/#organization"},"image":{"@id":"https:\/\/radiolifefm.com.br\/noticias\/sest-senat-de-osvaldo-cruz-vai-contratar\/#primaryimage"},"thumbnailUrl":"https:\/\/radiolifefm.com.br\/noticias\/wp-content\/uploads\/2019\/10\/Sest-Senat-Imagem.jpg","articleSection":["Regi\u00e3o"],"inLanguage":"pt-BR"},{"@type":"WebPage","@id":"https:\/\/radiolifefm.com.br\/noticias\/sest-senat-de-osvaldo-cruz-vai-contratar\/","url":"https:\/\/radiolifefm.com.br\/noticias\/sest-senat-de-osvaldo-cruz-vai-contratar\/","name":"Sest-Senat de Osvaldo Cruz vai contratar - R\u00e1dio Life FM","isPartOf":{"@id":"https:\/\/radiolifefm.com.br\/noticias\/#website"},"primaryImageOfPage":{"@id":"https:\/\/radiolifefm.com.br\/noticias\/sest-senat-de-osvaldo-cruz-vai-contratar\/#primaryimage"},"image":{"@id":"https:\/\/radiolifefm.com.br\/noticias\/sest-senat-de-osvaldo-cruz-vai-contratar\/#primaryimage"},"thumbnailUrl":"https:\/\/radiolifefm.com.br\/noticias\/wp-content\/uploads\/2019\/10\/Sest-Senat-Imagem.jpg","datePublished":"2019-10-30T21:53:11+00:00","dateModified":"2026-04-18T21:09:48+00:00","breadcrumb":{"@id":"https:\/\/radiolifefm.com.br\/noticias\/sest-senat-de-osvaldo-cruz-vai-contratar\/#breadcrumb"},"inLanguage":"pt-BR","potentialAction":[{"@type":"ReadAction","target":["https:\/\/radiolifefm.com.br\/noticias\/sest-senat-de-osvaldo-cruz-vai-contratar\/"]}]},{"@type":"ImageObject","inLanguage":"pt-BR","@id":"https:\/\/radiolifefm.com.br\/noticias\/sest-senat-de-osvaldo-cruz-vai-contratar\/#primaryimage","url":"https:\/\/radiolifefm.com.br\/noticias\/wp-content\/uploads\/2019\/10\/Sest-Senat-Imagem.jpg","contentUrl":"https:\/\/radiolifefm.com.br\/noticias\/wp-content\/uploads\/2019\/10\/Sest-Senat-Imagem.jpg","width":318,"height":159},{"@type":"BreadcrumbList","@id":"https:\/\/radiolifefm.com.br\/noticias\/sest-senat-de-osvaldo-cruz-vai-contratar\/#breadcrumb","itemListElement":[{"@type":"ListItem","position":1,"name":"In\u00edcio","item":"https:\/\/radiolifefm.com.br\/noticias\/"},{"@type":"ListItem","position":2,"name":"Sest-Senat de Osvaldo Cruz vai contratar"}]},{"@type":"WebSite","@id":"https:\/\/radiolifefm.com.br\/noticias\/#website","url":"https:\/\/radiolifefm.com.br\/noticias\/","name":"R\u00e1dio Life FM","description":"O Portal de Not\u00edcias de Adamantina","publisher":{"@id":"https:\/\/radiolifefm.com.br\/noticias\/#organization"},"alternateName":"Life FM","potentialAction":[{"@type":"SearchAction","target":{"@type":"EntryPoint","urlTemplate":"https:\/\/radiolifefm.com.br\/noticias\/?s={search_term_string}"},"query-input":{"@type":"PropertyValueSpecification","valueRequired":true,"valueName":"search_term_string"}}],"inLanguage":"pt-BR"},{"@type":"Organization","@id":"https:\/\/radiolifefm.com.br\/noticias\/#organization","name":"R\u00e1dio Life FM","alternateName":"Life FM","url":"https:\/\/radiolifefm.com.br\/noticias\/","logo":{"@type":"ImageObject","inLanguage":"pt-BR","@id":"https:\/\/radiolifefm.com.br\/noticias\/#\/schema\/logo\/image\/","url":"https:\/\/static.radiolifefm.com.br\/noticias\/wp-content\/uploads\/2019\/10\/logo-lifefm.png","contentUrl":"https:\/\/static.radiolifefm.com.br\/noticias\/wp-content\/uploads\/2019\/10\/logo-lifefm.png","width":196,"height":47,"caption":"R\u00e1dio Life FM"},"image":{"@id":"https:\/\/radiolifefm.com.br\/noticias\/#\/schema\/logo\/image\/"},"sameAs":["https:\/\/www.facebook.com\/radiolifefm\/","https:\/\/www.instagram.com\/life1079fm\/"]},{"@type":"Person","@id":"https:\/\/radiolifefm.com.br\/noticias\/#\/schema\/person\/1d4e4b1301322090c6221bf1c8420490","name":"lifefm","image":{"@type":"ImageObject","inLanguage":"pt-BR","@id":"https:\/\/secure.gravatar.com\/avatar\/eca268467d925ec97d20641bb054fd944c0abb2f92854171620706bbe6474e7c?s=96&d=mm&r=g","url":"https:\/\/secure.gravatar.com\/avatar\/eca268467d925ec97d20641bb054fd944c0abb2f92854171620706bbe6474e7c?s=96&d=mm&r=g","contentUrl":"https:\/\/secure.gravatar.com\/avatar\/eca268467d925ec97d20641bb054fd944c0abb2f92854171620706bbe6474e7c?s=96&d=mm&r=g","caption":"lifefm"}}]}},"amp_enabled":true,"_links":{"self":[{"href":"https:\/\/radiolifefm.com.br\/noticias\/wp-json\/wp\/v2\/posts\/17650","targetHints":{"allow":["GET"]}}],"collection":[{"href":"https:\/\/radiolifefm.com.br\/noticias\/wp-json\/wp\/v2\/posts"}],"about":[{"href":"https:\/\/radiolifefm.com.br\/noticias\/wp-json\/wp\/v2\/types\/post"}],"author":[{"embeddable":true,"href":"https:\/\/radiolifefm.com.br\/noticias\/wp-json\/wp\/v2\/users\/3"}],"replies":[{"embeddable":true,"href":"https:\/\/radiolifefm.com.br\/noticias\/wp-json\/wp\/v2\/comments?post=17650"}],"version-history":[{"count":1,"href":"https:\/\/radiolifefm.com.br\/noticias\/wp-json\/wp\/v2\/posts\/17650\/revisions"}],"predecessor-version":[{"id":17652,"href":"https:\/\/radiolifefm.com.br\/noticias\/wp-json\/wp\/v2\/posts\/17650\/revisions\/17652"}],"wp:featuredmedia":[{"embeddable":true,"href":"https:\/\/radiolifefm.com.br\/noticias\/wp-json\/wp\/v2\/media\/17651"}],"wp:attachment":[{"href":"https:\/\/radiolifefm.com.br\/noticias\/wp-json\/wp\/v2\/media?parent=17650"}],"wp:term":[{"taxonomy":"category","embeddable":true,"href":"https:\/\/radiolifefm.com.br\/noticias\/wp-json\/wp\/v2\/categories?post=17650"},{"taxonomy":"post_tag","embeddable":true,"href":"https:\/\/radiolifefm.com.br\/noticias\/wp-json\/wp\/v2\/tags?post=17650"}],"curies":[{"name":"wp","href":"https:\/\/api.w.org\/{rel}","templated":true}]}}