{"id":17631,"date":"2019-10-30T18:38:20","date_gmt":"2019-10-30T21:38:20","guid":{"rendered":"https:\/\/radiolifefm.com.br\/noticias\/?p=17631"},"modified":"2026-04-18T21:12:50","modified_gmt":"2026-04-19T00:12:50","slug":"eleicoes-consenso-fabricado-senso-comum-e-provincia-sergio-barbosa-opiniao","status":"publish","type":"post","link":"https:\/\/radiolifefm.com.br\/noticias\/eleicoes-consenso-fabricado-senso-comum-e-provincia-sergio-barbosa-opiniao\/","title":{"rendered":"Elei\u00e7\u00f5es, &#8220;Consenso Fabricado&#8221;, Senso Comum e Prov\u00edncia&#8230; &#8211; S\u00e9rgio Barbosa &#8211; Opini\u00e3o"},"content":{"rendered":"<div id=\"fb-root\"><\/div>\n<p><strong>Elei\u00e7\u00f5es, &#8220;Consenso Fabricado&#8221;, Senso Comum e Prov\u00edncia&#8230;<\/strong><\/p>\n<p><em>\u201cOs intelectuais t\u00eam condi\u00e7\u00f5es de denunciar as mentiras dos governos e de analisar suas a\u00e7\u00f5es, suas causas e suas inten\u00e7\u00f5es escondidas. \u00c9 responsabilidade dos intelectuais dizer a verdade e denunciar as mentiras.\u201d<\/em><br \/>\n<em>( Noam Chomsky \/ http:\/\/kdfrases.com)<\/em><\/p>\n<p>S\u00e9rgio Barbosa (*)<\/p>\n<p>O que se pode escrever sobre os resultados das \u00faltimas elei\u00e7\u00f5es para o executivo e legislativo municipal, ainda, tentar entender o que pode ocorrer daqui pra frente neste jogo \u201cviciado\u201d da tal pol\u00edtica provinciana&#8230;<\/p>\n<p>Al\u00e9m do mais ou de menos, a maioria dos provincianos fez a escolha por um dos candidatos, assim, pode-se tentar colocar isto ou aquilo neste texto para tentar uma explica\u00e7\u00e3o, talvez, buscar muitas respostas para uma \u00fanica pergunta e assim por diante&#8230;<\/p>\n<p>Por\u00e9m, n\u00e3o se pode fugir do resultado final, bem como, debater as diversas indaga\u00e7\u00f5es sobre os desencontros patrocinados no per\u00edodo da Campanha Eleitoral, todavia, o que n\u00e3o se pode deixar de questionar s\u00e3o as muitas &#8220;amea\u00e7as&#8221; que chegam deste lado por causa da op\u00e7\u00e3o pol\u00edtica, haja vista que apesar dos pesares, ainda, existe aquela minoria que n\u00e3o reproduz o &#8220;senso comum&#8221; na Prov\u00edncia&#8230;<\/p>\n<p>O pensado contempor\u00e2neo norte-americano, NOAM CHOMSKY, pesquisador de renome internacional em diversas \u00e1reas, tendo em vista a import\u00e2ncia do pensamento deste autor para a reflex\u00e3o te\u00f3rico-cr\u00edtica frente aos desencontros patrocinados pelo poder econ\u00f4mico em n\u00edvel mundial, apresenta e justifica por meio da proposta denominada de &#8220;CONSENSO FABRICADO&#8221; tudo aquilo que uma maioria escolhe por causa disto ou daquilo&#8230;<\/p>\n<p>Portanto, cada qual faz as suas escolhas neste novo tempo que se chama hoje, ainda mais quando o &#8220;canto da sereia&#8221; esteve mais do que presente em todas as etapas da Campanha &#8220;eleitoreira&#8221; em terras provincianas, assim, dizem, &#8220;caminha a humanidade&#8221;&#8230;<\/p>\n<p>Entretanto, n\u00e3o se podem deixar de lado outras possibilidades quanto \u00e0 escolha da &#8220;minoria&#8221;, sendo que a mesma colocou dois vereadores no Legislativo provinciano, portanto, o cen\u00e1rio que se apresenta pode ser de um &#8220;rolo compressor&#8221; pra todos os lados, isso \u00e9 pra cima da &#8220;minoria&#8221; e ponto quase final&#8230;<\/p>\n<p>Ainda, a tal da &#8220;crise&#8221; se faz presente em todos os cantos deste &#8220;Pa\u00eds do faz de conta&#8221;, agora, sob os ausp\u00edcios do presidente &#8220;golpista&#8221; e sua turma com sede de poder pelo poder em busca do poder, bem como, com projetos visando privatizar o que estiver ao alcance destas &#8220;m\u00e3os de tesoura&#8221;&#8230;<\/p>\n<p>Por\u00e9m, deste lado, ou seja, na Prov\u00edncia, entendo que tudo pode ocorrer daqui pra frente, considerando que o atual gestor municipal est\u00e1 correndo e rezando para terminar o mandato e que o escolhido pela maioria provinciana assuma o comando para colocar em a\u00e7\u00e3o propostas apresentadas na Campanha Eleitoral&#8230;<\/p>\n<p>Neste cen\u00e1rio que est\u00e1 al\u00e9m da Prov\u00edncia, tendo em vista a tal da &#8220;crise&#8221; que se faz presente em todas as \u00e1reas, torna-se necess\u00e1rio estar em conex\u00e3o com as diversidades que envolvem os governos federal, estadual e municipal&#8230;<\/p>\n<p>Quem viver vai ver&#8230;<\/p>\n<div class='flex flex-wrap items-center -mx-1'>\r\n<a class='thumbnail gallery p-1 w-1\/2 md:w-1\/4' href='https:\/\/radiolifefm.com.br\/noticias\/wp-content\/uploads\/2019\/10\/Sebar-1-2.jpg'><img class='border border-white' src='https:\/\/radiolifefm.com.br\/noticias\/wp-content\/uploads\/2019\/10\/Sebar-1-2-200x200.jpg' alt='Sebar   1' \/><\/a><a class='thumbnail gallery p-1 w-1\/2 md:w-1\/4' href='https:\/\/radiolifefm.com.br\/noticias\/wp-content\/uploads\/2019\/10\/Sebar-2-2.jpg'><img class='border border-white' src='https:\/\/radiolifefm.com.br\/noticias\/wp-content\/uploads\/2019\/10\/Sebar-2-2-200x200.jpg' alt='Sebar   2' \/><\/a><a class='thumbnail gallery p-1 w-1\/2 md:w-1\/4' href='https:\/\/radiolifefm.com.br\/noticias\/wp-content\/uploads\/2019\/10\/Sebar-3-2.jpg'><img class='border border-white' src='https:\/\/radiolifefm.com.br\/noticias\/wp-content\/uploads\/2019\/10\/Sebar-3-2-200x200.jpg' alt='Sebar   3' \/><\/a><a class='thumbnail gallery p-1 w-1\/2 md:w-1\/4' href='https:\/\/radiolifefm.com.br\/noticias\/wp-content\/uploads\/2019\/10\/Sebar-4-1.jpg'><img class='border border-white' src='https:\/\/radiolifefm.com.br\/noticias\/wp-content\/uploads\/2019\/10\/Sebar-4-1-200x200.jpg' alt='Sebar   4' \/><\/a><\/div>\n<p>_______________________________<br \/>\n(*) Jornalista diplomado.<\/p>\n","protected":false},"excerpt":{"rendered":"<p>Elei\u00e7\u00f5es, &#8220;Consenso Fabricado&#8221;, Senso Comum e Prov\u00edncia&#8230; \u201cOs intelectuais t\u00eam condi\u00e7\u00f5es de denunciar as mentiras dos governos e de analisar suas a\u00e7\u00f5es, suas causas e suas inten\u00e7\u00f5es escondidas. \u00c9 responsabilidade dos intelectuais dizer a verdade e denunciar as mentiras.\u201d ( Noam Chomsky \/ http:\/\/kdfrases.com) S\u00e9rgio Barbosa (*) O que se pode escrever sobre os resultados [&hellip;]<\/p>\n","protected":false},"author":3,"featured_media":17632,"comment_status":"closed","ping_status":"open","sticky":false,"template":"","format":"standard","meta":{"_acf_changed":false,"_exactmetrics_skip_tracking":false,"_exactmetrics_sitenote_active":false,"_exactmetrics_sitenote_note":"","_exactmetrics_sitenote_category":0,"footnotes":""},"categories":[59],"tags":[],"class_list":["post-17631","post","type-post","status-publish","format-standard","has-post-thumbnail","hentry","category-opiniao"],"acf":[],"yoast_head":"<!-- This site is optimized with the Yoast SEO plugin v27.2 - https:\/\/yoast.com\/product\/yoast-seo-wordpress\/ -->\n<title>Elei\u00e7\u00f5es, &quot;Consenso Fabricado&quot;, Senso Comum e Prov\u00edncia... - S\u00e9rgio Barbosa - Opini\u00e3o - R\u00e1dio Life FM<\/title>\n<meta name=\"robots\" content=\"index, follow, max-snippet:-1, max-image-preview:large, max-video-preview:-1\" \/>\n<link rel=\"canonical\" href=\"https:\/\/radiolifefm.com.br\/noticias\/eleicoes-consenso-fabricado-senso-comum-e-provincia-sergio-barbosa-opiniao\/\" \/>\n<meta property=\"og:locale\" content=\"pt_BR\" \/>\n<meta property=\"og:type\" content=\"article\" \/>\n<meta property=\"og:title\" content=\"Elei\u00e7\u00f5es, &quot;Consenso Fabricado&quot;, Senso Comum e Prov\u00edncia... - S\u00e9rgio Barbosa - Opini\u00e3o - R\u00e1dio Life FM\" \/>\n<meta property=\"og:description\" content=\"Elei\u00e7\u00f5es, &#8220;Consenso Fabricado&#8221;, Senso Comum e Prov\u00edncia&#8230; \u201cOs intelectuais t\u00eam condi\u00e7\u00f5es de denunciar as mentiras dos governos e de analisar suas a\u00e7\u00f5es, suas causas e suas inten\u00e7\u00f5es escondidas. \u00c9 responsabilidade dos intelectuais dizer a verdade e denunciar as mentiras.\u201d ( Noam Chomsky \/ http:\/\/kdfrases.com) S\u00e9rgio Barbosa (*) O que se pode escrever sobre os resultados [&hellip;]\" \/>\n<meta property=\"og:url\" content=\"https:\/\/radiolifefm.com.br\/noticias\/eleicoes-consenso-fabricado-senso-comum-e-provincia-sergio-barbosa-opiniao\/\" \/>\n<meta property=\"og:site_name\" content=\"R\u00e1dio Life FM\" \/>\n<meta property=\"article:publisher\" content=\"https:\/\/www.facebook.com\/radiolifefm\/\" \/>\n<meta property=\"article:published_time\" content=\"2019-10-30T21:38:20+00:00\" \/>\n<meta property=\"article:modified_time\" content=\"2026-04-19T00:12:50+00:00\" \/>\n<meta property=\"og:image\" content=\"https:\/\/radiolifefm.com.br\/noticias\/wp-content\/uploads\/2019\/10\/Sebar-5.jpg\" \/>\n\t<meta property=\"og:image:width\" content=\"1920\" \/>\n\t<meta property=\"og:image:height\" content=\"1080\" \/>\n\t<meta property=\"og:image:type\" content=\"image\/jpeg\" \/>\n<meta name=\"author\" content=\"lifefm\" \/>\n<meta name=\"twitter:card\" content=\"summary_large_image\" \/>\n<meta name=\"twitter:label1\" content=\"Escrito por\" \/>\n\t<meta name=\"twitter:data1\" content=\"lifefm\" \/>\n\t<meta name=\"twitter:label2\" content=\"Est. tempo de leitura\" \/>\n\t<meta name=\"twitter:data2\" content=\"3 minutos\" \/>\n<script type=\"application\/ld+json\" class=\"yoast-schema-graph\">{\"@context\":\"https:\/\/schema.org\",\"@graph\":[{\"@type\":\"Article\",\"@id\":\"https:\/\/radiolifefm.com.br\/noticias\/eleicoes-consenso-fabricado-senso-comum-e-provincia-sergio-barbosa-opiniao\/#article\",\"isPartOf\":{\"@id\":\"https:\/\/radiolifefm.com.br\/noticias\/eleicoes-consenso-fabricado-senso-comum-e-provincia-sergio-barbosa-opiniao\/\"},\"author\":{\"name\":\"lifefm\",\"@id\":\"https:\/\/radiolifefm.com.br\/noticias\/#\/schema\/person\/1d4e4b1301322090c6221bf1c8420490\"},\"headline\":\"Elei\u00e7\u00f5es, &#8220;Consenso Fabricado&#8221;, Senso Comum e Prov\u00edncia&#8230; &#8211; S\u00e9rgio Barbosa &#8211; Opini\u00e3o\",\"datePublished\":\"2019-10-30T21:38:20+00:00\",\"dateModified\":\"2026-04-19T00:12:50+00:00\",\"mainEntityOfPage\":{\"@id\":\"https:\/\/radiolifefm.com.br\/noticias\/eleicoes-consenso-fabricado-senso-comum-e-provincia-sergio-barbosa-opiniao\/\"},\"wordCount\":536,\"publisher\":{\"@id\":\"https:\/\/radiolifefm.com.br\/noticias\/#organization\"},\"image\":{\"@id\":\"https:\/\/radiolifefm.com.br\/noticias\/eleicoes-consenso-fabricado-senso-comum-e-provincia-sergio-barbosa-opiniao\/#primaryimage\"},\"thumbnailUrl\":\"https:\/\/radiolifefm.com.br\/noticias\/wp-content\/uploads\/2019\/10\/Sebar-5.jpg\",\"articleSection\":[\"Opini\u00e3o\"],\"inLanguage\":\"pt-BR\"},{\"@type\":\"WebPage\",\"@id\":\"https:\/\/radiolifefm.com.br\/noticias\/eleicoes-consenso-fabricado-senso-comum-e-provincia-sergio-barbosa-opiniao\/\",\"url\":\"https:\/\/radiolifefm.com.br\/noticias\/eleicoes-consenso-fabricado-senso-comum-e-provincia-sergio-barbosa-opiniao\/\",\"name\":\"Elei\u00e7\u00f5es, \\\"Consenso Fabricado\\\", Senso Comum e Prov\u00edncia... - S\u00e9rgio Barbosa - Opini\u00e3o - R\u00e1dio Life FM\",\"isPartOf\":{\"@id\":\"https:\/\/radiolifefm.com.br\/noticias\/#website\"},\"primaryImageOfPage\":{\"@id\":\"https:\/\/radiolifefm.com.br\/noticias\/eleicoes-consenso-fabricado-senso-comum-e-provincia-sergio-barbosa-opiniao\/#primaryimage\"},\"image\":{\"@id\":\"https:\/\/radiolifefm.com.br\/noticias\/eleicoes-consenso-fabricado-senso-comum-e-provincia-sergio-barbosa-opiniao\/#primaryimage\"},\"thumbnailUrl\":\"https:\/\/radiolifefm.com.br\/noticias\/wp-content\/uploads\/2019\/10\/Sebar-5.jpg\",\"datePublished\":\"2019-10-30T21:38:20+00:00\",\"dateModified\":\"2026-04-19T00:12:50+00:00\",\"breadcrumb\":{\"@id\":\"https:\/\/radiolifefm.com.br\/noticias\/eleicoes-consenso-fabricado-senso-comum-e-provincia-sergio-barbosa-opiniao\/#breadcrumb\"},\"inLanguage\":\"pt-BR\",\"potentialAction\":[{\"@type\":\"ReadAction\",\"target\":[\"https:\/\/radiolifefm.com.br\/noticias\/eleicoes-consenso-fabricado-senso-comum-e-provincia-sergio-barbosa-opiniao\/\"]}]},{\"@type\":\"ImageObject\",\"inLanguage\":\"pt-BR\",\"@id\":\"https:\/\/radiolifefm.com.br\/noticias\/eleicoes-consenso-fabricado-senso-comum-e-provincia-sergio-barbosa-opiniao\/#primaryimage\",\"url\":\"https:\/\/radiolifefm.com.br\/noticias\/wp-content\/uploads\/2019\/10\/Sebar-5.jpg\",\"contentUrl\":\"https:\/\/radiolifefm.com.br\/noticias\/wp-content\/uploads\/2019\/10\/Sebar-5.jpg\",\"width\":1920,\"height\":1080},{\"@type\":\"BreadcrumbList\",\"@id\":\"https:\/\/radiolifefm.com.br\/noticias\/eleicoes-consenso-fabricado-senso-comum-e-provincia-sergio-barbosa-opiniao\/#breadcrumb\",\"itemListElement\":[{\"@type\":\"ListItem\",\"position\":1,\"name\":\"In\u00edcio\",\"item\":\"https:\/\/radiolifefm.com.br\/noticias\/\"},{\"@type\":\"ListItem\",\"position\":2,\"name\":\"Elei\u00e7\u00f5es, &#8220;Consenso Fabricado&#8221;, Senso Comum e Prov\u00edncia&#8230; &#8211; S\u00e9rgio Barbosa &#8211; Opini\u00e3o\"}]},{\"@type\":\"WebSite\",\"@id\":\"https:\/\/radiolifefm.com.br\/noticias\/#website\",\"url\":\"https:\/\/radiolifefm.com.br\/noticias\/\",\"name\":\"R\u00e1dio Life FM\",\"description\":\"O Portal de Not\u00edcias de Adamantina\",\"publisher\":{\"@id\":\"https:\/\/radiolifefm.com.br\/noticias\/#organization\"},\"alternateName\":\"Life FM\",\"potentialAction\":[{\"@type\":\"SearchAction\",\"target\":{\"@type\":\"EntryPoint\",\"urlTemplate\":\"https:\/\/radiolifefm.com.br\/noticias\/?s={search_term_string}\"},\"query-input\":{\"@type\":\"PropertyValueSpecification\",\"valueRequired\":true,\"valueName\":\"search_term_string\"}}],\"inLanguage\":\"pt-BR\"},{\"@type\":\"Organization\",\"@id\":\"https:\/\/radiolifefm.com.br\/noticias\/#organization\",\"name\":\"R\u00e1dio Life FM\",\"alternateName\":\"Life FM\",\"url\":\"https:\/\/radiolifefm.com.br\/noticias\/\",\"logo\":{\"@type\":\"ImageObject\",\"inLanguage\":\"pt-BR\",\"@id\":\"https:\/\/radiolifefm.com.br\/noticias\/#\/schema\/logo\/image\/\",\"url\":\"https:\/\/static.radiolifefm.com.br\/noticias\/wp-content\/uploads\/2019\/10\/logo-lifefm.png\",\"contentUrl\":\"https:\/\/static.radiolifefm.com.br\/noticias\/wp-content\/uploads\/2019\/10\/logo-lifefm.png\",\"width\":196,\"height\":47,\"caption\":\"R\u00e1dio Life FM\"},\"image\":{\"@id\":\"https:\/\/radiolifefm.com.br\/noticias\/#\/schema\/logo\/image\/\"},\"sameAs\":[\"https:\/\/www.facebook.com\/radiolifefm\/\",\"https:\/\/www.instagram.com\/life1079fm\/\"]},{\"@type\":\"Person\",\"@id\":\"https:\/\/radiolifefm.com.br\/noticias\/#\/schema\/person\/1d4e4b1301322090c6221bf1c8420490\",\"name\":\"lifefm\",\"image\":{\"@type\":\"ImageObject\",\"inLanguage\":\"pt-BR\",\"@id\":\"https:\/\/secure.gravatar.com\/avatar\/eca268467d925ec97d20641bb054fd944c0abb2f92854171620706bbe6474e7c?s=96&d=mm&r=g\",\"url\":\"https:\/\/secure.gravatar.com\/avatar\/eca268467d925ec97d20641bb054fd944c0abb2f92854171620706bbe6474e7c?s=96&d=mm&r=g\",\"contentUrl\":\"https:\/\/secure.gravatar.com\/avatar\/eca268467d925ec97d20641bb054fd944c0abb2f92854171620706bbe6474e7c?s=96&d=mm&r=g\",\"caption\":\"lifefm\"}}]}<\/script>\n<!-- \/ Yoast SEO plugin. -->","yoast_head_json":{"title":"Elei\u00e7\u00f5es, \"Consenso Fabricado\", Senso Comum e Prov\u00edncia... - S\u00e9rgio Barbosa - Opini\u00e3o - R\u00e1dio Life FM","robots":{"index":"index","follow":"follow","max-snippet":"max-snippet:-1","max-image-preview":"max-image-preview:large","max-video-preview":"max-video-preview:-1"},"canonical":"https:\/\/radiolifefm.com.br\/noticias\/eleicoes-consenso-fabricado-senso-comum-e-provincia-sergio-barbosa-opiniao\/","og_locale":"pt_BR","og_type":"article","og_title":"Elei\u00e7\u00f5es, \"Consenso Fabricado\", Senso Comum e Prov\u00edncia... - S\u00e9rgio Barbosa - Opini\u00e3o - R\u00e1dio Life FM","og_description":"Elei\u00e7\u00f5es, &#8220;Consenso Fabricado&#8221;, Senso Comum e Prov\u00edncia&#8230; \u201cOs intelectuais t\u00eam condi\u00e7\u00f5es de denunciar as mentiras dos governos e de analisar suas a\u00e7\u00f5es, suas causas e suas inten\u00e7\u00f5es escondidas. \u00c9 responsabilidade dos intelectuais dizer a verdade e denunciar as mentiras.\u201d ( Noam Chomsky \/ http:\/\/kdfrases.com) S\u00e9rgio Barbosa (*) O que se pode escrever sobre os resultados [&hellip;]","og_url":"https:\/\/radiolifefm.com.br\/noticias\/eleicoes-consenso-fabricado-senso-comum-e-provincia-sergio-barbosa-opiniao\/","og_site_name":"R\u00e1dio Life FM","article_publisher":"https:\/\/www.facebook.com\/radiolifefm\/","article_published_time":"2019-10-30T21:38:20+00:00","article_modified_time":"2026-04-19T00:12:50+00:00","og_image":[{"width":1920,"height":1080,"url":"https:\/\/radiolifefm.com.br\/noticias\/wp-content\/uploads\/2019\/10\/Sebar-5.jpg","type":"image\/jpeg"}],"author":"lifefm","twitter_card":"summary_large_image","twitter_misc":{"Escrito por":"lifefm","Est. tempo de leitura":"3 minutos"},"schema":{"@context":"https:\/\/schema.org","@graph":[{"@type":"Article","@id":"https:\/\/radiolifefm.com.br\/noticias\/eleicoes-consenso-fabricado-senso-comum-e-provincia-sergio-barbosa-opiniao\/#article","isPartOf":{"@id":"https:\/\/radiolifefm.com.br\/noticias\/eleicoes-consenso-fabricado-senso-comum-e-provincia-sergio-barbosa-opiniao\/"},"author":{"name":"lifefm","@id":"https:\/\/radiolifefm.com.br\/noticias\/#\/schema\/person\/1d4e4b1301322090c6221bf1c8420490"},"headline":"Elei\u00e7\u00f5es, &#8220;Consenso Fabricado&#8221;, Senso Comum e Prov\u00edncia&#8230; &#8211; S\u00e9rgio Barbosa &#8211; Opini\u00e3o","datePublished":"2019-10-30T21:38:20+00:00","dateModified":"2026-04-19T00:12:50+00:00","mainEntityOfPage":{"@id":"https:\/\/radiolifefm.com.br\/noticias\/eleicoes-consenso-fabricado-senso-comum-e-provincia-sergio-barbosa-opiniao\/"},"wordCount":536,"publisher":{"@id":"https:\/\/radiolifefm.com.br\/noticias\/#organization"},"image":{"@id":"https:\/\/radiolifefm.com.br\/noticias\/eleicoes-consenso-fabricado-senso-comum-e-provincia-sergio-barbosa-opiniao\/#primaryimage"},"thumbnailUrl":"https:\/\/radiolifefm.com.br\/noticias\/wp-content\/uploads\/2019\/10\/Sebar-5.jpg","articleSection":["Opini\u00e3o"],"inLanguage":"pt-BR"},{"@type":"WebPage","@id":"https:\/\/radiolifefm.com.br\/noticias\/eleicoes-consenso-fabricado-senso-comum-e-provincia-sergio-barbosa-opiniao\/","url":"https:\/\/radiolifefm.com.br\/noticias\/eleicoes-consenso-fabricado-senso-comum-e-provincia-sergio-barbosa-opiniao\/","name":"Elei\u00e7\u00f5es, \"Consenso Fabricado\", Senso Comum e Prov\u00edncia... - S\u00e9rgio Barbosa - Opini\u00e3o - R\u00e1dio Life FM","isPartOf":{"@id":"https:\/\/radiolifefm.com.br\/noticias\/#website"},"primaryImageOfPage":{"@id":"https:\/\/radiolifefm.com.br\/noticias\/eleicoes-consenso-fabricado-senso-comum-e-provincia-sergio-barbosa-opiniao\/#primaryimage"},"image":{"@id":"https:\/\/radiolifefm.com.br\/noticias\/eleicoes-consenso-fabricado-senso-comum-e-provincia-sergio-barbosa-opiniao\/#primaryimage"},"thumbnailUrl":"https:\/\/radiolifefm.com.br\/noticias\/wp-content\/uploads\/2019\/10\/Sebar-5.jpg","datePublished":"2019-10-30T21:38:20+00:00","dateModified":"2026-04-19T00:12:50+00:00","breadcrumb":{"@id":"https:\/\/radiolifefm.com.br\/noticias\/eleicoes-consenso-fabricado-senso-comum-e-provincia-sergio-barbosa-opiniao\/#breadcrumb"},"inLanguage":"pt-BR","potentialAction":[{"@type":"ReadAction","target":["https:\/\/radiolifefm.com.br\/noticias\/eleicoes-consenso-fabricado-senso-comum-e-provincia-sergio-barbosa-opiniao\/"]}]},{"@type":"ImageObject","inLanguage":"pt-BR","@id":"https:\/\/radiolifefm.com.br\/noticias\/eleicoes-consenso-fabricado-senso-comum-e-provincia-sergio-barbosa-opiniao\/#primaryimage","url":"https:\/\/radiolifefm.com.br\/noticias\/wp-content\/uploads\/2019\/10\/Sebar-5.jpg","contentUrl":"https:\/\/radiolifefm.com.br\/noticias\/wp-content\/uploads\/2019\/10\/Sebar-5.jpg","width":1920,"height":1080},{"@type":"BreadcrumbList","@id":"https:\/\/radiolifefm.com.br\/noticias\/eleicoes-consenso-fabricado-senso-comum-e-provincia-sergio-barbosa-opiniao\/#breadcrumb","itemListElement":[{"@type":"ListItem","position":1,"name":"In\u00edcio","item":"https:\/\/radiolifefm.com.br\/noticias\/"},{"@type":"ListItem","position":2,"name":"Elei\u00e7\u00f5es, &#8220;Consenso Fabricado&#8221;, Senso Comum e Prov\u00edncia&#8230; &#8211; S\u00e9rgio Barbosa &#8211; Opini\u00e3o"}]},{"@type":"WebSite","@id":"https:\/\/radiolifefm.com.br\/noticias\/#website","url":"https:\/\/radiolifefm.com.br\/noticias\/","name":"R\u00e1dio Life FM","description":"O Portal de Not\u00edcias de Adamantina","publisher":{"@id":"https:\/\/radiolifefm.com.br\/noticias\/#organization"},"alternateName":"Life FM","potentialAction":[{"@type":"SearchAction","target":{"@type":"EntryPoint","urlTemplate":"https:\/\/radiolifefm.com.br\/noticias\/?s={search_term_string}"},"query-input":{"@type":"PropertyValueSpecification","valueRequired":true,"valueName":"search_term_string"}}],"inLanguage":"pt-BR"},{"@type":"Organization","@id":"https:\/\/radiolifefm.com.br\/noticias\/#organization","name":"R\u00e1dio Life FM","alternateName":"Life FM","url":"https:\/\/radiolifefm.com.br\/noticias\/","logo":{"@type":"ImageObject","inLanguage":"pt-BR","@id":"https:\/\/radiolifefm.com.br\/noticias\/#\/schema\/logo\/image\/","url":"https:\/\/static.radiolifefm.com.br\/noticias\/wp-content\/uploads\/2019\/10\/logo-lifefm.png","contentUrl":"https:\/\/static.radiolifefm.com.br\/noticias\/wp-content\/uploads\/2019\/10\/logo-lifefm.png","width":196,"height":47,"caption":"R\u00e1dio Life FM"},"image":{"@id":"https:\/\/radiolifefm.com.br\/noticias\/#\/schema\/logo\/image\/"},"sameAs":["https:\/\/www.facebook.com\/radiolifefm\/","https:\/\/www.instagram.com\/life1079fm\/"]},{"@type":"Person","@id":"https:\/\/radiolifefm.com.br\/noticias\/#\/schema\/person\/1d4e4b1301322090c6221bf1c8420490","name":"lifefm","image":{"@type":"ImageObject","inLanguage":"pt-BR","@id":"https:\/\/secure.gravatar.com\/avatar\/eca268467d925ec97d20641bb054fd944c0abb2f92854171620706bbe6474e7c?s=96&d=mm&r=g","url":"https:\/\/secure.gravatar.com\/avatar\/eca268467d925ec97d20641bb054fd944c0abb2f92854171620706bbe6474e7c?s=96&d=mm&r=g","contentUrl":"https:\/\/secure.gravatar.com\/avatar\/eca268467d925ec97d20641bb054fd944c0abb2f92854171620706bbe6474e7c?s=96&d=mm&r=g","caption":"lifefm"}}]}},"amp_enabled":true,"_links":{"self":[{"href":"https:\/\/radiolifefm.com.br\/noticias\/wp-json\/wp\/v2\/posts\/17631","targetHints":{"allow":["GET"]}}],"collection":[{"href":"https:\/\/radiolifefm.com.br\/noticias\/wp-json\/wp\/v2\/posts"}],"about":[{"href":"https:\/\/radiolifefm.com.br\/noticias\/wp-json\/wp\/v2\/types\/post"}],"author":[{"embeddable":true,"href":"https:\/\/radiolifefm.com.br\/noticias\/wp-json\/wp\/v2\/users\/3"}],"replies":[{"embeddable":true,"href":"https:\/\/radiolifefm.com.br\/noticias\/wp-json\/wp\/v2\/comments?post=17631"}],"version-history":[{"count":1,"href":"https:\/\/radiolifefm.com.br\/noticias\/wp-json\/wp\/v2\/posts\/17631\/revisions"}],"predecessor-version":[{"id":17637,"href":"https:\/\/radiolifefm.com.br\/noticias\/wp-json\/wp\/v2\/posts\/17631\/revisions\/17637"}],"wp:featuredmedia":[{"embeddable":true,"href":"https:\/\/radiolifefm.com.br\/noticias\/wp-json\/wp\/v2\/media\/17632"}],"wp:attachment":[{"href":"https:\/\/radiolifefm.com.br\/noticias\/wp-json\/wp\/v2\/media?parent=17631"}],"wp:term":[{"taxonomy":"category","embeddable":true,"href":"https:\/\/radiolifefm.com.br\/noticias\/wp-json\/wp\/v2\/categories?post=17631"},{"taxonomy":"post_tag","embeddable":true,"href":"https:\/\/radiolifefm.com.br\/noticias\/wp-json\/wp\/v2\/tags?post=17631"}],"curies":[{"name":"wp","href":"https:\/\/api.w.org\/{rel}","templated":true}]}}