{"id":17414,"date":"2019-10-23T18:42:13","date_gmt":"2019-10-23T21:42:13","guid":{"rendered":"https:\/\/radiolifefm.com.br\/noticias\/?p=17414"},"modified":"2026-04-24T09:23:46","modified_gmt":"2026-04-24T12:23:46","slug":"policia-rodoviaria-localiza-caminhao-furtado-em-regente-feijo","status":"publish","type":"post","link":"https:\/\/radiolifefm.com.br\/noticias\/policia-rodoviaria-localiza-caminhao-furtado-em-regente-feijo\/","title":{"rendered":"Pol\u00edcia Rodovi\u00e1ria localiza caminh\u00e3o furtado em Regente Feij\u00f3"},"content":{"rendered":"<div id=\"fb-root\"><\/div>\n<p><em>Registrada ocorr\u00eancia de ve\u00edculo localizado, produto de furto<\/em><\/p>\n<p>Na manh\u00e3 desta ter\u00e7a-feira (22), equipes do Policiamento Rodovi\u00e1rio, durante patrulhamento, localizaram um caminh\u00e3o com queixa de furto.<\/p>\n<p>O ve\u00edculo, furtado ainda na madrugada desta segunda-feira, no munic\u00edpio de Pirapozinho, no interior de um estabelecimento comercial, foi localizado pela equipe as margens da Rodovia Raposo Tavares.<\/p>\n<p>Depois de registrado os fatos junto \u00e0 unidade da Pol\u00edcia Civil no munic\u00edpio de Pirapozinho, o ve\u00edculo foi devolvido ao atual detentor.<\/p>\n<p>&nbsp;<\/p>\n<p>Informa\u00e7\u00f5es &#8211; Pol\u00edcia Rodovi\u00e1ria<\/p>\n","protected":false},"excerpt":{"rendered":"<p>Registrada ocorr\u00eancia de ve\u00edculo localizado, produto de furto Na manh\u00e3 desta ter\u00e7a-feira (22), equipes do Policiamento Rodovi\u00e1rio, durante patrulhamento, localizaram um caminh\u00e3o com queixa de furto. O ve\u00edculo, furtado ainda na madrugada desta segunda-feira, no munic\u00edpio de Pirapozinho, no interior de um estabelecimento comercial, foi localizado pela equipe as margens da Rodovia Raposo Tavares. Depois [&hellip;]<\/p>\n","protected":false},"author":3,"featured_media":17416,"comment_status":"closed","ping_status":"open","sticky":false,"template":"","format":"standard","meta":{"_acf_changed":false,"_exactmetrics_skip_tracking":false,"_exactmetrics_sitenote_active":false,"_exactmetrics_sitenote_note":"","_exactmetrics_sitenote_category":0,"footnotes":""},"categories":[24],"tags":[],"class_list":["post-17414","post","type-post","status-publish","format-standard","has-post-thumbnail","hentry","category-regiao"],"acf":[],"yoast_head":"<!-- This site is optimized with the Yoast SEO plugin v27.2 - https:\/\/yoast.com\/product\/yoast-seo-wordpress\/ -->\n<title>Pol\u00edcia Rodovi\u00e1ria localiza caminh\u00e3o furtado em Regente Feij\u00f3 - R\u00e1dio Life FM<\/title>\n<meta name=\"robots\" content=\"index, follow, max-snippet:-1, max-image-preview:large, max-video-preview:-1\" \/>\n<link rel=\"canonical\" href=\"https:\/\/radiolifefm.com.br\/noticias\/policia-rodoviaria-localiza-caminhao-furtado-em-regente-feijo\/\" \/>\n<meta property=\"og:locale\" content=\"pt_BR\" \/>\n<meta property=\"og:type\" content=\"article\" \/>\n<meta property=\"og:title\" content=\"Pol\u00edcia Rodovi\u00e1ria localiza caminh\u00e3o furtado em Regente Feij\u00f3 - R\u00e1dio Life FM\" \/>\n<meta property=\"og:description\" content=\"Registrada ocorr\u00eancia de ve\u00edculo localizado, produto de furto Na manh\u00e3 desta ter\u00e7a-feira (22), equipes do Policiamento Rodovi\u00e1rio, durante patrulhamento, localizaram um caminh\u00e3o com queixa de furto. O ve\u00edculo, furtado ainda na madrugada desta segunda-feira, no munic\u00edpio de Pirapozinho, no interior de um estabelecimento comercial, foi localizado pela equipe as margens da Rodovia Raposo Tavares. Depois [&hellip;]\" \/>\n<meta property=\"og:url\" content=\"https:\/\/radiolifefm.com.br\/noticias\/policia-rodoviaria-localiza-caminhao-furtado-em-regente-feijo\/\" \/>\n<meta property=\"og:site_name\" content=\"R\u00e1dio Life FM\" \/>\n<meta property=\"article:publisher\" content=\"https:\/\/www.facebook.com\/radiolifefm\/\" \/>\n<meta property=\"article:published_time\" content=\"2019-10-23T21:42:13+00:00\" \/>\n<meta property=\"article:modified_time\" content=\"2026-04-24T12:23:46+00:00\" \/>\n<meta property=\"og:image\" content=\"https:\/\/radiolifefm.com.br\/noticias\/wp-content\/uploads\/2019\/10\/CAminh\u00e3o-roubado-1.jpg\" \/>\n\t<meta property=\"og:image:width\" content=\"1280\" \/>\n\t<meta property=\"og:image:height\" content=\"541\" \/>\n\t<meta property=\"og:image:type\" content=\"image\/jpeg\" \/>\n<meta name=\"author\" content=\"lifefm\" \/>\n<meta name=\"twitter:card\" content=\"summary_large_image\" \/>\n<meta name=\"twitter:label1\" content=\"Escrito por\" \/>\n\t<meta name=\"twitter:data1\" content=\"lifefm\" \/>\n<script type=\"application\/ld+json\" class=\"yoast-schema-graph\">{\"@context\":\"https:\/\/schema.org\",\"@graph\":[{\"@type\":\"Article\",\"@id\":\"https:\/\/radiolifefm.com.br\/noticias\/policia-rodoviaria-localiza-caminhao-furtado-em-regente-feijo\/#article\",\"isPartOf\":{\"@id\":\"https:\/\/radiolifefm.com.br\/noticias\/policia-rodoviaria-localiza-caminhao-furtado-em-regente-feijo\/\"},\"author\":{\"name\":\"lifefm\",\"@id\":\"https:\/\/radiolifefm.com.br\/noticias\/#\/schema\/person\/1d4e4b1301322090c6221bf1c8420490\"},\"headline\":\"Pol\u00edcia Rodovi\u00e1ria localiza caminh\u00e3o furtado em Regente Feij\u00f3\",\"datePublished\":\"2019-10-23T21:42:13+00:00\",\"dateModified\":\"2026-04-24T12:23:46+00:00\",\"mainEntityOfPage\":{\"@id\":\"https:\/\/radiolifefm.com.br\/noticias\/policia-rodoviaria-localiza-caminhao-furtado-em-regente-feijo\/\"},\"wordCount\":103,\"publisher\":{\"@id\":\"https:\/\/radiolifefm.com.br\/noticias\/#organization\"},\"image\":{\"@id\":\"https:\/\/radiolifefm.com.br\/noticias\/policia-rodoviaria-localiza-caminhao-furtado-em-regente-feijo\/#primaryimage\"},\"thumbnailUrl\":\"https:\/\/radiolifefm.com.br\/noticias\/wp-content\/uploads\/2019\/10\/CAminh\u00e3o-roubado-1.jpg\",\"articleSection\":[\"Regi\u00e3o\"],\"inLanguage\":\"pt-BR\"},{\"@type\":\"WebPage\",\"@id\":\"https:\/\/radiolifefm.com.br\/noticias\/policia-rodoviaria-localiza-caminhao-furtado-em-regente-feijo\/\",\"url\":\"https:\/\/radiolifefm.com.br\/noticias\/policia-rodoviaria-localiza-caminhao-furtado-em-regente-feijo\/\",\"name\":\"Pol\u00edcia Rodovi\u00e1ria localiza caminh\u00e3o furtado em Regente Feij\u00f3 - R\u00e1dio Life FM\",\"isPartOf\":{\"@id\":\"https:\/\/radiolifefm.com.br\/noticias\/#website\"},\"primaryImageOfPage\":{\"@id\":\"https:\/\/radiolifefm.com.br\/noticias\/policia-rodoviaria-localiza-caminhao-furtado-em-regente-feijo\/#primaryimage\"},\"image\":{\"@id\":\"https:\/\/radiolifefm.com.br\/noticias\/policia-rodoviaria-localiza-caminhao-furtado-em-regente-feijo\/#primaryimage\"},\"thumbnailUrl\":\"https:\/\/radiolifefm.com.br\/noticias\/wp-content\/uploads\/2019\/10\/CAminh\u00e3o-roubado-1.jpg\",\"datePublished\":\"2019-10-23T21:42:13+00:00\",\"dateModified\":\"2026-04-24T12:23:46+00:00\",\"breadcrumb\":{\"@id\":\"https:\/\/radiolifefm.com.br\/noticias\/policia-rodoviaria-localiza-caminhao-furtado-em-regente-feijo\/#breadcrumb\"},\"inLanguage\":\"pt-BR\",\"potentialAction\":[{\"@type\":\"ReadAction\",\"target\":[\"https:\/\/radiolifefm.com.br\/noticias\/policia-rodoviaria-localiza-caminhao-furtado-em-regente-feijo\/\"]}]},{\"@type\":\"ImageObject\",\"inLanguage\":\"pt-BR\",\"@id\":\"https:\/\/radiolifefm.com.br\/noticias\/policia-rodoviaria-localiza-caminhao-furtado-em-regente-feijo\/#primaryimage\",\"url\":\"https:\/\/radiolifefm.com.br\/noticias\/wp-content\/uploads\/2019\/10\/CAminh\u00e3o-roubado-1.jpg\",\"contentUrl\":\"https:\/\/radiolifefm.com.br\/noticias\/wp-content\/uploads\/2019\/10\/CAminh\u00e3o-roubado-1.jpg\",\"width\":1280,\"height\":541},{\"@type\":\"BreadcrumbList\",\"@id\":\"https:\/\/radiolifefm.com.br\/noticias\/policia-rodoviaria-localiza-caminhao-furtado-em-regente-feijo\/#breadcrumb\",\"itemListElement\":[{\"@type\":\"ListItem\",\"position\":1,\"name\":\"In\u00edcio\",\"item\":\"https:\/\/radiolifefm.com.br\/noticias\/\"},{\"@type\":\"ListItem\",\"position\":2,\"name\":\"Pol\u00edcia Rodovi\u00e1ria localiza caminh\u00e3o furtado em Regente Feij\u00f3\"}]},{\"@type\":\"WebSite\",\"@id\":\"https:\/\/radiolifefm.com.br\/noticias\/#website\",\"url\":\"https:\/\/radiolifefm.com.br\/noticias\/\",\"name\":\"R\u00e1dio Life FM\",\"description\":\"O Portal de Not\u00edcias de Adamantina\",\"publisher\":{\"@id\":\"https:\/\/radiolifefm.com.br\/noticias\/#organization\"},\"alternateName\":\"Life FM\",\"potentialAction\":[{\"@type\":\"SearchAction\",\"target\":{\"@type\":\"EntryPoint\",\"urlTemplate\":\"https:\/\/radiolifefm.com.br\/noticias\/?s={search_term_string}\"},\"query-input\":{\"@type\":\"PropertyValueSpecification\",\"valueRequired\":true,\"valueName\":\"search_term_string\"}}],\"inLanguage\":\"pt-BR\"},{\"@type\":\"Organization\",\"@id\":\"https:\/\/radiolifefm.com.br\/noticias\/#organization\",\"name\":\"R\u00e1dio Life FM\",\"alternateName\":\"Life FM\",\"url\":\"https:\/\/radiolifefm.com.br\/noticias\/\",\"logo\":{\"@type\":\"ImageObject\",\"inLanguage\":\"pt-BR\",\"@id\":\"https:\/\/radiolifefm.com.br\/noticias\/#\/schema\/logo\/image\/\",\"url\":\"https:\/\/static.radiolifefm.com.br\/noticias\/wp-content\/uploads\/2019\/10\/logo-lifefm.png\",\"contentUrl\":\"https:\/\/static.radiolifefm.com.br\/noticias\/wp-content\/uploads\/2019\/10\/logo-lifefm.png\",\"width\":196,\"height\":47,\"caption\":\"R\u00e1dio Life FM\"},\"image\":{\"@id\":\"https:\/\/radiolifefm.com.br\/noticias\/#\/schema\/logo\/image\/\"},\"sameAs\":[\"https:\/\/www.facebook.com\/radiolifefm\/\",\"https:\/\/www.instagram.com\/life1079fm\/\"]},{\"@type\":\"Person\",\"@id\":\"https:\/\/radiolifefm.com.br\/noticias\/#\/schema\/person\/1d4e4b1301322090c6221bf1c8420490\",\"name\":\"lifefm\",\"image\":{\"@type\":\"ImageObject\",\"inLanguage\":\"pt-BR\",\"@id\":\"https:\/\/secure.gravatar.com\/avatar\/eca268467d925ec97d20641bb054fd944c0abb2f92854171620706bbe6474e7c?s=96&d=mm&r=g\",\"url\":\"https:\/\/secure.gravatar.com\/avatar\/eca268467d925ec97d20641bb054fd944c0abb2f92854171620706bbe6474e7c?s=96&d=mm&r=g\",\"contentUrl\":\"https:\/\/secure.gravatar.com\/avatar\/eca268467d925ec97d20641bb054fd944c0abb2f92854171620706bbe6474e7c?s=96&d=mm&r=g\",\"caption\":\"lifefm\"}}]}<\/script>\n<!-- \/ Yoast SEO plugin. -->","yoast_head_json":{"title":"Pol\u00edcia Rodovi\u00e1ria localiza caminh\u00e3o furtado em Regente Feij\u00f3 - R\u00e1dio Life FM","robots":{"index":"index","follow":"follow","max-snippet":"max-snippet:-1","max-image-preview":"max-image-preview:large","max-video-preview":"max-video-preview:-1"},"canonical":"https:\/\/radiolifefm.com.br\/noticias\/policia-rodoviaria-localiza-caminhao-furtado-em-regente-feijo\/","og_locale":"pt_BR","og_type":"article","og_title":"Pol\u00edcia Rodovi\u00e1ria localiza caminh\u00e3o furtado em Regente Feij\u00f3 - R\u00e1dio Life FM","og_description":"Registrada ocorr\u00eancia de ve\u00edculo localizado, produto de furto Na manh\u00e3 desta ter\u00e7a-feira (22), equipes do Policiamento Rodovi\u00e1rio, durante patrulhamento, localizaram um caminh\u00e3o com queixa de furto. O ve\u00edculo, furtado ainda na madrugada desta segunda-feira, no munic\u00edpio de Pirapozinho, no interior de um estabelecimento comercial, foi localizado pela equipe as margens da Rodovia Raposo Tavares. Depois [&hellip;]","og_url":"https:\/\/radiolifefm.com.br\/noticias\/policia-rodoviaria-localiza-caminhao-furtado-em-regente-feijo\/","og_site_name":"R\u00e1dio Life FM","article_publisher":"https:\/\/www.facebook.com\/radiolifefm\/","article_published_time":"2019-10-23T21:42:13+00:00","article_modified_time":"2026-04-24T12:23:46+00:00","og_image":[{"width":1280,"height":541,"url":"https:\/\/radiolifefm.com.br\/noticias\/wp-content\/uploads\/2019\/10\/CAminh\u00e3o-roubado-1.jpg","type":"image\/jpeg"}],"author":"lifefm","twitter_card":"summary_large_image","twitter_misc":{"Escrito por":"lifefm"},"schema":{"@context":"https:\/\/schema.org","@graph":[{"@type":"Article","@id":"https:\/\/radiolifefm.com.br\/noticias\/policia-rodoviaria-localiza-caminhao-furtado-em-regente-feijo\/#article","isPartOf":{"@id":"https:\/\/radiolifefm.com.br\/noticias\/policia-rodoviaria-localiza-caminhao-furtado-em-regente-feijo\/"},"author":{"name":"lifefm","@id":"https:\/\/radiolifefm.com.br\/noticias\/#\/schema\/person\/1d4e4b1301322090c6221bf1c8420490"},"headline":"Pol\u00edcia Rodovi\u00e1ria localiza caminh\u00e3o furtado em Regente Feij\u00f3","datePublished":"2019-10-23T21:42:13+00:00","dateModified":"2026-04-24T12:23:46+00:00","mainEntityOfPage":{"@id":"https:\/\/radiolifefm.com.br\/noticias\/policia-rodoviaria-localiza-caminhao-furtado-em-regente-feijo\/"},"wordCount":103,"publisher":{"@id":"https:\/\/radiolifefm.com.br\/noticias\/#organization"},"image":{"@id":"https:\/\/radiolifefm.com.br\/noticias\/policia-rodoviaria-localiza-caminhao-furtado-em-regente-feijo\/#primaryimage"},"thumbnailUrl":"https:\/\/radiolifefm.com.br\/noticias\/wp-content\/uploads\/2019\/10\/CAminh\u00e3o-roubado-1.jpg","articleSection":["Regi\u00e3o"],"inLanguage":"pt-BR"},{"@type":"WebPage","@id":"https:\/\/radiolifefm.com.br\/noticias\/policia-rodoviaria-localiza-caminhao-furtado-em-regente-feijo\/","url":"https:\/\/radiolifefm.com.br\/noticias\/policia-rodoviaria-localiza-caminhao-furtado-em-regente-feijo\/","name":"Pol\u00edcia Rodovi\u00e1ria localiza caminh\u00e3o furtado em Regente Feij\u00f3 - R\u00e1dio Life FM","isPartOf":{"@id":"https:\/\/radiolifefm.com.br\/noticias\/#website"},"primaryImageOfPage":{"@id":"https:\/\/radiolifefm.com.br\/noticias\/policia-rodoviaria-localiza-caminhao-furtado-em-regente-feijo\/#primaryimage"},"image":{"@id":"https:\/\/radiolifefm.com.br\/noticias\/policia-rodoviaria-localiza-caminhao-furtado-em-regente-feijo\/#primaryimage"},"thumbnailUrl":"https:\/\/radiolifefm.com.br\/noticias\/wp-content\/uploads\/2019\/10\/CAminh\u00e3o-roubado-1.jpg","datePublished":"2019-10-23T21:42:13+00:00","dateModified":"2026-04-24T12:23:46+00:00","breadcrumb":{"@id":"https:\/\/radiolifefm.com.br\/noticias\/policia-rodoviaria-localiza-caminhao-furtado-em-regente-feijo\/#breadcrumb"},"inLanguage":"pt-BR","potentialAction":[{"@type":"ReadAction","target":["https:\/\/radiolifefm.com.br\/noticias\/policia-rodoviaria-localiza-caminhao-furtado-em-regente-feijo\/"]}]},{"@type":"ImageObject","inLanguage":"pt-BR","@id":"https:\/\/radiolifefm.com.br\/noticias\/policia-rodoviaria-localiza-caminhao-furtado-em-regente-feijo\/#primaryimage","url":"https:\/\/radiolifefm.com.br\/noticias\/wp-content\/uploads\/2019\/10\/CAminh\u00e3o-roubado-1.jpg","contentUrl":"https:\/\/radiolifefm.com.br\/noticias\/wp-content\/uploads\/2019\/10\/CAminh\u00e3o-roubado-1.jpg","width":1280,"height":541},{"@type":"BreadcrumbList","@id":"https:\/\/radiolifefm.com.br\/noticias\/policia-rodoviaria-localiza-caminhao-furtado-em-regente-feijo\/#breadcrumb","itemListElement":[{"@type":"ListItem","position":1,"name":"In\u00edcio","item":"https:\/\/radiolifefm.com.br\/noticias\/"},{"@type":"ListItem","position":2,"name":"Pol\u00edcia Rodovi\u00e1ria localiza caminh\u00e3o furtado em Regente Feij\u00f3"}]},{"@type":"WebSite","@id":"https:\/\/radiolifefm.com.br\/noticias\/#website","url":"https:\/\/radiolifefm.com.br\/noticias\/","name":"R\u00e1dio Life FM","description":"O Portal de Not\u00edcias de Adamantina","publisher":{"@id":"https:\/\/radiolifefm.com.br\/noticias\/#organization"},"alternateName":"Life FM","potentialAction":[{"@type":"SearchAction","target":{"@type":"EntryPoint","urlTemplate":"https:\/\/radiolifefm.com.br\/noticias\/?s={search_term_string}"},"query-input":{"@type":"PropertyValueSpecification","valueRequired":true,"valueName":"search_term_string"}}],"inLanguage":"pt-BR"},{"@type":"Organization","@id":"https:\/\/radiolifefm.com.br\/noticias\/#organization","name":"R\u00e1dio Life FM","alternateName":"Life FM","url":"https:\/\/radiolifefm.com.br\/noticias\/","logo":{"@type":"ImageObject","inLanguage":"pt-BR","@id":"https:\/\/radiolifefm.com.br\/noticias\/#\/schema\/logo\/image\/","url":"https:\/\/static.radiolifefm.com.br\/noticias\/wp-content\/uploads\/2019\/10\/logo-lifefm.png","contentUrl":"https:\/\/static.radiolifefm.com.br\/noticias\/wp-content\/uploads\/2019\/10\/logo-lifefm.png","width":196,"height":47,"caption":"R\u00e1dio Life FM"},"image":{"@id":"https:\/\/radiolifefm.com.br\/noticias\/#\/schema\/logo\/image\/"},"sameAs":["https:\/\/www.facebook.com\/radiolifefm\/","https:\/\/www.instagram.com\/life1079fm\/"]},{"@type":"Person","@id":"https:\/\/radiolifefm.com.br\/noticias\/#\/schema\/person\/1d4e4b1301322090c6221bf1c8420490","name":"lifefm","image":{"@type":"ImageObject","inLanguage":"pt-BR","@id":"https:\/\/secure.gravatar.com\/avatar\/eca268467d925ec97d20641bb054fd944c0abb2f92854171620706bbe6474e7c?s=96&d=mm&r=g","url":"https:\/\/secure.gravatar.com\/avatar\/eca268467d925ec97d20641bb054fd944c0abb2f92854171620706bbe6474e7c?s=96&d=mm&r=g","contentUrl":"https:\/\/secure.gravatar.com\/avatar\/eca268467d925ec97d20641bb054fd944c0abb2f92854171620706bbe6474e7c?s=96&d=mm&r=g","caption":"lifefm"}}]}},"amp_enabled":true,"_links":{"self":[{"href":"https:\/\/radiolifefm.com.br\/noticias\/wp-json\/wp\/v2\/posts\/17414","targetHints":{"allow":["GET"]}}],"collection":[{"href":"https:\/\/radiolifefm.com.br\/noticias\/wp-json\/wp\/v2\/posts"}],"about":[{"href":"https:\/\/radiolifefm.com.br\/noticias\/wp-json\/wp\/v2\/types\/post"}],"author":[{"embeddable":true,"href":"https:\/\/radiolifefm.com.br\/noticias\/wp-json\/wp\/v2\/users\/3"}],"replies":[{"embeddable":true,"href":"https:\/\/radiolifefm.com.br\/noticias\/wp-json\/wp\/v2\/comments?post=17414"}],"version-history":[{"count":1,"href":"https:\/\/radiolifefm.com.br\/noticias\/wp-json\/wp\/v2\/posts\/17414\/revisions"}],"predecessor-version":[{"id":17417,"href":"https:\/\/radiolifefm.com.br\/noticias\/wp-json\/wp\/v2\/posts\/17414\/revisions\/17417"}],"wp:featuredmedia":[{"embeddable":true,"href":"https:\/\/radiolifefm.com.br\/noticias\/wp-json\/wp\/v2\/media\/17416"}],"wp:attachment":[{"href":"https:\/\/radiolifefm.com.br\/noticias\/wp-json\/wp\/v2\/media?parent=17414"}],"wp:term":[{"taxonomy":"category","embeddable":true,"href":"https:\/\/radiolifefm.com.br\/noticias\/wp-json\/wp\/v2\/categories?post=17414"},{"taxonomy":"post_tag","embeddable":true,"href":"https:\/\/radiolifefm.com.br\/noticias\/wp-json\/wp\/v2\/tags?post=17414"}],"curies":[{"name":"wp","href":"https:\/\/api.w.org\/{rel}","templated":true}]}}