{"id":17379,"date":"2019-10-23T18:08:02","date_gmt":"2019-10-23T21:08:02","guid":{"rendered":"https:\/\/radiolifefm.com.br\/noticias\/?p=17379"},"modified":"2026-02-04T09:25:53","modified_gmt":"2026-02-04T12:25:53","slug":"da-serie-pacientes-da-fisioclinica-e-ai-mano-e-ai-linda-sergio-barbosa-opiniao","status":"publish","type":"post","link":"https:\/\/radiolifefm.com.br\/noticias\/da-serie-pacientes-da-fisioclinica-e-ai-mano-e-ai-linda-sergio-barbosa-opiniao\/","title":{"rendered":"Da S\u00e9rie PACIENTES DA FISIOCL\u00cdNICA&#8230; \u201cE A\u00cd MANO? E A\u00cd LINDA? &#8211; S\u00e9rgio Barbosa &#8211; Opini\u00e3o"},"content":{"rendered":"<div id=\"fb-root\"><\/div>\n<p><strong>Da S\u00e9rie PACIENTES DA FISIOCL\u00cdNICA&#8230; \u201cE A\u00cd MANO? E A\u00cd LINDA?<\/strong><\/p>\n<p><em>\u201cPermita-se rir e conhecer outros cora\u00e7\u00f5es. Aprenda a viver, aprenda a amar as pessoas com solidariedade, aprenda a fazer coisas boas, aprenda a ajudar os outros, aprenda a viver sua pr\u00f3pria vida.\u201d (Mario Quintana)<\/em><br \/>\n<em>S\u00e9rgio Barbosa (*)<\/em><\/p>\n<p>Confesso que marcar presen\u00e7a quatro vezes por semana nas atividades da FISIOCL\u00cdNICA proporciona muitas observa\u00e7\u00f5es por meio das trocas de olhares e assim por diante&#8230;<\/p>\n<p>Nestes desencontros quase di\u00e1rios, tendo em vista que s\u00e3o quatro manh\u00e3s no local para atendimentos na cardiorrespirat\u00f3ria e gerontologia, ainda, antes de entrar ou na sa\u00edda das respectivas sess\u00f5es com as\/os estagi\u00e1rias\/os, como sempre, n\u00e3o tem como deixar de observar este ou aquele outro PACIENTE&#8230;<\/p>\n<p>Assim, pode-se escrever que o GEORGES sabe como marcar presen\u00e7a na sua chegada ao local e tamb\u00e9m, quando est\u00e1 de sa\u00edda, tendo em vista o seu \u201cjeito de ser e estar\u201d com o seu \u201candador\u201d&#8230;<\/p>\n<p>O mesmo tem um nome que faz a diferen\u00e7a, a saber: GEORGES WASHINGTON DIAS FERNANDES DE SOUZA, 33 anos, solteiro e namorando a ROSA&#8230;<\/p>\n<p>Al\u00e9m do mais e sem menos neste caso, GEORGES est\u00e1 sempre sorridente e com suas sauda\u00e7\u00f5es para os dois lados, ou seja, para as MULHERES vale um \u201cE A\u00cd LINDA?\u201d e para o outro lado, \u201cE A\u00cd MANO?\u201d<\/p>\n<p>Natural e residente em LUC\u00c9LIA, o mesmo frequenta nesta cidade o PROJETO CAPS para diversas atividades visando a sua recupera\u00e7\u00e3o, bem como, buscando estar em sintonia com outras pessoas&#8230;<\/p>\n<p>GEORGES est\u00e1 sempre repassando a sua alegria e o seu jeito de viver, sendo assim, tamb\u00e9m \u00e9 autor do livro, VIVENDO E APRENDENDO em fase de revis\u00e3o para publica\u00e7\u00e3o&#8230;<\/p>\n<p>Isso sem escrever que o mesmo tem um canal de interatividade no YOUTUBE (Georges Dias) e sempre que poss\u00edvel marca presen\u00e7a no HOT DOG DA MISLENE na sua cidade, sendo que transita pela cidade com o seu TRICICLO EL\u00c9TRICO para muitas idas e vindas com a sua turma de sempre&#8230;<\/p>\n<p>Quando est\u00e1 em sua casa, GEORGES faz exerc\u00edcios na BARRA para fortalecimento e reside com a m\u00e3e, DONA MARIA HELENA DIAS, tamb\u00e9m, a fam\u00edlia \u00e9 grande e formada pelos irm\u00e3os, CHARLENE, FLORENCE, IURI, GISE E DENISE, al\u00e9m das sobrinhas, NADJA E GEOVANNA&#8230;<\/p>\n<p>O pai \u00e9 o SR. JOS\u00c9 CARLOS e pode-se perceber que GEORGES estava com um \u201cbrilho nos olhos\u201d quando apresentou a sua fam\u00edlia, tamb\u00e9m, solicitou que escrevesse o seu RESPEITO PELAS PESSOAS e sempre que poss\u00edvel, organizando e participando de CAMPANHAS PARA AJUDAR OUTRAS PESSOAS&#8230;<\/p>\n<p>Frequenta o CENTRO ESP\u00cdRITA \u201cCLUBE DAS M\u00c3ES\u201d, aprecia esportes em geral e \u00e9 torcedor do CORINTIANS, por\u00e9m, refor\u00e7ou que n\u00e3o \u00e9 fan\u00e1tico&#8230;<\/p>\n<p>Outro detalhe quanto ao GEORGES, \u00e9 que o mesmo na CAPOEIRA tem o apelido de CHAPOLIN por causa das quedas, ainda, f\u00e3 da cantora italiana LAURA PAUSINI e da dupla THAEME E TIAGO&#8230;<\/p>\n<p>N\u00e3o se pode deixar de registrar o carinho e o respeito que GEORGES demonstrou ao falar sobre o atendimento da FISICOL\u00cdNICA na sua recupera\u00e7\u00e3o e refor\u00e7ou a import\u00e2ncia no seu tratamento, sendo que nestas \u00faltimas cinco semanas foram atendidas pela estagi\u00e1ria \u201cBEATRIZ\u201d&#8230;<\/p>\n<p>QUEM CONHCE O \u201cGEORGES\u201d SABE DISTO E MAIS AQUILO&#8230;<\/p>\n<div class='flex flex-wrap items-center -mx-1'>\r\n<a class='thumbnail gallery p-1 w-1\/2 md:w-1\/4' href='https:\/\/radiolifefm.com.br\/noticias\/wp-content\/uploads\/2019\/10\/SEBAR.jpg'><img class='border border-white' src='https:\/\/radiolifefm.com.br\/noticias\/wp-content\/uploads\/2019\/10\/SEBAR-200x200.jpg' alt='SEBAR' \/><\/a><a class='thumbnail gallery p-1 w-1\/2 md:w-1\/4' href='https:\/\/radiolifefm.com.br\/noticias\/wp-content\/uploads\/2019\/10\/SEBAR-2.jpg'><img class='border border-white' src='https:\/\/radiolifefm.com.br\/noticias\/wp-content\/uploads\/2019\/10\/SEBAR-2-200x200.jpg' alt='SEBAR   2' \/><\/a><a class='thumbnail gallery p-1 w-1\/2 md:w-1\/4' href='https:\/\/radiolifefm.com.br\/noticias\/wp-content\/uploads\/2019\/10\/SEBAR-3.jpg'><img class='border border-white' src='https:\/\/radiolifefm.com.br\/noticias\/wp-content\/uploads\/2019\/10\/SEBAR-3-200x200.jpg' alt='SEBAR   3' \/><\/a><a class='thumbnail gallery p-1 w-1\/2 md:w-1\/4' href='https:\/\/radiolifefm.com.br\/noticias\/wp-content\/uploads\/2019\/10\/SEBAR-4.jpg'><img class='border border-white' src='https:\/\/radiolifefm.com.br\/noticias\/wp-content\/uploads\/2019\/10\/SEBAR-4-200x200.jpg' alt='SEBAR   4' \/><\/a><a class='thumbnail gallery p-1 w-1\/2 md:w-1\/4' href='https:\/\/radiolifefm.com.br\/noticias\/wp-content\/uploads\/2019\/10\/SEBAR-5.jpg'><img class='border border-white' src='https:\/\/radiolifefm.com.br\/noticias\/wp-content\/uploads\/2019\/10\/SEBAR-5-200x200.jpg' alt='SEBAR   5' \/><\/a><\/div>\n<p>&nbsp;<\/p>\n<p>_____________________________<br \/>\n(*) Jornalista diplomado e paciente da FISIOCL\u00cdNICA das PAREDES ALVAS!<\/p>\n","protected":false},"excerpt":{"rendered":"<p>Da S\u00e9rie PACIENTES DA FISIOCL\u00cdNICA&#8230; \u201cE A\u00cd MANO? E A\u00cd LINDA? \u201cPermita-se rir e conhecer outros cora\u00e7\u00f5es. Aprenda a viver, aprenda a amar as pessoas com solidariedade, aprenda a fazer coisas boas, aprenda a ajudar os outros, aprenda a viver sua pr\u00f3pria vida.\u201d (Mario Quintana) S\u00e9rgio Barbosa (*) Confesso que marcar presen\u00e7a quatro vezes por [&hellip;]<\/p>\n","protected":false},"author":3,"featured_media":17381,"comment_status":"closed","ping_status":"open","sticky":false,"template":"","format":"standard","meta":{"_acf_changed":false,"_exactmetrics_skip_tracking":false,"_exactmetrics_sitenote_active":false,"_exactmetrics_sitenote_note":"","_exactmetrics_sitenote_category":0,"footnotes":""},"categories":[59],"tags":[],"class_list":["post-17379","post","type-post","status-publish","format-standard","has-post-thumbnail","hentry","category-opiniao"],"acf":[],"yoast_head":"<!-- This site is optimized with the Yoast SEO plugin v27.2 - https:\/\/yoast.com\/product\/yoast-seo-wordpress\/ -->\n<title>Da S\u00e9rie PACIENTES DA FISIOCL\u00cdNICA... \u201cE A\u00cd MANO? E A\u00cd LINDA? - S\u00e9rgio Barbosa - Opini\u00e3o - R\u00e1dio Life FM<\/title>\n<meta name=\"robots\" content=\"index, follow, max-snippet:-1, max-image-preview:large, max-video-preview:-1\" \/>\n<link rel=\"canonical\" href=\"https:\/\/radiolifefm.com.br\/noticias\/da-serie-pacientes-da-fisioclinica-e-ai-mano-e-ai-linda-sergio-barbosa-opiniao\/\" \/>\n<meta property=\"og:locale\" content=\"pt_BR\" \/>\n<meta property=\"og:type\" content=\"article\" \/>\n<meta property=\"og:title\" content=\"Da S\u00e9rie PACIENTES DA FISIOCL\u00cdNICA... \u201cE A\u00cd MANO? E A\u00cd LINDA? - S\u00e9rgio Barbosa - Opini\u00e3o - R\u00e1dio Life FM\" \/>\n<meta property=\"og:description\" content=\"Da S\u00e9rie PACIENTES DA FISIOCL\u00cdNICA&#8230; \u201cE A\u00cd MANO? E A\u00cd LINDA? \u201cPermita-se rir e conhecer outros cora\u00e7\u00f5es. Aprenda a viver, aprenda a amar as pessoas com solidariedade, aprenda a fazer coisas boas, aprenda a ajudar os outros, aprenda a viver sua pr\u00f3pria vida.\u201d (Mario Quintana) S\u00e9rgio Barbosa (*) Confesso que marcar presen\u00e7a quatro vezes por [&hellip;]\" \/>\n<meta property=\"og:url\" content=\"https:\/\/radiolifefm.com.br\/noticias\/da-serie-pacientes-da-fisioclinica-e-ai-mano-e-ai-linda-sergio-barbosa-opiniao\/\" \/>\n<meta property=\"og:site_name\" content=\"R\u00e1dio Life FM\" \/>\n<meta property=\"article:publisher\" content=\"https:\/\/www.facebook.com\/radiolifefm\/\" \/>\n<meta property=\"article:published_time\" content=\"2019-10-23T21:08:02+00:00\" \/>\n<meta property=\"article:modified_time\" content=\"2026-02-04T12:25:53+00:00\" \/>\n<meta property=\"og:image\" content=\"https:\/\/radiolifefm.com.br\/noticias\/wp-content\/uploads\/2019\/10\/SEBAR-1.jpg\" \/>\n\t<meta property=\"og:image:width\" content=\"581\" \/>\n\t<meta property=\"og:image:height\" content=\"1032\" \/>\n\t<meta property=\"og:image:type\" content=\"image\/jpeg\" \/>\n<meta name=\"author\" content=\"lifefm\" \/>\n<meta name=\"twitter:card\" content=\"summary_large_image\" \/>\n<meta name=\"twitter:label1\" content=\"Escrito por\" \/>\n\t<meta name=\"twitter:data1\" content=\"lifefm\" \/>\n\t<meta name=\"twitter:label2\" content=\"Est. tempo de leitura\" \/>\n\t<meta name=\"twitter:data2\" content=\"3 minutos\" \/>\n<script type=\"application\/ld+json\" class=\"yoast-schema-graph\">{\"@context\":\"https:\/\/schema.org\",\"@graph\":[{\"@type\":\"Article\",\"@id\":\"https:\/\/radiolifefm.com.br\/noticias\/da-serie-pacientes-da-fisioclinica-e-ai-mano-e-ai-linda-sergio-barbosa-opiniao\/#article\",\"isPartOf\":{\"@id\":\"https:\/\/radiolifefm.com.br\/noticias\/da-serie-pacientes-da-fisioclinica-e-ai-mano-e-ai-linda-sergio-barbosa-opiniao\/\"},\"author\":{\"name\":\"lifefm\",\"@id\":\"https:\/\/radiolifefm.com.br\/noticias\/#\/schema\/person\/1d4e4b1301322090c6221bf1c8420490\"},\"headline\":\"Da S\u00e9rie PACIENTES DA FISIOCL\u00cdNICA&#8230; \u201cE A\u00cd MANO? E A\u00cd LINDA? &#8211; S\u00e9rgio Barbosa &#8211; Opini\u00e3o\",\"datePublished\":\"2019-10-23T21:08:02+00:00\",\"dateModified\":\"2026-02-04T12:25:53+00:00\",\"mainEntityOfPage\":{\"@id\":\"https:\/\/radiolifefm.com.br\/noticias\/da-serie-pacientes-da-fisioclinica-e-ai-mano-e-ai-linda-sergio-barbosa-opiniao\/\"},\"wordCount\":594,\"publisher\":{\"@id\":\"https:\/\/radiolifefm.com.br\/noticias\/#organization\"},\"image\":{\"@id\":\"https:\/\/radiolifefm.com.br\/noticias\/da-serie-pacientes-da-fisioclinica-e-ai-mano-e-ai-linda-sergio-barbosa-opiniao\/#primaryimage\"},\"thumbnailUrl\":\"https:\/\/radiolifefm.com.br\/noticias\/wp-content\/uploads\/2019\/10\/SEBAR-1.jpg\",\"articleSection\":[\"Opini\u00e3o\"],\"inLanguage\":\"pt-BR\"},{\"@type\":\"WebPage\",\"@id\":\"https:\/\/radiolifefm.com.br\/noticias\/da-serie-pacientes-da-fisioclinica-e-ai-mano-e-ai-linda-sergio-barbosa-opiniao\/\",\"url\":\"https:\/\/radiolifefm.com.br\/noticias\/da-serie-pacientes-da-fisioclinica-e-ai-mano-e-ai-linda-sergio-barbosa-opiniao\/\",\"name\":\"Da S\u00e9rie PACIENTES DA FISIOCL\u00cdNICA... \u201cE A\u00cd MANO? E A\u00cd LINDA? - S\u00e9rgio Barbosa - Opini\u00e3o - R\u00e1dio Life FM\",\"isPartOf\":{\"@id\":\"https:\/\/radiolifefm.com.br\/noticias\/#website\"},\"primaryImageOfPage\":{\"@id\":\"https:\/\/radiolifefm.com.br\/noticias\/da-serie-pacientes-da-fisioclinica-e-ai-mano-e-ai-linda-sergio-barbosa-opiniao\/#primaryimage\"},\"image\":{\"@id\":\"https:\/\/radiolifefm.com.br\/noticias\/da-serie-pacientes-da-fisioclinica-e-ai-mano-e-ai-linda-sergio-barbosa-opiniao\/#primaryimage\"},\"thumbnailUrl\":\"https:\/\/radiolifefm.com.br\/noticias\/wp-content\/uploads\/2019\/10\/SEBAR-1.jpg\",\"datePublished\":\"2019-10-23T21:08:02+00:00\",\"dateModified\":\"2026-02-04T12:25:53+00:00\",\"breadcrumb\":{\"@id\":\"https:\/\/radiolifefm.com.br\/noticias\/da-serie-pacientes-da-fisioclinica-e-ai-mano-e-ai-linda-sergio-barbosa-opiniao\/#breadcrumb\"},\"inLanguage\":\"pt-BR\",\"potentialAction\":[{\"@type\":\"ReadAction\",\"target\":[\"https:\/\/radiolifefm.com.br\/noticias\/da-serie-pacientes-da-fisioclinica-e-ai-mano-e-ai-linda-sergio-barbosa-opiniao\/\"]}]},{\"@type\":\"ImageObject\",\"inLanguage\":\"pt-BR\",\"@id\":\"https:\/\/radiolifefm.com.br\/noticias\/da-serie-pacientes-da-fisioclinica-e-ai-mano-e-ai-linda-sergio-barbosa-opiniao\/#primaryimage\",\"url\":\"https:\/\/radiolifefm.com.br\/noticias\/wp-content\/uploads\/2019\/10\/SEBAR-1.jpg\",\"contentUrl\":\"https:\/\/radiolifefm.com.br\/noticias\/wp-content\/uploads\/2019\/10\/SEBAR-1.jpg\",\"width\":581,\"height\":1032},{\"@type\":\"BreadcrumbList\",\"@id\":\"https:\/\/radiolifefm.com.br\/noticias\/da-serie-pacientes-da-fisioclinica-e-ai-mano-e-ai-linda-sergio-barbosa-opiniao\/#breadcrumb\",\"itemListElement\":[{\"@type\":\"ListItem\",\"position\":1,\"name\":\"In\u00edcio\",\"item\":\"https:\/\/radiolifefm.com.br\/noticias\/\"},{\"@type\":\"ListItem\",\"position\":2,\"name\":\"Da S\u00e9rie PACIENTES DA FISIOCL\u00cdNICA&#8230; \u201cE A\u00cd MANO? E A\u00cd LINDA? &#8211; S\u00e9rgio Barbosa &#8211; Opini\u00e3o\"}]},{\"@type\":\"WebSite\",\"@id\":\"https:\/\/radiolifefm.com.br\/noticias\/#website\",\"url\":\"https:\/\/radiolifefm.com.br\/noticias\/\",\"name\":\"R\u00e1dio Life FM\",\"description\":\"O Portal de Not\u00edcias de Adamantina\",\"publisher\":{\"@id\":\"https:\/\/radiolifefm.com.br\/noticias\/#organization\"},\"alternateName\":\"Life FM\",\"potentialAction\":[{\"@type\":\"SearchAction\",\"target\":{\"@type\":\"EntryPoint\",\"urlTemplate\":\"https:\/\/radiolifefm.com.br\/noticias\/?s={search_term_string}\"},\"query-input\":{\"@type\":\"PropertyValueSpecification\",\"valueRequired\":true,\"valueName\":\"search_term_string\"}}],\"inLanguage\":\"pt-BR\"},{\"@type\":\"Organization\",\"@id\":\"https:\/\/radiolifefm.com.br\/noticias\/#organization\",\"name\":\"R\u00e1dio Life FM\",\"alternateName\":\"Life FM\",\"url\":\"https:\/\/radiolifefm.com.br\/noticias\/\",\"logo\":{\"@type\":\"ImageObject\",\"inLanguage\":\"pt-BR\",\"@id\":\"https:\/\/radiolifefm.com.br\/noticias\/#\/schema\/logo\/image\/\",\"url\":\"https:\/\/static.radiolifefm.com.br\/noticias\/wp-content\/uploads\/2019\/10\/logo-lifefm.png\",\"contentUrl\":\"https:\/\/static.radiolifefm.com.br\/noticias\/wp-content\/uploads\/2019\/10\/logo-lifefm.png\",\"width\":196,\"height\":47,\"caption\":\"R\u00e1dio Life FM\"},\"image\":{\"@id\":\"https:\/\/radiolifefm.com.br\/noticias\/#\/schema\/logo\/image\/\"},\"sameAs\":[\"https:\/\/www.facebook.com\/radiolifefm\/\",\"https:\/\/www.instagram.com\/life1079fm\/\"]},{\"@type\":\"Person\",\"@id\":\"https:\/\/radiolifefm.com.br\/noticias\/#\/schema\/person\/1d4e4b1301322090c6221bf1c8420490\",\"name\":\"lifefm\",\"image\":{\"@type\":\"ImageObject\",\"inLanguage\":\"pt-BR\",\"@id\":\"https:\/\/secure.gravatar.com\/avatar\/eca268467d925ec97d20641bb054fd944c0abb2f92854171620706bbe6474e7c?s=96&d=mm&r=g\",\"url\":\"https:\/\/secure.gravatar.com\/avatar\/eca268467d925ec97d20641bb054fd944c0abb2f92854171620706bbe6474e7c?s=96&d=mm&r=g\",\"contentUrl\":\"https:\/\/secure.gravatar.com\/avatar\/eca268467d925ec97d20641bb054fd944c0abb2f92854171620706bbe6474e7c?s=96&d=mm&r=g\",\"caption\":\"lifefm\"}}]}<\/script>\n<!-- \/ Yoast SEO plugin. -->","yoast_head_json":{"title":"Da S\u00e9rie PACIENTES DA FISIOCL\u00cdNICA... \u201cE A\u00cd MANO? E A\u00cd LINDA? - S\u00e9rgio Barbosa - Opini\u00e3o - R\u00e1dio Life FM","robots":{"index":"index","follow":"follow","max-snippet":"max-snippet:-1","max-image-preview":"max-image-preview:large","max-video-preview":"max-video-preview:-1"},"canonical":"https:\/\/radiolifefm.com.br\/noticias\/da-serie-pacientes-da-fisioclinica-e-ai-mano-e-ai-linda-sergio-barbosa-opiniao\/","og_locale":"pt_BR","og_type":"article","og_title":"Da S\u00e9rie PACIENTES DA FISIOCL\u00cdNICA... \u201cE A\u00cd MANO? E A\u00cd LINDA? - S\u00e9rgio Barbosa - Opini\u00e3o - R\u00e1dio Life FM","og_description":"Da S\u00e9rie PACIENTES DA FISIOCL\u00cdNICA&#8230; \u201cE A\u00cd MANO? E A\u00cd LINDA? \u201cPermita-se rir e conhecer outros cora\u00e7\u00f5es. Aprenda a viver, aprenda a amar as pessoas com solidariedade, aprenda a fazer coisas boas, aprenda a ajudar os outros, aprenda a viver sua pr\u00f3pria vida.\u201d (Mario Quintana) S\u00e9rgio Barbosa (*) Confesso que marcar presen\u00e7a quatro vezes por [&hellip;]","og_url":"https:\/\/radiolifefm.com.br\/noticias\/da-serie-pacientes-da-fisioclinica-e-ai-mano-e-ai-linda-sergio-barbosa-opiniao\/","og_site_name":"R\u00e1dio Life FM","article_publisher":"https:\/\/www.facebook.com\/radiolifefm\/","article_published_time":"2019-10-23T21:08:02+00:00","article_modified_time":"2026-02-04T12:25:53+00:00","og_image":[{"width":581,"height":1032,"url":"https:\/\/radiolifefm.com.br\/noticias\/wp-content\/uploads\/2019\/10\/SEBAR-1.jpg","type":"image\/jpeg"}],"author":"lifefm","twitter_card":"summary_large_image","twitter_misc":{"Escrito por":"lifefm","Est. tempo de leitura":"3 minutos"},"schema":{"@context":"https:\/\/schema.org","@graph":[{"@type":"Article","@id":"https:\/\/radiolifefm.com.br\/noticias\/da-serie-pacientes-da-fisioclinica-e-ai-mano-e-ai-linda-sergio-barbosa-opiniao\/#article","isPartOf":{"@id":"https:\/\/radiolifefm.com.br\/noticias\/da-serie-pacientes-da-fisioclinica-e-ai-mano-e-ai-linda-sergio-barbosa-opiniao\/"},"author":{"name":"lifefm","@id":"https:\/\/radiolifefm.com.br\/noticias\/#\/schema\/person\/1d4e4b1301322090c6221bf1c8420490"},"headline":"Da S\u00e9rie PACIENTES DA FISIOCL\u00cdNICA&#8230; \u201cE A\u00cd MANO? E A\u00cd LINDA? &#8211; S\u00e9rgio Barbosa &#8211; Opini\u00e3o","datePublished":"2019-10-23T21:08:02+00:00","dateModified":"2026-02-04T12:25:53+00:00","mainEntityOfPage":{"@id":"https:\/\/radiolifefm.com.br\/noticias\/da-serie-pacientes-da-fisioclinica-e-ai-mano-e-ai-linda-sergio-barbosa-opiniao\/"},"wordCount":594,"publisher":{"@id":"https:\/\/radiolifefm.com.br\/noticias\/#organization"},"image":{"@id":"https:\/\/radiolifefm.com.br\/noticias\/da-serie-pacientes-da-fisioclinica-e-ai-mano-e-ai-linda-sergio-barbosa-opiniao\/#primaryimage"},"thumbnailUrl":"https:\/\/radiolifefm.com.br\/noticias\/wp-content\/uploads\/2019\/10\/SEBAR-1.jpg","articleSection":["Opini\u00e3o"],"inLanguage":"pt-BR"},{"@type":"WebPage","@id":"https:\/\/radiolifefm.com.br\/noticias\/da-serie-pacientes-da-fisioclinica-e-ai-mano-e-ai-linda-sergio-barbosa-opiniao\/","url":"https:\/\/radiolifefm.com.br\/noticias\/da-serie-pacientes-da-fisioclinica-e-ai-mano-e-ai-linda-sergio-barbosa-opiniao\/","name":"Da S\u00e9rie PACIENTES DA FISIOCL\u00cdNICA... \u201cE A\u00cd MANO? E A\u00cd LINDA? - S\u00e9rgio Barbosa - Opini\u00e3o - R\u00e1dio Life FM","isPartOf":{"@id":"https:\/\/radiolifefm.com.br\/noticias\/#website"},"primaryImageOfPage":{"@id":"https:\/\/radiolifefm.com.br\/noticias\/da-serie-pacientes-da-fisioclinica-e-ai-mano-e-ai-linda-sergio-barbosa-opiniao\/#primaryimage"},"image":{"@id":"https:\/\/radiolifefm.com.br\/noticias\/da-serie-pacientes-da-fisioclinica-e-ai-mano-e-ai-linda-sergio-barbosa-opiniao\/#primaryimage"},"thumbnailUrl":"https:\/\/radiolifefm.com.br\/noticias\/wp-content\/uploads\/2019\/10\/SEBAR-1.jpg","datePublished":"2019-10-23T21:08:02+00:00","dateModified":"2026-02-04T12:25:53+00:00","breadcrumb":{"@id":"https:\/\/radiolifefm.com.br\/noticias\/da-serie-pacientes-da-fisioclinica-e-ai-mano-e-ai-linda-sergio-barbosa-opiniao\/#breadcrumb"},"inLanguage":"pt-BR","potentialAction":[{"@type":"ReadAction","target":["https:\/\/radiolifefm.com.br\/noticias\/da-serie-pacientes-da-fisioclinica-e-ai-mano-e-ai-linda-sergio-barbosa-opiniao\/"]}]},{"@type":"ImageObject","inLanguage":"pt-BR","@id":"https:\/\/radiolifefm.com.br\/noticias\/da-serie-pacientes-da-fisioclinica-e-ai-mano-e-ai-linda-sergio-barbosa-opiniao\/#primaryimage","url":"https:\/\/radiolifefm.com.br\/noticias\/wp-content\/uploads\/2019\/10\/SEBAR-1.jpg","contentUrl":"https:\/\/radiolifefm.com.br\/noticias\/wp-content\/uploads\/2019\/10\/SEBAR-1.jpg","width":581,"height":1032},{"@type":"BreadcrumbList","@id":"https:\/\/radiolifefm.com.br\/noticias\/da-serie-pacientes-da-fisioclinica-e-ai-mano-e-ai-linda-sergio-barbosa-opiniao\/#breadcrumb","itemListElement":[{"@type":"ListItem","position":1,"name":"In\u00edcio","item":"https:\/\/radiolifefm.com.br\/noticias\/"},{"@type":"ListItem","position":2,"name":"Da S\u00e9rie PACIENTES DA FISIOCL\u00cdNICA&#8230; \u201cE A\u00cd MANO? E A\u00cd LINDA? &#8211; S\u00e9rgio Barbosa &#8211; Opini\u00e3o"}]},{"@type":"WebSite","@id":"https:\/\/radiolifefm.com.br\/noticias\/#website","url":"https:\/\/radiolifefm.com.br\/noticias\/","name":"R\u00e1dio Life FM","description":"O Portal de Not\u00edcias de Adamantina","publisher":{"@id":"https:\/\/radiolifefm.com.br\/noticias\/#organization"},"alternateName":"Life FM","potentialAction":[{"@type":"SearchAction","target":{"@type":"EntryPoint","urlTemplate":"https:\/\/radiolifefm.com.br\/noticias\/?s={search_term_string}"},"query-input":{"@type":"PropertyValueSpecification","valueRequired":true,"valueName":"search_term_string"}}],"inLanguage":"pt-BR"},{"@type":"Organization","@id":"https:\/\/radiolifefm.com.br\/noticias\/#organization","name":"R\u00e1dio Life FM","alternateName":"Life FM","url":"https:\/\/radiolifefm.com.br\/noticias\/","logo":{"@type":"ImageObject","inLanguage":"pt-BR","@id":"https:\/\/radiolifefm.com.br\/noticias\/#\/schema\/logo\/image\/","url":"https:\/\/static.radiolifefm.com.br\/noticias\/wp-content\/uploads\/2019\/10\/logo-lifefm.png","contentUrl":"https:\/\/static.radiolifefm.com.br\/noticias\/wp-content\/uploads\/2019\/10\/logo-lifefm.png","width":196,"height":47,"caption":"R\u00e1dio Life FM"},"image":{"@id":"https:\/\/radiolifefm.com.br\/noticias\/#\/schema\/logo\/image\/"},"sameAs":["https:\/\/www.facebook.com\/radiolifefm\/","https:\/\/www.instagram.com\/life1079fm\/"]},{"@type":"Person","@id":"https:\/\/radiolifefm.com.br\/noticias\/#\/schema\/person\/1d4e4b1301322090c6221bf1c8420490","name":"lifefm","image":{"@type":"ImageObject","inLanguage":"pt-BR","@id":"https:\/\/secure.gravatar.com\/avatar\/eca268467d925ec97d20641bb054fd944c0abb2f92854171620706bbe6474e7c?s=96&d=mm&r=g","url":"https:\/\/secure.gravatar.com\/avatar\/eca268467d925ec97d20641bb054fd944c0abb2f92854171620706bbe6474e7c?s=96&d=mm&r=g","contentUrl":"https:\/\/secure.gravatar.com\/avatar\/eca268467d925ec97d20641bb054fd944c0abb2f92854171620706bbe6474e7c?s=96&d=mm&r=g","caption":"lifefm"}}]}},"amp_enabled":true,"_links":{"self":[{"href":"https:\/\/radiolifefm.com.br\/noticias\/wp-json\/wp\/v2\/posts\/17379","targetHints":{"allow":["GET"]}}],"collection":[{"href":"https:\/\/radiolifefm.com.br\/noticias\/wp-json\/wp\/v2\/posts"}],"about":[{"href":"https:\/\/radiolifefm.com.br\/noticias\/wp-json\/wp\/v2\/types\/post"}],"author":[{"embeddable":true,"href":"https:\/\/radiolifefm.com.br\/noticias\/wp-json\/wp\/v2\/users\/3"}],"replies":[{"embeddable":true,"href":"https:\/\/radiolifefm.com.br\/noticias\/wp-json\/wp\/v2\/comments?post=17379"}],"version-history":[{"count":1,"href":"https:\/\/radiolifefm.com.br\/noticias\/wp-json\/wp\/v2\/posts\/17379\/revisions"}],"predecessor-version":[{"id":17386,"href":"https:\/\/radiolifefm.com.br\/noticias\/wp-json\/wp\/v2\/posts\/17379\/revisions\/17386"}],"wp:featuredmedia":[{"embeddable":true,"href":"https:\/\/radiolifefm.com.br\/noticias\/wp-json\/wp\/v2\/media\/17381"}],"wp:attachment":[{"href":"https:\/\/radiolifefm.com.br\/noticias\/wp-json\/wp\/v2\/media?parent=17379"}],"wp:term":[{"taxonomy":"category","embeddable":true,"href":"https:\/\/radiolifefm.com.br\/noticias\/wp-json\/wp\/v2\/categories?post=17379"},{"taxonomy":"post_tag","embeddable":true,"href":"https:\/\/radiolifefm.com.br\/noticias\/wp-json\/wp\/v2\/tags?post=17379"}],"curies":[{"name":"wp","href":"https:\/\/api.w.org\/{rel}","templated":true}]}}