{"id":17352,"date":"2019-10-22T07:58:17","date_gmt":"2019-10-22T10:58:17","guid":{"rendered":"https:\/\/radiolifefm.com.br\/noticias\/?p=17352"},"modified":"2026-04-18T10:18:38","modified_gmt":"2026-04-18T13:18:38","slug":"apos-dois-dias-de-buscas-corpo-de-homem-de-32-anos-continua-desaparecido-no-rio-aguapei","status":"publish","type":"post","link":"https:\/\/radiolifefm.com.br\/noticias\/apos-dois-dias-de-buscas-corpo-de-homem-de-32-anos-continua-desaparecido-no-rio-aguapei\/","title":{"rendered":"Ap\u00f3s dois dias de buscas, corpo de homem de 32 anos continua desaparecido no Rio Aguape\u00ed"},"content":{"rendered":"<div id=\"fb-root\"><\/div>\n<p><em>As buscas ser\u00e3o retomadas na manh\u00e3 desta ter\u00e7a-feira (22). O homem se afogou quando tentava atravessar a cachoeira<\/em><\/p>\n<p>O Corpo de Bombeiros de Adamantina encerrou na tarde desta segunda-feira (21) o segundo dia de buscas pelo corpo de um homem de 32 anos, morador em Birigui e que passava o fim de semana com amigos e familiares em Luc\u00e9lia.<\/p>\n<p>No domingo (20) ele tentava atravessar a cachoeira do Santo Botelho, no Rio Aguape\u00ed, em Luc\u00e9lia, quando foi levado pelas \u00e1guas. Amigos que faziam parte do grupo conseguiram fazer a travessia. Ap\u00f3s a queda na \u00e1gua, a v\u00edtima n\u00e3o foi mais vista.<\/p>\n<p>O Corpo de Bombeiros de Adamantina foi acionado logo ap\u00f3s o ocorrido e imediatamente iniciou a opera\u00e7\u00e3o com equipes de mergulhadores e embarcada.<\/p>\n<p>No domingo as buscas foram encerradas no final do dia, em raz\u00e3o do anoitecer, e foram retomadas na manh\u00e3 desta segunda-feira, sendo encerradas durante a tarde, por medidas de seguran\u00e7a da equipe, em raz\u00e3o das chuvas que deixam o leito do rio mais turbulento.<\/p>\n<p>As buscas ser\u00e3o retomadas na manh\u00e3 desta ter\u00e7a-feira (22).<\/p>\n<p>Fonte: Sigamais<\/p>\n","protected":false},"excerpt":{"rendered":"<p>As buscas ser\u00e3o retomadas na manh\u00e3 desta ter\u00e7a-feira (22). O homem se afogou quando tentava atravessar a cachoeira O Corpo de Bombeiros de Adamantina encerrou na tarde desta segunda-feira (21) o segundo dia de buscas pelo corpo de um homem de 32 anos, morador em Birigui e que passava o fim de semana com amigos [&hellip;]<\/p>\n","protected":false},"author":3,"featured_media":17353,"comment_status":"closed","ping_status":"open","sticky":false,"template":"","format":"standard","meta":{"_acf_changed":false,"_exactmetrics_skip_tracking":false,"_exactmetrics_sitenote_active":false,"_exactmetrics_sitenote_note":"","_exactmetrics_sitenote_category":0,"footnotes":""},"categories":[24],"tags":[],"class_list":["post-17352","post","type-post","status-publish","format-standard","has-post-thumbnail","hentry","category-regiao"],"acf":[],"yoast_head":"<!-- This site is optimized with the Yoast SEO plugin v27.2 - https:\/\/yoast.com\/product\/yoast-seo-wordpress\/ -->\n<title>Ap\u00f3s dois dias de buscas, corpo de homem de 32 anos continua desaparecido no Rio Aguape\u00ed - R\u00e1dio Life FM<\/title>\n<meta name=\"robots\" content=\"index, follow, max-snippet:-1, max-image-preview:large, max-video-preview:-1\" \/>\n<link rel=\"canonical\" href=\"https:\/\/radiolifefm.com.br\/noticias\/apos-dois-dias-de-buscas-corpo-de-homem-de-32-anos-continua-desaparecido-no-rio-aguapei\/\" \/>\n<meta property=\"og:locale\" content=\"pt_BR\" \/>\n<meta property=\"og:type\" content=\"article\" \/>\n<meta property=\"og:title\" content=\"Ap\u00f3s dois dias de buscas, corpo de homem de 32 anos continua desaparecido no Rio Aguape\u00ed - R\u00e1dio Life FM\" \/>\n<meta property=\"og:description\" content=\"As buscas ser\u00e3o retomadas na manh\u00e3 desta ter\u00e7a-feira (22). O homem se afogou quando tentava atravessar a cachoeira O Corpo de Bombeiros de Adamantina encerrou na tarde desta segunda-feira (21) o segundo dia de buscas pelo corpo de um homem de 32 anos, morador em Birigui e que passava o fim de semana com amigos [&hellip;]\" \/>\n<meta property=\"og:url\" content=\"https:\/\/radiolifefm.com.br\/noticias\/apos-dois-dias-de-buscas-corpo-de-homem-de-32-anos-continua-desaparecido-no-rio-aguapei\/\" \/>\n<meta property=\"og:site_name\" content=\"R\u00e1dio Life FM\" \/>\n<meta property=\"article:publisher\" content=\"https:\/\/www.facebook.com\/radiolifefm\/\" \/>\n<meta property=\"article:published_time\" content=\"2019-10-22T10:58:17+00:00\" \/>\n<meta property=\"article:modified_time\" content=\"2026-04-18T13:18:38+00:00\" \/>\n<meta property=\"og:image\" content=\"https:\/\/radiolifefm.com.br\/noticias\/wp-content\/uploads\/2019\/10\/Desaparecido-no-rio.jpg\" \/>\n\t<meta property=\"og:image:width\" content=\"540\" \/>\n\t<meta property=\"og:image:height\" content=\"299\" \/>\n\t<meta property=\"og:image:type\" content=\"image\/jpeg\" \/>\n<meta name=\"author\" content=\"lifefm\" \/>\n<meta name=\"twitter:card\" content=\"summary_large_image\" \/>\n<meta name=\"twitter:label1\" content=\"Escrito por\" \/>\n\t<meta name=\"twitter:data1\" content=\"lifefm\" \/>\n\t<meta name=\"twitter:label2\" content=\"Est. tempo de leitura\" \/>\n\t<meta name=\"twitter:data2\" content=\"1 minuto\" \/>\n<script type=\"application\/ld+json\" class=\"yoast-schema-graph\">{\"@context\":\"https:\/\/schema.org\",\"@graph\":[{\"@type\":\"Article\",\"@id\":\"https:\/\/radiolifefm.com.br\/noticias\/apos-dois-dias-de-buscas-corpo-de-homem-de-32-anos-continua-desaparecido-no-rio-aguapei\/#article\",\"isPartOf\":{\"@id\":\"https:\/\/radiolifefm.com.br\/noticias\/apos-dois-dias-de-buscas-corpo-de-homem-de-32-anos-continua-desaparecido-no-rio-aguapei\/\"},\"author\":{\"name\":\"lifefm\",\"@id\":\"https:\/\/radiolifefm.com.br\/noticias\/#\/schema\/person\/1d4e4b1301322090c6221bf1c8420490\"},\"headline\":\"Ap\u00f3s dois dias de buscas, corpo de homem de 32 anos continua desaparecido no Rio Aguape\u00ed\",\"datePublished\":\"2019-10-22T10:58:17+00:00\",\"dateModified\":\"2026-04-18T13:18:38+00:00\",\"mainEntityOfPage\":{\"@id\":\"https:\/\/radiolifefm.com.br\/noticias\/apos-dois-dias-de-buscas-corpo-de-homem-de-32-anos-continua-desaparecido-no-rio-aguapei\/\"},\"wordCount\":204,\"publisher\":{\"@id\":\"https:\/\/radiolifefm.com.br\/noticias\/#organization\"},\"image\":{\"@id\":\"https:\/\/radiolifefm.com.br\/noticias\/apos-dois-dias-de-buscas-corpo-de-homem-de-32-anos-continua-desaparecido-no-rio-aguapei\/#primaryimage\"},\"thumbnailUrl\":\"https:\/\/radiolifefm.com.br\/noticias\/wp-content\/uploads\/2019\/10\/Desaparecido-no-rio.jpg\",\"articleSection\":[\"Regi\u00e3o\"],\"inLanguage\":\"pt-BR\"},{\"@type\":\"WebPage\",\"@id\":\"https:\/\/radiolifefm.com.br\/noticias\/apos-dois-dias-de-buscas-corpo-de-homem-de-32-anos-continua-desaparecido-no-rio-aguapei\/\",\"url\":\"https:\/\/radiolifefm.com.br\/noticias\/apos-dois-dias-de-buscas-corpo-de-homem-de-32-anos-continua-desaparecido-no-rio-aguapei\/\",\"name\":\"Ap\u00f3s dois dias de buscas, corpo de homem de 32 anos continua desaparecido no Rio Aguape\u00ed - R\u00e1dio Life FM\",\"isPartOf\":{\"@id\":\"https:\/\/radiolifefm.com.br\/noticias\/#website\"},\"primaryImageOfPage\":{\"@id\":\"https:\/\/radiolifefm.com.br\/noticias\/apos-dois-dias-de-buscas-corpo-de-homem-de-32-anos-continua-desaparecido-no-rio-aguapei\/#primaryimage\"},\"image\":{\"@id\":\"https:\/\/radiolifefm.com.br\/noticias\/apos-dois-dias-de-buscas-corpo-de-homem-de-32-anos-continua-desaparecido-no-rio-aguapei\/#primaryimage\"},\"thumbnailUrl\":\"https:\/\/radiolifefm.com.br\/noticias\/wp-content\/uploads\/2019\/10\/Desaparecido-no-rio.jpg\",\"datePublished\":\"2019-10-22T10:58:17+00:00\",\"dateModified\":\"2026-04-18T13:18:38+00:00\",\"breadcrumb\":{\"@id\":\"https:\/\/radiolifefm.com.br\/noticias\/apos-dois-dias-de-buscas-corpo-de-homem-de-32-anos-continua-desaparecido-no-rio-aguapei\/#breadcrumb\"},\"inLanguage\":\"pt-BR\",\"potentialAction\":[{\"@type\":\"ReadAction\",\"target\":[\"https:\/\/radiolifefm.com.br\/noticias\/apos-dois-dias-de-buscas-corpo-de-homem-de-32-anos-continua-desaparecido-no-rio-aguapei\/\"]}]},{\"@type\":\"ImageObject\",\"inLanguage\":\"pt-BR\",\"@id\":\"https:\/\/radiolifefm.com.br\/noticias\/apos-dois-dias-de-buscas-corpo-de-homem-de-32-anos-continua-desaparecido-no-rio-aguapei\/#primaryimage\",\"url\":\"https:\/\/radiolifefm.com.br\/noticias\/wp-content\/uploads\/2019\/10\/Desaparecido-no-rio.jpg\",\"contentUrl\":\"https:\/\/radiolifefm.com.br\/noticias\/wp-content\/uploads\/2019\/10\/Desaparecido-no-rio.jpg\",\"width\":540,\"height\":299},{\"@type\":\"BreadcrumbList\",\"@id\":\"https:\/\/radiolifefm.com.br\/noticias\/apos-dois-dias-de-buscas-corpo-de-homem-de-32-anos-continua-desaparecido-no-rio-aguapei\/#breadcrumb\",\"itemListElement\":[{\"@type\":\"ListItem\",\"position\":1,\"name\":\"In\u00edcio\",\"item\":\"https:\/\/radiolifefm.com.br\/noticias\/\"},{\"@type\":\"ListItem\",\"position\":2,\"name\":\"Ap\u00f3s dois dias de buscas, corpo de homem de 32 anos continua desaparecido no Rio Aguape\u00ed\"}]},{\"@type\":\"WebSite\",\"@id\":\"https:\/\/radiolifefm.com.br\/noticias\/#website\",\"url\":\"https:\/\/radiolifefm.com.br\/noticias\/\",\"name\":\"R\u00e1dio Life FM\",\"description\":\"O Portal de Not\u00edcias de Adamantina\",\"publisher\":{\"@id\":\"https:\/\/radiolifefm.com.br\/noticias\/#organization\"},\"alternateName\":\"Life FM\",\"potentialAction\":[{\"@type\":\"SearchAction\",\"target\":{\"@type\":\"EntryPoint\",\"urlTemplate\":\"https:\/\/radiolifefm.com.br\/noticias\/?s={search_term_string}\"},\"query-input\":{\"@type\":\"PropertyValueSpecification\",\"valueRequired\":true,\"valueName\":\"search_term_string\"}}],\"inLanguage\":\"pt-BR\"},{\"@type\":\"Organization\",\"@id\":\"https:\/\/radiolifefm.com.br\/noticias\/#organization\",\"name\":\"R\u00e1dio Life FM\",\"alternateName\":\"Life FM\",\"url\":\"https:\/\/radiolifefm.com.br\/noticias\/\",\"logo\":{\"@type\":\"ImageObject\",\"inLanguage\":\"pt-BR\",\"@id\":\"https:\/\/radiolifefm.com.br\/noticias\/#\/schema\/logo\/image\/\",\"url\":\"https:\/\/static.radiolifefm.com.br\/noticias\/wp-content\/uploads\/2019\/10\/logo-lifefm.png\",\"contentUrl\":\"https:\/\/static.radiolifefm.com.br\/noticias\/wp-content\/uploads\/2019\/10\/logo-lifefm.png\",\"width\":196,\"height\":47,\"caption\":\"R\u00e1dio Life FM\"},\"image\":{\"@id\":\"https:\/\/radiolifefm.com.br\/noticias\/#\/schema\/logo\/image\/\"},\"sameAs\":[\"https:\/\/www.facebook.com\/radiolifefm\/\",\"https:\/\/www.instagram.com\/life1079fm\/\"]},{\"@type\":\"Person\",\"@id\":\"https:\/\/radiolifefm.com.br\/noticias\/#\/schema\/person\/1d4e4b1301322090c6221bf1c8420490\",\"name\":\"lifefm\",\"image\":{\"@type\":\"ImageObject\",\"inLanguage\":\"pt-BR\",\"@id\":\"https:\/\/secure.gravatar.com\/avatar\/eca268467d925ec97d20641bb054fd944c0abb2f92854171620706bbe6474e7c?s=96&d=mm&r=g\",\"url\":\"https:\/\/secure.gravatar.com\/avatar\/eca268467d925ec97d20641bb054fd944c0abb2f92854171620706bbe6474e7c?s=96&d=mm&r=g\",\"contentUrl\":\"https:\/\/secure.gravatar.com\/avatar\/eca268467d925ec97d20641bb054fd944c0abb2f92854171620706bbe6474e7c?s=96&d=mm&r=g\",\"caption\":\"lifefm\"}}]}<\/script>\n<!-- \/ Yoast SEO plugin. -->","yoast_head_json":{"title":"Ap\u00f3s dois dias de buscas, corpo de homem de 32 anos continua desaparecido no Rio Aguape\u00ed - R\u00e1dio Life FM","robots":{"index":"index","follow":"follow","max-snippet":"max-snippet:-1","max-image-preview":"max-image-preview:large","max-video-preview":"max-video-preview:-1"},"canonical":"https:\/\/radiolifefm.com.br\/noticias\/apos-dois-dias-de-buscas-corpo-de-homem-de-32-anos-continua-desaparecido-no-rio-aguapei\/","og_locale":"pt_BR","og_type":"article","og_title":"Ap\u00f3s dois dias de buscas, corpo de homem de 32 anos continua desaparecido no Rio Aguape\u00ed - R\u00e1dio Life FM","og_description":"As buscas ser\u00e3o retomadas na manh\u00e3 desta ter\u00e7a-feira (22). O homem se afogou quando tentava atravessar a cachoeira O Corpo de Bombeiros de Adamantina encerrou na tarde desta segunda-feira (21) o segundo dia de buscas pelo corpo de um homem de 32 anos, morador em Birigui e que passava o fim de semana com amigos [&hellip;]","og_url":"https:\/\/radiolifefm.com.br\/noticias\/apos-dois-dias-de-buscas-corpo-de-homem-de-32-anos-continua-desaparecido-no-rio-aguapei\/","og_site_name":"R\u00e1dio Life FM","article_publisher":"https:\/\/www.facebook.com\/radiolifefm\/","article_published_time":"2019-10-22T10:58:17+00:00","article_modified_time":"2026-04-18T13:18:38+00:00","og_image":[{"width":540,"height":299,"url":"https:\/\/radiolifefm.com.br\/noticias\/wp-content\/uploads\/2019\/10\/Desaparecido-no-rio.jpg","type":"image\/jpeg"}],"author":"lifefm","twitter_card":"summary_large_image","twitter_misc":{"Escrito por":"lifefm","Est. tempo de leitura":"1 minuto"},"schema":{"@context":"https:\/\/schema.org","@graph":[{"@type":"Article","@id":"https:\/\/radiolifefm.com.br\/noticias\/apos-dois-dias-de-buscas-corpo-de-homem-de-32-anos-continua-desaparecido-no-rio-aguapei\/#article","isPartOf":{"@id":"https:\/\/radiolifefm.com.br\/noticias\/apos-dois-dias-de-buscas-corpo-de-homem-de-32-anos-continua-desaparecido-no-rio-aguapei\/"},"author":{"name":"lifefm","@id":"https:\/\/radiolifefm.com.br\/noticias\/#\/schema\/person\/1d4e4b1301322090c6221bf1c8420490"},"headline":"Ap\u00f3s dois dias de buscas, corpo de homem de 32 anos continua desaparecido no Rio Aguape\u00ed","datePublished":"2019-10-22T10:58:17+00:00","dateModified":"2026-04-18T13:18:38+00:00","mainEntityOfPage":{"@id":"https:\/\/radiolifefm.com.br\/noticias\/apos-dois-dias-de-buscas-corpo-de-homem-de-32-anos-continua-desaparecido-no-rio-aguapei\/"},"wordCount":204,"publisher":{"@id":"https:\/\/radiolifefm.com.br\/noticias\/#organization"},"image":{"@id":"https:\/\/radiolifefm.com.br\/noticias\/apos-dois-dias-de-buscas-corpo-de-homem-de-32-anos-continua-desaparecido-no-rio-aguapei\/#primaryimage"},"thumbnailUrl":"https:\/\/radiolifefm.com.br\/noticias\/wp-content\/uploads\/2019\/10\/Desaparecido-no-rio.jpg","articleSection":["Regi\u00e3o"],"inLanguage":"pt-BR"},{"@type":"WebPage","@id":"https:\/\/radiolifefm.com.br\/noticias\/apos-dois-dias-de-buscas-corpo-de-homem-de-32-anos-continua-desaparecido-no-rio-aguapei\/","url":"https:\/\/radiolifefm.com.br\/noticias\/apos-dois-dias-de-buscas-corpo-de-homem-de-32-anos-continua-desaparecido-no-rio-aguapei\/","name":"Ap\u00f3s dois dias de buscas, corpo de homem de 32 anos continua desaparecido no Rio Aguape\u00ed - R\u00e1dio Life FM","isPartOf":{"@id":"https:\/\/radiolifefm.com.br\/noticias\/#website"},"primaryImageOfPage":{"@id":"https:\/\/radiolifefm.com.br\/noticias\/apos-dois-dias-de-buscas-corpo-de-homem-de-32-anos-continua-desaparecido-no-rio-aguapei\/#primaryimage"},"image":{"@id":"https:\/\/radiolifefm.com.br\/noticias\/apos-dois-dias-de-buscas-corpo-de-homem-de-32-anos-continua-desaparecido-no-rio-aguapei\/#primaryimage"},"thumbnailUrl":"https:\/\/radiolifefm.com.br\/noticias\/wp-content\/uploads\/2019\/10\/Desaparecido-no-rio.jpg","datePublished":"2019-10-22T10:58:17+00:00","dateModified":"2026-04-18T13:18:38+00:00","breadcrumb":{"@id":"https:\/\/radiolifefm.com.br\/noticias\/apos-dois-dias-de-buscas-corpo-de-homem-de-32-anos-continua-desaparecido-no-rio-aguapei\/#breadcrumb"},"inLanguage":"pt-BR","potentialAction":[{"@type":"ReadAction","target":["https:\/\/radiolifefm.com.br\/noticias\/apos-dois-dias-de-buscas-corpo-de-homem-de-32-anos-continua-desaparecido-no-rio-aguapei\/"]}]},{"@type":"ImageObject","inLanguage":"pt-BR","@id":"https:\/\/radiolifefm.com.br\/noticias\/apos-dois-dias-de-buscas-corpo-de-homem-de-32-anos-continua-desaparecido-no-rio-aguapei\/#primaryimage","url":"https:\/\/radiolifefm.com.br\/noticias\/wp-content\/uploads\/2019\/10\/Desaparecido-no-rio.jpg","contentUrl":"https:\/\/radiolifefm.com.br\/noticias\/wp-content\/uploads\/2019\/10\/Desaparecido-no-rio.jpg","width":540,"height":299},{"@type":"BreadcrumbList","@id":"https:\/\/radiolifefm.com.br\/noticias\/apos-dois-dias-de-buscas-corpo-de-homem-de-32-anos-continua-desaparecido-no-rio-aguapei\/#breadcrumb","itemListElement":[{"@type":"ListItem","position":1,"name":"In\u00edcio","item":"https:\/\/radiolifefm.com.br\/noticias\/"},{"@type":"ListItem","position":2,"name":"Ap\u00f3s dois dias de buscas, corpo de homem de 32 anos continua desaparecido no Rio Aguape\u00ed"}]},{"@type":"WebSite","@id":"https:\/\/radiolifefm.com.br\/noticias\/#website","url":"https:\/\/radiolifefm.com.br\/noticias\/","name":"R\u00e1dio Life FM","description":"O Portal de Not\u00edcias de Adamantina","publisher":{"@id":"https:\/\/radiolifefm.com.br\/noticias\/#organization"},"alternateName":"Life FM","potentialAction":[{"@type":"SearchAction","target":{"@type":"EntryPoint","urlTemplate":"https:\/\/radiolifefm.com.br\/noticias\/?s={search_term_string}"},"query-input":{"@type":"PropertyValueSpecification","valueRequired":true,"valueName":"search_term_string"}}],"inLanguage":"pt-BR"},{"@type":"Organization","@id":"https:\/\/radiolifefm.com.br\/noticias\/#organization","name":"R\u00e1dio Life FM","alternateName":"Life FM","url":"https:\/\/radiolifefm.com.br\/noticias\/","logo":{"@type":"ImageObject","inLanguage":"pt-BR","@id":"https:\/\/radiolifefm.com.br\/noticias\/#\/schema\/logo\/image\/","url":"https:\/\/static.radiolifefm.com.br\/noticias\/wp-content\/uploads\/2019\/10\/logo-lifefm.png","contentUrl":"https:\/\/static.radiolifefm.com.br\/noticias\/wp-content\/uploads\/2019\/10\/logo-lifefm.png","width":196,"height":47,"caption":"R\u00e1dio Life FM"},"image":{"@id":"https:\/\/radiolifefm.com.br\/noticias\/#\/schema\/logo\/image\/"},"sameAs":["https:\/\/www.facebook.com\/radiolifefm\/","https:\/\/www.instagram.com\/life1079fm\/"]},{"@type":"Person","@id":"https:\/\/radiolifefm.com.br\/noticias\/#\/schema\/person\/1d4e4b1301322090c6221bf1c8420490","name":"lifefm","image":{"@type":"ImageObject","inLanguage":"pt-BR","@id":"https:\/\/secure.gravatar.com\/avatar\/eca268467d925ec97d20641bb054fd944c0abb2f92854171620706bbe6474e7c?s=96&d=mm&r=g","url":"https:\/\/secure.gravatar.com\/avatar\/eca268467d925ec97d20641bb054fd944c0abb2f92854171620706bbe6474e7c?s=96&d=mm&r=g","contentUrl":"https:\/\/secure.gravatar.com\/avatar\/eca268467d925ec97d20641bb054fd944c0abb2f92854171620706bbe6474e7c?s=96&d=mm&r=g","caption":"lifefm"}}]}},"amp_enabled":true,"_links":{"self":[{"href":"https:\/\/radiolifefm.com.br\/noticias\/wp-json\/wp\/v2\/posts\/17352","targetHints":{"allow":["GET"]}}],"collection":[{"href":"https:\/\/radiolifefm.com.br\/noticias\/wp-json\/wp\/v2\/posts"}],"about":[{"href":"https:\/\/radiolifefm.com.br\/noticias\/wp-json\/wp\/v2\/types\/post"}],"author":[{"embeddable":true,"href":"https:\/\/radiolifefm.com.br\/noticias\/wp-json\/wp\/v2\/users\/3"}],"replies":[{"embeddable":true,"href":"https:\/\/radiolifefm.com.br\/noticias\/wp-json\/wp\/v2\/comments?post=17352"}],"version-history":[{"count":1,"href":"https:\/\/radiolifefm.com.br\/noticias\/wp-json\/wp\/v2\/posts\/17352\/revisions"}],"predecessor-version":[{"id":17354,"href":"https:\/\/radiolifefm.com.br\/noticias\/wp-json\/wp\/v2\/posts\/17352\/revisions\/17354"}],"wp:featuredmedia":[{"embeddable":true,"href":"https:\/\/radiolifefm.com.br\/noticias\/wp-json\/wp\/v2\/media\/17353"}],"wp:attachment":[{"href":"https:\/\/radiolifefm.com.br\/noticias\/wp-json\/wp\/v2\/media?parent=17352"}],"wp:term":[{"taxonomy":"category","embeddable":true,"href":"https:\/\/radiolifefm.com.br\/noticias\/wp-json\/wp\/v2\/categories?post=17352"},{"taxonomy":"post_tag","embeddable":true,"href":"https:\/\/radiolifefm.com.br\/noticias\/wp-json\/wp\/v2\/tags?post=17352"}],"curies":[{"name":"wp","href":"https:\/\/api.w.org\/{rel}","templated":true}]}}