{"id":17332,"date":"2019-10-21T16:23:55","date_gmt":"2019-10-21T19:23:55","guid":{"rendered":"https:\/\/radiolifefm.com.br\/noticias\/?p=17332"},"modified":"2026-04-21T09:30:26","modified_gmt":"2026-04-21T12:30:26","slug":"chuva-forte-com-ventania-derruba-arvores-e-obstrui-parte-da-rodovia-comandante-ribeiro-de-barros-em-adamantina","status":"publish","type":"post","link":"https:\/\/radiolifefm.com.br\/noticias\/chuva-forte-com-ventania-derruba-arvores-e-obstrui-parte-da-rodovia-comandante-ribeiro-de-barros-em-adamantina\/","title":{"rendered":"Chuva forte com ventania derruba \u00e1rvores e obstrui parte da Rodovia Comandante Ribeiro de Barros em Adamantina"},"content":{"rendered":"<div id=\"fb-root\"><\/div>\n<p><em>Pista ficou parcialmente interditada no trecho pr\u00f3ximo a base da Pol\u00edcia Rodovi\u00e1ria<\/em><\/p>\n<p>No in\u00edcio da tarde desta segunda feira (21), um temporal com ventos fortes e chuva caiu sobre a regi\u00e3o causando v\u00e1rios transtornos.<\/p>\n<p>Em v\u00e1rias cidades \u00e1rvores ca\u00edram, galhos foram arrancados e atirados longe, alguns atingiram fios da rede el\u00e9trica, outros atingiram ve\u00edculos estacionados pelas ruas e at\u00e9 uma \u00e1rvore de grande porte caiu em Luc\u00e9lia, causando s\u00e9rios danos a rede el\u00e9trica, por pouco n\u00e3o atingindo o escrit\u00f3rio de uma transportadora.<\/p>\n<p>Nem mesmo a Rodovia Comandante Jo\u00e3o Ribeiro de Barros, SP-294, escapou dos efeitos do temporal e dos fortes ventos, no trecho entre a Base da Pol\u00edcia Rodovi\u00e1ria e o trevo de Adamantina, v\u00e1rias \u00e1rvores ca\u00edram no meio da pista, que ficou parcialmente obstru\u00edda por algum tempo, com o tr\u00e1fego apenas por uma das m\u00e3os de dire\u00e7\u00e3o.<\/p>\n<p>Rapidamente equipes respons\u00e1veis, com apoio do DER e da Pol\u00edcia Rodovi\u00e1ria, uma vez acionadas, trabalharam rapidamente e liberaram o tr\u00e1fego no local.<\/p>\n<p>Segundo informa\u00e7\u00f5es, v\u00e1rias cidades da regi\u00e3o sofreram s\u00e9rios danos atingidas pelos fortes ventos do temporal que passou pela regi\u00e3o e os estragos est\u00e3o sendo j\u00e1 reparados.<\/p>\n<div class='flex flex-wrap items-center -mx-1'>\r\n<a class='thumbnail gallery p-1 w-1\/2 md:w-1\/4' href='https:\/\/radiolifefm.com.br\/noticias\/wp-content\/uploads\/2019\/10\/Estrada-1.jpg'><img class='border border-white' src='https:\/\/radiolifefm.com.br\/noticias\/wp-content\/uploads\/2019\/10\/Estrada-1-200x200.jpg' alt='Estrada   1' \/><\/a><a class='thumbnail gallery p-1 w-1\/2 md:w-1\/4' href='https:\/\/radiolifefm.com.br\/noticias\/wp-content\/uploads\/2019\/10\/Estrada-2.jpg'><img class='border border-white' src='https:\/\/radiolifefm.com.br\/noticias\/wp-content\/uploads\/2019\/10\/Estrada-2-200x200.jpg' alt='Estrada   2' \/><\/a><a class='thumbnail gallery p-1 w-1\/2 md:w-1\/4' href='https:\/\/radiolifefm.com.br\/noticias\/wp-content\/uploads\/2019\/10\/Estrada-3.jpg'><img class='border border-white' src='https:\/\/radiolifefm.com.br\/noticias\/wp-content\/uploads\/2019\/10\/Estrada-3-200x200.jpg' alt='Estrada   3' \/><\/a><a class='thumbnail gallery p-1 w-1\/2 md:w-1\/4' href='https:\/\/radiolifefm.com.br\/noticias\/wp-content\/uploads\/2019\/10\/Estrada-4-1.jpg'><img class='border border-white' src='https:\/\/radiolifefm.com.br\/noticias\/wp-content\/uploads\/2019\/10\/Estrada-4-1-200x200.jpg' alt='Estrada   4' \/><\/a><a class='thumbnail gallery p-1 w-1\/2 md:w-1\/4' href='https:\/\/radiolifefm.com.br\/noticias\/wp-content\/uploads\/2019\/10\/Estrada-5.jpg'><img class='border border-white' src='https:\/\/radiolifefm.com.br\/noticias\/wp-content\/uploads\/2019\/10\/Estrada-5-200x200.jpg' alt='Estrada   5' \/><\/a><\/div>\n<p>&nbsp;<\/p>\n<p>Reda\u00e7\u00e3o &#8211; Kako de Oliveira<\/p>\n","protected":false},"excerpt":{"rendered":"<p>Pista ficou parcialmente interditada no trecho pr\u00f3ximo a base da Pol\u00edcia Rodovi\u00e1ria No in\u00edcio da tarde desta segunda feira (21), um temporal com ventos fortes e chuva caiu sobre a regi\u00e3o causando v\u00e1rios transtornos. Em v\u00e1rias cidades \u00e1rvores ca\u00edram, galhos foram arrancados e atirados longe, alguns atingiram fios da rede el\u00e9trica, outros atingiram ve\u00edculos estacionados [&hellip;]<\/p>\n","protected":false},"author":3,"featured_media":17337,"comment_status":"closed","ping_status":"open","sticky":false,"template":"","format":"standard","meta":{"_acf_changed":false,"_exactmetrics_skip_tracking":false,"_exactmetrics_sitenote_active":false,"_exactmetrics_sitenote_note":"","_exactmetrics_sitenote_category":0,"footnotes":""},"categories":[24],"tags":[],"class_list":["post-17332","post","type-post","status-publish","format-standard","has-post-thumbnail","hentry","category-regiao"],"acf":[],"yoast_head":"<!-- This site is optimized with the Yoast SEO plugin v27.2 - https:\/\/yoast.com\/product\/yoast-seo-wordpress\/ -->\n<title>Chuva forte com ventania derruba \u00e1rvores e obstrui parte da Rodovia Comandante Ribeiro de Barros em Adamantina - R\u00e1dio Life FM<\/title>\n<meta name=\"robots\" content=\"index, follow, max-snippet:-1, max-image-preview:large, max-video-preview:-1\" \/>\n<link rel=\"canonical\" href=\"https:\/\/radiolifefm.com.br\/noticias\/chuva-forte-com-ventania-derruba-arvores-e-obstrui-parte-da-rodovia-comandante-ribeiro-de-barros-em-adamantina\/\" \/>\n<meta property=\"og:locale\" content=\"pt_BR\" \/>\n<meta property=\"og:type\" content=\"article\" \/>\n<meta property=\"og:title\" content=\"Chuva forte com ventania derruba \u00e1rvores e obstrui parte da Rodovia Comandante Ribeiro de Barros em Adamantina - R\u00e1dio Life FM\" \/>\n<meta property=\"og:description\" content=\"Pista ficou parcialmente interditada no trecho pr\u00f3ximo a base da Pol\u00edcia Rodovi\u00e1ria No in\u00edcio da tarde desta segunda feira (21), um temporal com ventos fortes e chuva caiu sobre a regi\u00e3o causando v\u00e1rios transtornos. Em v\u00e1rias cidades \u00e1rvores ca\u00edram, galhos foram arrancados e atirados longe, alguns atingiram fios da rede el\u00e9trica, outros atingiram ve\u00edculos estacionados [&hellip;]\" \/>\n<meta property=\"og:url\" content=\"https:\/\/radiolifefm.com.br\/noticias\/chuva-forte-com-ventania-derruba-arvores-e-obstrui-parte-da-rodovia-comandante-ribeiro-de-barros-em-adamantina\/\" \/>\n<meta property=\"og:site_name\" content=\"R\u00e1dio Life FM\" \/>\n<meta property=\"article:publisher\" content=\"https:\/\/www.facebook.com\/radiolifefm\/\" \/>\n<meta property=\"article:published_time\" content=\"2019-10-21T19:23:55+00:00\" \/>\n<meta property=\"article:modified_time\" content=\"2026-04-21T12:30:26+00:00\" \/>\n<meta property=\"og:image\" content=\"https:\/\/radiolifefm.com.br\/noticias\/wp-content\/uploads\/2019\/10\/Estrada-4.jpg\" \/>\n\t<meta property=\"og:image:width\" content=\"1280\" \/>\n\t<meta property=\"og:image:height\" content=\"987\" \/>\n\t<meta property=\"og:image:type\" content=\"image\/jpeg\" \/>\n<meta name=\"author\" content=\"lifefm\" \/>\n<meta name=\"twitter:card\" content=\"summary_large_image\" \/>\n<meta name=\"twitter:label1\" content=\"Escrito por\" \/>\n\t<meta name=\"twitter:data1\" content=\"lifefm\" \/>\n\t<meta name=\"twitter:label2\" content=\"Est. tempo de leitura\" \/>\n\t<meta name=\"twitter:data2\" content=\"1 minuto\" \/>\n<script type=\"application\/ld+json\" class=\"yoast-schema-graph\">{\"@context\":\"https:\/\/schema.org\",\"@graph\":[{\"@type\":\"Article\",\"@id\":\"https:\/\/radiolifefm.com.br\/noticias\/chuva-forte-com-ventania-derruba-arvores-e-obstrui-parte-da-rodovia-comandante-ribeiro-de-barros-em-adamantina\/#article\",\"isPartOf\":{\"@id\":\"https:\/\/radiolifefm.com.br\/noticias\/chuva-forte-com-ventania-derruba-arvores-e-obstrui-parte-da-rodovia-comandante-ribeiro-de-barros-em-adamantina\/\"},\"author\":{\"name\":\"lifefm\",\"@id\":\"https:\/\/radiolifefm.com.br\/noticias\/#\/schema\/person\/1d4e4b1301322090c6221bf1c8420490\"},\"headline\":\"Chuva forte com ventania derruba \u00e1rvores e obstrui parte da Rodovia Comandante Ribeiro de Barros em Adamantina\",\"datePublished\":\"2019-10-21T19:23:55+00:00\",\"dateModified\":\"2026-04-21T12:30:26+00:00\",\"mainEntityOfPage\":{\"@id\":\"https:\/\/radiolifefm.com.br\/noticias\/chuva-forte-com-ventania-derruba-arvores-e-obstrui-parte-da-rodovia-comandante-ribeiro-de-barros-em-adamantina\/\"},\"wordCount\":245,\"publisher\":{\"@id\":\"https:\/\/radiolifefm.com.br\/noticias\/#organization\"},\"image\":{\"@id\":\"https:\/\/radiolifefm.com.br\/noticias\/chuva-forte-com-ventania-derruba-arvores-e-obstrui-parte-da-rodovia-comandante-ribeiro-de-barros-em-adamantina\/#primaryimage\"},\"thumbnailUrl\":\"https:\/\/radiolifefm.com.br\/noticias\/wp-content\/uploads\/2019\/10\/Estrada-4.jpg\",\"articleSection\":[\"Regi\u00e3o\"],\"inLanguage\":\"pt-BR\"},{\"@type\":\"WebPage\",\"@id\":\"https:\/\/radiolifefm.com.br\/noticias\/chuva-forte-com-ventania-derruba-arvores-e-obstrui-parte-da-rodovia-comandante-ribeiro-de-barros-em-adamantina\/\",\"url\":\"https:\/\/radiolifefm.com.br\/noticias\/chuva-forte-com-ventania-derruba-arvores-e-obstrui-parte-da-rodovia-comandante-ribeiro-de-barros-em-adamantina\/\",\"name\":\"Chuva forte com ventania derruba \u00e1rvores e obstrui parte da Rodovia Comandante Ribeiro de Barros em Adamantina - R\u00e1dio Life FM\",\"isPartOf\":{\"@id\":\"https:\/\/radiolifefm.com.br\/noticias\/#website\"},\"primaryImageOfPage\":{\"@id\":\"https:\/\/radiolifefm.com.br\/noticias\/chuva-forte-com-ventania-derruba-arvores-e-obstrui-parte-da-rodovia-comandante-ribeiro-de-barros-em-adamantina\/#primaryimage\"},\"image\":{\"@id\":\"https:\/\/radiolifefm.com.br\/noticias\/chuva-forte-com-ventania-derruba-arvores-e-obstrui-parte-da-rodovia-comandante-ribeiro-de-barros-em-adamantina\/#primaryimage\"},\"thumbnailUrl\":\"https:\/\/radiolifefm.com.br\/noticias\/wp-content\/uploads\/2019\/10\/Estrada-4.jpg\",\"datePublished\":\"2019-10-21T19:23:55+00:00\",\"dateModified\":\"2026-04-21T12:30:26+00:00\",\"breadcrumb\":{\"@id\":\"https:\/\/radiolifefm.com.br\/noticias\/chuva-forte-com-ventania-derruba-arvores-e-obstrui-parte-da-rodovia-comandante-ribeiro-de-barros-em-adamantina\/#breadcrumb\"},\"inLanguage\":\"pt-BR\",\"potentialAction\":[{\"@type\":\"ReadAction\",\"target\":[\"https:\/\/radiolifefm.com.br\/noticias\/chuva-forte-com-ventania-derruba-arvores-e-obstrui-parte-da-rodovia-comandante-ribeiro-de-barros-em-adamantina\/\"]}]},{\"@type\":\"ImageObject\",\"inLanguage\":\"pt-BR\",\"@id\":\"https:\/\/radiolifefm.com.br\/noticias\/chuva-forte-com-ventania-derruba-arvores-e-obstrui-parte-da-rodovia-comandante-ribeiro-de-barros-em-adamantina\/#primaryimage\",\"url\":\"https:\/\/radiolifefm.com.br\/noticias\/wp-content\/uploads\/2019\/10\/Estrada-4.jpg\",\"contentUrl\":\"https:\/\/radiolifefm.com.br\/noticias\/wp-content\/uploads\/2019\/10\/Estrada-4.jpg\",\"width\":1280,\"height\":987,\"caption\":\"\u00c1rvores foram atiradas para o meio da pista de rolamento da rodovia pr\u00f3ximo a Adamantina.\"},{\"@type\":\"BreadcrumbList\",\"@id\":\"https:\/\/radiolifefm.com.br\/noticias\/chuva-forte-com-ventania-derruba-arvores-e-obstrui-parte-da-rodovia-comandante-ribeiro-de-barros-em-adamantina\/#breadcrumb\",\"itemListElement\":[{\"@type\":\"ListItem\",\"position\":1,\"name\":\"In\u00edcio\",\"item\":\"https:\/\/radiolifefm.com.br\/noticias\/\"},{\"@type\":\"ListItem\",\"position\":2,\"name\":\"Chuva forte com ventania derruba \u00e1rvores e obstrui parte da Rodovia Comandante Ribeiro de Barros em Adamantina\"}]},{\"@type\":\"WebSite\",\"@id\":\"https:\/\/radiolifefm.com.br\/noticias\/#website\",\"url\":\"https:\/\/radiolifefm.com.br\/noticias\/\",\"name\":\"R\u00e1dio Life FM\",\"description\":\"O Portal de Not\u00edcias de Adamantina\",\"publisher\":{\"@id\":\"https:\/\/radiolifefm.com.br\/noticias\/#organization\"},\"alternateName\":\"Life FM\",\"potentialAction\":[{\"@type\":\"SearchAction\",\"target\":{\"@type\":\"EntryPoint\",\"urlTemplate\":\"https:\/\/radiolifefm.com.br\/noticias\/?s={search_term_string}\"},\"query-input\":{\"@type\":\"PropertyValueSpecification\",\"valueRequired\":true,\"valueName\":\"search_term_string\"}}],\"inLanguage\":\"pt-BR\"},{\"@type\":\"Organization\",\"@id\":\"https:\/\/radiolifefm.com.br\/noticias\/#organization\",\"name\":\"R\u00e1dio Life FM\",\"alternateName\":\"Life FM\",\"url\":\"https:\/\/radiolifefm.com.br\/noticias\/\",\"logo\":{\"@type\":\"ImageObject\",\"inLanguage\":\"pt-BR\",\"@id\":\"https:\/\/radiolifefm.com.br\/noticias\/#\/schema\/logo\/image\/\",\"url\":\"https:\/\/static.radiolifefm.com.br\/noticias\/wp-content\/uploads\/2019\/10\/logo-lifefm.png\",\"contentUrl\":\"https:\/\/static.radiolifefm.com.br\/noticias\/wp-content\/uploads\/2019\/10\/logo-lifefm.png\",\"width\":196,\"height\":47,\"caption\":\"R\u00e1dio Life FM\"},\"image\":{\"@id\":\"https:\/\/radiolifefm.com.br\/noticias\/#\/schema\/logo\/image\/\"},\"sameAs\":[\"https:\/\/www.facebook.com\/radiolifefm\/\",\"https:\/\/www.instagram.com\/life1079fm\/\"]},{\"@type\":\"Person\",\"@id\":\"https:\/\/radiolifefm.com.br\/noticias\/#\/schema\/person\/1d4e4b1301322090c6221bf1c8420490\",\"name\":\"lifefm\",\"image\":{\"@type\":\"ImageObject\",\"inLanguage\":\"pt-BR\",\"@id\":\"https:\/\/secure.gravatar.com\/avatar\/eca268467d925ec97d20641bb054fd944c0abb2f92854171620706bbe6474e7c?s=96&d=mm&r=g\",\"url\":\"https:\/\/secure.gravatar.com\/avatar\/eca268467d925ec97d20641bb054fd944c0abb2f92854171620706bbe6474e7c?s=96&d=mm&r=g\",\"contentUrl\":\"https:\/\/secure.gravatar.com\/avatar\/eca268467d925ec97d20641bb054fd944c0abb2f92854171620706bbe6474e7c?s=96&d=mm&r=g\",\"caption\":\"lifefm\"}}]}<\/script>\n<!-- \/ Yoast SEO plugin. -->","yoast_head_json":{"title":"Chuva forte com ventania derruba \u00e1rvores e obstrui parte da Rodovia Comandante Ribeiro de Barros em Adamantina - R\u00e1dio Life FM","robots":{"index":"index","follow":"follow","max-snippet":"max-snippet:-1","max-image-preview":"max-image-preview:large","max-video-preview":"max-video-preview:-1"},"canonical":"https:\/\/radiolifefm.com.br\/noticias\/chuva-forte-com-ventania-derruba-arvores-e-obstrui-parte-da-rodovia-comandante-ribeiro-de-barros-em-adamantina\/","og_locale":"pt_BR","og_type":"article","og_title":"Chuva forte com ventania derruba \u00e1rvores e obstrui parte da Rodovia Comandante Ribeiro de Barros em Adamantina - R\u00e1dio Life FM","og_description":"Pista ficou parcialmente interditada no trecho pr\u00f3ximo a base da Pol\u00edcia Rodovi\u00e1ria No in\u00edcio da tarde desta segunda feira (21), um temporal com ventos fortes e chuva caiu sobre a regi\u00e3o causando v\u00e1rios transtornos. Em v\u00e1rias cidades \u00e1rvores ca\u00edram, galhos foram arrancados e atirados longe, alguns atingiram fios da rede el\u00e9trica, outros atingiram ve\u00edculos estacionados [&hellip;]","og_url":"https:\/\/radiolifefm.com.br\/noticias\/chuva-forte-com-ventania-derruba-arvores-e-obstrui-parte-da-rodovia-comandante-ribeiro-de-barros-em-adamantina\/","og_site_name":"R\u00e1dio Life FM","article_publisher":"https:\/\/www.facebook.com\/radiolifefm\/","article_published_time":"2019-10-21T19:23:55+00:00","article_modified_time":"2026-04-21T12:30:26+00:00","og_image":[{"width":1280,"height":987,"url":"https:\/\/radiolifefm.com.br\/noticias\/wp-content\/uploads\/2019\/10\/Estrada-4.jpg","type":"image\/jpeg"}],"author":"lifefm","twitter_card":"summary_large_image","twitter_misc":{"Escrito por":"lifefm","Est. tempo de leitura":"1 minuto"},"schema":{"@context":"https:\/\/schema.org","@graph":[{"@type":"Article","@id":"https:\/\/radiolifefm.com.br\/noticias\/chuva-forte-com-ventania-derruba-arvores-e-obstrui-parte-da-rodovia-comandante-ribeiro-de-barros-em-adamantina\/#article","isPartOf":{"@id":"https:\/\/radiolifefm.com.br\/noticias\/chuva-forte-com-ventania-derruba-arvores-e-obstrui-parte-da-rodovia-comandante-ribeiro-de-barros-em-adamantina\/"},"author":{"name":"lifefm","@id":"https:\/\/radiolifefm.com.br\/noticias\/#\/schema\/person\/1d4e4b1301322090c6221bf1c8420490"},"headline":"Chuva forte com ventania derruba \u00e1rvores e obstrui parte da Rodovia Comandante Ribeiro de Barros em Adamantina","datePublished":"2019-10-21T19:23:55+00:00","dateModified":"2026-04-21T12:30:26+00:00","mainEntityOfPage":{"@id":"https:\/\/radiolifefm.com.br\/noticias\/chuva-forte-com-ventania-derruba-arvores-e-obstrui-parte-da-rodovia-comandante-ribeiro-de-barros-em-adamantina\/"},"wordCount":245,"publisher":{"@id":"https:\/\/radiolifefm.com.br\/noticias\/#organization"},"image":{"@id":"https:\/\/radiolifefm.com.br\/noticias\/chuva-forte-com-ventania-derruba-arvores-e-obstrui-parte-da-rodovia-comandante-ribeiro-de-barros-em-adamantina\/#primaryimage"},"thumbnailUrl":"https:\/\/radiolifefm.com.br\/noticias\/wp-content\/uploads\/2019\/10\/Estrada-4.jpg","articleSection":["Regi\u00e3o"],"inLanguage":"pt-BR"},{"@type":"WebPage","@id":"https:\/\/radiolifefm.com.br\/noticias\/chuva-forte-com-ventania-derruba-arvores-e-obstrui-parte-da-rodovia-comandante-ribeiro-de-barros-em-adamantina\/","url":"https:\/\/radiolifefm.com.br\/noticias\/chuva-forte-com-ventania-derruba-arvores-e-obstrui-parte-da-rodovia-comandante-ribeiro-de-barros-em-adamantina\/","name":"Chuva forte com ventania derruba \u00e1rvores e obstrui parte da Rodovia Comandante Ribeiro de Barros em Adamantina - R\u00e1dio Life FM","isPartOf":{"@id":"https:\/\/radiolifefm.com.br\/noticias\/#website"},"primaryImageOfPage":{"@id":"https:\/\/radiolifefm.com.br\/noticias\/chuva-forte-com-ventania-derruba-arvores-e-obstrui-parte-da-rodovia-comandante-ribeiro-de-barros-em-adamantina\/#primaryimage"},"image":{"@id":"https:\/\/radiolifefm.com.br\/noticias\/chuva-forte-com-ventania-derruba-arvores-e-obstrui-parte-da-rodovia-comandante-ribeiro-de-barros-em-adamantina\/#primaryimage"},"thumbnailUrl":"https:\/\/radiolifefm.com.br\/noticias\/wp-content\/uploads\/2019\/10\/Estrada-4.jpg","datePublished":"2019-10-21T19:23:55+00:00","dateModified":"2026-04-21T12:30:26+00:00","breadcrumb":{"@id":"https:\/\/radiolifefm.com.br\/noticias\/chuva-forte-com-ventania-derruba-arvores-e-obstrui-parte-da-rodovia-comandante-ribeiro-de-barros-em-adamantina\/#breadcrumb"},"inLanguage":"pt-BR","potentialAction":[{"@type":"ReadAction","target":["https:\/\/radiolifefm.com.br\/noticias\/chuva-forte-com-ventania-derruba-arvores-e-obstrui-parte-da-rodovia-comandante-ribeiro-de-barros-em-adamantina\/"]}]},{"@type":"ImageObject","inLanguage":"pt-BR","@id":"https:\/\/radiolifefm.com.br\/noticias\/chuva-forte-com-ventania-derruba-arvores-e-obstrui-parte-da-rodovia-comandante-ribeiro-de-barros-em-adamantina\/#primaryimage","url":"https:\/\/radiolifefm.com.br\/noticias\/wp-content\/uploads\/2019\/10\/Estrada-4.jpg","contentUrl":"https:\/\/radiolifefm.com.br\/noticias\/wp-content\/uploads\/2019\/10\/Estrada-4.jpg","width":1280,"height":987,"caption":"\u00c1rvores foram atiradas para o meio da pista de rolamento da rodovia pr\u00f3ximo a Adamantina."},{"@type":"BreadcrumbList","@id":"https:\/\/radiolifefm.com.br\/noticias\/chuva-forte-com-ventania-derruba-arvores-e-obstrui-parte-da-rodovia-comandante-ribeiro-de-barros-em-adamantina\/#breadcrumb","itemListElement":[{"@type":"ListItem","position":1,"name":"In\u00edcio","item":"https:\/\/radiolifefm.com.br\/noticias\/"},{"@type":"ListItem","position":2,"name":"Chuva forte com ventania derruba \u00e1rvores e obstrui parte da Rodovia Comandante Ribeiro de Barros em Adamantina"}]},{"@type":"WebSite","@id":"https:\/\/radiolifefm.com.br\/noticias\/#website","url":"https:\/\/radiolifefm.com.br\/noticias\/","name":"R\u00e1dio Life FM","description":"O Portal de Not\u00edcias de Adamantina","publisher":{"@id":"https:\/\/radiolifefm.com.br\/noticias\/#organization"},"alternateName":"Life FM","potentialAction":[{"@type":"SearchAction","target":{"@type":"EntryPoint","urlTemplate":"https:\/\/radiolifefm.com.br\/noticias\/?s={search_term_string}"},"query-input":{"@type":"PropertyValueSpecification","valueRequired":true,"valueName":"search_term_string"}}],"inLanguage":"pt-BR"},{"@type":"Organization","@id":"https:\/\/radiolifefm.com.br\/noticias\/#organization","name":"R\u00e1dio Life FM","alternateName":"Life FM","url":"https:\/\/radiolifefm.com.br\/noticias\/","logo":{"@type":"ImageObject","inLanguage":"pt-BR","@id":"https:\/\/radiolifefm.com.br\/noticias\/#\/schema\/logo\/image\/","url":"https:\/\/static.radiolifefm.com.br\/noticias\/wp-content\/uploads\/2019\/10\/logo-lifefm.png","contentUrl":"https:\/\/static.radiolifefm.com.br\/noticias\/wp-content\/uploads\/2019\/10\/logo-lifefm.png","width":196,"height":47,"caption":"R\u00e1dio Life FM"},"image":{"@id":"https:\/\/radiolifefm.com.br\/noticias\/#\/schema\/logo\/image\/"},"sameAs":["https:\/\/www.facebook.com\/radiolifefm\/","https:\/\/www.instagram.com\/life1079fm\/"]},{"@type":"Person","@id":"https:\/\/radiolifefm.com.br\/noticias\/#\/schema\/person\/1d4e4b1301322090c6221bf1c8420490","name":"lifefm","image":{"@type":"ImageObject","inLanguage":"pt-BR","@id":"https:\/\/secure.gravatar.com\/avatar\/eca268467d925ec97d20641bb054fd944c0abb2f92854171620706bbe6474e7c?s=96&d=mm&r=g","url":"https:\/\/secure.gravatar.com\/avatar\/eca268467d925ec97d20641bb054fd944c0abb2f92854171620706bbe6474e7c?s=96&d=mm&r=g","contentUrl":"https:\/\/secure.gravatar.com\/avatar\/eca268467d925ec97d20641bb054fd944c0abb2f92854171620706bbe6474e7c?s=96&d=mm&r=g","caption":"lifefm"}}]}},"amp_enabled":true,"_links":{"self":[{"href":"https:\/\/radiolifefm.com.br\/noticias\/wp-json\/wp\/v2\/posts\/17332","targetHints":{"allow":["GET"]}}],"collection":[{"href":"https:\/\/radiolifefm.com.br\/noticias\/wp-json\/wp\/v2\/posts"}],"about":[{"href":"https:\/\/radiolifefm.com.br\/noticias\/wp-json\/wp\/v2\/types\/post"}],"author":[{"embeddable":true,"href":"https:\/\/radiolifefm.com.br\/noticias\/wp-json\/wp\/v2\/users\/3"}],"replies":[{"embeddable":true,"href":"https:\/\/radiolifefm.com.br\/noticias\/wp-json\/wp\/v2\/comments?post=17332"}],"version-history":[{"count":1,"href":"https:\/\/radiolifefm.com.br\/noticias\/wp-json\/wp\/v2\/posts\/17332\/revisions"}],"predecessor-version":[{"id":17340,"href":"https:\/\/radiolifefm.com.br\/noticias\/wp-json\/wp\/v2\/posts\/17332\/revisions\/17340"}],"wp:featuredmedia":[{"embeddable":true,"href":"https:\/\/radiolifefm.com.br\/noticias\/wp-json\/wp\/v2\/media\/17337"}],"wp:attachment":[{"href":"https:\/\/radiolifefm.com.br\/noticias\/wp-json\/wp\/v2\/media?parent=17332"}],"wp:term":[{"taxonomy":"category","embeddable":true,"href":"https:\/\/radiolifefm.com.br\/noticias\/wp-json\/wp\/v2\/categories?post=17332"},{"taxonomy":"post_tag","embeddable":true,"href":"https:\/\/radiolifefm.com.br\/noticias\/wp-json\/wp\/v2\/tags?post=17332"}],"curies":[{"name":"wp","href":"https:\/\/api.w.org\/{rel}","templated":true}]}}