{"id":17310,"date":"2019-10-21T08:36:14","date_gmt":"2019-10-21T11:36:14","guid":{"rendered":"https:\/\/radiolifefm.com.br\/noticias\/?p=17310"},"modified":"2026-04-24T04:25:01","modified_gmt":"2026-04-24T07:25:01","slug":"policia-militar-registra-dois-homicidios-na-noite-deste-sabado-em-osvaldo-cruz","status":"publish","type":"post","link":"https:\/\/radiolifefm.com.br\/noticias\/policia-militar-registra-dois-homicidios-na-noite-deste-sabado-em-osvaldo-cruz\/","title":{"rendered":"Pol\u00edcia Militar registra dois homic\u00eddios na noite deste s\u00e1bado em Osvaldo Cruz"},"content":{"rendered":"<div id=\"fb-root\"><\/div>\n<p><em>As v\u00edtimas s\u00e3o duas mulheres<\/em><\/p>\n<p>A Pol\u00edcia Militar de Osvaldo Cruz foi acionada na noite deste s\u00e1bado (19), para comparecer na Rua Benedito Cassirarghi, na Vila Cavaru, onde teria ocorrido um duplo homic\u00eddio.<\/p>\n<p>Segundo informa\u00e7\u00f5es do Boletim de Ocorr\u00eancia, a mototaxista Franciele Aparecida Ortega, de 29 anos, e Taiane Ma\u00edsa da Silva Ladeia, de 25 anos, teriam se agredido e trocado golpes de faca. Ambas faleceram.<\/p>\n<p>Conforme consta em B.O., Franciele Ortega teria se dirigido at\u00e9 a resid\u00eancia de Taiane Ma\u00edsa Ladeia, em poder de uma faca com o objetivo de tirar satisfa\u00e7\u00f5es com a mesma. Chegando ao local, as duas teriam entrado em luta corporal, onde teria ocorrido um embate com golpes m\u00fatuos de faca.<\/p>\n<p>Franciele Ortega foi socorrida pela Unidade de Resgate do Corpo de Bombeiros para a Santa Casa local, onde seu \u00f3bito foi contatado. Sobre o seu corpo teria sido localizada uma faca, com cabo de madeira e l\u00e2mina de aproximadamente 15 cent\u00edmetros.<\/p>\n<p>Ela teria aproximadamente sete ferimentos produzidos por golpes de faca em seu corpo, na face, nariz, queixo, regi\u00e3o esquerda do t\u00f3rax e antebra\u00e7o esquerdo.<\/p>\n<p>Taiane Ladeia foi socorrida por populares para a Santa Casa local, por\u00e9m, tamb\u00e9m n\u00e3o resistiu aos ferimentos e faleceu. Ela tamb\u00e9m teria aproximadamente sete ferimentos de faca, na regi\u00e3o jugular esquerda, m\u00e3o esquerda, regi\u00e3o esquerda do t\u00f3rax, bra\u00e7o e antebra\u00e7o esquerdos.<\/p>\n<p>A Pol\u00edcia Civil ir\u00e1 investigar as causas do ocorrido.<\/p>\n<p>&nbsp;<\/p>\n<p>Ocnews<\/p>\n","protected":false},"excerpt":{"rendered":"<p>As v\u00edtimas s\u00e3o duas mulheres A Pol\u00edcia Militar de Osvaldo Cruz foi acionada na noite deste s\u00e1bado (19), para comparecer na Rua Benedito Cassirarghi, na Vila Cavaru, onde teria ocorrido um duplo homic\u00eddio. Segundo informa\u00e7\u00f5es do Boletim de Ocorr\u00eancia, a mototaxista Franciele Aparecida Ortega, de 29 anos, e Taiane Ma\u00edsa da Silva Ladeia, de 25 [&hellip;]<\/p>\n","protected":false},"author":3,"featured_media":17311,"comment_status":"closed","ping_status":"open","sticky":false,"template":"","format":"standard","meta":{"_acf_changed":false,"_exactmetrics_skip_tracking":false,"_exactmetrics_sitenote_active":false,"_exactmetrics_sitenote_note":"","_exactmetrics_sitenote_category":0,"footnotes":""},"categories":[24],"tags":[],"class_list":["post-17310","post","type-post","status-publish","format-standard","has-post-thumbnail","hentry","category-regiao"],"acf":[],"yoast_head":"<!-- This site is optimized with the Yoast SEO plugin v27.2 - https:\/\/yoast.com\/product\/yoast-seo-wordpress\/ -->\n<title>Pol\u00edcia Militar registra dois homic\u00eddios na noite deste s\u00e1bado em Osvaldo Cruz - R\u00e1dio Life FM<\/title>\n<meta name=\"robots\" content=\"index, follow, max-snippet:-1, max-image-preview:large, max-video-preview:-1\" \/>\n<link rel=\"canonical\" href=\"https:\/\/radiolifefm.com.br\/noticias\/policia-militar-registra-dois-homicidios-na-noite-deste-sabado-em-osvaldo-cruz\/\" \/>\n<meta property=\"og:locale\" content=\"pt_BR\" \/>\n<meta property=\"og:type\" content=\"article\" \/>\n<meta property=\"og:title\" content=\"Pol\u00edcia Militar registra dois homic\u00eddios na noite deste s\u00e1bado em Osvaldo Cruz - R\u00e1dio Life FM\" \/>\n<meta property=\"og:description\" content=\"As v\u00edtimas s\u00e3o duas mulheres A Pol\u00edcia Militar de Osvaldo Cruz foi acionada na noite deste s\u00e1bado (19), para comparecer na Rua Benedito Cassirarghi, na Vila Cavaru, onde teria ocorrido um duplo homic\u00eddio. Segundo informa\u00e7\u00f5es do Boletim de Ocorr\u00eancia, a mototaxista Franciele Aparecida Ortega, de 29 anos, e Taiane Ma\u00edsa da Silva Ladeia, de 25 [&hellip;]\" \/>\n<meta property=\"og:url\" content=\"https:\/\/radiolifefm.com.br\/noticias\/policia-militar-registra-dois-homicidios-na-noite-deste-sabado-em-osvaldo-cruz\/\" \/>\n<meta property=\"og:site_name\" content=\"R\u00e1dio Life FM\" \/>\n<meta property=\"article:publisher\" content=\"https:\/\/www.facebook.com\/radiolifefm\/\" \/>\n<meta property=\"article:published_time\" content=\"2019-10-21T11:36:14+00:00\" \/>\n<meta property=\"article:modified_time\" content=\"2026-04-24T07:25:01+00:00\" \/>\n<meta property=\"og:image\" content=\"https:\/\/radiolifefm.com.br\/noticias\/wp-content\/uploads\/2019\/10\/Mulheres-morreram.jpeg\" \/>\n\t<meta property=\"og:image:width\" content=\"540\" \/>\n\t<meta property=\"og:image:height\" content=\"540\" \/>\n\t<meta property=\"og:image:type\" content=\"image\/jpeg\" \/>\n<meta name=\"author\" content=\"lifefm\" \/>\n<meta name=\"twitter:card\" content=\"summary_large_image\" \/>\n<meta name=\"twitter:label1\" content=\"Escrito por\" \/>\n\t<meta name=\"twitter:data1\" content=\"lifefm\" \/>\n\t<meta name=\"twitter:label2\" content=\"Est. tempo de leitura\" \/>\n\t<meta name=\"twitter:data2\" content=\"1 minuto\" \/>\n<script type=\"application\/ld+json\" class=\"yoast-schema-graph\">{\"@context\":\"https:\/\/schema.org\",\"@graph\":[{\"@type\":\"Article\",\"@id\":\"https:\/\/radiolifefm.com.br\/noticias\/policia-militar-registra-dois-homicidios-na-noite-deste-sabado-em-osvaldo-cruz\/#article\",\"isPartOf\":{\"@id\":\"https:\/\/radiolifefm.com.br\/noticias\/policia-militar-registra-dois-homicidios-na-noite-deste-sabado-em-osvaldo-cruz\/\"},\"author\":{\"name\":\"lifefm\",\"@id\":\"https:\/\/radiolifefm.com.br\/noticias\/#\/schema\/person\/1d4e4b1301322090c6221bf1c8420490\"},\"headline\":\"Pol\u00edcia Militar registra dois homic\u00eddios na noite deste s\u00e1bado em Osvaldo Cruz\",\"datePublished\":\"2019-10-21T11:36:14+00:00\",\"dateModified\":\"2026-04-24T07:25:01+00:00\",\"mainEntityOfPage\":{\"@id\":\"https:\/\/radiolifefm.com.br\/noticias\/policia-militar-registra-dois-homicidios-na-noite-deste-sabado-em-osvaldo-cruz\/\"},\"wordCount\":273,\"publisher\":{\"@id\":\"https:\/\/radiolifefm.com.br\/noticias\/#organization\"},\"image\":{\"@id\":\"https:\/\/radiolifefm.com.br\/noticias\/policia-militar-registra-dois-homicidios-na-noite-deste-sabado-em-osvaldo-cruz\/#primaryimage\"},\"thumbnailUrl\":\"https:\/\/radiolifefm.com.br\/noticias\/wp-content\/uploads\/2019\/10\/Mulheres-morreram.jpeg\",\"articleSection\":[\"Regi\u00e3o\"],\"inLanguage\":\"pt-BR\"},{\"@type\":\"WebPage\",\"@id\":\"https:\/\/radiolifefm.com.br\/noticias\/policia-militar-registra-dois-homicidios-na-noite-deste-sabado-em-osvaldo-cruz\/\",\"url\":\"https:\/\/radiolifefm.com.br\/noticias\/policia-militar-registra-dois-homicidios-na-noite-deste-sabado-em-osvaldo-cruz\/\",\"name\":\"Pol\u00edcia Militar registra dois homic\u00eddios na noite deste s\u00e1bado em Osvaldo Cruz - R\u00e1dio Life FM\",\"isPartOf\":{\"@id\":\"https:\/\/radiolifefm.com.br\/noticias\/#website\"},\"primaryImageOfPage\":{\"@id\":\"https:\/\/radiolifefm.com.br\/noticias\/policia-militar-registra-dois-homicidios-na-noite-deste-sabado-em-osvaldo-cruz\/#primaryimage\"},\"image\":{\"@id\":\"https:\/\/radiolifefm.com.br\/noticias\/policia-militar-registra-dois-homicidios-na-noite-deste-sabado-em-osvaldo-cruz\/#primaryimage\"},\"thumbnailUrl\":\"https:\/\/radiolifefm.com.br\/noticias\/wp-content\/uploads\/2019\/10\/Mulheres-morreram.jpeg\",\"datePublished\":\"2019-10-21T11:36:14+00:00\",\"dateModified\":\"2026-04-24T07:25:01+00:00\",\"breadcrumb\":{\"@id\":\"https:\/\/radiolifefm.com.br\/noticias\/policia-militar-registra-dois-homicidios-na-noite-deste-sabado-em-osvaldo-cruz\/#breadcrumb\"},\"inLanguage\":\"pt-BR\",\"potentialAction\":[{\"@type\":\"ReadAction\",\"target\":[\"https:\/\/radiolifefm.com.br\/noticias\/policia-militar-registra-dois-homicidios-na-noite-deste-sabado-em-osvaldo-cruz\/\"]}]},{\"@type\":\"ImageObject\",\"inLanguage\":\"pt-BR\",\"@id\":\"https:\/\/radiolifefm.com.br\/noticias\/policia-militar-registra-dois-homicidios-na-noite-deste-sabado-em-osvaldo-cruz\/#primaryimage\",\"url\":\"https:\/\/radiolifefm.com.br\/noticias\/wp-content\/uploads\/2019\/10\/Mulheres-morreram.jpeg\",\"contentUrl\":\"https:\/\/radiolifefm.com.br\/noticias\/wp-content\/uploads\/2019\/10\/Mulheres-morreram.jpeg\",\"width\":540,\"height\":540},{\"@type\":\"BreadcrumbList\",\"@id\":\"https:\/\/radiolifefm.com.br\/noticias\/policia-militar-registra-dois-homicidios-na-noite-deste-sabado-em-osvaldo-cruz\/#breadcrumb\",\"itemListElement\":[{\"@type\":\"ListItem\",\"position\":1,\"name\":\"In\u00edcio\",\"item\":\"https:\/\/radiolifefm.com.br\/noticias\/\"},{\"@type\":\"ListItem\",\"position\":2,\"name\":\"Pol\u00edcia Militar registra dois homic\u00eddios na noite deste s\u00e1bado em Osvaldo Cruz\"}]},{\"@type\":\"WebSite\",\"@id\":\"https:\/\/radiolifefm.com.br\/noticias\/#website\",\"url\":\"https:\/\/radiolifefm.com.br\/noticias\/\",\"name\":\"R\u00e1dio Life FM\",\"description\":\"O Portal de Not\u00edcias de Adamantina\",\"publisher\":{\"@id\":\"https:\/\/radiolifefm.com.br\/noticias\/#organization\"},\"alternateName\":\"Life FM\",\"potentialAction\":[{\"@type\":\"SearchAction\",\"target\":{\"@type\":\"EntryPoint\",\"urlTemplate\":\"https:\/\/radiolifefm.com.br\/noticias\/?s={search_term_string}\"},\"query-input\":{\"@type\":\"PropertyValueSpecification\",\"valueRequired\":true,\"valueName\":\"search_term_string\"}}],\"inLanguage\":\"pt-BR\"},{\"@type\":\"Organization\",\"@id\":\"https:\/\/radiolifefm.com.br\/noticias\/#organization\",\"name\":\"R\u00e1dio Life FM\",\"alternateName\":\"Life FM\",\"url\":\"https:\/\/radiolifefm.com.br\/noticias\/\",\"logo\":{\"@type\":\"ImageObject\",\"inLanguage\":\"pt-BR\",\"@id\":\"https:\/\/radiolifefm.com.br\/noticias\/#\/schema\/logo\/image\/\",\"url\":\"https:\/\/static.radiolifefm.com.br\/noticias\/wp-content\/uploads\/2019\/10\/logo-lifefm.png\",\"contentUrl\":\"https:\/\/static.radiolifefm.com.br\/noticias\/wp-content\/uploads\/2019\/10\/logo-lifefm.png\",\"width\":196,\"height\":47,\"caption\":\"R\u00e1dio Life FM\"},\"image\":{\"@id\":\"https:\/\/radiolifefm.com.br\/noticias\/#\/schema\/logo\/image\/\"},\"sameAs\":[\"https:\/\/www.facebook.com\/radiolifefm\/\",\"https:\/\/www.instagram.com\/life1079fm\/\"]},{\"@type\":\"Person\",\"@id\":\"https:\/\/radiolifefm.com.br\/noticias\/#\/schema\/person\/1d4e4b1301322090c6221bf1c8420490\",\"name\":\"lifefm\",\"image\":{\"@type\":\"ImageObject\",\"inLanguage\":\"pt-BR\",\"@id\":\"https:\/\/secure.gravatar.com\/avatar\/eca268467d925ec97d20641bb054fd944c0abb2f92854171620706bbe6474e7c?s=96&d=mm&r=g\",\"url\":\"https:\/\/secure.gravatar.com\/avatar\/eca268467d925ec97d20641bb054fd944c0abb2f92854171620706bbe6474e7c?s=96&d=mm&r=g\",\"contentUrl\":\"https:\/\/secure.gravatar.com\/avatar\/eca268467d925ec97d20641bb054fd944c0abb2f92854171620706bbe6474e7c?s=96&d=mm&r=g\",\"caption\":\"lifefm\"}}]}<\/script>\n<!-- \/ Yoast SEO plugin. -->","yoast_head_json":{"title":"Pol\u00edcia Militar registra dois homic\u00eddios na noite deste s\u00e1bado em Osvaldo Cruz - R\u00e1dio Life FM","robots":{"index":"index","follow":"follow","max-snippet":"max-snippet:-1","max-image-preview":"max-image-preview:large","max-video-preview":"max-video-preview:-1"},"canonical":"https:\/\/radiolifefm.com.br\/noticias\/policia-militar-registra-dois-homicidios-na-noite-deste-sabado-em-osvaldo-cruz\/","og_locale":"pt_BR","og_type":"article","og_title":"Pol\u00edcia Militar registra dois homic\u00eddios na noite deste s\u00e1bado em Osvaldo Cruz - R\u00e1dio Life FM","og_description":"As v\u00edtimas s\u00e3o duas mulheres A Pol\u00edcia Militar de Osvaldo Cruz foi acionada na noite deste s\u00e1bado (19), para comparecer na Rua Benedito Cassirarghi, na Vila Cavaru, onde teria ocorrido um duplo homic\u00eddio. Segundo informa\u00e7\u00f5es do Boletim de Ocorr\u00eancia, a mototaxista Franciele Aparecida Ortega, de 29 anos, e Taiane Ma\u00edsa da Silva Ladeia, de 25 [&hellip;]","og_url":"https:\/\/radiolifefm.com.br\/noticias\/policia-militar-registra-dois-homicidios-na-noite-deste-sabado-em-osvaldo-cruz\/","og_site_name":"R\u00e1dio Life FM","article_publisher":"https:\/\/www.facebook.com\/radiolifefm\/","article_published_time":"2019-10-21T11:36:14+00:00","article_modified_time":"2026-04-24T07:25:01+00:00","og_image":[{"width":540,"height":540,"url":"https:\/\/radiolifefm.com.br\/noticias\/wp-content\/uploads\/2019\/10\/Mulheres-morreram.jpeg","type":"image\/jpeg"}],"author":"lifefm","twitter_card":"summary_large_image","twitter_misc":{"Escrito por":"lifefm","Est. tempo de leitura":"1 minuto"},"schema":{"@context":"https:\/\/schema.org","@graph":[{"@type":"Article","@id":"https:\/\/radiolifefm.com.br\/noticias\/policia-militar-registra-dois-homicidios-na-noite-deste-sabado-em-osvaldo-cruz\/#article","isPartOf":{"@id":"https:\/\/radiolifefm.com.br\/noticias\/policia-militar-registra-dois-homicidios-na-noite-deste-sabado-em-osvaldo-cruz\/"},"author":{"name":"lifefm","@id":"https:\/\/radiolifefm.com.br\/noticias\/#\/schema\/person\/1d4e4b1301322090c6221bf1c8420490"},"headline":"Pol\u00edcia Militar registra dois homic\u00eddios na noite deste s\u00e1bado em Osvaldo Cruz","datePublished":"2019-10-21T11:36:14+00:00","dateModified":"2026-04-24T07:25:01+00:00","mainEntityOfPage":{"@id":"https:\/\/radiolifefm.com.br\/noticias\/policia-militar-registra-dois-homicidios-na-noite-deste-sabado-em-osvaldo-cruz\/"},"wordCount":273,"publisher":{"@id":"https:\/\/radiolifefm.com.br\/noticias\/#organization"},"image":{"@id":"https:\/\/radiolifefm.com.br\/noticias\/policia-militar-registra-dois-homicidios-na-noite-deste-sabado-em-osvaldo-cruz\/#primaryimage"},"thumbnailUrl":"https:\/\/radiolifefm.com.br\/noticias\/wp-content\/uploads\/2019\/10\/Mulheres-morreram.jpeg","articleSection":["Regi\u00e3o"],"inLanguage":"pt-BR"},{"@type":"WebPage","@id":"https:\/\/radiolifefm.com.br\/noticias\/policia-militar-registra-dois-homicidios-na-noite-deste-sabado-em-osvaldo-cruz\/","url":"https:\/\/radiolifefm.com.br\/noticias\/policia-militar-registra-dois-homicidios-na-noite-deste-sabado-em-osvaldo-cruz\/","name":"Pol\u00edcia Militar registra dois homic\u00eddios na noite deste s\u00e1bado em Osvaldo Cruz - R\u00e1dio Life FM","isPartOf":{"@id":"https:\/\/radiolifefm.com.br\/noticias\/#website"},"primaryImageOfPage":{"@id":"https:\/\/radiolifefm.com.br\/noticias\/policia-militar-registra-dois-homicidios-na-noite-deste-sabado-em-osvaldo-cruz\/#primaryimage"},"image":{"@id":"https:\/\/radiolifefm.com.br\/noticias\/policia-militar-registra-dois-homicidios-na-noite-deste-sabado-em-osvaldo-cruz\/#primaryimage"},"thumbnailUrl":"https:\/\/radiolifefm.com.br\/noticias\/wp-content\/uploads\/2019\/10\/Mulheres-morreram.jpeg","datePublished":"2019-10-21T11:36:14+00:00","dateModified":"2026-04-24T07:25:01+00:00","breadcrumb":{"@id":"https:\/\/radiolifefm.com.br\/noticias\/policia-militar-registra-dois-homicidios-na-noite-deste-sabado-em-osvaldo-cruz\/#breadcrumb"},"inLanguage":"pt-BR","potentialAction":[{"@type":"ReadAction","target":["https:\/\/radiolifefm.com.br\/noticias\/policia-militar-registra-dois-homicidios-na-noite-deste-sabado-em-osvaldo-cruz\/"]}]},{"@type":"ImageObject","inLanguage":"pt-BR","@id":"https:\/\/radiolifefm.com.br\/noticias\/policia-militar-registra-dois-homicidios-na-noite-deste-sabado-em-osvaldo-cruz\/#primaryimage","url":"https:\/\/radiolifefm.com.br\/noticias\/wp-content\/uploads\/2019\/10\/Mulheres-morreram.jpeg","contentUrl":"https:\/\/radiolifefm.com.br\/noticias\/wp-content\/uploads\/2019\/10\/Mulheres-morreram.jpeg","width":540,"height":540},{"@type":"BreadcrumbList","@id":"https:\/\/radiolifefm.com.br\/noticias\/policia-militar-registra-dois-homicidios-na-noite-deste-sabado-em-osvaldo-cruz\/#breadcrumb","itemListElement":[{"@type":"ListItem","position":1,"name":"In\u00edcio","item":"https:\/\/radiolifefm.com.br\/noticias\/"},{"@type":"ListItem","position":2,"name":"Pol\u00edcia Militar registra dois homic\u00eddios na noite deste s\u00e1bado em Osvaldo Cruz"}]},{"@type":"WebSite","@id":"https:\/\/radiolifefm.com.br\/noticias\/#website","url":"https:\/\/radiolifefm.com.br\/noticias\/","name":"R\u00e1dio Life FM","description":"O Portal de Not\u00edcias de Adamantina","publisher":{"@id":"https:\/\/radiolifefm.com.br\/noticias\/#organization"},"alternateName":"Life FM","potentialAction":[{"@type":"SearchAction","target":{"@type":"EntryPoint","urlTemplate":"https:\/\/radiolifefm.com.br\/noticias\/?s={search_term_string}"},"query-input":{"@type":"PropertyValueSpecification","valueRequired":true,"valueName":"search_term_string"}}],"inLanguage":"pt-BR"},{"@type":"Organization","@id":"https:\/\/radiolifefm.com.br\/noticias\/#organization","name":"R\u00e1dio Life FM","alternateName":"Life FM","url":"https:\/\/radiolifefm.com.br\/noticias\/","logo":{"@type":"ImageObject","inLanguage":"pt-BR","@id":"https:\/\/radiolifefm.com.br\/noticias\/#\/schema\/logo\/image\/","url":"https:\/\/static.radiolifefm.com.br\/noticias\/wp-content\/uploads\/2019\/10\/logo-lifefm.png","contentUrl":"https:\/\/static.radiolifefm.com.br\/noticias\/wp-content\/uploads\/2019\/10\/logo-lifefm.png","width":196,"height":47,"caption":"R\u00e1dio Life FM"},"image":{"@id":"https:\/\/radiolifefm.com.br\/noticias\/#\/schema\/logo\/image\/"},"sameAs":["https:\/\/www.facebook.com\/radiolifefm\/","https:\/\/www.instagram.com\/life1079fm\/"]},{"@type":"Person","@id":"https:\/\/radiolifefm.com.br\/noticias\/#\/schema\/person\/1d4e4b1301322090c6221bf1c8420490","name":"lifefm","image":{"@type":"ImageObject","inLanguage":"pt-BR","@id":"https:\/\/secure.gravatar.com\/avatar\/eca268467d925ec97d20641bb054fd944c0abb2f92854171620706bbe6474e7c?s=96&d=mm&r=g","url":"https:\/\/secure.gravatar.com\/avatar\/eca268467d925ec97d20641bb054fd944c0abb2f92854171620706bbe6474e7c?s=96&d=mm&r=g","contentUrl":"https:\/\/secure.gravatar.com\/avatar\/eca268467d925ec97d20641bb054fd944c0abb2f92854171620706bbe6474e7c?s=96&d=mm&r=g","caption":"lifefm"}}]}},"amp_enabled":true,"_links":{"self":[{"href":"https:\/\/radiolifefm.com.br\/noticias\/wp-json\/wp\/v2\/posts\/17310","targetHints":{"allow":["GET"]}}],"collection":[{"href":"https:\/\/radiolifefm.com.br\/noticias\/wp-json\/wp\/v2\/posts"}],"about":[{"href":"https:\/\/radiolifefm.com.br\/noticias\/wp-json\/wp\/v2\/types\/post"}],"author":[{"embeddable":true,"href":"https:\/\/radiolifefm.com.br\/noticias\/wp-json\/wp\/v2\/users\/3"}],"replies":[{"embeddable":true,"href":"https:\/\/radiolifefm.com.br\/noticias\/wp-json\/wp\/v2\/comments?post=17310"}],"version-history":[{"count":1,"href":"https:\/\/radiolifefm.com.br\/noticias\/wp-json\/wp\/v2\/posts\/17310\/revisions"}],"predecessor-version":[{"id":17312,"href":"https:\/\/radiolifefm.com.br\/noticias\/wp-json\/wp\/v2\/posts\/17310\/revisions\/17312"}],"wp:featuredmedia":[{"embeddable":true,"href":"https:\/\/radiolifefm.com.br\/noticias\/wp-json\/wp\/v2\/media\/17311"}],"wp:attachment":[{"href":"https:\/\/radiolifefm.com.br\/noticias\/wp-json\/wp\/v2\/media?parent=17310"}],"wp:term":[{"taxonomy":"category","embeddable":true,"href":"https:\/\/radiolifefm.com.br\/noticias\/wp-json\/wp\/v2\/categories?post=17310"},{"taxonomy":"post_tag","embeddable":true,"href":"https:\/\/radiolifefm.com.br\/noticias\/wp-json\/wp\/v2\/tags?post=17310"}],"curies":[{"name":"wp","href":"https:\/\/api.w.org\/{rel}","templated":true}]}}