{"id":17234,"date":"2019-10-17T09:58:25","date_gmt":"2019-10-17T12:58:25","guid":{"rendered":"https:\/\/radiolifefm.com.br\/noticias\/?p=17234"},"modified":"2026-04-25T07:15:01","modified_gmt":"2026-04-25T10:15:01","slug":"idoso-atropelado-em-rodovia-em-dracena-nao-resiste-aos-ferimentos-e-morre-apos-socorro","status":"publish","type":"post","link":"https:\/\/radiolifefm.com.br\/noticias\/idoso-atropelado-em-rodovia-em-dracena-nao-resiste-aos-ferimentos-e-morre-apos-socorro\/","title":{"rendered":"Idoso atropelado em rodovia em Dracena n\u00e3o resiste aos ferimentos e morre ap\u00f3s socorro"},"content":{"rendered":"<div id=\"fb-root\"><\/div>\n<p><em>Homem de 66 anos foi atingido por um carro, na manh\u00e3 desta quarta-feira (16), em um trecho pr\u00f3ximo ao trevo de entrada do distrito de Jamaica<\/em><\/p>\n<p>O idoso de 66 anos que foi v\u00edtima de atropelamento na manh\u00e3 desta quarta-feira (16), em Dracena (SP), n\u00e3o resistiu aos ferimentos e morreu, ap\u00f3s ter sido socorrido.<\/p>\n<p>O homem foi atropelado por um carro, na Rodovia Engenheiro Byron de Azevedo Nogueira, em um trecho pr\u00f3ximo ao trevo de entrada do distrito de Jamaica e \u00e0 Penitenci\u00e1ria de Dracena.<\/p>\n<p>De acordo com as informa\u00e7\u00f5es da Pol\u00edcia Civil, o idoso foi atingido por um carro, com placas de Ouro Verde (SP).<\/p>\n<p>A v\u00edtima foi encontrada inconsciente e com m\u00faltiplas fraturas, conforme o Corpo de Bombeiros. O idoso foi levado pela Unidade de Resgate ao Pronto Atendimento Municipal (PAM), em estado de sa\u00fade considerado grave, mas n\u00e3o resistiu aos ferimentos e morreu \u00e0s 9h05.<\/p>\n<p>O corpo da v\u00edtima foi encaminhado ao Instituto M\u00e9dico Legal (IML) para a realiza\u00e7\u00e3o do exame necrosc\u00f3pico.<\/p>\n<p>A Pol\u00edcia Cient\u00edfica foi acionada para periciar o local do acidente de tr\u00e2nsito e deve indicar as circunst\u00e2ncias do atropelamento.<br \/>\nA Pol\u00edcia Militar Rodovi\u00e1ria tamb\u00e9m esteve no local. No ve\u00edculo, ningu\u00e9m se feriu.<\/p>\n<p>Ainda de acordo com as informa\u00e7\u00f5es policiais, o carro transitava no sentido Ouro Verde\u2013Dracena, quando atropelou o pedestre nas proximidades do km 1,900 da rodovia.<\/p>\n<p>Uma parente da v\u00edtima contou \u00e0 pol\u00edcia que o idoso caminhava pela rodovia, por volta das 6h, quando houve o atropelamento nas proximidades da Penitenci\u00e1ria de Dracena.<\/p>\n<p>O motorista de 21 anos, que conduzia o carro, foi submetido ao teste do baf\u00f4metro, que n\u00e3o constatou nenhum vest\u00edgio de embriaguez.<\/p>\n<p>Um inqu\u00e9rito instaurado pela Pol\u00edcia Civil vai apurar o caso, que foi registrado como homic\u00eddio culposo na dire\u00e7\u00e3o de ve\u00edculo automotor.<\/p>\n<p>A pol\u00edcia aguardar\u00e1 as conclus\u00f5es dos laudos periciais do Instituto de Criminal\u00edstica, que faz os exames no local do acidente, para indicar a din\u00e2mica do que ocorreu e as poss\u00edveis causas, e do IML, que realiza o exame necrosc\u00f3pico, para apontar o que motivou a morte.<\/p>\n<p>A Pol\u00edcia Civil tem 30 dias para a elabora\u00e7\u00e3o do relat\u00f3rio final do inqu\u00e9rito, mas tamb\u00e9m poder\u00e1 pedir a dila\u00e7\u00e3o do prazo, caso falte algum exame ou oitiva de testemunha.<\/p>\n<p>&nbsp;<\/p>\n<p>&nbsp;<\/p>\n<p>Fonte: Carlos Volpi _ TV Fronteira<\/p>\n","protected":false},"excerpt":{"rendered":"<p>Homem de 66 anos foi atingido por um carro, na manh\u00e3 desta quarta-feira (16), em um trecho pr\u00f3ximo ao trevo de entrada do distrito de Jamaica O idoso de 66 anos que foi v\u00edtima de atropelamento na manh\u00e3 desta quarta-feira (16), em Dracena (SP), n\u00e3o resistiu aos ferimentos e morreu, ap\u00f3s ter sido socorrido. O [&hellip;]<\/p>\n","protected":false},"author":3,"featured_media":17235,"comment_status":"closed","ping_status":"open","sticky":false,"template":"","format":"standard","meta":{"_acf_changed":false,"_exactmetrics_skip_tracking":false,"_exactmetrics_sitenote_active":false,"_exactmetrics_sitenote_note":"","_exactmetrics_sitenote_category":0,"footnotes":""},"categories":[24],"tags":[],"class_list":["post-17234","post","type-post","status-publish","format-standard","has-post-thumbnail","hentry","category-regiao"],"acf":[],"yoast_head":"<!-- This site is optimized with the Yoast SEO plugin v27.2 - https:\/\/yoast.com\/product\/yoast-seo-wordpress\/ -->\n<title>Idoso atropelado em rodovia em Dracena n\u00e3o resiste aos ferimentos e morre ap\u00f3s socorro - R\u00e1dio Life FM<\/title>\n<meta name=\"robots\" content=\"index, follow, max-snippet:-1, max-image-preview:large, max-video-preview:-1\" \/>\n<link rel=\"canonical\" href=\"https:\/\/radiolifefm.com.br\/noticias\/idoso-atropelado-em-rodovia-em-dracena-nao-resiste-aos-ferimentos-e-morre-apos-socorro\/\" \/>\n<meta property=\"og:locale\" content=\"pt_BR\" \/>\n<meta property=\"og:type\" content=\"article\" \/>\n<meta property=\"og:title\" content=\"Idoso atropelado em rodovia em Dracena n\u00e3o resiste aos ferimentos e morre ap\u00f3s socorro - R\u00e1dio Life FM\" \/>\n<meta property=\"og:description\" content=\"Homem de 66 anos foi atingido por um carro, na manh\u00e3 desta quarta-feira (16), em um trecho pr\u00f3ximo ao trevo de entrada do distrito de Jamaica O idoso de 66 anos que foi v\u00edtima de atropelamento na manh\u00e3 desta quarta-feira (16), em Dracena (SP), n\u00e3o resistiu aos ferimentos e morreu, ap\u00f3s ter sido socorrido. O [&hellip;]\" \/>\n<meta property=\"og:url\" content=\"https:\/\/radiolifefm.com.br\/noticias\/idoso-atropelado-em-rodovia-em-dracena-nao-resiste-aos-ferimentos-e-morre-apos-socorro\/\" \/>\n<meta property=\"og:site_name\" content=\"R\u00e1dio Life FM\" \/>\n<meta property=\"article:publisher\" content=\"https:\/\/www.facebook.com\/radiolifefm\/\" \/>\n<meta property=\"article:published_time\" content=\"2019-10-17T12:58:25+00:00\" \/>\n<meta property=\"article:modified_time\" content=\"2026-04-25T10:15:01+00:00\" \/>\n<meta property=\"og:image\" content=\"https:\/\/radiolifefm.com.br\/noticias\/wp-content\/uploads\/2019\/10\/Idoso-atropelado-Dracena.jpg\" \/>\n\t<meta property=\"og:image:width\" content=\"620\" \/>\n\t<meta property=\"og:image:height\" content=\"486\" \/>\n\t<meta property=\"og:image:type\" content=\"image\/jpeg\" \/>\n<meta name=\"author\" content=\"lifefm\" \/>\n<meta name=\"twitter:card\" content=\"summary_large_image\" \/>\n<meta name=\"twitter:label1\" content=\"Escrito por\" \/>\n\t<meta name=\"twitter:data1\" content=\"lifefm\" \/>\n\t<meta name=\"twitter:label2\" content=\"Est. tempo de leitura\" \/>\n\t<meta name=\"twitter:data2\" content=\"2 minutos\" \/>\n<script type=\"application\/ld+json\" class=\"yoast-schema-graph\">{\"@context\":\"https:\/\/schema.org\",\"@graph\":[{\"@type\":\"Article\",\"@id\":\"https:\/\/radiolifefm.com.br\/noticias\/idoso-atropelado-em-rodovia-em-dracena-nao-resiste-aos-ferimentos-e-morre-apos-socorro\/#article\",\"isPartOf\":{\"@id\":\"https:\/\/radiolifefm.com.br\/noticias\/idoso-atropelado-em-rodovia-em-dracena-nao-resiste-aos-ferimentos-e-morre-apos-socorro\/\"},\"author\":{\"name\":\"lifefm\",\"@id\":\"https:\/\/radiolifefm.com.br\/noticias\/#\/schema\/person\/1d4e4b1301322090c6221bf1c8420490\"},\"headline\":\"Idoso atropelado em rodovia em Dracena n\u00e3o resiste aos ferimentos e morre ap\u00f3s socorro\",\"datePublished\":\"2019-10-17T12:58:25+00:00\",\"dateModified\":\"2026-04-25T10:15:01+00:00\",\"mainEntityOfPage\":{\"@id\":\"https:\/\/radiolifefm.com.br\/noticias\/idoso-atropelado-em-rodovia-em-dracena-nao-resiste-aos-ferimentos-e-morre-apos-socorro\/\"},\"wordCount\":433,\"publisher\":{\"@id\":\"https:\/\/radiolifefm.com.br\/noticias\/#organization\"},\"image\":{\"@id\":\"https:\/\/radiolifefm.com.br\/noticias\/idoso-atropelado-em-rodovia-em-dracena-nao-resiste-aos-ferimentos-e-morre-apos-socorro\/#primaryimage\"},\"thumbnailUrl\":\"https:\/\/radiolifefm.com.br\/noticias\/wp-content\/uploads\/2019\/10\/Idoso-atropelado-Dracena.jpg\",\"articleSection\":[\"Regi\u00e3o\"],\"inLanguage\":\"pt-BR\"},{\"@type\":\"WebPage\",\"@id\":\"https:\/\/radiolifefm.com.br\/noticias\/idoso-atropelado-em-rodovia-em-dracena-nao-resiste-aos-ferimentos-e-morre-apos-socorro\/\",\"url\":\"https:\/\/radiolifefm.com.br\/noticias\/idoso-atropelado-em-rodovia-em-dracena-nao-resiste-aos-ferimentos-e-morre-apos-socorro\/\",\"name\":\"Idoso atropelado em rodovia em Dracena n\u00e3o resiste aos ferimentos e morre ap\u00f3s socorro - R\u00e1dio Life FM\",\"isPartOf\":{\"@id\":\"https:\/\/radiolifefm.com.br\/noticias\/#website\"},\"primaryImageOfPage\":{\"@id\":\"https:\/\/radiolifefm.com.br\/noticias\/idoso-atropelado-em-rodovia-em-dracena-nao-resiste-aos-ferimentos-e-morre-apos-socorro\/#primaryimage\"},\"image\":{\"@id\":\"https:\/\/radiolifefm.com.br\/noticias\/idoso-atropelado-em-rodovia-em-dracena-nao-resiste-aos-ferimentos-e-morre-apos-socorro\/#primaryimage\"},\"thumbnailUrl\":\"https:\/\/radiolifefm.com.br\/noticias\/wp-content\/uploads\/2019\/10\/Idoso-atropelado-Dracena.jpg\",\"datePublished\":\"2019-10-17T12:58:25+00:00\",\"dateModified\":\"2026-04-25T10:15:01+00:00\",\"breadcrumb\":{\"@id\":\"https:\/\/radiolifefm.com.br\/noticias\/idoso-atropelado-em-rodovia-em-dracena-nao-resiste-aos-ferimentos-e-morre-apos-socorro\/#breadcrumb\"},\"inLanguage\":\"pt-BR\",\"potentialAction\":[{\"@type\":\"ReadAction\",\"target\":[\"https:\/\/radiolifefm.com.br\/noticias\/idoso-atropelado-em-rodovia-em-dracena-nao-resiste-aos-ferimentos-e-morre-apos-socorro\/\"]}]},{\"@type\":\"ImageObject\",\"inLanguage\":\"pt-BR\",\"@id\":\"https:\/\/radiolifefm.com.br\/noticias\/idoso-atropelado-em-rodovia-em-dracena-nao-resiste-aos-ferimentos-e-morre-apos-socorro\/#primaryimage\",\"url\":\"https:\/\/radiolifefm.com.br\/noticias\/wp-content\/uploads\/2019\/10\/Idoso-atropelado-Dracena.jpg\",\"contentUrl\":\"https:\/\/radiolifefm.com.br\/noticias\/wp-content\/uploads\/2019\/10\/Idoso-atropelado-Dracena.jpg\",\"width\":620,\"height\":486},{\"@type\":\"BreadcrumbList\",\"@id\":\"https:\/\/radiolifefm.com.br\/noticias\/idoso-atropelado-em-rodovia-em-dracena-nao-resiste-aos-ferimentos-e-morre-apos-socorro\/#breadcrumb\",\"itemListElement\":[{\"@type\":\"ListItem\",\"position\":1,\"name\":\"In\u00edcio\",\"item\":\"https:\/\/radiolifefm.com.br\/noticias\/\"},{\"@type\":\"ListItem\",\"position\":2,\"name\":\"Idoso atropelado em rodovia em Dracena n\u00e3o resiste aos ferimentos e morre ap\u00f3s socorro\"}]},{\"@type\":\"WebSite\",\"@id\":\"https:\/\/radiolifefm.com.br\/noticias\/#website\",\"url\":\"https:\/\/radiolifefm.com.br\/noticias\/\",\"name\":\"R\u00e1dio Life FM\",\"description\":\"O Portal de Not\u00edcias de Adamantina\",\"publisher\":{\"@id\":\"https:\/\/radiolifefm.com.br\/noticias\/#organization\"},\"alternateName\":\"Life FM\",\"potentialAction\":[{\"@type\":\"SearchAction\",\"target\":{\"@type\":\"EntryPoint\",\"urlTemplate\":\"https:\/\/radiolifefm.com.br\/noticias\/?s={search_term_string}\"},\"query-input\":{\"@type\":\"PropertyValueSpecification\",\"valueRequired\":true,\"valueName\":\"search_term_string\"}}],\"inLanguage\":\"pt-BR\"},{\"@type\":\"Organization\",\"@id\":\"https:\/\/radiolifefm.com.br\/noticias\/#organization\",\"name\":\"R\u00e1dio Life FM\",\"alternateName\":\"Life FM\",\"url\":\"https:\/\/radiolifefm.com.br\/noticias\/\",\"logo\":{\"@type\":\"ImageObject\",\"inLanguage\":\"pt-BR\",\"@id\":\"https:\/\/radiolifefm.com.br\/noticias\/#\/schema\/logo\/image\/\",\"url\":\"https:\/\/static.radiolifefm.com.br\/noticias\/wp-content\/uploads\/2019\/10\/logo-lifefm.png\",\"contentUrl\":\"https:\/\/static.radiolifefm.com.br\/noticias\/wp-content\/uploads\/2019\/10\/logo-lifefm.png\",\"width\":196,\"height\":47,\"caption\":\"R\u00e1dio Life FM\"},\"image\":{\"@id\":\"https:\/\/radiolifefm.com.br\/noticias\/#\/schema\/logo\/image\/\"},\"sameAs\":[\"https:\/\/www.facebook.com\/radiolifefm\/\",\"https:\/\/www.instagram.com\/life1079fm\/\"]},{\"@type\":\"Person\",\"@id\":\"https:\/\/radiolifefm.com.br\/noticias\/#\/schema\/person\/1d4e4b1301322090c6221bf1c8420490\",\"name\":\"lifefm\",\"image\":{\"@type\":\"ImageObject\",\"inLanguage\":\"pt-BR\",\"@id\":\"https:\/\/secure.gravatar.com\/avatar\/eca268467d925ec97d20641bb054fd944c0abb2f92854171620706bbe6474e7c?s=96&d=mm&r=g\",\"url\":\"https:\/\/secure.gravatar.com\/avatar\/eca268467d925ec97d20641bb054fd944c0abb2f92854171620706bbe6474e7c?s=96&d=mm&r=g\",\"contentUrl\":\"https:\/\/secure.gravatar.com\/avatar\/eca268467d925ec97d20641bb054fd944c0abb2f92854171620706bbe6474e7c?s=96&d=mm&r=g\",\"caption\":\"lifefm\"}}]}<\/script>\n<!-- \/ Yoast SEO plugin. -->","yoast_head_json":{"title":"Idoso atropelado em rodovia em Dracena n\u00e3o resiste aos ferimentos e morre ap\u00f3s socorro - R\u00e1dio Life FM","robots":{"index":"index","follow":"follow","max-snippet":"max-snippet:-1","max-image-preview":"max-image-preview:large","max-video-preview":"max-video-preview:-1"},"canonical":"https:\/\/radiolifefm.com.br\/noticias\/idoso-atropelado-em-rodovia-em-dracena-nao-resiste-aos-ferimentos-e-morre-apos-socorro\/","og_locale":"pt_BR","og_type":"article","og_title":"Idoso atropelado em rodovia em Dracena n\u00e3o resiste aos ferimentos e morre ap\u00f3s socorro - R\u00e1dio Life FM","og_description":"Homem de 66 anos foi atingido por um carro, na manh\u00e3 desta quarta-feira (16), em um trecho pr\u00f3ximo ao trevo de entrada do distrito de Jamaica O idoso de 66 anos que foi v\u00edtima de atropelamento na manh\u00e3 desta quarta-feira (16), em Dracena (SP), n\u00e3o resistiu aos ferimentos e morreu, ap\u00f3s ter sido socorrido. O [&hellip;]","og_url":"https:\/\/radiolifefm.com.br\/noticias\/idoso-atropelado-em-rodovia-em-dracena-nao-resiste-aos-ferimentos-e-morre-apos-socorro\/","og_site_name":"R\u00e1dio Life FM","article_publisher":"https:\/\/www.facebook.com\/radiolifefm\/","article_published_time":"2019-10-17T12:58:25+00:00","article_modified_time":"2026-04-25T10:15:01+00:00","og_image":[{"width":620,"height":486,"url":"https:\/\/radiolifefm.com.br\/noticias\/wp-content\/uploads\/2019\/10\/Idoso-atropelado-Dracena.jpg","type":"image\/jpeg"}],"author":"lifefm","twitter_card":"summary_large_image","twitter_misc":{"Escrito por":"lifefm","Est. tempo de leitura":"2 minutos"},"schema":{"@context":"https:\/\/schema.org","@graph":[{"@type":"Article","@id":"https:\/\/radiolifefm.com.br\/noticias\/idoso-atropelado-em-rodovia-em-dracena-nao-resiste-aos-ferimentos-e-morre-apos-socorro\/#article","isPartOf":{"@id":"https:\/\/radiolifefm.com.br\/noticias\/idoso-atropelado-em-rodovia-em-dracena-nao-resiste-aos-ferimentos-e-morre-apos-socorro\/"},"author":{"name":"lifefm","@id":"https:\/\/radiolifefm.com.br\/noticias\/#\/schema\/person\/1d4e4b1301322090c6221bf1c8420490"},"headline":"Idoso atropelado em rodovia em Dracena n\u00e3o resiste aos ferimentos e morre ap\u00f3s socorro","datePublished":"2019-10-17T12:58:25+00:00","dateModified":"2026-04-25T10:15:01+00:00","mainEntityOfPage":{"@id":"https:\/\/radiolifefm.com.br\/noticias\/idoso-atropelado-em-rodovia-em-dracena-nao-resiste-aos-ferimentos-e-morre-apos-socorro\/"},"wordCount":433,"publisher":{"@id":"https:\/\/radiolifefm.com.br\/noticias\/#organization"},"image":{"@id":"https:\/\/radiolifefm.com.br\/noticias\/idoso-atropelado-em-rodovia-em-dracena-nao-resiste-aos-ferimentos-e-morre-apos-socorro\/#primaryimage"},"thumbnailUrl":"https:\/\/radiolifefm.com.br\/noticias\/wp-content\/uploads\/2019\/10\/Idoso-atropelado-Dracena.jpg","articleSection":["Regi\u00e3o"],"inLanguage":"pt-BR"},{"@type":"WebPage","@id":"https:\/\/radiolifefm.com.br\/noticias\/idoso-atropelado-em-rodovia-em-dracena-nao-resiste-aos-ferimentos-e-morre-apos-socorro\/","url":"https:\/\/radiolifefm.com.br\/noticias\/idoso-atropelado-em-rodovia-em-dracena-nao-resiste-aos-ferimentos-e-morre-apos-socorro\/","name":"Idoso atropelado em rodovia em Dracena n\u00e3o resiste aos ferimentos e morre ap\u00f3s socorro - R\u00e1dio Life FM","isPartOf":{"@id":"https:\/\/radiolifefm.com.br\/noticias\/#website"},"primaryImageOfPage":{"@id":"https:\/\/radiolifefm.com.br\/noticias\/idoso-atropelado-em-rodovia-em-dracena-nao-resiste-aos-ferimentos-e-morre-apos-socorro\/#primaryimage"},"image":{"@id":"https:\/\/radiolifefm.com.br\/noticias\/idoso-atropelado-em-rodovia-em-dracena-nao-resiste-aos-ferimentos-e-morre-apos-socorro\/#primaryimage"},"thumbnailUrl":"https:\/\/radiolifefm.com.br\/noticias\/wp-content\/uploads\/2019\/10\/Idoso-atropelado-Dracena.jpg","datePublished":"2019-10-17T12:58:25+00:00","dateModified":"2026-04-25T10:15:01+00:00","breadcrumb":{"@id":"https:\/\/radiolifefm.com.br\/noticias\/idoso-atropelado-em-rodovia-em-dracena-nao-resiste-aos-ferimentos-e-morre-apos-socorro\/#breadcrumb"},"inLanguage":"pt-BR","potentialAction":[{"@type":"ReadAction","target":["https:\/\/radiolifefm.com.br\/noticias\/idoso-atropelado-em-rodovia-em-dracena-nao-resiste-aos-ferimentos-e-morre-apos-socorro\/"]}]},{"@type":"ImageObject","inLanguage":"pt-BR","@id":"https:\/\/radiolifefm.com.br\/noticias\/idoso-atropelado-em-rodovia-em-dracena-nao-resiste-aos-ferimentos-e-morre-apos-socorro\/#primaryimage","url":"https:\/\/radiolifefm.com.br\/noticias\/wp-content\/uploads\/2019\/10\/Idoso-atropelado-Dracena.jpg","contentUrl":"https:\/\/radiolifefm.com.br\/noticias\/wp-content\/uploads\/2019\/10\/Idoso-atropelado-Dracena.jpg","width":620,"height":486},{"@type":"BreadcrumbList","@id":"https:\/\/radiolifefm.com.br\/noticias\/idoso-atropelado-em-rodovia-em-dracena-nao-resiste-aos-ferimentos-e-morre-apos-socorro\/#breadcrumb","itemListElement":[{"@type":"ListItem","position":1,"name":"In\u00edcio","item":"https:\/\/radiolifefm.com.br\/noticias\/"},{"@type":"ListItem","position":2,"name":"Idoso atropelado em rodovia em Dracena n\u00e3o resiste aos ferimentos e morre ap\u00f3s socorro"}]},{"@type":"WebSite","@id":"https:\/\/radiolifefm.com.br\/noticias\/#website","url":"https:\/\/radiolifefm.com.br\/noticias\/","name":"R\u00e1dio Life FM","description":"O Portal de Not\u00edcias de Adamantina","publisher":{"@id":"https:\/\/radiolifefm.com.br\/noticias\/#organization"},"alternateName":"Life FM","potentialAction":[{"@type":"SearchAction","target":{"@type":"EntryPoint","urlTemplate":"https:\/\/radiolifefm.com.br\/noticias\/?s={search_term_string}"},"query-input":{"@type":"PropertyValueSpecification","valueRequired":true,"valueName":"search_term_string"}}],"inLanguage":"pt-BR"},{"@type":"Organization","@id":"https:\/\/radiolifefm.com.br\/noticias\/#organization","name":"R\u00e1dio Life FM","alternateName":"Life FM","url":"https:\/\/radiolifefm.com.br\/noticias\/","logo":{"@type":"ImageObject","inLanguage":"pt-BR","@id":"https:\/\/radiolifefm.com.br\/noticias\/#\/schema\/logo\/image\/","url":"https:\/\/static.radiolifefm.com.br\/noticias\/wp-content\/uploads\/2019\/10\/logo-lifefm.png","contentUrl":"https:\/\/static.radiolifefm.com.br\/noticias\/wp-content\/uploads\/2019\/10\/logo-lifefm.png","width":196,"height":47,"caption":"R\u00e1dio Life FM"},"image":{"@id":"https:\/\/radiolifefm.com.br\/noticias\/#\/schema\/logo\/image\/"},"sameAs":["https:\/\/www.facebook.com\/radiolifefm\/","https:\/\/www.instagram.com\/life1079fm\/"]},{"@type":"Person","@id":"https:\/\/radiolifefm.com.br\/noticias\/#\/schema\/person\/1d4e4b1301322090c6221bf1c8420490","name":"lifefm","image":{"@type":"ImageObject","inLanguage":"pt-BR","@id":"https:\/\/secure.gravatar.com\/avatar\/eca268467d925ec97d20641bb054fd944c0abb2f92854171620706bbe6474e7c?s=96&d=mm&r=g","url":"https:\/\/secure.gravatar.com\/avatar\/eca268467d925ec97d20641bb054fd944c0abb2f92854171620706bbe6474e7c?s=96&d=mm&r=g","contentUrl":"https:\/\/secure.gravatar.com\/avatar\/eca268467d925ec97d20641bb054fd944c0abb2f92854171620706bbe6474e7c?s=96&d=mm&r=g","caption":"lifefm"}}]}},"amp_enabled":true,"_links":{"self":[{"href":"https:\/\/radiolifefm.com.br\/noticias\/wp-json\/wp\/v2\/posts\/17234","targetHints":{"allow":["GET"]}}],"collection":[{"href":"https:\/\/radiolifefm.com.br\/noticias\/wp-json\/wp\/v2\/posts"}],"about":[{"href":"https:\/\/radiolifefm.com.br\/noticias\/wp-json\/wp\/v2\/types\/post"}],"author":[{"embeddable":true,"href":"https:\/\/radiolifefm.com.br\/noticias\/wp-json\/wp\/v2\/users\/3"}],"replies":[{"embeddable":true,"href":"https:\/\/radiolifefm.com.br\/noticias\/wp-json\/wp\/v2\/comments?post=17234"}],"version-history":[{"count":1,"href":"https:\/\/radiolifefm.com.br\/noticias\/wp-json\/wp\/v2\/posts\/17234\/revisions"}],"predecessor-version":[{"id":17236,"href":"https:\/\/radiolifefm.com.br\/noticias\/wp-json\/wp\/v2\/posts\/17234\/revisions\/17236"}],"wp:featuredmedia":[{"embeddable":true,"href":"https:\/\/radiolifefm.com.br\/noticias\/wp-json\/wp\/v2\/media\/17235"}],"wp:attachment":[{"href":"https:\/\/radiolifefm.com.br\/noticias\/wp-json\/wp\/v2\/media?parent=17234"}],"wp:term":[{"taxonomy":"category","embeddable":true,"href":"https:\/\/radiolifefm.com.br\/noticias\/wp-json\/wp\/v2\/categories?post=17234"},{"taxonomy":"post_tag","embeddable":true,"href":"https:\/\/radiolifefm.com.br\/noticias\/wp-json\/wp\/v2\/tags?post=17234"}],"curies":[{"name":"wp","href":"https:\/\/api.w.org\/{rel}","templated":true}]}}