{"id":17162,"date":"2019-10-15T11:59:06","date_gmt":"2019-10-15T14:59:06","guid":{"rendered":"https:\/\/radiolifefm.com.br\/noticias\/?p=17162"},"modified":"2026-04-06T01:38:44","modified_gmt":"2026-04-06T04:38:44","slug":"sobre-muitas-coisas-entre-as-quais-as-flores-sergio-barbosa-opiniao","status":"publish","type":"post","link":"https:\/\/radiolifefm.com.br\/noticias\/sobre-muitas-coisas-entre-as-quais-as-flores-sergio-barbosa-opiniao\/","title":{"rendered":"SOBRE MUITAS COISAS, ENTRE AS QUAIS, AS FLORES&#8230;  &#8211; S\u00e9rgio Barbosa &#8211; Opini\u00e3o"},"content":{"rendered":"<div id=\"fb-root\"><\/div>\n<p><strong>SOBRE MUITAS COISAS, ENTRE AS QUAIS, AS FLORES&#8230;<\/strong><\/p>\n<p><em>\u201cQuando as palavras fogem, as flores falam.\u201d (Bruce W. Currie)<\/em><\/p>\n<p><em>\u201cSe n\u00e3o houver frutos, valeu a beleza das flores; se n\u00e3o houver flores, valeu a sombra das folhas; se n\u00e3o houver folhas, valeu a inten\u00e7\u00e3o da semente.\u201d (Henfil)<\/em><\/p>\n<p><em>\u201cFiz a escalada da montanha da vida removendo pedras e plantando flores.\u201d (Cora Coralina)<\/em><br \/>\n<em>S\u00e9rgio Barbosa (*)<\/em><\/p>\n<p>\u00c0 MARTA, dedico!<\/p>\n<p>Desde quando mudamos para esta casa que a MARTA vem colecionando suas plantas e tudo mais, de vez em quando uma ou outra deixa de existir sem muitas despedidas&#8230;<\/p>\n<p>Por\u00e9m, tenho percebido que faz algum tempo deste tempo que as plantas denominadas de flores est\u00e3o nos quatro ou mais cantos da nossa casa, claro, sempre que a MARTA vai fazer alguma coisa no centro da Prov\u00edncia, sempre retorna com algum vaso pequeno ou m\u00e9dio com esta ou aquela flor para um toque a mais em nosso canto&#8230;<\/p>\n<p>Posso atestar que n\u00e3o sou muito \u201cf\u00e3\u201d de verde por causa de um time paulista que n\u00e3o vem ao caso por aqui, assim, vamos continuar escrevendo sobre as muitas flores que proporcionam sempre aquele \u201cperfume\u201d para muitos desencontros durante o dia e noite&#8230;<\/p>\n<p>Acredito que existe pessoas que conseguem fazer de tudo em nome do bem estarem das flores, portanto, pode-se escrever que a MARTA \u00e9 uma destas raras pessoas que se identificam com as plantas em geral&#8230;<\/p>\n<p>Na frente da nossa casa, existem desde quando mudamos para o local, duas \u00e1rvores frondosas que proporcionam muita sombra para frente da casa, ainda, estamos completando 11 anos por aqui e pelo jeito vamos continuar um bom tempo neste tempo novo tempo&#8230;<\/p>\n<p>Creio que sempre estive pr\u00f3ximo das plantas e flores, isso desde \u201cquando eu era crian\u00e7a pequena\u201d em OURINHOS, depois, mesmo morando sozinho em outras casas na PROV\u00cdNCIA, sempre havia um quintal para fazer a diferen\u00e7a com muitas ou poucas plantas e flores&#8230;<\/p>\n<p>Outro detalhe alias, sempre escrevo afirmando que as pessoas devem se apegar aos \u201cdetalhes\u201d disto ou daquilo, pois, muitas vezes \u00e9 este \u201colhar\u201d diferenciado que vai dar aquele toque especial, neste caso, quem conhece e cuida das flores e plantas, sabe que se n\u00e3o \u201cconversar\u201d com as mesmas, tudo pode se complicar&#8230;<\/p>\n<p>No nosso caso, de vez em quando fico olhando de longe a MARTA em meio as suas plantas e flores que fazem parte da nossa casa, assim, n\u00e3o tem como ser indiferente quanto ao \u201ccarinho\u201d que ela dispensa com as mesmas, assim, todos e todas acabam contemplando a beleza e o perfume que sempre est\u00e1 presente em nossa casa&#8230;<\/p>\n<p>Existem pessoas que n\u00e3o suportam isto ou aquilo quando se trata das plantas em flores, entretanto, acredito que tudo depende de como as pessoas contemplam este universo proporcionado pelo colorido das flores e aquele tom variado do \u201cverde\u201d para muitos desencontros com a natureza caseira&#8230;<\/p>\n<p>Existem, tamb\u00e9m, as \u201cflores artificiais\u201d que proporcionam um olhar diferenciado, entretanto, existem muitas pessoas \u201cleigas\u201d nesta \u00e1rea que n\u00e3o conseguem diferenciar a realidade da vida com o outro lado, ou seja, do mundo artificial que se faz presente neste ou naquele lado&#8230;<\/p>\n<p>QUEM APRECIA AS PLANTAS E FLORES VAI SABER&#8230;<\/p>\n<div class='flex flex-wrap items-center -mx-1'>\r\n<a class='thumbnail gallery p-1 w-1\/2 md:w-1\/4' href='https:\/\/radiolifefm.com.br\/noticias\/wp-content\/uploads\/2019\/10\/sebar.jpg'><img class='border border-white' src='https:\/\/radiolifefm.com.br\/noticias\/wp-content\/uploads\/2019\/10\/sebar-200x200.jpg' alt='Sebar' \/><\/a><a class='thumbnail gallery p-1 w-1\/2 md:w-1\/4' href='https:\/\/radiolifefm.com.br\/noticias\/wp-content\/uploads\/2019\/10\/Sebar-1-1.jpg'><img class='border border-white' src='https:\/\/radiolifefm.com.br\/noticias\/wp-content\/uploads\/2019\/10\/Sebar-1-1-200x200.jpg' alt='Sebar   1' \/><\/a><a class='thumbnail gallery p-1 w-1\/2 md:w-1\/4' href='https:\/\/radiolifefm.com.br\/noticias\/wp-content\/uploads\/2019\/10\/Sebar-2-1.jpg'><img class='border border-white' src='https:\/\/radiolifefm.com.br\/noticias\/wp-content\/uploads\/2019\/10\/Sebar-2-1-200x200.jpg' alt='Sebar   2' \/><\/a><a class='thumbnail gallery p-1 w-1\/2 md:w-1\/4' href='https:\/\/radiolifefm.com.br\/noticias\/wp-content\/uploads\/2019\/10\/Sebar-3-1.jpg'><img class='border border-white' src='https:\/\/radiolifefm.com.br\/noticias\/wp-content\/uploads\/2019\/10\/Sebar-3-1-200x200.jpg' alt='Sebar   3' \/><\/a><a class='thumbnail gallery p-1 w-1\/2 md:w-1\/4' href='https:\/\/radiolifefm.com.br\/noticias\/wp-content\/uploads\/2019\/10\/Sebar-4.jpg'><img class='border border-white' src='https:\/\/radiolifefm.com.br\/noticias\/wp-content\/uploads\/2019\/10\/Sebar-4-200x200.jpg' alt='Sebar   4' \/><\/a><\/div>\n<p>_________________________<br \/>\n(*) Jornalista Diplomado.<\/p>\n","protected":false},"excerpt":{"rendered":"<p>SOBRE MUITAS COISAS, ENTRE AS QUAIS, AS FLORES&#8230; \u201cQuando as palavras fogem, as flores falam.\u201d (Bruce W. Currie) \u201cSe n\u00e3o houver frutos, valeu a beleza das flores; se n\u00e3o houver flores, valeu a sombra das folhas; se n\u00e3o houver folhas, valeu a inten\u00e7\u00e3o da semente.\u201d (Henfil) \u201cFiz a escalada da montanha da vida removendo pedras [&hellip;]<\/p>\n","protected":false},"author":3,"featured_media":17166,"comment_status":"closed","ping_status":"open","sticky":false,"template":"","format":"standard","meta":{"_acf_changed":false,"_exactmetrics_skip_tracking":false,"_exactmetrics_sitenote_active":false,"_exactmetrics_sitenote_note":"","_exactmetrics_sitenote_category":0,"footnotes":""},"categories":[59],"tags":[],"class_list":["post-17162","post","type-post","status-publish","format-standard","has-post-thumbnail","hentry","category-opiniao"],"acf":[],"yoast_head":"<!-- This site is optimized with the Yoast SEO plugin v27.2 - https:\/\/yoast.com\/product\/yoast-seo-wordpress\/ -->\n<title>SOBRE MUITAS COISAS, ENTRE AS QUAIS, AS FLORES... - S\u00e9rgio Barbosa - Opini\u00e3o - R\u00e1dio Life FM<\/title>\n<meta name=\"robots\" content=\"index, follow, max-snippet:-1, max-image-preview:large, max-video-preview:-1\" \/>\n<link rel=\"canonical\" href=\"https:\/\/radiolifefm.com.br\/noticias\/sobre-muitas-coisas-entre-as-quais-as-flores-sergio-barbosa-opiniao\/\" \/>\n<meta property=\"og:locale\" content=\"pt_BR\" \/>\n<meta property=\"og:type\" content=\"article\" \/>\n<meta property=\"og:title\" content=\"SOBRE MUITAS COISAS, ENTRE AS QUAIS, AS FLORES... - S\u00e9rgio Barbosa - Opini\u00e3o - R\u00e1dio Life FM\" \/>\n<meta property=\"og:description\" content=\"SOBRE MUITAS COISAS, ENTRE AS QUAIS, AS FLORES&#8230; \u201cQuando as palavras fogem, as flores falam.\u201d (Bruce W. Currie) \u201cSe n\u00e3o houver frutos, valeu a beleza das flores; se n\u00e3o houver flores, valeu a sombra das folhas; se n\u00e3o houver folhas, valeu a inten\u00e7\u00e3o da semente.\u201d (Henfil) \u201cFiz a escalada da montanha da vida removendo pedras [&hellip;]\" \/>\n<meta property=\"og:url\" content=\"https:\/\/radiolifefm.com.br\/noticias\/sobre-muitas-coisas-entre-as-quais-as-flores-sergio-barbosa-opiniao\/\" \/>\n<meta property=\"og:site_name\" content=\"R\u00e1dio Life FM\" \/>\n<meta property=\"article:publisher\" content=\"https:\/\/www.facebook.com\/radiolifefm\/\" \/>\n<meta property=\"article:published_time\" content=\"2019-10-15T14:59:06+00:00\" \/>\n<meta property=\"article:modified_time\" content=\"2026-04-06T04:38:44+00:00\" \/>\n<meta property=\"og:image\" content=\"https:\/\/radiolifefm.com.br\/noticias\/wp-content\/uploads\/2019\/10\/Sebar-3-1.jpg\" \/>\n\t<meta property=\"og:image:width\" content=\"581\" \/>\n\t<meta property=\"og:image:height\" content=\"1032\" \/>\n\t<meta property=\"og:image:type\" content=\"image\/jpeg\" \/>\n<meta name=\"author\" content=\"lifefm\" \/>\n<meta name=\"twitter:card\" content=\"summary_large_image\" \/>\n<meta name=\"twitter:label1\" content=\"Escrito por\" \/>\n\t<meta name=\"twitter:data1\" content=\"lifefm\" \/>\n\t<meta name=\"twitter:label2\" content=\"Est. tempo de leitura\" \/>\n\t<meta name=\"twitter:data2\" content=\"3 minutos\" \/>\n<script type=\"application\/ld+json\" class=\"yoast-schema-graph\">{\"@context\":\"https:\/\/schema.org\",\"@graph\":[{\"@type\":\"Article\",\"@id\":\"https:\/\/radiolifefm.com.br\/noticias\/sobre-muitas-coisas-entre-as-quais-as-flores-sergio-barbosa-opiniao\/#article\",\"isPartOf\":{\"@id\":\"https:\/\/radiolifefm.com.br\/noticias\/sobre-muitas-coisas-entre-as-quais-as-flores-sergio-barbosa-opiniao\/\"},\"author\":{\"name\":\"lifefm\",\"@id\":\"https:\/\/radiolifefm.com.br\/noticias\/#\/schema\/person\/1d4e4b1301322090c6221bf1c8420490\"},\"headline\":\"SOBRE MUITAS COISAS, ENTRE AS QUAIS, AS FLORES&#8230; &#8211; S\u00e9rgio Barbosa &#8211; Opini\u00e3o\",\"datePublished\":\"2019-10-15T14:59:06+00:00\",\"dateModified\":\"2026-04-06T04:38:44+00:00\",\"mainEntityOfPage\":{\"@id\":\"https:\/\/radiolifefm.com.br\/noticias\/sobre-muitas-coisas-entre-as-quais-as-flores-sergio-barbosa-opiniao\/\"},\"wordCount\":555,\"publisher\":{\"@id\":\"https:\/\/radiolifefm.com.br\/noticias\/#organization\"},\"image\":{\"@id\":\"https:\/\/radiolifefm.com.br\/noticias\/sobre-muitas-coisas-entre-as-quais-as-flores-sergio-barbosa-opiniao\/#primaryimage\"},\"thumbnailUrl\":\"https:\/\/radiolifefm.com.br\/noticias\/wp-content\/uploads\/2019\/10\/Sebar-3-1.jpg\",\"articleSection\":[\"Opini\u00e3o\"],\"inLanguage\":\"pt-BR\"},{\"@type\":\"WebPage\",\"@id\":\"https:\/\/radiolifefm.com.br\/noticias\/sobre-muitas-coisas-entre-as-quais-as-flores-sergio-barbosa-opiniao\/\",\"url\":\"https:\/\/radiolifefm.com.br\/noticias\/sobre-muitas-coisas-entre-as-quais-as-flores-sergio-barbosa-opiniao\/\",\"name\":\"SOBRE MUITAS COISAS, ENTRE AS QUAIS, AS FLORES... - S\u00e9rgio Barbosa - Opini\u00e3o - R\u00e1dio Life FM\",\"isPartOf\":{\"@id\":\"https:\/\/radiolifefm.com.br\/noticias\/#website\"},\"primaryImageOfPage\":{\"@id\":\"https:\/\/radiolifefm.com.br\/noticias\/sobre-muitas-coisas-entre-as-quais-as-flores-sergio-barbosa-opiniao\/#primaryimage\"},\"image\":{\"@id\":\"https:\/\/radiolifefm.com.br\/noticias\/sobre-muitas-coisas-entre-as-quais-as-flores-sergio-barbosa-opiniao\/#primaryimage\"},\"thumbnailUrl\":\"https:\/\/radiolifefm.com.br\/noticias\/wp-content\/uploads\/2019\/10\/Sebar-3-1.jpg\",\"datePublished\":\"2019-10-15T14:59:06+00:00\",\"dateModified\":\"2026-04-06T04:38:44+00:00\",\"breadcrumb\":{\"@id\":\"https:\/\/radiolifefm.com.br\/noticias\/sobre-muitas-coisas-entre-as-quais-as-flores-sergio-barbosa-opiniao\/#breadcrumb\"},\"inLanguage\":\"pt-BR\",\"potentialAction\":[{\"@type\":\"ReadAction\",\"target\":[\"https:\/\/radiolifefm.com.br\/noticias\/sobre-muitas-coisas-entre-as-quais-as-flores-sergio-barbosa-opiniao\/\"]}]},{\"@type\":\"ImageObject\",\"inLanguage\":\"pt-BR\",\"@id\":\"https:\/\/radiolifefm.com.br\/noticias\/sobre-muitas-coisas-entre-as-quais-as-flores-sergio-barbosa-opiniao\/#primaryimage\",\"url\":\"https:\/\/radiolifefm.com.br\/noticias\/wp-content\/uploads\/2019\/10\/Sebar-3-1.jpg\",\"contentUrl\":\"https:\/\/radiolifefm.com.br\/noticias\/wp-content\/uploads\/2019\/10\/Sebar-3-1.jpg\",\"width\":581,\"height\":1032},{\"@type\":\"BreadcrumbList\",\"@id\":\"https:\/\/radiolifefm.com.br\/noticias\/sobre-muitas-coisas-entre-as-quais-as-flores-sergio-barbosa-opiniao\/#breadcrumb\",\"itemListElement\":[{\"@type\":\"ListItem\",\"position\":1,\"name\":\"In\u00edcio\",\"item\":\"https:\/\/radiolifefm.com.br\/noticias\/\"},{\"@type\":\"ListItem\",\"position\":2,\"name\":\"SOBRE MUITAS COISAS, ENTRE AS QUAIS, AS FLORES&#8230; &#8211; S\u00e9rgio Barbosa &#8211; Opini\u00e3o\"}]},{\"@type\":\"WebSite\",\"@id\":\"https:\/\/radiolifefm.com.br\/noticias\/#website\",\"url\":\"https:\/\/radiolifefm.com.br\/noticias\/\",\"name\":\"R\u00e1dio Life FM\",\"description\":\"O Portal de Not\u00edcias de Adamantina\",\"publisher\":{\"@id\":\"https:\/\/radiolifefm.com.br\/noticias\/#organization\"},\"alternateName\":\"Life FM\",\"potentialAction\":[{\"@type\":\"SearchAction\",\"target\":{\"@type\":\"EntryPoint\",\"urlTemplate\":\"https:\/\/radiolifefm.com.br\/noticias\/?s={search_term_string}\"},\"query-input\":{\"@type\":\"PropertyValueSpecification\",\"valueRequired\":true,\"valueName\":\"search_term_string\"}}],\"inLanguage\":\"pt-BR\"},{\"@type\":\"Organization\",\"@id\":\"https:\/\/radiolifefm.com.br\/noticias\/#organization\",\"name\":\"R\u00e1dio Life FM\",\"alternateName\":\"Life FM\",\"url\":\"https:\/\/radiolifefm.com.br\/noticias\/\",\"logo\":{\"@type\":\"ImageObject\",\"inLanguage\":\"pt-BR\",\"@id\":\"https:\/\/radiolifefm.com.br\/noticias\/#\/schema\/logo\/image\/\",\"url\":\"https:\/\/static.radiolifefm.com.br\/noticias\/wp-content\/uploads\/2019\/10\/logo-lifefm.png\",\"contentUrl\":\"https:\/\/static.radiolifefm.com.br\/noticias\/wp-content\/uploads\/2019\/10\/logo-lifefm.png\",\"width\":196,\"height\":47,\"caption\":\"R\u00e1dio Life FM\"},\"image\":{\"@id\":\"https:\/\/radiolifefm.com.br\/noticias\/#\/schema\/logo\/image\/\"},\"sameAs\":[\"https:\/\/www.facebook.com\/radiolifefm\/\",\"https:\/\/www.instagram.com\/life1079fm\/\"]},{\"@type\":\"Person\",\"@id\":\"https:\/\/radiolifefm.com.br\/noticias\/#\/schema\/person\/1d4e4b1301322090c6221bf1c8420490\",\"name\":\"lifefm\",\"image\":{\"@type\":\"ImageObject\",\"inLanguage\":\"pt-BR\",\"@id\":\"https:\/\/secure.gravatar.com\/avatar\/eca268467d925ec97d20641bb054fd944c0abb2f92854171620706bbe6474e7c?s=96&d=mm&r=g\",\"url\":\"https:\/\/secure.gravatar.com\/avatar\/eca268467d925ec97d20641bb054fd944c0abb2f92854171620706bbe6474e7c?s=96&d=mm&r=g\",\"contentUrl\":\"https:\/\/secure.gravatar.com\/avatar\/eca268467d925ec97d20641bb054fd944c0abb2f92854171620706bbe6474e7c?s=96&d=mm&r=g\",\"caption\":\"lifefm\"}}]}<\/script>\n<!-- \/ Yoast SEO plugin. -->","yoast_head_json":{"title":"SOBRE MUITAS COISAS, ENTRE AS QUAIS, AS FLORES... - S\u00e9rgio Barbosa - Opini\u00e3o - R\u00e1dio Life FM","robots":{"index":"index","follow":"follow","max-snippet":"max-snippet:-1","max-image-preview":"max-image-preview:large","max-video-preview":"max-video-preview:-1"},"canonical":"https:\/\/radiolifefm.com.br\/noticias\/sobre-muitas-coisas-entre-as-quais-as-flores-sergio-barbosa-opiniao\/","og_locale":"pt_BR","og_type":"article","og_title":"SOBRE MUITAS COISAS, ENTRE AS QUAIS, AS FLORES... - S\u00e9rgio Barbosa - Opini\u00e3o - R\u00e1dio Life FM","og_description":"SOBRE MUITAS COISAS, ENTRE AS QUAIS, AS FLORES&#8230; \u201cQuando as palavras fogem, as flores falam.\u201d (Bruce W. Currie) \u201cSe n\u00e3o houver frutos, valeu a beleza das flores; se n\u00e3o houver flores, valeu a sombra das folhas; se n\u00e3o houver folhas, valeu a inten\u00e7\u00e3o da semente.\u201d (Henfil) \u201cFiz a escalada da montanha da vida removendo pedras [&hellip;]","og_url":"https:\/\/radiolifefm.com.br\/noticias\/sobre-muitas-coisas-entre-as-quais-as-flores-sergio-barbosa-opiniao\/","og_site_name":"R\u00e1dio Life FM","article_publisher":"https:\/\/www.facebook.com\/radiolifefm\/","article_published_time":"2019-10-15T14:59:06+00:00","article_modified_time":"2026-04-06T04:38:44+00:00","og_image":[{"width":581,"height":1032,"url":"https:\/\/radiolifefm.com.br\/noticias\/wp-content\/uploads\/2019\/10\/Sebar-3-1.jpg","type":"image\/jpeg"}],"author":"lifefm","twitter_card":"summary_large_image","twitter_misc":{"Escrito por":"lifefm","Est. tempo de leitura":"3 minutos"},"schema":{"@context":"https:\/\/schema.org","@graph":[{"@type":"Article","@id":"https:\/\/radiolifefm.com.br\/noticias\/sobre-muitas-coisas-entre-as-quais-as-flores-sergio-barbosa-opiniao\/#article","isPartOf":{"@id":"https:\/\/radiolifefm.com.br\/noticias\/sobre-muitas-coisas-entre-as-quais-as-flores-sergio-barbosa-opiniao\/"},"author":{"name":"lifefm","@id":"https:\/\/radiolifefm.com.br\/noticias\/#\/schema\/person\/1d4e4b1301322090c6221bf1c8420490"},"headline":"SOBRE MUITAS COISAS, ENTRE AS QUAIS, AS FLORES&#8230; &#8211; S\u00e9rgio Barbosa &#8211; Opini\u00e3o","datePublished":"2019-10-15T14:59:06+00:00","dateModified":"2026-04-06T04:38:44+00:00","mainEntityOfPage":{"@id":"https:\/\/radiolifefm.com.br\/noticias\/sobre-muitas-coisas-entre-as-quais-as-flores-sergio-barbosa-opiniao\/"},"wordCount":555,"publisher":{"@id":"https:\/\/radiolifefm.com.br\/noticias\/#organization"},"image":{"@id":"https:\/\/radiolifefm.com.br\/noticias\/sobre-muitas-coisas-entre-as-quais-as-flores-sergio-barbosa-opiniao\/#primaryimage"},"thumbnailUrl":"https:\/\/radiolifefm.com.br\/noticias\/wp-content\/uploads\/2019\/10\/Sebar-3-1.jpg","articleSection":["Opini\u00e3o"],"inLanguage":"pt-BR"},{"@type":"WebPage","@id":"https:\/\/radiolifefm.com.br\/noticias\/sobre-muitas-coisas-entre-as-quais-as-flores-sergio-barbosa-opiniao\/","url":"https:\/\/radiolifefm.com.br\/noticias\/sobre-muitas-coisas-entre-as-quais-as-flores-sergio-barbosa-opiniao\/","name":"SOBRE MUITAS COISAS, ENTRE AS QUAIS, AS FLORES... - S\u00e9rgio Barbosa - Opini\u00e3o - R\u00e1dio Life FM","isPartOf":{"@id":"https:\/\/radiolifefm.com.br\/noticias\/#website"},"primaryImageOfPage":{"@id":"https:\/\/radiolifefm.com.br\/noticias\/sobre-muitas-coisas-entre-as-quais-as-flores-sergio-barbosa-opiniao\/#primaryimage"},"image":{"@id":"https:\/\/radiolifefm.com.br\/noticias\/sobre-muitas-coisas-entre-as-quais-as-flores-sergio-barbosa-opiniao\/#primaryimage"},"thumbnailUrl":"https:\/\/radiolifefm.com.br\/noticias\/wp-content\/uploads\/2019\/10\/Sebar-3-1.jpg","datePublished":"2019-10-15T14:59:06+00:00","dateModified":"2026-04-06T04:38:44+00:00","breadcrumb":{"@id":"https:\/\/radiolifefm.com.br\/noticias\/sobre-muitas-coisas-entre-as-quais-as-flores-sergio-barbosa-opiniao\/#breadcrumb"},"inLanguage":"pt-BR","potentialAction":[{"@type":"ReadAction","target":["https:\/\/radiolifefm.com.br\/noticias\/sobre-muitas-coisas-entre-as-quais-as-flores-sergio-barbosa-opiniao\/"]}]},{"@type":"ImageObject","inLanguage":"pt-BR","@id":"https:\/\/radiolifefm.com.br\/noticias\/sobre-muitas-coisas-entre-as-quais-as-flores-sergio-barbosa-opiniao\/#primaryimage","url":"https:\/\/radiolifefm.com.br\/noticias\/wp-content\/uploads\/2019\/10\/Sebar-3-1.jpg","contentUrl":"https:\/\/radiolifefm.com.br\/noticias\/wp-content\/uploads\/2019\/10\/Sebar-3-1.jpg","width":581,"height":1032},{"@type":"BreadcrumbList","@id":"https:\/\/radiolifefm.com.br\/noticias\/sobre-muitas-coisas-entre-as-quais-as-flores-sergio-barbosa-opiniao\/#breadcrumb","itemListElement":[{"@type":"ListItem","position":1,"name":"In\u00edcio","item":"https:\/\/radiolifefm.com.br\/noticias\/"},{"@type":"ListItem","position":2,"name":"SOBRE MUITAS COISAS, ENTRE AS QUAIS, AS FLORES&#8230; &#8211; S\u00e9rgio Barbosa &#8211; Opini\u00e3o"}]},{"@type":"WebSite","@id":"https:\/\/radiolifefm.com.br\/noticias\/#website","url":"https:\/\/radiolifefm.com.br\/noticias\/","name":"R\u00e1dio Life FM","description":"O Portal de Not\u00edcias de Adamantina","publisher":{"@id":"https:\/\/radiolifefm.com.br\/noticias\/#organization"},"alternateName":"Life FM","potentialAction":[{"@type":"SearchAction","target":{"@type":"EntryPoint","urlTemplate":"https:\/\/radiolifefm.com.br\/noticias\/?s={search_term_string}"},"query-input":{"@type":"PropertyValueSpecification","valueRequired":true,"valueName":"search_term_string"}}],"inLanguage":"pt-BR"},{"@type":"Organization","@id":"https:\/\/radiolifefm.com.br\/noticias\/#organization","name":"R\u00e1dio Life FM","alternateName":"Life FM","url":"https:\/\/radiolifefm.com.br\/noticias\/","logo":{"@type":"ImageObject","inLanguage":"pt-BR","@id":"https:\/\/radiolifefm.com.br\/noticias\/#\/schema\/logo\/image\/","url":"https:\/\/static.radiolifefm.com.br\/noticias\/wp-content\/uploads\/2019\/10\/logo-lifefm.png","contentUrl":"https:\/\/static.radiolifefm.com.br\/noticias\/wp-content\/uploads\/2019\/10\/logo-lifefm.png","width":196,"height":47,"caption":"R\u00e1dio Life FM"},"image":{"@id":"https:\/\/radiolifefm.com.br\/noticias\/#\/schema\/logo\/image\/"},"sameAs":["https:\/\/www.facebook.com\/radiolifefm\/","https:\/\/www.instagram.com\/life1079fm\/"]},{"@type":"Person","@id":"https:\/\/radiolifefm.com.br\/noticias\/#\/schema\/person\/1d4e4b1301322090c6221bf1c8420490","name":"lifefm","image":{"@type":"ImageObject","inLanguage":"pt-BR","@id":"https:\/\/secure.gravatar.com\/avatar\/eca268467d925ec97d20641bb054fd944c0abb2f92854171620706bbe6474e7c?s=96&d=mm&r=g","url":"https:\/\/secure.gravatar.com\/avatar\/eca268467d925ec97d20641bb054fd944c0abb2f92854171620706bbe6474e7c?s=96&d=mm&r=g","contentUrl":"https:\/\/secure.gravatar.com\/avatar\/eca268467d925ec97d20641bb054fd944c0abb2f92854171620706bbe6474e7c?s=96&d=mm&r=g","caption":"lifefm"}}]}},"amp_enabled":true,"_links":{"self":[{"href":"https:\/\/radiolifefm.com.br\/noticias\/wp-json\/wp\/v2\/posts\/17162","targetHints":{"allow":["GET"]}}],"collection":[{"href":"https:\/\/radiolifefm.com.br\/noticias\/wp-json\/wp\/v2\/posts"}],"about":[{"href":"https:\/\/radiolifefm.com.br\/noticias\/wp-json\/wp\/v2\/types\/post"}],"author":[{"embeddable":true,"href":"https:\/\/radiolifefm.com.br\/noticias\/wp-json\/wp\/v2\/users\/3"}],"replies":[{"embeddable":true,"href":"https:\/\/radiolifefm.com.br\/noticias\/wp-json\/wp\/v2\/comments?post=17162"}],"version-history":[{"count":1,"href":"https:\/\/radiolifefm.com.br\/noticias\/wp-json\/wp\/v2\/posts\/17162\/revisions"}],"predecessor-version":[{"id":17168,"href":"https:\/\/radiolifefm.com.br\/noticias\/wp-json\/wp\/v2\/posts\/17162\/revisions\/17168"}],"wp:featuredmedia":[{"embeddable":true,"href":"https:\/\/radiolifefm.com.br\/noticias\/wp-json\/wp\/v2\/media\/17166"}],"wp:attachment":[{"href":"https:\/\/radiolifefm.com.br\/noticias\/wp-json\/wp\/v2\/media?parent=17162"}],"wp:term":[{"taxonomy":"category","embeddable":true,"href":"https:\/\/radiolifefm.com.br\/noticias\/wp-json\/wp\/v2\/categories?post=17162"},{"taxonomy":"post_tag","embeddable":true,"href":"https:\/\/radiolifefm.com.br\/noticias\/wp-json\/wp\/v2\/tags?post=17162"}],"curies":[{"name":"wp","href":"https:\/\/api.w.org\/{rel}","templated":true}]}}