{"id":16961,"date":"2019-10-09T08:39:07","date_gmt":"2019-10-09T11:39:07","guid":{"rendered":"https:\/\/radiolifefm.com.br\/noticias\/?p=16961"},"modified":"2026-04-24T12:45:36","modified_gmt":"2026-04-24T15:45:36","slug":"che-guevara-hasta-la-victoria-siempre-sergio-barbosa-coluna-opiniao","status":"publish","type":"post","link":"https:\/\/radiolifefm.com.br\/noticias\/che-guevara-hasta-la-victoria-siempre-sergio-barbosa-coluna-opiniao\/","title":{"rendered":"CHE GUEVARA: \u201cHASTA LA VICTORIA SIEMPRE\u201d  &#8211;  S\u00e9rgio Barbosa &#8211; Coluna Opini\u00e3o"},"content":{"rendered":"<div id=\"fb-root\"><\/div>\n<p><strong>CHE GUEVARA: \u201cHASTA LA VICTORIA SIEMPRE\u201d<\/strong><\/p>\n<p><em>\u201cO mito continua presente em meio aos desencontros de um mundo globalizado, demonstrando ser um \u00edcone entre o sonho e a realidade\u201d (SB)<\/em><\/p>\n<p>Nos final dos anos 50 aconteceu a chamada \u201cRevolu\u00e7\u00e3o Cubana\u201d sob o comando dos guerrilheiros de \u201cSierra Maestra\u201d, Fidel Castro e Ernesto \u201cChe\u201d Guevara que fizeram de Cuba a base para outros projetos em nome da Liberdade Socialista para o mundo capitalista&#8230;<\/p>\n<p>N\u00e3o se pode negar que os \u201cguerrilheiros cubanos\u201d estiveram \u00e0 frente do seu tempo neste confronto com o ditador Batista apoiado pelo governo norte-americano, assim, a \u201cguerra de guerrilhas\u201d foi fundamental para a vit\u00f3ria de Fidel Castro e seus comandados em territ\u00f3rio cubano&#8230;<\/p>\n<p>Depois desta vit\u00f3ria do l\u00edder m\u00e1ximo cubano p\u00f3s-revolu\u00e7\u00e3o, aparece outro nome para compor a sinfonia guerrilheira, \u201cChe Guevara\u201d que soube capitalizar da melhor forma poss\u00edvel \u00e0s aten\u00e7\u00f5es para a sua pessoa, mesmo estando distante da m\u00eddia internacional daquela \u00e9poca&#8230;<\/p>\n<p>Neste per\u00edodo, o mundo estava tentando se recuperar dos estragos e traumas da II Guerra Mundial, da Guerra da Cor\u00e9ia e outros imprevistos relacionados com conflitos mal resolvidos pelas partes em jogo, EUA-Estados Unidos da Am\u00e9rica e URSS-Uni\u00e3o das Rep\u00fablicas Socialistas Sovi\u00e9ticas&#8230;<\/p>\n<p>Os anos passaram, entre o final dos anos 50 e meados da d\u00e9cada de 60, os cubanos representados pela bandeira do socialismo revolucion\u00e1rio estiveram presentes em v\u00e1rias partes do mundo, destacando neste contexto, o continente africano que contou com a presen\u00e7a do maior de todos, \u201cChe Guevara\u201d no comando de mais uma marcha pela liberdade continental como sempre enfatizou em seus projetos e discursos na tribuna cubana e encontros internacionais.<\/p>\n<p>O homem acima de si mesmo, sempre em busca de uma sociedade com justi\u00e7a para todos, levantando em muitos lugares as armas em nome da igualdade com serenidade acima de tudo, conquistando assim, um lugar na galeria dos her\u00f3is da humanidade&#8230;<\/p>\n<p>Um olhar distante e pr\u00f3ximo ao mesmo tempo, eis a figura conhecida do guerrilheiro que sentia o cora\u00e7\u00e3o do povo mediante a sua capacidade de estar ao lado dos mesmos na busca pela paz por meio das armas da conquista em tempo de paz&#8230;<\/p>\n<p>O comandante fraternal, \u201cChe Guevara\u201d morreu como queria, combatendo os imperialistas do seu tempo real nas selvas bolivianas e encurralado pelo poder militar conjunto dos Ex\u00e9rcitos Boliviano e norte-americanas, por\u00e9m, com serenidade e ciente do dever cumprido em honra dos velhos camaradas de \u201cSierra Maestra\u201d&#8230;<\/p>\n<div class='flex flex-wrap items-center -mx-1'>\r\n<a class='thumbnail gallery p-1 w-1\/2 md:w-1\/4' href='https:\/\/radiolifefm.com.br\/noticias\/wp-content\/uploads\/2019\/10\/Sebar.jpg'><img class='border border-white' src='https:\/\/radiolifefm.com.br\/noticias\/wp-content\/uploads\/2019\/10\/Sebar-200x200.jpg' alt='Sebar' \/><\/a><a class='thumbnail gallery p-1 w-1\/2 md:w-1\/4' href='https:\/\/radiolifefm.com.br\/noticias\/wp-content\/uploads\/2019\/10\/Sebar-1.jpg'><img class='border border-white' src='https:\/\/radiolifefm.com.br\/noticias\/wp-content\/uploads\/2019\/10\/Sebar-1-200x200.jpg' alt='Sebar   1' \/><\/a><a class='thumbnail gallery p-1 w-1\/2 md:w-1\/4' href='https:\/\/radiolifefm.com.br\/noticias\/wp-content\/uploads\/2019\/10\/Sebar-3.jpg'><img class='border border-white' src='https:\/\/radiolifefm.com.br\/noticias\/wp-content\/uploads\/2019\/10\/Sebar-3-200x200.jpg' alt='Sebar   3' \/><\/a><\/div>\n<p>S\u00e9rgio Barbosa &#8211; Jornalista<\/p>\n","protected":false},"excerpt":{"rendered":"<p>CHE GUEVARA: \u201cHASTA LA VICTORIA SIEMPRE\u201d \u201cO mito continua presente em meio aos desencontros de um mundo globalizado, demonstrando ser um \u00edcone entre o sonho e a realidade\u201d (SB) Nos final dos anos 50 aconteceu a chamada \u201cRevolu\u00e7\u00e3o Cubana\u201d sob o comando dos guerrilheiros de \u201cSierra Maestra\u201d, Fidel Castro e Ernesto \u201cChe\u201d Guevara que fizeram [&hellip;]<\/p>\n","protected":false},"author":3,"featured_media":16964,"comment_status":"closed","ping_status":"open","sticky":false,"template":"","format":"standard","meta":{"_acf_changed":false,"_exactmetrics_skip_tracking":false,"_exactmetrics_sitenote_active":false,"_exactmetrics_sitenote_note":"","_exactmetrics_sitenote_category":0,"footnotes":""},"categories":[59],"tags":[],"class_list":["post-16961","post","type-post","status-publish","format-standard","has-post-thumbnail","hentry","category-opiniao"],"acf":[],"yoast_head":"<!-- This site is optimized with the Yoast SEO plugin v27.2 - https:\/\/yoast.com\/product\/yoast-seo-wordpress\/ -->\n<title>CHE GUEVARA: \u201cHASTA LA VICTORIA SIEMPRE\u201d - S\u00e9rgio Barbosa - Coluna Opini\u00e3o - R\u00e1dio Life FM<\/title>\n<meta name=\"robots\" content=\"index, follow, max-snippet:-1, max-image-preview:large, max-video-preview:-1\" \/>\n<link rel=\"canonical\" href=\"https:\/\/radiolifefm.com.br\/noticias\/che-guevara-hasta-la-victoria-siempre-sergio-barbosa-coluna-opiniao\/\" \/>\n<meta property=\"og:locale\" content=\"pt_BR\" \/>\n<meta property=\"og:type\" content=\"article\" \/>\n<meta property=\"og:title\" content=\"CHE GUEVARA: \u201cHASTA LA VICTORIA SIEMPRE\u201d - S\u00e9rgio Barbosa - Coluna Opini\u00e3o - R\u00e1dio Life FM\" \/>\n<meta property=\"og:description\" content=\"CHE GUEVARA: \u201cHASTA LA VICTORIA SIEMPRE\u201d \u201cO mito continua presente em meio aos desencontros de um mundo globalizado, demonstrando ser um \u00edcone entre o sonho e a realidade\u201d (SB) Nos final dos anos 50 aconteceu a chamada \u201cRevolu\u00e7\u00e3o Cubana\u201d sob o comando dos guerrilheiros de \u201cSierra Maestra\u201d, Fidel Castro e Ernesto \u201cChe\u201d Guevara que fizeram [&hellip;]\" \/>\n<meta property=\"og:url\" content=\"https:\/\/radiolifefm.com.br\/noticias\/che-guevara-hasta-la-victoria-siempre-sergio-barbosa-coluna-opiniao\/\" \/>\n<meta property=\"og:site_name\" content=\"R\u00e1dio Life FM\" \/>\n<meta property=\"article:publisher\" content=\"https:\/\/www.facebook.com\/radiolifefm\/\" \/>\n<meta property=\"article:published_time\" content=\"2019-10-09T11:39:07+00:00\" \/>\n<meta property=\"article:modified_time\" content=\"2026-04-24T15:45:36+00:00\" \/>\n<meta property=\"og:image\" content=\"https:\/\/radiolifefm.com.br\/noticias\/wp-content\/uploads\/2019\/10\/Sebar-2.jpg\" \/>\n\t<meta property=\"og:image:width\" content=\"236\" \/>\n\t<meta property=\"og:image:height\" content=\"393\" \/>\n\t<meta property=\"og:image:type\" content=\"image\/jpeg\" \/>\n<meta name=\"author\" content=\"lifefm\" \/>\n<meta name=\"twitter:card\" content=\"summary_large_image\" \/>\n<meta name=\"twitter:label1\" content=\"Escrito por\" \/>\n\t<meta name=\"twitter:data1\" content=\"lifefm\" \/>\n\t<meta name=\"twitter:label2\" content=\"Est. tempo de leitura\" \/>\n\t<meta name=\"twitter:data2\" content=\"2 minutos\" \/>\n<script type=\"application\/ld+json\" class=\"yoast-schema-graph\">{\"@context\":\"https:\/\/schema.org\",\"@graph\":[{\"@type\":\"Article\",\"@id\":\"https:\/\/radiolifefm.com.br\/noticias\/che-guevara-hasta-la-victoria-siempre-sergio-barbosa-coluna-opiniao\/#article\",\"isPartOf\":{\"@id\":\"https:\/\/radiolifefm.com.br\/noticias\/che-guevara-hasta-la-victoria-siempre-sergio-barbosa-coluna-opiniao\/\"},\"author\":{\"name\":\"lifefm\",\"@id\":\"https:\/\/radiolifefm.com.br\/noticias\/#\/schema\/person\/1d4e4b1301322090c6221bf1c8420490\"},\"headline\":\"CHE GUEVARA: \u201cHASTA LA VICTORIA SIEMPRE\u201d &#8211; S\u00e9rgio Barbosa &#8211; Coluna Opini\u00e3o\",\"datePublished\":\"2019-10-09T11:39:07+00:00\",\"dateModified\":\"2026-04-24T15:45:36+00:00\",\"mainEntityOfPage\":{\"@id\":\"https:\/\/radiolifefm.com.br\/noticias\/che-guevara-hasta-la-victoria-siempre-sergio-barbosa-coluna-opiniao\/\"},\"wordCount\":440,\"publisher\":{\"@id\":\"https:\/\/radiolifefm.com.br\/noticias\/#organization\"},\"image\":{\"@id\":\"https:\/\/radiolifefm.com.br\/noticias\/che-guevara-hasta-la-victoria-siempre-sergio-barbosa-coluna-opiniao\/#primaryimage\"},\"thumbnailUrl\":\"https:\/\/radiolifefm.com.br\/noticias\/wp-content\/uploads\/2019\/10\/Sebar-2.jpg\",\"articleSection\":[\"Opini\u00e3o\"],\"inLanguage\":\"pt-BR\"},{\"@type\":\"WebPage\",\"@id\":\"https:\/\/radiolifefm.com.br\/noticias\/che-guevara-hasta-la-victoria-siempre-sergio-barbosa-coluna-opiniao\/\",\"url\":\"https:\/\/radiolifefm.com.br\/noticias\/che-guevara-hasta-la-victoria-siempre-sergio-barbosa-coluna-opiniao\/\",\"name\":\"CHE GUEVARA: \u201cHASTA LA VICTORIA SIEMPRE\u201d - S\u00e9rgio Barbosa - Coluna Opini\u00e3o - R\u00e1dio Life FM\",\"isPartOf\":{\"@id\":\"https:\/\/radiolifefm.com.br\/noticias\/#website\"},\"primaryImageOfPage\":{\"@id\":\"https:\/\/radiolifefm.com.br\/noticias\/che-guevara-hasta-la-victoria-siempre-sergio-barbosa-coluna-opiniao\/#primaryimage\"},\"image\":{\"@id\":\"https:\/\/radiolifefm.com.br\/noticias\/che-guevara-hasta-la-victoria-siempre-sergio-barbosa-coluna-opiniao\/#primaryimage\"},\"thumbnailUrl\":\"https:\/\/radiolifefm.com.br\/noticias\/wp-content\/uploads\/2019\/10\/Sebar-2.jpg\",\"datePublished\":\"2019-10-09T11:39:07+00:00\",\"dateModified\":\"2026-04-24T15:45:36+00:00\",\"breadcrumb\":{\"@id\":\"https:\/\/radiolifefm.com.br\/noticias\/che-guevara-hasta-la-victoria-siempre-sergio-barbosa-coluna-opiniao\/#breadcrumb\"},\"inLanguage\":\"pt-BR\",\"potentialAction\":[{\"@type\":\"ReadAction\",\"target\":[\"https:\/\/radiolifefm.com.br\/noticias\/che-guevara-hasta-la-victoria-siempre-sergio-barbosa-coluna-opiniao\/\"]}]},{\"@type\":\"ImageObject\",\"inLanguage\":\"pt-BR\",\"@id\":\"https:\/\/radiolifefm.com.br\/noticias\/che-guevara-hasta-la-victoria-siempre-sergio-barbosa-coluna-opiniao\/#primaryimage\",\"url\":\"https:\/\/radiolifefm.com.br\/noticias\/wp-content\/uploads\/2019\/10\/Sebar-2.jpg\",\"contentUrl\":\"https:\/\/radiolifefm.com.br\/noticias\/wp-content\/uploads\/2019\/10\/Sebar-2.jpg\",\"width\":236,\"height\":393},{\"@type\":\"BreadcrumbList\",\"@id\":\"https:\/\/radiolifefm.com.br\/noticias\/che-guevara-hasta-la-victoria-siempre-sergio-barbosa-coluna-opiniao\/#breadcrumb\",\"itemListElement\":[{\"@type\":\"ListItem\",\"position\":1,\"name\":\"In\u00edcio\",\"item\":\"https:\/\/radiolifefm.com.br\/noticias\/\"},{\"@type\":\"ListItem\",\"position\":2,\"name\":\"CHE GUEVARA: \u201cHASTA LA VICTORIA SIEMPRE\u201d &#8211; S\u00e9rgio Barbosa &#8211; Coluna Opini\u00e3o\"}]},{\"@type\":\"WebSite\",\"@id\":\"https:\/\/radiolifefm.com.br\/noticias\/#website\",\"url\":\"https:\/\/radiolifefm.com.br\/noticias\/\",\"name\":\"R\u00e1dio Life FM\",\"description\":\"O Portal de Not\u00edcias de Adamantina\",\"publisher\":{\"@id\":\"https:\/\/radiolifefm.com.br\/noticias\/#organization\"},\"alternateName\":\"Life FM\",\"potentialAction\":[{\"@type\":\"SearchAction\",\"target\":{\"@type\":\"EntryPoint\",\"urlTemplate\":\"https:\/\/radiolifefm.com.br\/noticias\/?s={search_term_string}\"},\"query-input\":{\"@type\":\"PropertyValueSpecification\",\"valueRequired\":true,\"valueName\":\"search_term_string\"}}],\"inLanguage\":\"pt-BR\"},{\"@type\":\"Organization\",\"@id\":\"https:\/\/radiolifefm.com.br\/noticias\/#organization\",\"name\":\"R\u00e1dio Life FM\",\"alternateName\":\"Life FM\",\"url\":\"https:\/\/radiolifefm.com.br\/noticias\/\",\"logo\":{\"@type\":\"ImageObject\",\"inLanguage\":\"pt-BR\",\"@id\":\"https:\/\/radiolifefm.com.br\/noticias\/#\/schema\/logo\/image\/\",\"url\":\"https:\/\/static.radiolifefm.com.br\/noticias\/wp-content\/uploads\/2019\/10\/logo-lifefm.png\",\"contentUrl\":\"https:\/\/static.radiolifefm.com.br\/noticias\/wp-content\/uploads\/2019\/10\/logo-lifefm.png\",\"width\":196,\"height\":47,\"caption\":\"R\u00e1dio Life FM\"},\"image\":{\"@id\":\"https:\/\/radiolifefm.com.br\/noticias\/#\/schema\/logo\/image\/\"},\"sameAs\":[\"https:\/\/www.facebook.com\/radiolifefm\/\",\"https:\/\/www.instagram.com\/life1079fm\/\"]},{\"@type\":\"Person\",\"@id\":\"https:\/\/radiolifefm.com.br\/noticias\/#\/schema\/person\/1d4e4b1301322090c6221bf1c8420490\",\"name\":\"lifefm\",\"image\":{\"@type\":\"ImageObject\",\"inLanguage\":\"pt-BR\",\"@id\":\"https:\/\/secure.gravatar.com\/avatar\/eca268467d925ec97d20641bb054fd944c0abb2f92854171620706bbe6474e7c?s=96&d=mm&r=g\",\"url\":\"https:\/\/secure.gravatar.com\/avatar\/eca268467d925ec97d20641bb054fd944c0abb2f92854171620706bbe6474e7c?s=96&d=mm&r=g\",\"contentUrl\":\"https:\/\/secure.gravatar.com\/avatar\/eca268467d925ec97d20641bb054fd944c0abb2f92854171620706bbe6474e7c?s=96&d=mm&r=g\",\"caption\":\"lifefm\"}}]}<\/script>\n<!-- \/ Yoast SEO plugin. -->","yoast_head_json":{"title":"CHE GUEVARA: \u201cHASTA LA VICTORIA SIEMPRE\u201d - S\u00e9rgio Barbosa - Coluna Opini\u00e3o - R\u00e1dio Life FM","robots":{"index":"index","follow":"follow","max-snippet":"max-snippet:-1","max-image-preview":"max-image-preview:large","max-video-preview":"max-video-preview:-1"},"canonical":"https:\/\/radiolifefm.com.br\/noticias\/che-guevara-hasta-la-victoria-siempre-sergio-barbosa-coluna-opiniao\/","og_locale":"pt_BR","og_type":"article","og_title":"CHE GUEVARA: \u201cHASTA LA VICTORIA SIEMPRE\u201d - S\u00e9rgio Barbosa - Coluna Opini\u00e3o - R\u00e1dio Life FM","og_description":"CHE GUEVARA: \u201cHASTA LA VICTORIA SIEMPRE\u201d \u201cO mito continua presente em meio aos desencontros de um mundo globalizado, demonstrando ser um \u00edcone entre o sonho e a realidade\u201d (SB) Nos final dos anos 50 aconteceu a chamada \u201cRevolu\u00e7\u00e3o Cubana\u201d sob o comando dos guerrilheiros de \u201cSierra Maestra\u201d, Fidel Castro e Ernesto \u201cChe\u201d Guevara que fizeram [&hellip;]","og_url":"https:\/\/radiolifefm.com.br\/noticias\/che-guevara-hasta-la-victoria-siempre-sergio-barbosa-coluna-opiniao\/","og_site_name":"R\u00e1dio Life FM","article_publisher":"https:\/\/www.facebook.com\/radiolifefm\/","article_published_time":"2019-10-09T11:39:07+00:00","article_modified_time":"2026-04-24T15:45:36+00:00","og_image":[{"width":236,"height":393,"url":"https:\/\/radiolifefm.com.br\/noticias\/wp-content\/uploads\/2019\/10\/Sebar-2.jpg","type":"image\/jpeg"}],"author":"lifefm","twitter_card":"summary_large_image","twitter_misc":{"Escrito por":"lifefm","Est. tempo de leitura":"2 minutos"},"schema":{"@context":"https:\/\/schema.org","@graph":[{"@type":"Article","@id":"https:\/\/radiolifefm.com.br\/noticias\/che-guevara-hasta-la-victoria-siempre-sergio-barbosa-coluna-opiniao\/#article","isPartOf":{"@id":"https:\/\/radiolifefm.com.br\/noticias\/che-guevara-hasta-la-victoria-siempre-sergio-barbosa-coluna-opiniao\/"},"author":{"name":"lifefm","@id":"https:\/\/radiolifefm.com.br\/noticias\/#\/schema\/person\/1d4e4b1301322090c6221bf1c8420490"},"headline":"CHE GUEVARA: \u201cHASTA LA VICTORIA SIEMPRE\u201d &#8211; S\u00e9rgio Barbosa &#8211; Coluna Opini\u00e3o","datePublished":"2019-10-09T11:39:07+00:00","dateModified":"2026-04-24T15:45:36+00:00","mainEntityOfPage":{"@id":"https:\/\/radiolifefm.com.br\/noticias\/che-guevara-hasta-la-victoria-siempre-sergio-barbosa-coluna-opiniao\/"},"wordCount":440,"publisher":{"@id":"https:\/\/radiolifefm.com.br\/noticias\/#organization"},"image":{"@id":"https:\/\/radiolifefm.com.br\/noticias\/che-guevara-hasta-la-victoria-siempre-sergio-barbosa-coluna-opiniao\/#primaryimage"},"thumbnailUrl":"https:\/\/radiolifefm.com.br\/noticias\/wp-content\/uploads\/2019\/10\/Sebar-2.jpg","articleSection":["Opini\u00e3o"],"inLanguage":"pt-BR"},{"@type":"WebPage","@id":"https:\/\/radiolifefm.com.br\/noticias\/che-guevara-hasta-la-victoria-siempre-sergio-barbosa-coluna-opiniao\/","url":"https:\/\/radiolifefm.com.br\/noticias\/che-guevara-hasta-la-victoria-siempre-sergio-barbosa-coluna-opiniao\/","name":"CHE GUEVARA: \u201cHASTA LA VICTORIA SIEMPRE\u201d - S\u00e9rgio Barbosa - Coluna Opini\u00e3o - R\u00e1dio Life FM","isPartOf":{"@id":"https:\/\/radiolifefm.com.br\/noticias\/#website"},"primaryImageOfPage":{"@id":"https:\/\/radiolifefm.com.br\/noticias\/che-guevara-hasta-la-victoria-siempre-sergio-barbosa-coluna-opiniao\/#primaryimage"},"image":{"@id":"https:\/\/radiolifefm.com.br\/noticias\/che-guevara-hasta-la-victoria-siempre-sergio-barbosa-coluna-opiniao\/#primaryimage"},"thumbnailUrl":"https:\/\/radiolifefm.com.br\/noticias\/wp-content\/uploads\/2019\/10\/Sebar-2.jpg","datePublished":"2019-10-09T11:39:07+00:00","dateModified":"2026-04-24T15:45:36+00:00","breadcrumb":{"@id":"https:\/\/radiolifefm.com.br\/noticias\/che-guevara-hasta-la-victoria-siempre-sergio-barbosa-coluna-opiniao\/#breadcrumb"},"inLanguage":"pt-BR","potentialAction":[{"@type":"ReadAction","target":["https:\/\/radiolifefm.com.br\/noticias\/che-guevara-hasta-la-victoria-siempre-sergio-barbosa-coluna-opiniao\/"]}]},{"@type":"ImageObject","inLanguage":"pt-BR","@id":"https:\/\/radiolifefm.com.br\/noticias\/che-guevara-hasta-la-victoria-siempre-sergio-barbosa-coluna-opiniao\/#primaryimage","url":"https:\/\/radiolifefm.com.br\/noticias\/wp-content\/uploads\/2019\/10\/Sebar-2.jpg","contentUrl":"https:\/\/radiolifefm.com.br\/noticias\/wp-content\/uploads\/2019\/10\/Sebar-2.jpg","width":236,"height":393},{"@type":"BreadcrumbList","@id":"https:\/\/radiolifefm.com.br\/noticias\/che-guevara-hasta-la-victoria-siempre-sergio-barbosa-coluna-opiniao\/#breadcrumb","itemListElement":[{"@type":"ListItem","position":1,"name":"In\u00edcio","item":"https:\/\/radiolifefm.com.br\/noticias\/"},{"@type":"ListItem","position":2,"name":"CHE GUEVARA: \u201cHASTA LA VICTORIA SIEMPRE\u201d &#8211; S\u00e9rgio Barbosa &#8211; Coluna Opini\u00e3o"}]},{"@type":"WebSite","@id":"https:\/\/radiolifefm.com.br\/noticias\/#website","url":"https:\/\/radiolifefm.com.br\/noticias\/","name":"R\u00e1dio Life FM","description":"O Portal de Not\u00edcias de Adamantina","publisher":{"@id":"https:\/\/radiolifefm.com.br\/noticias\/#organization"},"alternateName":"Life FM","potentialAction":[{"@type":"SearchAction","target":{"@type":"EntryPoint","urlTemplate":"https:\/\/radiolifefm.com.br\/noticias\/?s={search_term_string}"},"query-input":{"@type":"PropertyValueSpecification","valueRequired":true,"valueName":"search_term_string"}}],"inLanguage":"pt-BR"},{"@type":"Organization","@id":"https:\/\/radiolifefm.com.br\/noticias\/#organization","name":"R\u00e1dio Life FM","alternateName":"Life FM","url":"https:\/\/radiolifefm.com.br\/noticias\/","logo":{"@type":"ImageObject","inLanguage":"pt-BR","@id":"https:\/\/radiolifefm.com.br\/noticias\/#\/schema\/logo\/image\/","url":"https:\/\/static.radiolifefm.com.br\/noticias\/wp-content\/uploads\/2019\/10\/logo-lifefm.png","contentUrl":"https:\/\/static.radiolifefm.com.br\/noticias\/wp-content\/uploads\/2019\/10\/logo-lifefm.png","width":196,"height":47,"caption":"R\u00e1dio Life FM"},"image":{"@id":"https:\/\/radiolifefm.com.br\/noticias\/#\/schema\/logo\/image\/"},"sameAs":["https:\/\/www.facebook.com\/radiolifefm\/","https:\/\/www.instagram.com\/life1079fm\/"]},{"@type":"Person","@id":"https:\/\/radiolifefm.com.br\/noticias\/#\/schema\/person\/1d4e4b1301322090c6221bf1c8420490","name":"lifefm","image":{"@type":"ImageObject","inLanguage":"pt-BR","@id":"https:\/\/secure.gravatar.com\/avatar\/eca268467d925ec97d20641bb054fd944c0abb2f92854171620706bbe6474e7c?s=96&d=mm&r=g","url":"https:\/\/secure.gravatar.com\/avatar\/eca268467d925ec97d20641bb054fd944c0abb2f92854171620706bbe6474e7c?s=96&d=mm&r=g","contentUrl":"https:\/\/secure.gravatar.com\/avatar\/eca268467d925ec97d20641bb054fd944c0abb2f92854171620706bbe6474e7c?s=96&d=mm&r=g","caption":"lifefm"}}]}},"amp_enabled":true,"_links":{"self":[{"href":"https:\/\/radiolifefm.com.br\/noticias\/wp-json\/wp\/v2\/posts\/16961","targetHints":{"allow":["GET"]}}],"collection":[{"href":"https:\/\/radiolifefm.com.br\/noticias\/wp-json\/wp\/v2\/posts"}],"about":[{"href":"https:\/\/radiolifefm.com.br\/noticias\/wp-json\/wp\/v2\/types\/post"}],"author":[{"embeddable":true,"href":"https:\/\/radiolifefm.com.br\/noticias\/wp-json\/wp\/v2\/users\/3"}],"replies":[{"embeddable":true,"href":"https:\/\/radiolifefm.com.br\/noticias\/wp-json\/wp\/v2\/comments?post=16961"}],"version-history":[{"count":1,"href":"https:\/\/radiolifefm.com.br\/noticias\/wp-json\/wp\/v2\/posts\/16961\/revisions"}],"predecessor-version":[{"id":16966,"href":"https:\/\/radiolifefm.com.br\/noticias\/wp-json\/wp\/v2\/posts\/16961\/revisions\/16966"}],"wp:featuredmedia":[{"embeddable":true,"href":"https:\/\/radiolifefm.com.br\/noticias\/wp-json\/wp\/v2\/media\/16964"}],"wp:attachment":[{"href":"https:\/\/radiolifefm.com.br\/noticias\/wp-json\/wp\/v2\/media?parent=16961"}],"wp:term":[{"taxonomy":"category","embeddable":true,"href":"https:\/\/radiolifefm.com.br\/noticias\/wp-json\/wp\/v2\/categories?post=16961"},{"taxonomy":"post_tag","embeddable":true,"href":"https:\/\/radiolifefm.com.br\/noticias\/wp-json\/wp\/v2\/tags?post=16961"}],"curies":[{"name":"wp","href":"https:\/\/api.w.org\/{rel}","templated":true}]}}