{"id":16747,"date":"2019-10-06T21:58:11","date_gmt":"2019-10-07T00:58:11","guid":{"rendered":"https:\/\/radiolifefm.com.br\/noticias\/?p=16747"},"modified":"2025-09-24T05:00:05","modified_gmt":"2025-09-24T08:00:05","slug":"morte-de-adolescente-vitima-de-atropelamento-gera-protesto-em-panorama","status":"publish","type":"post","link":"https:\/\/radiolifefm.com.br\/noticias\/morte-de-adolescente-vitima-de-atropelamento-gera-protesto-em-panorama\/","title":{"rendered":"Morte de adolescente v\u00edtima de atropelamento gera protesto em Panorama"},"content":{"rendered":"<div id=\"fb-root\"><\/div>\n<p><em>Motorista envolvido no acidente de tr\u00e2nsito n\u00e3o apresentava sinais de embriaguez, segundo a Pol\u00edcia.<\/em><\/p>\n<p>Um grupo fez um protesto em Panorama, na noite da \u00faltima sexta-feira (4), por causa da morte de uma adolescente, de 14 anos, que foi atropelada no dia 8 de setembro na cidade.<\/p>\n<p>Com faixas e fotos da jovem, parentes e amigos sa\u00edram pelas ruas pedindo justi\u00e7a para o caso, que ainda est\u00e1 sendo apurado pela Pol\u00edcia Civil.<\/p>\n<p>Segundo o delegado Alessandro Barone, o atropelamento aconteceu quando o motorista de um carro desviou de outro ve\u00edculo e acabou atingindo a garota, que estava com mais dois jovens e uma crian\u00e7a.<\/p>\n<p>O motorista prestou socorro e apesar de se negar a fazer o teste do baf\u00f4metro, a Pol\u00edcia informou que ele n\u00e3o apresentava sinais de embriaguez.<\/p>\n<p>A v\u00edtima chegou a ser transferida para o Hospital Regional (HR), em Presidente Prudente, mas n\u00e3o resistiu aos ferimentos e acabou morrendo.<\/p>\n<p>O caso foi registrado como homic\u00eddio culposo na dire\u00e7\u00e3o de ve\u00edculo automotor, ou seja, quando n\u00e3o h\u00e1 a inten\u00e7\u00e3o de matar.<\/p>\n<p>&nbsp;<\/p>\n<p>Fonte: TV Fronteira<\/p>\n<p>&nbsp;<\/p>\n","protected":false},"excerpt":{"rendered":"<p>Motorista envolvido no acidente de tr\u00e2nsito n\u00e3o apresentava sinais de embriaguez, segundo a Pol\u00edcia. Um grupo fez um protesto em Panorama, na noite da \u00faltima sexta-feira (4), por causa da morte de uma adolescente, de 14 anos, que foi atropelada no dia 8 de setembro na cidade. Com faixas e fotos da jovem, parentes e [&hellip;]<\/p>\n","protected":false},"author":3,"featured_media":16748,"comment_status":"closed","ping_status":"open","sticky":false,"template":"","format":"standard","meta":{"_acf_changed":false,"_exactmetrics_skip_tracking":false,"_exactmetrics_sitenote_active":false,"_exactmetrics_sitenote_note":"","_exactmetrics_sitenote_category":0,"footnotes":""},"categories":[24],"tags":[],"class_list":["post-16747","post","type-post","status-publish","format-standard","has-post-thumbnail","hentry","category-regiao"],"acf":[],"yoast_head":"<!-- This site is optimized with the Yoast SEO plugin v27.2 - https:\/\/yoast.com\/product\/yoast-seo-wordpress\/ -->\n<title>Morte de adolescente v\u00edtima de atropelamento gera protesto em Panorama - R\u00e1dio Life FM<\/title>\n<meta name=\"robots\" content=\"index, follow, max-snippet:-1, max-image-preview:large, max-video-preview:-1\" \/>\n<link rel=\"canonical\" href=\"https:\/\/radiolifefm.com.br\/noticias\/morte-de-adolescente-vitima-de-atropelamento-gera-protesto-em-panorama\/\" \/>\n<meta property=\"og:locale\" content=\"pt_BR\" \/>\n<meta property=\"og:type\" content=\"article\" \/>\n<meta property=\"og:title\" content=\"Morte de adolescente v\u00edtima de atropelamento gera protesto em Panorama - R\u00e1dio Life FM\" \/>\n<meta property=\"og:description\" content=\"Motorista envolvido no acidente de tr\u00e2nsito n\u00e3o apresentava sinais de embriaguez, segundo a Pol\u00edcia. Um grupo fez um protesto em Panorama, na noite da \u00faltima sexta-feira (4), por causa da morte de uma adolescente, de 14 anos, que foi atropelada no dia 8 de setembro na cidade. Com faixas e fotos da jovem, parentes e [&hellip;]\" \/>\n<meta property=\"og:url\" content=\"https:\/\/radiolifefm.com.br\/noticias\/morte-de-adolescente-vitima-de-atropelamento-gera-protesto-em-panorama\/\" \/>\n<meta property=\"og:site_name\" content=\"R\u00e1dio Life FM\" \/>\n<meta property=\"article:publisher\" content=\"https:\/\/www.facebook.com\/radiolifefm\/\" \/>\n<meta property=\"article:published_time\" content=\"2019-10-07T00:58:11+00:00\" \/>\n<meta property=\"article:modified_time\" content=\"2025-09-24T08:00:05+00:00\" \/>\n<meta property=\"og:image\" content=\"https:\/\/static.radiolifefm.com.br\/noticias\/wp-content\/uploads\/2019\/10\/Morte-adolescente.jpg\" \/>\n\t<meta property=\"og:image:width\" content=\"620\" \/>\n\t<meta property=\"og:image:height\" content=\"257\" \/>\n\t<meta property=\"og:image:type\" content=\"image\/jpeg\" \/>\n<meta name=\"author\" content=\"lifefm\" \/>\n<meta name=\"twitter:card\" content=\"summary_large_image\" \/>\n<meta name=\"twitter:label1\" content=\"Escrito por\" \/>\n\t<meta name=\"twitter:data1\" content=\"lifefm\" \/>\n\t<meta name=\"twitter:label2\" content=\"Est. tempo de leitura\" \/>\n\t<meta name=\"twitter:data2\" content=\"1 minuto\" \/>\n<script type=\"application\/ld+json\" class=\"yoast-schema-graph\">{\"@context\":\"https:\/\/schema.org\",\"@graph\":[{\"@type\":\"Article\",\"@id\":\"https:\/\/radiolifefm.com.br\/noticias\/morte-de-adolescente-vitima-de-atropelamento-gera-protesto-em-panorama\/#article\",\"isPartOf\":{\"@id\":\"https:\/\/radiolifefm.com.br\/noticias\/morte-de-adolescente-vitima-de-atropelamento-gera-protesto-em-panorama\/\"},\"author\":{\"name\":\"lifefm\",\"@id\":\"https:\/\/radiolifefm.com.br\/noticias\/#\/schema\/person\/1d4e4b1301322090c6221bf1c8420490\"},\"headline\":\"Morte de adolescente v\u00edtima de atropelamento gera protesto em Panorama\",\"datePublished\":\"2019-10-07T00:58:11+00:00\",\"dateModified\":\"2025-09-24T08:00:05+00:00\",\"mainEntityOfPage\":{\"@id\":\"https:\/\/radiolifefm.com.br\/noticias\/morte-de-adolescente-vitima-de-atropelamento-gera-protesto-em-panorama\/\"},\"wordCount\":203,\"publisher\":{\"@id\":\"https:\/\/radiolifefm.com.br\/noticias\/#organization\"},\"image\":{\"@id\":\"https:\/\/radiolifefm.com.br\/noticias\/morte-de-adolescente-vitima-de-atropelamento-gera-protesto-em-panorama\/#primaryimage\"},\"thumbnailUrl\":\"https:\/\/radiolifefm.com.br\/noticias\/wp-content\/uploads\/2019\/10\/Morte-adolescente.jpg\",\"articleSection\":[\"Regi\u00e3o\"],\"inLanguage\":\"pt-BR\"},{\"@type\":\"WebPage\",\"@id\":\"https:\/\/radiolifefm.com.br\/noticias\/morte-de-adolescente-vitima-de-atropelamento-gera-protesto-em-panorama\/\",\"url\":\"https:\/\/radiolifefm.com.br\/noticias\/morte-de-adolescente-vitima-de-atropelamento-gera-protesto-em-panorama\/\",\"name\":\"Morte de adolescente v\u00edtima de atropelamento gera protesto em Panorama - R\u00e1dio Life FM\",\"isPartOf\":{\"@id\":\"https:\/\/radiolifefm.com.br\/noticias\/#website\"},\"primaryImageOfPage\":{\"@id\":\"https:\/\/radiolifefm.com.br\/noticias\/morte-de-adolescente-vitima-de-atropelamento-gera-protesto-em-panorama\/#primaryimage\"},\"image\":{\"@id\":\"https:\/\/radiolifefm.com.br\/noticias\/morte-de-adolescente-vitima-de-atropelamento-gera-protesto-em-panorama\/#primaryimage\"},\"thumbnailUrl\":\"https:\/\/radiolifefm.com.br\/noticias\/wp-content\/uploads\/2019\/10\/Morte-adolescente.jpg\",\"datePublished\":\"2019-10-07T00:58:11+00:00\",\"dateModified\":\"2025-09-24T08:00:05+00:00\",\"breadcrumb\":{\"@id\":\"https:\/\/radiolifefm.com.br\/noticias\/morte-de-adolescente-vitima-de-atropelamento-gera-protesto-em-panorama\/#breadcrumb\"},\"inLanguage\":\"pt-BR\",\"potentialAction\":[{\"@type\":\"ReadAction\",\"target\":[\"https:\/\/radiolifefm.com.br\/noticias\/morte-de-adolescente-vitima-de-atropelamento-gera-protesto-em-panorama\/\"]}]},{\"@type\":\"ImageObject\",\"inLanguage\":\"pt-BR\",\"@id\":\"https:\/\/radiolifefm.com.br\/noticias\/morte-de-adolescente-vitima-de-atropelamento-gera-protesto-em-panorama\/#primaryimage\",\"url\":\"https:\/\/radiolifefm.com.br\/noticias\/wp-content\/uploads\/2019\/10\/Morte-adolescente.jpg\",\"contentUrl\":\"https:\/\/radiolifefm.com.br\/noticias\/wp-content\/uploads\/2019\/10\/Morte-adolescente.jpg\",\"width\":620,\"height\":257},{\"@type\":\"BreadcrumbList\",\"@id\":\"https:\/\/radiolifefm.com.br\/noticias\/morte-de-adolescente-vitima-de-atropelamento-gera-protesto-em-panorama\/#breadcrumb\",\"itemListElement\":[{\"@type\":\"ListItem\",\"position\":1,\"name\":\"In\u00edcio\",\"item\":\"https:\/\/radiolifefm.com.br\/noticias\/\"},{\"@type\":\"ListItem\",\"position\":2,\"name\":\"Morte de adolescente v\u00edtima de atropelamento gera protesto em Panorama\"}]},{\"@type\":\"WebSite\",\"@id\":\"https:\/\/radiolifefm.com.br\/noticias\/#website\",\"url\":\"https:\/\/radiolifefm.com.br\/noticias\/\",\"name\":\"R\u00e1dio Life FM\",\"description\":\"O Portal de Not\u00edcias de Adamantina\",\"publisher\":{\"@id\":\"https:\/\/radiolifefm.com.br\/noticias\/#organization\"},\"alternateName\":\"Life FM\",\"potentialAction\":[{\"@type\":\"SearchAction\",\"target\":{\"@type\":\"EntryPoint\",\"urlTemplate\":\"https:\/\/radiolifefm.com.br\/noticias\/?s={search_term_string}\"},\"query-input\":{\"@type\":\"PropertyValueSpecification\",\"valueRequired\":true,\"valueName\":\"search_term_string\"}}],\"inLanguage\":\"pt-BR\"},{\"@type\":\"Organization\",\"@id\":\"https:\/\/radiolifefm.com.br\/noticias\/#organization\",\"name\":\"R\u00e1dio Life FM\",\"alternateName\":\"Life FM\",\"url\":\"https:\/\/radiolifefm.com.br\/noticias\/\",\"logo\":{\"@type\":\"ImageObject\",\"inLanguage\":\"pt-BR\",\"@id\":\"https:\/\/radiolifefm.com.br\/noticias\/#\/schema\/logo\/image\/\",\"url\":\"https:\/\/static.radiolifefm.com.br\/noticias\/wp-content\/uploads\/2019\/10\/logo-lifefm.png\",\"contentUrl\":\"https:\/\/static.radiolifefm.com.br\/noticias\/wp-content\/uploads\/2019\/10\/logo-lifefm.png\",\"width\":196,\"height\":47,\"caption\":\"R\u00e1dio Life FM\"},\"image\":{\"@id\":\"https:\/\/radiolifefm.com.br\/noticias\/#\/schema\/logo\/image\/\"},\"sameAs\":[\"https:\/\/www.facebook.com\/radiolifefm\/\",\"https:\/\/www.instagram.com\/life1079fm\/\"]},{\"@type\":\"Person\",\"@id\":\"https:\/\/radiolifefm.com.br\/noticias\/#\/schema\/person\/1d4e4b1301322090c6221bf1c8420490\",\"name\":\"lifefm\",\"image\":{\"@type\":\"ImageObject\",\"inLanguage\":\"pt-BR\",\"@id\":\"https:\/\/secure.gravatar.com\/avatar\/eca268467d925ec97d20641bb054fd944c0abb2f92854171620706bbe6474e7c?s=96&d=mm&r=g\",\"url\":\"https:\/\/secure.gravatar.com\/avatar\/eca268467d925ec97d20641bb054fd944c0abb2f92854171620706bbe6474e7c?s=96&d=mm&r=g\",\"contentUrl\":\"https:\/\/secure.gravatar.com\/avatar\/eca268467d925ec97d20641bb054fd944c0abb2f92854171620706bbe6474e7c?s=96&d=mm&r=g\",\"caption\":\"lifefm\"}}]}<\/script>\n<!-- \/ Yoast SEO plugin. -->","yoast_head_json":{"title":"Morte de adolescente v\u00edtima de atropelamento gera protesto em Panorama - R\u00e1dio Life FM","robots":{"index":"index","follow":"follow","max-snippet":"max-snippet:-1","max-image-preview":"max-image-preview:large","max-video-preview":"max-video-preview:-1"},"canonical":"https:\/\/radiolifefm.com.br\/noticias\/morte-de-adolescente-vitima-de-atropelamento-gera-protesto-em-panorama\/","og_locale":"pt_BR","og_type":"article","og_title":"Morte de adolescente v\u00edtima de atropelamento gera protesto em Panorama - R\u00e1dio Life FM","og_description":"Motorista envolvido no acidente de tr\u00e2nsito n\u00e3o apresentava sinais de embriaguez, segundo a Pol\u00edcia. Um grupo fez um protesto em Panorama, na noite da \u00faltima sexta-feira (4), por causa da morte de uma adolescente, de 14 anos, que foi atropelada no dia 8 de setembro na cidade. Com faixas e fotos da jovem, parentes e [&hellip;]","og_url":"https:\/\/radiolifefm.com.br\/noticias\/morte-de-adolescente-vitima-de-atropelamento-gera-protesto-em-panorama\/","og_site_name":"R\u00e1dio Life FM","article_publisher":"https:\/\/www.facebook.com\/radiolifefm\/","article_published_time":"2019-10-07T00:58:11+00:00","article_modified_time":"2025-09-24T08:00:05+00:00","og_image":[{"width":620,"height":257,"url":"https:\/\/static.radiolifefm.com.br\/noticias\/wp-content\/uploads\/2019\/10\/Morte-adolescente.jpg","type":"image\/jpeg"}],"author":"lifefm","twitter_card":"summary_large_image","twitter_misc":{"Escrito por":"lifefm","Est. tempo de leitura":"1 minuto"},"schema":{"@context":"https:\/\/schema.org","@graph":[{"@type":"Article","@id":"https:\/\/radiolifefm.com.br\/noticias\/morte-de-adolescente-vitima-de-atropelamento-gera-protesto-em-panorama\/#article","isPartOf":{"@id":"https:\/\/radiolifefm.com.br\/noticias\/morte-de-adolescente-vitima-de-atropelamento-gera-protesto-em-panorama\/"},"author":{"name":"lifefm","@id":"https:\/\/radiolifefm.com.br\/noticias\/#\/schema\/person\/1d4e4b1301322090c6221bf1c8420490"},"headline":"Morte de adolescente v\u00edtima de atropelamento gera protesto em Panorama","datePublished":"2019-10-07T00:58:11+00:00","dateModified":"2025-09-24T08:00:05+00:00","mainEntityOfPage":{"@id":"https:\/\/radiolifefm.com.br\/noticias\/morte-de-adolescente-vitima-de-atropelamento-gera-protesto-em-panorama\/"},"wordCount":203,"publisher":{"@id":"https:\/\/radiolifefm.com.br\/noticias\/#organization"},"image":{"@id":"https:\/\/radiolifefm.com.br\/noticias\/morte-de-adolescente-vitima-de-atropelamento-gera-protesto-em-panorama\/#primaryimage"},"thumbnailUrl":"https:\/\/radiolifefm.com.br\/noticias\/wp-content\/uploads\/2019\/10\/Morte-adolescente.jpg","articleSection":["Regi\u00e3o"],"inLanguage":"pt-BR"},{"@type":"WebPage","@id":"https:\/\/radiolifefm.com.br\/noticias\/morte-de-adolescente-vitima-de-atropelamento-gera-protesto-em-panorama\/","url":"https:\/\/radiolifefm.com.br\/noticias\/morte-de-adolescente-vitima-de-atropelamento-gera-protesto-em-panorama\/","name":"Morte de adolescente v\u00edtima de atropelamento gera protesto em Panorama - R\u00e1dio Life FM","isPartOf":{"@id":"https:\/\/radiolifefm.com.br\/noticias\/#website"},"primaryImageOfPage":{"@id":"https:\/\/radiolifefm.com.br\/noticias\/morte-de-adolescente-vitima-de-atropelamento-gera-protesto-em-panorama\/#primaryimage"},"image":{"@id":"https:\/\/radiolifefm.com.br\/noticias\/morte-de-adolescente-vitima-de-atropelamento-gera-protesto-em-panorama\/#primaryimage"},"thumbnailUrl":"https:\/\/radiolifefm.com.br\/noticias\/wp-content\/uploads\/2019\/10\/Morte-adolescente.jpg","datePublished":"2019-10-07T00:58:11+00:00","dateModified":"2025-09-24T08:00:05+00:00","breadcrumb":{"@id":"https:\/\/radiolifefm.com.br\/noticias\/morte-de-adolescente-vitima-de-atropelamento-gera-protesto-em-panorama\/#breadcrumb"},"inLanguage":"pt-BR","potentialAction":[{"@type":"ReadAction","target":["https:\/\/radiolifefm.com.br\/noticias\/morte-de-adolescente-vitima-de-atropelamento-gera-protesto-em-panorama\/"]}]},{"@type":"ImageObject","inLanguage":"pt-BR","@id":"https:\/\/radiolifefm.com.br\/noticias\/morte-de-adolescente-vitima-de-atropelamento-gera-protesto-em-panorama\/#primaryimage","url":"https:\/\/radiolifefm.com.br\/noticias\/wp-content\/uploads\/2019\/10\/Morte-adolescente.jpg","contentUrl":"https:\/\/radiolifefm.com.br\/noticias\/wp-content\/uploads\/2019\/10\/Morte-adolescente.jpg","width":620,"height":257},{"@type":"BreadcrumbList","@id":"https:\/\/radiolifefm.com.br\/noticias\/morte-de-adolescente-vitima-de-atropelamento-gera-protesto-em-panorama\/#breadcrumb","itemListElement":[{"@type":"ListItem","position":1,"name":"In\u00edcio","item":"https:\/\/radiolifefm.com.br\/noticias\/"},{"@type":"ListItem","position":2,"name":"Morte de adolescente v\u00edtima de atropelamento gera protesto em Panorama"}]},{"@type":"WebSite","@id":"https:\/\/radiolifefm.com.br\/noticias\/#website","url":"https:\/\/radiolifefm.com.br\/noticias\/","name":"R\u00e1dio Life FM","description":"O Portal de Not\u00edcias de Adamantina","publisher":{"@id":"https:\/\/radiolifefm.com.br\/noticias\/#organization"},"alternateName":"Life FM","potentialAction":[{"@type":"SearchAction","target":{"@type":"EntryPoint","urlTemplate":"https:\/\/radiolifefm.com.br\/noticias\/?s={search_term_string}"},"query-input":{"@type":"PropertyValueSpecification","valueRequired":true,"valueName":"search_term_string"}}],"inLanguage":"pt-BR"},{"@type":"Organization","@id":"https:\/\/radiolifefm.com.br\/noticias\/#organization","name":"R\u00e1dio Life FM","alternateName":"Life FM","url":"https:\/\/radiolifefm.com.br\/noticias\/","logo":{"@type":"ImageObject","inLanguage":"pt-BR","@id":"https:\/\/radiolifefm.com.br\/noticias\/#\/schema\/logo\/image\/","url":"https:\/\/static.radiolifefm.com.br\/noticias\/wp-content\/uploads\/2019\/10\/logo-lifefm.png","contentUrl":"https:\/\/static.radiolifefm.com.br\/noticias\/wp-content\/uploads\/2019\/10\/logo-lifefm.png","width":196,"height":47,"caption":"R\u00e1dio Life FM"},"image":{"@id":"https:\/\/radiolifefm.com.br\/noticias\/#\/schema\/logo\/image\/"},"sameAs":["https:\/\/www.facebook.com\/radiolifefm\/","https:\/\/www.instagram.com\/life1079fm\/"]},{"@type":"Person","@id":"https:\/\/radiolifefm.com.br\/noticias\/#\/schema\/person\/1d4e4b1301322090c6221bf1c8420490","name":"lifefm","image":{"@type":"ImageObject","inLanguage":"pt-BR","@id":"https:\/\/secure.gravatar.com\/avatar\/eca268467d925ec97d20641bb054fd944c0abb2f92854171620706bbe6474e7c?s=96&d=mm&r=g","url":"https:\/\/secure.gravatar.com\/avatar\/eca268467d925ec97d20641bb054fd944c0abb2f92854171620706bbe6474e7c?s=96&d=mm&r=g","contentUrl":"https:\/\/secure.gravatar.com\/avatar\/eca268467d925ec97d20641bb054fd944c0abb2f92854171620706bbe6474e7c?s=96&d=mm&r=g","caption":"lifefm"}}]}},"amp_enabled":true,"_links":{"self":[{"href":"https:\/\/radiolifefm.com.br\/noticias\/wp-json\/wp\/v2\/posts\/16747","targetHints":{"allow":["GET"]}}],"collection":[{"href":"https:\/\/radiolifefm.com.br\/noticias\/wp-json\/wp\/v2\/posts"}],"about":[{"href":"https:\/\/radiolifefm.com.br\/noticias\/wp-json\/wp\/v2\/types\/post"}],"author":[{"embeddable":true,"href":"https:\/\/radiolifefm.com.br\/noticias\/wp-json\/wp\/v2\/users\/3"}],"replies":[{"embeddable":true,"href":"https:\/\/radiolifefm.com.br\/noticias\/wp-json\/wp\/v2\/comments?post=16747"}],"version-history":[{"count":1,"href":"https:\/\/radiolifefm.com.br\/noticias\/wp-json\/wp\/v2\/posts\/16747\/revisions"}],"predecessor-version":[{"id":16749,"href":"https:\/\/radiolifefm.com.br\/noticias\/wp-json\/wp\/v2\/posts\/16747\/revisions\/16749"}],"wp:featuredmedia":[{"embeddable":true,"href":"https:\/\/radiolifefm.com.br\/noticias\/wp-json\/wp\/v2\/media\/16748"}],"wp:attachment":[{"href":"https:\/\/radiolifefm.com.br\/noticias\/wp-json\/wp\/v2\/media?parent=16747"}],"wp:term":[{"taxonomy":"category","embeddable":true,"href":"https:\/\/radiolifefm.com.br\/noticias\/wp-json\/wp\/v2\/categories?post=16747"},{"taxonomy":"post_tag","embeddable":true,"href":"https:\/\/radiolifefm.com.br\/noticias\/wp-json\/wp\/v2\/tags?post=16747"}],"curies":[{"name":"wp","href":"https:\/\/api.w.org\/{rel}","templated":true}]}}