{"id":16657,"date":"2019-10-02T17:29:40","date_gmt":"2019-10-02T20:29:40","guid":{"rendered":"https:\/\/radiolifefm.com.br\/noticias\/?p=16657"},"modified":"2026-04-19T09:15:29","modified_gmt":"2026-04-19T12:15:29","slug":"morre-o-motorista-que-teve-90-do-corpo-queimado-em-assalto","status":"publish","type":"post","link":"https:\/\/radiolifefm.com.br\/noticias\/morre-o-motorista-que-teve-90-do-corpo-queimado-em-assalto\/","title":{"rendered":"Morre o motorista que teve 90% do corpo queimado em assalto"},"content":{"rendered":"<div id=\"fb-root\"><\/div>\n<p><em>Homem foi alvo de roubo, na \u00faltima sexta-feira, quando foi agredido e teve o corpo queimado<\/em><\/p>\n<p>Morreu nesta quarta-feira (2), em Mar\u00edlia, o motorista Joaquim de Oliveira, de 54 anos, que foi roubado no \u00faltimo s\u00e1bado (28) e teve 90% do corpo queimado, pr\u00f3ximo ao \u201cPostinho de Universo\u201d, na Rodovia Comandante Jo\u00e3o Ribeiro de Barros (SP-294), em Tup\u00e3.<\/p>\n<p>A v\u00edtima estava internada na UTI em Mar\u00edlia, desde o \u00faltimo s\u00e1bado e n\u00e3o resistiu aos ferimentos. O autor do latroc\u00ednio foi preso no dia seguinte ao roubo. O carro que foi roubado tamb\u00e9m foi recuperado.<\/p>\n<p>Na noite de sexta-feira (27), o Corpo de Bombeiros de Tup\u00e3 foi acionado, pois um homem aparentando certa idade, chegou ao \u201cPostinho de Universo\u201d, em Tup\u00e3, com praticamente todo corpo queimado, pedindo por ajuda.<\/p>\n<p>Rapidamente os bombeiros foram ao local e ao chegar foram informados pelo senhor que um homem armado havia o rendido e fugido com seu carro, um ve\u00edculo Gol, cor preta, com placas de Piacatu.<\/p>\n<p>A v\u00edtima, com v\u00e1rios ferimentos ainda relatou que apanhou do criminoso e que ele havia colocado fogo na v\u00edtima antes de fugir com o carro.<\/p>\n<p>O senhor relatou que foi contratado para levar o homem de Piacatu para Parapu\u00e3, mas, no meio do caminho foi anunciado o assalto e ele foi colocado no porta malas do carro.<\/p>\n<p>O homem acusado do crime foi preso na manh\u00e3 do s\u00e1bado (28), pela Pol\u00edcia Civil de Tup\u00e3.<\/p>\n<p>Ap\u00f3s investiga\u00e7\u00f5es, os policiais da DIG e DISE de Tup\u00e3 conseguiram chegar at\u00e9 o elemento acusado do crime que reside na cidade de Tup\u00e3. Ele confessou o crime e permanece preso.<\/p>\n<p>Ele ainda confessou que j\u00e1 havia morado em Piacatu e que o carro roubado ele havia passado para um receptador na cidade de Pen\u00e1polis, onde o ve\u00edculo foi encontrado e o receptador preso pela pol\u00edcia local.<\/p>\n<p>&nbsp;<\/p>\n<p>Informa\u00e7\u00f5es \u2013 Mais Tup\u00e3 Not\u00edcias<\/p>\n","protected":false},"excerpt":{"rendered":"<p>Homem foi alvo de roubo, na \u00faltima sexta-feira, quando foi agredido e teve o corpo queimado Morreu nesta quarta-feira (2), em Mar\u00edlia, o motorista Joaquim de Oliveira, de 54 anos, que foi roubado no \u00faltimo s\u00e1bado (28) e teve 90% do corpo queimado, pr\u00f3ximo ao \u201cPostinho de Universo\u201d, na Rodovia Comandante Jo\u00e3o Ribeiro de Barros [&hellip;]<\/p>\n","protected":false},"author":3,"featured_media":16658,"comment_status":"closed","ping_status":"open","sticky":false,"template":"","format":"standard","meta":{"_acf_changed":false,"_exactmetrics_skip_tracking":false,"_exactmetrics_sitenote_active":false,"_exactmetrics_sitenote_note":"","_exactmetrics_sitenote_category":0,"footnotes":""},"categories":[24],"tags":[],"class_list":["post-16657","post","type-post","status-publish","format-standard","has-post-thumbnail","hentry","category-regiao"],"acf":[],"yoast_head":"<!-- This site is optimized with the Yoast SEO plugin v27.2 - https:\/\/yoast.com\/product\/yoast-seo-wordpress\/ -->\n<title>Morre o motorista que teve 90% do corpo queimado em assalto - R\u00e1dio Life FM<\/title>\n<meta name=\"robots\" content=\"index, follow, max-snippet:-1, max-image-preview:large, max-video-preview:-1\" \/>\n<link rel=\"canonical\" href=\"https:\/\/radiolifefm.com.br\/noticias\/morre-o-motorista-que-teve-90-do-corpo-queimado-em-assalto\/\" \/>\n<meta property=\"og:locale\" content=\"pt_BR\" \/>\n<meta property=\"og:type\" content=\"article\" \/>\n<meta property=\"og:title\" content=\"Morre o motorista que teve 90% do corpo queimado em assalto - R\u00e1dio Life FM\" \/>\n<meta property=\"og:description\" content=\"Homem foi alvo de roubo, na \u00faltima sexta-feira, quando foi agredido e teve o corpo queimado Morreu nesta quarta-feira (2), em Mar\u00edlia, o motorista Joaquim de Oliveira, de 54 anos, que foi roubado no \u00faltimo s\u00e1bado (28) e teve 90% do corpo queimado, pr\u00f3ximo ao \u201cPostinho de Universo\u201d, na Rodovia Comandante Jo\u00e3o Ribeiro de Barros [&hellip;]\" \/>\n<meta property=\"og:url\" content=\"https:\/\/radiolifefm.com.br\/noticias\/morre-o-motorista-que-teve-90-do-corpo-queimado-em-assalto\/\" \/>\n<meta property=\"og:site_name\" content=\"R\u00e1dio Life FM\" \/>\n<meta property=\"article:publisher\" content=\"https:\/\/www.facebook.com\/radiolifefm\/\" \/>\n<meta property=\"article:published_time\" content=\"2019-10-02T20:29:40+00:00\" \/>\n<meta property=\"article:modified_time\" content=\"2026-04-19T12:15:29+00:00\" \/>\n<meta property=\"og:image\" content=\"https:\/\/radiolifefm.com.br\/noticias\/wp-content\/uploads\/2019\/10\/Homem-queimado.jpg\" \/>\n\t<meta property=\"og:image:width\" content=\"540\" \/>\n\t<meta property=\"og:image:height\" content=\"300\" \/>\n\t<meta property=\"og:image:type\" content=\"image\/jpeg\" \/>\n<meta name=\"author\" content=\"lifefm\" \/>\n<meta name=\"twitter:card\" content=\"summary_large_image\" \/>\n<meta name=\"twitter:label1\" content=\"Escrito por\" \/>\n\t<meta name=\"twitter:data1\" content=\"lifefm\" \/>\n\t<meta name=\"twitter:label2\" content=\"Est. tempo de leitura\" \/>\n\t<meta name=\"twitter:data2\" content=\"2 minutos\" \/>\n<script type=\"application\/ld+json\" class=\"yoast-schema-graph\">{\"@context\":\"https:\/\/schema.org\",\"@graph\":[{\"@type\":\"Article\",\"@id\":\"https:\/\/radiolifefm.com.br\/noticias\/morre-o-motorista-que-teve-90-do-corpo-queimado-em-assalto\/#article\",\"isPartOf\":{\"@id\":\"https:\/\/radiolifefm.com.br\/noticias\/morre-o-motorista-que-teve-90-do-corpo-queimado-em-assalto\/\"},\"author\":{\"name\":\"lifefm\",\"@id\":\"https:\/\/radiolifefm.com.br\/noticias\/#\/schema\/person\/1d4e4b1301322090c6221bf1c8420490\"},\"headline\":\"Morre o motorista que teve 90% do corpo queimado em assalto\",\"datePublished\":\"2019-10-02T20:29:40+00:00\",\"dateModified\":\"2026-04-19T12:15:29+00:00\",\"mainEntityOfPage\":{\"@id\":\"https:\/\/radiolifefm.com.br\/noticias\/morre-o-motorista-que-teve-90-do-corpo-queimado-em-assalto\/\"},\"wordCount\":335,\"publisher\":{\"@id\":\"https:\/\/radiolifefm.com.br\/noticias\/#organization\"},\"image\":{\"@id\":\"https:\/\/radiolifefm.com.br\/noticias\/morre-o-motorista-que-teve-90-do-corpo-queimado-em-assalto\/#primaryimage\"},\"thumbnailUrl\":\"https:\/\/radiolifefm.com.br\/noticias\/wp-content\/uploads\/2019\/10\/Homem-queimado.jpg\",\"articleSection\":[\"Regi\u00e3o\"],\"inLanguage\":\"pt-BR\"},{\"@type\":\"WebPage\",\"@id\":\"https:\/\/radiolifefm.com.br\/noticias\/morre-o-motorista-que-teve-90-do-corpo-queimado-em-assalto\/\",\"url\":\"https:\/\/radiolifefm.com.br\/noticias\/morre-o-motorista-que-teve-90-do-corpo-queimado-em-assalto\/\",\"name\":\"Morre o motorista que teve 90% do corpo queimado em assalto - R\u00e1dio Life FM\",\"isPartOf\":{\"@id\":\"https:\/\/radiolifefm.com.br\/noticias\/#website\"},\"primaryImageOfPage\":{\"@id\":\"https:\/\/radiolifefm.com.br\/noticias\/morre-o-motorista-que-teve-90-do-corpo-queimado-em-assalto\/#primaryimage\"},\"image\":{\"@id\":\"https:\/\/radiolifefm.com.br\/noticias\/morre-o-motorista-que-teve-90-do-corpo-queimado-em-assalto\/#primaryimage\"},\"thumbnailUrl\":\"https:\/\/radiolifefm.com.br\/noticias\/wp-content\/uploads\/2019\/10\/Homem-queimado.jpg\",\"datePublished\":\"2019-10-02T20:29:40+00:00\",\"dateModified\":\"2026-04-19T12:15:29+00:00\",\"breadcrumb\":{\"@id\":\"https:\/\/radiolifefm.com.br\/noticias\/morre-o-motorista-que-teve-90-do-corpo-queimado-em-assalto\/#breadcrumb\"},\"inLanguage\":\"pt-BR\",\"potentialAction\":[{\"@type\":\"ReadAction\",\"target\":[\"https:\/\/radiolifefm.com.br\/noticias\/morre-o-motorista-que-teve-90-do-corpo-queimado-em-assalto\/\"]}]},{\"@type\":\"ImageObject\",\"inLanguage\":\"pt-BR\",\"@id\":\"https:\/\/radiolifefm.com.br\/noticias\/morre-o-motorista-que-teve-90-do-corpo-queimado-em-assalto\/#primaryimage\",\"url\":\"https:\/\/radiolifefm.com.br\/noticias\/wp-content\/uploads\/2019\/10\/Homem-queimado.jpg\",\"contentUrl\":\"https:\/\/radiolifefm.com.br\/noticias\/wp-content\/uploads\/2019\/10\/Homem-queimado.jpg\",\"width\":540,\"height\":300,\"caption\":\"Joaquim de Oliveira, de 54 anos, motorista do carro e v\u00edtima do assalto violento, n\u00e3o resistiu e morreu (Reprodu\u00e7\u00e3o: Site Mais Tup\u00e3).\"},{\"@type\":\"BreadcrumbList\",\"@id\":\"https:\/\/radiolifefm.com.br\/noticias\/morre-o-motorista-que-teve-90-do-corpo-queimado-em-assalto\/#breadcrumb\",\"itemListElement\":[{\"@type\":\"ListItem\",\"position\":1,\"name\":\"In\u00edcio\",\"item\":\"https:\/\/radiolifefm.com.br\/noticias\/\"},{\"@type\":\"ListItem\",\"position\":2,\"name\":\"Morre o motorista que teve 90% do corpo queimado em assalto\"}]},{\"@type\":\"WebSite\",\"@id\":\"https:\/\/radiolifefm.com.br\/noticias\/#website\",\"url\":\"https:\/\/radiolifefm.com.br\/noticias\/\",\"name\":\"R\u00e1dio Life FM\",\"description\":\"O Portal de Not\u00edcias de Adamantina\",\"publisher\":{\"@id\":\"https:\/\/radiolifefm.com.br\/noticias\/#organization\"},\"alternateName\":\"Life FM\",\"potentialAction\":[{\"@type\":\"SearchAction\",\"target\":{\"@type\":\"EntryPoint\",\"urlTemplate\":\"https:\/\/radiolifefm.com.br\/noticias\/?s={search_term_string}\"},\"query-input\":{\"@type\":\"PropertyValueSpecification\",\"valueRequired\":true,\"valueName\":\"search_term_string\"}}],\"inLanguage\":\"pt-BR\"},{\"@type\":\"Organization\",\"@id\":\"https:\/\/radiolifefm.com.br\/noticias\/#organization\",\"name\":\"R\u00e1dio Life FM\",\"alternateName\":\"Life FM\",\"url\":\"https:\/\/radiolifefm.com.br\/noticias\/\",\"logo\":{\"@type\":\"ImageObject\",\"inLanguage\":\"pt-BR\",\"@id\":\"https:\/\/radiolifefm.com.br\/noticias\/#\/schema\/logo\/image\/\",\"url\":\"https:\/\/static.radiolifefm.com.br\/noticias\/wp-content\/uploads\/2019\/10\/logo-lifefm.png\",\"contentUrl\":\"https:\/\/static.radiolifefm.com.br\/noticias\/wp-content\/uploads\/2019\/10\/logo-lifefm.png\",\"width\":196,\"height\":47,\"caption\":\"R\u00e1dio Life FM\"},\"image\":{\"@id\":\"https:\/\/radiolifefm.com.br\/noticias\/#\/schema\/logo\/image\/\"},\"sameAs\":[\"https:\/\/www.facebook.com\/radiolifefm\/\",\"https:\/\/www.instagram.com\/life1079fm\/\"]},{\"@type\":\"Person\",\"@id\":\"https:\/\/radiolifefm.com.br\/noticias\/#\/schema\/person\/1d4e4b1301322090c6221bf1c8420490\",\"name\":\"lifefm\",\"image\":{\"@type\":\"ImageObject\",\"inLanguage\":\"pt-BR\",\"@id\":\"https:\/\/secure.gravatar.com\/avatar\/eca268467d925ec97d20641bb054fd944c0abb2f92854171620706bbe6474e7c?s=96&d=mm&r=g\",\"url\":\"https:\/\/secure.gravatar.com\/avatar\/eca268467d925ec97d20641bb054fd944c0abb2f92854171620706bbe6474e7c?s=96&d=mm&r=g\",\"contentUrl\":\"https:\/\/secure.gravatar.com\/avatar\/eca268467d925ec97d20641bb054fd944c0abb2f92854171620706bbe6474e7c?s=96&d=mm&r=g\",\"caption\":\"lifefm\"}}]}<\/script>\n<!-- \/ Yoast SEO plugin. -->","yoast_head_json":{"title":"Morre o motorista que teve 90% do corpo queimado em assalto - R\u00e1dio Life FM","robots":{"index":"index","follow":"follow","max-snippet":"max-snippet:-1","max-image-preview":"max-image-preview:large","max-video-preview":"max-video-preview:-1"},"canonical":"https:\/\/radiolifefm.com.br\/noticias\/morre-o-motorista-que-teve-90-do-corpo-queimado-em-assalto\/","og_locale":"pt_BR","og_type":"article","og_title":"Morre o motorista que teve 90% do corpo queimado em assalto - R\u00e1dio Life FM","og_description":"Homem foi alvo de roubo, na \u00faltima sexta-feira, quando foi agredido e teve o corpo queimado Morreu nesta quarta-feira (2), em Mar\u00edlia, o motorista Joaquim de Oliveira, de 54 anos, que foi roubado no \u00faltimo s\u00e1bado (28) e teve 90% do corpo queimado, pr\u00f3ximo ao \u201cPostinho de Universo\u201d, na Rodovia Comandante Jo\u00e3o Ribeiro de Barros [&hellip;]","og_url":"https:\/\/radiolifefm.com.br\/noticias\/morre-o-motorista-que-teve-90-do-corpo-queimado-em-assalto\/","og_site_name":"R\u00e1dio Life FM","article_publisher":"https:\/\/www.facebook.com\/radiolifefm\/","article_published_time":"2019-10-02T20:29:40+00:00","article_modified_time":"2026-04-19T12:15:29+00:00","og_image":[{"width":540,"height":300,"url":"https:\/\/radiolifefm.com.br\/noticias\/wp-content\/uploads\/2019\/10\/Homem-queimado.jpg","type":"image\/jpeg"}],"author":"lifefm","twitter_card":"summary_large_image","twitter_misc":{"Escrito por":"lifefm","Est. tempo de leitura":"2 minutos"},"schema":{"@context":"https:\/\/schema.org","@graph":[{"@type":"Article","@id":"https:\/\/radiolifefm.com.br\/noticias\/morre-o-motorista-que-teve-90-do-corpo-queimado-em-assalto\/#article","isPartOf":{"@id":"https:\/\/radiolifefm.com.br\/noticias\/morre-o-motorista-que-teve-90-do-corpo-queimado-em-assalto\/"},"author":{"name":"lifefm","@id":"https:\/\/radiolifefm.com.br\/noticias\/#\/schema\/person\/1d4e4b1301322090c6221bf1c8420490"},"headline":"Morre o motorista que teve 90% do corpo queimado em assalto","datePublished":"2019-10-02T20:29:40+00:00","dateModified":"2026-04-19T12:15:29+00:00","mainEntityOfPage":{"@id":"https:\/\/radiolifefm.com.br\/noticias\/morre-o-motorista-que-teve-90-do-corpo-queimado-em-assalto\/"},"wordCount":335,"publisher":{"@id":"https:\/\/radiolifefm.com.br\/noticias\/#organization"},"image":{"@id":"https:\/\/radiolifefm.com.br\/noticias\/morre-o-motorista-que-teve-90-do-corpo-queimado-em-assalto\/#primaryimage"},"thumbnailUrl":"https:\/\/radiolifefm.com.br\/noticias\/wp-content\/uploads\/2019\/10\/Homem-queimado.jpg","articleSection":["Regi\u00e3o"],"inLanguage":"pt-BR"},{"@type":"WebPage","@id":"https:\/\/radiolifefm.com.br\/noticias\/morre-o-motorista-que-teve-90-do-corpo-queimado-em-assalto\/","url":"https:\/\/radiolifefm.com.br\/noticias\/morre-o-motorista-que-teve-90-do-corpo-queimado-em-assalto\/","name":"Morre o motorista que teve 90% do corpo queimado em assalto - R\u00e1dio Life FM","isPartOf":{"@id":"https:\/\/radiolifefm.com.br\/noticias\/#website"},"primaryImageOfPage":{"@id":"https:\/\/radiolifefm.com.br\/noticias\/morre-o-motorista-que-teve-90-do-corpo-queimado-em-assalto\/#primaryimage"},"image":{"@id":"https:\/\/radiolifefm.com.br\/noticias\/morre-o-motorista-que-teve-90-do-corpo-queimado-em-assalto\/#primaryimage"},"thumbnailUrl":"https:\/\/radiolifefm.com.br\/noticias\/wp-content\/uploads\/2019\/10\/Homem-queimado.jpg","datePublished":"2019-10-02T20:29:40+00:00","dateModified":"2026-04-19T12:15:29+00:00","breadcrumb":{"@id":"https:\/\/radiolifefm.com.br\/noticias\/morre-o-motorista-que-teve-90-do-corpo-queimado-em-assalto\/#breadcrumb"},"inLanguage":"pt-BR","potentialAction":[{"@type":"ReadAction","target":["https:\/\/radiolifefm.com.br\/noticias\/morre-o-motorista-que-teve-90-do-corpo-queimado-em-assalto\/"]}]},{"@type":"ImageObject","inLanguage":"pt-BR","@id":"https:\/\/radiolifefm.com.br\/noticias\/morre-o-motorista-que-teve-90-do-corpo-queimado-em-assalto\/#primaryimage","url":"https:\/\/radiolifefm.com.br\/noticias\/wp-content\/uploads\/2019\/10\/Homem-queimado.jpg","contentUrl":"https:\/\/radiolifefm.com.br\/noticias\/wp-content\/uploads\/2019\/10\/Homem-queimado.jpg","width":540,"height":300,"caption":"Joaquim de Oliveira, de 54 anos, motorista do carro e v\u00edtima do assalto violento, n\u00e3o resistiu e morreu (Reprodu\u00e7\u00e3o: Site Mais Tup\u00e3)."},{"@type":"BreadcrumbList","@id":"https:\/\/radiolifefm.com.br\/noticias\/morre-o-motorista-que-teve-90-do-corpo-queimado-em-assalto\/#breadcrumb","itemListElement":[{"@type":"ListItem","position":1,"name":"In\u00edcio","item":"https:\/\/radiolifefm.com.br\/noticias\/"},{"@type":"ListItem","position":2,"name":"Morre o motorista que teve 90% do corpo queimado em assalto"}]},{"@type":"WebSite","@id":"https:\/\/radiolifefm.com.br\/noticias\/#website","url":"https:\/\/radiolifefm.com.br\/noticias\/","name":"R\u00e1dio Life FM","description":"O Portal de Not\u00edcias de Adamantina","publisher":{"@id":"https:\/\/radiolifefm.com.br\/noticias\/#organization"},"alternateName":"Life FM","potentialAction":[{"@type":"SearchAction","target":{"@type":"EntryPoint","urlTemplate":"https:\/\/radiolifefm.com.br\/noticias\/?s={search_term_string}"},"query-input":{"@type":"PropertyValueSpecification","valueRequired":true,"valueName":"search_term_string"}}],"inLanguage":"pt-BR"},{"@type":"Organization","@id":"https:\/\/radiolifefm.com.br\/noticias\/#organization","name":"R\u00e1dio Life FM","alternateName":"Life FM","url":"https:\/\/radiolifefm.com.br\/noticias\/","logo":{"@type":"ImageObject","inLanguage":"pt-BR","@id":"https:\/\/radiolifefm.com.br\/noticias\/#\/schema\/logo\/image\/","url":"https:\/\/static.radiolifefm.com.br\/noticias\/wp-content\/uploads\/2019\/10\/logo-lifefm.png","contentUrl":"https:\/\/static.radiolifefm.com.br\/noticias\/wp-content\/uploads\/2019\/10\/logo-lifefm.png","width":196,"height":47,"caption":"R\u00e1dio Life FM"},"image":{"@id":"https:\/\/radiolifefm.com.br\/noticias\/#\/schema\/logo\/image\/"},"sameAs":["https:\/\/www.facebook.com\/radiolifefm\/","https:\/\/www.instagram.com\/life1079fm\/"]},{"@type":"Person","@id":"https:\/\/radiolifefm.com.br\/noticias\/#\/schema\/person\/1d4e4b1301322090c6221bf1c8420490","name":"lifefm","image":{"@type":"ImageObject","inLanguage":"pt-BR","@id":"https:\/\/secure.gravatar.com\/avatar\/eca268467d925ec97d20641bb054fd944c0abb2f92854171620706bbe6474e7c?s=96&d=mm&r=g","url":"https:\/\/secure.gravatar.com\/avatar\/eca268467d925ec97d20641bb054fd944c0abb2f92854171620706bbe6474e7c?s=96&d=mm&r=g","contentUrl":"https:\/\/secure.gravatar.com\/avatar\/eca268467d925ec97d20641bb054fd944c0abb2f92854171620706bbe6474e7c?s=96&d=mm&r=g","caption":"lifefm"}}]}},"amp_enabled":true,"_links":{"self":[{"href":"https:\/\/radiolifefm.com.br\/noticias\/wp-json\/wp\/v2\/posts\/16657","targetHints":{"allow":["GET"]}}],"collection":[{"href":"https:\/\/radiolifefm.com.br\/noticias\/wp-json\/wp\/v2\/posts"}],"about":[{"href":"https:\/\/radiolifefm.com.br\/noticias\/wp-json\/wp\/v2\/types\/post"}],"author":[{"embeddable":true,"href":"https:\/\/radiolifefm.com.br\/noticias\/wp-json\/wp\/v2\/users\/3"}],"replies":[{"embeddable":true,"href":"https:\/\/radiolifefm.com.br\/noticias\/wp-json\/wp\/v2\/comments?post=16657"}],"version-history":[{"count":1,"href":"https:\/\/radiolifefm.com.br\/noticias\/wp-json\/wp\/v2\/posts\/16657\/revisions"}],"predecessor-version":[{"id":16659,"href":"https:\/\/radiolifefm.com.br\/noticias\/wp-json\/wp\/v2\/posts\/16657\/revisions\/16659"}],"wp:featuredmedia":[{"embeddable":true,"href":"https:\/\/radiolifefm.com.br\/noticias\/wp-json\/wp\/v2\/media\/16658"}],"wp:attachment":[{"href":"https:\/\/radiolifefm.com.br\/noticias\/wp-json\/wp\/v2\/media?parent=16657"}],"wp:term":[{"taxonomy":"category","embeddable":true,"href":"https:\/\/radiolifefm.com.br\/noticias\/wp-json\/wp\/v2\/categories?post=16657"},{"taxonomy":"post_tag","embeddable":true,"href":"https:\/\/radiolifefm.com.br\/noticias\/wp-json\/wp\/v2\/tags?post=16657"}],"curies":[{"name":"wp","href":"https:\/\/api.w.org\/{rel}","templated":true}]}}