{"id":16516,"date":"2019-09-27T08:55:27","date_gmt":"2019-09-27T11:55:27","guid":{"rendered":"https:\/\/radiolifefm.com.br\/noticias\/?p=16516"},"modified":"2026-03-28T10:49:14","modified_gmt":"2026-03-28T13:49:14","slug":"na-era-digital-em-busca-da-essencia-do-radio-sergio-barbosa-opiniao","status":"publish","type":"post","link":"https:\/\/radiolifefm.com.br\/noticias\/na-era-digital-em-busca-da-essencia-do-radio-sergio-barbosa-opiniao\/","title":{"rendered":"Na Era Digital em busca da ess\u00eancia do R\u00e1dio&#8230; &#8211; S\u00e9rgio Barbosa &#8211; Opini\u00e3o"},"content":{"rendered":"<div id=\"fb-root\"><\/div>\n<p><strong>Na Era Digital em busca da ess\u00eancia do R\u00e1dio&#8230;<\/strong><\/p>\n<p><em>\u201cO homem \u00e9 um animal que adora tanto as novidades que se o r\u00e1dio fosse inventado depois da televis\u00e3o haveria uma correria a esse maravilhoso aparelho completamente sem imagem.\u201d (Mill\u00f4r Fernandes).<\/em><\/p>\n<p><em>S\u00e9rgio Barbosa (*)<\/em><\/p>\n<p>\u00c0 Equipe da Biblioteca Municipal, ainda, ao Radialista e Jornalista, \u201cZ\u00e9 M\u00e1rio\u201d, dedico!<\/p>\n<p>Nesta quinta-feira pela manh\u00e3, resolvi sem mais e sem menos aparecer na Biblioteca Municipal para um desencontro com a \u201cExposi\u00e7\u00e3o ou Mostra\u201d sobre a Hist\u00f3ria do R\u00e1dio&#8230;<\/p>\n<p>Confesso algumas pe\u00e7as e equipamentos disponibilizados neste evento despertaram aquele \u201cvelho encanto\u201d que s\u00f3 mesmo o R\u00e1dio pode proporcionar por meio de uma ou mais \u201cvozes\u201d que ecoam sem mais e sem menos em busca do outro lado deste ou daquele microfone&#8230;<\/p>\n<p>Ainda, no dia 25, comemorado como o DIA DO R\u00c1DIO em terras tupiniquins, ocorreu uma confraterniza\u00e7\u00e3o entre diversos Radialistas que atuam na Prov\u00edncia e tudo mais&#8230;<\/p>\n<p>N\u00e3o \u00e9 o momento para citar nomes destes profissionais que marcaram presen\u00e7a na noite de quarta-feira com suas hist\u00f3rias por meio das muitas est\u00f3rias ou \u201ccausos\u201d que o R\u00e1dio proporcionou e ainda, proporciona em suas trajet\u00f3rias na M\u00eddia Radiof\u00f4nica em tempo de p\u00f3s-globaliza\u00e7\u00e3o midi\u00e1tica&#8230;<\/p>\n<p>Entendo que tais eventos, quase sempre realizados pelos abnegados\/as de sempre e visando proporcionar aos interessados em geral uma vis\u00e3o do passado que se faz presente em busca do futuro que se aproxima em velocidade \u201cdigital\u201d neste velho tempo novo que se chama hoje&#8230;<\/p>\n<p>Por isso e mais aquilo, torna-se necess\u00e1rio estar em conex\u00e3o com o passado para tentar entender este cen\u00e1rio no qual o R\u00c1DIO, ainda, marca presen\u00e7a e sempre buscando estar em conex\u00e3o com o desenvolvimento tecnol\u00f3gico proporcionado pelas denominadas M\u00eddias Digital&#8230;<\/p>\n<p>A iniciativa da Equipe da Biblioteca Municipal e apoio da \u00e1rea da Cultura na Prov\u00edncia apresentam de acordo com as possibilidades existentes, diversos Aparelhos do outro tempo do R\u00e1dio para muitos olhares em busca de um \u00fanico olhar&#8230;<\/p>\n<p>Portanto, cada qual deve saber onde buscar este ou aquele conhecimento, ainda que seja por meio das muitas limita\u00e7\u00f5es impostas pelas pol\u00edticas p\u00fablicas em todas as \u00e1reas que envolvem Educa\u00e7\u00e3o e Cultura&#8230;<\/p>\n<p>Mesmo assim, torna-se importante marcar presen\u00e7a nesta \u201cExposi\u00e7\u00e3o\/Mostra\u201d Cultural sobre a Hist\u00f3ria do R\u00e1dio, tendo em vista que este ve\u00edculo de comunica\u00e7\u00e3o continua mais firme do que nunca, al\u00e9m do mais ou de menos, deu a volta por cima com o aparecimento da Televis\u00e3o e continua demonstrando for\u00e7a em tempo de M\u00eddia Digital&#8230;<\/p>\n<p>Paralelo ao evento do R\u00e1dio, tamb\u00e9m, marca presen\u00e7a outra Exposi\u00e7\u00e3o, a saber: SETEMBRO AMARELO, assim, espera-se que o p\u00fablico possa comparecer para muitos desencontros \u201cradiof\u00f4nicos\u201d em sintonia com este SETEMBRO AMARELO&#8230;<\/p>\n<p>QUEM APARECER NA BIBLIOTECA MUNICIPAL AT\u00c9 O DIA 30 DE SETEMBRO VAI SABER ISTO E MAIS AQUILO SOBRE A \u201cHIST\u00d3RIA DO R\u00c1DIO\u201d&#8230;<\/p>\n<div class='flex flex-wrap items-center -mx-1'>\r\n<a class='thumbnail gallery p-1 w-1\/2 md:w-1\/4' href='https:\/\/radiolifefm.com.br\/noticias\/wp-content\/uploads\/2019\/09\/R\u00e1dio.jpg'><img class='border border-white' src='https:\/\/radiolifefm.com.br\/noticias\/wp-content\/uploads\/2019\/09\/R\u00e1dio-200x200.jpg' alt='R\u00e1dio' \/><\/a><a class='thumbnail gallery p-1 w-1\/2 md:w-1\/4' href='https:\/\/radiolifefm.com.br\/noticias\/wp-content\/uploads\/2019\/09\/R\u00e1dio-1.jpg'><img class='border border-white' src='https:\/\/radiolifefm.com.br\/noticias\/wp-content\/uploads\/2019\/09\/R\u00e1dio-1-200x200.jpg' alt='R\u00e1dio   1' \/><\/a><a class='thumbnail gallery p-1 w-1\/2 md:w-1\/4' href='https:\/\/radiolifefm.com.br\/noticias\/wp-content\/uploads\/2019\/09\/R\u00e1dio-2.jpg'><img class='border border-white' src='https:\/\/radiolifefm.com.br\/noticias\/wp-content\/uploads\/2019\/09\/R\u00e1dio-2-200x200.jpg' alt='R\u00e1dio   2' \/><\/a><a class='thumbnail gallery p-1 w-1\/2 md:w-1\/4' href='https:\/\/radiolifefm.com.br\/noticias\/wp-content\/uploads\/2019\/09\/R\u00e1dio-4.jpg'><img class='border border-white' src='https:\/\/radiolifefm.com.br\/noticias\/wp-content\/uploads\/2019\/09\/R\u00e1dio-4-200x200.jpg' alt='R\u00e1dio   4' \/><\/a><a class='thumbnail gallery p-1 w-1\/2 md:w-1\/4' href='https:\/\/radiolifefm.com.br\/noticias\/wp-content\/uploads\/2019\/09\/R\u00e1dio-5.jpg'><img class='border border-white' src='https:\/\/radiolifefm.com.br\/noticias\/wp-content\/uploads\/2019\/09\/R\u00e1dio-5-200x200.jpg' alt='R\u00e1dio   5' \/><\/a><a class='thumbnail gallery p-1 w-1\/2 md:w-1\/4' href='https:\/\/radiolifefm.com.br\/noticias\/wp-content\/uploads\/2019\/09\/R\u00e1dio-8.jpg'><img class='border border-white' src='https:\/\/radiolifefm.com.br\/noticias\/wp-content\/uploads\/2019\/09\/R\u00e1dio-8-200x200.jpg' alt='R\u00e1dio   8' \/><\/a><a class='thumbnail gallery p-1 w-1\/2 md:w-1\/4' href='https:\/\/radiolifefm.com.br\/noticias\/wp-content\/uploads\/2019\/09\/R\u00e1dio-9.jpg'><img class='border border-white' src='https:\/\/radiolifefm.com.br\/noticias\/wp-content\/uploads\/2019\/09\/R\u00e1dio-9-200x200.jpg' alt='R\u00e1dio   9' \/><\/a><a class='thumbnail gallery p-1 w-1\/2 md:w-1\/4' href='https:\/\/radiolifefm.com.br\/noticias\/wp-content\/uploads\/2019\/09\/R\u00e1dio-11.jpg'><img class='border border-white' src='https:\/\/radiolifefm.com.br\/noticias\/wp-content\/uploads\/2019\/09\/R\u00e1dio-11-200x200.jpg' alt='R\u00e1dio   11' \/><\/a><a class='thumbnail gallery p-1 w-1\/2 md:w-1\/4' href='https:\/\/radiolifefm.com.br\/noticias\/wp-content\/uploads\/2019\/09\/R\u00e1dio-6-1.jpg'><img class='border border-white' src='https:\/\/radiolifefm.com.br\/noticias\/wp-content\/uploads\/2019\/09\/R\u00e1dio-6-1-200x200.jpg' alt='R\u00e1dio   6' \/><\/a><a class='thumbnail gallery p-1 w-1\/2 md:w-1\/4' href='https:\/\/radiolifefm.com.br\/noticias\/wp-content\/uploads\/2019\/09\/R\u00e1dio-3.jpg'><img class='border border-white' src='https:\/\/radiolifefm.com.br\/noticias\/wp-content\/uploads\/2019\/09\/R\u00e1dio-3-200x200.jpg' alt='R\u00e1dio   3' \/><\/a><\/div>\n<p>_________________________________<br \/>\n(*) Jornalista Diplomado.<\/p>\n","protected":false},"excerpt":{"rendered":"<p>Na Era Digital em busca da ess\u00eancia do R\u00e1dio&#8230; \u201cO homem \u00e9 um animal que adora tanto as novidades que se o r\u00e1dio fosse inventado depois da televis\u00e3o haveria uma correria a esse maravilhoso aparelho completamente sem imagem.\u201d (Mill\u00f4r Fernandes). S\u00e9rgio Barbosa (*) \u00c0 Equipe da Biblioteca Municipal, ainda, ao Radialista e Jornalista, \u201cZ\u00e9 M\u00e1rio\u201d, [&hellip;]<\/p>\n","protected":false},"author":3,"featured_media":16520,"comment_status":"closed","ping_status":"open","sticky":false,"template":"","format":"standard","meta":{"_acf_changed":false,"_exactmetrics_skip_tracking":false,"_exactmetrics_sitenote_active":false,"_exactmetrics_sitenote_note":"","_exactmetrics_sitenote_category":0,"footnotes":""},"categories":[59],"tags":[],"class_list":["post-16516","post","type-post","status-publish","format-standard","has-post-thumbnail","hentry","category-opiniao"],"acf":[],"yoast_head":"<!-- This site is optimized with the Yoast SEO plugin v27.2 - https:\/\/yoast.com\/product\/yoast-seo-wordpress\/ -->\n<title>Na Era Digital em busca da ess\u00eancia do R\u00e1dio... - S\u00e9rgio Barbosa - Opini\u00e3o - R\u00e1dio Life FM<\/title>\n<meta name=\"robots\" content=\"index, follow, max-snippet:-1, max-image-preview:large, max-video-preview:-1\" \/>\n<link rel=\"canonical\" href=\"https:\/\/radiolifefm.com.br\/noticias\/na-era-digital-em-busca-da-essencia-do-radio-sergio-barbosa-opiniao\/\" \/>\n<meta property=\"og:locale\" content=\"pt_BR\" \/>\n<meta property=\"og:type\" content=\"article\" \/>\n<meta property=\"og:title\" content=\"Na Era Digital em busca da ess\u00eancia do R\u00e1dio... - S\u00e9rgio Barbosa - Opini\u00e3o - R\u00e1dio Life FM\" \/>\n<meta property=\"og:description\" content=\"Na Era Digital em busca da ess\u00eancia do R\u00e1dio&#8230; \u201cO homem \u00e9 um animal que adora tanto as novidades que se o r\u00e1dio fosse inventado depois da televis\u00e3o haveria uma correria a esse maravilhoso aparelho completamente sem imagem.\u201d (Mill\u00f4r Fernandes). S\u00e9rgio Barbosa (*) \u00c0 Equipe da Biblioteca Municipal, ainda, ao Radialista e Jornalista, \u201cZ\u00e9 M\u00e1rio\u201d, [&hellip;]\" \/>\n<meta property=\"og:url\" content=\"https:\/\/radiolifefm.com.br\/noticias\/na-era-digital-em-busca-da-essencia-do-radio-sergio-barbosa-opiniao\/\" \/>\n<meta property=\"og:site_name\" content=\"R\u00e1dio Life FM\" \/>\n<meta property=\"article:publisher\" content=\"https:\/\/www.facebook.com\/radiolifefm\/\" \/>\n<meta property=\"article:published_time\" content=\"2019-09-27T11:55:27+00:00\" \/>\n<meta property=\"article:modified_time\" content=\"2026-03-28T13:49:14+00:00\" \/>\n<meta property=\"og:image\" content=\"https:\/\/radiolifefm.com.br\/noticias\/wp-content\/uploads\/2019\/09\/R\u00e1dio-3.jpg\" \/>\n\t<meta property=\"og:image:width\" content=\"1032\" \/>\n\t<meta property=\"og:image:height\" content=\"581\" \/>\n\t<meta property=\"og:image:type\" content=\"image\/jpeg\" \/>\n<meta name=\"author\" content=\"lifefm\" \/>\n<meta name=\"twitter:card\" content=\"summary_large_image\" \/>\n<meta name=\"twitter:label1\" content=\"Escrito por\" \/>\n\t<meta name=\"twitter:data1\" content=\"lifefm\" \/>\n\t<meta name=\"twitter:label2\" content=\"Est. tempo de leitura\" \/>\n\t<meta name=\"twitter:data2\" content=\"3 minutos\" \/>\n<script type=\"application\/ld+json\" class=\"yoast-schema-graph\">{\"@context\":\"https:\/\/schema.org\",\"@graph\":[{\"@type\":\"Article\",\"@id\":\"https:\/\/radiolifefm.com.br\/noticias\/na-era-digital-em-busca-da-essencia-do-radio-sergio-barbosa-opiniao\/#article\",\"isPartOf\":{\"@id\":\"https:\/\/radiolifefm.com.br\/noticias\/na-era-digital-em-busca-da-essencia-do-radio-sergio-barbosa-opiniao\/\"},\"author\":{\"name\":\"lifefm\",\"@id\":\"https:\/\/radiolifefm.com.br\/noticias\/#\/schema\/person\/1d4e4b1301322090c6221bf1c8420490\"},\"headline\":\"Na Era Digital em busca da ess\u00eancia do R\u00e1dio&#8230; &#8211; S\u00e9rgio Barbosa &#8211; Opini\u00e3o\",\"datePublished\":\"2019-09-27T11:55:27+00:00\",\"dateModified\":\"2026-03-28T13:49:14+00:00\",\"mainEntityOfPage\":{\"@id\":\"https:\/\/radiolifefm.com.br\/noticias\/na-era-digital-em-busca-da-essencia-do-radio-sergio-barbosa-opiniao\/\"},\"wordCount\":532,\"publisher\":{\"@id\":\"https:\/\/radiolifefm.com.br\/noticias\/#organization\"},\"image\":{\"@id\":\"https:\/\/radiolifefm.com.br\/noticias\/na-era-digital-em-busca-da-essencia-do-radio-sergio-barbosa-opiniao\/#primaryimage\"},\"thumbnailUrl\":\"https:\/\/radiolifefm.com.br\/noticias\/wp-content\/uploads\/2019\/09\/R\u00e1dio-3.jpg\",\"articleSection\":[\"Opini\u00e3o\"],\"inLanguage\":\"pt-BR\"},{\"@type\":\"WebPage\",\"@id\":\"https:\/\/radiolifefm.com.br\/noticias\/na-era-digital-em-busca-da-essencia-do-radio-sergio-barbosa-opiniao\/\",\"url\":\"https:\/\/radiolifefm.com.br\/noticias\/na-era-digital-em-busca-da-essencia-do-radio-sergio-barbosa-opiniao\/\",\"name\":\"Na Era Digital em busca da ess\u00eancia do R\u00e1dio... - S\u00e9rgio Barbosa - Opini\u00e3o - R\u00e1dio Life FM\",\"isPartOf\":{\"@id\":\"https:\/\/radiolifefm.com.br\/noticias\/#website\"},\"primaryImageOfPage\":{\"@id\":\"https:\/\/radiolifefm.com.br\/noticias\/na-era-digital-em-busca-da-essencia-do-radio-sergio-barbosa-opiniao\/#primaryimage\"},\"image\":{\"@id\":\"https:\/\/radiolifefm.com.br\/noticias\/na-era-digital-em-busca-da-essencia-do-radio-sergio-barbosa-opiniao\/#primaryimage\"},\"thumbnailUrl\":\"https:\/\/radiolifefm.com.br\/noticias\/wp-content\/uploads\/2019\/09\/R\u00e1dio-3.jpg\",\"datePublished\":\"2019-09-27T11:55:27+00:00\",\"dateModified\":\"2026-03-28T13:49:14+00:00\",\"breadcrumb\":{\"@id\":\"https:\/\/radiolifefm.com.br\/noticias\/na-era-digital-em-busca-da-essencia-do-radio-sergio-barbosa-opiniao\/#breadcrumb\"},\"inLanguage\":\"pt-BR\",\"potentialAction\":[{\"@type\":\"ReadAction\",\"target\":[\"https:\/\/radiolifefm.com.br\/noticias\/na-era-digital-em-busca-da-essencia-do-radio-sergio-barbosa-opiniao\/\"]}]},{\"@type\":\"ImageObject\",\"inLanguage\":\"pt-BR\",\"@id\":\"https:\/\/radiolifefm.com.br\/noticias\/na-era-digital-em-busca-da-essencia-do-radio-sergio-barbosa-opiniao\/#primaryimage\",\"url\":\"https:\/\/radiolifefm.com.br\/noticias\/wp-content\/uploads\/2019\/09\/R\u00e1dio-3.jpg\",\"contentUrl\":\"https:\/\/radiolifefm.com.br\/noticias\/wp-content\/uploads\/2019\/09\/R\u00e1dio-3.jpg\",\"width\":1032,\"height\":581},{\"@type\":\"BreadcrumbList\",\"@id\":\"https:\/\/radiolifefm.com.br\/noticias\/na-era-digital-em-busca-da-essencia-do-radio-sergio-barbosa-opiniao\/#breadcrumb\",\"itemListElement\":[{\"@type\":\"ListItem\",\"position\":1,\"name\":\"In\u00edcio\",\"item\":\"https:\/\/radiolifefm.com.br\/noticias\/\"},{\"@type\":\"ListItem\",\"position\":2,\"name\":\"Na Era Digital em busca da ess\u00eancia do R\u00e1dio&#8230; &#8211; S\u00e9rgio Barbosa &#8211; Opini\u00e3o\"}]},{\"@type\":\"WebSite\",\"@id\":\"https:\/\/radiolifefm.com.br\/noticias\/#website\",\"url\":\"https:\/\/radiolifefm.com.br\/noticias\/\",\"name\":\"R\u00e1dio Life FM\",\"description\":\"O Portal de Not\u00edcias de Adamantina\",\"publisher\":{\"@id\":\"https:\/\/radiolifefm.com.br\/noticias\/#organization\"},\"alternateName\":\"Life FM\",\"potentialAction\":[{\"@type\":\"SearchAction\",\"target\":{\"@type\":\"EntryPoint\",\"urlTemplate\":\"https:\/\/radiolifefm.com.br\/noticias\/?s={search_term_string}\"},\"query-input\":{\"@type\":\"PropertyValueSpecification\",\"valueRequired\":true,\"valueName\":\"search_term_string\"}}],\"inLanguage\":\"pt-BR\"},{\"@type\":\"Organization\",\"@id\":\"https:\/\/radiolifefm.com.br\/noticias\/#organization\",\"name\":\"R\u00e1dio Life FM\",\"alternateName\":\"Life FM\",\"url\":\"https:\/\/radiolifefm.com.br\/noticias\/\",\"logo\":{\"@type\":\"ImageObject\",\"inLanguage\":\"pt-BR\",\"@id\":\"https:\/\/radiolifefm.com.br\/noticias\/#\/schema\/logo\/image\/\",\"url\":\"https:\/\/static.radiolifefm.com.br\/noticias\/wp-content\/uploads\/2019\/10\/logo-lifefm.png\",\"contentUrl\":\"https:\/\/static.radiolifefm.com.br\/noticias\/wp-content\/uploads\/2019\/10\/logo-lifefm.png\",\"width\":196,\"height\":47,\"caption\":\"R\u00e1dio Life FM\"},\"image\":{\"@id\":\"https:\/\/radiolifefm.com.br\/noticias\/#\/schema\/logo\/image\/\"},\"sameAs\":[\"https:\/\/www.facebook.com\/radiolifefm\/\",\"https:\/\/www.instagram.com\/life1079fm\/\"]},{\"@type\":\"Person\",\"@id\":\"https:\/\/radiolifefm.com.br\/noticias\/#\/schema\/person\/1d4e4b1301322090c6221bf1c8420490\",\"name\":\"lifefm\",\"image\":{\"@type\":\"ImageObject\",\"inLanguage\":\"pt-BR\",\"@id\":\"https:\/\/secure.gravatar.com\/avatar\/eca268467d925ec97d20641bb054fd944c0abb2f92854171620706bbe6474e7c?s=96&d=mm&r=g\",\"url\":\"https:\/\/secure.gravatar.com\/avatar\/eca268467d925ec97d20641bb054fd944c0abb2f92854171620706bbe6474e7c?s=96&d=mm&r=g\",\"contentUrl\":\"https:\/\/secure.gravatar.com\/avatar\/eca268467d925ec97d20641bb054fd944c0abb2f92854171620706bbe6474e7c?s=96&d=mm&r=g\",\"caption\":\"lifefm\"}}]}<\/script>\n<!-- \/ Yoast SEO plugin. -->","yoast_head_json":{"title":"Na Era Digital em busca da ess\u00eancia do R\u00e1dio... - S\u00e9rgio Barbosa - Opini\u00e3o - R\u00e1dio Life FM","robots":{"index":"index","follow":"follow","max-snippet":"max-snippet:-1","max-image-preview":"max-image-preview:large","max-video-preview":"max-video-preview:-1"},"canonical":"https:\/\/radiolifefm.com.br\/noticias\/na-era-digital-em-busca-da-essencia-do-radio-sergio-barbosa-opiniao\/","og_locale":"pt_BR","og_type":"article","og_title":"Na Era Digital em busca da ess\u00eancia do R\u00e1dio... - S\u00e9rgio Barbosa - Opini\u00e3o - R\u00e1dio Life FM","og_description":"Na Era Digital em busca da ess\u00eancia do R\u00e1dio&#8230; \u201cO homem \u00e9 um animal que adora tanto as novidades que se o r\u00e1dio fosse inventado depois da televis\u00e3o haveria uma correria a esse maravilhoso aparelho completamente sem imagem.\u201d (Mill\u00f4r Fernandes). S\u00e9rgio Barbosa (*) \u00c0 Equipe da Biblioteca Municipal, ainda, ao Radialista e Jornalista, \u201cZ\u00e9 M\u00e1rio\u201d, [&hellip;]","og_url":"https:\/\/radiolifefm.com.br\/noticias\/na-era-digital-em-busca-da-essencia-do-radio-sergio-barbosa-opiniao\/","og_site_name":"R\u00e1dio Life FM","article_publisher":"https:\/\/www.facebook.com\/radiolifefm\/","article_published_time":"2019-09-27T11:55:27+00:00","article_modified_time":"2026-03-28T13:49:14+00:00","og_image":[{"width":1032,"height":581,"url":"https:\/\/radiolifefm.com.br\/noticias\/wp-content\/uploads\/2019\/09\/R\u00e1dio-3.jpg","type":"image\/jpeg"}],"author":"lifefm","twitter_card":"summary_large_image","twitter_misc":{"Escrito por":"lifefm","Est. tempo de leitura":"3 minutos"},"schema":{"@context":"https:\/\/schema.org","@graph":[{"@type":"Article","@id":"https:\/\/radiolifefm.com.br\/noticias\/na-era-digital-em-busca-da-essencia-do-radio-sergio-barbosa-opiniao\/#article","isPartOf":{"@id":"https:\/\/radiolifefm.com.br\/noticias\/na-era-digital-em-busca-da-essencia-do-radio-sergio-barbosa-opiniao\/"},"author":{"name":"lifefm","@id":"https:\/\/radiolifefm.com.br\/noticias\/#\/schema\/person\/1d4e4b1301322090c6221bf1c8420490"},"headline":"Na Era Digital em busca da ess\u00eancia do R\u00e1dio&#8230; &#8211; S\u00e9rgio Barbosa &#8211; Opini\u00e3o","datePublished":"2019-09-27T11:55:27+00:00","dateModified":"2026-03-28T13:49:14+00:00","mainEntityOfPage":{"@id":"https:\/\/radiolifefm.com.br\/noticias\/na-era-digital-em-busca-da-essencia-do-radio-sergio-barbosa-opiniao\/"},"wordCount":532,"publisher":{"@id":"https:\/\/radiolifefm.com.br\/noticias\/#organization"},"image":{"@id":"https:\/\/radiolifefm.com.br\/noticias\/na-era-digital-em-busca-da-essencia-do-radio-sergio-barbosa-opiniao\/#primaryimage"},"thumbnailUrl":"https:\/\/radiolifefm.com.br\/noticias\/wp-content\/uploads\/2019\/09\/R\u00e1dio-3.jpg","articleSection":["Opini\u00e3o"],"inLanguage":"pt-BR"},{"@type":"WebPage","@id":"https:\/\/radiolifefm.com.br\/noticias\/na-era-digital-em-busca-da-essencia-do-radio-sergio-barbosa-opiniao\/","url":"https:\/\/radiolifefm.com.br\/noticias\/na-era-digital-em-busca-da-essencia-do-radio-sergio-barbosa-opiniao\/","name":"Na Era Digital em busca da ess\u00eancia do R\u00e1dio... - S\u00e9rgio Barbosa - Opini\u00e3o - R\u00e1dio Life FM","isPartOf":{"@id":"https:\/\/radiolifefm.com.br\/noticias\/#website"},"primaryImageOfPage":{"@id":"https:\/\/radiolifefm.com.br\/noticias\/na-era-digital-em-busca-da-essencia-do-radio-sergio-barbosa-opiniao\/#primaryimage"},"image":{"@id":"https:\/\/radiolifefm.com.br\/noticias\/na-era-digital-em-busca-da-essencia-do-radio-sergio-barbosa-opiniao\/#primaryimage"},"thumbnailUrl":"https:\/\/radiolifefm.com.br\/noticias\/wp-content\/uploads\/2019\/09\/R\u00e1dio-3.jpg","datePublished":"2019-09-27T11:55:27+00:00","dateModified":"2026-03-28T13:49:14+00:00","breadcrumb":{"@id":"https:\/\/radiolifefm.com.br\/noticias\/na-era-digital-em-busca-da-essencia-do-radio-sergio-barbosa-opiniao\/#breadcrumb"},"inLanguage":"pt-BR","potentialAction":[{"@type":"ReadAction","target":["https:\/\/radiolifefm.com.br\/noticias\/na-era-digital-em-busca-da-essencia-do-radio-sergio-barbosa-opiniao\/"]}]},{"@type":"ImageObject","inLanguage":"pt-BR","@id":"https:\/\/radiolifefm.com.br\/noticias\/na-era-digital-em-busca-da-essencia-do-radio-sergio-barbosa-opiniao\/#primaryimage","url":"https:\/\/radiolifefm.com.br\/noticias\/wp-content\/uploads\/2019\/09\/R\u00e1dio-3.jpg","contentUrl":"https:\/\/radiolifefm.com.br\/noticias\/wp-content\/uploads\/2019\/09\/R\u00e1dio-3.jpg","width":1032,"height":581},{"@type":"BreadcrumbList","@id":"https:\/\/radiolifefm.com.br\/noticias\/na-era-digital-em-busca-da-essencia-do-radio-sergio-barbosa-opiniao\/#breadcrumb","itemListElement":[{"@type":"ListItem","position":1,"name":"In\u00edcio","item":"https:\/\/radiolifefm.com.br\/noticias\/"},{"@type":"ListItem","position":2,"name":"Na Era Digital em busca da ess\u00eancia do R\u00e1dio&#8230; &#8211; S\u00e9rgio Barbosa &#8211; Opini\u00e3o"}]},{"@type":"WebSite","@id":"https:\/\/radiolifefm.com.br\/noticias\/#website","url":"https:\/\/radiolifefm.com.br\/noticias\/","name":"R\u00e1dio Life FM","description":"O Portal de Not\u00edcias de Adamantina","publisher":{"@id":"https:\/\/radiolifefm.com.br\/noticias\/#organization"},"alternateName":"Life FM","potentialAction":[{"@type":"SearchAction","target":{"@type":"EntryPoint","urlTemplate":"https:\/\/radiolifefm.com.br\/noticias\/?s={search_term_string}"},"query-input":{"@type":"PropertyValueSpecification","valueRequired":true,"valueName":"search_term_string"}}],"inLanguage":"pt-BR"},{"@type":"Organization","@id":"https:\/\/radiolifefm.com.br\/noticias\/#organization","name":"R\u00e1dio Life FM","alternateName":"Life FM","url":"https:\/\/radiolifefm.com.br\/noticias\/","logo":{"@type":"ImageObject","inLanguage":"pt-BR","@id":"https:\/\/radiolifefm.com.br\/noticias\/#\/schema\/logo\/image\/","url":"https:\/\/static.radiolifefm.com.br\/noticias\/wp-content\/uploads\/2019\/10\/logo-lifefm.png","contentUrl":"https:\/\/static.radiolifefm.com.br\/noticias\/wp-content\/uploads\/2019\/10\/logo-lifefm.png","width":196,"height":47,"caption":"R\u00e1dio Life FM"},"image":{"@id":"https:\/\/radiolifefm.com.br\/noticias\/#\/schema\/logo\/image\/"},"sameAs":["https:\/\/www.facebook.com\/radiolifefm\/","https:\/\/www.instagram.com\/life1079fm\/"]},{"@type":"Person","@id":"https:\/\/radiolifefm.com.br\/noticias\/#\/schema\/person\/1d4e4b1301322090c6221bf1c8420490","name":"lifefm","image":{"@type":"ImageObject","inLanguage":"pt-BR","@id":"https:\/\/secure.gravatar.com\/avatar\/eca268467d925ec97d20641bb054fd944c0abb2f92854171620706bbe6474e7c?s=96&d=mm&r=g","url":"https:\/\/secure.gravatar.com\/avatar\/eca268467d925ec97d20641bb054fd944c0abb2f92854171620706bbe6474e7c?s=96&d=mm&r=g","contentUrl":"https:\/\/secure.gravatar.com\/avatar\/eca268467d925ec97d20641bb054fd944c0abb2f92854171620706bbe6474e7c?s=96&d=mm&r=g","caption":"lifefm"}}]}},"amp_enabled":true,"_links":{"self":[{"href":"https:\/\/radiolifefm.com.br\/noticias\/wp-json\/wp\/v2\/posts\/16516","targetHints":{"allow":["GET"]}}],"collection":[{"href":"https:\/\/radiolifefm.com.br\/noticias\/wp-json\/wp\/v2\/posts"}],"about":[{"href":"https:\/\/radiolifefm.com.br\/noticias\/wp-json\/wp\/v2\/types\/post"}],"author":[{"embeddable":true,"href":"https:\/\/radiolifefm.com.br\/noticias\/wp-json\/wp\/v2\/users\/3"}],"replies":[{"embeddable":true,"href":"https:\/\/radiolifefm.com.br\/noticias\/wp-json\/wp\/v2\/comments?post=16516"}],"version-history":[{"count":1,"href":"https:\/\/radiolifefm.com.br\/noticias\/wp-json\/wp\/v2\/posts\/16516\/revisions"}],"predecessor-version":[{"id":16531,"href":"https:\/\/radiolifefm.com.br\/noticias\/wp-json\/wp\/v2\/posts\/16516\/revisions\/16531"}],"wp:featuredmedia":[{"embeddable":true,"href":"https:\/\/radiolifefm.com.br\/noticias\/wp-json\/wp\/v2\/media\/16520"}],"wp:attachment":[{"href":"https:\/\/radiolifefm.com.br\/noticias\/wp-json\/wp\/v2\/media?parent=16516"}],"wp:term":[{"taxonomy":"category","embeddable":true,"href":"https:\/\/radiolifefm.com.br\/noticias\/wp-json\/wp\/v2\/categories?post=16516"},{"taxonomy":"post_tag","embeddable":true,"href":"https:\/\/radiolifefm.com.br\/noticias\/wp-json\/wp\/v2\/tags?post=16516"}],"curies":[{"name":"wp","href":"https:\/\/api.w.org\/{rel}","templated":true}]}}