{"id":16456,"date":"2019-09-24T21:39:14","date_gmt":"2019-09-25T00:39:14","guid":{"rendered":"https:\/\/radiolifefm.com.br\/noticias\/?p=16456"},"modified":"2026-04-04T22:39:14","modified_gmt":"2026-04-05T01:39:14","slug":"facebook-fb-postagens-e-outros-desencontros-nas-redes-sociais-sergio-barbosa-coluna-opiniao","status":"publish","type":"post","link":"https:\/\/radiolifefm.com.br\/noticias\/facebook-fb-postagens-e-outros-desencontros-nas-redes-sociais-sergio-barbosa-coluna-opiniao\/","title":{"rendered":"\u201cFacebook (FB)\u201d, postagens e outros desencontros nas redes sociais&#8230; &#8211; S\u00e9rgio Barbosa &#8211; Coluna Opini\u00e3o"},"content":{"rendered":"<div id=\"fb-root\"><\/div>\n<p><em>\u201cFacebook (FB)\u201d, postagens e outros desencontros nas redes sociais&#8230;<\/em><\/p>\n<p><em>\u201cEnquanto eles n\u00e3o se conscientizarem, n\u00e3o ser\u00e3o rebeldes aut\u00eanticos e, enquanto n\u00e3o se rebelarem, n\u00e3o tem como se conscientizar. \u201c (George Orwell)<\/em><br \/>\n<em>S\u00e9rgio Barbosa (*)<\/em><\/p>\n<p>Nestes \u00faltimos meses ocorreram alguns desencontros com diversas postagens nas redes sociais, por\u00e9m, como sempre aqui ou ali, pode-se afirmar que de um jeito ou de outro a tal CENSURA continua mais atuante do que nunca&#8230;<\/p>\n<p>Entendo que os tais \u201canalistas\u201d contratados por meio de atividades \u201cterceirizadas\u201d est\u00e3o colocando em suas \u201can\u00e1lises\u201d disto o daquilo o famigerado SENSO COMUM que predomina em todos os lados de um mesmo lado e ponto quase final&#8230;<\/p>\n<p>Tamb\u00e9m, fica mais do que complicado tentar descobrir isto ou aquilo por tr\u00e1s das \u201cpostagens\u201d, tendo em vista que s\u00e3o \u201cmilh\u00f5es\u201d que circulam pelas redes sociais, ainda, entre as quais o FACEBOOK&#8230;<\/p>\n<p>Por mais que existam alternativas quanto a \u201crecorrer\u201d destas suspens\u00f5es impostas pelo \u201cFB\u201d, quase nunca se consegue reverter tais decis\u00f5es, como sempre, prevalece \u00e0 decis\u00e3o do\/a CENSOR\/A que resolveu sem mais e sem menos que tal \u201cpostagem\u201d est\u00e1 em desacordo com as ditas Normas Internas e assim por diante&#8230;<\/p>\n<p>Por\u00e9m, de um jeito ou de outro, pode-se levantar muitas d\u00favidas quanto \u00e0s decis\u00f5es impostas pelo \u201cFB\u201d, ainda mais neste VELHO TEMPO NOVO que estamos vivendo neste PA\u00cdS DO FAZ DE CONTA&#8230;<\/p>\n<p>Tais desencontros est\u00e3o ocorrendo em todas as \u00e1reas do mercado, tendo em vista as \u201cvelhas Diretrizes\u201d deste \u201cGoverno\u201d (sic) retr\u00f3gado em todos os sentidos desta palavra, todavia, \u201cresistir sempre\u201d pra que este passado nebuloso n\u00e3o retorne para atrapalhar o presente&#8230;<\/p>\n<p>Mas, pra variar deste ou do outro lado, espera-se que o \u201camanh\u00e3\u201d posse ser melhor e tudo mais em meio ao tudo de menos, entretanto, do jeito que as coisas est\u00e3o caminhando neste VELHO TEMPO NOVO n\u00e3o se pode esperar mais do que isso ou aquilo&#8230;<\/p>\n<p>Outra COISO deste mesmo COISO \u00e9 que \u201cnada ser\u00e1 como antes\u201d como cantou o poeta do outro tempo, haja vista que a sociedade continua na mesma de sempre, isso sem registrar que os tais poderes constitu\u00eddos est\u00e3o mais do que viciados pelo PODER EM BUSCA DO PODER&#8230;<\/p>\n<p>Portanto, entendo que estamos vivendo um \u201cvelho tempo\u201d neste \u201cnovo tempo\u201d com o retorno da famigerada CENSURA em todas as manifesta\u00e7\u00f5es de interesses nas \u00e1reas social, educacional, cultural, pol\u00edtica etc&#8230;<\/p>\n<p>N\u00e3o se pode esquecer que o GRANDE IRM\u00c3O continua mais atento do que nunca com suas \u201cteletelas\u201d travestidas de CONTROLE SOCIAL em nome disto ou daquilo para usar e abusar da repress\u00e3o com opress\u00e3o ou vice-versa&#8230;<\/p>\n<p>QUEM EST\u00c1 NAS REDES SOCIAIS SABE DISTO E DAQUILO&#8230;<\/p>\n<p>&nbsp;<\/p>\n<div class='flex flex-wrap items-center -mx-1'>\r\n<a class='thumbnail gallery p-1 w-1\/2 md:w-1\/4' href='https:\/\/radiolifefm.com.br\/noticias\/wp-content\/uploads\/2019\/09\/Sebar.jpg'><img class='border border-white' src='https:\/\/radiolifefm.com.br\/noticias\/wp-content\/uploads\/2019\/09\/Sebar-200x200.jpg' alt='Sebar' \/><\/a><a class='thumbnail gallery p-1 w-1\/2 md:w-1\/4' href='https:\/\/radiolifefm.com.br\/noticias\/wp-content\/uploads\/2019\/09\/Sebar-1-3.jpg'><img class='border border-white' src='https:\/\/radiolifefm.com.br\/noticias\/wp-content\/uploads\/2019\/09\/Sebar-1-3-200x200.jpg' alt='Sebar   1' \/><\/a><a class='thumbnail gallery p-1 w-1\/2 md:w-1\/4' href='https:\/\/radiolifefm.com.br\/noticias\/wp-content\/uploads\/2019\/09\/Sebar-4.jpg'><img class='border border-white' src='https:\/\/radiolifefm.com.br\/noticias\/wp-content\/uploads\/2019\/09\/Sebar-4-200x200.jpg' alt='Sebar   4' \/><\/a><\/div>\n<p>_________________________________<br \/>\n(*) Jornalista Diplomado.<\/p>\n","protected":false},"excerpt":{"rendered":"<p>\u201cFacebook (FB)\u201d, postagens e outros desencontros nas redes sociais&#8230; \u201cEnquanto eles n\u00e3o se conscientizarem, n\u00e3o ser\u00e3o rebeldes aut\u00eanticos e, enquanto n\u00e3o se rebelarem, n\u00e3o tem como se conscientizar. \u201c (George Orwell) S\u00e9rgio Barbosa (*) Nestes \u00faltimos meses ocorreram alguns desencontros com diversas postagens nas redes sociais, por\u00e9m, como sempre aqui ou ali, pode-se afirmar que [&hellip;]<\/p>\n","protected":false},"author":3,"featured_media":16458,"comment_status":"closed","ping_status":"open","sticky":false,"template":"","format":"standard","meta":{"_acf_changed":false,"_exactmetrics_skip_tracking":false,"_exactmetrics_sitenote_active":false,"_exactmetrics_sitenote_note":"","_exactmetrics_sitenote_category":0,"footnotes":""},"categories":[59],"tags":[],"class_list":["post-16456","post","type-post","status-publish","format-standard","has-post-thumbnail","hentry","category-opiniao"],"acf":[],"yoast_head":"<!-- This site is optimized with the Yoast SEO plugin v27.2 - https:\/\/yoast.com\/product\/yoast-seo-wordpress\/ -->\n<title>\u201cFacebook (FB)\u201d, postagens e outros desencontros nas redes sociais... - S\u00e9rgio Barbosa - Coluna Opini\u00e3o - R\u00e1dio Life FM<\/title>\n<meta name=\"robots\" content=\"index, follow, max-snippet:-1, max-image-preview:large, max-video-preview:-1\" \/>\n<link rel=\"canonical\" href=\"https:\/\/radiolifefm.com.br\/noticias\/facebook-fb-postagens-e-outros-desencontros-nas-redes-sociais-sergio-barbosa-coluna-opiniao\/\" \/>\n<meta property=\"og:locale\" content=\"pt_BR\" \/>\n<meta property=\"og:type\" content=\"article\" \/>\n<meta property=\"og:title\" content=\"\u201cFacebook (FB)\u201d, postagens e outros desencontros nas redes sociais... - S\u00e9rgio Barbosa - Coluna Opini\u00e3o - R\u00e1dio Life FM\" \/>\n<meta property=\"og:description\" content=\"\u201cFacebook (FB)\u201d, postagens e outros desencontros nas redes sociais&#8230; \u201cEnquanto eles n\u00e3o se conscientizarem, n\u00e3o ser\u00e3o rebeldes aut\u00eanticos e, enquanto n\u00e3o se rebelarem, n\u00e3o tem como se conscientizar. \u201c (George Orwell) S\u00e9rgio Barbosa (*) Nestes \u00faltimos meses ocorreram alguns desencontros com diversas postagens nas redes sociais, por\u00e9m, como sempre aqui ou ali, pode-se afirmar que [&hellip;]\" \/>\n<meta property=\"og:url\" content=\"https:\/\/radiolifefm.com.br\/noticias\/facebook-fb-postagens-e-outros-desencontros-nas-redes-sociais-sergio-barbosa-coluna-opiniao\/\" \/>\n<meta property=\"og:site_name\" content=\"R\u00e1dio Life FM\" \/>\n<meta property=\"article:publisher\" content=\"https:\/\/www.facebook.com\/radiolifefm\/\" \/>\n<meta property=\"article:published_time\" content=\"2019-09-25T00:39:14+00:00\" \/>\n<meta property=\"article:modified_time\" content=\"2026-04-05T01:39:14+00:00\" \/>\n<meta property=\"og:image\" content=\"https:\/\/radiolifefm.com.br\/noticias\/wp-content\/uploads\/2019\/09\/Sebar-1-3-1024x768.jpg\" \/>\n\t<meta property=\"og:image:width\" content=\"1024\" \/>\n\t<meta property=\"og:image:height\" content=\"768\" \/>\n\t<meta property=\"og:image:type\" content=\"image\/jpeg\" \/>\n<meta name=\"author\" content=\"lifefm\" \/>\n<meta name=\"twitter:card\" content=\"summary_large_image\" \/>\n<meta name=\"twitter:label1\" content=\"Escrito por\" \/>\n\t<meta name=\"twitter:data1\" content=\"lifefm\" \/>\n\t<meta name=\"twitter:label2\" content=\"Est. tempo de leitura\" \/>\n\t<meta name=\"twitter:data2\" content=\"2 minutos\" \/>\n<script type=\"application\/ld+json\" class=\"yoast-schema-graph\">{\"@context\":\"https:\/\/schema.org\",\"@graph\":[{\"@type\":\"Article\",\"@id\":\"https:\/\/radiolifefm.com.br\/noticias\/facebook-fb-postagens-e-outros-desencontros-nas-redes-sociais-sergio-barbosa-coluna-opiniao\/#article\",\"isPartOf\":{\"@id\":\"https:\/\/radiolifefm.com.br\/noticias\/facebook-fb-postagens-e-outros-desencontros-nas-redes-sociais-sergio-barbosa-coluna-opiniao\/\"},\"author\":{\"name\":\"lifefm\",\"@id\":\"https:\/\/radiolifefm.com.br\/noticias\/#\/schema\/person\/1d4e4b1301322090c6221bf1c8420490\"},\"headline\":\"\u201cFacebook (FB)\u201d, postagens e outros desencontros nas redes sociais&#8230; &#8211; S\u00e9rgio Barbosa &#8211; Coluna Opini\u00e3o\",\"datePublished\":\"2019-09-25T00:39:14+00:00\",\"dateModified\":\"2026-04-05T01:39:14+00:00\",\"mainEntityOfPage\":{\"@id\":\"https:\/\/radiolifefm.com.br\/noticias\/facebook-fb-postagens-e-outros-desencontros-nas-redes-sociais-sergio-barbosa-coluna-opiniao\/\"},\"wordCount\":482,\"publisher\":{\"@id\":\"https:\/\/radiolifefm.com.br\/noticias\/#organization\"},\"image\":{\"@id\":\"https:\/\/radiolifefm.com.br\/noticias\/facebook-fb-postagens-e-outros-desencontros-nas-redes-sociais-sergio-barbosa-coluna-opiniao\/#primaryimage\"},\"thumbnailUrl\":\"https:\/\/radiolifefm.com.br\/noticias\/wp-content\/uploads\/2019\/09\/Sebar-1-3.jpg\",\"articleSection\":[\"Opini\u00e3o\"],\"inLanguage\":\"pt-BR\"},{\"@type\":\"WebPage\",\"@id\":\"https:\/\/radiolifefm.com.br\/noticias\/facebook-fb-postagens-e-outros-desencontros-nas-redes-sociais-sergio-barbosa-coluna-opiniao\/\",\"url\":\"https:\/\/radiolifefm.com.br\/noticias\/facebook-fb-postagens-e-outros-desencontros-nas-redes-sociais-sergio-barbosa-coluna-opiniao\/\",\"name\":\"\u201cFacebook (FB)\u201d, postagens e outros desencontros nas redes sociais... - S\u00e9rgio Barbosa - Coluna Opini\u00e3o - R\u00e1dio Life FM\",\"isPartOf\":{\"@id\":\"https:\/\/radiolifefm.com.br\/noticias\/#website\"},\"primaryImageOfPage\":{\"@id\":\"https:\/\/radiolifefm.com.br\/noticias\/facebook-fb-postagens-e-outros-desencontros-nas-redes-sociais-sergio-barbosa-coluna-opiniao\/#primaryimage\"},\"image\":{\"@id\":\"https:\/\/radiolifefm.com.br\/noticias\/facebook-fb-postagens-e-outros-desencontros-nas-redes-sociais-sergio-barbosa-coluna-opiniao\/#primaryimage\"},\"thumbnailUrl\":\"https:\/\/radiolifefm.com.br\/noticias\/wp-content\/uploads\/2019\/09\/Sebar-1-3.jpg\",\"datePublished\":\"2019-09-25T00:39:14+00:00\",\"dateModified\":\"2026-04-05T01:39:14+00:00\",\"breadcrumb\":{\"@id\":\"https:\/\/radiolifefm.com.br\/noticias\/facebook-fb-postagens-e-outros-desencontros-nas-redes-sociais-sergio-barbosa-coluna-opiniao\/#breadcrumb\"},\"inLanguage\":\"pt-BR\",\"potentialAction\":[{\"@type\":\"ReadAction\",\"target\":[\"https:\/\/radiolifefm.com.br\/noticias\/facebook-fb-postagens-e-outros-desencontros-nas-redes-sociais-sergio-barbosa-coluna-opiniao\/\"]}]},{\"@type\":\"ImageObject\",\"inLanguage\":\"pt-BR\",\"@id\":\"https:\/\/radiolifefm.com.br\/noticias\/facebook-fb-postagens-e-outros-desencontros-nas-redes-sociais-sergio-barbosa-coluna-opiniao\/#primaryimage\",\"url\":\"https:\/\/radiolifefm.com.br\/noticias\/wp-content\/uploads\/2019\/09\/Sebar-1-3.jpg\",\"contentUrl\":\"https:\/\/radiolifefm.com.br\/noticias\/wp-content\/uploads\/2019\/09\/Sebar-1-3.jpg\",\"width\":3648,\"height\":2736},{\"@type\":\"BreadcrumbList\",\"@id\":\"https:\/\/radiolifefm.com.br\/noticias\/facebook-fb-postagens-e-outros-desencontros-nas-redes-sociais-sergio-barbosa-coluna-opiniao\/#breadcrumb\",\"itemListElement\":[{\"@type\":\"ListItem\",\"position\":1,\"name\":\"In\u00edcio\",\"item\":\"https:\/\/radiolifefm.com.br\/noticias\/\"},{\"@type\":\"ListItem\",\"position\":2,\"name\":\"\u201cFacebook (FB)\u201d, postagens e outros desencontros nas redes sociais&#8230; &#8211; S\u00e9rgio Barbosa &#8211; Coluna Opini\u00e3o\"}]},{\"@type\":\"WebSite\",\"@id\":\"https:\/\/radiolifefm.com.br\/noticias\/#website\",\"url\":\"https:\/\/radiolifefm.com.br\/noticias\/\",\"name\":\"R\u00e1dio Life FM\",\"description\":\"O Portal de Not\u00edcias de Adamantina\",\"publisher\":{\"@id\":\"https:\/\/radiolifefm.com.br\/noticias\/#organization\"},\"alternateName\":\"Life FM\",\"potentialAction\":[{\"@type\":\"SearchAction\",\"target\":{\"@type\":\"EntryPoint\",\"urlTemplate\":\"https:\/\/radiolifefm.com.br\/noticias\/?s={search_term_string}\"},\"query-input\":{\"@type\":\"PropertyValueSpecification\",\"valueRequired\":true,\"valueName\":\"search_term_string\"}}],\"inLanguage\":\"pt-BR\"},{\"@type\":\"Organization\",\"@id\":\"https:\/\/radiolifefm.com.br\/noticias\/#organization\",\"name\":\"R\u00e1dio Life FM\",\"alternateName\":\"Life FM\",\"url\":\"https:\/\/radiolifefm.com.br\/noticias\/\",\"logo\":{\"@type\":\"ImageObject\",\"inLanguage\":\"pt-BR\",\"@id\":\"https:\/\/radiolifefm.com.br\/noticias\/#\/schema\/logo\/image\/\",\"url\":\"https:\/\/static.radiolifefm.com.br\/noticias\/wp-content\/uploads\/2019\/10\/logo-lifefm.png\",\"contentUrl\":\"https:\/\/static.radiolifefm.com.br\/noticias\/wp-content\/uploads\/2019\/10\/logo-lifefm.png\",\"width\":196,\"height\":47,\"caption\":\"R\u00e1dio Life FM\"},\"image\":{\"@id\":\"https:\/\/radiolifefm.com.br\/noticias\/#\/schema\/logo\/image\/\"},\"sameAs\":[\"https:\/\/www.facebook.com\/radiolifefm\/\",\"https:\/\/www.instagram.com\/life1079fm\/\"]},{\"@type\":\"Person\",\"@id\":\"https:\/\/radiolifefm.com.br\/noticias\/#\/schema\/person\/1d4e4b1301322090c6221bf1c8420490\",\"name\":\"lifefm\",\"image\":{\"@type\":\"ImageObject\",\"inLanguage\":\"pt-BR\",\"@id\":\"https:\/\/secure.gravatar.com\/avatar\/eca268467d925ec97d20641bb054fd944c0abb2f92854171620706bbe6474e7c?s=96&d=mm&r=g\",\"url\":\"https:\/\/secure.gravatar.com\/avatar\/eca268467d925ec97d20641bb054fd944c0abb2f92854171620706bbe6474e7c?s=96&d=mm&r=g\",\"contentUrl\":\"https:\/\/secure.gravatar.com\/avatar\/eca268467d925ec97d20641bb054fd944c0abb2f92854171620706bbe6474e7c?s=96&d=mm&r=g\",\"caption\":\"lifefm\"}}]}<\/script>\n<!-- \/ Yoast SEO plugin. -->","yoast_head_json":{"title":"\u201cFacebook (FB)\u201d, postagens e outros desencontros nas redes sociais... - S\u00e9rgio Barbosa - Coluna Opini\u00e3o - R\u00e1dio Life FM","robots":{"index":"index","follow":"follow","max-snippet":"max-snippet:-1","max-image-preview":"max-image-preview:large","max-video-preview":"max-video-preview:-1"},"canonical":"https:\/\/radiolifefm.com.br\/noticias\/facebook-fb-postagens-e-outros-desencontros-nas-redes-sociais-sergio-barbosa-coluna-opiniao\/","og_locale":"pt_BR","og_type":"article","og_title":"\u201cFacebook (FB)\u201d, postagens e outros desencontros nas redes sociais... - S\u00e9rgio Barbosa - Coluna Opini\u00e3o - R\u00e1dio Life FM","og_description":"\u201cFacebook (FB)\u201d, postagens e outros desencontros nas redes sociais&#8230; \u201cEnquanto eles n\u00e3o se conscientizarem, n\u00e3o ser\u00e3o rebeldes aut\u00eanticos e, enquanto n\u00e3o se rebelarem, n\u00e3o tem como se conscientizar. \u201c (George Orwell) S\u00e9rgio Barbosa (*) Nestes \u00faltimos meses ocorreram alguns desencontros com diversas postagens nas redes sociais, por\u00e9m, como sempre aqui ou ali, pode-se afirmar que [&hellip;]","og_url":"https:\/\/radiolifefm.com.br\/noticias\/facebook-fb-postagens-e-outros-desencontros-nas-redes-sociais-sergio-barbosa-coluna-opiniao\/","og_site_name":"R\u00e1dio Life FM","article_publisher":"https:\/\/www.facebook.com\/radiolifefm\/","article_published_time":"2019-09-25T00:39:14+00:00","article_modified_time":"2026-04-05T01:39:14+00:00","og_image":[{"width":1024,"height":768,"url":"https:\/\/radiolifefm.com.br\/noticias\/wp-content\/uploads\/2019\/09\/Sebar-1-3-1024x768.jpg","type":"image\/jpeg"}],"author":"lifefm","twitter_card":"summary_large_image","twitter_misc":{"Escrito por":"lifefm","Est. tempo de leitura":"2 minutos"},"schema":{"@context":"https:\/\/schema.org","@graph":[{"@type":"Article","@id":"https:\/\/radiolifefm.com.br\/noticias\/facebook-fb-postagens-e-outros-desencontros-nas-redes-sociais-sergio-barbosa-coluna-opiniao\/#article","isPartOf":{"@id":"https:\/\/radiolifefm.com.br\/noticias\/facebook-fb-postagens-e-outros-desencontros-nas-redes-sociais-sergio-barbosa-coluna-opiniao\/"},"author":{"name":"lifefm","@id":"https:\/\/radiolifefm.com.br\/noticias\/#\/schema\/person\/1d4e4b1301322090c6221bf1c8420490"},"headline":"\u201cFacebook (FB)\u201d, postagens e outros desencontros nas redes sociais&#8230; &#8211; S\u00e9rgio Barbosa &#8211; Coluna Opini\u00e3o","datePublished":"2019-09-25T00:39:14+00:00","dateModified":"2026-04-05T01:39:14+00:00","mainEntityOfPage":{"@id":"https:\/\/radiolifefm.com.br\/noticias\/facebook-fb-postagens-e-outros-desencontros-nas-redes-sociais-sergio-barbosa-coluna-opiniao\/"},"wordCount":482,"publisher":{"@id":"https:\/\/radiolifefm.com.br\/noticias\/#organization"},"image":{"@id":"https:\/\/radiolifefm.com.br\/noticias\/facebook-fb-postagens-e-outros-desencontros-nas-redes-sociais-sergio-barbosa-coluna-opiniao\/#primaryimage"},"thumbnailUrl":"https:\/\/radiolifefm.com.br\/noticias\/wp-content\/uploads\/2019\/09\/Sebar-1-3.jpg","articleSection":["Opini\u00e3o"],"inLanguage":"pt-BR"},{"@type":"WebPage","@id":"https:\/\/radiolifefm.com.br\/noticias\/facebook-fb-postagens-e-outros-desencontros-nas-redes-sociais-sergio-barbosa-coluna-opiniao\/","url":"https:\/\/radiolifefm.com.br\/noticias\/facebook-fb-postagens-e-outros-desencontros-nas-redes-sociais-sergio-barbosa-coluna-opiniao\/","name":"\u201cFacebook (FB)\u201d, postagens e outros desencontros nas redes sociais... - S\u00e9rgio Barbosa - Coluna Opini\u00e3o - R\u00e1dio Life FM","isPartOf":{"@id":"https:\/\/radiolifefm.com.br\/noticias\/#website"},"primaryImageOfPage":{"@id":"https:\/\/radiolifefm.com.br\/noticias\/facebook-fb-postagens-e-outros-desencontros-nas-redes-sociais-sergio-barbosa-coluna-opiniao\/#primaryimage"},"image":{"@id":"https:\/\/radiolifefm.com.br\/noticias\/facebook-fb-postagens-e-outros-desencontros-nas-redes-sociais-sergio-barbosa-coluna-opiniao\/#primaryimage"},"thumbnailUrl":"https:\/\/radiolifefm.com.br\/noticias\/wp-content\/uploads\/2019\/09\/Sebar-1-3.jpg","datePublished":"2019-09-25T00:39:14+00:00","dateModified":"2026-04-05T01:39:14+00:00","breadcrumb":{"@id":"https:\/\/radiolifefm.com.br\/noticias\/facebook-fb-postagens-e-outros-desencontros-nas-redes-sociais-sergio-barbosa-coluna-opiniao\/#breadcrumb"},"inLanguage":"pt-BR","potentialAction":[{"@type":"ReadAction","target":["https:\/\/radiolifefm.com.br\/noticias\/facebook-fb-postagens-e-outros-desencontros-nas-redes-sociais-sergio-barbosa-coluna-opiniao\/"]}]},{"@type":"ImageObject","inLanguage":"pt-BR","@id":"https:\/\/radiolifefm.com.br\/noticias\/facebook-fb-postagens-e-outros-desencontros-nas-redes-sociais-sergio-barbosa-coluna-opiniao\/#primaryimage","url":"https:\/\/radiolifefm.com.br\/noticias\/wp-content\/uploads\/2019\/09\/Sebar-1-3.jpg","contentUrl":"https:\/\/radiolifefm.com.br\/noticias\/wp-content\/uploads\/2019\/09\/Sebar-1-3.jpg","width":3648,"height":2736},{"@type":"BreadcrumbList","@id":"https:\/\/radiolifefm.com.br\/noticias\/facebook-fb-postagens-e-outros-desencontros-nas-redes-sociais-sergio-barbosa-coluna-opiniao\/#breadcrumb","itemListElement":[{"@type":"ListItem","position":1,"name":"In\u00edcio","item":"https:\/\/radiolifefm.com.br\/noticias\/"},{"@type":"ListItem","position":2,"name":"\u201cFacebook (FB)\u201d, postagens e outros desencontros nas redes sociais&#8230; &#8211; S\u00e9rgio Barbosa &#8211; Coluna Opini\u00e3o"}]},{"@type":"WebSite","@id":"https:\/\/radiolifefm.com.br\/noticias\/#website","url":"https:\/\/radiolifefm.com.br\/noticias\/","name":"R\u00e1dio Life FM","description":"O Portal de Not\u00edcias de Adamantina","publisher":{"@id":"https:\/\/radiolifefm.com.br\/noticias\/#organization"},"alternateName":"Life FM","potentialAction":[{"@type":"SearchAction","target":{"@type":"EntryPoint","urlTemplate":"https:\/\/radiolifefm.com.br\/noticias\/?s={search_term_string}"},"query-input":{"@type":"PropertyValueSpecification","valueRequired":true,"valueName":"search_term_string"}}],"inLanguage":"pt-BR"},{"@type":"Organization","@id":"https:\/\/radiolifefm.com.br\/noticias\/#organization","name":"R\u00e1dio Life FM","alternateName":"Life FM","url":"https:\/\/radiolifefm.com.br\/noticias\/","logo":{"@type":"ImageObject","inLanguage":"pt-BR","@id":"https:\/\/radiolifefm.com.br\/noticias\/#\/schema\/logo\/image\/","url":"https:\/\/static.radiolifefm.com.br\/noticias\/wp-content\/uploads\/2019\/10\/logo-lifefm.png","contentUrl":"https:\/\/static.radiolifefm.com.br\/noticias\/wp-content\/uploads\/2019\/10\/logo-lifefm.png","width":196,"height":47,"caption":"R\u00e1dio Life FM"},"image":{"@id":"https:\/\/radiolifefm.com.br\/noticias\/#\/schema\/logo\/image\/"},"sameAs":["https:\/\/www.facebook.com\/radiolifefm\/","https:\/\/www.instagram.com\/life1079fm\/"]},{"@type":"Person","@id":"https:\/\/radiolifefm.com.br\/noticias\/#\/schema\/person\/1d4e4b1301322090c6221bf1c8420490","name":"lifefm","image":{"@type":"ImageObject","inLanguage":"pt-BR","@id":"https:\/\/secure.gravatar.com\/avatar\/eca268467d925ec97d20641bb054fd944c0abb2f92854171620706bbe6474e7c?s=96&d=mm&r=g","url":"https:\/\/secure.gravatar.com\/avatar\/eca268467d925ec97d20641bb054fd944c0abb2f92854171620706bbe6474e7c?s=96&d=mm&r=g","contentUrl":"https:\/\/secure.gravatar.com\/avatar\/eca268467d925ec97d20641bb054fd944c0abb2f92854171620706bbe6474e7c?s=96&d=mm&r=g","caption":"lifefm"}}]}},"amp_enabled":true,"_links":{"self":[{"href":"https:\/\/radiolifefm.com.br\/noticias\/wp-json\/wp\/v2\/posts\/16456","targetHints":{"allow":["GET"]}}],"collection":[{"href":"https:\/\/radiolifefm.com.br\/noticias\/wp-json\/wp\/v2\/posts"}],"about":[{"href":"https:\/\/radiolifefm.com.br\/noticias\/wp-json\/wp\/v2\/types\/post"}],"author":[{"embeddable":true,"href":"https:\/\/radiolifefm.com.br\/noticias\/wp-json\/wp\/v2\/users\/3"}],"replies":[{"embeddable":true,"href":"https:\/\/radiolifefm.com.br\/noticias\/wp-json\/wp\/v2\/comments?post=16456"}],"version-history":[{"count":1,"href":"https:\/\/radiolifefm.com.br\/noticias\/wp-json\/wp\/v2\/posts\/16456\/revisions"}],"predecessor-version":[{"id":16464,"href":"https:\/\/radiolifefm.com.br\/noticias\/wp-json\/wp\/v2\/posts\/16456\/revisions\/16464"}],"wp:featuredmedia":[{"embeddable":true,"href":"https:\/\/radiolifefm.com.br\/noticias\/wp-json\/wp\/v2\/media\/16458"}],"wp:attachment":[{"href":"https:\/\/radiolifefm.com.br\/noticias\/wp-json\/wp\/v2\/media?parent=16456"}],"wp:term":[{"taxonomy":"category","embeddable":true,"href":"https:\/\/radiolifefm.com.br\/noticias\/wp-json\/wp\/v2\/categories?post=16456"},{"taxonomy":"post_tag","embeddable":true,"href":"https:\/\/radiolifefm.com.br\/noticias\/wp-json\/wp\/v2\/tags?post=16456"}],"curies":[{"name":"wp","href":"https:\/\/api.w.org\/{rel}","templated":true}]}}