{"id":16444,"date":"2019-09-24T21:09:08","date_gmt":"2019-09-25T00:09:08","guid":{"rendered":"https:\/\/radiolifefm.com.br\/noticias\/?p=16444"},"modified":"2026-04-21T00:08:06","modified_gmt":"2026-04-21T03:08:06","slug":"policia-civil-identifica-autores-de-furto-de-veiculo-ocorrido-em-mariapolis","status":"publish","type":"post","link":"https:\/\/radiolifefm.com.br\/noticias\/policia-civil-identifica-autores-de-furto-de-veiculo-ocorrido-em-mariapolis\/","title":{"rendered":"Pol\u00edcia Civil identifica autores de furto de ve\u00edculo ocorrido em Mari\u00e1polis"},"content":{"rendered":"<div id=\"fb-root\"><\/div>\n<p>Policiais Civis da Delegacia de Policia de Mari\u00e1polis e da Delegacia de Pol\u00edcia de Luc\u00e9lia, ap\u00f3s trabalho investigativo, realizaram dilig\u00eancias localizando os autores do furto de um ve\u00edculo ocorrido nesta segunda feira, na cidade de Mari\u00e1polis.<\/p>\n<p>O autor, L.S.B., de 18 anos, confessou o crime e indicou seu comparsa, A. K.L., de 19 anos, ambos moradores de Luc\u00e9lia.<\/p>\n<p>Segundo apurado, ap\u00f3s participarem de uma festa e terem pernoitado em Mari\u00e1polis, resolveram ent\u00e3o subtrair o ve\u00edculo.<\/p>\n<p>A Pol\u00edcia Civil, imediatamente ap\u00f3s tomar conhecimento dos fatos, passou a monitorar o ve\u00edculo e diligenciar no sentido de identificar os autores.<br \/>\nO ve\u00edculo foi localizado ainda nesta segunda feira (23), quando Policiais Militares em patrulhamento, depararam-se com o ve\u00edculo.<\/p>\n<p>Na ocasi\u00e3o, o condutor conseguiu abandonar o carro e evadir-se do local. Ap\u00f3s a realiza\u00e7\u00e3o de per\u00edcia, o ve\u00edculo foi restitu\u00eddo \u00e0 sua propriet\u00e1ria.<\/p>\n<p>Durante a investiga\u00e7\u00e3o, foi apurado ainda que os autores, maiores de idade, transitaram com o ve\u00edculo em companhia de tr\u00eas menores, j\u00e1 identificados pela Pol\u00edcia Civil.<\/p>\n<p>Os autores responder\u00e3o pelo crime de furto e por n\u00e3o terem sido surpreendidos em flagrante, aguardar\u00e3o o julgamento em liberdade.<\/p>\n<p>&nbsp;<\/p>\n<p>Informa\u00e7\u00f5es \u2013 Pol\u00edcia Militar<\/p>\n","protected":false},"excerpt":{"rendered":"<p>Policiais Civis da Delegacia de Policia de Mari\u00e1polis e da Delegacia de Pol\u00edcia de Luc\u00e9lia, ap\u00f3s trabalho investigativo, realizaram dilig\u00eancias localizando os autores do furto de um ve\u00edculo ocorrido nesta segunda feira, na cidade de Mari\u00e1polis. O autor, L.S.B., de 18 anos, confessou o crime e indicou seu comparsa, A. K.L., de 19 anos, ambos [&hellip;]<\/p>\n","protected":false},"author":3,"featured_media":16445,"comment_status":"closed","ping_status":"open","sticky":false,"template":"","format":"standard","meta":{"_acf_changed":false,"_exactmetrics_skip_tracking":false,"_exactmetrics_sitenote_active":false,"_exactmetrics_sitenote_note":"","_exactmetrics_sitenote_category":0,"footnotes":""},"categories":[24],"tags":[],"class_list":["post-16444","post","type-post","status-publish","format-standard","has-post-thumbnail","hentry","category-regiao"],"acf":[],"yoast_head":"<!-- This site is optimized with the Yoast SEO plugin v27.2 - https:\/\/yoast.com\/product\/yoast-seo-wordpress\/ -->\n<title>Pol\u00edcia Civil identifica autores de furto de ve\u00edculo ocorrido em Mari\u00e1polis - R\u00e1dio Life FM<\/title>\n<meta name=\"robots\" content=\"index, follow, max-snippet:-1, max-image-preview:large, max-video-preview:-1\" \/>\n<link rel=\"canonical\" href=\"https:\/\/radiolifefm.com.br\/noticias\/policia-civil-identifica-autores-de-furto-de-veiculo-ocorrido-em-mariapolis\/\" \/>\n<meta property=\"og:locale\" content=\"pt_BR\" \/>\n<meta property=\"og:type\" content=\"article\" \/>\n<meta property=\"og:title\" content=\"Pol\u00edcia Civil identifica autores de furto de ve\u00edculo ocorrido em Mari\u00e1polis - R\u00e1dio Life FM\" \/>\n<meta property=\"og:description\" content=\"Policiais Civis da Delegacia de Policia de Mari\u00e1polis e da Delegacia de Pol\u00edcia de Luc\u00e9lia, ap\u00f3s trabalho investigativo, realizaram dilig\u00eancias localizando os autores do furto de um ve\u00edculo ocorrido nesta segunda feira, na cidade de Mari\u00e1polis. O autor, L.S.B., de 18 anos, confessou o crime e indicou seu comparsa, A. K.L., de 19 anos, ambos [&hellip;]\" \/>\n<meta property=\"og:url\" content=\"https:\/\/radiolifefm.com.br\/noticias\/policia-civil-identifica-autores-de-furto-de-veiculo-ocorrido-em-mariapolis\/\" \/>\n<meta property=\"og:site_name\" content=\"R\u00e1dio Life FM\" \/>\n<meta property=\"article:publisher\" content=\"https:\/\/www.facebook.com\/radiolifefm\/\" \/>\n<meta property=\"article:published_time\" content=\"2019-09-25T00:09:08+00:00\" \/>\n<meta property=\"article:modified_time\" content=\"2026-04-21T03:08:06+00:00\" \/>\n<meta property=\"og:image\" content=\"https:\/\/radiolifefm.com.br\/noticias\/wp-content\/uploads\/2019\/09\/Fiesta-Furtado-Mari\u00e1polis-1.jpeg\" \/>\n\t<meta property=\"og:image:width\" content=\"540\" \/>\n\t<meta property=\"og:image:height\" content=\"270\" \/>\n\t<meta property=\"og:image:type\" content=\"image\/jpeg\" \/>\n<meta name=\"author\" content=\"lifefm\" \/>\n<meta name=\"twitter:card\" content=\"summary_large_image\" \/>\n<meta name=\"twitter:label1\" content=\"Escrito por\" \/>\n\t<meta name=\"twitter:data1\" content=\"lifefm\" \/>\n\t<meta name=\"twitter:label2\" content=\"Est. tempo de leitura\" \/>\n\t<meta name=\"twitter:data2\" content=\"1 minuto\" \/>\n<script type=\"application\/ld+json\" class=\"yoast-schema-graph\">{\"@context\":\"https:\/\/schema.org\",\"@graph\":[{\"@type\":\"Article\",\"@id\":\"https:\/\/radiolifefm.com.br\/noticias\/policia-civil-identifica-autores-de-furto-de-veiculo-ocorrido-em-mariapolis\/#article\",\"isPartOf\":{\"@id\":\"https:\/\/radiolifefm.com.br\/noticias\/policia-civil-identifica-autores-de-furto-de-veiculo-ocorrido-em-mariapolis\/\"},\"author\":{\"name\":\"lifefm\",\"@id\":\"https:\/\/radiolifefm.com.br\/noticias\/#\/schema\/person\/1d4e4b1301322090c6221bf1c8420490\"},\"headline\":\"Pol\u00edcia Civil identifica autores de furto de ve\u00edculo ocorrido em Mari\u00e1polis\",\"datePublished\":\"2019-09-25T00:09:08+00:00\",\"dateModified\":\"2026-04-21T03:08:06+00:00\",\"mainEntityOfPage\":{\"@id\":\"https:\/\/radiolifefm.com.br\/noticias\/policia-civil-identifica-autores-de-furto-de-veiculo-ocorrido-em-mariapolis\/\"},\"wordCount\":235,\"publisher\":{\"@id\":\"https:\/\/radiolifefm.com.br\/noticias\/#organization\"},\"image\":{\"@id\":\"https:\/\/radiolifefm.com.br\/noticias\/policia-civil-identifica-autores-de-furto-de-veiculo-ocorrido-em-mariapolis\/#primaryimage\"},\"thumbnailUrl\":\"https:\/\/radiolifefm.com.br\/noticias\/wp-content\/uploads\/2019\/09\/Fiesta-Furtado-Mari\u00e1polis-1.jpeg\",\"articleSection\":[\"Regi\u00e3o\"],\"inLanguage\":\"pt-BR\"},{\"@type\":\"WebPage\",\"@id\":\"https:\/\/radiolifefm.com.br\/noticias\/policia-civil-identifica-autores-de-furto-de-veiculo-ocorrido-em-mariapolis\/\",\"url\":\"https:\/\/radiolifefm.com.br\/noticias\/policia-civil-identifica-autores-de-furto-de-veiculo-ocorrido-em-mariapolis\/\",\"name\":\"Pol\u00edcia Civil identifica autores de furto de ve\u00edculo ocorrido em Mari\u00e1polis - R\u00e1dio Life FM\",\"isPartOf\":{\"@id\":\"https:\/\/radiolifefm.com.br\/noticias\/#website\"},\"primaryImageOfPage\":{\"@id\":\"https:\/\/radiolifefm.com.br\/noticias\/policia-civil-identifica-autores-de-furto-de-veiculo-ocorrido-em-mariapolis\/#primaryimage\"},\"image\":{\"@id\":\"https:\/\/radiolifefm.com.br\/noticias\/policia-civil-identifica-autores-de-furto-de-veiculo-ocorrido-em-mariapolis\/#primaryimage\"},\"thumbnailUrl\":\"https:\/\/radiolifefm.com.br\/noticias\/wp-content\/uploads\/2019\/09\/Fiesta-Furtado-Mari\u00e1polis-1.jpeg\",\"datePublished\":\"2019-09-25T00:09:08+00:00\",\"dateModified\":\"2026-04-21T03:08:06+00:00\",\"breadcrumb\":{\"@id\":\"https:\/\/radiolifefm.com.br\/noticias\/policia-civil-identifica-autores-de-furto-de-veiculo-ocorrido-em-mariapolis\/#breadcrumb\"},\"inLanguage\":\"pt-BR\",\"potentialAction\":[{\"@type\":\"ReadAction\",\"target\":[\"https:\/\/radiolifefm.com.br\/noticias\/policia-civil-identifica-autores-de-furto-de-veiculo-ocorrido-em-mariapolis\/\"]}]},{\"@type\":\"ImageObject\",\"inLanguage\":\"pt-BR\",\"@id\":\"https:\/\/radiolifefm.com.br\/noticias\/policia-civil-identifica-autores-de-furto-de-veiculo-ocorrido-em-mariapolis\/#primaryimage\",\"url\":\"https:\/\/radiolifefm.com.br\/noticias\/wp-content\/uploads\/2019\/09\/Fiesta-Furtado-Mari\u00e1polis-1.jpeg\",\"contentUrl\":\"https:\/\/radiolifefm.com.br\/noticias\/wp-content\/uploads\/2019\/09\/Fiesta-Furtado-Mari\u00e1polis-1.jpeg\",\"width\":540,\"height\":270},{\"@type\":\"BreadcrumbList\",\"@id\":\"https:\/\/radiolifefm.com.br\/noticias\/policia-civil-identifica-autores-de-furto-de-veiculo-ocorrido-em-mariapolis\/#breadcrumb\",\"itemListElement\":[{\"@type\":\"ListItem\",\"position\":1,\"name\":\"In\u00edcio\",\"item\":\"https:\/\/radiolifefm.com.br\/noticias\/\"},{\"@type\":\"ListItem\",\"position\":2,\"name\":\"Pol\u00edcia Civil identifica autores de furto de ve\u00edculo ocorrido em Mari\u00e1polis\"}]},{\"@type\":\"WebSite\",\"@id\":\"https:\/\/radiolifefm.com.br\/noticias\/#website\",\"url\":\"https:\/\/radiolifefm.com.br\/noticias\/\",\"name\":\"R\u00e1dio Life FM\",\"description\":\"O Portal de Not\u00edcias de Adamantina\",\"publisher\":{\"@id\":\"https:\/\/radiolifefm.com.br\/noticias\/#organization\"},\"alternateName\":\"Life FM\",\"potentialAction\":[{\"@type\":\"SearchAction\",\"target\":{\"@type\":\"EntryPoint\",\"urlTemplate\":\"https:\/\/radiolifefm.com.br\/noticias\/?s={search_term_string}\"},\"query-input\":{\"@type\":\"PropertyValueSpecification\",\"valueRequired\":true,\"valueName\":\"search_term_string\"}}],\"inLanguage\":\"pt-BR\"},{\"@type\":\"Organization\",\"@id\":\"https:\/\/radiolifefm.com.br\/noticias\/#organization\",\"name\":\"R\u00e1dio Life FM\",\"alternateName\":\"Life FM\",\"url\":\"https:\/\/radiolifefm.com.br\/noticias\/\",\"logo\":{\"@type\":\"ImageObject\",\"inLanguage\":\"pt-BR\",\"@id\":\"https:\/\/radiolifefm.com.br\/noticias\/#\/schema\/logo\/image\/\",\"url\":\"https:\/\/static.radiolifefm.com.br\/noticias\/wp-content\/uploads\/2019\/10\/logo-lifefm.png\",\"contentUrl\":\"https:\/\/static.radiolifefm.com.br\/noticias\/wp-content\/uploads\/2019\/10\/logo-lifefm.png\",\"width\":196,\"height\":47,\"caption\":\"R\u00e1dio Life FM\"},\"image\":{\"@id\":\"https:\/\/radiolifefm.com.br\/noticias\/#\/schema\/logo\/image\/\"},\"sameAs\":[\"https:\/\/www.facebook.com\/radiolifefm\/\",\"https:\/\/www.instagram.com\/life1079fm\/\"]},{\"@type\":\"Person\",\"@id\":\"https:\/\/radiolifefm.com.br\/noticias\/#\/schema\/person\/1d4e4b1301322090c6221bf1c8420490\",\"name\":\"lifefm\",\"image\":{\"@type\":\"ImageObject\",\"inLanguage\":\"pt-BR\",\"@id\":\"https:\/\/secure.gravatar.com\/avatar\/eca268467d925ec97d20641bb054fd944c0abb2f92854171620706bbe6474e7c?s=96&d=mm&r=g\",\"url\":\"https:\/\/secure.gravatar.com\/avatar\/eca268467d925ec97d20641bb054fd944c0abb2f92854171620706bbe6474e7c?s=96&d=mm&r=g\",\"contentUrl\":\"https:\/\/secure.gravatar.com\/avatar\/eca268467d925ec97d20641bb054fd944c0abb2f92854171620706bbe6474e7c?s=96&d=mm&r=g\",\"caption\":\"lifefm\"}}]}<\/script>\n<!-- \/ Yoast SEO plugin. -->","yoast_head_json":{"title":"Pol\u00edcia Civil identifica autores de furto de ve\u00edculo ocorrido em Mari\u00e1polis - R\u00e1dio Life FM","robots":{"index":"index","follow":"follow","max-snippet":"max-snippet:-1","max-image-preview":"max-image-preview:large","max-video-preview":"max-video-preview:-1"},"canonical":"https:\/\/radiolifefm.com.br\/noticias\/policia-civil-identifica-autores-de-furto-de-veiculo-ocorrido-em-mariapolis\/","og_locale":"pt_BR","og_type":"article","og_title":"Pol\u00edcia Civil identifica autores de furto de ve\u00edculo ocorrido em Mari\u00e1polis - R\u00e1dio Life FM","og_description":"Policiais Civis da Delegacia de Policia de Mari\u00e1polis e da Delegacia de Pol\u00edcia de Luc\u00e9lia, ap\u00f3s trabalho investigativo, realizaram dilig\u00eancias localizando os autores do furto de um ve\u00edculo ocorrido nesta segunda feira, na cidade de Mari\u00e1polis. O autor, L.S.B., de 18 anos, confessou o crime e indicou seu comparsa, A. K.L., de 19 anos, ambos [&hellip;]","og_url":"https:\/\/radiolifefm.com.br\/noticias\/policia-civil-identifica-autores-de-furto-de-veiculo-ocorrido-em-mariapolis\/","og_site_name":"R\u00e1dio Life FM","article_publisher":"https:\/\/www.facebook.com\/radiolifefm\/","article_published_time":"2019-09-25T00:09:08+00:00","article_modified_time":"2026-04-21T03:08:06+00:00","og_image":[{"width":540,"height":270,"url":"https:\/\/radiolifefm.com.br\/noticias\/wp-content\/uploads\/2019\/09\/Fiesta-Furtado-Mari\u00e1polis-1.jpeg","type":"image\/jpeg"}],"author":"lifefm","twitter_card":"summary_large_image","twitter_misc":{"Escrito por":"lifefm","Est. tempo de leitura":"1 minuto"},"schema":{"@context":"https:\/\/schema.org","@graph":[{"@type":"Article","@id":"https:\/\/radiolifefm.com.br\/noticias\/policia-civil-identifica-autores-de-furto-de-veiculo-ocorrido-em-mariapolis\/#article","isPartOf":{"@id":"https:\/\/radiolifefm.com.br\/noticias\/policia-civil-identifica-autores-de-furto-de-veiculo-ocorrido-em-mariapolis\/"},"author":{"name":"lifefm","@id":"https:\/\/radiolifefm.com.br\/noticias\/#\/schema\/person\/1d4e4b1301322090c6221bf1c8420490"},"headline":"Pol\u00edcia Civil identifica autores de furto de ve\u00edculo ocorrido em Mari\u00e1polis","datePublished":"2019-09-25T00:09:08+00:00","dateModified":"2026-04-21T03:08:06+00:00","mainEntityOfPage":{"@id":"https:\/\/radiolifefm.com.br\/noticias\/policia-civil-identifica-autores-de-furto-de-veiculo-ocorrido-em-mariapolis\/"},"wordCount":235,"publisher":{"@id":"https:\/\/radiolifefm.com.br\/noticias\/#organization"},"image":{"@id":"https:\/\/radiolifefm.com.br\/noticias\/policia-civil-identifica-autores-de-furto-de-veiculo-ocorrido-em-mariapolis\/#primaryimage"},"thumbnailUrl":"https:\/\/radiolifefm.com.br\/noticias\/wp-content\/uploads\/2019\/09\/Fiesta-Furtado-Mari\u00e1polis-1.jpeg","articleSection":["Regi\u00e3o"],"inLanguage":"pt-BR"},{"@type":"WebPage","@id":"https:\/\/radiolifefm.com.br\/noticias\/policia-civil-identifica-autores-de-furto-de-veiculo-ocorrido-em-mariapolis\/","url":"https:\/\/radiolifefm.com.br\/noticias\/policia-civil-identifica-autores-de-furto-de-veiculo-ocorrido-em-mariapolis\/","name":"Pol\u00edcia Civil identifica autores de furto de ve\u00edculo ocorrido em Mari\u00e1polis - R\u00e1dio Life FM","isPartOf":{"@id":"https:\/\/radiolifefm.com.br\/noticias\/#website"},"primaryImageOfPage":{"@id":"https:\/\/radiolifefm.com.br\/noticias\/policia-civil-identifica-autores-de-furto-de-veiculo-ocorrido-em-mariapolis\/#primaryimage"},"image":{"@id":"https:\/\/radiolifefm.com.br\/noticias\/policia-civil-identifica-autores-de-furto-de-veiculo-ocorrido-em-mariapolis\/#primaryimage"},"thumbnailUrl":"https:\/\/radiolifefm.com.br\/noticias\/wp-content\/uploads\/2019\/09\/Fiesta-Furtado-Mari\u00e1polis-1.jpeg","datePublished":"2019-09-25T00:09:08+00:00","dateModified":"2026-04-21T03:08:06+00:00","breadcrumb":{"@id":"https:\/\/radiolifefm.com.br\/noticias\/policia-civil-identifica-autores-de-furto-de-veiculo-ocorrido-em-mariapolis\/#breadcrumb"},"inLanguage":"pt-BR","potentialAction":[{"@type":"ReadAction","target":["https:\/\/radiolifefm.com.br\/noticias\/policia-civil-identifica-autores-de-furto-de-veiculo-ocorrido-em-mariapolis\/"]}]},{"@type":"ImageObject","inLanguage":"pt-BR","@id":"https:\/\/radiolifefm.com.br\/noticias\/policia-civil-identifica-autores-de-furto-de-veiculo-ocorrido-em-mariapolis\/#primaryimage","url":"https:\/\/radiolifefm.com.br\/noticias\/wp-content\/uploads\/2019\/09\/Fiesta-Furtado-Mari\u00e1polis-1.jpeg","contentUrl":"https:\/\/radiolifefm.com.br\/noticias\/wp-content\/uploads\/2019\/09\/Fiesta-Furtado-Mari\u00e1polis-1.jpeg","width":540,"height":270},{"@type":"BreadcrumbList","@id":"https:\/\/radiolifefm.com.br\/noticias\/policia-civil-identifica-autores-de-furto-de-veiculo-ocorrido-em-mariapolis\/#breadcrumb","itemListElement":[{"@type":"ListItem","position":1,"name":"In\u00edcio","item":"https:\/\/radiolifefm.com.br\/noticias\/"},{"@type":"ListItem","position":2,"name":"Pol\u00edcia Civil identifica autores de furto de ve\u00edculo ocorrido em Mari\u00e1polis"}]},{"@type":"WebSite","@id":"https:\/\/radiolifefm.com.br\/noticias\/#website","url":"https:\/\/radiolifefm.com.br\/noticias\/","name":"R\u00e1dio Life FM","description":"O Portal de Not\u00edcias de Adamantina","publisher":{"@id":"https:\/\/radiolifefm.com.br\/noticias\/#organization"},"alternateName":"Life FM","potentialAction":[{"@type":"SearchAction","target":{"@type":"EntryPoint","urlTemplate":"https:\/\/radiolifefm.com.br\/noticias\/?s={search_term_string}"},"query-input":{"@type":"PropertyValueSpecification","valueRequired":true,"valueName":"search_term_string"}}],"inLanguage":"pt-BR"},{"@type":"Organization","@id":"https:\/\/radiolifefm.com.br\/noticias\/#organization","name":"R\u00e1dio Life FM","alternateName":"Life FM","url":"https:\/\/radiolifefm.com.br\/noticias\/","logo":{"@type":"ImageObject","inLanguage":"pt-BR","@id":"https:\/\/radiolifefm.com.br\/noticias\/#\/schema\/logo\/image\/","url":"https:\/\/static.radiolifefm.com.br\/noticias\/wp-content\/uploads\/2019\/10\/logo-lifefm.png","contentUrl":"https:\/\/static.radiolifefm.com.br\/noticias\/wp-content\/uploads\/2019\/10\/logo-lifefm.png","width":196,"height":47,"caption":"R\u00e1dio Life FM"},"image":{"@id":"https:\/\/radiolifefm.com.br\/noticias\/#\/schema\/logo\/image\/"},"sameAs":["https:\/\/www.facebook.com\/radiolifefm\/","https:\/\/www.instagram.com\/life1079fm\/"]},{"@type":"Person","@id":"https:\/\/radiolifefm.com.br\/noticias\/#\/schema\/person\/1d4e4b1301322090c6221bf1c8420490","name":"lifefm","image":{"@type":"ImageObject","inLanguage":"pt-BR","@id":"https:\/\/secure.gravatar.com\/avatar\/eca268467d925ec97d20641bb054fd944c0abb2f92854171620706bbe6474e7c?s=96&d=mm&r=g","url":"https:\/\/secure.gravatar.com\/avatar\/eca268467d925ec97d20641bb054fd944c0abb2f92854171620706bbe6474e7c?s=96&d=mm&r=g","contentUrl":"https:\/\/secure.gravatar.com\/avatar\/eca268467d925ec97d20641bb054fd944c0abb2f92854171620706bbe6474e7c?s=96&d=mm&r=g","caption":"lifefm"}}]}},"amp_enabled":true,"_links":{"self":[{"href":"https:\/\/radiolifefm.com.br\/noticias\/wp-json\/wp\/v2\/posts\/16444","targetHints":{"allow":["GET"]}}],"collection":[{"href":"https:\/\/radiolifefm.com.br\/noticias\/wp-json\/wp\/v2\/posts"}],"about":[{"href":"https:\/\/radiolifefm.com.br\/noticias\/wp-json\/wp\/v2\/types\/post"}],"author":[{"embeddable":true,"href":"https:\/\/radiolifefm.com.br\/noticias\/wp-json\/wp\/v2\/users\/3"}],"replies":[{"embeddable":true,"href":"https:\/\/radiolifefm.com.br\/noticias\/wp-json\/wp\/v2\/comments?post=16444"}],"version-history":[{"count":2,"href":"https:\/\/radiolifefm.com.br\/noticias\/wp-json\/wp\/v2\/posts\/16444\/revisions"}],"predecessor-version":[{"id":16479,"href":"https:\/\/radiolifefm.com.br\/noticias\/wp-json\/wp\/v2\/posts\/16444\/revisions\/16479"}],"wp:featuredmedia":[{"embeddable":true,"href":"https:\/\/radiolifefm.com.br\/noticias\/wp-json\/wp\/v2\/media\/16445"}],"wp:attachment":[{"href":"https:\/\/radiolifefm.com.br\/noticias\/wp-json\/wp\/v2\/media?parent=16444"}],"wp:term":[{"taxonomy":"category","embeddable":true,"href":"https:\/\/radiolifefm.com.br\/noticias\/wp-json\/wp\/v2\/categories?post=16444"},{"taxonomy":"post_tag","embeddable":true,"href":"https:\/\/radiolifefm.com.br\/noticias\/wp-json\/wp\/v2\/tags?post=16444"}],"curies":[{"name":"wp","href":"https:\/\/api.w.org\/{rel}","templated":true}]}}