{"id":16429,"date":"2019-09-24T10:23:35","date_gmt":"2019-09-24T13:23:35","guid":{"rendered":"https:\/\/radiolifefm.com.br\/noticias\/?p=16429"},"modified":"2026-04-27T20:51:17","modified_gmt":"2026-04-27T23:51:17","slug":"policia-militar-apreende-menor-por-ato-infracional-de-trafico-de-drogas-em-irapuru","status":"publish","type":"post","link":"https:\/\/radiolifefm.com.br\/noticias\/policia-militar-apreende-menor-por-ato-infracional-de-trafico-de-drogas-em-irapuru\/","title":{"rendered":"Pol\u00edcia Militar apreende menor por ato infracional de tr\u00e1fico de drogas em Irapuru"},"content":{"rendered":"<div id=\"fb-root\"><\/div>\n<p>A Pol\u00edcia Militar de Irapuru, em patrulhamento nas imedia\u00e7\u00f5es do conjunto habitacional Stevan do Nascimento, adentrou uma \u00e1rea em que a prefeitura municipal est\u00e1 realizando limpeza.<\/p>\n<p>Segundo den\u00fancias, nesse local estaria ocorrendo movimento de pessoas em grupos fazendo uso de entorpecentes.<\/p>\n<p>No patrulhamento, os militares se depararam com um indiv\u00edduo, um menor de 13 anos e durante abordagem foi encontrado uma sacola pl\u00e1stica no interior do bolso da cal\u00e7a do abordado, v\u00e1rios embrulhos de sacola (doze), contendo por\u00e7\u00f5es de maconha.<\/p>\n<p>Al\u00e9m do entorpecente, foi encontrada uma nota de vinte reais e um isqueiro na cor verde. Ao ser questionado, o sindicado esbo\u00e7ou nervosismo e respondeu que aquilo encontrado seria de um amigo, por\u00e9m, n\u00e3o revelou o nome do amigo.<\/p>\n<p>O entorpecente encontrado totalizou 02 g permanecendo \u00e0 disposi\u00e7\u00e3o da Justi\u00e7a.<\/p>\n<p>&nbsp;<\/p>\n<p>Informa\u00e7\u00f5es \u2013 Pol\u00edcia Militar<\/p>\n","protected":false},"excerpt":{"rendered":"<p>A Pol\u00edcia Militar de Irapuru, em patrulhamento nas imedia\u00e7\u00f5es do conjunto habitacional Stevan do Nascimento, adentrou uma \u00e1rea em que a prefeitura municipal est\u00e1 realizando limpeza. Segundo den\u00fancias, nesse local estaria ocorrendo movimento de pessoas em grupos fazendo uso de entorpecentes. No patrulhamento, os militares se depararam com um indiv\u00edduo, um menor de 13 anos [&hellip;]<\/p>\n","protected":false},"author":3,"featured_media":16430,"comment_status":"closed","ping_status":"open","sticky":false,"template":"","format":"standard","meta":{"_acf_changed":false,"_exactmetrics_skip_tracking":false,"_exactmetrics_sitenote_active":false,"_exactmetrics_sitenote_note":"","_exactmetrics_sitenote_category":0,"footnotes":""},"categories":[24],"tags":[],"class_list":["post-16429","post","type-post","status-publish","format-standard","has-post-thumbnail","hentry","category-regiao"],"acf":[],"yoast_head":"<!-- This site is optimized with the Yoast SEO plugin v27.2 - https:\/\/yoast.com\/product\/yoast-seo-wordpress\/ -->\n<title>Pol\u00edcia Militar apreende menor por ato infracional de tr\u00e1fico de drogas em Irapuru - R\u00e1dio Life FM<\/title>\n<meta name=\"robots\" content=\"index, follow, max-snippet:-1, max-image-preview:large, max-video-preview:-1\" \/>\n<link rel=\"canonical\" href=\"https:\/\/radiolifefm.com.br\/noticias\/policia-militar-apreende-menor-por-ato-infracional-de-trafico-de-drogas-em-irapuru\/\" \/>\n<meta property=\"og:locale\" content=\"pt_BR\" \/>\n<meta property=\"og:type\" content=\"article\" \/>\n<meta property=\"og:title\" content=\"Pol\u00edcia Militar apreende menor por ato infracional de tr\u00e1fico de drogas em Irapuru - R\u00e1dio Life FM\" \/>\n<meta property=\"og:description\" content=\"A Pol\u00edcia Militar de Irapuru, em patrulhamento nas imedia\u00e7\u00f5es do conjunto habitacional Stevan do Nascimento, adentrou uma \u00e1rea em que a prefeitura municipal est\u00e1 realizando limpeza. Segundo den\u00fancias, nesse local estaria ocorrendo movimento de pessoas em grupos fazendo uso de entorpecentes. No patrulhamento, os militares se depararam com um indiv\u00edduo, um menor de 13 anos [&hellip;]\" \/>\n<meta property=\"og:url\" content=\"https:\/\/radiolifefm.com.br\/noticias\/policia-militar-apreende-menor-por-ato-infracional-de-trafico-de-drogas-em-irapuru\/\" \/>\n<meta property=\"og:site_name\" content=\"R\u00e1dio Life FM\" \/>\n<meta property=\"article:publisher\" content=\"https:\/\/www.facebook.com\/radiolifefm\/\" \/>\n<meta property=\"article:published_time\" content=\"2019-09-24T13:23:35+00:00\" \/>\n<meta property=\"article:modified_time\" content=\"2026-04-27T23:51:17+00:00\" \/>\n<meta property=\"og:image\" content=\"https:\/\/radiolifefm.com.br\/noticias\/wp-content\/uploads\/2019\/09\/Pol\u00edcia-Militar-Imagem-2.jpg\" \/>\n\t<meta property=\"og:image:width\" content=\"1280\" \/>\n\t<meta property=\"og:image:height\" content=\"811\" \/>\n\t<meta property=\"og:image:type\" content=\"image\/jpeg\" \/>\n<meta name=\"author\" content=\"lifefm\" \/>\n<meta name=\"twitter:card\" content=\"summary_large_image\" \/>\n<meta name=\"twitter:label1\" content=\"Escrito por\" \/>\n\t<meta name=\"twitter:data1\" content=\"lifefm\" \/>\n\t<meta name=\"twitter:label2\" content=\"Est. tempo de leitura\" \/>\n\t<meta name=\"twitter:data2\" content=\"1 minuto\" \/>\n<script type=\"application\/ld+json\" class=\"yoast-schema-graph\">{\"@context\":\"https:\/\/schema.org\",\"@graph\":[{\"@type\":\"Article\",\"@id\":\"https:\/\/radiolifefm.com.br\/noticias\/policia-militar-apreende-menor-por-ato-infracional-de-trafico-de-drogas-em-irapuru\/#article\",\"isPartOf\":{\"@id\":\"https:\/\/radiolifefm.com.br\/noticias\/policia-militar-apreende-menor-por-ato-infracional-de-trafico-de-drogas-em-irapuru\/\"},\"author\":{\"name\":\"lifefm\",\"@id\":\"https:\/\/radiolifefm.com.br\/noticias\/#\/schema\/person\/1d4e4b1301322090c6221bf1c8420490\"},\"headline\":\"Pol\u00edcia Militar apreende menor por ato infracional de tr\u00e1fico de drogas em Irapuru\",\"datePublished\":\"2019-09-24T13:23:35+00:00\",\"dateModified\":\"2026-04-27T23:51:17+00:00\",\"mainEntityOfPage\":{\"@id\":\"https:\/\/radiolifefm.com.br\/noticias\/policia-militar-apreende-menor-por-ato-infracional-de-trafico-de-drogas-em-irapuru\/\"},\"wordCount\":162,\"publisher\":{\"@id\":\"https:\/\/radiolifefm.com.br\/noticias\/#organization\"},\"image\":{\"@id\":\"https:\/\/radiolifefm.com.br\/noticias\/policia-militar-apreende-menor-por-ato-infracional-de-trafico-de-drogas-em-irapuru\/#primaryimage\"},\"thumbnailUrl\":\"https:\/\/radiolifefm.com.br\/noticias\/wp-content\/uploads\/2019\/09\/Pol\u00edcia-Militar-Imagem-2.jpg\",\"articleSection\":[\"Regi\u00e3o\"],\"inLanguage\":\"pt-BR\"},{\"@type\":\"WebPage\",\"@id\":\"https:\/\/radiolifefm.com.br\/noticias\/policia-militar-apreende-menor-por-ato-infracional-de-trafico-de-drogas-em-irapuru\/\",\"url\":\"https:\/\/radiolifefm.com.br\/noticias\/policia-militar-apreende-menor-por-ato-infracional-de-trafico-de-drogas-em-irapuru\/\",\"name\":\"Pol\u00edcia Militar apreende menor por ato infracional de tr\u00e1fico de drogas em Irapuru - R\u00e1dio Life FM\",\"isPartOf\":{\"@id\":\"https:\/\/radiolifefm.com.br\/noticias\/#website\"},\"primaryImageOfPage\":{\"@id\":\"https:\/\/radiolifefm.com.br\/noticias\/policia-militar-apreende-menor-por-ato-infracional-de-trafico-de-drogas-em-irapuru\/#primaryimage\"},\"image\":{\"@id\":\"https:\/\/radiolifefm.com.br\/noticias\/policia-militar-apreende-menor-por-ato-infracional-de-trafico-de-drogas-em-irapuru\/#primaryimage\"},\"thumbnailUrl\":\"https:\/\/radiolifefm.com.br\/noticias\/wp-content\/uploads\/2019\/09\/Pol\u00edcia-Militar-Imagem-2.jpg\",\"datePublished\":\"2019-09-24T13:23:35+00:00\",\"dateModified\":\"2026-04-27T23:51:17+00:00\",\"breadcrumb\":{\"@id\":\"https:\/\/radiolifefm.com.br\/noticias\/policia-militar-apreende-menor-por-ato-infracional-de-trafico-de-drogas-em-irapuru\/#breadcrumb\"},\"inLanguage\":\"pt-BR\",\"potentialAction\":[{\"@type\":\"ReadAction\",\"target\":[\"https:\/\/radiolifefm.com.br\/noticias\/policia-militar-apreende-menor-por-ato-infracional-de-trafico-de-drogas-em-irapuru\/\"]}]},{\"@type\":\"ImageObject\",\"inLanguage\":\"pt-BR\",\"@id\":\"https:\/\/radiolifefm.com.br\/noticias\/policia-militar-apreende-menor-por-ato-infracional-de-trafico-de-drogas-em-irapuru\/#primaryimage\",\"url\":\"https:\/\/radiolifefm.com.br\/noticias\/wp-content\/uploads\/2019\/09\/Pol\u00edcia-Militar-Imagem-2.jpg\",\"contentUrl\":\"https:\/\/radiolifefm.com.br\/noticias\/wp-content\/uploads\/2019\/09\/Pol\u00edcia-Militar-Imagem-2.jpg\",\"width\":1280,\"height\":811},{\"@type\":\"BreadcrumbList\",\"@id\":\"https:\/\/radiolifefm.com.br\/noticias\/policia-militar-apreende-menor-por-ato-infracional-de-trafico-de-drogas-em-irapuru\/#breadcrumb\",\"itemListElement\":[{\"@type\":\"ListItem\",\"position\":1,\"name\":\"In\u00edcio\",\"item\":\"https:\/\/radiolifefm.com.br\/noticias\/\"},{\"@type\":\"ListItem\",\"position\":2,\"name\":\"Pol\u00edcia Militar apreende menor por ato infracional de tr\u00e1fico de drogas em Irapuru\"}]},{\"@type\":\"WebSite\",\"@id\":\"https:\/\/radiolifefm.com.br\/noticias\/#website\",\"url\":\"https:\/\/radiolifefm.com.br\/noticias\/\",\"name\":\"R\u00e1dio Life FM\",\"description\":\"O Portal de Not\u00edcias de Adamantina\",\"publisher\":{\"@id\":\"https:\/\/radiolifefm.com.br\/noticias\/#organization\"},\"alternateName\":\"Life FM\",\"potentialAction\":[{\"@type\":\"SearchAction\",\"target\":{\"@type\":\"EntryPoint\",\"urlTemplate\":\"https:\/\/radiolifefm.com.br\/noticias\/?s={search_term_string}\"},\"query-input\":{\"@type\":\"PropertyValueSpecification\",\"valueRequired\":true,\"valueName\":\"search_term_string\"}}],\"inLanguage\":\"pt-BR\"},{\"@type\":\"Organization\",\"@id\":\"https:\/\/radiolifefm.com.br\/noticias\/#organization\",\"name\":\"R\u00e1dio Life FM\",\"alternateName\":\"Life FM\",\"url\":\"https:\/\/radiolifefm.com.br\/noticias\/\",\"logo\":{\"@type\":\"ImageObject\",\"inLanguage\":\"pt-BR\",\"@id\":\"https:\/\/radiolifefm.com.br\/noticias\/#\/schema\/logo\/image\/\",\"url\":\"https:\/\/static.radiolifefm.com.br\/noticias\/wp-content\/uploads\/2019\/10\/logo-lifefm.png\",\"contentUrl\":\"https:\/\/static.radiolifefm.com.br\/noticias\/wp-content\/uploads\/2019\/10\/logo-lifefm.png\",\"width\":196,\"height\":47,\"caption\":\"R\u00e1dio Life FM\"},\"image\":{\"@id\":\"https:\/\/radiolifefm.com.br\/noticias\/#\/schema\/logo\/image\/\"},\"sameAs\":[\"https:\/\/www.facebook.com\/radiolifefm\/\",\"https:\/\/www.instagram.com\/life1079fm\/\"]},{\"@type\":\"Person\",\"@id\":\"https:\/\/radiolifefm.com.br\/noticias\/#\/schema\/person\/1d4e4b1301322090c6221bf1c8420490\",\"name\":\"lifefm\",\"image\":{\"@type\":\"ImageObject\",\"inLanguage\":\"pt-BR\",\"@id\":\"https:\/\/secure.gravatar.com\/avatar\/eca268467d925ec97d20641bb054fd944c0abb2f92854171620706bbe6474e7c?s=96&d=mm&r=g\",\"url\":\"https:\/\/secure.gravatar.com\/avatar\/eca268467d925ec97d20641bb054fd944c0abb2f92854171620706bbe6474e7c?s=96&d=mm&r=g\",\"contentUrl\":\"https:\/\/secure.gravatar.com\/avatar\/eca268467d925ec97d20641bb054fd944c0abb2f92854171620706bbe6474e7c?s=96&d=mm&r=g\",\"caption\":\"lifefm\"}}]}<\/script>\n<!-- \/ Yoast SEO plugin. -->","yoast_head_json":{"title":"Pol\u00edcia Militar apreende menor por ato infracional de tr\u00e1fico de drogas em Irapuru - R\u00e1dio Life FM","robots":{"index":"index","follow":"follow","max-snippet":"max-snippet:-1","max-image-preview":"max-image-preview:large","max-video-preview":"max-video-preview:-1"},"canonical":"https:\/\/radiolifefm.com.br\/noticias\/policia-militar-apreende-menor-por-ato-infracional-de-trafico-de-drogas-em-irapuru\/","og_locale":"pt_BR","og_type":"article","og_title":"Pol\u00edcia Militar apreende menor por ato infracional de tr\u00e1fico de drogas em Irapuru - R\u00e1dio Life FM","og_description":"A Pol\u00edcia Militar de Irapuru, em patrulhamento nas imedia\u00e7\u00f5es do conjunto habitacional Stevan do Nascimento, adentrou uma \u00e1rea em que a prefeitura municipal est\u00e1 realizando limpeza. Segundo den\u00fancias, nesse local estaria ocorrendo movimento de pessoas em grupos fazendo uso de entorpecentes. No patrulhamento, os militares se depararam com um indiv\u00edduo, um menor de 13 anos [&hellip;]","og_url":"https:\/\/radiolifefm.com.br\/noticias\/policia-militar-apreende-menor-por-ato-infracional-de-trafico-de-drogas-em-irapuru\/","og_site_name":"R\u00e1dio Life FM","article_publisher":"https:\/\/www.facebook.com\/radiolifefm\/","article_published_time":"2019-09-24T13:23:35+00:00","article_modified_time":"2026-04-27T23:51:17+00:00","og_image":[{"width":1280,"height":811,"url":"https:\/\/radiolifefm.com.br\/noticias\/wp-content\/uploads\/2019\/09\/Pol\u00edcia-Militar-Imagem-2.jpg","type":"image\/jpeg"}],"author":"lifefm","twitter_card":"summary_large_image","twitter_misc":{"Escrito por":"lifefm","Est. tempo de leitura":"1 minuto"},"schema":{"@context":"https:\/\/schema.org","@graph":[{"@type":"Article","@id":"https:\/\/radiolifefm.com.br\/noticias\/policia-militar-apreende-menor-por-ato-infracional-de-trafico-de-drogas-em-irapuru\/#article","isPartOf":{"@id":"https:\/\/radiolifefm.com.br\/noticias\/policia-militar-apreende-menor-por-ato-infracional-de-trafico-de-drogas-em-irapuru\/"},"author":{"name":"lifefm","@id":"https:\/\/radiolifefm.com.br\/noticias\/#\/schema\/person\/1d4e4b1301322090c6221bf1c8420490"},"headline":"Pol\u00edcia Militar apreende menor por ato infracional de tr\u00e1fico de drogas em Irapuru","datePublished":"2019-09-24T13:23:35+00:00","dateModified":"2026-04-27T23:51:17+00:00","mainEntityOfPage":{"@id":"https:\/\/radiolifefm.com.br\/noticias\/policia-militar-apreende-menor-por-ato-infracional-de-trafico-de-drogas-em-irapuru\/"},"wordCount":162,"publisher":{"@id":"https:\/\/radiolifefm.com.br\/noticias\/#organization"},"image":{"@id":"https:\/\/radiolifefm.com.br\/noticias\/policia-militar-apreende-menor-por-ato-infracional-de-trafico-de-drogas-em-irapuru\/#primaryimage"},"thumbnailUrl":"https:\/\/radiolifefm.com.br\/noticias\/wp-content\/uploads\/2019\/09\/Pol\u00edcia-Militar-Imagem-2.jpg","articleSection":["Regi\u00e3o"],"inLanguage":"pt-BR"},{"@type":"WebPage","@id":"https:\/\/radiolifefm.com.br\/noticias\/policia-militar-apreende-menor-por-ato-infracional-de-trafico-de-drogas-em-irapuru\/","url":"https:\/\/radiolifefm.com.br\/noticias\/policia-militar-apreende-menor-por-ato-infracional-de-trafico-de-drogas-em-irapuru\/","name":"Pol\u00edcia Militar apreende menor por ato infracional de tr\u00e1fico de drogas em Irapuru - R\u00e1dio Life FM","isPartOf":{"@id":"https:\/\/radiolifefm.com.br\/noticias\/#website"},"primaryImageOfPage":{"@id":"https:\/\/radiolifefm.com.br\/noticias\/policia-militar-apreende-menor-por-ato-infracional-de-trafico-de-drogas-em-irapuru\/#primaryimage"},"image":{"@id":"https:\/\/radiolifefm.com.br\/noticias\/policia-militar-apreende-menor-por-ato-infracional-de-trafico-de-drogas-em-irapuru\/#primaryimage"},"thumbnailUrl":"https:\/\/radiolifefm.com.br\/noticias\/wp-content\/uploads\/2019\/09\/Pol\u00edcia-Militar-Imagem-2.jpg","datePublished":"2019-09-24T13:23:35+00:00","dateModified":"2026-04-27T23:51:17+00:00","breadcrumb":{"@id":"https:\/\/radiolifefm.com.br\/noticias\/policia-militar-apreende-menor-por-ato-infracional-de-trafico-de-drogas-em-irapuru\/#breadcrumb"},"inLanguage":"pt-BR","potentialAction":[{"@type":"ReadAction","target":["https:\/\/radiolifefm.com.br\/noticias\/policia-militar-apreende-menor-por-ato-infracional-de-trafico-de-drogas-em-irapuru\/"]}]},{"@type":"ImageObject","inLanguage":"pt-BR","@id":"https:\/\/radiolifefm.com.br\/noticias\/policia-militar-apreende-menor-por-ato-infracional-de-trafico-de-drogas-em-irapuru\/#primaryimage","url":"https:\/\/radiolifefm.com.br\/noticias\/wp-content\/uploads\/2019\/09\/Pol\u00edcia-Militar-Imagem-2.jpg","contentUrl":"https:\/\/radiolifefm.com.br\/noticias\/wp-content\/uploads\/2019\/09\/Pol\u00edcia-Militar-Imagem-2.jpg","width":1280,"height":811},{"@type":"BreadcrumbList","@id":"https:\/\/radiolifefm.com.br\/noticias\/policia-militar-apreende-menor-por-ato-infracional-de-trafico-de-drogas-em-irapuru\/#breadcrumb","itemListElement":[{"@type":"ListItem","position":1,"name":"In\u00edcio","item":"https:\/\/radiolifefm.com.br\/noticias\/"},{"@type":"ListItem","position":2,"name":"Pol\u00edcia Militar apreende menor por ato infracional de tr\u00e1fico de drogas em Irapuru"}]},{"@type":"WebSite","@id":"https:\/\/radiolifefm.com.br\/noticias\/#website","url":"https:\/\/radiolifefm.com.br\/noticias\/","name":"R\u00e1dio Life FM","description":"O Portal de Not\u00edcias de Adamantina","publisher":{"@id":"https:\/\/radiolifefm.com.br\/noticias\/#organization"},"alternateName":"Life FM","potentialAction":[{"@type":"SearchAction","target":{"@type":"EntryPoint","urlTemplate":"https:\/\/radiolifefm.com.br\/noticias\/?s={search_term_string}"},"query-input":{"@type":"PropertyValueSpecification","valueRequired":true,"valueName":"search_term_string"}}],"inLanguage":"pt-BR"},{"@type":"Organization","@id":"https:\/\/radiolifefm.com.br\/noticias\/#organization","name":"R\u00e1dio Life FM","alternateName":"Life FM","url":"https:\/\/radiolifefm.com.br\/noticias\/","logo":{"@type":"ImageObject","inLanguage":"pt-BR","@id":"https:\/\/radiolifefm.com.br\/noticias\/#\/schema\/logo\/image\/","url":"https:\/\/static.radiolifefm.com.br\/noticias\/wp-content\/uploads\/2019\/10\/logo-lifefm.png","contentUrl":"https:\/\/static.radiolifefm.com.br\/noticias\/wp-content\/uploads\/2019\/10\/logo-lifefm.png","width":196,"height":47,"caption":"R\u00e1dio Life FM"},"image":{"@id":"https:\/\/radiolifefm.com.br\/noticias\/#\/schema\/logo\/image\/"},"sameAs":["https:\/\/www.facebook.com\/radiolifefm\/","https:\/\/www.instagram.com\/life1079fm\/"]},{"@type":"Person","@id":"https:\/\/radiolifefm.com.br\/noticias\/#\/schema\/person\/1d4e4b1301322090c6221bf1c8420490","name":"lifefm","image":{"@type":"ImageObject","inLanguage":"pt-BR","@id":"https:\/\/secure.gravatar.com\/avatar\/eca268467d925ec97d20641bb054fd944c0abb2f92854171620706bbe6474e7c?s=96&d=mm&r=g","url":"https:\/\/secure.gravatar.com\/avatar\/eca268467d925ec97d20641bb054fd944c0abb2f92854171620706bbe6474e7c?s=96&d=mm&r=g","contentUrl":"https:\/\/secure.gravatar.com\/avatar\/eca268467d925ec97d20641bb054fd944c0abb2f92854171620706bbe6474e7c?s=96&d=mm&r=g","caption":"lifefm"}}]}},"amp_enabled":true,"_links":{"self":[{"href":"https:\/\/radiolifefm.com.br\/noticias\/wp-json\/wp\/v2\/posts\/16429","targetHints":{"allow":["GET"]}}],"collection":[{"href":"https:\/\/radiolifefm.com.br\/noticias\/wp-json\/wp\/v2\/posts"}],"about":[{"href":"https:\/\/radiolifefm.com.br\/noticias\/wp-json\/wp\/v2\/types\/post"}],"author":[{"embeddable":true,"href":"https:\/\/radiolifefm.com.br\/noticias\/wp-json\/wp\/v2\/users\/3"}],"replies":[{"embeddable":true,"href":"https:\/\/radiolifefm.com.br\/noticias\/wp-json\/wp\/v2\/comments?post=16429"}],"version-history":[{"count":1,"href":"https:\/\/radiolifefm.com.br\/noticias\/wp-json\/wp\/v2\/posts\/16429\/revisions"}],"predecessor-version":[{"id":16431,"href":"https:\/\/radiolifefm.com.br\/noticias\/wp-json\/wp\/v2\/posts\/16429\/revisions\/16431"}],"wp:featuredmedia":[{"embeddable":true,"href":"https:\/\/radiolifefm.com.br\/noticias\/wp-json\/wp\/v2\/media\/16430"}],"wp:attachment":[{"href":"https:\/\/radiolifefm.com.br\/noticias\/wp-json\/wp\/v2\/media?parent=16429"}],"wp:term":[{"taxonomy":"category","embeddable":true,"href":"https:\/\/radiolifefm.com.br\/noticias\/wp-json\/wp\/v2\/categories?post=16429"},{"taxonomy":"post_tag","embeddable":true,"href":"https:\/\/radiolifefm.com.br\/noticias\/wp-json\/wp\/v2\/tags?post=16429"}],"curies":[{"name":"wp","href":"https:\/\/api.w.org\/{rel}","templated":true}]}}