{"id":16332,"date":"2019-09-18T08:36:00","date_gmt":"2019-09-18T11:36:00","guid":{"rendered":"https:\/\/radiolifefm.com.br\/noticias\/?p=16332"},"modified":"2026-04-12T15:35:34","modified_gmt":"2026-04-12T18:35:34","slug":"da-serie-pacientes-da-fisioclinica-tom-para-a-maioria-e-001-para-um-ou-outro-sergio-barbosa-coluna-opiniao","status":"publish","type":"post","link":"https:\/\/radiolifefm.com.br\/noticias\/da-serie-pacientes-da-fisioclinica-tom-para-a-maioria-e-001-para-um-ou-outro-sergio-barbosa-coluna-opiniao\/","title":{"rendered":"Da S\u00e9rie, PACIENTES DA FISIOCL\u00cdNICA&#8230; \u201cTOM\u201d para a maioria e \u201c001\u201d para um ou outro&#8230; &#8211; S\u00e9rgio Barbosa &#8211; Coluna &#8211; Opini\u00e3o"},"content":{"rendered":"<div id=\"fb-root\"><\/div>\n<p><strong>Da S\u00e9rie, PACIENTES DA FISIOCL\u00cdNICA&#8230; \u201cTOM\u201d para a maioria e \u201c001\u201d para um ou outro&#8230;<\/strong><\/p>\n<p><strong>\u201cSomente seres humanos excepcionais e irrepreens\u00edveis suscitam ideias generosas e a\u00e7\u00f5es elevadas.\u201d (Albert Einstein).<\/strong><\/p>\n<p><strong>S\u00e9rgio Barbosa (*)<\/strong><\/p>\n<p><strong>Ao \u201cTOM\/001\u201d, dedico!<\/strong><\/p>\n<p>Desde que iniciei em mar\u00e7o de 2.018 as sess\u00f5es semanais de FISIOTERAPIA que encontrava esse PERSONAGEM mais do que interessante deste ou do outro lado da FISIOCL\u00cdNICA da UNIFAI&#8230;<\/p>\n<p>Deu pra perceber sem mais e sem menos que o mesmo estava sempre rodando com sua \u201ccadeira de rodas\u201d de um lado para o outro, pra variar, sempre de \u201cbem com a vida\u201d e alegrando sempre de um jeito ou de outro todos\/as os demais pacientes, estagi\u00e1rias\/os, funcion\u00e1rios\/as e docentes respons\u00e1veis pelas atividades da FISIOCL\u00cdNICA&#8230;<\/p>\n<p>Confesso que demorei alguns meses pra chegar mais perto do mesmo, por\u00e9m, eis que ficamos no mesmo GRUPO DE PACIENTES da C\u00c1RDIO e ficou mais f\u00e1cil o contato aqui e ali, assim, come\u00e7amos os nossos desencontros naqueles lados, ainda, sem mais e sem menos&#8230;<\/p>\n<p>Assim, posso agora fazer as devidas apresenta\u00e7\u00f5es desta pessoa, al\u00e9m do mais ou de menos, fiquei sabendo pelas minhas \u201cfontes de informa\u00e7\u00f5es\u201d que o famoso \u201cTOM\u201d para os mais chegados \u00e9 considerado um dos primeiros PACIENTES DA FISIOCL\u00cdNICA, ou seja, de acordo com conversas com \u201cTOM\u201d, o mesmo \u00e9 PACIENTE faz 16 anos e ponto quase final&#8230;<\/p>\n<p>Portanto, EVERTON ROBERTO ESTEVES, 40 anos, solteiro, tamb\u00e9m, conhecido como \u201c001\u201d, apelido carinhoso por ser um dos primeiros que receberam atendimento mais do que especial na FISIOCL\u00cdNICA&#8230;<\/p>\n<p>Entendo que n\u00e3o faz sentido saber o \u201cproblema de sa\u00fade\u201d do nosso \u201c001\u201d neste caso, por\u00e9m, faz-se necess\u00e1rio destacar que \u201cTOM\u201d est\u00e1 sempre comentando aqui ou ali a import\u00e2ncia do \u201catendimento\u201d da FISIOCL\u00cdNICA como apoio na sua recupera\u00e7\u00e3o nestes anos e anos&#8230;<\/p>\n<p>Outra quest\u00e3o \u00e9 que \u201cTOM\u201d continua \u201cbatalhando\u201d pela sua recupera\u00e7\u00e3o da melhor forma poss\u00edvel, considerando todas as limita\u00e7\u00f5es, entretanto, de um jeito ou de outro continua firme nas suas convic\u00e7\u00f5es religiosas proporcionadas pela F\u00c9 e apoio da FAM\u00cdLIA em todos os momentos&#8230;<\/p>\n<p>N\u00e3o se pode esquecer que \u201cTOM\/001\u201d faz quest\u00e3o de afirmar que o ATENDIMENTO\/TRATAMENTO proporcionado pela FISIOCL\u00cdNICA \u00e9 mais do que ESPECIAL, bem como, isso ocorre desde o in\u00edcio, portanto, depois de tantos anos, destaca que \u201cn\u00e3o tem do que reclamar\u201d, assim, cada qual deve saber valorizar o seu lado da melhor forma poss\u00edvel&#8230;<\/p>\n<p>Tamb\u00e9m, posso atestar como TESTEMUNHA OCULAR que tais considera\u00e7\u00f5es quanto as ATIVIDADES DA FISIOCL\u00cdNICA s\u00e3o necess\u00e1rias para destacar a import\u00e2ncia desta CL\u00cdNICA ESCOLA em todas as \u00e1reas de atua\u00e7\u00e3o em benef\u00edcio da comunidade em n\u00edvel regional&#8230;<\/p>\n<p>Poderia escrever muito mais coisas sobre o \u201cTOM\/001\u201d, todavia, entendo que essas palavras est\u00e3o mais ou menos de acordo com a nossa \u201cconversa\u201d visando destacar aspectos relacionados com o PACIENTE e o ATENDIMENTO DA FISIOCL\u00cdNICA&#8230;<\/p>\n<p>QUEM CONHECE O \u201cTOM\u201d VAI SABER ISTO E MAIS AQUILO, AINDA, NO MEU CASO EM ESPECIAL, CONTINUA SENDO O ETERNO \u201c001\u201d&#8230;<\/p>\n<p>&nbsp;<\/p>\n<div class='flex flex-wrap items-center -mx-1'>\r\n<a class='thumbnail gallery p-1 w-1\/2 md:w-1\/4' href='https:\/\/radiolifefm.com.br\/noticias\/wp-content\/uploads\/2019\/09\/Sebar-novo.jpg'><img class='border border-white' src='https:\/\/radiolifefm.com.br\/noticias\/wp-content\/uploads\/2019\/09\/Sebar-novo-200x200.jpg' alt='Sebar Novo' \/><\/a><a class='thumbnail gallery p-1 w-1\/2 md:w-1\/4' href='https:\/\/radiolifefm.com.br\/noticias\/wp-content\/uploads\/2019\/09\/Sebar-novo-1.jpg'><img class='border border-white' src='https:\/\/radiolifefm.com.br\/noticias\/wp-content\/uploads\/2019\/09\/Sebar-novo-1-200x200.jpg' alt='Sebar Novo   1' \/><\/a><a class='thumbnail gallery p-1 w-1\/2 md:w-1\/4' href='https:\/\/radiolifefm.com.br\/noticias\/wp-content\/uploads\/2019\/09\/Sebar-novo-2.jpg'><img class='border border-white' src='https:\/\/radiolifefm.com.br\/noticias\/wp-content\/uploads\/2019\/09\/Sebar-novo-2-200x200.jpg' alt='Sebar Novo   2' \/><\/a><a class='thumbnail gallery p-1 w-1\/2 md:w-1\/4' href='https:\/\/radiolifefm.com.br\/noticias\/wp-content\/uploads\/2019\/09\/Sebar-novo-3.jpg'><img class='border border-white' src='https:\/\/radiolifefm.com.br\/noticias\/wp-content\/uploads\/2019\/09\/Sebar-novo-3-200x200.jpg' alt='Sebar Novo   3' \/><\/a><\/div>\n<p>_________________________________<br \/>\n(*) Paciente da FISIOCL\u00cdNICA!<\/p>\n","protected":false},"excerpt":{"rendered":"<p>Da S\u00e9rie, PACIENTES DA FISIOCL\u00cdNICA&#8230; \u201cTOM\u201d para a maioria e \u201c001\u201d para um ou outro&#8230; \u201cSomente seres humanos excepcionais e irrepreens\u00edveis suscitam ideias generosas e a\u00e7\u00f5es elevadas.\u201d (Albert Einstein). S\u00e9rgio Barbosa (*) Ao \u201cTOM\/001\u201d, dedico! Desde que iniciei em mar\u00e7o de 2.018 as sess\u00f5es semanais de FISIOTERAPIA que encontrava esse PERSONAGEM mais do que interessante [&hellip;]<\/p>\n","protected":false},"author":3,"featured_media":16336,"comment_status":"closed","ping_status":"open","sticky":false,"template":"","format":"standard","meta":{"_acf_changed":false,"_exactmetrics_skip_tracking":false,"_exactmetrics_sitenote_active":false,"_exactmetrics_sitenote_note":"","_exactmetrics_sitenote_category":0,"footnotes":""},"categories":[59],"tags":[],"class_list":["post-16332","post","type-post","status-publish","format-standard","has-post-thumbnail","hentry","category-opiniao"],"acf":[],"yoast_head":"<!-- This site is optimized with the Yoast SEO plugin v27.2 - https:\/\/yoast.com\/product\/yoast-seo-wordpress\/ -->\n<title>Da S\u00e9rie, PACIENTES DA FISIOCL\u00cdNICA... \u201cTOM\u201d para a maioria e \u201c001\u201d para um ou outro... - S\u00e9rgio Barbosa - Coluna - Opini\u00e3o - R\u00e1dio Life FM<\/title>\n<meta name=\"robots\" content=\"index, follow, max-snippet:-1, max-image-preview:large, max-video-preview:-1\" \/>\n<link rel=\"canonical\" href=\"https:\/\/radiolifefm.com.br\/noticias\/da-serie-pacientes-da-fisioclinica-tom-para-a-maioria-e-001-para-um-ou-outro-sergio-barbosa-coluna-opiniao\/\" \/>\n<meta property=\"og:locale\" content=\"pt_BR\" \/>\n<meta property=\"og:type\" content=\"article\" \/>\n<meta property=\"og:title\" content=\"Da S\u00e9rie, PACIENTES DA FISIOCL\u00cdNICA... \u201cTOM\u201d para a maioria e \u201c001\u201d para um ou outro... - S\u00e9rgio Barbosa - Coluna - Opini\u00e3o - R\u00e1dio Life FM\" \/>\n<meta property=\"og:description\" content=\"Da S\u00e9rie, PACIENTES DA FISIOCL\u00cdNICA&#8230; \u201cTOM\u201d para a maioria e \u201c001\u201d para um ou outro&#8230; \u201cSomente seres humanos excepcionais e irrepreens\u00edveis suscitam ideias generosas e a\u00e7\u00f5es elevadas.\u201d (Albert Einstein). S\u00e9rgio Barbosa (*) Ao \u201cTOM\/001\u201d, dedico! Desde que iniciei em mar\u00e7o de 2.018 as sess\u00f5es semanais de FISIOTERAPIA que encontrava esse PERSONAGEM mais do que interessante [&hellip;]\" \/>\n<meta property=\"og:url\" content=\"https:\/\/radiolifefm.com.br\/noticias\/da-serie-pacientes-da-fisioclinica-tom-para-a-maioria-e-001-para-um-ou-outro-sergio-barbosa-coluna-opiniao\/\" \/>\n<meta property=\"og:site_name\" content=\"R\u00e1dio Life FM\" \/>\n<meta property=\"article:publisher\" content=\"https:\/\/www.facebook.com\/radiolifefm\/\" \/>\n<meta property=\"article:published_time\" content=\"2019-09-18T11:36:00+00:00\" \/>\n<meta property=\"article:modified_time\" content=\"2026-04-12T18:35:34+00:00\" \/>\n<meta property=\"og:image\" content=\"https:\/\/radiolifefm.com.br\/noticias\/wp-content\/uploads\/2019\/09\/Sebar-novo-3.jpg\" \/>\n\t<meta property=\"og:image:width\" content=\"581\" \/>\n\t<meta property=\"og:image:height\" content=\"1032\" \/>\n\t<meta property=\"og:image:type\" content=\"image\/jpeg\" \/>\n<meta name=\"author\" content=\"lifefm\" \/>\n<meta name=\"twitter:card\" content=\"summary_large_image\" \/>\n<meta name=\"twitter:label1\" content=\"Escrito por\" \/>\n\t<meta name=\"twitter:data1\" content=\"lifefm\" \/>\n\t<meta name=\"twitter:label2\" content=\"Est. tempo de leitura\" \/>\n\t<meta name=\"twitter:data2\" content=\"3 minutos\" \/>\n<script type=\"application\/ld+json\" class=\"yoast-schema-graph\">{\"@context\":\"https:\/\/schema.org\",\"@graph\":[{\"@type\":\"Article\",\"@id\":\"https:\/\/radiolifefm.com.br\/noticias\/da-serie-pacientes-da-fisioclinica-tom-para-a-maioria-e-001-para-um-ou-outro-sergio-barbosa-coluna-opiniao\/#article\",\"isPartOf\":{\"@id\":\"https:\/\/radiolifefm.com.br\/noticias\/da-serie-pacientes-da-fisioclinica-tom-para-a-maioria-e-001-para-um-ou-outro-sergio-barbosa-coluna-opiniao\/\"},\"author\":{\"name\":\"lifefm\",\"@id\":\"https:\/\/radiolifefm.com.br\/noticias\/#\/schema\/person\/1d4e4b1301322090c6221bf1c8420490\"},\"headline\":\"Da S\u00e9rie, PACIENTES DA FISIOCL\u00cdNICA&#8230; \u201cTOM\u201d para a maioria e \u201c001\u201d para um ou outro&#8230; &#8211; S\u00e9rgio Barbosa &#8211; Coluna &#8211; Opini\u00e3o\",\"datePublished\":\"2019-09-18T11:36:00+00:00\",\"dateModified\":\"2026-04-12T18:35:34+00:00\",\"mainEntityOfPage\":{\"@id\":\"https:\/\/radiolifefm.com.br\/noticias\/da-serie-pacientes-da-fisioclinica-tom-para-a-maioria-e-001-para-um-ou-outro-sergio-barbosa-coluna-opiniao\/\"},\"wordCount\":553,\"publisher\":{\"@id\":\"https:\/\/radiolifefm.com.br\/noticias\/#organization\"},\"image\":{\"@id\":\"https:\/\/radiolifefm.com.br\/noticias\/da-serie-pacientes-da-fisioclinica-tom-para-a-maioria-e-001-para-um-ou-outro-sergio-barbosa-coluna-opiniao\/#primaryimage\"},\"thumbnailUrl\":\"https:\/\/radiolifefm.com.br\/noticias\/wp-content\/uploads\/2019\/09\/Sebar-novo-3.jpg\",\"articleSection\":[\"Opini\u00e3o\"],\"inLanguage\":\"pt-BR\"},{\"@type\":\"WebPage\",\"@id\":\"https:\/\/radiolifefm.com.br\/noticias\/da-serie-pacientes-da-fisioclinica-tom-para-a-maioria-e-001-para-um-ou-outro-sergio-barbosa-coluna-opiniao\/\",\"url\":\"https:\/\/radiolifefm.com.br\/noticias\/da-serie-pacientes-da-fisioclinica-tom-para-a-maioria-e-001-para-um-ou-outro-sergio-barbosa-coluna-opiniao\/\",\"name\":\"Da S\u00e9rie, PACIENTES DA FISIOCL\u00cdNICA... \u201cTOM\u201d para a maioria e \u201c001\u201d para um ou outro... - S\u00e9rgio Barbosa - Coluna - Opini\u00e3o - R\u00e1dio Life FM\",\"isPartOf\":{\"@id\":\"https:\/\/radiolifefm.com.br\/noticias\/#website\"},\"primaryImageOfPage\":{\"@id\":\"https:\/\/radiolifefm.com.br\/noticias\/da-serie-pacientes-da-fisioclinica-tom-para-a-maioria-e-001-para-um-ou-outro-sergio-barbosa-coluna-opiniao\/#primaryimage\"},\"image\":{\"@id\":\"https:\/\/radiolifefm.com.br\/noticias\/da-serie-pacientes-da-fisioclinica-tom-para-a-maioria-e-001-para-um-ou-outro-sergio-barbosa-coluna-opiniao\/#primaryimage\"},\"thumbnailUrl\":\"https:\/\/radiolifefm.com.br\/noticias\/wp-content\/uploads\/2019\/09\/Sebar-novo-3.jpg\",\"datePublished\":\"2019-09-18T11:36:00+00:00\",\"dateModified\":\"2026-04-12T18:35:34+00:00\",\"breadcrumb\":{\"@id\":\"https:\/\/radiolifefm.com.br\/noticias\/da-serie-pacientes-da-fisioclinica-tom-para-a-maioria-e-001-para-um-ou-outro-sergio-barbosa-coluna-opiniao\/#breadcrumb\"},\"inLanguage\":\"pt-BR\",\"potentialAction\":[{\"@type\":\"ReadAction\",\"target\":[\"https:\/\/radiolifefm.com.br\/noticias\/da-serie-pacientes-da-fisioclinica-tom-para-a-maioria-e-001-para-um-ou-outro-sergio-barbosa-coluna-opiniao\/\"]}]},{\"@type\":\"ImageObject\",\"inLanguage\":\"pt-BR\",\"@id\":\"https:\/\/radiolifefm.com.br\/noticias\/da-serie-pacientes-da-fisioclinica-tom-para-a-maioria-e-001-para-um-ou-outro-sergio-barbosa-coluna-opiniao\/#primaryimage\",\"url\":\"https:\/\/radiolifefm.com.br\/noticias\/wp-content\/uploads\/2019\/09\/Sebar-novo-3.jpg\",\"contentUrl\":\"https:\/\/radiolifefm.com.br\/noticias\/wp-content\/uploads\/2019\/09\/Sebar-novo-3.jpg\",\"width\":581,\"height\":1032},{\"@type\":\"BreadcrumbList\",\"@id\":\"https:\/\/radiolifefm.com.br\/noticias\/da-serie-pacientes-da-fisioclinica-tom-para-a-maioria-e-001-para-um-ou-outro-sergio-barbosa-coluna-opiniao\/#breadcrumb\",\"itemListElement\":[{\"@type\":\"ListItem\",\"position\":1,\"name\":\"In\u00edcio\",\"item\":\"https:\/\/radiolifefm.com.br\/noticias\/\"},{\"@type\":\"ListItem\",\"position\":2,\"name\":\"Da S\u00e9rie, PACIENTES DA FISIOCL\u00cdNICA&#8230; \u201cTOM\u201d para a maioria e \u201c001\u201d para um ou outro&#8230; &#8211; S\u00e9rgio Barbosa &#8211; Coluna &#8211; Opini\u00e3o\"}]},{\"@type\":\"WebSite\",\"@id\":\"https:\/\/radiolifefm.com.br\/noticias\/#website\",\"url\":\"https:\/\/radiolifefm.com.br\/noticias\/\",\"name\":\"R\u00e1dio Life FM\",\"description\":\"O Portal de Not\u00edcias de Adamantina\",\"publisher\":{\"@id\":\"https:\/\/radiolifefm.com.br\/noticias\/#organization\"},\"alternateName\":\"Life FM\",\"potentialAction\":[{\"@type\":\"SearchAction\",\"target\":{\"@type\":\"EntryPoint\",\"urlTemplate\":\"https:\/\/radiolifefm.com.br\/noticias\/?s={search_term_string}\"},\"query-input\":{\"@type\":\"PropertyValueSpecification\",\"valueRequired\":true,\"valueName\":\"search_term_string\"}}],\"inLanguage\":\"pt-BR\"},{\"@type\":\"Organization\",\"@id\":\"https:\/\/radiolifefm.com.br\/noticias\/#organization\",\"name\":\"R\u00e1dio Life FM\",\"alternateName\":\"Life FM\",\"url\":\"https:\/\/radiolifefm.com.br\/noticias\/\",\"logo\":{\"@type\":\"ImageObject\",\"inLanguage\":\"pt-BR\",\"@id\":\"https:\/\/radiolifefm.com.br\/noticias\/#\/schema\/logo\/image\/\",\"url\":\"https:\/\/static.radiolifefm.com.br\/noticias\/wp-content\/uploads\/2019\/10\/logo-lifefm.png\",\"contentUrl\":\"https:\/\/static.radiolifefm.com.br\/noticias\/wp-content\/uploads\/2019\/10\/logo-lifefm.png\",\"width\":196,\"height\":47,\"caption\":\"R\u00e1dio Life FM\"},\"image\":{\"@id\":\"https:\/\/radiolifefm.com.br\/noticias\/#\/schema\/logo\/image\/\"},\"sameAs\":[\"https:\/\/www.facebook.com\/radiolifefm\/\",\"https:\/\/www.instagram.com\/life1079fm\/\"]},{\"@type\":\"Person\",\"@id\":\"https:\/\/radiolifefm.com.br\/noticias\/#\/schema\/person\/1d4e4b1301322090c6221bf1c8420490\",\"name\":\"lifefm\",\"image\":{\"@type\":\"ImageObject\",\"inLanguage\":\"pt-BR\",\"@id\":\"https:\/\/secure.gravatar.com\/avatar\/eca268467d925ec97d20641bb054fd944c0abb2f92854171620706bbe6474e7c?s=96&d=mm&r=g\",\"url\":\"https:\/\/secure.gravatar.com\/avatar\/eca268467d925ec97d20641bb054fd944c0abb2f92854171620706bbe6474e7c?s=96&d=mm&r=g\",\"contentUrl\":\"https:\/\/secure.gravatar.com\/avatar\/eca268467d925ec97d20641bb054fd944c0abb2f92854171620706bbe6474e7c?s=96&d=mm&r=g\",\"caption\":\"lifefm\"}}]}<\/script>\n<!-- \/ Yoast SEO plugin. -->","yoast_head_json":{"title":"Da S\u00e9rie, PACIENTES DA FISIOCL\u00cdNICA... \u201cTOM\u201d para a maioria e \u201c001\u201d para um ou outro... - S\u00e9rgio Barbosa - Coluna - Opini\u00e3o - R\u00e1dio Life FM","robots":{"index":"index","follow":"follow","max-snippet":"max-snippet:-1","max-image-preview":"max-image-preview:large","max-video-preview":"max-video-preview:-1"},"canonical":"https:\/\/radiolifefm.com.br\/noticias\/da-serie-pacientes-da-fisioclinica-tom-para-a-maioria-e-001-para-um-ou-outro-sergio-barbosa-coluna-opiniao\/","og_locale":"pt_BR","og_type":"article","og_title":"Da S\u00e9rie, PACIENTES DA FISIOCL\u00cdNICA... \u201cTOM\u201d para a maioria e \u201c001\u201d para um ou outro... - S\u00e9rgio Barbosa - Coluna - Opini\u00e3o - R\u00e1dio Life FM","og_description":"Da S\u00e9rie, PACIENTES DA FISIOCL\u00cdNICA&#8230; \u201cTOM\u201d para a maioria e \u201c001\u201d para um ou outro&#8230; \u201cSomente seres humanos excepcionais e irrepreens\u00edveis suscitam ideias generosas e a\u00e7\u00f5es elevadas.\u201d (Albert Einstein). S\u00e9rgio Barbosa (*) Ao \u201cTOM\/001\u201d, dedico! Desde que iniciei em mar\u00e7o de 2.018 as sess\u00f5es semanais de FISIOTERAPIA que encontrava esse PERSONAGEM mais do que interessante [&hellip;]","og_url":"https:\/\/radiolifefm.com.br\/noticias\/da-serie-pacientes-da-fisioclinica-tom-para-a-maioria-e-001-para-um-ou-outro-sergio-barbosa-coluna-opiniao\/","og_site_name":"R\u00e1dio Life FM","article_publisher":"https:\/\/www.facebook.com\/radiolifefm\/","article_published_time":"2019-09-18T11:36:00+00:00","article_modified_time":"2026-04-12T18:35:34+00:00","og_image":[{"width":581,"height":1032,"url":"https:\/\/radiolifefm.com.br\/noticias\/wp-content\/uploads\/2019\/09\/Sebar-novo-3.jpg","type":"image\/jpeg"}],"author":"lifefm","twitter_card":"summary_large_image","twitter_misc":{"Escrito por":"lifefm","Est. tempo de leitura":"3 minutos"},"schema":{"@context":"https:\/\/schema.org","@graph":[{"@type":"Article","@id":"https:\/\/radiolifefm.com.br\/noticias\/da-serie-pacientes-da-fisioclinica-tom-para-a-maioria-e-001-para-um-ou-outro-sergio-barbosa-coluna-opiniao\/#article","isPartOf":{"@id":"https:\/\/radiolifefm.com.br\/noticias\/da-serie-pacientes-da-fisioclinica-tom-para-a-maioria-e-001-para-um-ou-outro-sergio-barbosa-coluna-opiniao\/"},"author":{"name":"lifefm","@id":"https:\/\/radiolifefm.com.br\/noticias\/#\/schema\/person\/1d4e4b1301322090c6221bf1c8420490"},"headline":"Da S\u00e9rie, PACIENTES DA FISIOCL\u00cdNICA&#8230; \u201cTOM\u201d para a maioria e \u201c001\u201d para um ou outro&#8230; &#8211; S\u00e9rgio Barbosa &#8211; Coluna &#8211; Opini\u00e3o","datePublished":"2019-09-18T11:36:00+00:00","dateModified":"2026-04-12T18:35:34+00:00","mainEntityOfPage":{"@id":"https:\/\/radiolifefm.com.br\/noticias\/da-serie-pacientes-da-fisioclinica-tom-para-a-maioria-e-001-para-um-ou-outro-sergio-barbosa-coluna-opiniao\/"},"wordCount":553,"publisher":{"@id":"https:\/\/radiolifefm.com.br\/noticias\/#organization"},"image":{"@id":"https:\/\/radiolifefm.com.br\/noticias\/da-serie-pacientes-da-fisioclinica-tom-para-a-maioria-e-001-para-um-ou-outro-sergio-barbosa-coluna-opiniao\/#primaryimage"},"thumbnailUrl":"https:\/\/radiolifefm.com.br\/noticias\/wp-content\/uploads\/2019\/09\/Sebar-novo-3.jpg","articleSection":["Opini\u00e3o"],"inLanguage":"pt-BR"},{"@type":"WebPage","@id":"https:\/\/radiolifefm.com.br\/noticias\/da-serie-pacientes-da-fisioclinica-tom-para-a-maioria-e-001-para-um-ou-outro-sergio-barbosa-coluna-opiniao\/","url":"https:\/\/radiolifefm.com.br\/noticias\/da-serie-pacientes-da-fisioclinica-tom-para-a-maioria-e-001-para-um-ou-outro-sergio-barbosa-coluna-opiniao\/","name":"Da S\u00e9rie, PACIENTES DA FISIOCL\u00cdNICA... \u201cTOM\u201d para a maioria e \u201c001\u201d para um ou outro... - S\u00e9rgio Barbosa - Coluna - Opini\u00e3o - R\u00e1dio Life FM","isPartOf":{"@id":"https:\/\/radiolifefm.com.br\/noticias\/#website"},"primaryImageOfPage":{"@id":"https:\/\/radiolifefm.com.br\/noticias\/da-serie-pacientes-da-fisioclinica-tom-para-a-maioria-e-001-para-um-ou-outro-sergio-barbosa-coluna-opiniao\/#primaryimage"},"image":{"@id":"https:\/\/radiolifefm.com.br\/noticias\/da-serie-pacientes-da-fisioclinica-tom-para-a-maioria-e-001-para-um-ou-outro-sergio-barbosa-coluna-opiniao\/#primaryimage"},"thumbnailUrl":"https:\/\/radiolifefm.com.br\/noticias\/wp-content\/uploads\/2019\/09\/Sebar-novo-3.jpg","datePublished":"2019-09-18T11:36:00+00:00","dateModified":"2026-04-12T18:35:34+00:00","breadcrumb":{"@id":"https:\/\/radiolifefm.com.br\/noticias\/da-serie-pacientes-da-fisioclinica-tom-para-a-maioria-e-001-para-um-ou-outro-sergio-barbosa-coluna-opiniao\/#breadcrumb"},"inLanguage":"pt-BR","potentialAction":[{"@type":"ReadAction","target":["https:\/\/radiolifefm.com.br\/noticias\/da-serie-pacientes-da-fisioclinica-tom-para-a-maioria-e-001-para-um-ou-outro-sergio-barbosa-coluna-opiniao\/"]}]},{"@type":"ImageObject","inLanguage":"pt-BR","@id":"https:\/\/radiolifefm.com.br\/noticias\/da-serie-pacientes-da-fisioclinica-tom-para-a-maioria-e-001-para-um-ou-outro-sergio-barbosa-coluna-opiniao\/#primaryimage","url":"https:\/\/radiolifefm.com.br\/noticias\/wp-content\/uploads\/2019\/09\/Sebar-novo-3.jpg","contentUrl":"https:\/\/radiolifefm.com.br\/noticias\/wp-content\/uploads\/2019\/09\/Sebar-novo-3.jpg","width":581,"height":1032},{"@type":"BreadcrumbList","@id":"https:\/\/radiolifefm.com.br\/noticias\/da-serie-pacientes-da-fisioclinica-tom-para-a-maioria-e-001-para-um-ou-outro-sergio-barbosa-coluna-opiniao\/#breadcrumb","itemListElement":[{"@type":"ListItem","position":1,"name":"In\u00edcio","item":"https:\/\/radiolifefm.com.br\/noticias\/"},{"@type":"ListItem","position":2,"name":"Da S\u00e9rie, PACIENTES DA FISIOCL\u00cdNICA&#8230; \u201cTOM\u201d para a maioria e \u201c001\u201d para um ou outro&#8230; &#8211; S\u00e9rgio Barbosa &#8211; Coluna &#8211; Opini\u00e3o"}]},{"@type":"WebSite","@id":"https:\/\/radiolifefm.com.br\/noticias\/#website","url":"https:\/\/radiolifefm.com.br\/noticias\/","name":"R\u00e1dio Life FM","description":"O Portal de Not\u00edcias de Adamantina","publisher":{"@id":"https:\/\/radiolifefm.com.br\/noticias\/#organization"},"alternateName":"Life FM","potentialAction":[{"@type":"SearchAction","target":{"@type":"EntryPoint","urlTemplate":"https:\/\/radiolifefm.com.br\/noticias\/?s={search_term_string}"},"query-input":{"@type":"PropertyValueSpecification","valueRequired":true,"valueName":"search_term_string"}}],"inLanguage":"pt-BR"},{"@type":"Organization","@id":"https:\/\/radiolifefm.com.br\/noticias\/#organization","name":"R\u00e1dio Life FM","alternateName":"Life FM","url":"https:\/\/radiolifefm.com.br\/noticias\/","logo":{"@type":"ImageObject","inLanguage":"pt-BR","@id":"https:\/\/radiolifefm.com.br\/noticias\/#\/schema\/logo\/image\/","url":"https:\/\/static.radiolifefm.com.br\/noticias\/wp-content\/uploads\/2019\/10\/logo-lifefm.png","contentUrl":"https:\/\/static.radiolifefm.com.br\/noticias\/wp-content\/uploads\/2019\/10\/logo-lifefm.png","width":196,"height":47,"caption":"R\u00e1dio Life FM"},"image":{"@id":"https:\/\/radiolifefm.com.br\/noticias\/#\/schema\/logo\/image\/"},"sameAs":["https:\/\/www.facebook.com\/radiolifefm\/","https:\/\/www.instagram.com\/life1079fm\/"]},{"@type":"Person","@id":"https:\/\/radiolifefm.com.br\/noticias\/#\/schema\/person\/1d4e4b1301322090c6221bf1c8420490","name":"lifefm","image":{"@type":"ImageObject","inLanguage":"pt-BR","@id":"https:\/\/secure.gravatar.com\/avatar\/eca268467d925ec97d20641bb054fd944c0abb2f92854171620706bbe6474e7c?s=96&d=mm&r=g","url":"https:\/\/secure.gravatar.com\/avatar\/eca268467d925ec97d20641bb054fd944c0abb2f92854171620706bbe6474e7c?s=96&d=mm&r=g","contentUrl":"https:\/\/secure.gravatar.com\/avatar\/eca268467d925ec97d20641bb054fd944c0abb2f92854171620706bbe6474e7c?s=96&d=mm&r=g","caption":"lifefm"}}]}},"amp_enabled":true,"_links":{"self":[{"href":"https:\/\/radiolifefm.com.br\/noticias\/wp-json\/wp\/v2\/posts\/16332","targetHints":{"allow":["GET"]}}],"collection":[{"href":"https:\/\/radiolifefm.com.br\/noticias\/wp-json\/wp\/v2\/posts"}],"about":[{"href":"https:\/\/radiolifefm.com.br\/noticias\/wp-json\/wp\/v2\/types\/post"}],"author":[{"embeddable":true,"href":"https:\/\/radiolifefm.com.br\/noticias\/wp-json\/wp\/v2\/users\/3"}],"replies":[{"embeddable":true,"href":"https:\/\/radiolifefm.com.br\/noticias\/wp-json\/wp\/v2\/comments?post=16332"}],"version-history":[{"count":1,"href":"https:\/\/radiolifefm.com.br\/noticias\/wp-json\/wp\/v2\/posts\/16332\/revisions"}],"predecessor-version":[{"id":16337,"href":"https:\/\/radiolifefm.com.br\/noticias\/wp-json\/wp\/v2\/posts\/16332\/revisions\/16337"}],"wp:featuredmedia":[{"embeddable":true,"href":"https:\/\/radiolifefm.com.br\/noticias\/wp-json\/wp\/v2\/media\/16336"}],"wp:attachment":[{"href":"https:\/\/radiolifefm.com.br\/noticias\/wp-json\/wp\/v2\/media?parent=16332"}],"wp:term":[{"taxonomy":"category","embeddable":true,"href":"https:\/\/radiolifefm.com.br\/noticias\/wp-json\/wp\/v2\/categories?post=16332"},{"taxonomy":"post_tag","embeddable":true,"href":"https:\/\/radiolifefm.com.br\/noticias\/wp-json\/wp\/v2\/tags?post=16332"}],"curies":[{"name":"wp","href":"https:\/\/api.w.org\/{rel}","templated":true}]}}