{"id":16294,"date":"2019-09-17T08:00:14","date_gmt":"2019-09-17T11:00:14","guid":{"rendered":"https:\/\/radiolifefm.com.br\/noticias\/?p=16294"},"modified":"2026-04-30T20:44:58","modified_gmt":"2026-04-30T23:44:58","slug":"conectados-pelos-impactos-positivos-do-cooperativismo-moradores-de-marilia-sp-e-campo-grande-ms-sao-personagens-de-campanha-nacional-do-sicredi","status":"publish","type":"post","link":"https:\/\/radiolifefm.com.br\/noticias\/conectados-pelos-impactos-positivos-do-cooperativismo-moradores-de-marilia-sp-e-campo-grande-ms-sao-personagens-de-campanha-nacional-do-sicredi\/","title":{"rendered":"Conectados pelos impactos positivos do cooperativismo, moradores de Mar\u00edlia (SP) e Campo Grande (MS) s\u00e3o personagens de campanha nacional do Sicredi"},"content":{"rendered":"<div id=\"fb-root\"><\/div>\n<p>Voc\u00ea conhece Fernando Ferreira da Silva, de Mar\u00edlia (SP)? E Cristiano Gionco, de Campo Grande (MS)? Se ainda n\u00e3o, a partir de 16 de setembro, voc\u00ea e os demais moradores desses munic\u00edpios \u2013 e de todo o Brasil \u2013 ter\u00e3o a oportunidade de conhecer suas realidades transformadas com apoio do Sicredi. Juntos, Fernando e Cristiano s\u00e3o personagens do novo filme da campanha \u201cHist\u00f3rias que fazem a diferen\u00e7a\u201d da institui\u00e7\u00e3o financeira cooperativa, veiculada em rede nacional. Composta de 13 v\u00eddeos, ela traz 26 hist\u00f3rias de associados, de diferentes regi\u00f5es do pa\u00eds, conectadas pelos impactos positivos do cooperativismo de cr\u00e9dito. Em cada um dos filmes, um associado vai at\u00e9 o munic\u00edpio onde mora outro, evidenciando interc\u00e2mbios de trajet\u00f3rias pessoais e de viv\u00eancias com a institui\u00e7\u00e3o.<\/p>\n<p>&nbsp;<\/p>\n<p>No filme em quest\u00e3o a abordagem \u00e9 sobre como a proximidade do Sicredi faz a diferen\u00e7a na hora do associado investir para tirar seu sonho do papel. Nele, Fernando era motoboy e tinha o sonho de abrir uma lanchonete quando se associou \u00e0 Cooperativa Sicredi Centro Oeste Paulista. O Sicredi acreditou nesse sonho e junto com o associado tornou esse desejo uma realidade. \u201cN\u00e3o tenho palavras para descrever o que o Sicredi representa para mim. \u00c9 como se fosse pai e m\u00e3e. Eles nunca me deixaram na m\u00e3o\u201d. Cristiano, associado da Cooperativa Sicredi Uni\u00e3o MS TO, concorda com Fernando. Administrador no ramo de concession\u00e1ria, ele diz que o momento em que o Sicredi foi mais importante para ele foi quando decidiu expandir os seus neg\u00f3cios. \u201cEu n\u00e3o tinha capital de giro para adquirir a marca que queria. Por meio da linha de cr\u00e9dito rotativo consegui viabilizar a aquisi\u00e7\u00e3o e alavancar os meus neg\u00f3cios\u201d, relata.\u00a0Al\u00e9m disso, o Sicredi apoia com diversas solu\u00e7\u00f5es para o dia-a-dia de sua empresa.<\/p>\n<p>&nbsp;<\/p>\n<p>Este e os outros v\u00eddeos da s\u00e9rie ir\u00e3o ao ar nos intervalos do Jornal Nacional, na Rede Globo, e tamb\u00e9m nos canais por assinatura GloboNews, SporTV e Discovery H&amp;H. E ainda estar\u00e3o dispon\u00edveis no <a href=\"http:\/\/www.sicredi.com.br\">site<\/a> do Sicredi e nos perfis da institui\u00e7\u00e3o nas redes sociais, no <a href=\"https:\/\/urldefense.proofpoint.com\/v2\/url?u=https-3A__www.facebook.com_Sicredi_&amp;d=DwMGaQ&amp;c=63k7DFQ5NS45K8Wu5uX9Pd1gEa70c_pznLjIw3OxEiE&amp;r=78reeXSRUHsXRv_X52nVFtqn8imrdAy-e5fJ56Qe6zg&amp;m=xAVwqnVpfVTt2Vu2g1Il31gCoCNxIOeNb-plWVTL0kw&amp;s=JKipJ9HxCcwObJ2cU-F6-Mq2sxBtIbmY5-KGbuh8D5g&amp;e=\">Facebook<\/a>, <a href=\"https:\/\/urldefense.proofpoint.com\/v2\/url?u=https-3A__www.linkedin.com_company_sicredi&amp;d=DwMGaQ&amp;c=63k7DFQ5NS45K8Wu5uX9Pd1gEa70c_pznLjIw3OxEiE&amp;r=78reeXSRUHsXRv_X52nVFtqn8imrdAy-e5fJ56Qe6zg&amp;m=xAVwqnVpfVTt2Vu2g1Il31gCoCNxIOeNb-plWVTL0kw&amp;s=9Afr_6-_zQljoX3PTOiIuUAk3glYTUttfE8zyudIzKg&amp;e=\">LinkedIn<\/a>, <a href=\"https:\/\/urldefense.proofpoint.com\/v2\/url?u=https-3A__twitter.com_sicredi-5Foficial&amp;d=DwMGaQ&amp;c=63k7DFQ5NS45K8Wu5uX9Pd1gEa70c_pznLjIw3OxEiE&amp;r=78reeXSRUHsXRv_X52nVFtqn8imrdAy-e5fJ56Qe6zg&amp;m=xAVwqnVpfVTt2Vu2g1Il31gCoCNxIOeNb-plWVTL0kw&amp;s=rREjz000pYFcmWEEXtLWoXAYGWHjlL0RGR2OhBlfpvg&amp;e=\">Twitter<\/a>, <a href=\"https:\/\/www.youtube.com\/user\/sicredioficial\">YouTube<\/a> e <a href=\"https:\/\/www.instagram.com\/sicredi\/\">Instagram<\/a>.<\/p>\n<p>&nbsp;<\/p>\n<p><strong><em>Sobre o Sicredi<\/em><\/strong><\/p>\n<p><em>O Sicredi \u00e9 uma institui\u00e7\u00e3o financeira cooperativa comprometida com o crescimento dos seus associados e com o desenvolvimento das regi\u00f5es onde atua. O modelo de gest\u00e3o do Sicredi valoriza a participa\u00e7\u00e3o dos mais de 4 milh\u00f5es de associados, os quais exercem papel de donos do neg\u00f3cio. Com presen\u00e7a nacional, o Sicredi est\u00e1 em 22 estados* e no Distrito Federal, com mais de 1.700 ag\u00eancias, e oferece mais de 300 produtos e servi\u00e7os financeiros (<\/em><a href=\"https:\/\/urldefense.proofpoint.com\/v2\/url?u=http-3A__www.sicredi.com.br&amp;d=DwMGaQ&amp;c=63k7DFQ5NS45K8Wu5uX9Pd1gEa70c_pznLjIw3OxEiE&amp;r=78reeXSRUHsXRv_X52nVFtqn8imrdAy-e5fJ56Qe6zg&amp;m=xAVwqnVpfVTt2Vu2g1Il31gCoCNxIOeNb-plWVTL0kw&amp;s=9SMN9ngEtsOVbtqUMtYpA4S-WAqgMpz1jW41GUYWBG0&amp;e=\"><em>www.sicredi.com.br<\/em><\/a><em>). <\/em><em>Na regi\u00e3o, a cooperativa Sicredi Centro Oeste Paulista possui 13 ag\u00eancias em uma \u00e1rea de atua\u00e7\u00e3o com 84 munic\u00edpios e mais de 25 mil associados. <\/em><\/p>\n<p><em>Quer saber mais? Acesse: www.sicredi.com.br\/seja-associado<\/em><\/p>\n","protected":false},"excerpt":{"rendered":"<p>Voc\u00ea conhece Fernando Ferreira da Silva, de Mar\u00edlia (SP)? E Cristiano Gionco, de Campo Grande (MS)? Se ainda n\u00e3o, a partir de 16 de setembro, voc\u00ea e os demais moradores desses munic\u00edpios \u2013 e de todo o Brasil \u2013 ter\u00e3o a oportunidade de conhecer suas realidades transformadas com apoio do Sicredi. Juntos, Fernando e Cristiano [&hellip;]<\/p>\n","protected":false},"author":8,"featured_media":16297,"comment_status":"closed","ping_status":"open","sticky":false,"template":"","format":"standard","meta":{"_acf_changed":false,"_exactmetrics_skip_tracking":false,"_exactmetrics_sitenote_active":false,"_exactmetrics_sitenote_note":"","_exactmetrics_sitenote_category":0,"footnotes":""},"categories":[24],"tags":[],"class_list":["post-16294","post","type-post","status-publish","format-standard","has-post-thumbnail","hentry","category-regiao"],"acf":[],"yoast_head":"<!-- This site is optimized with the Yoast SEO plugin v27.2 - https:\/\/yoast.com\/product\/yoast-seo-wordpress\/ -->\n<title>Conectados pelos impactos positivos do cooperativismo, moradores de Mar\u00edlia (SP) e Campo Grande (MS) s\u00e3o personagens de campanha nacional do Sicredi - R\u00e1dio Life FM<\/title>\n<meta name=\"robots\" content=\"index, follow, max-snippet:-1, max-image-preview:large, max-video-preview:-1\" \/>\n<link rel=\"canonical\" href=\"https:\/\/radiolifefm.com.br\/noticias\/conectados-pelos-impactos-positivos-do-cooperativismo-moradores-de-marilia-sp-e-campo-grande-ms-sao-personagens-de-campanha-nacional-do-sicredi\/\" \/>\n<meta property=\"og:locale\" content=\"pt_BR\" \/>\n<meta property=\"og:type\" content=\"article\" \/>\n<meta property=\"og:title\" content=\"Conectados pelos impactos positivos do cooperativismo, moradores de Mar\u00edlia (SP) e Campo Grande (MS) s\u00e3o personagens de campanha nacional do Sicredi - R\u00e1dio Life FM\" \/>\n<meta property=\"og:description\" content=\"Voc\u00ea conhece Fernando Ferreira da Silva, de Mar\u00edlia (SP)? E Cristiano Gionco, de Campo Grande (MS)? Se ainda n\u00e3o, a partir de 16 de setembro, voc\u00ea e os demais moradores desses munic\u00edpios \u2013 e de todo o Brasil \u2013 ter\u00e3o a oportunidade de conhecer suas realidades transformadas com apoio do Sicredi. Juntos, Fernando e Cristiano [&hellip;]\" \/>\n<meta property=\"og:url\" content=\"https:\/\/radiolifefm.com.br\/noticias\/conectados-pelos-impactos-positivos-do-cooperativismo-moradores-de-marilia-sp-e-campo-grande-ms-sao-personagens-de-campanha-nacional-do-sicredi\/\" \/>\n<meta property=\"og:site_name\" content=\"R\u00e1dio Life FM\" \/>\n<meta property=\"article:publisher\" content=\"https:\/\/www.facebook.com\/radiolifefm\/\" \/>\n<meta property=\"article:published_time\" content=\"2019-09-17T11:00:14+00:00\" \/>\n<meta property=\"article:modified_time\" content=\"2026-04-30T23:44:58+00:00\" \/>\n<meta property=\"og:image\" content=\"https:\/\/radiolifefm.com.br\/noticias\/wp-content\/uploads\/2019\/09\/SICREDI-Fernando.jpg\" \/>\n\t<meta property=\"og:image:width\" content=\"375\" \/>\n\t<meta property=\"og:image:height\" content=\"667\" \/>\n\t<meta property=\"og:image:type\" content=\"image\/jpeg\" \/>\n<meta name=\"author\" content=\"joaograndao\" \/>\n<meta name=\"twitter:card\" content=\"summary_large_image\" \/>\n<meta name=\"twitter:label1\" content=\"Escrito por\" \/>\n\t<meta name=\"twitter:data1\" content=\"joaograndao\" \/>\n\t<meta name=\"twitter:label2\" content=\"Est. tempo de leitura\" \/>\n\t<meta name=\"twitter:data2\" content=\"2 minutos\" \/>\n<script type=\"application\/ld+json\" class=\"yoast-schema-graph\">{\"@context\":\"https:\/\/schema.org\",\"@graph\":[{\"@type\":\"Article\",\"@id\":\"https:\/\/radiolifefm.com.br\/noticias\/conectados-pelos-impactos-positivos-do-cooperativismo-moradores-de-marilia-sp-e-campo-grande-ms-sao-personagens-de-campanha-nacional-do-sicredi\/#article\",\"isPartOf\":{\"@id\":\"https:\/\/radiolifefm.com.br\/noticias\/conectados-pelos-impactos-positivos-do-cooperativismo-moradores-de-marilia-sp-e-campo-grande-ms-sao-personagens-de-campanha-nacional-do-sicredi\/\"},\"author\":{\"name\":\"joaograndao\",\"@id\":\"https:\/\/radiolifefm.com.br\/noticias\/#\/schema\/person\/6876e1240feffe6e1b63fd5cb85abf28\"},\"headline\":\"Conectados pelos impactos positivos do cooperativismo, moradores de Mar\u00edlia (SP) e Campo Grande (MS) s\u00e3o personagens de campanha nacional do Sicredi\",\"datePublished\":\"2019-09-17T11:00:14+00:00\",\"dateModified\":\"2026-04-30T23:44:58+00:00\",\"mainEntityOfPage\":{\"@id\":\"https:\/\/radiolifefm.com.br\/noticias\/conectados-pelos-impactos-positivos-do-cooperativismo-moradores-de-marilia-sp-e-campo-grande-ms-sao-personagens-de-campanha-nacional-do-sicredi\/\"},\"wordCount\":521,\"publisher\":{\"@id\":\"https:\/\/radiolifefm.com.br\/noticias\/#organization\"},\"image\":{\"@id\":\"https:\/\/radiolifefm.com.br\/noticias\/conectados-pelos-impactos-positivos-do-cooperativismo-moradores-de-marilia-sp-e-campo-grande-ms-sao-personagens-de-campanha-nacional-do-sicredi\/#primaryimage\"},\"thumbnailUrl\":\"https:\/\/radiolifefm.com.br\/noticias\/wp-content\/uploads\/2019\/09\/SICREDI-Fernando.jpg\",\"articleSection\":[\"Regi\u00e3o\"],\"inLanguage\":\"pt-BR\"},{\"@type\":\"WebPage\",\"@id\":\"https:\/\/radiolifefm.com.br\/noticias\/conectados-pelos-impactos-positivos-do-cooperativismo-moradores-de-marilia-sp-e-campo-grande-ms-sao-personagens-de-campanha-nacional-do-sicredi\/\",\"url\":\"https:\/\/radiolifefm.com.br\/noticias\/conectados-pelos-impactos-positivos-do-cooperativismo-moradores-de-marilia-sp-e-campo-grande-ms-sao-personagens-de-campanha-nacional-do-sicredi\/\",\"name\":\"Conectados pelos impactos positivos do cooperativismo, moradores de Mar\u00edlia (SP) e Campo Grande (MS) s\u00e3o personagens de campanha nacional do Sicredi - R\u00e1dio Life FM\",\"isPartOf\":{\"@id\":\"https:\/\/radiolifefm.com.br\/noticias\/#website\"},\"primaryImageOfPage\":{\"@id\":\"https:\/\/radiolifefm.com.br\/noticias\/conectados-pelos-impactos-positivos-do-cooperativismo-moradores-de-marilia-sp-e-campo-grande-ms-sao-personagens-de-campanha-nacional-do-sicredi\/#primaryimage\"},\"image\":{\"@id\":\"https:\/\/radiolifefm.com.br\/noticias\/conectados-pelos-impactos-positivos-do-cooperativismo-moradores-de-marilia-sp-e-campo-grande-ms-sao-personagens-de-campanha-nacional-do-sicredi\/#primaryimage\"},\"thumbnailUrl\":\"https:\/\/radiolifefm.com.br\/noticias\/wp-content\/uploads\/2019\/09\/SICREDI-Fernando.jpg\",\"datePublished\":\"2019-09-17T11:00:14+00:00\",\"dateModified\":\"2026-04-30T23:44:58+00:00\",\"breadcrumb\":{\"@id\":\"https:\/\/radiolifefm.com.br\/noticias\/conectados-pelos-impactos-positivos-do-cooperativismo-moradores-de-marilia-sp-e-campo-grande-ms-sao-personagens-de-campanha-nacional-do-sicredi\/#breadcrumb\"},\"inLanguage\":\"pt-BR\",\"potentialAction\":[{\"@type\":\"ReadAction\",\"target\":[\"https:\/\/radiolifefm.com.br\/noticias\/conectados-pelos-impactos-positivos-do-cooperativismo-moradores-de-marilia-sp-e-campo-grande-ms-sao-personagens-de-campanha-nacional-do-sicredi\/\"]}]},{\"@type\":\"ImageObject\",\"inLanguage\":\"pt-BR\",\"@id\":\"https:\/\/radiolifefm.com.br\/noticias\/conectados-pelos-impactos-positivos-do-cooperativismo-moradores-de-marilia-sp-e-campo-grande-ms-sao-personagens-de-campanha-nacional-do-sicredi\/#primaryimage\",\"url\":\"https:\/\/radiolifefm.com.br\/noticias\/wp-content\/uploads\/2019\/09\/SICREDI-Fernando.jpg\",\"contentUrl\":\"https:\/\/radiolifefm.com.br\/noticias\/wp-content\/uploads\/2019\/09\/SICREDI-Fernando.jpg\",\"width\":375,\"height\":667,\"caption\":\"Fernando Ferreira da Silva, de Mar\u00edlia (SP)\"},{\"@type\":\"BreadcrumbList\",\"@id\":\"https:\/\/radiolifefm.com.br\/noticias\/conectados-pelos-impactos-positivos-do-cooperativismo-moradores-de-marilia-sp-e-campo-grande-ms-sao-personagens-de-campanha-nacional-do-sicredi\/#breadcrumb\",\"itemListElement\":[{\"@type\":\"ListItem\",\"position\":1,\"name\":\"In\u00edcio\",\"item\":\"https:\/\/radiolifefm.com.br\/noticias\/\"},{\"@type\":\"ListItem\",\"position\":2,\"name\":\"Conectados pelos impactos positivos do cooperativismo, moradores de Mar\u00edlia (SP) e Campo Grande (MS) s\u00e3o personagens de campanha nacional do Sicredi\"}]},{\"@type\":\"WebSite\",\"@id\":\"https:\/\/radiolifefm.com.br\/noticias\/#website\",\"url\":\"https:\/\/radiolifefm.com.br\/noticias\/\",\"name\":\"R\u00e1dio Life FM\",\"description\":\"O Portal de Not\u00edcias de Adamantina\",\"publisher\":{\"@id\":\"https:\/\/radiolifefm.com.br\/noticias\/#organization\"},\"alternateName\":\"Life FM\",\"potentialAction\":[{\"@type\":\"SearchAction\",\"target\":{\"@type\":\"EntryPoint\",\"urlTemplate\":\"https:\/\/radiolifefm.com.br\/noticias\/?s={search_term_string}\"},\"query-input\":{\"@type\":\"PropertyValueSpecification\",\"valueRequired\":true,\"valueName\":\"search_term_string\"}}],\"inLanguage\":\"pt-BR\"},{\"@type\":\"Organization\",\"@id\":\"https:\/\/radiolifefm.com.br\/noticias\/#organization\",\"name\":\"R\u00e1dio Life FM\",\"alternateName\":\"Life FM\",\"url\":\"https:\/\/radiolifefm.com.br\/noticias\/\",\"logo\":{\"@type\":\"ImageObject\",\"inLanguage\":\"pt-BR\",\"@id\":\"https:\/\/radiolifefm.com.br\/noticias\/#\/schema\/logo\/image\/\",\"url\":\"https:\/\/static.radiolifefm.com.br\/noticias\/wp-content\/uploads\/2019\/10\/logo-lifefm.png\",\"contentUrl\":\"https:\/\/static.radiolifefm.com.br\/noticias\/wp-content\/uploads\/2019\/10\/logo-lifefm.png\",\"width\":196,\"height\":47,\"caption\":\"R\u00e1dio Life FM\"},\"image\":{\"@id\":\"https:\/\/radiolifefm.com.br\/noticias\/#\/schema\/logo\/image\/\"},\"sameAs\":[\"https:\/\/www.facebook.com\/radiolifefm\/\",\"https:\/\/www.instagram.com\/life1079fm\/\"]},{\"@type\":\"Person\",\"@id\":\"https:\/\/radiolifefm.com.br\/noticias\/#\/schema\/person\/6876e1240feffe6e1b63fd5cb85abf28\",\"name\":\"joaograndao\",\"image\":{\"@type\":\"ImageObject\",\"inLanguage\":\"pt-BR\",\"@id\":\"https:\/\/secure.gravatar.com\/avatar\/d5b1a3cf357ed9c50404e256a1294083aa8ab5d2a994001567302786016cb32c?s=96&d=mm&r=g\",\"url\":\"https:\/\/secure.gravatar.com\/avatar\/d5b1a3cf357ed9c50404e256a1294083aa8ab5d2a994001567302786016cb32c?s=96&d=mm&r=g\",\"contentUrl\":\"https:\/\/secure.gravatar.com\/avatar\/d5b1a3cf357ed9c50404e256a1294083aa8ab5d2a994001567302786016cb32c?s=96&d=mm&r=g\",\"caption\":\"joaograndao\"}}]}<\/script>\n<!-- \/ Yoast SEO plugin. -->","yoast_head_json":{"title":"Conectados pelos impactos positivos do cooperativismo, moradores de Mar\u00edlia (SP) e Campo Grande (MS) s\u00e3o personagens de campanha nacional do Sicredi - R\u00e1dio Life FM","robots":{"index":"index","follow":"follow","max-snippet":"max-snippet:-1","max-image-preview":"max-image-preview:large","max-video-preview":"max-video-preview:-1"},"canonical":"https:\/\/radiolifefm.com.br\/noticias\/conectados-pelos-impactos-positivos-do-cooperativismo-moradores-de-marilia-sp-e-campo-grande-ms-sao-personagens-de-campanha-nacional-do-sicredi\/","og_locale":"pt_BR","og_type":"article","og_title":"Conectados pelos impactos positivos do cooperativismo, moradores de Mar\u00edlia (SP) e Campo Grande (MS) s\u00e3o personagens de campanha nacional do Sicredi - R\u00e1dio Life FM","og_description":"Voc\u00ea conhece Fernando Ferreira da Silva, de Mar\u00edlia (SP)? E Cristiano Gionco, de Campo Grande (MS)? Se ainda n\u00e3o, a partir de 16 de setembro, voc\u00ea e os demais moradores desses munic\u00edpios \u2013 e de todo o Brasil \u2013 ter\u00e3o a oportunidade de conhecer suas realidades transformadas com apoio do Sicredi. Juntos, Fernando e Cristiano [&hellip;]","og_url":"https:\/\/radiolifefm.com.br\/noticias\/conectados-pelos-impactos-positivos-do-cooperativismo-moradores-de-marilia-sp-e-campo-grande-ms-sao-personagens-de-campanha-nacional-do-sicredi\/","og_site_name":"R\u00e1dio Life FM","article_publisher":"https:\/\/www.facebook.com\/radiolifefm\/","article_published_time":"2019-09-17T11:00:14+00:00","article_modified_time":"2026-04-30T23:44:58+00:00","og_image":[{"width":375,"height":667,"url":"https:\/\/radiolifefm.com.br\/noticias\/wp-content\/uploads\/2019\/09\/SICREDI-Fernando.jpg","type":"image\/jpeg"}],"author":"joaograndao","twitter_card":"summary_large_image","twitter_misc":{"Escrito por":"joaograndao","Est. tempo de leitura":"2 minutos"},"schema":{"@context":"https:\/\/schema.org","@graph":[{"@type":"Article","@id":"https:\/\/radiolifefm.com.br\/noticias\/conectados-pelos-impactos-positivos-do-cooperativismo-moradores-de-marilia-sp-e-campo-grande-ms-sao-personagens-de-campanha-nacional-do-sicredi\/#article","isPartOf":{"@id":"https:\/\/radiolifefm.com.br\/noticias\/conectados-pelos-impactos-positivos-do-cooperativismo-moradores-de-marilia-sp-e-campo-grande-ms-sao-personagens-de-campanha-nacional-do-sicredi\/"},"author":{"name":"joaograndao","@id":"https:\/\/radiolifefm.com.br\/noticias\/#\/schema\/person\/6876e1240feffe6e1b63fd5cb85abf28"},"headline":"Conectados pelos impactos positivos do cooperativismo, moradores de Mar\u00edlia (SP) e Campo Grande (MS) s\u00e3o personagens de campanha nacional do Sicredi","datePublished":"2019-09-17T11:00:14+00:00","dateModified":"2026-04-30T23:44:58+00:00","mainEntityOfPage":{"@id":"https:\/\/radiolifefm.com.br\/noticias\/conectados-pelos-impactos-positivos-do-cooperativismo-moradores-de-marilia-sp-e-campo-grande-ms-sao-personagens-de-campanha-nacional-do-sicredi\/"},"wordCount":521,"publisher":{"@id":"https:\/\/radiolifefm.com.br\/noticias\/#organization"},"image":{"@id":"https:\/\/radiolifefm.com.br\/noticias\/conectados-pelos-impactos-positivos-do-cooperativismo-moradores-de-marilia-sp-e-campo-grande-ms-sao-personagens-de-campanha-nacional-do-sicredi\/#primaryimage"},"thumbnailUrl":"https:\/\/radiolifefm.com.br\/noticias\/wp-content\/uploads\/2019\/09\/SICREDI-Fernando.jpg","articleSection":["Regi\u00e3o"],"inLanguage":"pt-BR"},{"@type":"WebPage","@id":"https:\/\/radiolifefm.com.br\/noticias\/conectados-pelos-impactos-positivos-do-cooperativismo-moradores-de-marilia-sp-e-campo-grande-ms-sao-personagens-de-campanha-nacional-do-sicredi\/","url":"https:\/\/radiolifefm.com.br\/noticias\/conectados-pelos-impactos-positivos-do-cooperativismo-moradores-de-marilia-sp-e-campo-grande-ms-sao-personagens-de-campanha-nacional-do-sicredi\/","name":"Conectados pelos impactos positivos do cooperativismo, moradores de Mar\u00edlia (SP) e Campo Grande (MS) s\u00e3o personagens de campanha nacional do Sicredi - R\u00e1dio Life FM","isPartOf":{"@id":"https:\/\/radiolifefm.com.br\/noticias\/#website"},"primaryImageOfPage":{"@id":"https:\/\/radiolifefm.com.br\/noticias\/conectados-pelos-impactos-positivos-do-cooperativismo-moradores-de-marilia-sp-e-campo-grande-ms-sao-personagens-de-campanha-nacional-do-sicredi\/#primaryimage"},"image":{"@id":"https:\/\/radiolifefm.com.br\/noticias\/conectados-pelos-impactos-positivos-do-cooperativismo-moradores-de-marilia-sp-e-campo-grande-ms-sao-personagens-de-campanha-nacional-do-sicredi\/#primaryimage"},"thumbnailUrl":"https:\/\/radiolifefm.com.br\/noticias\/wp-content\/uploads\/2019\/09\/SICREDI-Fernando.jpg","datePublished":"2019-09-17T11:00:14+00:00","dateModified":"2026-04-30T23:44:58+00:00","breadcrumb":{"@id":"https:\/\/radiolifefm.com.br\/noticias\/conectados-pelos-impactos-positivos-do-cooperativismo-moradores-de-marilia-sp-e-campo-grande-ms-sao-personagens-de-campanha-nacional-do-sicredi\/#breadcrumb"},"inLanguage":"pt-BR","potentialAction":[{"@type":"ReadAction","target":["https:\/\/radiolifefm.com.br\/noticias\/conectados-pelos-impactos-positivos-do-cooperativismo-moradores-de-marilia-sp-e-campo-grande-ms-sao-personagens-de-campanha-nacional-do-sicredi\/"]}]},{"@type":"ImageObject","inLanguage":"pt-BR","@id":"https:\/\/radiolifefm.com.br\/noticias\/conectados-pelos-impactos-positivos-do-cooperativismo-moradores-de-marilia-sp-e-campo-grande-ms-sao-personagens-de-campanha-nacional-do-sicredi\/#primaryimage","url":"https:\/\/radiolifefm.com.br\/noticias\/wp-content\/uploads\/2019\/09\/SICREDI-Fernando.jpg","contentUrl":"https:\/\/radiolifefm.com.br\/noticias\/wp-content\/uploads\/2019\/09\/SICREDI-Fernando.jpg","width":375,"height":667,"caption":"Fernando Ferreira da Silva, de Mar\u00edlia (SP)"},{"@type":"BreadcrumbList","@id":"https:\/\/radiolifefm.com.br\/noticias\/conectados-pelos-impactos-positivos-do-cooperativismo-moradores-de-marilia-sp-e-campo-grande-ms-sao-personagens-de-campanha-nacional-do-sicredi\/#breadcrumb","itemListElement":[{"@type":"ListItem","position":1,"name":"In\u00edcio","item":"https:\/\/radiolifefm.com.br\/noticias\/"},{"@type":"ListItem","position":2,"name":"Conectados pelos impactos positivos do cooperativismo, moradores de Mar\u00edlia (SP) e Campo Grande (MS) s\u00e3o personagens de campanha nacional do Sicredi"}]},{"@type":"WebSite","@id":"https:\/\/radiolifefm.com.br\/noticias\/#website","url":"https:\/\/radiolifefm.com.br\/noticias\/","name":"R\u00e1dio Life FM","description":"O Portal de Not\u00edcias de Adamantina","publisher":{"@id":"https:\/\/radiolifefm.com.br\/noticias\/#organization"},"alternateName":"Life FM","potentialAction":[{"@type":"SearchAction","target":{"@type":"EntryPoint","urlTemplate":"https:\/\/radiolifefm.com.br\/noticias\/?s={search_term_string}"},"query-input":{"@type":"PropertyValueSpecification","valueRequired":true,"valueName":"search_term_string"}}],"inLanguage":"pt-BR"},{"@type":"Organization","@id":"https:\/\/radiolifefm.com.br\/noticias\/#organization","name":"R\u00e1dio Life FM","alternateName":"Life FM","url":"https:\/\/radiolifefm.com.br\/noticias\/","logo":{"@type":"ImageObject","inLanguage":"pt-BR","@id":"https:\/\/radiolifefm.com.br\/noticias\/#\/schema\/logo\/image\/","url":"https:\/\/static.radiolifefm.com.br\/noticias\/wp-content\/uploads\/2019\/10\/logo-lifefm.png","contentUrl":"https:\/\/static.radiolifefm.com.br\/noticias\/wp-content\/uploads\/2019\/10\/logo-lifefm.png","width":196,"height":47,"caption":"R\u00e1dio Life FM"},"image":{"@id":"https:\/\/radiolifefm.com.br\/noticias\/#\/schema\/logo\/image\/"},"sameAs":["https:\/\/www.facebook.com\/radiolifefm\/","https:\/\/www.instagram.com\/life1079fm\/"]},{"@type":"Person","@id":"https:\/\/radiolifefm.com.br\/noticias\/#\/schema\/person\/6876e1240feffe6e1b63fd5cb85abf28","name":"joaograndao","image":{"@type":"ImageObject","inLanguage":"pt-BR","@id":"https:\/\/secure.gravatar.com\/avatar\/d5b1a3cf357ed9c50404e256a1294083aa8ab5d2a994001567302786016cb32c?s=96&d=mm&r=g","url":"https:\/\/secure.gravatar.com\/avatar\/d5b1a3cf357ed9c50404e256a1294083aa8ab5d2a994001567302786016cb32c?s=96&d=mm&r=g","contentUrl":"https:\/\/secure.gravatar.com\/avatar\/d5b1a3cf357ed9c50404e256a1294083aa8ab5d2a994001567302786016cb32c?s=96&d=mm&r=g","caption":"joaograndao"}}]}},"amp_enabled":true,"_links":{"self":[{"href":"https:\/\/radiolifefm.com.br\/noticias\/wp-json\/wp\/v2\/posts\/16294","targetHints":{"allow":["GET"]}}],"collection":[{"href":"https:\/\/radiolifefm.com.br\/noticias\/wp-json\/wp\/v2\/posts"}],"about":[{"href":"https:\/\/radiolifefm.com.br\/noticias\/wp-json\/wp\/v2\/types\/post"}],"author":[{"embeddable":true,"href":"https:\/\/radiolifefm.com.br\/noticias\/wp-json\/wp\/v2\/users\/8"}],"replies":[{"embeddable":true,"href":"https:\/\/radiolifefm.com.br\/noticias\/wp-json\/wp\/v2\/comments?post=16294"}],"version-history":[{"count":4,"href":"https:\/\/radiolifefm.com.br\/noticias\/wp-json\/wp\/v2\/posts\/16294\/revisions"}],"predecessor-version":[{"id":16356,"href":"https:\/\/radiolifefm.com.br\/noticias\/wp-json\/wp\/v2\/posts\/16294\/revisions\/16356"}],"wp:featuredmedia":[{"embeddable":true,"href":"https:\/\/radiolifefm.com.br\/noticias\/wp-json\/wp\/v2\/media\/16297"}],"wp:attachment":[{"href":"https:\/\/radiolifefm.com.br\/noticias\/wp-json\/wp\/v2\/media?parent=16294"}],"wp:term":[{"taxonomy":"category","embeddable":true,"href":"https:\/\/radiolifefm.com.br\/noticias\/wp-json\/wp\/v2\/categories?post=16294"},{"taxonomy":"post_tag","embeddable":true,"href":"https:\/\/radiolifefm.com.br\/noticias\/wp-json\/wp\/v2\/tags?post=16294"}],"curies":[{"name":"wp","href":"https:\/\/api.w.org\/{rel}","templated":true}]}}