{"id":16250,"date":"2019-09-13T18:03:08","date_gmt":"2019-09-13T21:03:08","guid":{"rendered":"https:\/\/radiolifefm.com.br\/noticias\/?p=16250"},"modified":"2026-04-19T00:25:15","modified_gmt":"2026-04-19T03:25:15","slug":"corpo-de-bombeiros-de-adamantina-localiza-corpo-de-idoso-de-osvaldo-cruz-que-desapareceu-no-rio-feio","status":"publish","type":"post","link":"https:\/\/radiolifefm.com.br\/noticias\/corpo-de-bombeiros-de-adamantina-localiza-corpo-de-idoso-de-osvaldo-cruz-que-desapareceu-no-rio-feio\/","title":{"rendered":"Corpo de Bombeiros de Adamantina localiza corpo de idoso de Osvaldo Cruz que desapareceu no Rio Feio"},"content":{"rendered":"<div id=\"fb-root\"><\/div>\n<p><em>Idoso teria ca\u00eddo e desaparecido no rio na manh\u00e3 desta sexta-feira (13)<\/em><\/p>\n<p>O Corpo de Bombeiros de Adamantina localizou na tarde desta sexta-feira (13), por volta das 14h, o corpo do osvaldocruzense Eduardo Mazieiro, de 75 anos.<\/p>\n<p>O corpo foi localizado a cerca de 3 km do local onde o idoso teria ca\u00eddo nas primeiras horas da manh\u00e3 desta sexta-feira, onde estava pescando com um amigo.<\/p>\n<p>Segundo o 1\u00b0 Tenente Avan\u00e7o, comandante do Batalh\u00e3o do Corpo de Bombeiros de Osvaldo Cruz e Adamantina. \u201cO Corpo de Bombeiros foi acionado por volta das 6h, onde haveria um afogamento em curso.<\/p>\n<p>As equipes chegaram e segundo relatos de testemunhas, um senhor havia escorregado e ca\u00eddo do barranco no Rio Aguape\u00ed para dentro da \u00e1gua. Come\u00e7amos a fazer a varredura para localizar a v\u00edtima, pegamos o barco margeando o rio e o corpo foi localizado a cerca de 3 km do local onde ele caiu. Trabalhamos numa equipe composta por sete Bombeiros\u201d, disse.<\/p>\n<p>O local foi preservado para a chegada da Per\u00edcia T\u00e9cnica.<\/p>\n<p><strong>Bombeiro d\u00e1 dicas para evitar afogamentos<\/strong><\/p>\n<p>Devido a onda de calor que toma conta do estado de S\u00e3o Paulo, o 1\u00ba Tenente orienta para que os banhistas e pescadores que procuram rios, represas e piscinas para se refrescar, que tomem bastante cuidado.<\/p>\n<p>\u201cAtendemos dois tipos de ocorr\u00eancias envolvendo afogamentos. A primeira \u00e9 com rela\u00e7\u00e3o a pescadores que escorregam ou caem das embarca\u00e7\u00f5es e acabam se afogando. Ent\u00e3o pedimos para que procurem utilizar sempre colete, porque se ocorre um acidente de cair no rio, ele consegue flutuar. N\u00f3s bombeiros sempre utilizamos o colete para fazer trabalho em \u00e1gua.<\/p>\n<p>A segunda ocorr\u00eancia \u00e9 com rela\u00e7\u00e3o a banhistas, \u00e9 preciso verificar a profundidade do local e n\u00e3o entrar em locais desconhecidos, porque pode ter buracos, ou algum tronco de \u00e1rvore que pode causar um acidente. Cuidado tamb\u00e9m com a alimenta\u00e7\u00e3o e bebida alco\u00f3lica, porque isso atrapalha a atividade de nata\u00e7\u00e3o, que requer condicionamento f\u00edsico, e essa capacidade fica diminu\u00edda quando a pessoa come algo muito pesado ou est\u00e1 sob efeito de \u00e1lcool\u201d, finalizou.<\/p>\n<p>&nbsp;<\/p>\n<p>Portal Metr\u00f3pole<\/p>\n","protected":false},"excerpt":{"rendered":"<p>Idoso teria ca\u00eddo e desaparecido no rio na manh\u00e3 desta sexta-feira (13) O Corpo de Bombeiros de Adamantina localizou na tarde desta sexta-feira (13), por volta das 14h, o corpo do osvaldocruzense Eduardo Mazieiro, de 75 anos. O corpo foi localizado a cerca de 3 km do local onde o idoso teria ca\u00eddo nas primeiras [&hellip;]<\/p>\n","protected":false},"author":3,"featured_media":16251,"comment_status":"closed","ping_status":"open","sticky":false,"template":"","format":"standard","meta":{"_acf_changed":false,"_exactmetrics_skip_tracking":false,"_exactmetrics_sitenote_active":false,"_exactmetrics_sitenote_note":"","_exactmetrics_sitenote_category":0,"footnotes":""},"categories":[24],"tags":[],"class_list":["post-16250","post","type-post","status-publish","format-standard","has-post-thumbnail","hentry","category-regiao"],"acf":[],"yoast_head":"<!-- This site is optimized with the Yoast SEO plugin v27.2 - https:\/\/yoast.com\/product\/yoast-seo-wordpress\/ -->\n<title>Corpo de Bombeiros de Adamantina localiza corpo de idoso de Osvaldo Cruz que desapareceu no Rio Feio - R\u00e1dio Life FM<\/title>\n<meta name=\"robots\" content=\"index, follow, max-snippet:-1, max-image-preview:large, max-video-preview:-1\" \/>\n<link rel=\"canonical\" href=\"https:\/\/radiolifefm.com.br\/noticias\/corpo-de-bombeiros-de-adamantina-localiza-corpo-de-idoso-de-osvaldo-cruz-que-desapareceu-no-rio-feio\/\" \/>\n<meta property=\"og:locale\" content=\"pt_BR\" \/>\n<meta property=\"og:type\" content=\"article\" \/>\n<meta property=\"og:title\" content=\"Corpo de Bombeiros de Adamantina localiza corpo de idoso de Osvaldo Cruz que desapareceu no Rio Feio - R\u00e1dio Life FM\" \/>\n<meta property=\"og:description\" content=\"Idoso teria ca\u00eddo e desaparecido no rio na manh\u00e3 desta sexta-feira (13) O Corpo de Bombeiros de Adamantina localizou na tarde desta sexta-feira (13), por volta das 14h, o corpo do osvaldocruzense Eduardo Mazieiro, de 75 anos. O corpo foi localizado a cerca de 3 km do local onde o idoso teria ca\u00eddo nas primeiras [&hellip;]\" \/>\n<meta property=\"og:url\" content=\"https:\/\/radiolifefm.com.br\/noticias\/corpo-de-bombeiros-de-adamantina-localiza-corpo-de-idoso-de-osvaldo-cruz-que-desapareceu-no-rio-feio\/\" \/>\n<meta property=\"og:site_name\" content=\"R\u00e1dio Life FM\" \/>\n<meta property=\"article:publisher\" content=\"https:\/\/www.facebook.com\/radiolifefm\/\" \/>\n<meta property=\"article:published_time\" content=\"2019-09-13T21:03:08+00:00\" \/>\n<meta property=\"article:modified_time\" content=\"2026-04-19T03:25:15+00:00\" \/>\n<meta property=\"og:image\" content=\"https:\/\/radiolifefm.com.br\/noticias\/wp-content\/uploads\/2019\/09\/Afogado-no-rio.png\" \/>\n\t<meta property=\"og:image:width\" content=\"605\" \/>\n\t<meta property=\"og:image:height\" content=\"337\" \/>\n\t<meta property=\"og:image:type\" content=\"image\/png\" \/>\n<meta name=\"author\" content=\"lifefm\" \/>\n<meta name=\"twitter:card\" content=\"summary_large_image\" \/>\n<meta name=\"twitter:label1\" content=\"Escrito por\" \/>\n\t<meta name=\"twitter:data1\" content=\"lifefm\" \/>\n\t<meta name=\"twitter:label2\" content=\"Est. tempo de leitura\" \/>\n\t<meta name=\"twitter:data2\" content=\"2 minutos\" \/>\n<script type=\"application\/ld+json\" class=\"yoast-schema-graph\">{\"@context\":\"https:\/\/schema.org\",\"@graph\":[{\"@type\":\"Article\",\"@id\":\"https:\/\/radiolifefm.com.br\/noticias\/corpo-de-bombeiros-de-adamantina-localiza-corpo-de-idoso-de-osvaldo-cruz-que-desapareceu-no-rio-feio\/#article\",\"isPartOf\":{\"@id\":\"https:\/\/radiolifefm.com.br\/noticias\/corpo-de-bombeiros-de-adamantina-localiza-corpo-de-idoso-de-osvaldo-cruz-que-desapareceu-no-rio-feio\/\"},\"author\":{\"name\":\"lifefm\",\"@id\":\"https:\/\/radiolifefm.com.br\/noticias\/#\/schema\/person\/1d4e4b1301322090c6221bf1c8420490\"},\"headline\":\"Corpo de Bombeiros de Adamantina localiza corpo de idoso de Osvaldo Cruz que desapareceu no Rio Feio\",\"datePublished\":\"2019-09-13T21:03:08+00:00\",\"dateModified\":\"2026-04-19T03:25:15+00:00\",\"mainEntityOfPage\":{\"@id\":\"https:\/\/radiolifefm.com.br\/noticias\/corpo-de-bombeiros-de-adamantina-localiza-corpo-de-idoso-de-osvaldo-cruz-que-desapareceu-no-rio-feio\/\"},\"wordCount\":375,\"publisher\":{\"@id\":\"https:\/\/radiolifefm.com.br\/noticias\/#organization\"},\"image\":{\"@id\":\"https:\/\/radiolifefm.com.br\/noticias\/corpo-de-bombeiros-de-adamantina-localiza-corpo-de-idoso-de-osvaldo-cruz-que-desapareceu-no-rio-feio\/#primaryimage\"},\"thumbnailUrl\":\"https:\/\/radiolifefm.com.br\/noticias\/wp-content\/uploads\/2019\/09\/Afogado-no-rio.png\",\"articleSection\":[\"Regi\u00e3o\"],\"inLanguage\":\"pt-BR\"},{\"@type\":\"WebPage\",\"@id\":\"https:\/\/radiolifefm.com.br\/noticias\/corpo-de-bombeiros-de-adamantina-localiza-corpo-de-idoso-de-osvaldo-cruz-que-desapareceu-no-rio-feio\/\",\"url\":\"https:\/\/radiolifefm.com.br\/noticias\/corpo-de-bombeiros-de-adamantina-localiza-corpo-de-idoso-de-osvaldo-cruz-que-desapareceu-no-rio-feio\/\",\"name\":\"Corpo de Bombeiros de Adamantina localiza corpo de idoso de Osvaldo Cruz que desapareceu no Rio Feio - R\u00e1dio Life FM\",\"isPartOf\":{\"@id\":\"https:\/\/radiolifefm.com.br\/noticias\/#website\"},\"primaryImageOfPage\":{\"@id\":\"https:\/\/radiolifefm.com.br\/noticias\/corpo-de-bombeiros-de-adamantina-localiza-corpo-de-idoso-de-osvaldo-cruz-que-desapareceu-no-rio-feio\/#primaryimage\"},\"image\":{\"@id\":\"https:\/\/radiolifefm.com.br\/noticias\/corpo-de-bombeiros-de-adamantina-localiza-corpo-de-idoso-de-osvaldo-cruz-que-desapareceu-no-rio-feio\/#primaryimage\"},\"thumbnailUrl\":\"https:\/\/radiolifefm.com.br\/noticias\/wp-content\/uploads\/2019\/09\/Afogado-no-rio.png\",\"datePublished\":\"2019-09-13T21:03:08+00:00\",\"dateModified\":\"2026-04-19T03:25:15+00:00\",\"breadcrumb\":{\"@id\":\"https:\/\/radiolifefm.com.br\/noticias\/corpo-de-bombeiros-de-adamantina-localiza-corpo-de-idoso-de-osvaldo-cruz-que-desapareceu-no-rio-feio\/#breadcrumb\"},\"inLanguage\":\"pt-BR\",\"potentialAction\":[{\"@type\":\"ReadAction\",\"target\":[\"https:\/\/radiolifefm.com.br\/noticias\/corpo-de-bombeiros-de-adamantina-localiza-corpo-de-idoso-de-osvaldo-cruz-que-desapareceu-no-rio-feio\/\"]}]},{\"@type\":\"ImageObject\",\"inLanguage\":\"pt-BR\",\"@id\":\"https:\/\/radiolifefm.com.br\/noticias\/corpo-de-bombeiros-de-adamantina-localiza-corpo-de-idoso-de-osvaldo-cruz-que-desapareceu-no-rio-feio\/#primaryimage\",\"url\":\"https:\/\/radiolifefm.com.br\/noticias\/wp-content\/uploads\/2019\/09\/Afogado-no-rio.png\",\"contentUrl\":\"https:\/\/radiolifefm.com.br\/noticias\/wp-content\/uploads\/2019\/09\/Afogado-no-rio.png\",\"width\":605,\"height\":337,\"caption\":\"Corpo de Bombeiros de Adamantina localiza corpo de idoso de Osvaldo Cruz que desapareceu no Rio Feio(Foto: Portal Metr\u00f3pole de Not\u00edcias)\"},{\"@type\":\"BreadcrumbList\",\"@id\":\"https:\/\/radiolifefm.com.br\/noticias\/corpo-de-bombeiros-de-adamantina-localiza-corpo-de-idoso-de-osvaldo-cruz-que-desapareceu-no-rio-feio\/#breadcrumb\",\"itemListElement\":[{\"@type\":\"ListItem\",\"position\":1,\"name\":\"In\u00edcio\",\"item\":\"https:\/\/radiolifefm.com.br\/noticias\/\"},{\"@type\":\"ListItem\",\"position\":2,\"name\":\"Corpo de Bombeiros de Adamantina localiza corpo de idoso de Osvaldo Cruz que desapareceu no Rio Feio\"}]},{\"@type\":\"WebSite\",\"@id\":\"https:\/\/radiolifefm.com.br\/noticias\/#website\",\"url\":\"https:\/\/radiolifefm.com.br\/noticias\/\",\"name\":\"R\u00e1dio Life FM\",\"description\":\"O Portal de Not\u00edcias de Adamantina\",\"publisher\":{\"@id\":\"https:\/\/radiolifefm.com.br\/noticias\/#organization\"},\"alternateName\":\"Life FM\",\"potentialAction\":[{\"@type\":\"SearchAction\",\"target\":{\"@type\":\"EntryPoint\",\"urlTemplate\":\"https:\/\/radiolifefm.com.br\/noticias\/?s={search_term_string}\"},\"query-input\":{\"@type\":\"PropertyValueSpecification\",\"valueRequired\":true,\"valueName\":\"search_term_string\"}}],\"inLanguage\":\"pt-BR\"},{\"@type\":\"Organization\",\"@id\":\"https:\/\/radiolifefm.com.br\/noticias\/#organization\",\"name\":\"R\u00e1dio Life FM\",\"alternateName\":\"Life FM\",\"url\":\"https:\/\/radiolifefm.com.br\/noticias\/\",\"logo\":{\"@type\":\"ImageObject\",\"inLanguage\":\"pt-BR\",\"@id\":\"https:\/\/radiolifefm.com.br\/noticias\/#\/schema\/logo\/image\/\",\"url\":\"https:\/\/static.radiolifefm.com.br\/noticias\/wp-content\/uploads\/2019\/10\/logo-lifefm.png\",\"contentUrl\":\"https:\/\/static.radiolifefm.com.br\/noticias\/wp-content\/uploads\/2019\/10\/logo-lifefm.png\",\"width\":196,\"height\":47,\"caption\":\"R\u00e1dio Life FM\"},\"image\":{\"@id\":\"https:\/\/radiolifefm.com.br\/noticias\/#\/schema\/logo\/image\/\"},\"sameAs\":[\"https:\/\/www.facebook.com\/radiolifefm\/\",\"https:\/\/www.instagram.com\/life1079fm\/\"]},{\"@type\":\"Person\",\"@id\":\"https:\/\/radiolifefm.com.br\/noticias\/#\/schema\/person\/1d4e4b1301322090c6221bf1c8420490\",\"name\":\"lifefm\",\"image\":{\"@type\":\"ImageObject\",\"inLanguage\":\"pt-BR\",\"@id\":\"https:\/\/secure.gravatar.com\/avatar\/eca268467d925ec97d20641bb054fd944c0abb2f92854171620706bbe6474e7c?s=96&d=mm&r=g\",\"url\":\"https:\/\/secure.gravatar.com\/avatar\/eca268467d925ec97d20641bb054fd944c0abb2f92854171620706bbe6474e7c?s=96&d=mm&r=g\",\"contentUrl\":\"https:\/\/secure.gravatar.com\/avatar\/eca268467d925ec97d20641bb054fd944c0abb2f92854171620706bbe6474e7c?s=96&d=mm&r=g\",\"caption\":\"lifefm\"}}]}<\/script>\n<!-- \/ Yoast SEO plugin. -->","yoast_head_json":{"title":"Corpo de Bombeiros de Adamantina localiza corpo de idoso de Osvaldo Cruz que desapareceu no Rio Feio - R\u00e1dio Life FM","robots":{"index":"index","follow":"follow","max-snippet":"max-snippet:-1","max-image-preview":"max-image-preview:large","max-video-preview":"max-video-preview:-1"},"canonical":"https:\/\/radiolifefm.com.br\/noticias\/corpo-de-bombeiros-de-adamantina-localiza-corpo-de-idoso-de-osvaldo-cruz-que-desapareceu-no-rio-feio\/","og_locale":"pt_BR","og_type":"article","og_title":"Corpo de Bombeiros de Adamantina localiza corpo de idoso de Osvaldo Cruz que desapareceu no Rio Feio - R\u00e1dio Life FM","og_description":"Idoso teria ca\u00eddo e desaparecido no rio na manh\u00e3 desta sexta-feira (13) O Corpo de Bombeiros de Adamantina localizou na tarde desta sexta-feira (13), por volta das 14h, o corpo do osvaldocruzense Eduardo Mazieiro, de 75 anos. O corpo foi localizado a cerca de 3 km do local onde o idoso teria ca\u00eddo nas primeiras [&hellip;]","og_url":"https:\/\/radiolifefm.com.br\/noticias\/corpo-de-bombeiros-de-adamantina-localiza-corpo-de-idoso-de-osvaldo-cruz-que-desapareceu-no-rio-feio\/","og_site_name":"R\u00e1dio Life FM","article_publisher":"https:\/\/www.facebook.com\/radiolifefm\/","article_published_time":"2019-09-13T21:03:08+00:00","article_modified_time":"2026-04-19T03:25:15+00:00","og_image":[{"width":605,"height":337,"url":"https:\/\/radiolifefm.com.br\/noticias\/wp-content\/uploads\/2019\/09\/Afogado-no-rio.png","type":"image\/png"}],"author":"lifefm","twitter_card":"summary_large_image","twitter_misc":{"Escrito por":"lifefm","Est. tempo de leitura":"2 minutos"},"schema":{"@context":"https:\/\/schema.org","@graph":[{"@type":"Article","@id":"https:\/\/radiolifefm.com.br\/noticias\/corpo-de-bombeiros-de-adamantina-localiza-corpo-de-idoso-de-osvaldo-cruz-que-desapareceu-no-rio-feio\/#article","isPartOf":{"@id":"https:\/\/radiolifefm.com.br\/noticias\/corpo-de-bombeiros-de-adamantina-localiza-corpo-de-idoso-de-osvaldo-cruz-que-desapareceu-no-rio-feio\/"},"author":{"name":"lifefm","@id":"https:\/\/radiolifefm.com.br\/noticias\/#\/schema\/person\/1d4e4b1301322090c6221bf1c8420490"},"headline":"Corpo de Bombeiros de Adamantina localiza corpo de idoso de Osvaldo Cruz que desapareceu no Rio Feio","datePublished":"2019-09-13T21:03:08+00:00","dateModified":"2026-04-19T03:25:15+00:00","mainEntityOfPage":{"@id":"https:\/\/radiolifefm.com.br\/noticias\/corpo-de-bombeiros-de-adamantina-localiza-corpo-de-idoso-de-osvaldo-cruz-que-desapareceu-no-rio-feio\/"},"wordCount":375,"publisher":{"@id":"https:\/\/radiolifefm.com.br\/noticias\/#organization"},"image":{"@id":"https:\/\/radiolifefm.com.br\/noticias\/corpo-de-bombeiros-de-adamantina-localiza-corpo-de-idoso-de-osvaldo-cruz-que-desapareceu-no-rio-feio\/#primaryimage"},"thumbnailUrl":"https:\/\/radiolifefm.com.br\/noticias\/wp-content\/uploads\/2019\/09\/Afogado-no-rio.png","articleSection":["Regi\u00e3o"],"inLanguage":"pt-BR"},{"@type":"WebPage","@id":"https:\/\/radiolifefm.com.br\/noticias\/corpo-de-bombeiros-de-adamantina-localiza-corpo-de-idoso-de-osvaldo-cruz-que-desapareceu-no-rio-feio\/","url":"https:\/\/radiolifefm.com.br\/noticias\/corpo-de-bombeiros-de-adamantina-localiza-corpo-de-idoso-de-osvaldo-cruz-que-desapareceu-no-rio-feio\/","name":"Corpo de Bombeiros de Adamantina localiza corpo de idoso de Osvaldo Cruz que desapareceu no Rio Feio - R\u00e1dio Life FM","isPartOf":{"@id":"https:\/\/radiolifefm.com.br\/noticias\/#website"},"primaryImageOfPage":{"@id":"https:\/\/radiolifefm.com.br\/noticias\/corpo-de-bombeiros-de-adamantina-localiza-corpo-de-idoso-de-osvaldo-cruz-que-desapareceu-no-rio-feio\/#primaryimage"},"image":{"@id":"https:\/\/radiolifefm.com.br\/noticias\/corpo-de-bombeiros-de-adamantina-localiza-corpo-de-idoso-de-osvaldo-cruz-que-desapareceu-no-rio-feio\/#primaryimage"},"thumbnailUrl":"https:\/\/radiolifefm.com.br\/noticias\/wp-content\/uploads\/2019\/09\/Afogado-no-rio.png","datePublished":"2019-09-13T21:03:08+00:00","dateModified":"2026-04-19T03:25:15+00:00","breadcrumb":{"@id":"https:\/\/radiolifefm.com.br\/noticias\/corpo-de-bombeiros-de-adamantina-localiza-corpo-de-idoso-de-osvaldo-cruz-que-desapareceu-no-rio-feio\/#breadcrumb"},"inLanguage":"pt-BR","potentialAction":[{"@type":"ReadAction","target":["https:\/\/radiolifefm.com.br\/noticias\/corpo-de-bombeiros-de-adamantina-localiza-corpo-de-idoso-de-osvaldo-cruz-que-desapareceu-no-rio-feio\/"]}]},{"@type":"ImageObject","inLanguage":"pt-BR","@id":"https:\/\/radiolifefm.com.br\/noticias\/corpo-de-bombeiros-de-adamantina-localiza-corpo-de-idoso-de-osvaldo-cruz-que-desapareceu-no-rio-feio\/#primaryimage","url":"https:\/\/radiolifefm.com.br\/noticias\/wp-content\/uploads\/2019\/09\/Afogado-no-rio.png","contentUrl":"https:\/\/radiolifefm.com.br\/noticias\/wp-content\/uploads\/2019\/09\/Afogado-no-rio.png","width":605,"height":337,"caption":"Corpo de Bombeiros de Adamantina localiza corpo de idoso de Osvaldo Cruz que desapareceu no Rio Feio(Foto: Portal Metr\u00f3pole de Not\u00edcias)"},{"@type":"BreadcrumbList","@id":"https:\/\/radiolifefm.com.br\/noticias\/corpo-de-bombeiros-de-adamantina-localiza-corpo-de-idoso-de-osvaldo-cruz-que-desapareceu-no-rio-feio\/#breadcrumb","itemListElement":[{"@type":"ListItem","position":1,"name":"In\u00edcio","item":"https:\/\/radiolifefm.com.br\/noticias\/"},{"@type":"ListItem","position":2,"name":"Corpo de Bombeiros de Adamantina localiza corpo de idoso de Osvaldo Cruz que desapareceu no Rio Feio"}]},{"@type":"WebSite","@id":"https:\/\/radiolifefm.com.br\/noticias\/#website","url":"https:\/\/radiolifefm.com.br\/noticias\/","name":"R\u00e1dio Life FM","description":"O Portal de Not\u00edcias de Adamantina","publisher":{"@id":"https:\/\/radiolifefm.com.br\/noticias\/#organization"},"alternateName":"Life FM","potentialAction":[{"@type":"SearchAction","target":{"@type":"EntryPoint","urlTemplate":"https:\/\/radiolifefm.com.br\/noticias\/?s={search_term_string}"},"query-input":{"@type":"PropertyValueSpecification","valueRequired":true,"valueName":"search_term_string"}}],"inLanguage":"pt-BR"},{"@type":"Organization","@id":"https:\/\/radiolifefm.com.br\/noticias\/#organization","name":"R\u00e1dio Life FM","alternateName":"Life FM","url":"https:\/\/radiolifefm.com.br\/noticias\/","logo":{"@type":"ImageObject","inLanguage":"pt-BR","@id":"https:\/\/radiolifefm.com.br\/noticias\/#\/schema\/logo\/image\/","url":"https:\/\/static.radiolifefm.com.br\/noticias\/wp-content\/uploads\/2019\/10\/logo-lifefm.png","contentUrl":"https:\/\/static.radiolifefm.com.br\/noticias\/wp-content\/uploads\/2019\/10\/logo-lifefm.png","width":196,"height":47,"caption":"R\u00e1dio Life FM"},"image":{"@id":"https:\/\/radiolifefm.com.br\/noticias\/#\/schema\/logo\/image\/"},"sameAs":["https:\/\/www.facebook.com\/radiolifefm\/","https:\/\/www.instagram.com\/life1079fm\/"]},{"@type":"Person","@id":"https:\/\/radiolifefm.com.br\/noticias\/#\/schema\/person\/1d4e4b1301322090c6221bf1c8420490","name":"lifefm","image":{"@type":"ImageObject","inLanguage":"pt-BR","@id":"https:\/\/secure.gravatar.com\/avatar\/eca268467d925ec97d20641bb054fd944c0abb2f92854171620706bbe6474e7c?s=96&d=mm&r=g","url":"https:\/\/secure.gravatar.com\/avatar\/eca268467d925ec97d20641bb054fd944c0abb2f92854171620706bbe6474e7c?s=96&d=mm&r=g","contentUrl":"https:\/\/secure.gravatar.com\/avatar\/eca268467d925ec97d20641bb054fd944c0abb2f92854171620706bbe6474e7c?s=96&d=mm&r=g","caption":"lifefm"}}]}},"amp_enabled":true,"_links":{"self":[{"href":"https:\/\/radiolifefm.com.br\/noticias\/wp-json\/wp\/v2\/posts\/16250","targetHints":{"allow":["GET"]}}],"collection":[{"href":"https:\/\/radiolifefm.com.br\/noticias\/wp-json\/wp\/v2\/posts"}],"about":[{"href":"https:\/\/radiolifefm.com.br\/noticias\/wp-json\/wp\/v2\/types\/post"}],"author":[{"embeddable":true,"href":"https:\/\/radiolifefm.com.br\/noticias\/wp-json\/wp\/v2\/users\/3"}],"replies":[{"embeddable":true,"href":"https:\/\/radiolifefm.com.br\/noticias\/wp-json\/wp\/v2\/comments?post=16250"}],"version-history":[{"count":2,"href":"https:\/\/radiolifefm.com.br\/noticias\/wp-json\/wp\/v2\/posts\/16250\/revisions"}],"predecessor-version":[{"id":16290,"href":"https:\/\/radiolifefm.com.br\/noticias\/wp-json\/wp\/v2\/posts\/16250\/revisions\/16290"}],"wp:featuredmedia":[{"embeddable":true,"href":"https:\/\/radiolifefm.com.br\/noticias\/wp-json\/wp\/v2\/media\/16251"}],"wp:attachment":[{"href":"https:\/\/radiolifefm.com.br\/noticias\/wp-json\/wp\/v2\/media?parent=16250"}],"wp:term":[{"taxonomy":"category","embeddable":true,"href":"https:\/\/radiolifefm.com.br\/noticias\/wp-json\/wp\/v2\/categories?post=16250"},{"taxonomy":"post_tag","embeddable":true,"href":"https:\/\/radiolifefm.com.br\/noticias\/wp-json\/wp\/v2\/tags?post=16250"}],"curies":[{"name":"wp","href":"https:\/\/api.w.org\/{rel}","templated":true}]}}