{"id":16200,"date":"2019-09-12T08:13:19","date_gmt":"2019-09-12T11:13:19","guid":{"rendered":"https:\/\/radiolifefm.com.br\/noticias\/?p=16200"},"modified":"2026-04-18T21:05:20","modified_gmt":"2026-04-19T00:05:20","slug":"justica-mantem-o-prefeito-de-mariapolis-val-dantas-no-cargo-de-prefeito-e-revoga-decisao-da-camara","status":"publish","type":"post","link":"https:\/\/radiolifefm.com.br\/noticias\/justica-mantem-o-prefeito-de-mariapolis-val-dantas-no-cargo-de-prefeito-e-revoga-decisao-da-camara\/","title":{"rendered":"Justi\u00e7a mant\u00e9m o prefeito de Mari\u00e1polis Val Dantas no cargo de prefeito e revoga decis\u00e3o da C\u00e2mara"},"content":{"rendered":"<div id=\"fb-root\"><\/div>\n<p>No \u00faltimo dia 4 de agosto, a C\u00e2mara Municipal de Mari\u00e1polis, atrav\u00e9s de uma CEI (Comiss\u00e3o Especial de Inqu\u00e9rito), composta pelos vereadores Paulino Vieira da Silva, Maciel Louren\u00e7o e Maria Aparecida Firmino Neres, apresentou um relat\u00f3rio final e ap\u00f3s aprovou por unanimidade a instala\u00e7\u00e3o de uma CP (Comiss\u00e3o Processante), contra o prefeito Val Dantas.<\/p>\n<p>Na mesma sess\u00e3o os vereadores aprovaram ainda resolu\u00e7\u00e3o determinando o afastamento imediato do prefeito Val Dantas do cargo de chefe de executivo de Mari\u00e1polis.<\/p>\n<p>Devido a esta decis\u00e3o da C\u00e2mara Municipal, o advogado que atua em defesa de Val Dantas ingressou judicialmente com pedido de liminar no F\u00f3rum da Comarca de Adamantina, pleiteando a perman\u00eancia do prefeito no cargo, argumentando a ilegalidade do ato de afastamento, uma vez que foi negado qualquer direito de contradit\u00f3rio e ampla defesa.<\/p>\n<p>A ju\u00edza Dra. Ruth Duarte Menegatti, ap\u00f3s an\u00e1lise da documenta\u00e7\u00e3o apresentada e parecer do Minist\u00e9rio P\u00fablico, deferiu a liminar pleiteada suspendendo a Resolu\u00e7\u00e3o da C\u00e2mara Municipal de Mari\u00e1polis que afastou o prefeito do cargo, restabelecendo todos os direitos ao exerc\u00edcio da fun\u00e7\u00e3o para o qual Val Dantas foi eleito.<\/p>\n<p>Ainda a ju\u00edza ressaltou que \u201c\u00e9 evidente, na medida que o afastamento e altern\u00e2ncia de um prefeito constitui s\u00e9rios preju\u00edzos \u00e0 municipalidade\u201d.<\/p>\n<p>Desta forma, a decis\u00e3o da ju\u00edza determinou o imediato comunicado a C\u00e2mara Municipal de Mari\u00e1polis, atrav\u00e9s de seu presidente e deu um prazo de dez dias para que prestem informa\u00e7\u00f5es que julgarem necess\u00e1rias.<\/p>\n<p>&nbsp;<\/p>\n<p>Folha Regional<\/p>\n","protected":false},"excerpt":{"rendered":"<p>No \u00faltimo dia 4 de agosto, a C\u00e2mara Municipal de Mari\u00e1polis, atrav\u00e9s de uma CEI (Comiss\u00e3o Especial de Inqu\u00e9rito), composta pelos vereadores Paulino Vieira da Silva, Maciel Louren\u00e7o e Maria Aparecida Firmino Neres, apresentou um relat\u00f3rio final e ap\u00f3s aprovou por unanimidade a instala\u00e7\u00e3o de uma CP (Comiss\u00e3o Processante), contra o prefeito Val Dantas. Na [&hellip;]<\/p>\n","protected":false},"author":3,"featured_media":16201,"comment_status":"closed","ping_status":"open","sticky":false,"template":"","format":"standard","meta":{"_acf_changed":false,"_exactmetrics_skip_tracking":false,"_exactmetrics_sitenote_active":false,"_exactmetrics_sitenote_note":"","_exactmetrics_sitenote_category":0,"footnotes":""},"categories":[24],"tags":[],"class_list":["post-16200","post","type-post","status-publish","format-standard","has-post-thumbnail","hentry","category-regiao"],"acf":[],"yoast_head":"<!-- This site is optimized with the Yoast SEO plugin v27.2 - https:\/\/yoast.com\/product\/yoast-seo-wordpress\/ -->\n<title>Justi\u00e7a mant\u00e9m o prefeito de Mari\u00e1polis Val Dantas no cargo de prefeito e revoga decis\u00e3o da C\u00e2mara - R\u00e1dio Life FM<\/title>\n<meta name=\"robots\" content=\"index, follow, max-snippet:-1, max-image-preview:large, max-video-preview:-1\" \/>\n<link rel=\"canonical\" href=\"https:\/\/radiolifefm.com.br\/noticias\/justica-mantem-o-prefeito-de-mariapolis-val-dantas-no-cargo-de-prefeito-e-revoga-decisao-da-camara\/\" \/>\n<meta property=\"og:locale\" content=\"pt_BR\" \/>\n<meta property=\"og:type\" content=\"article\" \/>\n<meta property=\"og:title\" content=\"Justi\u00e7a mant\u00e9m o prefeito de Mari\u00e1polis Val Dantas no cargo de prefeito e revoga decis\u00e3o da C\u00e2mara - R\u00e1dio Life FM\" \/>\n<meta property=\"og:description\" content=\"No \u00faltimo dia 4 de agosto, a C\u00e2mara Municipal de Mari\u00e1polis, atrav\u00e9s de uma CEI (Comiss\u00e3o Especial de Inqu\u00e9rito), composta pelos vereadores Paulino Vieira da Silva, Maciel Louren\u00e7o e Maria Aparecida Firmino Neres, apresentou um relat\u00f3rio final e ap\u00f3s aprovou por unanimidade a instala\u00e7\u00e3o de uma CP (Comiss\u00e3o Processante), contra o prefeito Val Dantas. Na [&hellip;]\" \/>\n<meta property=\"og:url\" content=\"https:\/\/radiolifefm.com.br\/noticias\/justica-mantem-o-prefeito-de-mariapolis-val-dantas-no-cargo-de-prefeito-e-revoga-decisao-da-camara\/\" \/>\n<meta property=\"og:site_name\" content=\"R\u00e1dio Life FM\" \/>\n<meta property=\"article:publisher\" content=\"https:\/\/www.facebook.com\/radiolifefm\/\" \/>\n<meta property=\"article:published_time\" content=\"2019-09-12T11:13:19+00:00\" \/>\n<meta property=\"article:modified_time\" content=\"2026-04-19T00:05:20+00:00\" \/>\n<meta property=\"og:image\" content=\"https:\/\/radiolifefm.com.br\/noticias\/wp-content\/uploads\/2019\/09\/Val-Dantas-Mari\u00e1polis-1.jpg\" \/>\n\t<meta property=\"og:image:width\" content=\"1024\" \/>\n\t<meta property=\"og:image:height\" content=\"683\" \/>\n\t<meta property=\"og:image:type\" content=\"image\/jpeg\" \/>\n<meta name=\"author\" content=\"lifefm\" \/>\n<meta name=\"twitter:card\" content=\"summary_large_image\" \/>\n<meta name=\"twitter:label1\" content=\"Escrito por\" \/>\n\t<meta name=\"twitter:data1\" content=\"lifefm\" \/>\n\t<meta name=\"twitter:label2\" content=\"Est. tempo de leitura\" \/>\n\t<meta name=\"twitter:data2\" content=\"1 minuto\" \/>\n<script type=\"application\/ld+json\" class=\"yoast-schema-graph\">{\"@context\":\"https:\/\/schema.org\",\"@graph\":[{\"@type\":\"Article\",\"@id\":\"https:\/\/radiolifefm.com.br\/noticias\/justica-mantem-o-prefeito-de-mariapolis-val-dantas-no-cargo-de-prefeito-e-revoga-decisao-da-camara\/#article\",\"isPartOf\":{\"@id\":\"https:\/\/radiolifefm.com.br\/noticias\/justica-mantem-o-prefeito-de-mariapolis-val-dantas-no-cargo-de-prefeito-e-revoga-decisao-da-camara\/\"},\"author\":{\"name\":\"lifefm\",\"@id\":\"https:\/\/radiolifefm.com.br\/noticias\/#\/schema\/person\/1d4e4b1301322090c6221bf1c8420490\"},\"headline\":\"Justi\u00e7a mant\u00e9m o prefeito de Mari\u00e1polis Val Dantas no cargo de prefeito e revoga decis\u00e3o da C\u00e2mara\",\"datePublished\":\"2019-09-12T11:13:19+00:00\",\"dateModified\":\"2026-04-19T00:05:20+00:00\",\"mainEntityOfPage\":{\"@id\":\"https:\/\/radiolifefm.com.br\/noticias\/justica-mantem-o-prefeito-de-mariapolis-val-dantas-no-cargo-de-prefeito-e-revoga-decisao-da-camara\/\"},\"wordCount\":298,\"publisher\":{\"@id\":\"https:\/\/radiolifefm.com.br\/noticias\/#organization\"},\"image\":{\"@id\":\"https:\/\/radiolifefm.com.br\/noticias\/justica-mantem-o-prefeito-de-mariapolis-val-dantas-no-cargo-de-prefeito-e-revoga-decisao-da-camara\/#primaryimage\"},\"thumbnailUrl\":\"https:\/\/radiolifefm.com.br\/noticias\/wp-content\/uploads\/2019\/09\/Val-Dantas-Mari\u00e1polis-1.jpg\",\"articleSection\":[\"Regi\u00e3o\"],\"inLanguage\":\"pt-BR\"},{\"@type\":\"WebPage\",\"@id\":\"https:\/\/radiolifefm.com.br\/noticias\/justica-mantem-o-prefeito-de-mariapolis-val-dantas-no-cargo-de-prefeito-e-revoga-decisao-da-camara\/\",\"url\":\"https:\/\/radiolifefm.com.br\/noticias\/justica-mantem-o-prefeito-de-mariapolis-val-dantas-no-cargo-de-prefeito-e-revoga-decisao-da-camara\/\",\"name\":\"Justi\u00e7a mant\u00e9m o prefeito de Mari\u00e1polis Val Dantas no cargo de prefeito e revoga decis\u00e3o da C\u00e2mara - R\u00e1dio Life FM\",\"isPartOf\":{\"@id\":\"https:\/\/radiolifefm.com.br\/noticias\/#website\"},\"primaryImageOfPage\":{\"@id\":\"https:\/\/radiolifefm.com.br\/noticias\/justica-mantem-o-prefeito-de-mariapolis-val-dantas-no-cargo-de-prefeito-e-revoga-decisao-da-camara\/#primaryimage\"},\"image\":{\"@id\":\"https:\/\/radiolifefm.com.br\/noticias\/justica-mantem-o-prefeito-de-mariapolis-val-dantas-no-cargo-de-prefeito-e-revoga-decisao-da-camara\/#primaryimage\"},\"thumbnailUrl\":\"https:\/\/radiolifefm.com.br\/noticias\/wp-content\/uploads\/2019\/09\/Val-Dantas-Mari\u00e1polis-1.jpg\",\"datePublished\":\"2019-09-12T11:13:19+00:00\",\"dateModified\":\"2026-04-19T00:05:20+00:00\",\"breadcrumb\":{\"@id\":\"https:\/\/radiolifefm.com.br\/noticias\/justica-mantem-o-prefeito-de-mariapolis-val-dantas-no-cargo-de-prefeito-e-revoga-decisao-da-camara\/#breadcrumb\"},\"inLanguage\":\"pt-BR\",\"potentialAction\":[{\"@type\":\"ReadAction\",\"target\":[\"https:\/\/radiolifefm.com.br\/noticias\/justica-mantem-o-prefeito-de-mariapolis-val-dantas-no-cargo-de-prefeito-e-revoga-decisao-da-camara\/\"]}]},{\"@type\":\"ImageObject\",\"inLanguage\":\"pt-BR\",\"@id\":\"https:\/\/radiolifefm.com.br\/noticias\/justica-mantem-o-prefeito-de-mariapolis-val-dantas-no-cargo-de-prefeito-e-revoga-decisao-da-camara\/#primaryimage\",\"url\":\"https:\/\/radiolifefm.com.br\/noticias\/wp-content\/uploads\/2019\/09\/Val-Dantas-Mari\u00e1polis-1.jpg\",\"contentUrl\":\"https:\/\/radiolifefm.com.br\/noticias\/wp-content\/uploads\/2019\/09\/Val-Dantas-Mari\u00e1polis-1.jpg\",\"width\":1024,\"height\":683,\"caption\":\"Assim Val Dantas permanece no cargo de prefeito de Mari\u00e1polis. (FOTO: Folha Regional)\"},{\"@type\":\"BreadcrumbList\",\"@id\":\"https:\/\/radiolifefm.com.br\/noticias\/justica-mantem-o-prefeito-de-mariapolis-val-dantas-no-cargo-de-prefeito-e-revoga-decisao-da-camara\/#breadcrumb\",\"itemListElement\":[{\"@type\":\"ListItem\",\"position\":1,\"name\":\"In\u00edcio\",\"item\":\"https:\/\/radiolifefm.com.br\/noticias\/\"},{\"@type\":\"ListItem\",\"position\":2,\"name\":\"Justi\u00e7a mant\u00e9m o prefeito de Mari\u00e1polis Val Dantas no cargo de prefeito e revoga decis\u00e3o da C\u00e2mara\"}]},{\"@type\":\"WebSite\",\"@id\":\"https:\/\/radiolifefm.com.br\/noticias\/#website\",\"url\":\"https:\/\/radiolifefm.com.br\/noticias\/\",\"name\":\"R\u00e1dio Life FM\",\"description\":\"O Portal de Not\u00edcias de Adamantina\",\"publisher\":{\"@id\":\"https:\/\/radiolifefm.com.br\/noticias\/#organization\"},\"alternateName\":\"Life FM\",\"potentialAction\":[{\"@type\":\"SearchAction\",\"target\":{\"@type\":\"EntryPoint\",\"urlTemplate\":\"https:\/\/radiolifefm.com.br\/noticias\/?s={search_term_string}\"},\"query-input\":{\"@type\":\"PropertyValueSpecification\",\"valueRequired\":true,\"valueName\":\"search_term_string\"}}],\"inLanguage\":\"pt-BR\"},{\"@type\":\"Organization\",\"@id\":\"https:\/\/radiolifefm.com.br\/noticias\/#organization\",\"name\":\"R\u00e1dio Life FM\",\"alternateName\":\"Life FM\",\"url\":\"https:\/\/radiolifefm.com.br\/noticias\/\",\"logo\":{\"@type\":\"ImageObject\",\"inLanguage\":\"pt-BR\",\"@id\":\"https:\/\/radiolifefm.com.br\/noticias\/#\/schema\/logo\/image\/\",\"url\":\"https:\/\/static.radiolifefm.com.br\/noticias\/wp-content\/uploads\/2019\/10\/logo-lifefm.png\",\"contentUrl\":\"https:\/\/static.radiolifefm.com.br\/noticias\/wp-content\/uploads\/2019\/10\/logo-lifefm.png\",\"width\":196,\"height\":47,\"caption\":\"R\u00e1dio Life FM\"},\"image\":{\"@id\":\"https:\/\/radiolifefm.com.br\/noticias\/#\/schema\/logo\/image\/\"},\"sameAs\":[\"https:\/\/www.facebook.com\/radiolifefm\/\",\"https:\/\/www.instagram.com\/life1079fm\/\"]},{\"@type\":\"Person\",\"@id\":\"https:\/\/radiolifefm.com.br\/noticias\/#\/schema\/person\/1d4e4b1301322090c6221bf1c8420490\",\"name\":\"lifefm\",\"image\":{\"@type\":\"ImageObject\",\"inLanguage\":\"pt-BR\",\"@id\":\"https:\/\/secure.gravatar.com\/avatar\/eca268467d925ec97d20641bb054fd944c0abb2f92854171620706bbe6474e7c?s=96&d=mm&r=g\",\"url\":\"https:\/\/secure.gravatar.com\/avatar\/eca268467d925ec97d20641bb054fd944c0abb2f92854171620706bbe6474e7c?s=96&d=mm&r=g\",\"contentUrl\":\"https:\/\/secure.gravatar.com\/avatar\/eca268467d925ec97d20641bb054fd944c0abb2f92854171620706bbe6474e7c?s=96&d=mm&r=g\",\"caption\":\"lifefm\"}}]}<\/script>\n<!-- \/ Yoast SEO plugin. -->","yoast_head_json":{"title":"Justi\u00e7a mant\u00e9m o prefeito de Mari\u00e1polis Val Dantas no cargo de prefeito e revoga decis\u00e3o da C\u00e2mara - R\u00e1dio Life FM","robots":{"index":"index","follow":"follow","max-snippet":"max-snippet:-1","max-image-preview":"max-image-preview:large","max-video-preview":"max-video-preview:-1"},"canonical":"https:\/\/radiolifefm.com.br\/noticias\/justica-mantem-o-prefeito-de-mariapolis-val-dantas-no-cargo-de-prefeito-e-revoga-decisao-da-camara\/","og_locale":"pt_BR","og_type":"article","og_title":"Justi\u00e7a mant\u00e9m o prefeito de Mari\u00e1polis Val Dantas no cargo de prefeito e revoga decis\u00e3o da C\u00e2mara - R\u00e1dio Life FM","og_description":"No \u00faltimo dia 4 de agosto, a C\u00e2mara Municipal de Mari\u00e1polis, atrav\u00e9s de uma CEI (Comiss\u00e3o Especial de Inqu\u00e9rito), composta pelos vereadores Paulino Vieira da Silva, Maciel Louren\u00e7o e Maria Aparecida Firmino Neres, apresentou um relat\u00f3rio final e ap\u00f3s aprovou por unanimidade a instala\u00e7\u00e3o de uma CP (Comiss\u00e3o Processante), contra o prefeito Val Dantas. Na [&hellip;]","og_url":"https:\/\/radiolifefm.com.br\/noticias\/justica-mantem-o-prefeito-de-mariapolis-val-dantas-no-cargo-de-prefeito-e-revoga-decisao-da-camara\/","og_site_name":"R\u00e1dio Life FM","article_publisher":"https:\/\/www.facebook.com\/radiolifefm\/","article_published_time":"2019-09-12T11:13:19+00:00","article_modified_time":"2026-04-19T00:05:20+00:00","og_image":[{"width":1024,"height":683,"url":"https:\/\/radiolifefm.com.br\/noticias\/wp-content\/uploads\/2019\/09\/Val-Dantas-Mari\u00e1polis-1.jpg","type":"image\/jpeg"}],"author":"lifefm","twitter_card":"summary_large_image","twitter_misc":{"Escrito por":"lifefm","Est. tempo de leitura":"1 minuto"},"schema":{"@context":"https:\/\/schema.org","@graph":[{"@type":"Article","@id":"https:\/\/radiolifefm.com.br\/noticias\/justica-mantem-o-prefeito-de-mariapolis-val-dantas-no-cargo-de-prefeito-e-revoga-decisao-da-camara\/#article","isPartOf":{"@id":"https:\/\/radiolifefm.com.br\/noticias\/justica-mantem-o-prefeito-de-mariapolis-val-dantas-no-cargo-de-prefeito-e-revoga-decisao-da-camara\/"},"author":{"name":"lifefm","@id":"https:\/\/radiolifefm.com.br\/noticias\/#\/schema\/person\/1d4e4b1301322090c6221bf1c8420490"},"headline":"Justi\u00e7a mant\u00e9m o prefeito de Mari\u00e1polis Val Dantas no cargo de prefeito e revoga decis\u00e3o da C\u00e2mara","datePublished":"2019-09-12T11:13:19+00:00","dateModified":"2026-04-19T00:05:20+00:00","mainEntityOfPage":{"@id":"https:\/\/radiolifefm.com.br\/noticias\/justica-mantem-o-prefeito-de-mariapolis-val-dantas-no-cargo-de-prefeito-e-revoga-decisao-da-camara\/"},"wordCount":298,"publisher":{"@id":"https:\/\/radiolifefm.com.br\/noticias\/#organization"},"image":{"@id":"https:\/\/radiolifefm.com.br\/noticias\/justica-mantem-o-prefeito-de-mariapolis-val-dantas-no-cargo-de-prefeito-e-revoga-decisao-da-camara\/#primaryimage"},"thumbnailUrl":"https:\/\/radiolifefm.com.br\/noticias\/wp-content\/uploads\/2019\/09\/Val-Dantas-Mari\u00e1polis-1.jpg","articleSection":["Regi\u00e3o"],"inLanguage":"pt-BR"},{"@type":"WebPage","@id":"https:\/\/radiolifefm.com.br\/noticias\/justica-mantem-o-prefeito-de-mariapolis-val-dantas-no-cargo-de-prefeito-e-revoga-decisao-da-camara\/","url":"https:\/\/radiolifefm.com.br\/noticias\/justica-mantem-o-prefeito-de-mariapolis-val-dantas-no-cargo-de-prefeito-e-revoga-decisao-da-camara\/","name":"Justi\u00e7a mant\u00e9m o prefeito de Mari\u00e1polis Val Dantas no cargo de prefeito e revoga decis\u00e3o da C\u00e2mara - R\u00e1dio Life FM","isPartOf":{"@id":"https:\/\/radiolifefm.com.br\/noticias\/#website"},"primaryImageOfPage":{"@id":"https:\/\/radiolifefm.com.br\/noticias\/justica-mantem-o-prefeito-de-mariapolis-val-dantas-no-cargo-de-prefeito-e-revoga-decisao-da-camara\/#primaryimage"},"image":{"@id":"https:\/\/radiolifefm.com.br\/noticias\/justica-mantem-o-prefeito-de-mariapolis-val-dantas-no-cargo-de-prefeito-e-revoga-decisao-da-camara\/#primaryimage"},"thumbnailUrl":"https:\/\/radiolifefm.com.br\/noticias\/wp-content\/uploads\/2019\/09\/Val-Dantas-Mari\u00e1polis-1.jpg","datePublished":"2019-09-12T11:13:19+00:00","dateModified":"2026-04-19T00:05:20+00:00","breadcrumb":{"@id":"https:\/\/radiolifefm.com.br\/noticias\/justica-mantem-o-prefeito-de-mariapolis-val-dantas-no-cargo-de-prefeito-e-revoga-decisao-da-camara\/#breadcrumb"},"inLanguage":"pt-BR","potentialAction":[{"@type":"ReadAction","target":["https:\/\/radiolifefm.com.br\/noticias\/justica-mantem-o-prefeito-de-mariapolis-val-dantas-no-cargo-de-prefeito-e-revoga-decisao-da-camara\/"]}]},{"@type":"ImageObject","inLanguage":"pt-BR","@id":"https:\/\/radiolifefm.com.br\/noticias\/justica-mantem-o-prefeito-de-mariapolis-val-dantas-no-cargo-de-prefeito-e-revoga-decisao-da-camara\/#primaryimage","url":"https:\/\/radiolifefm.com.br\/noticias\/wp-content\/uploads\/2019\/09\/Val-Dantas-Mari\u00e1polis-1.jpg","contentUrl":"https:\/\/radiolifefm.com.br\/noticias\/wp-content\/uploads\/2019\/09\/Val-Dantas-Mari\u00e1polis-1.jpg","width":1024,"height":683,"caption":"Assim Val Dantas permanece no cargo de prefeito de Mari\u00e1polis. (FOTO: Folha Regional)"},{"@type":"BreadcrumbList","@id":"https:\/\/radiolifefm.com.br\/noticias\/justica-mantem-o-prefeito-de-mariapolis-val-dantas-no-cargo-de-prefeito-e-revoga-decisao-da-camara\/#breadcrumb","itemListElement":[{"@type":"ListItem","position":1,"name":"In\u00edcio","item":"https:\/\/radiolifefm.com.br\/noticias\/"},{"@type":"ListItem","position":2,"name":"Justi\u00e7a mant\u00e9m o prefeito de Mari\u00e1polis Val Dantas no cargo de prefeito e revoga decis\u00e3o da C\u00e2mara"}]},{"@type":"WebSite","@id":"https:\/\/radiolifefm.com.br\/noticias\/#website","url":"https:\/\/radiolifefm.com.br\/noticias\/","name":"R\u00e1dio Life FM","description":"O Portal de Not\u00edcias de Adamantina","publisher":{"@id":"https:\/\/radiolifefm.com.br\/noticias\/#organization"},"alternateName":"Life FM","potentialAction":[{"@type":"SearchAction","target":{"@type":"EntryPoint","urlTemplate":"https:\/\/radiolifefm.com.br\/noticias\/?s={search_term_string}"},"query-input":{"@type":"PropertyValueSpecification","valueRequired":true,"valueName":"search_term_string"}}],"inLanguage":"pt-BR"},{"@type":"Organization","@id":"https:\/\/radiolifefm.com.br\/noticias\/#organization","name":"R\u00e1dio Life FM","alternateName":"Life FM","url":"https:\/\/radiolifefm.com.br\/noticias\/","logo":{"@type":"ImageObject","inLanguage":"pt-BR","@id":"https:\/\/radiolifefm.com.br\/noticias\/#\/schema\/logo\/image\/","url":"https:\/\/static.radiolifefm.com.br\/noticias\/wp-content\/uploads\/2019\/10\/logo-lifefm.png","contentUrl":"https:\/\/static.radiolifefm.com.br\/noticias\/wp-content\/uploads\/2019\/10\/logo-lifefm.png","width":196,"height":47,"caption":"R\u00e1dio Life FM"},"image":{"@id":"https:\/\/radiolifefm.com.br\/noticias\/#\/schema\/logo\/image\/"},"sameAs":["https:\/\/www.facebook.com\/radiolifefm\/","https:\/\/www.instagram.com\/life1079fm\/"]},{"@type":"Person","@id":"https:\/\/radiolifefm.com.br\/noticias\/#\/schema\/person\/1d4e4b1301322090c6221bf1c8420490","name":"lifefm","image":{"@type":"ImageObject","inLanguage":"pt-BR","@id":"https:\/\/secure.gravatar.com\/avatar\/eca268467d925ec97d20641bb054fd944c0abb2f92854171620706bbe6474e7c?s=96&d=mm&r=g","url":"https:\/\/secure.gravatar.com\/avatar\/eca268467d925ec97d20641bb054fd944c0abb2f92854171620706bbe6474e7c?s=96&d=mm&r=g","contentUrl":"https:\/\/secure.gravatar.com\/avatar\/eca268467d925ec97d20641bb054fd944c0abb2f92854171620706bbe6474e7c?s=96&d=mm&r=g","caption":"lifefm"}}]}},"amp_enabled":true,"_links":{"self":[{"href":"https:\/\/radiolifefm.com.br\/noticias\/wp-json\/wp\/v2\/posts\/16200","targetHints":{"allow":["GET"]}}],"collection":[{"href":"https:\/\/radiolifefm.com.br\/noticias\/wp-json\/wp\/v2\/posts"}],"about":[{"href":"https:\/\/radiolifefm.com.br\/noticias\/wp-json\/wp\/v2\/types\/post"}],"author":[{"embeddable":true,"href":"https:\/\/radiolifefm.com.br\/noticias\/wp-json\/wp\/v2\/users\/3"}],"replies":[{"embeddable":true,"href":"https:\/\/radiolifefm.com.br\/noticias\/wp-json\/wp\/v2\/comments?post=16200"}],"version-history":[{"count":3,"href":"https:\/\/radiolifefm.com.br\/noticias\/wp-json\/wp\/v2\/posts\/16200\/revisions"}],"predecessor-version":[{"id":16229,"href":"https:\/\/radiolifefm.com.br\/noticias\/wp-json\/wp\/v2\/posts\/16200\/revisions\/16229"}],"wp:featuredmedia":[{"embeddable":true,"href":"https:\/\/radiolifefm.com.br\/noticias\/wp-json\/wp\/v2\/media\/16201"}],"wp:attachment":[{"href":"https:\/\/radiolifefm.com.br\/noticias\/wp-json\/wp\/v2\/media?parent=16200"}],"wp:term":[{"taxonomy":"category","embeddable":true,"href":"https:\/\/radiolifefm.com.br\/noticias\/wp-json\/wp\/v2\/categories?post=16200"},{"taxonomy":"post_tag","embeddable":true,"href":"https:\/\/radiolifefm.com.br\/noticias\/wp-json\/wp\/v2\/tags?post=16200"}],"curies":[{"name":"wp","href":"https:\/\/api.w.org\/{rel}","templated":true}]}}