{"id":16178,"date":"2019-09-11T20:52:53","date_gmt":"2019-09-11T23:52:53","guid":{"rendered":"https:\/\/radiolifefm.com.br\/noticias\/?p=16178"},"modified":"2026-04-15T07:41:46","modified_gmt":"2026-04-15T10:41:46","slug":"desencontros-neste-novo-tempo-novo-com-o-hotel-vila-verde-sergio-barbosa-coluna-opiniao","status":"publish","type":"post","link":"https:\/\/radiolifefm.com.br\/noticias\/desencontros-neste-novo-tempo-novo-com-o-hotel-vila-verde-sergio-barbosa-coluna-opiniao\/","title":{"rendered":"DESENCONTROS NESTE NOVO TEMPO NOVO COM O \u201cHOTEL VILA VERDE\u201d&#8230; &#8211; S\u00e9rgio Barbosa &#8211; Coluna Opini\u00e3o"},"content":{"rendered":"<div id=\"fb-root\"><\/div>\n<p><em><strong>\u201cO nosso cora\u00e7\u00e3o \u00e9 como um hotel. Entram e saem pessoas a toda a hora, mas \u00e0quelas pessoas que vivem l\u00e1, e aquelas que partiram, mas mesmo assim tem aquele espacinho especial para elas.\u201d (sofinezza)<\/strong><\/em><\/p>\n<p><em><strong>S\u00e9rgio Barbosa (*)<\/strong><\/em><\/p>\n<p><em><strong>Ao Erivaldo, dedico!<\/strong> <\/em><\/p>\n<p>Faz algumas semanas que tal desencontro ocorreu, ou seja, depois de alguns contatos com o meu amigo ERIVALDO, resolvemos de comum acordo agendar um encontro no HOTEL VILA VERDE para um caf\u00e9 sem mais e sem menos&#8230;<\/p>\n<p>Por\u00e9m, fui surpreendido com outro convite, ou seja, estava sendo CONVIDADO PARA CAF\u00c9 DA MANH\u00c3 no Hotel e tudo mais, assim, pensei comigo aqui e ali, nossa, depois de anos e anos vou voltar ao local de muitos outros caf\u00e9s da manh\u00e3 no outro tempo deste mesmo tempo&#8230;<\/p>\n<p>No hor\u00e1rio combinado, ou seja, 9h30, o ERIVALDO j\u00e1 estava na porta do VILA VERDE na espera do convidado para aquele CAF\u00c9 DA MANH\u00c3 mais do que especial no Hotel&#8230;<\/p>\n<p>Confesso, foi como voltar aos anos 1.999\/2.000, quando fiquei hospedado no HOTEL VILA VERDE por conta da FAI, tendo em vista que no ano de 1.999 estava com aulas no Curso de Publicidade &amp; Propaganda, ainda, residia em SBCampo e todas as semanas viajava de SAMPA pra PROV\u00cdNCIA&#8230;<\/p>\n<p>Neste ano de 99 pode se registrar que no nos primeiros meses ficava hospedado no m\u00e1ximo dois dias, por\u00e9m, depois de algum tempo e com o envolvimento em outras atividades nas PAREDES ALVAS esse per\u00edodo de hospedagem ficou quase uma semana&#8230;<\/p>\n<p>Isso sem escrever aqui e ali que por causa de atividades aos s\u00e1bados em um Curso de LATO-SENSU naquela \u00e9poca, era necess\u00e1rio permanecer na PROV\u00cdNCIA nos finais de semana, assim, retornava pra SBCampo via SAMPA no domingo \u00e0 noite pelo PRATA&#8230;<\/p>\n<p>Portanto, foram meses e mais meses nessas idas e vindas com o HOTEL VILA VERDE, tamb\u00e9m, muitos desencontros no \u201csagu\u00e3o de entrada\u201d e nos CAF\u00c9S DA MANH\u00c3 por meio das muitas conversas e outros com os outros docentes que ficavam hospedados no HOTEL e de vez em quando com um ou outro h\u00f3spede que estava por ali&#8230;<\/p>\n<p>Tamb\u00e9m, lembro-me do carinho mais do que especial dos\/as funcion\u00e1rios\/as do HOTEL daquele outro tempo, pois, depois de algum tempo hospedado havia uma aproxima\u00e7\u00e3o interessante entre ambos os lados e tudo acabava ficando \u201cem casa\u201d&#8230;<\/p>\n<p>E tem mais, mesmo depois de resolver \u201cmudar de mala e cuia\u201d pra PROV\u00cdNCIA em fun\u00e7\u00e3o dos compromissos assumidos na FAI, a institui\u00e7\u00e3o n\u00e3o bancava mais as despesas com hospedagem, assim, eu e outro professor, alugamos uma resid\u00eancia nas proximidades da Escola NAVARRO DE ANDRADE&#8230;<\/p>\n<p>Mesmo assim, sempre que poss\u00edvel estava no HOTEL para alguns desencontros com os outros docentes que estavam hospedados para muitas conversas sobre tudo e todos, ainda, sem mais e sem menos&#8230;<\/p>\n<p>Desta forma, agrade\u00e7o o CONVITE para o CAF\u00c9 DA MANH\u00c3 do meu amigo ERIVALDO, bem como, do apoio da Dire\u00e7\u00e3o do HOTEL VILA VERDE com tal CORTESIA&#8230;<\/p>\n<p>Acredito que ficamos quase 2 horas no local e foi uma volta aos bons e velhos tempos como H\u00d3SPEDE DO HOTEL, ainda, deu pra perceber que muitas coisas aqui e ali continuavam do mesmo jeito do outro tempo do tempo&#8230;<\/p>\n<p>QUEM ESTEVE HOSPEDADO NO HOTEL \u201cVILA VERDE\u201d VAI SABER DISTO E DAQUILO&#8230;<\/p>\n<p>&nbsp;<\/p>\n<div class='flex flex-wrap items-center -mx-1'>\r\n<a class='thumbnail gallery p-1 w-1\/2 md:w-1\/4' href='https:\/\/radiolifefm.com.br\/noticias\/wp-content\/uploads\/2019\/09\/Vila-Verde.jpg'><img class='border border-white' src='https:\/\/radiolifefm.com.br\/noticias\/wp-content\/uploads\/2019\/09\/Vila-Verde-200x200.jpg' alt='Vila Verde' \/><\/a><a class='thumbnail gallery p-1 w-1\/2 md:w-1\/4' href='https:\/\/radiolifefm.com.br\/noticias\/wp-content\/uploads\/2019\/09\/Vila-Verde-1.jpg'><img class='border border-white' src='https:\/\/radiolifefm.com.br\/noticias\/wp-content\/uploads\/2019\/09\/Vila-Verde-1-200x200.jpg' alt='Vila Verde   1' \/><\/a><a class='thumbnail gallery p-1 w-1\/2 md:w-1\/4' href='https:\/\/radiolifefm.com.br\/noticias\/wp-content\/uploads\/2019\/09\/Vila-Verde-2.jpg'><img class='border border-white' src='https:\/\/radiolifefm.com.br\/noticias\/wp-content\/uploads\/2019\/09\/Vila-Verde-2-200x200.jpg' alt='Vila Verde   2' \/><\/a><a class='thumbnail gallery p-1 w-1\/2 md:w-1\/4' href='https:\/\/radiolifefm.com.br\/noticias\/wp-content\/uploads\/2019\/09\/Vila-Verde-4.jpg'><img class='border border-white' src='https:\/\/radiolifefm.com.br\/noticias\/wp-content\/uploads\/2019\/09\/Vila-Verde-4-200x200.jpg' alt='Vila Verde   4' \/><\/a><\/div>\n<p>_______________________________<br \/>\n(*) Jornalista Diplomado.<\/p>\n","protected":false},"excerpt":{"rendered":"<p>\u201cO nosso cora\u00e7\u00e3o \u00e9 como um hotel. Entram e saem pessoas a toda a hora, mas \u00e0quelas pessoas que vivem l\u00e1, e aquelas que partiram, mas mesmo assim tem aquele espacinho especial para elas.\u201d (sofinezza) S\u00e9rgio Barbosa (*) Ao Erivaldo, dedico! Faz algumas semanas que tal desencontro ocorreu, ou seja, depois de alguns contatos com [&hellip;]<\/p>\n","protected":false},"author":3,"featured_media":16182,"comment_status":"open","ping_status":"open","sticky":false,"template":"","format":"standard","meta":{"_acf_changed":false,"_exactmetrics_skip_tracking":false,"_exactmetrics_sitenote_active":false,"_exactmetrics_sitenote_note":"","_exactmetrics_sitenote_category":0,"footnotes":""},"categories":[59],"tags":[],"class_list":["post-16178","post","type-post","status-publish","format-standard","has-post-thumbnail","hentry","category-opiniao"],"acf":[],"yoast_head":"<!-- This site is optimized with the Yoast SEO plugin v27.2 - https:\/\/yoast.com\/product\/yoast-seo-wordpress\/ -->\n<title>DESENCONTROS NESTE NOVO TEMPO NOVO COM O \u201cHOTEL VILA VERDE\u201d... - S\u00e9rgio Barbosa - Coluna Opini\u00e3o - R\u00e1dio Life FM<\/title>\n<meta name=\"robots\" content=\"index, follow, max-snippet:-1, max-image-preview:large, max-video-preview:-1\" \/>\n<link rel=\"canonical\" href=\"https:\/\/radiolifefm.com.br\/noticias\/desencontros-neste-novo-tempo-novo-com-o-hotel-vila-verde-sergio-barbosa-coluna-opiniao\/\" \/>\n<meta property=\"og:locale\" content=\"pt_BR\" \/>\n<meta property=\"og:type\" content=\"article\" \/>\n<meta property=\"og:title\" content=\"DESENCONTROS NESTE NOVO TEMPO NOVO COM O \u201cHOTEL VILA VERDE\u201d... - S\u00e9rgio Barbosa - Coluna Opini\u00e3o - R\u00e1dio Life FM\" \/>\n<meta property=\"og:description\" content=\"\u201cO nosso cora\u00e7\u00e3o \u00e9 como um hotel. Entram e saem pessoas a toda a hora, mas \u00e0quelas pessoas que vivem l\u00e1, e aquelas que partiram, mas mesmo assim tem aquele espacinho especial para elas.\u201d (sofinezza) S\u00e9rgio Barbosa (*) Ao Erivaldo, dedico! Faz algumas semanas que tal desencontro ocorreu, ou seja, depois de alguns contatos com [&hellip;]\" \/>\n<meta property=\"og:url\" content=\"https:\/\/radiolifefm.com.br\/noticias\/desencontros-neste-novo-tempo-novo-com-o-hotel-vila-verde-sergio-barbosa-coluna-opiniao\/\" \/>\n<meta property=\"og:site_name\" content=\"R\u00e1dio Life FM\" \/>\n<meta property=\"article:publisher\" content=\"https:\/\/www.facebook.com\/radiolifefm\/\" \/>\n<meta property=\"article:published_time\" content=\"2019-09-11T23:52:53+00:00\" \/>\n<meta property=\"article:modified_time\" content=\"2026-04-15T10:41:46+00:00\" \/>\n<meta property=\"og:image\" content=\"https:\/\/radiolifefm.com.br\/noticias\/wp-content\/uploads\/2019\/09\/Vila-Verde-3.jpg\" \/>\n\t<meta property=\"og:image:width\" content=\"1032\" \/>\n\t<meta property=\"og:image:height\" content=\"581\" \/>\n\t<meta property=\"og:image:type\" content=\"image\/jpeg\" \/>\n<meta name=\"author\" content=\"lifefm\" \/>\n<meta name=\"twitter:card\" content=\"summary_large_image\" \/>\n<meta name=\"twitter:label1\" content=\"Escrito por\" \/>\n\t<meta name=\"twitter:data1\" content=\"lifefm\" \/>\n\t<meta name=\"twitter:label2\" content=\"Est. tempo de leitura\" \/>\n\t<meta name=\"twitter:data2\" content=\"3 minutos\" \/>\n<script type=\"application\/ld+json\" class=\"yoast-schema-graph\">{\"@context\":\"https:\/\/schema.org\",\"@graph\":[{\"@type\":\"Article\",\"@id\":\"https:\/\/radiolifefm.com.br\/noticias\/desencontros-neste-novo-tempo-novo-com-o-hotel-vila-verde-sergio-barbosa-coluna-opiniao\/#article\",\"isPartOf\":{\"@id\":\"https:\/\/radiolifefm.com.br\/noticias\/desencontros-neste-novo-tempo-novo-com-o-hotel-vila-verde-sergio-barbosa-coluna-opiniao\/\"},\"author\":{\"name\":\"lifefm\",\"@id\":\"https:\/\/radiolifefm.com.br\/noticias\/#\/schema\/person\/1d4e4b1301322090c6221bf1c8420490\"},\"headline\":\"DESENCONTROS NESTE NOVO TEMPO NOVO COM O \u201cHOTEL VILA VERDE\u201d&#8230; &#8211; S\u00e9rgio Barbosa &#8211; Coluna Opini\u00e3o\",\"datePublished\":\"2019-09-11T23:52:53+00:00\",\"dateModified\":\"2026-04-15T10:41:46+00:00\",\"mainEntityOfPage\":{\"@id\":\"https:\/\/radiolifefm.com.br\/noticias\/desencontros-neste-novo-tempo-novo-com-o-hotel-vila-verde-sergio-barbosa-coluna-opiniao\/\"},\"wordCount\":579,\"commentCount\":0,\"publisher\":{\"@id\":\"https:\/\/radiolifefm.com.br\/noticias\/#organization\"},\"image\":{\"@id\":\"https:\/\/radiolifefm.com.br\/noticias\/desencontros-neste-novo-tempo-novo-com-o-hotel-vila-verde-sergio-barbosa-coluna-opiniao\/#primaryimage\"},\"thumbnailUrl\":\"https:\/\/radiolifefm.com.br\/noticias\/wp-content\/uploads\/2019\/09\/Vila-Verde-3.jpg\",\"articleSection\":[\"Opini\u00e3o\"],\"inLanguage\":\"pt-BR\",\"potentialAction\":[{\"@type\":\"CommentAction\",\"name\":\"Comment\",\"target\":[\"https:\/\/radiolifefm.com.br\/noticias\/desencontros-neste-novo-tempo-novo-com-o-hotel-vila-verde-sergio-barbosa-coluna-opiniao\/#respond\"]}]},{\"@type\":\"WebPage\",\"@id\":\"https:\/\/radiolifefm.com.br\/noticias\/desencontros-neste-novo-tempo-novo-com-o-hotel-vila-verde-sergio-barbosa-coluna-opiniao\/\",\"url\":\"https:\/\/radiolifefm.com.br\/noticias\/desencontros-neste-novo-tempo-novo-com-o-hotel-vila-verde-sergio-barbosa-coluna-opiniao\/\",\"name\":\"DESENCONTROS NESTE NOVO TEMPO NOVO COM O \u201cHOTEL VILA VERDE\u201d... - S\u00e9rgio Barbosa - Coluna Opini\u00e3o - R\u00e1dio Life FM\",\"isPartOf\":{\"@id\":\"https:\/\/radiolifefm.com.br\/noticias\/#website\"},\"primaryImageOfPage\":{\"@id\":\"https:\/\/radiolifefm.com.br\/noticias\/desencontros-neste-novo-tempo-novo-com-o-hotel-vila-verde-sergio-barbosa-coluna-opiniao\/#primaryimage\"},\"image\":{\"@id\":\"https:\/\/radiolifefm.com.br\/noticias\/desencontros-neste-novo-tempo-novo-com-o-hotel-vila-verde-sergio-barbosa-coluna-opiniao\/#primaryimage\"},\"thumbnailUrl\":\"https:\/\/radiolifefm.com.br\/noticias\/wp-content\/uploads\/2019\/09\/Vila-Verde-3.jpg\",\"datePublished\":\"2019-09-11T23:52:53+00:00\",\"dateModified\":\"2026-04-15T10:41:46+00:00\",\"breadcrumb\":{\"@id\":\"https:\/\/radiolifefm.com.br\/noticias\/desencontros-neste-novo-tempo-novo-com-o-hotel-vila-verde-sergio-barbosa-coluna-opiniao\/#breadcrumb\"},\"inLanguage\":\"pt-BR\",\"potentialAction\":[{\"@type\":\"ReadAction\",\"target\":[\"https:\/\/radiolifefm.com.br\/noticias\/desencontros-neste-novo-tempo-novo-com-o-hotel-vila-verde-sergio-barbosa-coluna-opiniao\/\"]}]},{\"@type\":\"ImageObject\",\"inLanguage\":\"pt-BR\",\"@id\":\"https:\/\/radiolifefm.com.br\/noticias\/desencontros-neste-novo-tempo-novo-com-o-hotel-vila-verde-sergio-barbosa-coluna-opiniao\/#primaryimage\",\"url\":\"https:\/\/radiolifefm.com.br\/noticias\/wp-content\/uploads\/2019\/09\/Vila-Verde-3.jpg\",\"contentUrl\":\"https:\/\/radiolifefm.com.br\/noticias\/wp-content\/uploads\/2019\/09\/Vila-Verde-3.jpg\",\"width\":1032,\"height\":581},{\"@type\":\"BreadcrumbList\",\"@id\":\"https:\/\/radiolifefm.com.br\/noticias\/desencontros-neste-novo-tempo-novo-com-o-hotel-vila-verde-sergio-barbosa-coluna-opiniao\/#breadcrumb\",\"itemListElement\":[{\"@type\":\"ListItem\",\"position\":1,\"name\":\"In\u00edcio\",\"item\":\"https:\/\/radiolifefm.com.br\/noticias\/\"},{\"@type\":\"ListItem\",\"position\":2,\"name\":\"DESENCONTROS NESTE NOVO TEMPO NOVO COM O \u201cHOTEL VILA VERDE\u201d&#8230; &#8211; S\u00e9rgio Barbosa &#8211; Coluna Opini\u00e3o\"}]},{\"@type\":\"WebSite\",\"@id\":\"https:\/\/radiolifefm.com.br\/noticias\/#website\",\"url\":\"https:\/\/radiolifefm.com.br\/noticias\/\",\"name\":\"R\u00e1dio Life FM\",\"description\":\"O Portal de Not\u00edcias de Adamantina\",\"publisher\":{\"@id\":\"https:\/\/radiolifefm.com.br\/noticias\/#organization\"},\"alternateName\":\"Life FM\",\"potentialAction\":[{\"@type\":\"SearchAction\",\"target\":{\"@type\":\"EntryPoint\",\"urlTemplate\":\"https:\/\/radiolifefm.com.br\/noticias\/?s={search_term_string}\"},\"query-input\":{\"@type\":\"PropertyValueSpecification\",\"valueRequired\":true,\"valueName\":\"search_term_string\"}}],\"inLanguage\":\"pt-BR\"},{\"@type\":\"Organization\",\"@id\":\"https:\/\/radiolifefm.com.br\/noticias\/#organization\",\"name\":\"R\u00e1dio Life FM\",\"alternateName\":\"Life FM\",\"url\":\"https:\/\/radiolifefm.com.br\/noticias\/\",\"logo\":{\"@type\":\"ImageObject\",\"inLanguage\":\"pt-BR\",\"@id\":\"https:\/\/radiolifefm.com.br\/noticias\/#\/schema\/logo\/image\/\",\"url\":\"https:\/\/static.radiolifefm.com.br\/noticias\/wp-content\/uploads\/2019\/10\/logo-lifefm.png\",\"contentUrl\":\"https:\/\/static.radiolifefm.com.br\/noticias\/wp-content\/uploads\/2019\/10\/logo-lifefm.png\",\"width\":196,\"height\":47,\"caption\":\"R\u00e1dio Life FM\"},\"image\":{\"@id\":\"https:\/\/radiolifefm.com.br\/noticias\/#\/schema\/logo\/image\/\"},\"sameAs\":[\"https:\/\/www.facebook.com\/radiolifefm\/\",\"https:\/\/www.instagram.com\/life1079fm\/\"]},{\"@type\":\"Person\",\"@id\":\"https:\/\/radiolifefm.com.br\/noticias\/#\/schema\/person\/1d4e4b1301322090c6221bf1c8420490\",\"name\":\"lifefm\",\"image\":{\"@type\":\"ImageObject\",\"inLanguage\":\"pt-BR\",\"@id\":\"https:\/\/secure.gravatar.com\/avatar\/eca268467d925ec97d20641bb054fd944c0abb2f92854171620706bbe6474e7c?s=96&d=mm&r=g\",\"url\":\"https:\/\/secure.gravatar.com\/avatar\/eca268467d925ec97d20641bb054fd944c0abb2f92854171620706bbe6474e7c?s=96&d=mm&r=g\",\"contentUrl\":\"https:\/\/secure.gravatar.com\/avatar\/eca268467d925ec97d20641bb054fd944c0abb2f92854171620706bbe6474e7c?s=96&d=mm&r=g\",\"caption\":\"lifefm\"}}]}<\/script>\n<!-- \/ Yoast SEO plugin. -->","yoast_head_json":{"title":"DESENCONTROS NESTE NOVO TEMPO NOVO COM O \u201cHOTEL VILA VERDE\u201d... - S\u00e9rgio Barbosa - Coluna Opini\u00e3o - R\u00e1dio Life FM","robots":{"index":"index","follow":"follow","max-snippet":"max-snippet:-1","max-image-preview":"max-image-preview:large","max-video-preview":"max-video-preview:-1"},"canonical":"https:\/\/radiolifefm.com.br\/noticias\/desencontros-neste-novo-tempo-novo-com-o-hotel-vila-verde-sergio-barbosa-coluna-opiniao\/","og_locale":"pt_BR","og_type":"article","og_title":"DESENCONTROS NESTE NOVO TEMPO NOVO COM O \u201cHOTEL VILA VERDE\u201d... - S\u00e9rgio Barbosa - Coluna Opini\u00e3o - R\u00e1dio Life FM","og_description":"\u201cO nosso cora\u00e7\u00e3o \u00e9 como um hotel. Entram e saem pessoas a toda a hora, mas \u00e0quelas pessoas que vivem l\u00e1, e aquelas que partiram, mas mesmo assim tem aquele espacinho especial para elas.\u201d (sofinezza) S\u00e9rgio Barbosa (*) Ao Erivaldo, dedico! Faz algumas semanas que tal desencontro ocorreu, ou seja, depois de alguns contatos com [&hellip;]","og_url":"https:\/\/radiolifefm.com.br\/noticias\/desencontros-neste-novo-tempo-novo-com-o-hotel-vila-verde-sergio-barbosa-coluna-opiniao\/","og_site_name":"R\u00e1dio Life FM","article_publisher":"https:\/\/www.facebook.com\/radiolifefm\/","article_published_time":"2019-09-11T23:52:53+00:00","article_modified_time":"2026-04-15T10:41:46+00:00","og_image":[{"width":1032,"height":581,"url":"https:\/\/radiolifefm.com.br\/noticias\/wp-content\/uploads\/2019\/09\/Vila-Verde-3.jpg","type":"image\/jpeg"}],"author":"lifefm","twitter_card":"summary_large_image","twitter_misc":{"Escrito por":"lifefm","Est. tempo de leitura":"3 minutos"},"schema":{"@context":"https:\/\/schema.org","@graph":[{"@type":"Article","@id":"https:\/\/radiolifefm.com.br\/noticias\/desencontros-neste-novo-tempo-novo-com-o-hotel-vila-verde-sergio-barbosa-coluna-opiniao\/#article","isPartOf":{"@id":"https:\/\/radiolifefm.com.br\/noticias\/desencontros-neste-novo-tempo-novo-com-o-hotel-vila-verde-sergio-barbosa-coluna-opiniao\/"},"author":{"name":"lifefm","@id":"https:\/\/radiolifefm.com.br\/noticias\/#\/schema\/person\/1d4e4b1301322090c6221bf1c8420490"},"headline":"DESENCONTROS NESTE NOVO TEMPO NOVO COM O \u201cHOTEL VILA VERDE\u201d&#8230; &#8211; S\u00e9rgio Barbosa &#8211; Coluna Opini\u00e3o","datePublished":"2019-09-11T23:52:53+00:00","dateModified":"2026-04-15T10:41:46+00:00","mainEntityOfPage":{"@id":"https:\/\/radiolifefm.com.br\/noticias\/desencontros-neste-novo-tempo-novo-com-o-hotel-vila-verde-sergio-barbosa-coluna-opiniao\/"},"wordCount":579,"commentCount":0,"publisher":{"@id":"https:\/\/radiolifefm.com.br\/noticias\/#organization"},"image":{"@id":"https:\/\/radiolifefm.com.br\/noticias\/desencontros-neste-novo-tempo-novo-com-o-hotel-vila-verde-sergio-barbosa-coluna-opiniao\/#primaryimage"},"thumbnailUrl":"https:\/\/radiolifefm.com.br\/noticias\/wp-content\/uploads\/2019\/09\/Vila-Verde-3.jpg","articleSection":["Opini\u00e3o"],"inLanguage":"pt-BR","potentialAction":[{"@type":"CommentAction","name":"Comment","target":["https:\/\/radiolifefm.com.br\/noticias\/desencontros-neste-novo-tempo-novo-com-o-hotel-vila-verde-sergio-barbosa-coluna-opiniao\/#respond"]}]},{"@type":"WebPage","@id":"https:\/\/radiolifefm.com.br\/noticias\/desencontros-neste-novo-tempo-novo-com-o-hotel-vila-verde-sergio-barbosa-coluna-opiniao\/","url":"https:\/\/radiolifefm.com.br\/noticias\/desencontros-neste-novo-tempo-novo-com-o-hotel-vila-verde-sergio-barbosa-coluna-opiniao\/","name":"DESENCONTROS NESTE NOVO TEMPO NOVO COM O \u201cHOTEL VILA VERDE\u201d... - S\u00e9rgio Barbosa - Coluna Opini\u00e3o - R\u00e1dio Life FM","isPartOf":{"@id":"https:\/\/radiolifefm.com.br\/noticias\/#website"},"primaryImageOfPage":{"@id":"https:\/\/radiolifefm.com.br\/noticias\/desencontros-neste-novo-tempo-novo-com-o-hotel-vila-verde-sergio-barbosa-coluna-opiniao\/#primaryimage"},"image":{"@id":"https:\/\/radiolifefm.com.br\/noticias\/desencontros-neste-novo-tempo-novo-com-o-hotel-vila-verde-sergio-barbosa-coluna-opiniao\/#primaryimage"},"thumbnailUrl":"https:\/\/radiolifefm.com.br\/noticias\/wp-content\/uploads\/2019\/09\/Vila-Verde-3.jpg","datePublished":"2019-09-11T23:52:53+00:00","dateModified":"2026-04-15T10:41:46+00:00","breadcrumb":{"@id":"https:\/\/radiolifefm.com.br\/noticias\/desencontros-neste-novo-tempo-novo-com-o-hotel-vila-verde-sergio-barbosa-coluna-opiniao\/#breadcrumb"},"inLanguage":"pt-BR","potentialAction":[{"@type":"ReadAction","target":["https:\/\/radiolifefm.com.br\/noticias\/desencontros-neste-novo-tempo-novo-com-o-hotel-vila-verde-sergio-barbosa-coluna-opiniao\/"]}]},{"@type":"ImageObject","inLanguage":"pt-BR","@id":"https:\/\/radiolifefm.com.br\/noticias\/desencontros-neste-novo-tempo-novo-com-o-hotel-vila-verde-sergio-barbosa-coluna-opiniao\/#primaryimage","url":"https:\/\/radiolifefm.com.br\/noticias\/wp-content\/uploads\/2019\/09\/Vila-Verde-3.jpg","contentUrl":"https:\/\/radiolifefm.com.br\/noticias\/wp-content\/uploads\/2019\/09\/Vila-Verde-3.jpg","width":1032,"height":581},{"@type":"BreadcrumbList","@id":"https:\/\/radiolifefm.com.br\/noticias\/desencontros-neste-novo-tempo-novo-com-o-hotel-vila-verde-sergio-barbosa-coluna-opiniao\/#breadcrumb","itemListElement":[{"@type":"ListItem","position":1,"name":"In\u00edcio","item":"https:\/\/radiolifefm.com.br\/noticias\/"},{"@type":"ListItem","position":2,"name":"DESENCONTROS NESTE NOVO TEMPO NOVO COM O \u201cHOTEL VILA VERDE\u201d&#8230; &#8211; S\u00e9rgio Barbosa &#8211; Coluna Opini\u00e3o"}]},{"@type":"WebSite","@id":"https:\/\/radiolifefm.com.br\/noticias\/#website","url":"https:\/\/radiolifefm.com.br\/noticias\/","name":"R\u00e1dio Life FM","description":"O Portal de Not\u00edcias de Adamantina","publisher":{"@id":"https:\/\/radiolifefm.com.br\/noticias\/#organization"},"alternateName":"Life FM","potentialAction":[{"@type":"SearchAction","target":{"@type":"EntryPoint","urlTemplate":"https:\/\/radiolifefm.com.br\/noticias\/?s={search_term_string}"},"query-input":{"@type":"PropertyValueSpecification","valueRequired":true,"valueName":"search_term_string"}}],"inLanguage":"pt-BR"},{"@type":"Organization","@id":"https:\/\/radiolifefm.com.br\/noticias\/#organization","name":"R\u00e1dio Life FM","alternateName":"Life FM","url":"https:\/\/radiolifefm.com.br\/noticias\/","logo":{"@type":"ImageObject","inLanguage":"pt-BR","@id":"https:\/\/radiolifefm.com.br\/noticias\/#\/schema\/logo\/image\/","url":"https:\/\/static.radiolifefm.com.br\/noticias\/wp-content\/uploads\/2019\/10\/logo-lifefm.png","contentUrl":"https:\/\/static.radiolifefm.com.br\/noticias\/wp-content\/uploads\/2019\/10\/logo-lifefm.png","width":196,"height":47,"caption":"R\u00e1dio Life FM"},"image":{"@id":"https:\/\/radiolifefm.com.br\/noticias\/#\/schema\/logo\/image\/"},"sameAs":["https:\/\/www.facebook.com\/radiolifefm\/","https:\/\/www.instagram.com\/life1079fm\/"]},{"@type":"Person","@id":"https:\/\/radiolifefm.com.br\/noticias\/#\/schema\/person\/1d4e4b1301322090c6221bf1c8420490","name":"lifefm","image":{"@type":"ImageObject","inLanguage":"pt-BR","@id":"https:\/\/secure.gravatar.com\/avatar\/eca268467d925ec97d20641bb054fd944c0abb2f92854171620706bbe6474e7c?s=96&d=mm&r=g","url":"https:\/\/secure.gravatar.com\/avatar\/eca268467d925ec97d20641bb054fd944c0abb2f92854171620706bbe6474e7c?s=96&d=mm&r=g","contentUrl":"https:\/\/secure.gravatar.com\/avatar\/eca268467d925ec97d20641bb054fd944c0abb2f92854171620706bbe6474e7c?s=96&d=mm&r=g","caption":"lifefm"}}]}},"amp_enabled":true,"_links":{"self":[{"href":"https:\/\/radiolifefm.com.br\/noticias\/wp-json\/wp\/v2\/posts\/16178","targetHints":{"allow":["GET"]}}],"collection":[{"href":"https:\/\/radiolifefm.com.br\/noticias\/wp-json\/wp\/v2\/posts"}],"about":[{"href":"https:\/\/radiolifefm.com.br\/noticias\/wp-json\/wp\/v2\/types\/post"}],"author":[{"embeddable":true,"href":"https:\/\/radiolifefm.com.br\/noticias\/wp-json\/wp\/v2\/users\/3"}],"replies":[{"embeddable":true,"href":"https:\/\/radiolifefm.com.br\/noticias\/wp-json\/wp\/v2\/comments?post=16178"}],"version-history":[{"count":2,"href":"https:\/\/radiolifefm.com.br\/noticias\/wp-json\/wp\/v2\/posts\/16178\/revisions"}],"predecessor-version":[{"id":16218,"href":"https:\/\/radiolifefm.com.br\/noticias\/wp-json\/wp\/v2\/posts\/16178\/revisions\/16218"}],"wp:featuredmedia":[{"embeddable":true,"href":"https:\/\/radiolifefm.com.br\/noticias\/wp-json\/wp\/v2\/media\/16182"}],"wp:attachment":[{"href":"https:\/\/radiolifefm.com.br\/noticias\/wp-json\/wp\/v2\/media?parent=16178"}],"wp:term":[{"taxonomy":"category","embeddable":true,"href":"https:\/\/radiolifefm.com.br\/noticias\/wp-json\/wp\/v2\/categories?post=16178"},{"taxonomy":"post_tag","embeddable":true,"href":"https:\/\/radiolifefm.com.br\/noticias\/wp-json\/wp\/v2\/tags?post=16178"}],"curies":[{"name":"wp","href":"https:\/\/api.w.org\/{rel}","templated":true}]}}