{"id":15989,"date":"2019-09-04T09:09:08","date_gmt":"2019-09-04T12:09:08","guid":{"rendered":"https:\/\/radiolifefm.com.br\/noticias\/?p=15989"},"modified":"2026-04-28T22:25:56","modified_gmt":"2026-04-29T01:25:56","slug":"duas-jovens-morrem-em-acidente-na-rodovia-brigadeiro-eduardo-gomes-sp-457-em-iacri","status":"publish","type":"post","link":"https:\/\/radiolifefm.com.br\/noticias\/duas-jovens-morrem-em-acidente-na-rodovia-brigadeiro-eduardo-gomes-sp-457-em-iacri\/","title":{"rendered":"Duas jovens morrem em acidente na Rodovia Brigadeiro Eduardo Gomes \u2013 SP-457, em Iacri"},"content":{"rendered":"<div id=\"fb-root\"><\/div>\n<p>Duas jovens, uma moradora de Bastos, Mirella Ricci e a outra moradora de Iacri, Elaine Cristina, de 27 anos, morreram em um acidente, na noite desta ter\u00e7a-feira dia (03), por motivo a ser esclarecidas pela a Per\u00edcia T\u00e9cnica, por volta das 22h30, na Rodovia Brigadeiro Eduardo Gomes &#8211; SP 457, km 102+ 700 metros, entre Bastos e Iacri.<\/p>\n<p>O grave acidente, envolvendo uma moto com placa de Bastos e um Fiat Palio Weekend, conduzido por uma senhora, por motivos a serem esclarecidos, o Fiat Palio invadiu a pista contr\u00e1rio e colidiu frontalmente com a moto Honda Fan e com o impacto as duas mo\u00e7as foram arremessadas a v\u00e1rios metros.<\/p>\n<p>Ambas sofreram diversas fraturas, sendo uma socorrida pelo resgate do Corpo de Bombeiros, para o pronto Socorro da Santa Casa de Tup\u00e3 e a outra sendo socorrida pelo resgate Municipal de Bastos para o pronto Socorro Municipal, mas infelizmente ambas n\u00e3o resistiram aos ferimentos vindo a \u00f3bito.<\/p>\n<p>Atenderam a ocorr\u00eancia a Pol\u00edcia Militar Rodovi\u00e1ria, o Corpo de Bombeiros de Tup\u00e3, equipe da Pol\u00edcia Militar de Bastos, equipe da Per\u00edcia Cient\u00edfica de Tup\u00e3 e agente do DER, sinalizando o tr\u00e2nsito.<\/p>\n<p>Uma faixa da pista ficou interditada por duas horas e meia para o atendimento e o trabalho da per\u00edcia.<\/p>\n<div class='flex flex-wrap items-center -mx-1'>\r\n<a class='thumbnail gallery p-1 w-1\/2 md:w-1\/4' href='https:\/\/radiolifefm.com.br\/noticias\/wp-content\/uploads\/2019\/09\/Jovem-morreu-Bastos-1.jpg'><img class='border border-white' src='https:\/\/radiolifefm.com.br\/noticias\/wp-content\/uploads\/2019\/09\/Jovem-morreu-Bastos-1-200x200.jpg' alt='Jovem Morreu   Bastos   1' \/><\/a><a class='thumbnail gallery p-1 w-1\/2 md:w-1\/4' href='https:\/\/radiolifefm.com.br\/noticias\/wp-content\/uploads\/2019\/09\/Jovem-morreu-Bastos-2.jpg'><img class='border border-white' src='https:\/\/radiolifefm.com.br\/noticias\/wp-content\/uploads\/2019\/09\/Jovem-morreu-Bastos-2-200x200.jpg' alt='Jovem Morreu   Bastos   2' \/><\/a><a class='thumbnail gallery p-1 w-1\/2 md:w-1\/4' href='https:\/\/radiolifefm.com.br\/noticias\/wp-content\/uploads\/2019\/09\/Jovem-morreu-Bastos-3.jpg'><img class='border border-white' src='https:\/\/radiolifefm.com.br\/noticias\/wp-content\/uploads\/2019\/09\/Jovem-morreu-Bastos-3-200x200.jpg' alt='Jovem Morreu   Bastos   3' \/><\/a><\/div>\n<p>Informa\u00e7\u00f5es e fotos &#8211; Valdecir Lu\u00eds &#8211; Bastos<\/p>\n","protected":false},"excerpt":{"rendered":"<p>Duas jovens, uma moradora de Bastos, Mirella Ricci e a outra moradora de Iacri, Elaine Cristina, de 27 anos, morreram em um acidente, na noite desta ter\u00e7a-feira dia (03), por motivo a ser esclarecidas pela a Per\u00edcia T\u00e9cnica, por volta das 22h30, na Rodovia Brigadeiro Eduardo Gomes &#8211; SP 457, km 102+ 700 metros, entre [&hellip;]<\/p>\n","protected":false},"author":3,"featured_media":15990,"comment_status":"closed","ping_status":"open","sticky":false,"template":"","format":"standard","meta":{"_acf_changed":false,"_exactmetrics_skip_tracking":false,"_exactmetrics_sitenote_active":false,"_exactmetrics_sitenote_note":"","_exactmetrics_sitenote_category":0,"footnotes":""},"categories":[24],"tags":[],"class_list":["post-15989","post","type-post","status-publish","format-standard","has-post-thumbnail","hentry","category-regiao"],"acf":[],"yoast_head":"<!-- This site is optimized with the Yoast SEO plugin v27.2 - https:\/\/yoast.com\/product\/yoast-seo-wordpress\/ -->\n<title>Duas jovens morrem em acidente na Rodovia Brigadeiro Eduardo Gomes \u2013 SP-457, em Iacri - R\u00e1dio Life FM<\/title>\n<meta name=\"robots\" content=\"index, follow, max-snippet:-1, max-image-preview:large, max-video-preview:-1\" \/>\n<link rel=\"canonical\" href=\"https:\/\/radiolifefm.com.br\/noticias\/duas-jovens-morrem-em-acidente-na-rodovia-brigadeiro-eduardo-gomes-sp-457-em-iacri\/\" \/>\n<meta property=\"og:locale\" content=\"pt_BR\" \/>\n<meta property=\"og:type\" content=\"article\" \/>\n<meta property=\"og:title\" content=\"Duas jovens morrem em acidente na Rodovia Brigadeiro Eduardo Gomes \u2013 SP-457, em Iacri - R\u00e1dio Life FM\" \/>\n<meta property=\"og:description\" content=\"Duas jovens, uma moradora de Bastos, Mirella Ricci e a outra moradora de Iacri, Elaine Cristina, de 27 anos, morreram em um acidente, na noite desta ter\u00e7a-feira dia (03), por motivo a ser esclarecidas pela a Per\u00edcia T\u00e9cnica, por volta das 22h30, na Rodovia Brigadeiro Eduardo Gomes &#8211; SP 457, km 102+ 700 metros, entre [&hellip;]\" \/>\n<meta property=\"og:url\" content=\"https:\/\/radiolifefm.com.br\/noticias\/duas-jovens-morrem-em-acidente-na-rodovia-brigadeiro-eduardo-gomes-sp-457-em-iacri\/\" \/>\n<meta property=\"og:site_name\" content=\"R\u00e1dio Life FM\" \/>\n<meta property=\"article:publisher\" content=\"https:\/\/www.facebook.com\/radiolifefm\/\" \/>\n<meta property=\"article:published_time\" content=\"2019-09-04T12:09:08+00:00\" \/>\n<meta property=\"article:modified_time\" content=\"2026-04-29T01:25:56+00:00\" \/>\n<meta property=\"og:image\" content=\"https:\/\/radiolifefm.com.br\/noticias\/wp-content\/uploads\/2019\/09\/Jovem-morreu-Bastos.jpg\" \/>\n\t<meta property=\"og:image:width\" content=\"720\" \/>\n\t<meta property=\"og:image:height\" content=\"720\" \/>\n\t<meta property=\"og:image:type\" content=\"image\/jpeg\" \/>\n<meta name=\"author\" content=\"lifefm\" \/>\n<meta name=\"twitter:card\" content=\"summary_large_image\" \/>\n<meta name=\"twitter:label1\" content=\"Escrito por\" \/>\n\t<meta name=\"twitter:data1\" content=\"lifefm\" \/>\n\t<meta name=\"twitter:label2\" content=\"Est. tempo de leitura\" \/>\n\t<meta name=\"twitter:data2\" content=\"1 minuto\" \/>\n<script type=\"application\/ld+json\" class=\"yoast-schema-graph\">{\"@context\":\"https:\/\/schema.org\",\"@graph\":[{\"@type\":\"Article\",\"@id\":\"https:\/\/radiolifefm.com.br\/noticias\/duas-jovens-morrem-em-acidente-na-rodovia-brigadeiro-eduardo-gomes-sp-457-em-iacri\/#article\",\"isPartOf\":{\"@id\":\"https:\/\/radiolifefm.com.br\/noticias\/duas-jovens-morrem-em-acidente-na-rodovia-brigadeiro-eduardo-gomes-sp-457-em-iacri\/\"},\"author\":{\"name\":\"lifefm\",\"@id\":\"https:\/\/radiolifefm.com.br\/noticias\/#\/schema\/person\/1d4e4b1301322090c6221bf1c8420490\"},\"headline\":\"Duas jovens morrem em acidente na Rodovia Brigadeiro Eduardo Gomes \u2013 SP-457, em Iacri\",\"datePublished\":\"2019-09-04T12:09:08+00:00\",\"dateModified\":\"2026-04-29T01:25:56+00:00\",\"mainEntityOfPage\":{\"@id\":\"https:\/\/radiolifefm.com.br\/noticias\/duas-jovens-morrem-em-acidente-na-rodovia-brigadeiro-eduardo-gomes-sp-457-em-iacri\/\"},\"wordCount\":242,\"publisher\":{\"@id\":\"https:\/\/radiolifefm.com.br\/noticias\/#organization\"},\"image\":{\"@id\":\"https:\/\/radiolifefm.com.br\/noticias\/duas-jovens-morrem-em-acidente-na-rodovia-brigadeiro-eduardo-gomes-sp-457-em-iacri\/#primaryimage\"},\"thumbnailUrl\":\"https:\/\/radiolifefm.com.br\/noticias\/wp-content\/uploads\/2019\/09\/Jovem-morreu-Bastos.jpg\",\"articleSection\":[\"Regi\u00e3o\"],\"inLanguage\":\"pt-BR\"},{\"@type\":\"WebPage\",\"@id\":\"https:\/\/radiolifefm.com.br\/noticias\/duas-jovens-morrem-em-acidente-na-rodovia-brigadeiro-eduardo-gomes-sp-457-em-iacri\/\",\"url\":\"https:\/\/radiolifefm.com.br\/noticias\/duas-jovens-morrem-em-acidente-na-rodovia-brigadeiro-eduardo-gomes-sp-457-em-iacri\/\",\"name\":\"Duas jovens morrem em acidente na Rodovia Brigadeiro Eduardo Gomes \u2013 SP-457, em Iacri - R\u00e1dio Life FM\",\"isPartOf\":{\"@id\":\"https:\/\/radiolifefm.com.br\/noticias\/#website\"},\"primaryImageOfPage\":{\"@id\":\"https:\/\/radiolifefm.com.br\/noticias\/duas-jovens-morrem-em-acidente-na-rodovia-brigadeiro-eduardo-gomes-sp-457-em-iacri\/#primaryimage\"},\"image\":{\"@id\":\"https:\/\/radiolifefm.com.br\/noticias\/duas-jovens-morrem-em-acidente-na-rodovia-brigadeiro-eduardo-gomes-sp-457-em-iacri\/#primaryimage\"},\"thumbnailUrl\":\"https:\/\/radiolifefm.com.br\/noticias\/wp-content\/uploads\/2019\/09\/Jovem-morreu-Bastos.jpg\",\"datePublished\":\"2019-09-04T12:09:08+00:00\",\"dateModified\":\"2026-04-29T01:25:56+00:00\",\"breadcrumb\":{\"@id\":\"https:\/\/radiolifefm.com.br\/noticias\/duas-jovens-morrem-em-acidente-na-rodovia-brigadeiro-eduardo-gomes-sp-457-em-iacri\/#breadcrumb\"},\"inLanguage\":\"pt-BR\",\"potentialAction\":[{\"@type\":\"ReadAction\",\"target\":[\"https:\/\/radiolifefm.com.br\/noticias\/duas-jovens-morrem-em-acidente-na-rodovia-brigadeiro-eduardo-gomes-sp-457-em-iacri\/\"]}]},{\"@type\":\"ImageObject\",\"inLanguage\":\"pt-BR\",\"@id\":\"https:\/\/radiolifefm.com.br\/noticias\/duas-jovens-morrem-em-acidente-na-rodovia-brigadeiro-eduardo-gomes-sp-457-em-iacri\/#primaryimage\",\"url\":\"https:\/\/radiolifefm.com.br\/noticias\/wp-content\/uploads\/2019\/09\/Jovem-morreu-Bastos.jpg\",\"contentUrl\":\"https:\/\/radiolifefm.com.br\/noticias\/wp-content\/uploads\/2019\/09\/Jovem-morreu-Bastos.jpg\",\"width\":720,\"height\":720},{\"@type\":\"BreadcrumbList\",\"@id\":\"https:\/\/radiolifefm.com.br\/noticias\/duas-jovens-morrem-em-acidente-na-rodovia-brigadeiro-eduardo-gomes-sp-457-em-iacri\/#breadcrumb\",\"itemListElement\":[{\"@type\":\"ListItem\",\"position\":1,\"name\":\"In\u00edcio\",\"item\":\"https:\/\/radiolifefm.com.br\/noticias\/\"},{\"@type\":\"ListItem\",\"position\":2,\"name\":\"Duas jovens morrem em acidente na Rodovia Brigadeiro Eduardo Gomes \u2013 SP-457, em Iacri\"}]},{\"@type\":\"WebSite\",\"@id\":\"https:\/\/radiolifefm.com.br\/noticias\/#website\",\"url\":\"https:\/\/radiolifefm.com.br\/noticias\/\",\"name\":\"R\u00e1dio Life FM\",\"description\":\"O Portal de Not\u00edcias de Adamantina\",\"publisher\":{\"@id\":\"https:\/\/radiolifefm.com.br\/noticias\/#organization\"},\"alternateName\":\"Life FM\",\"potentialAction\":[{\"@type\":\"SearchAction\",\"target\":{\"@type\":\"EntryPoint\",\"urlTemplate\":\"https:\/\/radiolifefm.com.br\/noticias\/?s={search_term_string}\"},\"query-input\":{\"@type\":\"PropertyValueSpecification\",\"valueRequired\":true,\"valueName\":\"search_term_string\"}}],\"inLanguage\":\"pt-BR\"},{\"@type\":\"Organization\",\"@id\":\"https:\/\/radiolifefm.com.br\/noticias\/#organization\",\"name\":\"R\u00e1dio Life FM\",\"alternateName\":\"Life FM\",\"url\":\"https:\/\/radiolifefm.com.br\/noticias\/\",\"logo\":{\"@type\":\"ImageObject\",\"inLanguage\":\"pt-BR\",\"@id\":\"https:\/\/radiolifefm.com.br\/noticias\/#\/schema\/logo\/image\/\",\"url\":\"https:\/\/static.radiolifefm.com.br\/noticias\/wp-content\/uploads\/2019\/10\/logo-lifefm.png\",\"contentUrl\":\"https:\/\/static.radiolifefm.com.br\/noticias\/wp-content\/uploads\/2019\/10\/logo-lifefm.png\",\"width\":196,\"height\":47,\"caption\":\"R\u00e1dio Life FM\"},\"image\":{\"@id\":\"https:\/\/radiolifefm.com.br\/noticias\/#\/schema\/logo\/image\/\"},\"sameAs\":[\"https:\/\/www.facebook.com\/radiolifefm\/\",\"https:\/\/www.instagram.com\/life1079fm\/\"]},{\"@type\":\"Person\",\"@id\":\"https:\/\/radiolifefm.com.br\/noticias\/#\/schema\/person\/1d4e4b1301322090c6221bf1c8420490\",\"name\":\"lifefm\",\"image\":{\"@type\":\"ImageObject\",\"inLanguage\":\"pt-BR\",\"@id\":\"https:\/\/secure.gravatar.com\/avatar\/eca268467d925ec97d20641bb054fd944c0abb2f92854171620706bbe6474e7c?s=96&d=mm&r=g\",\"url\":\"https:\/\/secure.gravatar.com\/avatar\/eca268467d925ec97d20641bb054fd944c0abb2f92854171620706bbe6474e7c?s=96&d=mm&r=g\",\"contentUrl\":\"https:\/\/secure.gravatar.com\/avatar\/eca268467d925ec97d20641bb054fd944c0abb2f92854171620706bbe6474e7c?s=96&d=mm&r=g\",\"caption\":\"lifefm\"}}]}<\/script>\n<!-- \/ Yoast SEO plugin. -->","yoast_head_json":{"title":"Duas jovens morrem em acidente na Rodovia Brigadeiro Eduardo Gomes \u2013 SP-457, em Iacri - R\u00e1dio Life FM","robots":{"index":"index","follow":"follow","max-snippet":"max-snippet:-1","max-image-preview":"max-image-preview:large","max-video-preview":"max-video-preview:-1"},"canonical":"https:\/\/radiolifefm.com.br\/noticias\/duas-jovens-morrem-em-acidente-na-rodovia-brigadeiro-eduardo-gomes-sp-457-em-iacri\/","og_locale":"pt_BR","og_type":"article","og_title":"Duas jovens morrem em acidente na Rodovia Brigadeiro Eduardo Gomes \u2013 SP-457, em Iacri - R\u00e1dio Life FM","og_description":"Duas jovens, uma moradora de Bastos, Mirella Ricci e a outra moradora de Iacri, Elaine Cristina, de 27 anos, morreram em um acidente, na noite desta ter\u00e7a-feira dia (03), por motivo a ser esclarecidas pela a Per\u00edcia T\u00e9cnica, por volta das 22h30, na Rodovia Brigadeiro Eduardo Gomes &#8211; SP 457, km 102+ 700 metros, entre [&hellip;]","og_url":"https:\/\/radiolifefm.com.br\/noticias\/duas-jovens-morrem-em-acidente-na-rodovia-brigadeiro-eduardo-gomes-sp-457-em-iacri\/","og_site_name":"R\u00e1dio Life FM","article_publisher":"https:\/\/www.facebook.com\/radiolifefm\/","article_published_time":"2019-09-04T12:09:08+00:00","article_modified_time":"2026-04-29T01:25:56+00:00","og_image":[{"width":720,"height":720,"url":"https:\/\/radiolifefm.com.br\/noticias\/wp-content\/uploads\/2019\/09\/Jovem-morreu-Bastos.jpg","type":"image\/jpeg"}],"author":"lifefm","twitter_card":"summary_large_image","twitter_misc":{"Escrito por":"lifefm","Est. tempo de leitura":"1 minuto"},"schema":{"@context":"https:\/\/schema.org","@graph":[{"@type":"Article","@id":"https:\/\/radiolifefm.com.br\/noticias\/duas-jovens-morrem-em-acidente-na-rodovia-brigadeiro-eduardo-gomes-sp-457-em-iacri\/#article","isPartOf":{"@id":"https:\/\/radiolifefm.com.br\/noticias\/duas-jovens-morrem-em-acidente-na-rodovia-brigadeiro-eduardo-gomes-sp-457-em-iacri\/"},"author":{"name":"lifefm","@id":"https:\/\/radiolifefm.com.br\/noticias\/#\/schema\/person\/1d4e4b1301322090c6221bf1c8420490"},"headline":"Duas jovens morrem em acidente na Rodovia Brigadeiro Eduardo Gomes \u2013 SP-457, em Iacri","datePublished":"2019-09-04T12:09:08+00:00","dateModified":"2026-04-29T01:25:56+00:00","mainEntityOfPage":{"@id":"https:\/\/radiolifefm.com.br\/noticias\/duas-jovens-morrem-em-acidente-na-rodovia-brigadeiro-eduardo-gomes-sp-457-em-iacri\/"},"wordCount":242,"publisher":{"@id":"https:\/\/radiolifefm.com.br\/noticias\/#organization"},"image":{"@id":"https:\/\/radiolifefm.com.br\/noticias\/duas-jovens-morrem-em-acidente-na-rodovia-brigadeiro-eduardo-gomes-sp-457-em-iacri\/#primaryimage"},"thumbnailUrl":"https:\/\/radiolifefm.com.br\/noticias\/wp-content\/uploads\/2019\/09\/Jovem-morreu-Bastos.jpg","articleSection":["Regi\u00e3o"],"inLanguage":"pt-BR"},{"@type":"WebPage","@id":"https:\/\/radiolifefm.com.br\/noticias\/duas-jovens-morrem-em-acidente-na-rodovia-brigadeiro-eduardo-gomes-sp-457-em-iacri\/","url":"https:\/\/radiolifefm.com.br\/noticias\/duas-jovens-morrem-em-acidente-na-rodovia-brigadeiro-eduardo-gomes-sp-457-em-iacri\/","name":"Duas jovens morrem em acidente na Rodovia Brigadeiro Eduardo Gomes \u2013 SP-457, em Iacri - R\u00e1dio Life FM","isPartOf":{"@id":"https:\/\/radiolifefm.com.br\/noticias\/#website"},"primaryImageOfPage":{"@id":"https:\/\/radiolifefm.com.br\/noticias\/duas-jovens-morrem-em-acidente-na-rodovia-brigadeiro-eduardo-gomes-sp-457-em-iacri\/#primaryimage"},"image":{"@id":"https:\/\/radiolifefm.com.br\/noticias\/duas-jovens-morrem-em-acidente-na-rodovia-brigadeiro-eduardo-gomes-sp-457-em-iacri\/#primaryimage"},"thumbnailUrl":"https:\/\/radiolifefm.com.br\/noticias\/wp-content\/uploads\/2019\/09\/Jovem-morreu-Bastos.jpg","datePublished":"2019-09-04T12:09:08+00:00","dateModified":"2026-04-29T01:25:56+00:00","breadcrumb":{"@id":"https:\/\/radiolifefm.com.br\/noticias\/duas-jovens-morrem-em-acidente-na-rodovia-brigadeiro-eduardo-gomes-sp-457-em-iacri\/#breadcrumb"},"inLanguage":"pt-BR","potentialAction":[{"@type":"ReadAction","target":["https:\/\/radiolifefm.com.br\/noticias\/duas-jovens-morrem-em-acidente-na-rodovia-brigadeiro-eduardo-gomes-sp-457-em-iacri\/"]}]},{"@type":"ImageObject","inLanguage":"pt-BR","@id":"https:\/\/radiolifefm.com.br\/noticias\/duas-jovens-morrem-em-acidente-na-rodovia-brigadeiro-eduardo-gomes-sp-457-em-iacri\/#primaryimage","url":"https:\/\/radiolifefm.com.br\/noticias\/wp-content\/uploads\/2019\/09\/Jovem-morreu-Bastos.jpg","contentUrl":"https:\/\/radiolifefm.com.br\/noticias\/wp-content\/uploads\/2019\/09\/Jovem-morreu-Bastos.jpg","width":720,"height":720},{"@type":"BreadcrumbList","@id":"https:\/\/radiolifefm.com.br\/noticias\/duas-jovens-morrem-em-acidente-na-rodovia-brigadeiro-eduardo-gomes-sp-457-em-iacri\/#breadcrumb","itemListElement":[{"@type":"ListItem","position":1,"name":"In\u00edcio","item":"https:\/\/radiolifefm.com.br\/noticias\/"},{"@type":"ListItem","position":2,"name":"Duas jovens morrem em acidente na Rodovia Brigadeiro Eduardo Gomes \u2013 SP-457, em Iacri"}]},{"@type":"WebSite","@id":"https:\/\/radiolifefm.com.br\/noticias\/#website","url":"https:\/\/radiolifefm.com.br\/noticias\/","name":"R\u00e1dio Life FM","description":"O Portal de Not\u00edcias de Adamantina","publisher":{"@id":"https:\/\/radiolifefm.com.br\/noticias\/#organization"},"alternateName":"Life FM","potentialAction":[{"@type":"SearchAction","target":{"@type":"EntryPoint","urlTemplate":"https:\/\/radiolifefm.com.br\/noticias\/?s={search_term_string}"},"query-input":{"@type":"PropertyValueSpecification","valueRequired":true,"valueName":"search_term_string"}}],"inLanguage":"pt-BR"},{"@type":"Organization","@id":"https:\/\/radiolifefm.com.br\/noticias\/#organization","name":"R\u00e1dio Life FM","alternateName":"Life FM","url":"https:\/\/radiolifefm.com.br\/noticias\/","logo":{"@type":"ImageObject","inLanguage":"pt-BR","@id":"https:\/\/radiolifefm.com.br\/noticias\/#\/schema\/logo\/image\/","url":"https:\/\/static.radiolifefm.com.br\/noticias\/wp-content\/uploads\/2019\/10\/logo-lifefm.png","contentUrl":"https:\/\/static.radiolifefm.com.br\/noticias\/wp-content\/uploads\/2019\/10\/logo-lifefm.png","width":196,"height":47,"caption":"R\u00e1dio Life FM"},"image":{"@id":"https:\/\/radiolifefm.com.br\/noticias\/#\/schema\/logo\/image\/"},"sameAs":["https:\/\/www.facebook.com\/radiolifefm\/","https:\/\/www.instagram.com\/life1079fm\/"]},{"@type":"Person","@id":"https:\/\/radiolifefm.com.br\/noticias\/#\/schema\/person\/1d4e4b1301322090c6221bf1c8420490","name":"lifefm","image":{"@type":"ImageObject","inLanguage":"pt-BR","@id":"https:\/\/secure.gravatar.com\/avatar\/eca268467d925ec97d20641bb054fd944c0abb2f92854171620706bbe6474e7c?s=96&d=mm&r=g","url":"https:\/\/secure.gravatar.com\/avatar\/eca268467d925ec97d20641bb054fd944c0abb2f92854171620706bbe6474e7c?s=96&d=mm&r=g","contentUrl":"https:\/\/secure.gravatar.com\/avatar\/eca268467d925ec97d20641bb054fd944c0abb2f92854171620706bbe6474e7c?s=96&d=mm&r=g","caption":"lifefm"}}]}},"amp_enabled":true,"_links":{"self":[{"href":"https:\/\/radiolifefm.com.br\/noticias\/wp-json\/wp\/v2\/posts\/15989","targetHints":{"allow":["GET"]}}],"collection":[{"href":"https:\/\/radiolifefm.com.br\/noticias\/wp-json\/wp\/v2\/posts"}],"about":[{"href":"https:\/\/radiolifefm.com.br\/noticias\/wp-json\/wp\/v2\/types\/post"}],"author":[{"embeddable":true,"href":"https:\/\/radiolifefm.com.br\/noticias\/wp-json\/wp\/v2\/users\/3"}],"replies":[{"embeddable":true,"href":"https:\/\/radiolifefm.com.br\/noticias\/wp-json\/wp\/v2\/comments?post=15989"}],"version-history":[{"count":1,"href":"https:\/\/radiolifefm.com.br\/noticias\/wp-json\/wp\/v2\/posts\/15989\/revisions"}],"predecessor-version":[{"id":15994,"href":"https:\/\/radiolifefm.com.br\/noticias\/wp-json\/wp\/v2\/posts\/15989\/revisions\/15994"}],"wp:featuredmedia":[{"embeddable":true,"href":"https:\/\/radiolifefm.com.br\/noticias\/wp-json\/wp\/v2\/media\/15990"}],"wp:attachment":[{"href":"https:\/\/radiolifefm.com.br\/noticias\/wp-json\/wp\/v2\/media?parent=15989"}],"wp:term":[{"taxonomy":"category","embeddable":true,"href":"https:\/\/radiolifefm.com.br\/noticias\/wp-json\/wp\/v2\/categories?post=15989"},{"taxonomy":"post_tag","embeddable":true,"href":"https:\/\/radiolifefm.com.br\/noticias\/wp-json\/wp\/v2\/tags?post=15989"}],"curies":[{"name":"wp","href":"https:\/\/api.w.org\/{rel}","templated":true}]}}