{"id":15959,"date":"2019-09-03T09:24:23","date_gmt":"2019-09-03T12:24:23","guid":{"rendered":"https:\/\/radiolifefm.com.br\/noticias\/?p=15959"},"modified":"2026-04-18T22:00:38","modified_gmt":"2026-04-19T01:00:38","slug":"aloprados-as-e-cenario-mais-do-que-provinciano-sergio-barbosa-coluna-opiniao","status":"publish","type":"post","link":"https:\/\/radiolifefm.com.br\/noticias\/aloprados-as-e-cenario-mais-do-que-provinciano-sergio-barbosa-coluna-opiniao\/","title":{"rendered":"Aloprados\/as e cen\u00e1rio mais do que provinciano&#8230; &#8211; S\u00e9rgio Barbosa &#8211; Coluna Opini\u00e3o."},"content":{"rendered":"<div id=\"fb-root\"><\/div>\n<p><strong>Aloprados\/as e cen\u00e1rio mais do que provinciano&#8230;<\/strong><\/p>\n<p><em>&#8220;N\u00e3o se deve julgar um homem pelo que ele ignore, mas pelo que sabe.&#8221; (Vauvenargues)<\/em><\/p>\n<p>S\u00e9rgio Barbosa (*)<\/p>\n<p>N\u00e3o tem como deixar de escrever sobre temas e tem\u00e1ticas que continuam pautando as m\u00eddias impressa e digital em terras provincianas, bem como, em n\u00edvel regiocal, ou seja, do regional par ao local em tempo de p\u00f3s-globaliza\u00e7\u00e3o organizacional&#8230;<\/p>\n<p>Nestes ocasos, pode-se afirmar que est\u00e3o mais para a turma dos\/as aloprados\/as do que pra qualquer outra coisa desta mesma coisa, por\u00e9m, como sempre, deve-se colocar os devidos &#8220;pingos nos is&#8221; de um dos lados&#8230;<\/p>\n<p>Portanto, neste cen\u00e1rio mais do que democr\u00e1tico que s\u00e3o as denominadas &#8220;redes sociais&#8221;, quando a informa\u00e7\u00e3o em todas as \u00e1reas est\u00e1 pautada pelo &#8220;senso comum&#8221; frente aos acontecimentos do cotidiano, pode-se escrever que &#8220;todos os gatos s\u00e3o pardos&#8230;&#8221;<\/p>\n<p>Mesmo assim, cada qual deve ter a sua interpreta\u00e7\u00e3o quanto aos fatos, todavia, antes de escrever sobre isto ou aquilo, faz-se necess\u00e1rio estar em conex\u00e3o com as respectivas fundamenta\u00e7\u00f5es te\u00f3ricas, neste caso, seja qual for o tema ou tem\u00e1tica, al\u00e9m do mais ou de menos, neste &#8220;Pa\u00eds do faz de conta&#8221;, desde 2.009, conforme decis\u00e3o do &#8220;STF&#8221;, todos\/as nascem Jornalistas&#8230;<\/p>\n<p>Desta forma, caro leitor ou leitora, voc\u00ea \u00e9 &#8220;JORNALISTA PROFISSIONAL&#8221; e pode usufruir de todas as facilidades, bem como, responsabilidades desta profiss\u00e3o frente aos desencontros patrocinados pela m\u00eddia tupiniquim, ainda, deitar e rolar em terras provincianas como &#8220;JORNALISTA PROFISSIONAL&#8221;&#8230;<\/p>\n<p>Por\u00e9m, &#8220;A C\u00e9sar o que \u00e9 de C\u00e9sar&#8221;, assim, existem pessoas que est\u00e3o acima do &#8220;senso comum&#8221; que predomina nos quatro cantos da Prov\u00edncia, haja vista que os mesmos conhecem as prerrogativas para utiliza\u00e7\u00e3o desta op\u00e7\u00e3o, tamb\u00e9m, entendo que ser diplomado \u00e9 fundamental em qualquer \u00e1rea de atua\u00e7\u00e3o, entretanto, torna-se importante entender isto ou aquilo para um olhar diferenciado sobre o presente, sem esquecer o passado em uma perspectiva de futuro&#8230;<\/p>\n<p>Espero que tais pessoas, n\u00e3o coloquem &#8220;a carapu\u00e7a&#8221; quanto ao artigo em pauta, tendo em vista que o objetivo \u00e9 colocar, ou melhor, separar &#8220;o joio do trigo&#8221;, refor\u00e7ando neste caso a frase de um jornalista do outro tempo, a saber: &#8220;entre o joio e o trigo, o jornalista fica com o joio&#8221;&#8230;<\/p>\n<p>Neste cen\u00e1rio mais do que provinciano, pra variar, tudo pode ocorrer para todos os lados, ainda mais neste per\u00edodo mais do que decisivo para o lado das &#8220;paredes alvas&#8221; em meio aos desencontros patrocinados pelos pol\u00edticos de sempre em busca disto ou daquilo&#8230;<\/p>\n<p>Al\u00e9m do mais ou de menos, tudo pode ocorrer em terras provincianas, tal qual afirmou o pensador quanto \u00e0s &#8220;mentes bovinas&#8221; que circulam nos quatro cantos da Prov\u00edncia em tempo de p\u00f3s-globaliza\u00e7\u00e3o organizacional&#8230;<\/p>\n<p>&nbsp;<\/p>\n<p>_______________________________<br \/>\n(*) jornalista diplomado.<\/p>\n","protected":false},"excerpt":{"rendered":"<p>Aloprados\/as e cen\u00e1rio mais do que provinciano&#8230; &#8220;N\u00e3o se deve julgar um homem pelo que ele ignore, mas pelo que sabe.&#8221; (Vauvenargues) S\u00e9rgio Barbosa (*) N\u00e3o tem como deixar de escrever sobre temas e tem\u00e1ticas que continuam pautando as m\u00eddias impressa e digital em terras provincianas, bem como, em n\u00edvel regiocal, ou seja, do regional [&hellip;]<\/p>\n","protected":false},"author":3,"featured_media":0,"comment_status":"closed","ping_status":"open","sticky":false,"template":"","format":"standard","meta":{"_acf_changed":false,"_exactmetrics_skip_tracking":false,"_exactmetrics_sitenote_active":false,"_exactmetrics_sitenote_note":"","_exactmetrics_sitenote_category":0,"footnotes":""},"categories":[59],"tags":[],"class_list":["post-15959","post","type-post","status-publish","format-standard","hentry","category-opiniao"],"acf":[],"yoast_head":"<!-- This site is optimized with the Yoast SEO plugin v27.2 - https:\/\/yoast.com\/product\/yoast-seo-wordpress\/ -->\n<title>Aloprados\/as e cen\u00e1rio mais do que provinciano... - S\u00e9rgio Barbosa - Coluna Opini\u00e3o. - R\u00e1dio Life FM<\/title>\n<meta name=\"robots\" content=\"index, follow, max-snippet:-1, max-image-preview:large, max-video-preview:-1\" \/>\n<link rel=\"canonical\" href=\"https:\/\/radiolifefm.com.br\/noticias\/aloprados-as-e-cenario-mais-do-que-provinciano-sergio-barbosa-coluna-opiniao\/\" \/>\n<meta property=\"og:locale\" content=\"pt_BR\" \/>\n<meta property=\"og:type\" content=\"article\" \/>\n<meta property=\"og:title\" content=\"Aloprados\/as e cen\u00e1rio mais do que provinciano... - S\u00e9rgio Barbosa - Coluna Opini\u00e3o. - R\u00e1dio Life FM\" \/>\n<meta property=\"og:description\" content=\"Aloprados\/as e cen\u00e1rio mais do que provinciano&#8230; &#8220;N\u00e3o se deve julgar um homem pelo que ele ignore, mas pelo que sabe.&#8221; (Vauvenargues) S\u00e9rgio Barbosa (*) N\u00e3o tem como deixar de escrever sobre temas e tem\u00e1ticas que continuam pautando as m\u00eddias impressa e digital em terras provincianas, bem como, em n\u00edvel regiocal, ou seja, do regional [&hellip;]\" \/>\n<meta property=\"og:url\" content=\"https:\/\/radiolifefm.com.br\/noticias\/aloprados-as-e-cenario-mais-do-que-provinciano-sergio-barbosa-coluna-opiniao\/\" \/>\n<meta property=\"og:site_name\" content=\"R\u00e1dio Life FM\" \/>\n<meta property=\"article:publisher\" content=\"https:\/\/www.facebook.com\/radiolifefm\/\" \/>\n<meta property=\"article:published_time\" content=\"2019-09-03T12:24:23+00:00\" \/>\n<meta property=\"article:modified_time\" content=\"2026-04-19T01:00:38+00:00\" \/>\n<meta name=\"author\" content=\"lifefm\" \/>\n<meta name=\"twitter:card\" content=\"summary_large_image\" \/>\n<meta name=\"twitter:label1\" content=\"Escrito por\" \/>\n\t<meta name=\"twitter:data1\" content=\"lifefm\" \/>\n\t<meta name=\"twitter:label2\" content=\"Est. tempo de leitura\" \/>\n\t<meta name=\"twitter:data2\" content=\"2 minutos\" \/>\n<script type=\"application\/ld+json\" class=\"yoast-schema-graph\">{\"@context\":\"https:\/\/schema.org\",\"@graph\":[{\"@type\":\"Article\",\"@id\":\"https:\/\/radiolifefm.com.br\/noticias\/aloprados-as-e-cenario-mais-do-que-provinciano-sergio-barbosa-coluna-opiniao\/#article\",\"isPartOf\":{\"@id\":\"https:\/\/radiolifefm.com.br\/noticias\/aloprados-as-e-cenario-mais-do-que-provinciano-sergio-barbosa-coluna-opiniao\/\"},\"author\":{\"name\":\"lifefm\",\"@id\":\"https:\/\/radiolifefm.com.br\/noticias\/#\/schema\/person\/1d4e4b1301322090c6221bf1c8420490\"},\"headline\":\"Aloprados\/as e cen\u00e1rio mais do que provinciano&#8230; &#8211; S\u00e9rgio Barbosa &#8211; Coluna Opini\u00e3o.\",\"datePublished\":\"2019-09-03T12:24:23+00:00\",\"dateModified\":\"2026-04-19T01:00:38+00:00\",\"mainEntityOfPage\":{\"@id\":\"https:\/\/radiolifefm.com.br\/noticias\/aloprados-as-e-cenario-mais-do-que-provinciano-sergio-barbosa-coluna-opiniao\/\"},\"wordCount\":499,\"publisher\":{\"@id\":\"https:\/\/radiolifefm.com.br\/noticias\/#organization\"},\"articleSection\":[\"Opini\u00e3o\"],\"inLanguage\":\"pt-BR\"},{\"@type\":\"WebPage\",\"@id\":\"https:\/\/radiolifefm.com.br\/noticias\/aloprados-as-e-cenario-mais-do-que-provinciano-sergio-barbosa-coluna-opiniao\/\",\"url\":\"https:\/\/radiolifefm.com.br\/noticias\/aloprados-as-e-cenario-mais-do-que-provinciano-sergio-barbosa-coluna-opiniao\/\",\"name\":\"Aloprados\/as e cen\u00e1rio mais do que provinciano... - S\u00e9rgio Barbosa - Coluna Opini\u00e3o. - R\u00e1dio Life FM\",\"isPartOf\":{\"@id\":\"https:\/\/radiolifefm.com.br\/noticias\/#website\"},\"datePublished\":\"2019-09-03T12:24:23+00:00\",\"dateModified\":\"2026-04-19T01:00:38+00:00\",\"breadcrumb\":{\"@id\":\"https:\/\/radiolifefm.com.br\/noticias\/aloprados-as-e-cenario-mais-do-que-provinciano-sergio-barbosa-coluna-opiniao\/#breadcrumb\"},\"inLanguage\":\"pt-BR\",\"potentialAction\":[{\"@type\":\"ReadAction\",\"target\":[\"https:\/\/radiolifefm.com.br\/noticias\/aloprados-as-e-cenario-mais-do-que-provinciano-sergio-barbosa-coluna-opiniao\/\"]}]},{\"@type\":\"BreadcrumbList\",\"@id\":\"https:\/\/radiolifefm.com.br\/noticias\/aloprados-as-e-cenario-mais-do-que-provinciano-sergio-barbosa-coluna-opiniao\/#breadcrumb\",\"itemListElement\":[{\"@type\":\"ListItem\",\"position\":1,\"name\":\"In\u00edcio\",\"item\":\"https:\/\/radiolifefm.com.br\/noticias\/\"},{\"@type\":\"ListItem\",\"position\":2,\"name\":\"Aloprados\/as e cen\u00e1rio mais do que provinciano&#8230; &#8211; S\u00e9rgio Barbosa &#8211; Coluna Opini\u00e3o.\"}]},{\"@type\":\"WebSite\",\"@id\":\"https:\/\/radiolifefm.com.br\/noticias\/#website\",\"url\":\"https:\/\/radiolifefm.com.br\/noticias\/\",\"name\":\"R\u00e1dio Life FM\",\"description\":\"O Portal de Not\u00edcias de Adamantina\",\"publisher\":{\"@id\":\"https:\/\/radiolifefm.com.br\/noticias\/#organization\"},\"alternateName\":\"Life FM\",\"potentialAction\":[{\"@type\":\"SearchAction\",\"target\":{\"@type\":\"EntryPoint\",\"urlTemplate\":\"https:\/\/radiolifefm.com.br\/noticias\/?s={search_term_string}\"},\"query-input\":{\"@type\":\"PropertyValueSpecification\",\"valueRequired\":true,\"valueName\":\"search_term_string\"}}],\"inLanguage\":\"pt-BR\"},{\"@type\":\"Organization\",\"@id\":\"https:\/\/radiolifefm.com.br\/noticias\/#organization\",\"name\":\"R\u00e1dio Life FM\",\"alternateName\":\"Life FM\",\"url\":\"https:\/\/radiolifefm.com.br\/noticias\/\",\"logo\":{\"@type\":\"ImageObject\",\"inLanguage\":\"pt-BR\",\"@id\":\"https:\/\/radiolifefm.com.br\/noticias\/#\/schema\/logo\/image\/\",\"url\":\"https:\/\/static.radiolifefm.com.br\/noticias\/wp-content\/uploads\/2019\/10\/logo-lifefm.png\",\"contentUrl\":\"https:\/\/static.radiolifefm.com.br\/noticias\/wp-content\/uploads\/2019\/10\/logo-lifefm.png\",\"width\":196,\"height\":47,\"caption\":\"R\u00e1dio Life FM\"},\"image\":{\"@id\":\"https:\/\/radiolifefm.com.br\/noticias\/#\/schema\/logo\/image\/\"},\"sameAs\":[\"https:\/\/www.facebook.com\/radiolifefm\/\",\"https:\/\/www.instagram.com\/life1079fm\/\"]},{\"@type\":\"Person\",\"@id\":\"https:\/\/radiolifefm.com.br\/noticias\/#\/schema\/person\/1d4e4b1301322090c6221bf1c8420490\",\"name\":\"lifefm\",\"image\":{\"@type\":\"ImageObject\",\"inLanguage\":\"pt-BR\",\"@id\":\"https:\/\/secure.gravatar.com\/avatar\/eca268467d925ec97d20641bb054fd944c0abb2f92854171620706bbe6474e7c?s=96&d=mm&r=g\",\"url\":\"https:\/\/secure.gravatar.com\/avatar\/eca268467d925ec97d20641bb054fd944c0abb2f92854171620706bbe6474e7c?s=96&d=mm&r=g\",\"contentUrl\":\"https:\/\/secure.gravatar.com\/avatar\/eca268467d925ec97d20641bb054fd944c0abb2f92854171620706bbe6474e7c?s=96&d=mm&r=g\",\"caption\":\"lifefm\"}}]}<\/script>\n<!-- \/ Yoast SEO plugin. -->","yoast_head_json":{"title":"Aloprados\/as e cen\u00e1rio mais do que provinciano... - S\u00e9rgio Barbosa - Coluna Opini\u00e3o. - R\u00e1dio Life FM","robots":{"index":"index","follow":"follow","max-snippet":"max-snippet:-1","max-image-preview":"max-image-preview:large","max-video-preview":"max-video-preview:-1"},"canonical":"https:\/\/radiolifefm.com.br\/noticias\/aloprados-as-e-cenario-mais-do-que-provinciano-sergio-barbosa-coluna-opiniao\/","og_locale":"pt_BR","og_type":"article","og_title":"Aloprados\/as e cen\u00e1rio mais do que provinciano... - S\u00e9rgio Barbosa - Coluna Opini\u00e3o. - R\u00e1dio Life FM","og_description":"Aloprados\/as e cen\u00e1rio mais do que provinciano&#8230; &#8220;N\u00e3o se deve julgar um homem pelo que ele ignore, mas pelo que sabe.&#8221; (Vauvenargues) S\u00e9rgio Barbosa (*) N\u00e3o tem como deixar de escrever sobre temas e tem\u00e1ticas que continuam pautando as m\u00eddias impressa e digital em terras provincianas, bem como, em n\u00edvel regiocal, ou seja, do regional [&hellip;]","og_url":"https:\/\/radiolifefm.com.br\/noticias\/aloprados-as-e-cenario-mais-do-que-provinciano-sergio-barbosa-coluna-opiniao\/","og_site_name":"R\u00e1dio Life FM","article_publisher":"https:\/\/www.facebook.com\/radiolifefm\/","article_published_time":"2019-09-03T12:24:23+00:00","article_modified_time":"2026-04-19T01:00:38+00:00","author":"lifefm","twitter_card":"summary_large_image","twitter_misc":{"Escrito por":"lifefm","Est. tempo de leitura":"2 minutos"},"schema":{"@context":"https:\/\/schema.org","@graph":[{"@type":"Article","@id":"https:\/\/radiolifefm.com.br\/noticias\/aloprados-as-e-cenario-mais-do-que-provinciano-sergio-barbosa-coluna-opiniao\/#article","isPartOf":{"@id":"https:\/\/radiolifefm.com.br\/noticias\/aloprados-as-e-cenario-mais-do-que-provinciano-sergio-barbosa-coluna-opiniao\/"},"author":{"name":"lifefm","@id":"https:\/\/radiolifefm.com.br\/noticias\/#\/schema\/person\/1d4e4b1301322090c6221bf1c8420490"},"headline":"Aloprados\/as e cen\u00e1rio mais do que provinciano&#8230; &#8211; S\u00e9rgio Barbosa &#8211; Coluna Opini\u00e3o.","datePublished":"2019-09-03T12:24:23+00:00","dateModified":"2026-04-19T01:00:38+00:00","mainEntityOfPage":{"@id":"https:\/\/radiolifefm.com.br\/noticias\/aloprados-as-e-cenario-mais-do-que-provinciano-sergio-barbosa-coluna-opiniao\/"},"wordCount":499,"publisher":{"@id":"https:\/\/radiolifefm.com.br\/noticias\/#organization"},"articleSection":["Opini\u00e3o"],"inLanguage":"pt-BR"},{"@type":"WebPage","@id":"https:\/\/radiolifefm.com.br\/noticias\/aloprados-as-e-cenario-mais-do-que-provinciano-sergio-barbosa-coluna-opiniao\/","url":"https:\/\/radiolifefm.com.br\/noticias\/aloprados-as-e-cenario-mais-do-que-provinciano-sergio-barbosa-coluna-opiniao\/","name":"Aloprados\/as e cen\u00e1rio mais do que provinciano... - S\u00e9rgio Barbosa - Coluna Opini\u00e3o. - R\u00e1dio Life FM","isPartOf":{"@id":"https:\/\/radiolifefm.com.br\/noticias\/#website"},"datePublished":"2019-09-03T12:24:23+00:00","dateModified":"2026-04-19T01:00:38+00:00","breadcrumb":{"@id":"https:\/\/radiolifefm.com.br\/noticias\/aloprados-as-e-cenario-mais-do-que-provinciano-sergio-barbosa-coluna-opiniao\/#breadcrumb"},"inLanguage":"pt-BR","potentialAction":[{"@type":"ReadAction","target":["https:\/\/radiolifefm.com.br\/noticias\/aloprados-as-e-cenario-mais-do-que-provinciano-sergio-barbosa-coluna-opiniao\/"]}]},{"@type":"BreadcrumbList","@id":"https:\/\/radiolifefm.com.br\/noticias\/aloprados-as-e-cenario-mais-do-que-provinciano-sergio-barbosa-coluna-opiniao\/#breadcrumb","itemListElement":[{"@type":"ListItem","position":1,"name":"In\u00edcio","item":"https:\/\/radiolifefm.com.br\/noticias\/"},{"@type":"ListItem","position":2,"name":"Aloprados\/as e cen\u00e1rio mais do que provinciano&#8230; &#8211; S\u00e9rgio Barbosa &#8211; Coluna Opini\u00e3o."}]},{"@type":"WebSite","@id":"https:\/\/radiolifefm.com.br\/noticias\/#website","url":"https:\/\/radiolifefm.com.br\/noticias\/","name":"R\u00e1dio Life FM","description":"O Portal de Not\u00edcias de Adamantina","publisher":{"@id":"https:\/\/radiolifefm.com.br\/noticias\/#organization"},"alternateName":"Life FM","potentialAction":[{"@type":"SearchAction","target":{"@type":"EntryPoint","urlTemplate":"https:\/\/radiolifefm.com.br\/noticias\/?s={search_term_string}"},"query-input":{"@type":"PropertyValueSpecification","valueRequired":true,"valueName":"search_term_string"}}],"inLanguage":"pt-BR"},{"@type":"Organization","@id":"https:\/\/radiolifefm.com.br\/noticias\/#organization","name":"R\u00e1dio Life FM","alternateName":"Life FM","url":"https:\/\/radiolifefm.com.br\/noticias\/","logo":{"@type":"ImageObject","inLanguage":"pt-BR","@id":"https:\/\/radiolifefm.com.br\/noticias\/#\/schema\/logo\/image\/","url":"https:\/\/static.radiolifefm.com.br\/noticias\/wp-content\/uploads\/2019\/10\/logo-lifefm.png","contentUrl":"https:\/\/static.radiolifefm.com.br\/noticias\/wp-content\/uploads\/2019\/10\/logo-lifefm.png","width":196,"height":47,"caption":"R\u00e1dio Life FM"},"image":{"@id":"https:\/\/radiolifefm.com.br\/noticias\/#\/schema\/logo\/image\/"},"sameAs":["https:\/\/www.facebook.com\/radiolifefm\/","https:\/\/www.instagram.com\/life1079fm\/"]},{"@type":"Person","@id":"https:\/\/radiolifefm.com.br\/noticias\/#\/schema\/person\/1d4e4b1301322090c6221bf1c8420490","name":"lifefm","image":{"@type":"ImageObject","inLanguage":"pt-BR","@id":"https:\/\/secure.gravatar.com\/avatar\/eca268467d925ec97d20641bb054fd944c0abb2f92854171620706bbe6474e7c?s=96&d=mm&r=g","url":"https:\/\/secure.gravatar.com\/avatar\/eca268467d925ec97d20641bb054fd944c0abb2f92854171620706bbe6474e7c?s=96&d=mm&r=g","contentUrl":"https:\/\/secure.gravatar.com\/avatar\/eca268467d925ec97d20641bb054fd944c0abb2f92854171620706bbe6474e7c?s=96&d=mm&r=g","caption":"lifefm"}}]}},"amp_enabled":true,"_links":{"self":[{"href":"https:\/\/radiolifefm.com.br\/noticias\/wp-json\/wp\/v2\/posts\/15959","targetHints":{"allow":["GET"]}}],"collection":[{"href":"https:\/\/radiolifefm.com.br\/noticias\/wp-json\/wp\/v2\/posts"}],"about":[{"href":"https:\/\/radiolifefm.com.br\/noticias\/wp-json\/wp\/v2\/types\/post"}],"author":[{"embeddable":true,"href":"https:\/\/radiolifefm.com.br\/noticias\/wp-json\/wp\/v2\/users\/3"}],"replies":[{"embeddable":true,"href":"https:\/\/radiolifefm.com.br\/noticias\/wp-json\/wp\/v2\/comments?post=15959"}],"version-history":[{"count":2,"href":"https:\/\/radiolifefm.com.br\/noticias\/wp-json\/wp\/v2\/posts\/15959\/revisions"}],"predecessor-version":[{"id":15969,"href":"https:\/\/radiolifefm.com.br\/noticias\/wp-json\/wp\/v2\/posts\/15959\/revisions\/15969"}],"wp:attachment":[{"href":"https:\/\/radiolifefm.com.br\/noticias\/wp-json\/wp\/v2\/media?parent=15959"}],"wp:term":[{"taxonomy":"category","embeddable":true,"href":"https:\/\/radiolifefm.com.br\/noticias\/wp-json\/wp\/v2\/categories?post=15959"},{"taxonomy":"post_tag","embeddable":true,"href":"https:\/\/radiolifefm.com.br\/noticias\/wp-json\/wp\/v2\/tags?post=15959"}],"curies":[{"name":"wp","href":"https:\/\/api.w.org\/{rel}","templated":true}]}}