{"id":15943,"date":"2019-09-03T09:45:15","date_gmt":"2019-09-03T12:45:15","guid":{"rendered":"https:\/\/radiolifefm.com.br\/noticias\/?p=15943"},"modified":"2026-04-28T10:51:35","modified_gmt":"2026-04-28T13:51:35","slug":"em-osvaldo-cruz-policias-militares-apreendem-adolescente-por-ato-infracional-trafico-de-drogas","status":"publish","type":"post","link":"https:\/\/radiolifefm.com.br\/noticias\/em-osvaldo-cruz-policias-militares-apreendem-adolescente-por-ato-infracional-trafico-de-drogas\/","title":{"rendered":"Em Osvaldo Cruz policias militares apreendem adolescente por ato infracional\/ tr\u00e1fico de drogas"},"content":{"rendered":"<div id=\"fb-root\"><\/div>\n<p>Por volta das 18h21min desta segunda-feira, 02 de setembro, durante patrulhamento pela Vila Esperan\u00e7a, pela Rua do Futuro, uma Unidade de Servi\u00e7o da Pol\u00edcia Militar se deparou com o adolescente J.L.R.M., conhecido pelo envolvimento com diversos il\u00edcitos, furtos, tr\u00e1fico de entorpecentes e consumo, em contato com um moto-taxista.<\/p>\n<p>Percebendo a aproxima\u00e7\u00e3o da viatura, o adolescente desceu da motocicleta e esbo\u00e7ou uma rea\u00e7\u00e3o anormal, motivando sua imediata abordagem onde foi localizado em seu bolso, um inv\u00f3lucro contendo 015 g de maconha, al\u00e9m de um aparelho celular que ao ser consultado o &#8220;imei&#8221;, foi constatado &#8220;extravio&#8221;, referenciando o Boletim de Ocorr\u00eancia n\u00b0496\/2015.<\/p>\n<p>Diante dos fatos, o adolescente recebeu voz de apreens\u00e3o por ato infracional\/tr\u00e1fico de drogas.<\/p>\n<div class='flex flex-wrap items-center -mx-1'>\r\n<a class='thumbnail gallery p-1 w-1\/2 md:w-1\/4' href='https:\/\/radiolifefm.com.br\/noticias\/wp-content\/uploads\/2019\/09\/Tr\u00e1fico-OC-03-09-1.jpg'><img class='border border-white' src='https:\/\/radiolifefm.com.br\/noticias\/wp-content\/uploads\/2019\/09\/Tr\u00e1fico-OC-03-09-1-200x200.jpg' alt='Tr\u00e1fico   OC   03   09   1' \/><\/a><\/div>\n<p>Informa\u00e7\u00f5es &#8211; Pol\u00edcia Militar<\/p>\n","protected":false},"excerpt":{"rendered":"<p>Por volta das 18h21min desta segunda-feira, 02 de setembro, durante patrulhamento pela Vila Esperan\u00e7a, pela Rua do Futuro, uma Unidade de Servi\u00e7o da Pol\u00edcia Militar se deparou com o adolescente J.L.R.M., conhecido pelo envolvimento com diversos il\u00edcitos, furtos, tr\u00e1fico de entorpecentes e consumo, em contato com um moto-taxista. Percebendo a aproxima\u00e7\u00e3o da viatura, o adolescente [&hellip;]<\/p>\n","protected":false},"author":3,"featured_media":15944,"comment_status":"closed","ping_status":"open","sticky":false,"template":"","format":"standard","meta":{"_acf_changed":false,"_exactmetrics_skip_tracking":false,"_exactmetrics_sitenote_active":false,"_exactmetrics_sitenote_note":"","_exactmetrics_sitenote_category":0,"footnotes":""},"categories":[24],"tags":[],"class_list":["post-15943","post","type-post","status-publish","format-standard","has-post-thumbnail","hentry","category-regiao"],"acf":[],"yoast_head":"<!-- This site is optimized with the Yoast SEO plugin v27.2 - https:\/\/yoast.com\/product\/yoast-seo-wordpress\/ -->\n<title>Em Osvaldo Cruz policias militares apreendem adolescente por ato infracional\/ tr\u00e1fico de drogas - R\u00e1dio Life FM<\/title>\n<meta name=\"robots\" content=\"index, follow, max-snippet:-1, max-image-preview:large, max-video-preview:-1\" \/>\n<link rel=\"canonical\" href=\"https:\/\/radiolifefm.com.br\/noticias\/em-osvaldo-cruz-policias-militares-apreendem-adolescente-por-ato-infracional-trafico-de-drogas\/\" \/>\n<meta property=\"og:locale\" content=\"pt_BR\" \/>\n<meta property=\"og:type\" content=\"article\" \/>\n<meta property=\"og:title\" content=\"Em Osvaldo Cruz policias militares apreendem adolescente por ato infracional\/ tr\u00e1fico de drogas - R\u00e1dio Life FM\" \/>\n<meta property=\"og:description\" content=\"Por volta das 18h21min desta segunda-feira, 02 de setembro, durante patrulhamento pela Vila Esperan\u00e7a, pela Rua do Futuro, uma Unidade de Servi\u00e7o da Pol\u00edcia Militar se deparou com o adolescente J.L.R.M., conhecido pelo envolvimento com diversos il\u00edcitos, furtos, tr\u00e1fico de entorpecentes e consumo, em contato com um moto-taxista. Percebendo a aproxima\u00e7\u00e3o da viatura, o adolescente [&hellip;]\" \/>\n<meta property=\"og:url\" content=\"https:\/\/radiolifefm.com.br\/noticias\/em-osvaldo-cruz-policias-militares-apreendem-adolescente-por-ato-infracional-trafico-de-drogas\/\" \/>\n<meta property=\"og:site_name\" content=\"R\u00e1dio Life FM\" \/>\n<meta property=\"article:publisher\" content=\"https:\/\/www.facebook.com\/radiolifefm\/\" \/>\n<meta property=\"article:published_time\" content=\"2019-09-03T12:45:15+00:00\" \/>\n<meta property=\"article:modified_time\" content=\"2026-04-28T13:51:35+00:00\" \/>\n<meta property=\"og:image\" content=\"https:\/\/radiolifefm.com.br\/noticias\/wp-content\/uploads\/2019\/09\/Tr\u00e1fico-OC-03-09.jpg\" \/>\n\t<meta property=\"og:image:width\" content=\"768\" \/>\n\t<meta property=\"og:image:height\" content=\"1024\" \/>\n\t<meta property=\"og:image:type\" content=\"image\/jpeg\" \/>\n<meta name=\"author\" content=\"lifefm\" \/>\n<meta name=\"twitter:card\" content=\"summary_large_image\" \/>\n<meta name=\"twitter:label1\" content=\"Escrito por\" \/>\n\t<meta name=\"twitter:data1\" content=\"lifefm\" \/>\n\t<meta name=\"twitter:label2\" content=\"Est. tempo de leitura\" \/>\n\t<meta name=\"twitter:data2\" content=\"1 minuto\" \/>\n<script type=\"application\/ld+json\" class=\"yoast-schema-graph\">{\"@context\":\"https:\/\/schema.org\",\"@graph\":[{\"@type\":\"Article\",\"@id\":\"https:\/\/radiolifefm.com.br\/noticias\/em-osvaldo-cruz-policias-militares-apreendem-adolescente-por-ato-infracional-trafico-de-drogas\/#article\",\"isPartOf\":{\"@id\":\"https:\/\/radiolifefm.com.br\/noticias\/em-osvaldo-cruz-policias-militares-apreendem-adolescente-por-ato-infracional-trafico-de-drogas\/\"},\"author\":{\"name\":\"lifefm\",\"@id\":\"https:\/\/radiolifefm.com.br\/noticias\/#\/schema\/person\/1d4e4b1301322090c6221bf1c8420490\"},\"headline\":\"Em Osvaldo Cruz policias militares apreendem adolescente por ato infracional\/ tr\u00e1fico de drogas\",\"datePublished\":\"2019-09-03T12:45:15+00:00\",\"dateModified\":\"2026-04-28T13:51:35+00:00\",\"mainEntityOfPage\":{\"@id\":\"https:\/\/radiolifefm.com.br\/noticias\/em-osvaldo-cruz-policias-militares-apreendem-adolescente-por-ato-infracional-trafico-de-drogas\/\"},\"wordCount\":152,\"publisher\":{\"@id\":\"https:\/\/radiolifefm.com.br\/noticias\/#organization\"},\"image\":{\"@id\":\"https:\/\/radiolifefm.com.br\/noticias\/em-osvaldo-cruz-policias-militares-apreendem-adolescente-por-ato-infracional-trafico-de-drogas\/#primaryimage\"},\"thumbnailUrl\":\"https:\/\/radiolifefm.com.br\/noticias\/wp-content\/uploads\/2019\/09\/Tr\u00e1fico-OC-03-09.jpg\",\"articleSection\":[\"Regi\u00e3o\"],\"inLanguage\":\"pt-BR\"},{\"@type\":\"WebPage\",\"@id\":\"https:\/\/radiolifefm.com.br\/noticias\/em-osvaldo-cruz-policias-militares-apreendem-adolescente-por-ato-infracional-trafico-de-drogas\/\",\"url\":\"https:\/\/radiolifefm.com.br\/noticias\/em-osvaldo-cruz-policias-militares-apreendem-adolescente-por-ato-infracional-trafico-de-drogas\/\",\"name\":\"Em Osvaldo Cruz policias militares apreendem adolescente por ato infracional\/ tr\u00e1fico de drogas - R\u00e1dio Life FM\",\"isPartOf\":{\"@id\":\"https:\/\/radiolifefm.com.br\/noticias\/#website\"},\"primaryImageOfPage\":{\"@id\":\"https:\/\/radiolifefm.com.br\/noticias\/em-osvaldo-cruz-policias-militares-apreendem-adolescente-por-ato-infracional-trafico-de-drogas\/#primaryimage\"},\"image\":{\"@id\":\"https:\/\/radiolifefm.com.br\/noticias\/em-osvaldo-cruz-policias-militares-apreendem-adolescente-por-ato-infracional-trafico-de-drogas\/#primaryimage\"},\"thumbnailUrl\":\"https:\/\/radiolifefm.com.br\/noticias\/wp-content\/uploads\/2019\/09\/Tr\u00e1fico-OC-03-09.jpg\",\"datePublished\":\"2019-09-03T12:45:15+00:00\",\"dateModified\":\"2026-04-28T13:51:35+00:00\",\"breadcrumb\":{\"@id\":\"https:\/\/radiolifefm.com.br\/noticias\/em-osvaldo-cruz-policias-militares-apreendem-adolescente-por-ato-infracional-trafico-de-drogas\/#breadcrumb\"},\"inLanguage\":\"pt-BR\",\"potentialAction\":[{\"@type\":\"ReadAction\",\"target\":[\"https:\/\/radiolifefm.com.br\/noticias\/em-osvaldo-cruz-policias-militares-apreendem-adolescente-por-ato-infracional-trafico-de-drogas\/\"]}]},{\"@type\":\"ImageObject\",\"inLanguage\":\"pt-BR\",\"@id\":\"https:\/\/radiolifefm.com.br\/noticias\/em-osvaldo-cruz-policias-militares-apreendem-adolescente-por-ato-infracional-trafico-de-drogas\/#primaryimage\",\"url\":\"https:\/\/radiolifefm.com.br\/noticias\/wp-content\/uploads\/2019\/09\/Tr\u00e1fico-OC-03-09.jpg\",\"contentUrl\":\"https:\/\/radiolifefm.com.br\/noticias\/wp-content\/uploads\/2019\/09\/Tr\u00e1fico-OC-03-09.jpg\",\"width\":768,\"height\":1024},{\"@type\":\"BreadcrumbList\",\"@id\":\"https:\/\/radiolifefm.com.br\/noticias\/em-osvaldo-cruz-policias-militares-apreendem-adolescente-por-ato-infracional-trafico-de-drogas\/#breadcrumb\",\"itemListElement\":[{\"@type\":\"ListItem\",\"position\":1,\"name\":\"In\u00edcio\",\"item\":\"https:\/\/radiolifefm.com.br\/noticias\/\"},{\"@type\":\"ListItem\",\"position\":2,\"name\":\"Em Osvaldo Cruz policias militares apreendem adolescente por ato infracional\/ tr\u00e1fico de drogas\"}]},{\"@type\":\"WebSite\",\"@id\":\"https:\/\/radiolifefm.com.br\/noticias\/#website\",\"url\":\"https:\/\/radiolifefm.com.br\/noticias\/\",\"name\":\"R\u00e1dio Life FM\",\"description\":\"O Portal de Not\u00edcias de Adamantina\",\"publisher\":{\"@id\":\"https:\/\/radiolifefm.com.br\/noticias\/#organization\"},\"alternateName\":\"Life FM\",\"potentialAction\":[{\"@type\":\"SearchAction\",\"target\":{\"@type\":\"EntryPoint\",\"urlTemplate\":\"https:\/\/radiolifefm.com.br\/noticias\/?s={search_term_string}\"},\"query-input\":{\"@type\":\"PropertyValueSpecification\",\"valueRequired\":true,\"valueName\":\"search_term_string\"}}],\"inLanguage\":\"pt-BR\"},{\"@type\":\"Organization\",\"@id\":\"https:\/\/radiolifefm.com.br\/noticias\/#organization\",\"name\":\"R\u00e1dio Life FM\",\"alternateName\":\"Life FM\",\"url\":\"https:\/\/radiolifefm.com.br\/noticias\/\",\"logo\":{\"@type\":\"ImageObject\",\"inLanguage\":\"pt-BR\",\"@id\":\"https:\/\/radiolifefm.com.br\/noticias\/#\/schema\/logo\/image\/\",\"url\":\"https:\/\/static.radiolifefm.com.br\/noticias\/wp-content\/uploads\/2019\/10\/logo-lifefm.png\",\"contentUrl\":\"https:\/\/static.radiolifefm.com.br\/noticias\/wp-content\/uploads\/2019\/10\/logo-lifefm.png\",\"width\":196,\"height\":47,\"caption\":\"R\u00e1dio Life FM\"},\"image\":{\"@id\":\"https:\/\/radiolifefm.com.br\/noticias\/#\/schema\/logo\/image\/\"},\"sameAs\":[\"https:\/\/www.facebook.com\/radiolifefm\/\",\"https:\/\/www.instagram.com\/life1079fm\/\"]},{\"@type\":\"Person\",\"@id\":\"https:\/\/radiolifefm.com.br\/noticias\/#\/schema\/person\/1d4e4b1301322090c6221bf1c8420490\",\"name\":\"lifefm\",\"image\":{\"@type\":\"ImageObject\",\"inLanguage\":\"pt-BR\",\"@id\":\"https:\/\/secure.gravatar.com\/avatar\/eca268467d925ec97d20641bb054fd944c0abb2f92854171620706bbe6474e7c?s=96&d=mm&r=g\",\"url\":\"https:\/\/secure.gravatar.com\/avatar\/eca268467d925ec97d20641bb054fd944c0abb2f92854171620706bbe6474e7c?s=96&d=mm&r=g\",\"contentUrl\":\"https:\/\/secure.gravatar.com\/avatar\/eca268467d925ec97d20641bb054fd944c0abb2f92854171620706bbe6474e7c?s=96&d=mm&r=g\",\"caption\":\"lifefm\"}}]}<\/script>\n<!-- \/ Yoast SEO plugin. -->","yoast_head_json":{"title":"Em Osvaldo Cruz policias militares apreendem adolescente por ato infracional\/ tr\u00e1fico de drogas - R\u00e1dio Life FM","robots":{"index":"index","follow":"follow","max-snippet":"max-snippet:-1","max-image-preview":"max-image-preview:large","max-video-preview":"max-video-preview:-1"},"canonical":"https:\/\/radiolifefm.com.br\/noticias\/em-osvaldo-cruz-policias-militares-apreendem-adolescente-por-ato-infracional-trafico-de-drogas\/","og_locale":"pt_BR","og_type":"article","og_title":"Em Osvaldo Cruz policias militares apreendem adolescente por ato infracional\/ tr\u00e1fico de drogas - R\u00e1dio Life FM","og_description":"Por volta das 18h21min desta segunda-feira, 02 de setembro, durante patrulhamento pela Vila Esperan\u00e7a, pela Rua do Futuro, uma Unidade de Servi\u00e7o da Pol\u00edcia Militar se deparou com o adolescente J.L.R.M., conhecido pelo envolvimento com diversos il\u00edcitos, furtos, tr\u00e1fico de entorpecentes e consumo, em contato com um moto-taxista. Percebendo a aproxima\u00e7\u00e3o da viatura, o adolescente [&hellip;]","og_url":"https:\/\/radiolifefm.com.br\/noticias\/em-osvaldo-cruz-policias-militares-apreendem-adolescente-por-ato-infracional-trafico-de-drogas\/","og_site_name":"R\u00e1dio Life FM","article_publisher":"https:\/\/www.facebook.com\/radiolifefm\/","article_published_time":"2019-09-03T12:45:15+00:00","article_modified_time":"2026-04-28T13:51:35+00:00","og_image":[{"width":768,"height":1024,"url":"https:\/\/radiolifefm.com.br\/noticias\/wp-content\/uploads\/2019\/09\/Tr\u00e1fico-OC-03-09.jpg","type":"image\/jpeg"}],"author":"lifefm","twitter_card":"summary_large_image","twitter_misc":{"Escrito por":"lifefm","Est. tempo de leitura":"1 minuto"},"schema":{"@context":"https:\/\/schema.org","@graph":[{"@type":"Article","@id":"https:\/\/radiolifefm.com.br\/noticias\/em-osvaldo-cruz-policias-militares-apreendem-adolescente-por-ato-infracional-trafico-de-drogas\/#article","isPartOf":{"@id":"https:\/\/radiolifefm.com.br\/noticias\/em-osvaldo-cruz-policias-militares-apreendem-adolescente-por-ato-infracional-trafico-de-drogas\/"},"author":{"name":"lifefm","@id":"https:\/\/radiolifefm.com.br\/noticias\/#\/schema\/person\/1d4e4b1301322090c6221bf1c8420490"},"headline":"Em Osvaldo Cruz policias militares apreendem adolescente por ato infracional\/ tr\u00e1fico de drogas","datePublished":"2019-09-03T12:45:15+00:00","dateModified":"2026-04-28T13:51:35+00:00","mainEntityOfPage":{"@id":"https:\/\/radiolifefm.com.br\/noticias\/em-osvaldo-cruz-policias-militares-apreendem-adolescente-por-ato-infracional-trafico-de-drogas\/"},"wordCount":152,"publisher":{"@id":"https:\/\/radiolifefm.com.br\/noticias\/#organization"},"image":{"@id":"https:\/\/radiolifefm.com.br\/noticias\/em-osvaldo-cruz-policias-militares-apreendem-adolescente-por-ato-infracional-trafico-de-drogas\/#primaryimage"},"thumbnailUrl":"https:\/\/radiolifefm.com.br\/noticias\/wp-content\/uploads\/2019\/09\/Tr\u00e1fico-OC-03-09.jpg","articleSection":["Regi\u00e3o"],"inLanguage":"pt-BR"},{"@type":"WebPage","@id":"https:\/\/radiolifefm.com.br\/noticias\/em-osvaldo-cruz-policias-militares-apreendem-adolescente-por-ato-infracional-trafico-de-drogas\/","url":"https:\/\/radiolifefm.com.br\/noticias\/em-osvaldo-cruz-policias-militares-apreendem-adolescente-por-ato-infracional-trafico-de-drogas\/","name":"Em Osvaldo Cruz policias militares apreendem adolescente por ato infracional\/ tr\u00e1fico de drogas - R\u00e1dio Life FM","isPartOf":{"@id":"https:\/\/radiolifefm.com.br\/noticias\/#website"},"primaryImageOfPage":{"@id":"https:\/\/radiolifefm.com.br\/noticias\/em-osvaldo-cruz-policias-militares-apreendem-adolescente-por-ato-infracional-trafico-de-drogas\/#primaryimage"},"image":{"@id":"https:\/\/radiolifefm.com.br\/noticias\/em-osvaldo-cruz-policias-militares-apreendem-adolescente-por-ato-infracional-trafico-de-drogas\/#primaryimage"},"thumbnailUrl":"https:\/\/radiolifefm.com.br\/noticias\/wp-content\/uploads\/2019\/09\/Tr\u00e1fico-OC-03-09.jpg","datePublished":"2019-09-03T12:45:15+00:00","dateModified":"2026-04-28T13:51:35+00:00","breadcrumb":{"@id":"https:\/\/radiolifefm.com.br\/noticias\/em-osvaldo-cruz-policias-militares-apreendem-adolescente-por-ato-infracional-trafico-de-drogas\/#breadcrumb"},"inLanguage":"pt-BR","potentialAction":[{"@type":"ReadAction","target":["https:\/\/radiolifefm.com.br\/noticias\/em-osvaldo-cruz-policias-militares-apreendem-adolescente-por-ato-infracional-trafico-de-drogas\/"]}]},{"@type":"ImageObject","inLanguage":"pt-BR","@id":"https:\/\/radiolifefm.com.br\/noticias\/em-osvaldo-cruz-policias-militares-apreendem-adolescente-por-ato-infracional-trafico-de-drogas\/#primaryimage","url":"https:\/\/radiolifefm.com.br\/noticias\/wp-content\/uploads\/2019\/09\/Tr\u00e1fico-OC-03-09.jpg","contentUrl":"https:\/\/radiolifefm.com.br\/noticias\/wp-content\/uploads\/2019\/09\/Tr\u00e1fico-OC-03-09.jpg","width":768,"height":1024},{"@type":"BreadcrumbList","@id":"https:\/\/radiolifefm.com.br\/noticias\/em-osvaldo-cruz-policias-militares-apreendem-adolescente-por-ato-infracional-trafico-de-drogas\/#breadcrumb","itemListElement":[{"@type":"ListItem","position":1,"name":"In\u00edcio","item":"https:\/\/radiolifefm.com.br\/noticias\/"},{"@type":"ListItem","position":2,"name":"Em Osvaldo Cruz policias militares apreendem adolescente por ato infracional\/ tr\u00e1fico de drogas"}]},{"@type":"WebSite","@id":"https:\/\/radiolifefm.com.br\/noticias\/#website","url":"https:\/\/radiolifefm.com.br\/noticias\/","name":"R\u00e1dio Life FM","description":"O Portal de Not\u00edcias de Adamantina","publisher":{"@id":"https:\/\/radiolifefm.com.br\/noticias\/#organization"},"alternateName":"Life FM","potentialAction":[{"@type":"SearchAction","target":{"@type":"EntryPoint","urlTemplate":"https:\/\/radiolifefm.com.br\/noticias\/?s={search_term_string}"},"query-input":{"@type":"PropertyValueSpecification","valueRequired":true,"valueName":"search_term_string"}}],"inLanguage":"pt-BR"},{"@type":"Organization","@id":"https:\/\/radiolifefm.com.br\/noticias\/#organization","name":"R\u00e1dio Life FM","alternateName":"Life FM","url":"https:\/\/radiolifefm.com.br\/noticias\/","logo":{"@type":"ImageObject","inLanguage":"pt-BR","@id":"https:\/\/radiolifefm.com.br\/noticias\/#\/schema\/logo\/image\/","url":"https:\/\/static.radiolifefm.com.br\/noticias\/wp-content\/uploads\/2019\/10\/logo-lifefm.png","contentUrl":"https:\/\/static.radiolifefm.com.br\/noticias\/wp-content\/uploads\/2019\/10\/logo-lifefm.png","width":196,"height":47,"caption":"R\u00e1dio Life FM"},"image":{"@id":"https:\/\/radiolifefm.com.br\/noticias\/#\/schema\/logo\/image\/"},"sameAs":["https:\/\/www.facebook.com\/radiolifefm\/","https:\/\/www.instagram.com\/life1079fm\/"]},{"@type":"Person","@id":"https:\/\/radiolifefm.com.br\/noticias\/#\/schema\/person\/1d4e4b1301322090c6221bf1c8420490","name":"lifefm","image":{"@type":"ImageObject","inLanguage":"pt-BR","@id":"https:\/\/secure.gravatar.com\/avatar\/eca268467d925ec97d20641bb054fd944c0abb2f92854171620706bbe6474e7c?s=96&d=mm&r=g","url":"https:\/\/secure.gravatar.com\/avatar\/eca268467d925ec97d20641bb054fd944c0abb2f92854171620706bbe6474e7c?s=96&d=mm&r=g","contentUrl":"https:\/\/secure.gravatar.com\/avatar\/eca268467d925ec97d20641bb054fd944c0abb2f92854171620706bbe6474e7c?s=96&d=mm&r=g","caption":"lifefm"}}]}},"amp_enabled":true,"_links":{"self":[{"href":"https:\/\/radiolifefm.com.br\/noticias\/wp-json\/wp\/v2\/posts\/15943","targetHints":{"allow":["GET"]}}],"collection":[{"href":"https:\/\/radiolifefm.com.br\/noticias\/wp-json\/wp\/v2\/posts"}],"about":[{"href":"https:\/\/radiolifefm.com.br\/noticias\/wp-json\/wp\/v2\/types\/post"}],"author":[{"embeddable":true,"href":"https:\/\/radiolifefm.com.br\/noticias\/wp-json\/wp\/v2\/users\/3"}],"replies":[{"embeddable":true,"href":"https:\/\/radiolifefm.com.br\/noticias\/wp-json\/wp\/v2\/comments?post=15943"}],"version-history":[{"count":1,"href":"https:\/\/radiolifefm.com.br\/noticias\/wp-json\/wp\/v2\/posts\/15943\/revisions"}],"predecessor-version":[{"id":15946,"href":"https:\/\/radiolifefm.com.br\/noticias\/wp-json\/wp\/v2\/posts\/15943\/revisions\/15946"}],"wp:featuredmedia":[{"embeddable":true,"href":"https:\/\/radiolifefm.com.br\/noticias\/wp-json\/wp\/v2\/media\/15944"}],"wp:attachment":[{"href":"https:\/\/radiolifefm.com.br\/noticias\/wp-json\/wp\/v2\/media?parent=15943"}],"wp:term":[{"taxonomy":"category","embeddable":true,"href":"https:\/\/radiolifefm.com.br\/noticias\/wp-json\/wp\/v2\/categories?post=15943"},{"taxonomy":"post_tag","embeddable":true,"href":"https:\/\/radiolifefm.com.br\/noticias\/wp-json\/wp\/v2\/tags?post=15943"}],"curies":[{"name":"wp","href":"https:\/\/api.w.org\/{rel}","templated":true}]}}