{"id":15930,"date":"2019-09-02T07:52:07","date_gmt":"2019-09-02T10:52:07","guid":{"rendered":"https:\/\/radiolifefm.com.br\/noticias\/?p=15930"},"modified":"2026-04-11T01:20:59","modified_gmt":"2026-04-11T04:20:59","slug":"morreu-neste-domingo-dia-01-a-quinta-vitima-do-acidente-em-martinopolis","status":"publish","type":"post","link":"https:\/\/radiolifefm.com.br\/noticias\/morreu-neste-domingo-dia-01-a-quinta-vitima-do-acidente-em-martinopolis\/","title":{"rendered":"Morreu neste domingo dia (01) a quinta v\u00edtima do acidente em Martin\u00f3polis"},"content":{"rendered":"<div id=\"fb-root\"><\/div>\n<p><em>Fogo e fuma\u00e7a em vegeta\u00e7\u00e3o causa grave acidente com cinco mortos e dois feridos na Rodovia Homero Severo Lins com v\u00edtimas fatais em Martin\u00f3polis<\/em><\/p>\n<p>Cinco pessoas morreram e duas ficaram feridas na tarde deste s\u00e1bado (31) em um acidente na Rodovia Homero Severo Lins (SP-284), em Martin\u00f3polis, envolvendo um caminh\u00e3o e um utilit\u00e1rio van. O acidente foi por volta das 16h30 e teria sido causado pela falta de visibilidade na pista, em raz\u00e3o de fuma\u00e7a gerada pela queima de vegeta\u00e7\u00e3o pr\u00f3xima.<\/p>\n<p>Segundo a primeiras informa\u00e7\u00f5es, o caminh\u00e3o e a van pegaram fogo ap\u00f3s a batida. Com o choque, houve o inc\u00eandio e quatro pessoas morreram carbonizadas no local. Uma pessoa teria sido socorrida pela equipe de resgate do Corpo de Bombeiros, com queimaduras graves, e encaminhada para atendimento no Hospital Regional (HR) de Presidente Prudente.<\/p>\n<p>De acordo com o Corpo de Bombeiros, outras v\u00edtimas foram socorridas por motoristas que passavam pelo local do acidente, no momento da trag\u00e9dia e encaminhadas para atendimentos em unidades de sa\u00fade da regi\u00e3o.<\/p>\n<p>A van da Secret\u00e1ria de sa\u00fade de Rancharia transportava seis pacientes de Rancharia, que voltavam de sess\u00f5es de hemodi\u00e1lise realizadas em Presidente Prudente. O caminh\u00e3o levava uma carga de vidros.<\/p>\n<p>Equipes da Pol\u00edcia Militar Rodovi\u00e1ria, do R\u00e1dio patrulhamento, do Corpo de Bombeiros, da Pol\u00edcia Civil e outras de apoio, como carros pipa, trabalham no trecho do acidente.<\/p>\n<p>As causas e eventuais responsabilidades do acidente ser\u00e3o investigadas. Na Van estavam seis pacientes e mais o motorista, o motorista teve 45% do corpo queimado, mas n\u00e3o corre risco, o motorista do caminh\u00e3o teve ferimentos leves.<\/p>\n<p>Segundo informa\u00e7\u00f5es, v\u00e1rios bovinos tamb\u00e9m morreram carbonizados<\/p>\n<p>At\u00e9 as 07 horas da manh\u00e3 deste domingo dia 01, os cinco corpos ainda esatvam no Instituto M\u00e9dico Lega l(IML), de Presidente Prudente e foi divulgado agora a pouco as iniciais dos nomes das v\u00edtimas feridas e fatais para a imprensa.<\/p>\n<p>Os corpos dever\u00e3o ser liberados para vel\u00f3rio e sepultamento somente ap\u00f3s exame conclusivo de DNA.<\/p>\n<p>A colis\u00e3o frontal aconteceu por volta das 16h30 desde s\u00e1bado, quando um ve\u00edculo modelo Van Fiat Ducato, de transporte de pacientes de hemodi\u00e1lise, pertencente \u00e0 Prefeitura Municipal de Rancharia, conduzdo por S.L.P.F., 57 anos, retornava de Presidente Prudente.<\/p>\n<p>A Pol\u00edcia Rodovi\u00e1ria apurou no local, que a Van colidiu frontalmente com um caminh\u00e3o SCANIA, com placas de Campo Grande, que tracionava um semirreboque de cor preta, carregado de l\u00e2minas de vidro, dirigido por I.N.L., 42 anos, morador na capital do Mato Grosso do Sul.<\/p>\n<p>A Van teria ido de encontro ao caminh\u00e3o, e colidido de frente, quando o motorista desviou de outro ve\u00edculo (n\u00e3o identificado) que transitava na contram\u00e3o, em fun\u00e7\u00e3o de muita fuma\u00e7a sobre a pista, provocada por queimadas em vegeta\u00e7\u00e3o a margem da via.<\/p>\n<p>Com a pancada, segundo consta, a Fiat Ducato foi jogada sobre o fogo e tamb\u00e9m se incendiou, o caminh\u00e3o permaneceu parado sobre a pista da rodovia.<\/p>\n<p>Em respeito as regras de Pol\u00edcia Cient\u00edfica, de s\u00f3 confirmar a morte ap\u00f3s o exame de DNA, n\u00e3o divulgaremos os nomes completos, embora haja confirma\u00e7\u00e3o detalhada da Prefeitura sobre quem seriam os passageiros\/pacientes transportados no ve\u00edculo acidentado.<\/p>\n<p>Na manh\u00e3 deste domingo, o secret\u00e1rio de Administra\u00e7\u00e3o da Prefeitura de Rancharia, Milit\u00e3o Jos\u00e9 Rodrigues Nogueira Filho confirmou a informa\u00e7\u00e3o de que, pelo estado severo de carboniza\u00e7\u00e3o n\u00e3o foi poss\u00edvel o chamado \u201creconhecimento visual\u201d dos corpos das quatro v\u00edtimas, e por isso, n\u00e3o haver\u00e1, ao menos por hora, libera\u00e7\u00e3o dos mesmos para vel\u00f3rio e sepultamento at\u00e9 a formaliza\u00e7\u00e3o por exame de DNA.<\/p>\n<p>Segundo Milit\u00e3o, n\u00e3o h\u00e1 previs\u00e3o para a conclus\u00e3o do servi\u00e7o, que \u00e9 feito atrav\u00e9s da confronta\u00e7\u00e3o laboratorial de restos mortais dos cad\u00e1veres com amostras de saliva ou sangue de familiares pr\u00f3ximos.<\/p>\n<p>S\u00f3 a partir desse resultado, como manda a Lei, \u00e9 permitida a constata\u00e7\u00e3o e emiss\u00e3o do atestado de \u00f3bito.<\/p>\n<p>V\u00edtimas Fatais, todos moradores de Rancharia, quatro do sexo masculino e um do sexo feminino.<\/p>\n<p>Inicias dos nomes: J.D.S, de 59 anos, J.C.S, de 37 anos, M.O, de 68 anos e M.I.B de 62 anos.<\/p>\n<p>I.S.P, 25 anos, moradora de Rancharia, n\u00e3o resistiu aos ferimentos vindo a falecer no in\u00edcio da noite deste domingo dia (01).<\/p>\n<p>V\u00edtimas sobreviventes iniciais dos Nomes, S.L.P.F, sexo masculino de 57 anos morador de Rancharia, motorista da Van, v\u00edtima grave, socorrido para o Hospital Regional de Presidente Prudente.<\/p>\n<p>M.S.S., Sexo Feminino de 17 anos, v\u00edtima grave moradora de Rancharia, socorrida para o Hospital Maternidade de Rancharia.<\/p>\n<p>&nbsp;<\/p>\n<p>Total Geral de V\u00edtimas:[<\/p>\n<p>05 (cinco) Fatais;<\/p>\n<p>02 (tr\u00eas) Graves.<\/p>\n","protected":false},"excerpt":{"rendered":"<p>Fogo e fuma\u00e7a em vegeta\u00e7\u00e3o causa grave acidente com cinco mortos e dois feridos na Rodovia Homero Severo Lins com v\u00edtimas fatais em Martin\u00f3polis Cinco pessoas morreram e duas ficaram feridas na tarde deste s\u00e1bado (31) em um acidente na Rodovia Homero Severo Lins (SP-284), em Martin\u00f3polis, envolvendo um caminh\u00e3o e um utilit\u00e1rio van. O [&hellip;]<\/p>\n","protected":false},"author":3,"featured_media":15931,"comment_status":"closed","ping_status":"open","sticky":false,"template":"","format":"standard","meta":{"_acf_changed":false,"_exactmetrics_skip_tracking":false,"_exactmetrics_sitenote_active":false,"_exactmetrics_sitenote_note":"","_exactmetrics_sitenote_category":0,"footnotes":""},"categories":[24],"tags":[],"class_list":["post-15930","post","type-post","status-publish","format-standard","has-post-thumbnail","hentry","category-regiao"],"acf":[],"yoast_head":"<!-- This site is optimized with the Yoast SEO plugin v27.2 - https:\/\/yoast.com\/product\/yoast-seo-wordpress\/ -->\n<title>Morreu neste domingo dia (01) a quinta v\u00edtima do acidente em Martin\u00f3polis - R\u00e1dio Life FM<\/title>\n<meta name=\"robots\" content=\"index, follow, max-snippet:-1, max-image-preview:large, max-video-preview:-1\" \/>\n<link rel=\"canonical\" href=\"https:\/\/radiolifefm.com.br\/noticias\/morreu-neste-domingo-dia-01-a-quinta-vitima-do-acidente-em-martinopolis\/\" \/>\n<meta property=\"og:locale\" content=\"pt_BR\" \/>\n<meta property=\"og:type\" content=\"article\" \/>\n<meta property=\"og:title\" content=\"Morreu neste domingo dia (01) a quinta v\u00edtima do acidente em Martin\u00f3polis - R\u00e1dio Life FM\" \/>\n<meta property=\"og:description\" content=\"Fogo e fuma\u00e7a em vegeta\u00e7\u00e3o causa grave acidente com cinco mortos e dois feridos na Rodovia Homero Severo Lins com v\u00edtimas fatais em Martin\u00f3polis Cinco pessoas morreram e duas ficaram feridas na tarde deste s\u00e1bado (31) em um acidente na Rodovia Homero Severo Lins (SP-284), em Martin\u00f3polis, envolvendo um caminh\u00e3o e um utilit\u00e1rio van. O [&hellip;]\" \/>\n<meta property=\"og:url\" content=\"https:\/\/radiolifefm.com.br\/noticias\/morreu-neste-domingo-dia-01-a-quinta-vitima-do-acidente-em-martinopolis\/\" \/>\n<meta property=\"og:site_name\" content=\"R\u00e1dio Life FM\" \/>\n<meta property=\"article:publisher\" content=\"https:\/\/www.facebook.com\/radiolifefm\/\" \/>\n<meta property=\"article:published_time\" content=\"2019-09-02T10:52:07+00:00\" \/>\n<meta property=\"article:modified_time\" content=\"2026-04-11T04:20:59+00:00\" \/>\n<meta property=\"og:image\" content=\"https:\/\/radiolifefm.com.br\/noticias\/wp-content\/uploads\/2019\/09\/Acidente-Rancharia.jpg\" \/>\n\t<meta property=\"og:image:width\" content=\"1040\" \/>\n\t<meta property=\"og:image:height\" content=\"780\" \/>\n\t<meta property=\"og:image:type\" content=\"image\/jpeg\" \/>\n<meta name=\"author\" content=\"lifefm\" \/>\n<meta name=\"twitter:card\" content=\"summary_large_image\" \/>\n<meta name=\"twitter:label1\" content=\"Escrito por\" \/>\n\t<meta name=\"twitter:data1\" content=\"lifefm\" \/>\n\t<meta name=\"twitter:label2\" content=\"Est. tempo de leitura\" \/>\n\t<meta name=\"twitter:data2\" content=\"4 minutos\" \/>\n<script type=\"application\/ld+json\" class=\"yoast-schema-graph\">{\"@context\":\"https:\/\/schema.org\",\"@graph\":[{\"@type\":\"Article\",\"@id\":\"https:\/\/radiolifefm.com.br\/noticias\/morreu-neste-domingo-dia-01-a-quinta-vitima-do-acidente-em-martinopolis\/#article\",\"isPartOf\":{\"@id\":\"https:\/\/radiolifefm.com.br\/noticias\/morreu-neste-domingo-dia-01-a-quinta-vitima-do-acidente-em-martinopolis\/\"},\"author\":{\"name\":\"lifefm\",\"@id\":\"https:\/\/radiolifefm.com.br\/noticias\/#\/schema\/person\/1d4e4b1301322090c6221bf1c8420490\"},\"headline\":\"Morreu neste domingo dia (01) a quinta v\u00edtima do acidente em Martin\u00f3polis\",\"datePublished\":\"2019-09-02T10:52:07+00:00\",\"dateModified\":\"2026-04-11T04:20:59+00:00\",\"mainEntityOfPage\":{\"@id\":\"https:\/\/radiolifefm.com.br\/noticias\/morreu-neste-domingo-dia-01-a-quinta-vitima-do-acidente-em-martinopolis\/\"},\"wordCount\":845,\"publisher\":{\"@id\":\"https:\/\/radiolifefm.com.br\/noticias\/#organization\"},\"image\":{\"@id\":\"https:\/\/radiolifefm.com.br\/noticias\/morreu-neste-domingo-dia-01-a-quinta-vitima-do-acidente-em-martinopolis\/#primaryimage\"},\"thumbnailUrl\":\"https:\/\/radiolifefm.com.br\/noticias\/wp-content\/uploads\/2019\/09\/Acidente-Rancharia.jpg\",\"articleSection\":[\"Regi\u00e3o\"],\"inLanguage\":\"pt-BR\"},{\"@type\":\"WebPage\",\"@id\":\"https:\/\/radiolifefm.com.br\/noticias\/morreu-neste-domingo-dia-01-a-quinta-vitima-do-acidente-em-martinopolis\/\",\"url\":\"https:\/\/radiolifefm.com.br\/noticias\/morreu-neste-domingo-dia-01-a-quinta-vitima-do-acidente-em-martinopolis\/\",\"name\":\"Morreu neste domingo dia (01) a quinta v\u00edtima do acidente em Martin\u00f3polis - R\u00e1dio Life FM\",\"isPartOf\":{\"@id\":\"https:\/\/radiolifefm.com.br\/noticias\/#website\"},\"primaryImageOfPage\":{\"@id\":\"https:\/\/radiolifefm.com.br\/noticias\/morreu-neste-domingo-dia-01-a-quinta-vitima-do-acidente-em-martinopolis\/#primaryimage\"},\"image\":{\"@id\":\"https:\/\/radiolifefm.com.br\/noticias\/morreu-neste-domingo-dia-01-a-quinta-vitima-do-acidente-em-martinopolis\/#primaryimage\"},\"thumbnailUrl\":\"https:\/\/radiolifefm.com.br\/noticias\/wp-content\/uploads\/2019\/09\/Acidente-Rancharia.jpg\",\"datePublished\":\"2019-09-02T10:52:07+00:00\",\"dateModified\":\"2026-04-11T04:20:59+00:00\",\"breadcrumb\":{\"@id\":\"https:\/\/radiolifefm.com.br\/noticias\/morreu-neste-domingo-dia-01-a-quinta-vitima-do-acidente-em-martinopolis\/#breadcrumb\"},\"inLanguage\":\"pt-BR\",\"potentialAction\":[{\"@type\":\"ReadAction\",\"target\":[\"https:\/\/radiolifefm.com.br\/noticias\/morreu-neste-domingo-dia-01-a-quinta-vitima-do-acidente-em-martinopolis\/\"]}]},{\"@type\":\"ImageObject\",\"inLanguage\":\"pt-BR\",\"@id\":\"https:\/\/radiolifefm.com.br\/noticias\/morreu-neste-domingo-dia-01-a-quinta-vitima-do-acidente-em-martinopolis\/#primaryimage\",\"url\":\"https:\/\/radiolifefm.com.br\/noticias\/wp-content\/uploads\/2019\/09\/Acidente-Rancharia.jpg\",\"contentUrl\":\"https:\/\/radiolifefm.com.br\/noticias\/wp-content\/uploads\/2019\/09\/Acidente-Rancharia.jpg\",\"width\":1040,\"height\":780},{\"@type\":\"BreadcrumbList\",\"@id\":\"https:\/\/radiolifefm.com.br\/noticias\/morreu-neste-domingo-dia-01-a-quinta-vitima-do-acidente-em-martinopolis\/#breadcrumb\",\"itemListElement\":[{\"@type\":\"ListItem\",\"position\":1,\"name\":\"In\u00edcio\",\"item\":\"https:\/\/radiolifefm.com.br\/noticias\/\"},{\"@type\":\"ListItem\",\"position\":2,\"name\":\"Morreu neste domingo dia (01) a quinta v\u00edtima do acidente em Martin\u00f3polis\"}]},{\"@type\":\"WebSite\",\"@id\":\"https:\/\/radiolifefm.com.br\/noticias\/#website\",\"url\":\"https:\/\/radiolifefm.com.br\/noticias\/\",\"name\":\"R\u00e1dio Life FM\",\"description\":\"O Portal de Not\u00edcias de Adamantina\",\"publisher\":{\"@id\":\"https:\/\/radiolifefm.com.br\/noticias\/#organization\"},\"alternateName\":\"Life FM\",\"potentialAction\":[{\"@type\":\"SearchAction\",\"target\":{\"@type\":\"EntryPoint\",\"urlTemplate\":\"https:\/\/radiolifefm.com.br\/noticias\/?s={search_term_string}\"},\"query-input\":{\"@type\":\"PropertyValueSpecification\",\"valueRequired\":true,\"valueName\":\"search_term_string\"}}],\"inLanguage\":\"pt-BR\"},{\"@type\":\"Organization\",\"@id\":\"https:\/\/radiolifefm.com.br\/noticias\/#organization\",\"name\":\"R\u00e1dio Life FM\",\"alternateName\":\"Life FM\",\"url\":\"https:\/\/radiolifefm.com.br\/noticias\/\",\"logo\":{\"@type\":\"ImageObject\",\"inLanguage\":\"pt-BR\",\"@id\":\"https:\/\/radiolifefm.com.br\/noticias\/#\/schema\/logo\/image\/\",\"url\":\"https:\/\/static.radiolifefm.com.br\/noticias\/wp-content\/uploads\/2019\/10\/logo-lifefm.png\",\"contentUrl\":\"https:\/\/static.radiolifefm.com.br\/noticias\/wp-content\/uploads\/2019\/10\/logo-lifefm.png\",\"width\":196,\"height\":47,\"caption\":\"R\u00e1dio Life FM\"},\"image\":{\"@id\":\"https:\/\/radiolifefm.com.br\/noticias\/#\/schema\/logo\/image\/\"},\"sameAs\":[\"https:\/\/www.facebook.com\/radiolifefm\/\",\"https:\/\/www.instagram.com\/life1079fm\/\"]},{\"@type\":\"Person\",\"@id\":\"https:\/\/radiolifefm.com.br\/noticias\/#\/schema\/person\/1d4e4b1301322090c6221bf1c8420490\",\"name\":\"lifefm\",\"image\":{\"@type\":\"ImageObject\",\"inLanguage\":\"pt-BR\",\"@id\":\"https:\/\/secure.gravatar.com\/avatar\/eca268467d925ec97d20641bb054fd944c0abb2f92854171620706bbe6474e7c?s=96&d=mm&r=g\",\"url\":\"https:\/\/secure.gravatar.com\/avatar\/eca268467d925ec97d20641bb054fd944c0abb2f92854171620706bbe6474e7c?s=96&d=mm&r=g\",\"contentUrl\":\"https:\/\/secure.gravatar.com\/avatar\/eca268467d925ec97d20641bb054fd944c0abb2f92854171620706bbe6474e7c?s=96&d=mm&r=g\",\"caption\":\"lifefm\"}}]}<\/script>\n<!-- \/ Yoast SEO plugin. -->","yoast_head_json":{"title":"Morreu neste domingo dia (01) a quinta v\u00edtima do acidente em Martin\u00f3polis - R\u00e1dio Life FM","robots":{"index":"index","follow":"follow","max-snippet":"max-snippet:-1","max-image-preview":"max-image-preview:large","max-video-preview":"max-video-preview:-1"},"canonical":"https:\/\/radiolifefm.com.br\/noticias\/morreu-neste-domingo-dia-01-a-quinta-vitima-do-acidente-em-martinopolis\/","og_locale":"pt_BR","og_type":"article","og_title":"Morreu neste domingo dia (01) a quinta v\u00edtima do acidente em Martin\u00f3polis - R\u00e1dio Life FM","og_description":"Fogo e fuma\u00e7a em vegeta\u00e7\u00e3o causa grave acidente com cinco mortos e dois feridos na Rodovia Homero Severo Lins com v\u00edtimas fatais em Martin\u00f3polis Cinco pessoas morreram e duas ficaram feridas na tarde deste s\u00e1bado (31) em um acidente na Rodovia Homero Severo Lins (SP-284), em Martin\u00f3polis, envolvendo um caminh\u00e3o e um utilit\u00e1rio van. O [&hellip;]","og_url":"https:\/\/radiolifefm.com.br\/noticias\/morreu-neste-domingo-dia-01-a-quinta-vitima-do-acidente-em-martinopolis\/","og_site_name":"R\u00e1dio Life FM","article_publisher":"https:\/\/www.facebook.com\/radiolifefm\/","article_published_time":"2019-09-02T10:52:07+00:00","article_modified_time":"2026-04-11T04:20:59+00:00","og_image":[{"width":1040,"height":780,"url":"https:\/\/radiolifefm.com.br\/noticias\/wp-content\/uploads\/2019\/09\/Acidente-Rancharia.jpg","type":"image\/jpeg"}],"author":"lifefm","twitter_card":"summary_large_image","twitter_misc":{"Escrito por":"lifefm","Est. tempo de leitura":"4 minutos"},"schema":{"@context":"https:\/\/schema.org","@graph":[{"@type":"Article","@id":"https:\/\/radiolifefm.com.br\/noticias\/morreu-neste-domingo-dia-01-a-quinta-vitima-do-acidente-em-martinopolis\/#article","isPartOf":{"@id":"https:\/\/radiolifefm.com.br\/noticias\/morreu-neste-domingo-dia-01-a-quinta-vitima-do-acidente-em-martinopolis\/"},"author":{"name":"lifefm","@id":"https:\/\/radiolifefm.com.br\/noticias\/#\/schema\/person\/1d4e4b1301322090c6221bf1c8420490"},"headline":"Morreu neste domingo dia (01) a quinta v\u00edtima do acidente em Martin\u00f3polis","datePublished":"2019-09-02T10:52:07+00:00","dateModified":"2026-04-11T04:20:59+00:00","mainEntityOfPage":{"@id":"https:\/\/radiolifefm.com.br\/noticias\/morreu-neste-domingo-dia-01-a-quinta-vitima-do-acidente-em-martinopolis\/"},"wordCount":845,"publisher":{"@id":"https:\/\/radiolifefm.com.br\/noticias\/#organization"},"image":{"@id":"https:\/\/radiolifefm.com.br\/noticias\/morreu-neste-domingo-dia-01-a-quinta-vitima-do-acidente-em-martinopolis\/#primaryimage"},"thumbnailUrl":"https:\/\/radiolifefm.com.br\/noticias\/wp-content\/uploads\/2019\/09\/Acidente-Rancharia.jpg","articleSection":["Regi\u00e3o"],"inLanguage":"pt-BR"},{"@type":"WebPage","@id":"https:\/\/radiolifefm.com.br\/noticias\/morreu-neste-domingo-dia-01-a-quinta-vitima-do-acidente-em-martinopolis\/","url":"https:\/\/radiolifefm.com.br\/noticias\/morreu-neste-domingo-dia-01-a-quinta-vitima-do-acidente-em-martinopolis\/","name":"Morreu neste domingo dia (01) a quinta v\u00edtima do acidente em Martin\u00f3polis - R\u00e1dio Life FM","isPartOf":{"@id":"https:\/\/radiolifefm.com.br\/noticias\/#website"},"primaryImageOfPage":{"@id":"https:\/\/radiolifefm.com.br\/noticias\/morreu-neste-domingo-dia-01-a-quinta-vitima-do-acidente-em-martinopolis\/#primaryimage"},"image":{"@id":"https:\/\/radiolifefm.com.br\/noticias\/morreu-neste-domingo-dia-01-a-quinta-vitima-do-acidente-em-martinopolis\/#primaryimage"},"thumbnailUrl":"https:\/\/radiolifefm.com.br\/noticias\/wp-content\/uploads\/2019\/09\/Acidente-Rancharia.jpg","datePublished":"2019-09-02T10:52:07+00:00","dateModified":"2026-04-11T04:20:59+00:00","breadcrumb":{"@id":"https:\/\/radiolifefm.com.br\/noticias\/morreu-neste-domingo-dia-01-a-quinta-vitima-do-acidente-em-martinopolis\/#breadcrumb"},"inLanguage":"pt-BR","potentialAction":[{"@type":"ReadAction","target":["https:\/\/radiolifefm.com.br\/noticias\/morreu-neste-domingo-dia-01-a-quinta-vitima-do-acidente-em-martinopolis\/"]}]},{"@type":"ImageObject","inLanguage":"pt-BR","@id":"https:\/\/radiolifefm.com.br\/noticias\/morreu-neste-domingo-dia-01-a-quinta-vitima-do-acidente-em-martinopolis\/#primaryimage","url":"https:\/\/radiolifefm.com.br\/noticias\/wp-content\/uploads\/2019\/09\/Acidente-Rancharia.jpg","contentUrl":"https:\/\/radiolifefm.com.br\/noticias\/wp-content\/uploads\/2019\/09\/Acidente-Rancharia.jpg","width":1040,"height":780},{"@type":"BreadcrumbList","@id":"https:\/\/radiolifefm.com.br\/noticias\/morreu-neste-domingo-dia-01-a-quinta-vitima-do-acidente-em-martinopolis\/#breadcrumb","itemListElement":[{"@type":"ListItem","position":1,"name":"In\u00edcio","item":"https:\/\/radiolifefm.com.br\/noticias\/"},{"@type":"ListItem","position":2,"name":"Morreu neste domingo dia (01) a quinta v\u00edtima do acidente em Martin\u00f3polis"}]},{"@type":"WebSite","@id":"https:\/\/radiolifefm.com.br\/noticias\/#website","url":"https:\/\/radiolifefm.com.br\/noticias\/","name":"R\u00e1dio Life FM","description":"O Portal de Not\u00edcias de Adamantina","publisher":{"@id":"https:\/\/radiolifefm.com.br\/noticias\/#organization"},"alternateName":"Life FM","potentialAction":[{"@type":"SearchAction","target":{"@type":"EntryPoint","urlTemplate":"https:\/\/radiolifefm.com.br\/noticias\/?s={search_term_string}"},"query-input":{"@type":"PropertyValueSpecification","valueRequired":true,"valueName":"search_term_string"}}],"inLanguage":"pt-BR"},{"@type":"Organization","@id":"https:\/\/radiolifefm.com.br\/noticias\/#organization","name":"R\u00e1dio Life FM","alternateName":"Life FM","url":"https:\/\/radiolifefm.com.br\/noticias\/","logo":{"@type":"ImageObject","inLanguage":"pt-BR","@id":"https:\/\/radiolifefm.com.br\/noticias\/#\/schema\/logo\/image\/","url":"https:\/\/static.radiolifefm.com.br\/noticias\/wp-content\/uploads\/2019\/10\/logo-lifefm.png","contentUrl":"https:\/\/static.radiolifefm.com.br\/noticias\/wp-content\/uploads\/2019\/10\/logo-lifefm.png","width":196,"height":47,"caption":"R\u00e1dio Life FM"},"image":{"@id":"https:\/\/radiolifefm.com.br\/noticias\/#\/schema\/logo\/image\/"},"sameAs":["https:\/\/www.facebook.com\/radiolifefm\/","https:\/\/www.instagram.com\/life1079fm\/"]},{"@type":"Person","@id":"https:\/\/radiolifefm.com.br\/noticias\/#\/schema\/person\/1d4e4b1301322090c6221bf1c8420490","name":"lifefm","image":{"@type":"ImageObject","inLanguage":"pt-BR","@id":"https:\/\/secure.gravatar.com\/avatar\/eca268467d925ec97d20641bb054fd944c0abb2f92854171620706bbe6474e7c?s=96&d=mm&r=g","url":"https:\/\/secure.gravatar.com\/avatar\/eca268467d925ec97d20641bb054fd944c0abb2f92854171620706bbe6474e7c?s=96&d=mm&r=g","contentUrl":"https:\/\/secure.gravatar.com\/avatar\/eca268467d925ec97d20641bb054fd944c0abb2f92854171620706bbe6474e7c?s=96&d=mm&r=g","caption":"lifefm"}}]}},"amp_enabled":true,"_links":{"self":[{"href":"https:\/\/radiolifefm.com.br\/noticias\/wp-json\/wp\/v2\/posts\/15930","targetHints":{"allow":["GET"]}}],"collection":[{"href":"https:\/\/radiolifefm.com.br\/noticias\/wp-json\/wp\/v2\/posts"}],"about":[{"href":"https:\/\/radiolifefm.com.br\/noticias\/wp-json\/wp\/v2\/types\/post"}],"author":[{"embeddable":true,"href":"https:\/\/radiolifefm.com.br\/noticias\/wp-json\/wp\/v2\/users\/3"}],"replies":[{"embeddable":true,"href":"https:\/\/radiolifefm.com.br\/noticias\/wp-json\/wp\/v2\/comments?post=15930"}],"version-history":[{"count":2,"href":"https:\/\/radiolifefm.com.br\/noticias\/wp-json\/wp\/v2\/posts\/15930\/revisions"}],"predecessor-version":[{"id":16004,"href":"https:\/\/radiolifefm.com.br\/noticias\/wp-json\/wp\/v2\/posts\/15930\/revisions\/16004"}],"wp:featuredmedia":[{"embeddable":true,"href":"https:\/\/radiolifefm.com.br\/noticias\/wp-json\/wp\/v2\/media\/15931"}],"wp:attachment":[{"href":"https:\/\/radiolifefm.com.br\/noticias\/wp-json\/wp\/v2\/media?parent=15930"}],"wp:term":[{"taxonomy":"category","embeddable":true,"href":"https:\/\/radiolifefm.com.br\/noticias\/wp-json\/wp\/v2\/categories?post=15930"},{"taxonomy":"post_tag","embeddable":true,"href":"https:\/\/radiolifefm.com.br\/noticias\/wp-json\/wp\/v2\/tags?post=15930"}],"curies":[{"name":"wp","href":"https:\/\/api.w.org\/{rel}","templated":true}]}}